{"id":426976,"date":"2026-09-02T06:45:18","date_gmt":"2026-09-02T10:45:18","guid":{"rendered":"https:\/\/www.eldiario.net\/portal\/?p=426976"},"modified":"2026-09-02T06:45:18","modified_gmt":"2026-09-02T10:45:18","slug":"jorge-quiroga-plantea-reformar-111-articulos-de-la-constitucion","status":"publish","type":"post","link":"https:\/\/www.eldiario.net\/portal\/2026\/09\/02\/jorge-quiroga-plantea-reformar-111-articulos-de-la-constitucion\/","title":{"rendered":"Jorge Quiroga plantea reformar  111 art\u00edculos de la Constituci\u00f3n"},"content":{"rendered":"<p>El expresidente y excandidato presidencial, Jorge Quiroga Ram\u00edrez, present\u00f3 una propuesta de reforma parcial de la Constituci\u00f3n Pol\u00edtica del Estado (CPE) que contempla modificaciones en 111 art\u00edculos y pidi\u00f3 a la Asamblea Legislativa Plurinacional (ALP) iniciar su tratamiento.<br \/>\nLa iniciativa plantea cambios en el modelo econ\u00f3mico, el r\u00e9gimen auton\u00f3mico, la administraci\u00f3n de justicia y el funcionamiento institucional, adem\u00e1s de incorporar garant\u00edas vinculadas con el desarrollo tecnol\u00f3gico y las libertades digitales.<br \/>\nDurante una conferencia de prensa, Quiroga sostuvo que Bolivia necesita ingresar en una nueva etapa y cuestion\u00f3 la gesti\u00f3n del presidente Rodrigo Paz, aunque afirm\u00f3 que el actual Gobierno todav\u00eda tiene la posibilidad de impulsar transformaciones de fondo.<br \/>\nUno de los principales ejes de la propuesta est\u00e1 relacionado con la econom\u00eda. El exmandatario sugiri\u00f3 modificar disposiciones constitucionales para facilitar la inversi\u00f3n y permitir mecanismos de arbitraje internacional.<br \/>\nQuiroga tambi\u00e9n advirti\u00f3 sobre la situaci\u00f3n del sector hidrocarbur\u00edfero y se\u00f1al\u00f3 que, si no se modifican las actuales condiciones, Bolivia podr\u00eda enfrentar dificultades en los pr\u00f3ximos a\u00f1os para garantizar el abastecimiento de combustibles y la provisi\u00f3n de gas domiciliario e industrial.<br \/>\nOtro de los componentes de la reforma apunta a fortalecer las autonom\u00edas. Para ello, propuso aprovechar la representaci\u00f3n y legitimidad de los nueve gobernadores y de m\u00e1s de 300 alcaldes electos, con el objetivo de construir desde las regiones una propuesta de reorganizaci\u00f3n del Estado.<br \/>\nLa iniciativa incluye adem\u00e1s modificaciones en el sistema judicial y en el funcionamiento de las instituciones p\u00fablicas, as\u00ed como ajustes normativos orientados a fortalecer la lucha contra la corrupci\u00f3n.<br \/>\nEn materia tecnol\u00f3gica, Quiroga propone avanzar hacia una Bolivia digital e incorporar en la Constituci\u00f3n garant\u00edas relacionadas con las libertades digitales y el acceso a sistemas de inteligencia artificial.<br \/>\nEl expresidente tambi\u00e9n adelant\u00f3 que el v\u00ednculo de Bolivia con el Fondo Monetario Internacional (FMI) formar\u00e1 parte de los temas que pretende abordar dentro de su propuesta de transformaci\u00f3n econ\u00f3mica e institucional.<br \/>\nQuiroga pidi\u00f3 que una eventual reforma constitucional no sea asumida como una iniciativa exclusiva del Gobierno ni como una propuesta personal, sino como un proceso construido con la participaci\u00f3n de diferentes sectores del pa\u00eds.<br \/>\nLa propuesta deber\u00e1 ingresar al debate legislativo para definir su tratamiento y el procedimiento constitucional correspondiente en caso de que avance una reforma parcial de la Ley Fundamental.<\/p>\n","protected":false},"excerpt":{"rendered":"<p>El expresidente y excandidato presidencial, Jorge Quiroga Ram\u00edrez, present\u00f3 una propuesta de reforma parcial de la Constituci\u00f3n Pol\u00edtica del Estado (CPE) que contempla modificaciones en 111 art\u00edculos y pidi\u00f3 a la Asamblea Legislativa Plurinacional (ALP) iniciar su tratamiento. La iniciativa plantea cambios en el modelo econ\u00f3mico, el r\u00e9gimen auton\u00f3mico, la administraci\u00f3n de justicia y el [&hellip;]<\/p>\n","protected":false},"author":1,"featured_media":194754,"comment_status":"closed","ping_status":"open","sticky":false,"template":"","format":"standard","meta":{"_acf_changed":false,"footnotes":""},"categories":[14],"tags":[],"class_list":["post-426976","post","type-post","status-publish","format-standard","has-post-thumbnail","category-politica"],"acf":{"antetitulo":""},"yoast_head":"<!-- This site is optimized with the Yoast SEO plugin v28.4 - https:\/\/yoast.com\/product\/yoast-seo-wordpress\/ -->\n<title>Jorge Quiroga plantea reformar 111 art\u00edculos de la Constituci\u00f3n - El Diario - Bolivia<\/title>\n<meta name=\"robots\" content=\"index, follow, max-snippet:-1, max-image-preview:large, max-video-preview:-1\" \/>\n<link rel=\"canonical\" href=\"https:\/\/www.eldiario.net\/portal\/2026\/09\/02\/jorge-quiroga-plantea-reformar-111-articulos-de-la-constitucion\/\" \/>\n<meta property=\"og:locale\" content=\"es_ES\" \/>\n<meta property=\"og:type\" content=\"article\" \/>\n<meta property=\"og:title\" content=\"Jorge Quiroga plantea reformar 111 art\u00edculos de la Constituci\u00f3n - El Diario - Bolivia\" \/>\n<meta property=\"og:description\" content=\"El expresidente y excandidato presidencial, Jorge Quiroga Ram\u00edrez, present\u00f3 una propuesta de reforma parcial de la Constituci\u00f3n Pol\u00edtica del Estado (CPE) que contempla modificaciones en 111 art\u00edculos y pidi\u00f3 a la Asamblea Legislativa Plurinacional (ALP) iniciar su tratamiento. La iniciativa plantea cambios en el modelo econ\u00f3mico, el r\u00e9gimen auton\u00f3mico, la administraci\u00f3n de justicia y el [&hellip;]\" \/>\n<meta property=\"og:url\" content=\"https:\/\/www.eldiario.net\/portal\/2026\/09\/02\/jorge-quiroga-plantea-reformar-111-articulos-de-la-constitucion\/\" \/>\n<meta property=\"og:site_name\" content=\"El Diario - Bolivia\" \/>\n<meta property=\"article:publisher\" content=\"https:\/\/www.facebook.com\/eldiario.bolivia\/\" \/>\n<meta property=\"article:published_time\" content=\"2026-09-02T10:45:18+00:00\" \/>\n<meta property=\"og:image\" content=\"https:\/\/www.eldiario.net\/portal\/wp-content\/uploads\/2023\/12\/Politica.jpg\" \/>\n\t<meta property=\"og:image:width\" content=\"800\" \/>\n\t<meta property=\"og:image:height\" content=\"500\" \/>\n\t<meta property=\"og:image:type\" content=\"image\/jpeg\" \/>\n<meta name=\"author\" content=\"Jeanette\" \/>\n<meta name=\"twitter:card\" content=\"summary_large_image\" \/>\n<meta name=\"twitter:creator\" content=\"@eldiario_net\" \/>\n<meta name=\"twitter:site\" content=\"@eldiario_net\" \/>\n<meta name=\"twitter:label1\" content=\"Escrito por\" \/>\n\t<meta name=\"twitter:data1\" content=\"Jeanette\" \/>\n\t<meta name=\"twitter:label2\" content=\"Tiempo de lectura\" \/>\n\t<meta name=\"twitter:data2\" content=\"2 minutos\" \/>\n<script type=\"application\/ld+json\" class=\"yoast-schema-graph\">{\"@context\":\"https:\\\/\\\/schema.org\",\"@graph\":[{\"@type\":\"Article\",\"@id\":\"https:\\\/\\\/www.eldiario.net\\\/portal\\\/2026\\\/09\\\/02\\\/jorge-quiroga-plantea-reformar-111-articulos-de-la-constitucion\\\/#article\",\"isPartOf\":{\"@id\":\"https:\\\/\\\/www.eldiario.net\\\/portal\\\/2026\\\/09\\\/02\\\/jorge-quiroga-plantea-reformar-111-articulos-de-la-constitucion\\\/\"},\"author\":{\"name\":\"Jeanette\",\"@id\":\"https:\\\/\\\/www.eldiario.net\\\/portal\\\/#\\\/schema\\\/person\\\/f46445640444750d7d753ccd04ae01b7\"},\"headline\":\"Jorge Quiroga plantea reformar 111 art\u00edculos de la Constituci\u00f3n\",\"datePublished\":\"2026-09-02T10:45:18+00:00\",\"mainEntityOfPage\":{\"@id\":\"https:\\\/\\\/www.eldiario.net\\\/portal\\\/2026\\\/09\\\/02\\\/jorge-quiroga-plantea-reformar-111-articulos-de-la-constitucion\\\/\"},\"wordCount\":422,\"publisher\":{\"@id\":\"https:\\\/\\\/www.eldiario.net\\\/portal\\\/#organization\"},\"image\":{\"@id\":\"https:\\\/\\\/www.eldiario.net\\\/portal\\\/2026\\\/09\\\/02\\\/jorge-quiroga-plantea-reformar-111-articulos-de-la-constitucion\\\/#primaryimage\"},\"thumbnailUrl\":\"https:\\\/\\\/www.eldiario.net\\\/portal\\\/wp-content\\\/uploads\\\/2023\\\/12\\\/Politica.jpg\",\"articleSection\":[\"Pol\u00edtica\"],\"inLanguage\":\"es\"},{\"@type\":\"WebPage\",\"@id\":\"https:\\\/\\\/www.eldiario.net\\\/portal\\\/2026\\\/09\\\/02\\\/jorge-quiroga-plantea-reformar-111-articulos-de-la-constitucion\\\/\",\"url\":\"https:\\\/\\\/www.eldiario.net\\\/portal\\\/2026\\\/09\\\/02\\\/jorge-quiroga-plantea-reformar-111-articulos-de-la-constitucion\\\/\",\"name\":\"Jorge Quiroga plantea reformar 111 art\u00edculos de la Constituci\u00f3n - El Diario - Bolivia\",\"isPartOf\":{\"@id\":\"https:\\\/\\\/www.eldiario.net\\\/portal\\\/#website\"},\"primaryImageOfPage\":{\"@id\":\"https:\\\/\\\/www.eldiario.net\\\/portal\\\/2026\\\/09\\\/02\\\/jorge-quiroga-plantea-reformar-111-articulos-de-la-constitucion\\\/#primaryimage\"},\"image\":{\"@id\":\"https:\\\/\\\/www.eldiario.net\\\/portal\\\/2026\\\/09\\\/02\\\/jorge-quiroga-plantea-reformar-111-articulos-de-la-constitucion\\\/#primaryimage\"},\"thumbnailUrl\":\"https:\\\/\\\/www.eldiario.net\\\/portal\\\/wp-content\\\/uploads\\\/2023\\\/12\\\/Politica.jpg\",\"datePublished\":\"2026-09-02T10:45:18+00:00\",\"breadcrumb\":{\"@id\":\"https:\\\/\\\/www.eldiario.net\\\/portal\\\/2026\\\/09\\\/02\\\/jorge-quiroga-plantea-reformar-111-articulos-de-la-constitucion\\\/#breadcrumb\"},\"inLanguage\":\"es\",\"potentialAction\":[{\"@type\":\"ReadAction\",\"target\":[\"https:\\\/\\\/www.eldiario.net\\\/portal\\\/2026\\\/09\\\/02\\\/jorge-quiroga-plantea-reformar-111-articulos-de-la-constitucion\\\/\"]}]},{\"@type\":\"ImageObject\",\"inLanguage\":\"es\",\"@id\":\"https:\\\/\\\/www.eldiario.net\\\/portal\\\/2026\\\/09\\\/02\\\/jorge-quiroga-plantea-reformar-111-articulos-de-la-constitucion\\\/#primaryimage\",\"url\":\"https:\\\/\\\/www.eldiario.net\\\/portal\\\/wp-content\\\/uploads\\\/2023\\\/12\\\/Politica.jpg\",\"contentUrl\":\"https:\\\/\\\/www.eldiario.net\\\/portal\\\/wp-content\\\/uploads\\\/2023\\\/12\\\/Politica.jpg\",\"width\":800,\"height\":500},{\"@type\":\"BreadcrumbList\",\"@id\":\"https:\\\/\\\/www.eldiario.net\\\/portal\\\/2026\\\/09\\\/02\\\/jorge-quiroga-plantea-reformar-111-articulos-de-la-constitucion\\\/#breadcrumb\",\"itemListElement\":[{\"@type\":\"ListItem\",\"position\":1,\"name\":\"Portada\",\"item\":\"https:\\\/\\\/www.eldiario.net\\\/portal\\\/\"},{\"@type\":\"ListItem\",\"position\":2,\"name\":\"Jorge Quiroga plantea reformar 111 art\u00edculos de la Constituci\u00f3n\"}]},{\"@type\":\"WebSite\",\"@id\":\"https:\\\/\\\/www.eldiario.net\\\/portal\\\/#website\",\"url\":\"https:\\\/\\\/www.eldiario.net\\\/portal\\\/\",\"name\":\"El Diario - Decano de la prensa nacional\",\"description\":\"El Diario - Decano de la prensa nacional\",\"publisher\":{\"@id\":\"https:\\\/\\\/www.eldiario.net\\\/portal\\\/#organization\"},\"potentialAction\":[{\"@type\":\"SearchAction\",\"target\":{\"@type\":\"EntryPoint\",\"urlTemplate\":\"https:\\\/\\\/www.eldiario.net\\\/portal\\\/?s={search_term_string}\"},\"query-input\":{\"@type\":\"PropertyValueSpecification\",\"valueRequired\":true,\"valueName\":\"search_term_string\"}}],\"inLanguage\":\"es\"},{\"@type\":\"Organization\",\"@id\":\"https:\\\/\\\/www.eldiario.net\\\/portal\\\/#organization\",\"name\":\"El Diario - Decano de la prensa nacional\",\"url\":\"https:\\\/\\\/www.eldiario.net\\\/portal\\\/\",\"logo\":{\"@type\":\"ImageObject\",\"inLanguage\":\"es\",\"@id\":\"https:\\\/\\\/www.eldiario.net\\\/portal\\\/#\\\/schema\\\/logo\\\/image\\\/\",\"url\":\"https:\\\/\\\/www.eldiario.net\\\/portal\\\/wp-content\\\/uploads\\\/2023\\\/07\\\/logo_ED.jpg\",\"contentUrl\":\"https:\\\/\\\/www.eldiario.net\\\/portal\\\/wp-content\\\/uploads\\\/2023\\\/07\\\/logo_ED.jpg\",\"width\":272,\"height\":52,\"caption\":\"El Diario - Decano de la prensa nacional\"},\"image\":{\"@id\":\"https:\\\/\\\/www.eldiario.net\\\/portal\\\/#\\\/schema\\\/logo\\\/image\\\/\"},\"sameAs\":[\"https:\\\/\\\/www.facebook.com\\\/eldiario.bolivia\\\/\",\"https:\\\/\\\/x.com\\\/eldiario_net\"]},{\"@type\":\"Person\",\"@id\":\"https:\\\/\\\/www.eldiario.net\\\/portal\\\/#\\\/schema\\\/person\\\/f46445640444750d7d753ccd04ae01b7\",\"name\":\"Jeanette\",\"image\":{\"@type\":\"ImageObject\",\"inLanguage\":\"es\",\"@id\":\"https:\\\/\\\/secure.gravatar.com\\\/avatar\\\/3ea2118a5f7dad2b7138b1187a6b7ee55f160b9968b66013c3a3ef39dd7e5798?s=96&d=mm&r=g\",\"url\":\"https:\\\/\\\/secure.gravatar.com\\\/avatar\\\/3ea2118a5f7dad2b7138b1187a6b7ee55f160b9968b66013c3a3ef39dd7e5798?s=96&d=mm&r=g\",\"contentUrl\":\"https:\\\/\\\/secure.gravatar.com\\\/avatar\\\/3ea2118a5f7dad2b7138b1187a6b7ee55f160b9968b66013c3a3ef39dd7e5798?s=96&d=mm&r=g\",\"caption\":\"Jeanette\"},\"sameAs\":[\"https:\\\/\\\/www.eldiario.net\\\/portal\"],\"url\":\"https:\\\/\\\/www.eldiario.net\\\/portal\\\/author\\\/jeanette\\\/\"}]}<\/script>\n<!-- \/ Yoast SEO plugin. -->","yoast_head_json":{"title":"Jorge Quiroga plantea reformar 111 art\u00edculos de la Constituci\u00f3n - El Diario - Bolivia","robots":{"index":"index","follow":"follow","max-snippet":"max-snippet:-1","max-image-preview":"max-image-preview:large","max-video-preview":"max-video-preview:-1"},"canonical":"https:\/\/www.eldiario.net\/portal\/2026\/09\/02\/jorge-quiroga-plantea-reformar-111-articulos-de-la-constitucion\/","og_locale":"es_ES","og_type":"article","og_title":"Jorge Quiroga plantea reformar 111 art\u00edculos de la Constituci\u00f3n - El Diario - Bolivia","og_description":"El expresidente y excandidato presidencial, Jorge Quiroga Ram\u00edrez, present\u00f3 una propuesta de reforma parcial de la Constituci\u00f3n Pol\u00edtica del Estado (CPE) que contempla modificaciones en 111 art\u00edculos y pidi\u00f3 a la Asamblea Legislativa Plurinacional (ALP) iniciar su tratamiento. La iniciativa plantea cambios en el modelo econ\u00f3mico, el r\u00e9gimen auton\u00f3mico, la administraci\u00f3n de justicia y el [&hellip;]","og_url":"https:\/\/www.eldiario.net\/portal\/2026\/09\/02\/jorge-quiroga-plantea-reformar-111-articulos-de-la-constitucion\/","og_site_name":"El Diario - Bolivia","article_publisher":"https:\/\/www.facebook.com\/eldiario.bolivia\/","article_published_time":"2026-09-02T10:45:18+00:00","og_image":[{"width":800,"height":500,"url":"https:\/\/www.eldiario.net\/portal\/wp-content\/uploads\/2023\/12\/Politica.jpg","type":"image\/jpeg"}],"author":"Jeanette","twitter_card":"summary_large_image","twitter_creator":"@eldiario_net","twitter_site":"@eldiario_net","twitter_misc":{"Escrito por":"Jeanette","Tiempo de lectura":"2 minutos"},"schema":{"@context":"https:\/\/schema.org","@graph":[{"@type":"Article","@id":"https:\/\/www.eldiario.net\/portal\/2026\/09\/02\/jorge-quiroga-plantea-reformar-111-articulos-de-la-constitucion\/#article","isPartOf":{"@id":"https:\/\/www.eldiario.net\/portal\/2026\/09\/02\/jorge-quiroga-plantea-reformar-111-articulos-de-la-constitucion\/"},"author":{"name":"Jeanette","@id":"https:\/\/www.eldiario.net\/portal\/#\/schema\/person\/f46445640444750d7d753ccd04ae01b7"},"headline":"Jorge Quiroga plantea reformar 111 art\u00edculos de la Constituci\u00f3n","datePublished":"2026-09-02T10:45:18+00:00","mainEntityOfPage":{"@id":"https:\/\/www.eldiario.net\/portal\/2026\/09\/02\/jorge-quiroga-plantea-reformar-111-articulos-de-la-constitucion\/"},"wordCount":422,"publisher":{"@id":"https:\/\/www.eldiario.net\/portal\/#organization"},"image":{"@id":"https:\/\/www.eldiario.net\/portal\/2026\/09\/02\/jorge-quiroga-plantea-reformar-111-articulos-de-la-constitucion\/#primaryimage"},"thumbnailUrl":"https:\/\/www.eldiario.net\/portal\/wp-content\/uploads\/2023\/12\/Politica.jpg","articleSection":["Pol\u00edtica"],"inLanguage":"es"},{"@type":"WebPage","@id":"https:\/\/www.eldiario.net\/portal\/2026\/09\/02\/jorge-quiroga-plantea-reformar-111-articulos-de-la-constitucion\/","url":"https:\/\/www.eldiario.net\/portal\/2026\/09\/02\/jorge-quiroga-plantea-reformar-111-articulos-de-la-constitucion\/","name":"Jorge Quiroga plantea reformar 111 art\u00edculos de la Constituci\u00f3n - El Diario - Bolivia","isPartOf":{"@id":"https:\/\/www.eldiario.net\/portal\/#website"},"primaryImageOfPage":{"@id":"https:\/\/www.eldiario.net\/portal\/2026\/09\/02\/jorge-quiroga-plantea-reformar-111-articulos-de-la-constitucion\/#primaryimage"},"image":{"@id":"https:\/\/www.eldiario.net\/portal\/2026\/09\/02\/jorge-quiroga-plantea-reformar-111-articulos-de-la-constitucion\/#primaryimage"},"thumbnailUrl":"https:\/\/www.eldiario.net\/portal\/wp-content\/uploads\/2023\/12\/Politica.jpg","datePublished":"2026-09-02T10:45:18+00:00","breadcrumb":{"@id":"https:\/\/www.eldiario.net\/portal\/2026\/09\/02\/jorge-quiroga-plantea-reformar-111-articulos-de-la-constitucion\/#breadcrumb"},"inLanguage":"es","potentialAction":[{"@type":"ReadAction","target":["https:\/\/www.eldiario.net\/portal\/2026\/09\/02\/jorge-quiroga-plantea-reformar-111-articulos-de-la-constitucion\/"]}]},{"@type":"ImageObject","inLanguage":"es","@id":"https:\/\/www.eldiario.net\/portal\/2026\/09\/02\/jorge-quiroga-plantea-reformar-111-articulos-de-la-constitucion\/#primaryimage","url":"https:\/\/www.eldiario.net\/portal\/wp-content\/uploads\/2023\/12\/Politica.jpg","contentUrl":"https:\/\/www.eldiario.net\/portal\/wp-content\/uploads\/2023\/12\/Politica.jpg","width":800,"height":500},{"@type":"BreadcrumbList","@id":"https:\/\/www.eldiario.net\/portal\/2026\/09\/02\/jorge-quiroga-plantea-reformar-111-articulos-de-la-constitucion\/#breadcrumb","itemListElement":[{"@type":"ListItem","position":1,"name":"Portada","item":"https:\/\/www.eldiario.net\/portal\/"},{"@type":"ListItem","position":2,"name":"Jorge Quiroga plantea reformar 111 art\u00edculos de la Constituci\u00f3n"}]},{"@type":"WebSite","@id":"https:\/\/www.eldiario.net\/portal\/#website","url":"https:\/\/www.eldiario.net\/portal\/","name":"El Diario - Decano de la prensa nacional","description":"El Diario - Decano de la prensa nacional","publisher":{"@id":"https:\/\/www.eldiario.net\/portal\/#organization"},"potentialAction":[{"@type":"SearchAction","target":{"@type":"EntryPoint","urlTemplate":"https:\/\/www.eldiario.net\/portal\/?s={search_term_string}"},"query-input":{"@type":"PropertyValueSpecification","valueRequired":true,"valueName":"search_term_string"}}],"inLanguage":"es"},{"@type":"Organization","@id":"https:\/\/www.eldiario.net\/portal\/#organization","name":"El Diario - Decano de la prensa nacional","url":"https:\/\/www.eldiario.net\/portal\/","logo":{"@type":"ImageObject","inLanguage":"es","@id":"https:\/\/www.eldiario.net\/portal\/#\/schema\/logo\/image\/","url":"https:\/\/www.eldiario.net\/portal\/wp-content\/uploads\/2023\/07\/logo_ED.jpg","contentUrl":"https:\/\/www.eldiario.net\/portal\/wp-content\/uploads\/2023\/07\/logo_ED.jpg","width":272,"height":52,"caption":"El Diario - Decano de la prensa nacional"},"image":{"@id":"https:\/\/www.eldiario.net\/portal\/#\/schema\/logo\/image\/"},"sameAs":["https:\/\/www.facebook.com\/eldiario.bolivia\/","https:\/\/x.com\/eldiario_net"]},{"@type":"Person","@id":"https:\/\/www.eldiario.net\/portal\/#\/schema\/person\/f46445640444750d7d753ccd04ae01b7","name":"Jeanette","image":{"@type":"ImageObject","inLanguage":"es","@id":"https:\/\/secure.gravatar.com\/avatar\/3ea2118a5f7dad2b7138b1187a6b7ee55f160b9968b66013c3a3ef39dd7e5798?s=96&d=mm&r=g","url":"https:\/\/secure.gravatar.com\/avatar\/3ea2118a5f7dad2b7138b1187a6b7ee55f160b9968b66013c3a3ef39dd7e5798?s=96&d=mm&r=g","contentUrl":"https:\/\/secure.gravatar.com\/avatar\/3ea2118a5f7dad2b7138b1187a6b7ee55f160b9968b66013c3a3ef39dd7e5798?s=96&d=mm&r=g","caption":"Jeanette"},"sameAs":["https:\/\/www.eldiario.net\/portal"],"url":"https:\/\/www.eldiario.net\/portal\/author\/jeanette\/"}]}},"_links":{"self":[{"href":"https:\/\/www.eldiario.net\/portal\/wp-json\/wp\/v2\/posts\/426976","targetHints":{"allow":["GET"]}}],"collection":[{"href":"https:\/\/www.eldiario.net\/portal\/wp-json\/wp\/v2\/posts"}],"about":[{"href":"https:\/\/www.eldiario.net\/portal\/wp-json\/wp\/v2\/types\/post"}],"author":[{"embeddable":true,"href":"https:\/\/www.eldiario.net\/portal\/wp-json\/wp\/v2\/users\/1"}],"replies":[{"embeddable":true,"href":"https:\/\/www.eldiario.net\/portal\/wp-json\/wp\/v2\/comments?post=426976"}],"version-history":[{"count":1,"href":"https:\/\/www.eldiario.net\/portal\/wp-json\/wp\/v2\/posts\/426976\/revisions"}],"predecessor-version":[{"id":426977,"href":"https:\/\/www.eldiario.net\/portal\/wp-json\/wp\/v2\/posts\/426976\/revisions\/426977"}],"wp:featuredmedia":[{"embeddable":true,"href":"https:\/\/www.eldiario.net\/portal\/wp-json\/wp\/v2\/media\/194754"}],"wp:attachment":[{"href":"https:\/\/www.eldiario.net\/portal\/wp-json\/wp\/v2\/media?parent=426976"}],"wp:term":[{"taxonomy":"category","embeddable":true,"href":"https:\/\/www.eldiario.net\/portal\/wp-json\/wp\/v2\/categories?post=426976"},{"taxonomy":"post_tag","embeddable":true,"href":"https:\/\/www.eldiario.net\/portal\/wp-json\/wp\/v2\/tags?post=426976"}],"curies":[{"name":"wp","href":"https:\/\/api.w.org\/{rel}","templated":true}]}}