{"id":426974,"date":"2026-09-02T06:44:43","date_gmt":"2026-09-02T10:44:43","guid":{"rendered":"https:\/\/www.eldiario.net\/portal\/?p=426974"},"modified":"2026-09-02T06:44:43","modified_gmt":"2026-09-02T10:44:43","slug":"oea-recibira-informe-de-mision-que-visito-bolivia","status":"publish","type":"post","link":"https:\/\/www.eldiario.net\/portal\/2026\/09\/02\/oea-recibira-informe-de-mision-que-visito-bolivia\/","title":{"rendered":"OEA recibir\u00e1 informe de  misi\u00f3n que visit\u00f3 Bolivia"},"content":{"rendered":"<p>El Consejo Permanente de la Organizaci\u00f3n de los Estados Americanos (OEA) recibir\u00e1 este jueves 3 el informe de la Misi\u00f3n de Alto Nivel que visit\u00f3 Bolivia a finales de julio, despu\u00e9s del prolongado conflicto social y los bloqueos que afectaron al pa\u00eds entre mayo y junio.<br \/>\nLa sesi\u00f3n ordinaria est\u00e1 programada para las 14:30, hora de Bolivia, en el sal\u00f3n Sim\u00f3n Bol\u00edvar de la sede de la OEA, en Washington D.C., Estados Unidos. La reuni\u00f3n ser\u00e1 transmitida en directo, con interpretaci\u00f3n en espa\u00f1ol, ingl\u00e9s, franc\u00e9s y portugu\u00e9s, mediante la p\u00e1gina web y las plataformas digitales del organismo.<br \/>\nEntre los asuntos previstos en la agenda figura \u201crecibir informe de la Misi\u00f3n de Alto Nivel de los Estados Miembros de la Organizaci\u00f3n de los Estados Americanos al Estado Plurinacional de Bolivia\u201d. El organismo advirti\u00f3 que el orden del d\u00eda puede sufrir modificaciones hasta el inicio de la reuni\u00f3n.<br \/>\nLa delegaci\u00f3n de alto nivel permaneci\u00f3 en La Paz y Santa Cruz de la Sierra los d\u00edas 29 y 30 de julio. Su visita se realiz\u00f3 por invitaci\u00f3n del Gobierno boliviano y en cumplimiento de la resoluci\u00f3n AG\/RES. 3052 (LVI-O\/26), aprobada por la Asamblea General de la OEA el 24 de junio.<br \/>\nLa misi\u00f3n estuvo integrada por representantes de Argentina, Canad\u00e1, Chile, Panam\u00e1, Per\u00fa, Estados Unidos y Uruguay, adem\u00e1s del secretario general de la OEA, Albert Ramdin, y funcionarios de la Secretar\u00eda General.<br \/>\nDurante su permanencia en el pa\u00eds, la delegaci\u00f3n sostuvo reuniones con el presidente Rodrigo Paz, ministros de Estado y representantes de los \u00f3rganos Legislativo, Electoral y Judicial, adem\u00e1s del Tribunal Constitucional Plurinacional y la Fiscal\u00eda General del Estado.<br \/>\nTambi\u00e9n se reuni\u00f3 con organizaciones ind\u00edgenas y campesinas, sectores laborales y mineros, instituciones acad\u00e9micas, empresarios, productores, transportistas, representantes del turismo, la gastronom\u00eda, medios de comunicaci\u00f3n y otros actores de la sociedad civil. En Santa Cruz mantuvo encuentros con c\u00e1maras empresariales, sectores productivos, hoteleros y tur\u00edsticos, adem\u00e1s de organizaciones sociales y comunidades interculturales.<br \/>\nLa misi\u00f3n tuvo como antecedente la preocupaci\u00f3n expresada por los Estados miembros de la OEA ante la afectaci\u00f3n de rutas estrat\u00e9gicas de abastecimiento, las amenazas contra infraestructura cr\u00edtica y las interrupciones en la provisi\u00f3n de bienes y servicios esenciales registradas durante el conflicto.<br \/>\nBolivia atraves\u00f3 entre mayo y junio un conflicto que se prolong\u00f3 durante 53 d\u00edas y estuvo marcado por bloqueos de carreteras, marchas y otras medidas de presi\u00f3n. Entre los sectores movilizados estuvieron la Central Obrera Boliviana (COB), la Federaci\u00f3n Departamental \u00danica de Trabajadores Campesinos de La Paz T\u00fapac Katari y organizaciones afines al expresidente Evo Morales.<br \/>\nDurante la escalada de las protestas, dirigentes de la COB y de la Federaci\u00f3n T\u00fapac Katari suscribieron un acuerdo que planteaba, entre sus objetivos, la renuncia del presidente Rodrigo Paz. Sectores vinculados a Morales tambi\u00e9n participaron de los bloqueos y otras movilizaciones en diferentes regiones.<br \/>\nLa resoluci\u00f3n que dio paso a la misi\u00f3n reafirm\u00f3 el respaldo de la OEA a la democracia representativa, el Estado de derecho y la soluci\u00f3n pac\u00edfica de las controversias.<\/p>\n","protected":false},"excerpt":{"rendered":"<p>El Consejo Permanente de la Organizaci\u00f3n de los Estados Americanos (OEA) recibir\u00e1 este jueves 3 el informe de la Misi\u00f3n de Alto Nivel que visit\u00f3 Bolivia a finales de julio, despu\u00e9s del prolongado conflicto social y los bloqueos que afectaron al pa\u00eds entre mayo y junio. La sesi\u00f3n ordinaria est\u00e1 programada para las 14:30, hora [&hellip;]<\/p>\n","protected":false},"author":1,"featured_media":194754,"comment_status":"closed","ping_status":"open","sticky":false,"template":"","format":"standard","meta":{"_acf_changed":false,"footnotes":""},"categories":[14],"tags":[],"class_list":["post-426974","post","type-post","status-publish","format-standard","has-post-thumbnail","category-politica"],"acf":{"antetitulo":""},"yoast_head":"<!-- This site is optimized with the Yoast SEO plugin v28.4 - https:\/\/yoast.com\/product\/yoast-seo-wordpress\/ -->\n<title>OEA recibir\u00e1 informe de misi\u00f3n que visit\u00f3 Bolivia - El Diario - Bolivia<\/title>\n<meta name=\"robots\" content=\"index, follow, max-snippet:-1, max-image-preview:large, max-video-preview:-1\" \/>\n<link rel=\"canonical\" href=\"https:\/\/www.eldiario.net\/portal\/2026\/09\/02\/oea-recibira-informe-de-mision-que-visito-bolivia\/\" \/>\n<meta property=\"og:locale\" content=\"es_ES\" \/>\n<meta property=\"og:type\" content=\"article\" \/>\n<meta property=\"og:title\" content=\"OEA recibir\u00e1 informe de misi\u00f3n que visit\u00f3 Bolivia - El Diario - Bolivia\" \/>\n<meta property=\"og:description\" content=\"El Consejo Permanente de la Organizaci\u00f3n de los Estados Americanos (OEA) recibir\u00e1 este jueves 3 el informe de la Misi\u00f3n de Alto Nivel que visit\u00f3 Bolivia a finales de julio, despu\u00e9s del prolongado conflicto social y los bloqueos que afectaron al pa\u00eds entre mayo y junio. La sesi\u00f3n ordinaria est\u00e1 programada para las 14:30, hora [&hellip;]\" \/>\n<meta property=\"og:url\" content=\"https:\/\/www.eldiario.net\/portal\/2026\/09\/02\/oea-recibira-informe-de-mision-que-visito-bolivia\/\" \/>\n<meta property=\"og:site_name\" content=\"El Diario - Bolivia\" \/>\n<meta property=\"article:publisher\" content=\"https:\/\/www.facebook.com\/eldiario.bolivia\/\" \/>\n<meta property=\"article:published_time\" content=\"2026-09-02T10:44:43+00:00\" \/>\n<meta property=\"og:image\" content=\"https:\/\/www.eldiario.net\/portal\/wp-content\/uploads\/2023\/12\/Politica.jpg\" \/>\n\t<meta property=\"og:image:width\" content=\"800\" \/>\n\t<meta property=\"og:image:height\" content=\"500\" \/>\n\t<meta property=\"og:image:type\" content=\"image\/jpeg\" \/>\n<meta name=\"author\" content=\"Jeanette\" \/>\n<meta name=\"twitter:card\" content=\"summary_large_image\" \/>\n<meta name=\"twitter:creator\" content=\"@eldiario_net\" \/>\n<meta name=\"twitter:site\" content=\"@eldiario_net\" \/>\n<meta name=\"twitter:label1\" content=\"Escrito por\" \/>\n\t<meta name=\"twitter:data1\" content=\"Jeanette\" \/>\n\t<meta name=\"twitter:label2\" content=\"Tiempo de lectura\" \/>\n\t<meta name=\"twitter:data2\" content=\"3 minutos\" \/>\n<script type=\"application\/ld+json\" class=\"yoast-schema-graph\">{\"@context\":\"https:\\\/\\\/schema.org\",\"@graph\":[{\"@type\":\"Article\",\"@id\":\"https:\\\/\\\/www.eldiario.net\\\/portal\\\/2026\\\/09\\\/02\\\/oea-recibira-informe-de-mision-que-visito-bolivia\\\/#article\",\"isPartOf\":{\"@id\":\"https:\\\/\\\/www.eldiario.net\\\/portal\\\/2026\\\/09\\\/02\\\/oea-recibira-informe-de-mision-que-visito-bolivia\\\/\"},\"author\":{\"name\":\"Jeanette\",\"@id\":\"https:\\\/\\\/www.eldiario.net\\\/portal\\\/#\\\/schema\\\/person\\\/f46445640444750d7d753ccd04ae01b7\"},\"headline\":\"OEA recibir\u00e1 informe de misi\u00f3n que visit\u00f3 Bolivia\",\"datePublished\":\"2026-09-02T10:44:43+00:00\",\"mainEntityOfPage\":{\"@id\":\"https:\\\/\\\/www.eldiario.net\\\/portal\\\/2026\\\/09\\\/02\\\/oea-recibira-informe-de-mision-que-visito-bolivia\\\/\"},\"wordCount\":551,\"publisher\":{\"@id\":\"https:\\\/\\\/www.eldiario.net\\\/portal\\\/#organization\"},\"image\":{\"@id\":\"https:\\\/\\\/www.eldiario.net\\\/portal\\\/2026\\\/09\\\/02\\\/oea-recibira-informe-de-mision-que-visito-bolivia\\\/#primaryimage\"},\"thumbnailUrl\":\"https:\\\/\\\/www.eldiario.net\\\/portal\\\/wp-content\\\/uploads\\\/2023\\\/12\\\/Politica.jpg\",\"articleSection\":[\"Pol\u00edtica\"],\"inLanguage\":\"es\"},{\"@type\":\"WebPage\",\"@id\":\"https:\\\/\\\/www.eldiario.net\\\/portal\\\/2026\\\/09\\\/02\\\/oea-recibira-informe-de-mision-que-visito-bolivia\\\/\",\"url\":\"https:\\\/\\\/www.eldiario.net\\\/portal\\\/2026\\\/09\\\/02\\\/oea-recibira-informe-de-mision-que-visito-bolivia\\\/\",\"name\":\"OEA recibir\u00e1 informe de misi\u00f3n que visit\u00f3 Bolivia - El Diario - Bolivia\",\"isPartOf\":{\"@id\":\"https:\\\/\\\/www.eldiario.net\\\/portal\\\/#website\"},\"primaryImageOfPage\":{\"@id\":\"https:\\\/\\\/www.eldiario.net\\\/portal\\\/2026\\\/09\\\/02\\\/oea-recibira-informe-de-mision-que-visito-bolivia\\\/#primaryimage\"},\"image\":{\"@id\":\"https:\\\/\\\/www.eldiario.net\\\/portal\\\/2026\\\/09\\\/02\\\/oea-recibira-informe-de-mision-que-visito-bolivia\\\/#primaryimage\"},\"thumbnailUrl\":\"https:\\\/\\\/www.eldiario.net\\\/portal\\\/wp-content\\\/uploads\\\/2023\\\/12\\\/Politica.jpg\",\"datePublished\":\"2026-09-02T10:44:43+00:00\",\"breadcrumb\":{\"@id\":\"https:\\\/\\\/www.eldiario.net\\\/portal\\\/2026\\\/09\\\/02\\\/oea-recibira-informe-de-mision-que-visito-bolivia\\\/#breadcrumb\"},\"inLanguage\":\"es\",\"potentialAction\":[{\"@type\":\"ReadAction\",\"target\":[\"https:\\\/\\\/www.eldiario.net\\\/portal\\\/2026\\\/09\\\/02\\\/oea-recibira-informe-de-mision-que-visito-bolivia\\\/\"]}]},{\"@type\":\"ImageObject\",\"inLanguage\":\"es\",\"@id\":\"https:\\\/\\\/www.eldiario.net\\\/portal\\\/2026\\\/09\\\/02\\\/oea-recibira-informe-de-mision-que-visito-bolivia\\\/#primaryimage\",\"url\":\"https:\\\/\\\/www.eldiario.net\\\/portal\\\/wp-content\\\/uploads\\\/2023\\\/12\\\/Politica.jpg\",\"contentUrl\":\"https:\\\/\\\/www.eldiario.net\\\/portal\\\/wp-content\\\/uploads\\\/2023\\\/12\\\/Politica.jpg\",\"width\":800,\"height\":500},{\"@type\":\"BreadcrumbList\",\"@id\":\"https:\\\/\\\/www.eldiario.net\\\/portal\\\/2026\\\/09\\\/02\\\/oea-recibira-informe-de-mision-que-visito-bolivia\\\/#breadcrumb\",\"itemListElement\":[{\"@type\":\"ListItem\",\"position\":1,\"name\":\"Portada\",\"item\":\"https:\\\/\\\/www.eldiario.net\\\/portal\\\/\"},{\"@type\":\"ListItem\",\"position\":2,\"name\":\"OEA recibir\u00e1 informe de misi\u00f3n que visit\u00f3 Bolivia\"}]},{\"@type\":\"WebSite\",\"@id\":\"https:\\\/\\\/www.eldiario.net\\\/portal\\\/#website\",\"url\":\"https:\\\/\\\/www.eldiario.net\\\/portal\\\/\",\"name\":\"El Diario - Decano de la prensa nacional\",\"description\":\"El Diario - Decano de la prensa nacional\",\"publisher\":{\"@id\":\"https:\\\/\\\/www.eldiario.net\\\/portal\\\/#organization\"},\"potentialAction\":[{\"@type\":\"SearchAction\",\"target\":{\"@type\":\"EntryPoint\",\"urlTemplate\":\"https:\\\/\\\/www.eldiario.net\\\/portal\\\/?s={search_term_string}\"},\"query-input\":{\"@type\":\"PropertyValueSpecification\",\"valueRequired\":true,\"valueName\":\"search_term_string\"}}],\"inLanguage\":\"es\"},{\"@type\":\"Organization\",\"@id\":\"https:\\\/\\\/www.eldiario.net\\\/portal\\\/#organization\",\"name\":\"El Diario - Decano de la prensa nacional\",\"url\":\"https:\\\/\\\/www.eldiario.net\\\/portal\\\/\",\"logo\":{\"@type\":\"ImageObject\",\"inLanguage\":\"es\",\"@id\":\"https:\\\/\\\/www.eldiario.net\\\/portal\\\/#\\\/schema\\\/logo\\\/image\\\/\",\"url\":\"https:\\\/\\\/www.eldiario.net\\\/portal\\\/wp-content\\\/uploads\\\/2023\\\/07\\\/logo_ED.jpg\",\"contentUrl\":\"https:\\\/\\\/www.eldiario.net\\\/portal\\\/wp-content\\\/uploads\\\/2023\\\/07\\\/logo_ED.jpg\",\"width\":272,\"height\":52,\"caption\":\"El Diario - Decano de la prensa nacional\"},\"image\":{\"@id\":\"https:\\\/\\\/www.eldiario.net\\\/portal\\\/#\\\/schema\\\/logo\\\/image\\\/\"},\"sameAs\":[\"https:\\\/\\\/www.facebook.com\\\/eldiario.bolivia\\\/\",\"https:\\\/\\\/x.com\\\/eldiario_net\"]},{\"@type\":\"Person\",\"@id\":\"https:\\\/\\\/www.eldiario.net\\\/portal\\\/#\\\/schema\\\/person\\\/f46445640444750d7d753ccd04ae01b7\",\"name\":\"Jeanette\",\"image\":{\"@type\":\"ImageObject\",\"inLanguage\":\"es\",\"@id\":\"https:\\\/\\\/secure.gravatar.com\\\/avatar\\\/3ea2118a5f7dad2b7138b1187a6b7ee55f160b9968b66013c3a3ef39dd7e5798?s=96&d=mm&r=g\",\"url\":\"https:\\\/\\\/secure.gravatar.com\\\/avatar\\\/3ea2118a5f7dad2b7138b1187a6b7ee55f160b9968b66013c3a3ef39dd7e5798?s=96&d=mm&r=g\",\"contentUrl\":\"https:\\\/\\\/secure.gravatar.com\\\/avatar\\\/3ea2118a5f7dad2b7138b1187a6b7ee55f160b9968b66013c3a3ef39dd7e5798?s=96&d=mm&r=g\",\"caption\":\"Jeanette\"},\"sameAs\":[\"https:\\\/\\\/www.eldiario.net\\\/portal\"],\"url\":\"https:\\\/\\\/www.eldiario.net\\\/portal\\\/author\\\/jeanette\\\/\"}]}<\/script>\n<!-- \/ Yoast SEO plugin. -->","yoast_head_json":{"title":"OEA recibir\u00e1 informe de misi\u00f3n que visit\u00f3 Bolivia - El Diario - Bolivia","robots":{"index":"index","follow":"follow","max-snippet":"max-snippet:-1","max-image-preview":"max-image-preview:large","max-video-preview":"max-video-preview:-1"},"canonical":"https:\/\/www.eldiario.net\/portal\/2026\/09\/02\/oea-recibira-informe-de-mision-que-visito-bolivia\/","og_locale":"es_ES","og_type":"article","og_title":"OEA recibir\u00e1 informe de misi\u00f3n que visit\u00f3 Bolivia - El Diario - Bolivia","og_description":"El Consejo Permanente de la Organizaci\u00f3n de los Estados Americanos (OEA) recibir\u00e1 este jueves 3 el informe de la Misi\u00f3n de Alto Nivel que visit\u00f3 Bolivia a finales de julio, despu\u00e9s del prolongado conflicto social y los bloqueos que afectaron al pa\u00eds entre mayo y junio. La sesi\u00f3n ordinaria est\u00e1 programada para las 14:30, hora [&hellip;]","og_url":"https:\/\/www.eldiario.net\/portal\/2026\/09\/02\/oea-recibira-informe-de-mision-que-visito-bolivia\/","og_site_name":"El Diario - Bolivia","article_publisher":"https:\/\/www.facebook.com\/eldiario.bolivia\/","article_published_time":"2026-09-02T10:44:43+00:00","og_image":[{"width":800,"height":500,"url":"https:\/\/www.eldiario.net\/portal\/wp-content\/uploads\/2023\/12\/Politica.jpg","type":"image\/jpeg"}],"author":"Jeanette","twitter_card":"summary_large_image","twitter_creator":"@eldiario_net","twitter_site":"@eldiario_net","twitter_misc":{"Escrito por":"Jeanette","Tiempo de lectura":"3 minutos"},"schema":{"@context":"https:\/\/schema.org","@graph":[{"@type":"Article","@id":"https:\/\/www.eldiario.net\/portal\/2026\/09\/02\/oea-recibira-informe-de-mision-que-visito-bolivia\/#article","isPartOf":{"@id":"https:\/\/www.eldiario.net\/portal\/2026\/09\/02\/oea-recibira-informe-de-mision-que-visito-bolivia\/"},"author":{"name":"Jeanette","@id":"https:\/\/www.eldiario.net\/portal\/#\/schema\/person\/f46445640444750d7d753ccd04ae01b7"},"headline":"OEA recibir\u00e1 informe de misi\u00f3n que visit\u00f3 Bolivia","datePublished":"2026-09-02T10:44:43+00:00","mainEntityOfPage":{"@id":"https:\/\/www.eldiario.net\/portal\/2026\/09\/02\/oea-recibira-informe-de-mision-que-visito-bolivia\/"},"wordCount":551,"publisher":{"@id":"https:\/\/www.eldiario.net\/portal\/#organization"},"image":{"@id":"https:\/\/www.eldiario.net\/portal\/2026\/09\/02\/oea-recibira-informe-de-mision-que-visito-bolivia\/#primaryimage"},"thumbnailUrl":"https:\/\/www.eldiario.net\/portal\/wp-content\/uploads\/2023\/12\/Politica.jpg","articleSection":["Pol\u00edtica"],"inLanguage":"es"},{"@type":"WebPage","@id":"https:\/\/www.eldiario.net\/portal\/2026\/09\/02\/oea-recibira-informe-de-mision-que-visito-bolivia\/","url":"https:\/\/www.eldiario.net\/portal\/2026\/09\/02\/oea-recibira-informe-de-mision-que-visito-bolivia\/","name":"OEA recibir\u00e1 informe de misi\u00f3n que visit\u00f3 Bolivia - El Diario - Bolivia","isPartOf":{"@id":"https:\/\/www.eldiario.net\/portal\/#website"},"primaryImageOfPage":{"@id":"https:\/\/www.eldiario.net\/portal\/2026\/09\/02\/oea-recibira-informe-de-mision-que-visito-bolivia\/#primaryimage"},"image":{"@id":"https:\/\/www.eldiario.net\/portal\/2026\/09\/02\/oea-recibira-informe-de-mision-que-visito-bolivia\/#primaryimage"},"thumbnailUrl":"https:\/\/www.eldiario.net\/portal\/wp-content\/uploads\/2023\/12\/Politica.jpg","datePublished":"2026-09-02T10:44:43+00:00","breadcrumb":{"@id":"https:\/\/www.eldiario.net\/portal\/2026\/09\/02\/oea-recibira-informe-de-mision-que-visito-bolivia\/#breadcrumb"},"inLanguage":"es","potentialAction":[{"@type":"ReadAction","target":["https:\/\/www.eldiario.net\/portal\/2026\/09\/02\/oea-recibira-informe-de-mision-que-visito-bolivia\/"]}]},{"@type":"ImageObject","inLanguage":"es","@id":"https:\/\/www.eldiario.net\/portal\/2026\/09\/02\/oea-recibira-informe-de-mision-que-visito-bolivia\/#primaryimage","url":"https:\/\/www.eldiario.net\/portal\/wp-content\/uploads\/2023\/12\/Politica.jpg","contentUrl":"https:\/\/www.eldiario.net\/portal\/wp-content\/uploads\/2023\/12\/Politica.jpg","width":800,"height":500},{"@type":"BreadcrumbList","@id":"https:\/\/www.eldiario.net\/portal\/2026\/09\/02\/oea-recibira-informe-de-mision-que-visito-bolivia\/#breadcrumb","itemListElement":[{"@type":"ListItem","position":1,"name":"Portada","item":"https:\/\/www.eldiario.net\/portal\/"},{"@type":"ListItem","position":2,"name":"OEA recibir\u00e1 informe de misi\u00f3n que visit\u00f3 Bolivia"}]},{"@type":"WebSite","@id":"https:\/\/www.eldiario.net\/portal\/#website","url":"https:\/\/www.eldiario.net\/portal\/","name":"El Diario - Decano de la prensa nacional","description":"El Diario - Decano de la prensa nacional","publisher":{"@id":"https:\/\/www.eldiario.net\/portal\/#organization"},"potentialAction":[{"@type":"SearchAction","target":{"@type":"EntryPoint","urlTemplate":"https:\/\/www.eldiario.net\/portal\/?s={search_term_string}"},"query-input":{"@type":"PropertyValueSpecification","valueRequired":true,"valueName":"search_term_string"}}],"inLanguage":"es"},{"@type":"Organization","@id":"https:\/\/www.eldiario.net\/portal\/#organization","name":"El Diario - Decano de la prensa nacional","url":"https:\/\/www.eldiario.net\/portal\/","logo":{"@type":"ImageObject","inLanguage":"es","@id":"https:\/\/www.eldiario.net\/portal\/#\/schema\/logo\/image\/","url":"https:\/\/www.eldiario.net\/portal\/wp-content\/uploads\/2023\/07\/logo_ED.jpg","contentUrl":"https:\/\/www.eldiario.net\/portal\/wp-content\/uploads\/2023\/07\/logo_ED.jpg","width":272,"height":52,"caption":"El Diario - Decano de la prensa nacional"},"image":{"@id":"https:\/\/www.eldiario.net\/portal\/#\/schema\/logo\/image\/"},"sameAs":["https:\/\/www.facebook.com\/eldiario.bolivia\/","https:\/\/x.com\/eldiario_net"]},{"@type":"Person","@id":"https:\/\/www.eldiario.net\/portal\/#\/schema\/person\/f46445640444750d7d753ccd04ae01b7","name":"Jeanette","image":{"@type":"ImageObject","inLanguage":"es","@id":"https:\/\/secure.gravatar.com\/avatar\/3ea2118a5f7dad2b7138b1187a6b7ee55f160b9968b66013c3a3ef39dd7e5798?s=96&d=mm&r=g","url":"https:\/\/secure.gravatar.com\/avatar\/3ea2118a5f7dad2b7138b1187a6b7ee55f160b9968b66013c3a3ef39dd7e5798?s=96&d=mm&r=g","contentUrl":"https:\/\/secure.gravatar.com\/avatar\/3ea2118a5f7dad2b7138b1187a6b7ee55f160b9968b66013c3a3ef39dd7e5798?s=96&d=mm&r=g","caption":"Jeanette"},"sameAs":["https:\/\/www.eldiario.net\/portal"],"url":"https:\/\/www.eldiario.net\/portal\/author\/jeanette\/"}]}},"_links":{"self":[{"href":"https:\/\/www.eldiario.net\/portal\/wp-json\/wp\/v2\/posts\/426974","targetHints":{"allow":["GET"]}}],"collection":[{"href":"https:\/\/www.eldiario.net\/portal\/wp-json\/wp\/v2\/posts"}],"about":[{"href":"https:\/\/www.eldiario.net\/portal\/wp-json\/wp\/v2\/types\/post"}],"author":[{"embeddable":true,"href":"https:\/\/www.eldiario.net\/portal\/wp-json\/wp\/v2\/users\/1"}],"replies":[{"embeddable":true,"href":"https:\/\/www.eldiario.net\/portal\/wp-json\/wp\/v2\/comments?post=426974"}],"version-history":[{"count":1,"href":"https:\/\/www.eldiario.net\/portal\/wp-json\/wp\/v2\/posts\/426974\/revisions"}],"predecessor-version":[{"id":426975,"href":"https:\/\/www.eldiario.net\/portal\/wp-json\/wp\/v2\/posts\/426974\/revisions\/426975"}],"wp:featuredmedia":[{"embeddable":true,"href":"https:\/\/www.eldiario.net\/portal\/wp-json\/wp\/v2\/media\/194754"}],"wp:attachment":[{"href":"https:\/\/www.eldiario.net\/portal\/wp-json\/wp\/v2\/media?parent=426974"}],"wp:term":[{"taxonomy":"category","embeddable":true,"href":"https:\/\/www.eldiario.net\/portal\/wp-json\/wp\/v2\/categories?post=426974"},{"taxonomy":"post_tag","embeddable":true,"href":"https:\/\/www.eldiario.net\/portal\/wp-json\/wp\/v2\/tags?post=426974"}],"curies":[{"name":"wp","href":"https:\/\/api.w.org\/{rel}","templated":true}]}}