{"id":426971,"date":"2026-09-02T06:44:11","date_gmt":"2026-09-02T10:44:11","guid":{"rendered":"https:\/\/www.eldiario.net\/portal\/?p=426971"},"modified":"2026-09-02T06:44:11","modified_gmt":"2026-09-02T10:44:11","slug":"carney-responde-a-trump-tras-disputa-comercial-entre-paises","status":"publish","type":"post","link":"https:\/\/www.eldiario.net\/portal\/2026\/09\/02\/carney-responde-a-trump-tras-disputa-comercial-entre-paises\/","title":{"rendered":"Carney responde a Trump tras disputa comercial entre pa\u00edses"},"content":{"rendered":"<p>El primer ministro canadiense, Mark Carney, le se\u00f1al\u00f3 ayer al gobierno del presidente estadounidense, Donald Trump, que \u201cdeje de hacer memes, deje de lanzar pullas y deje de intentar hacerse el duro\u201d, al responder a una nueva oleada de ataques desde Washington.<br \/>\nCarney afirm\u00f3 que las conversaciones comerciales entre Estados Unidos y Canad\u00e1 podr\u00edan reanudarse si Washington se tomaba en serio las negociaciones, pero tambi\u00e9n acus\u00f3 a EEUU de impulsar condiciones que, seg\u00fan \u00e9l, podr\u00edan dejar a las industrias canadienses \u201cdesmanteladas gradualmente en Canad\u00e1 y eliminadas\u201d.<br \/>\n\u201cCuando los estadounidenses dejen de hacer memes, de lanzar pullas y de intentar hacerse los duros, y empiecen a tomarse en serio la posibilidad de mantener esas conversaciones, podremos tener esas conversaciones\u201d, se\u00f1al\u00f3 Carney. \u201cNo es constructivo, pero esa es su democracia\u201d.<br \/>\nSus declaraciones se produjeron tras una nueva andanada lanzada por Washington desde el colapso de las conversaciones comerciales el 21 de agosto, incluida la decisi\u00f3n de Trump de cambiar el nombre del lago Ontario a \u201clago Estados Unidos\u201d y publicaciones en redes sociales burl\u00e1ndose de Canad\u00e1.<br \/>\nEl secretario del Tesoro de Estados Unidos, Scott Bessent, tambi\u00e9n sostuvo que Canad\u00e1 no pod\u00eda actuar \u201cojo por ojo\u201d con una econom\u00eda de Estados Unidos 13 veces mayor, mientras que el secretario de Guerra de Estados Unidos, Pete Hegseth, se mof\u00f3 en internet de las cadetes canadienses.<br \/>\nHegseth public\u00f3 el lunes una imagen de un centro de entrenamiento de cadetes en Columbia Brit\u00e1nica en la que aparecen dos j\u00f3venes uniformadas, y agreg\u00f3 \u201cesto es real\u201d junto a una bandera canadiense. Carney calific\u00f3 la publicaci\u00f3n de \u201cindigna de su cargo\u201d.<br \/>\nEl Pent\u00e1gono la respald\u00f3 ayer, y el subsecretario de prensa Jacob Bliss declar\u00f3: \u201cLa publicaci\u00f3n en X habla por s\u00ed sola\u201d.<br \/>\nCarney sostuvo que, en la pr\u00e1ctica, el enfoque de Estados Unidos en las conversaciones habr\u00eda dejado a las industrias canadienses como subsidiarias de empresas estadounidenses o habr\u00eda impuesto condiciones en las cuales quedar\u00edan \u201cdesmanteladas gradualmente en Canad\u00e1 y eliminadas\u201d.<br \/>\n\u201cNo lo haremos; por supuesto, no vamos a aceptar esas condiciones\u201d, dijo Carney.<br \/>\nEl Primer Ministro detall\u00f3 que Washington buscaba un acuerdo \u201cno competitivo\u201d para industrias clave, como la automotriz, al tiempo que presionaba para introducir cambios que afectar\u00edan las protecciones del idioma franc\u00e9s y de la cultura. Se\u00f1al\u00f3 que cualquiera de esos temas bastaba para bloquear un acuerdo.<br \/>\nEl l\u00edder canadiense expres\u00f3 que Washington tambi\u00e9n pretend\u00eda imponer l\u00edmites a los futuros acuerdos comerciales de Canad\u00e1.<br \/>\n\u201cCanad\u00e1 es un Estado soberano. Cerraremos acuerdos de libre comercio con los pa\u00edses con los que queramos cerrar acuerdos de libre comercio\u201d, asever\u00f3.<br \/>\nCarney tambi\u00e9n se vio impulsado por la barrida liberal del lunes en tres elecciones especiales, entre ellas, una victoria contundente en Chicoutimi-Le Fjord, Quebec, donde los conservadores cayeron al tercer lugar.<br \/>\nLas victorias llevaron a los liberales a alcanzar 173 esca\u00f1os en la C\u00e1mara de los Comunes, de 343 esca\u00f1os, y reforzaron la posici\u00f3n de Carney mientras se enfrenta a Trump por el comercio y la soberan\u00eda canadiense.<br \/>\nNelson Wiseman, profesor em\u00e9rito de ciencias pol\u00edticas de la Universidad de Toronto, sostuvo que las amenazas de anexi\u00f3n de Trump tienen un peso particular en Quebec. \u201cLos quebequenses son quienes m\u00e1s tienen que perder en un escenario apocal\u00edptico en el que Estados Unidos absorba a Canad\u00e1 y desaparezca el estatus del idioma franc\u00e9s\u201d, explic\u00f3.<br \/>\nLas conversaciones comerciales entre Estados Unidos y Canad\u00e1 colapsaron despu\u00e9s de que las partes no lograran alcanzar un acuerdo, y Trump impuso aranceles del 50% a aproximadamente 20.000 millones de d\u00f3lares en bienes canadienses. Canad\u00e1 respondi\u00f3 con planes de imponer aranceles a productos de Estados Unidos.<br \/>\nTrump habl\u00f3 repetidamente de convertir a Canad\u00e1 en el estado n\u00famero 51 de Estados Unidos. (Independent)<\/p>\n","protected":false},"excerpt":{"rendered":"<p>El primer ministro canadiense, Mark Carney, le se\u00f1al\u00f3 ayer al gobierno del presidente estadounidense, Donald Trump, que \u201cdeje de hacer memes, deje de lanzar pullas y deje de intentar hacerse el duro\u201d, al responder a una nueva oleada de ataques desde Washington. Carney afirm\u00f3 que las conversaciones comerciales entre Estados Unidos y Canad\u00e1 podr\u00edan reanudarse [&hellip;]<\/p>\n","protected":false},"author":1,"featured_media":426972,"comment_status":"closed","ping_status":"open","sticky":false,"template":"","format":"standard","meta":{"_acf_changed":false,"footnotes":""},"categories":[3],"tags":[],"class_list":["post-426971","post","type-post","status-publish","format-standard","has-post-thumbnail","category-internacional"],"acf":{"antetitulo":"Canad\u00e1"},"yoast_head":"<!-- This site is optimized with the Yoast SEO plugin v28.4 - https:\/\/yoast.com\/product\/yoast-seo-wordpress\/ -->\n<title>Carney responde a Trump tras disputa comercial entre pa\u00edses - El Diario - Bolivia<\/title>\n<meta name=\"robots\" content=\"index, follow, max-snippet:-1, max-image-preview:large, max-video-preview:-1\" \/>\n<link rel=\"canonical\" href=\"https:\/\/www.eldiario.net\/portal\/2026\/09\/02\/carney-responde-a-trump-tras-disputa-comercial-entre-paises\/\" \/>\n<meta property=\"og:locale\" content=\"es_ES\" \/>\n<meta property=\"og:type\" content=\"article\" \/>\n<meta property=\"og:title\" content=\"Carney responde a Trump tras disputa comercial entre pa\u00edses - El Diario - Bolivia\" \/>\n<meta property=\"og:description\" content=\"El primer ministro canadiense, Mark Carney, le se\u00f1al\u00f3 ayer al gobierno del presidente estadounidense, Donald Trump, que \u201cdeje de hacer memes, deje de lanzar pullas y deje de intentar hacerse el duro\u201d, al responder a una nueva oleada de ataques desde Washington. Carney afirm\u00f3 que las conversaciones comerciales entre Estados Unidos y Canad\u00e1 podr\u00edan reanudarse [&hellip;]\" \/>\n<meta property=\"og:url\" content=\"https:\/\/www.eldiario.net\/portal\/2026\/09\/02\/carney-responde-a-trump-tras-disputa-comercial-entre-paises\/\" \/>\n<meta property=\"og:site_name\" content=\"El Diario - Bolivia\" \/>\n<meta property=\"article:publisher\" content=\"https:\/\/www.facebook.com\/eldiario.bolivia\/\" \/>\n<meta property=\"article:published_time\" content=\"2026-09-02T10:44:11+00:00\" \/>\n<meta property=\"og:image\" content=\"https:\/\/www.eldiario.net\/portal\/wp-content\/uploads\/2026\/09\/CANDA-AP.webp\" \/>\n\t<meta property=\"og:image:width\" content=\"1000\" \/>\n\t<meta property=\"og:image:height\" content=\"666\" \/>\n\t<meta property=\"og:image:type\" content=\"image\/webp\" \/>\n<meta name=\"author\" content=\"Jeanette\" \/>\n<meta name=\"twitter:card\" content=\"summary_large_image\" \/>\n<meta name=\"twitter:creator\" content=\"@eldiario_net\" \/>\n<meta name=\"twitter:site\" content=\"@eldiario_net\" \/>\n<meta name=\"twitter:label1\" content=\"Escrito por\" \/>\n\t<meta name=\"twitter:data1\" content=\"Jeanette\" \/>\n\t<meta name=\"twitter:label2\" content=\"Tiempo de lectura\" \/>\n\t<meta name=\"twitter:data2\" content=\"3 minutos\" \/>\n<script type=\"application\/ld+json\" class=\"yoast-schema-graph\">{\"@context\":\"https:\\\/\\\/schema.org\",\"@graph\":[{\"@type\":\"Article\",\"@id\":\"https:\\\/\\\/www.eldiario.net\\\/portal\\\/2026\\\/09\\\/02\\\/carney-responde-a-trump-tras-disputa-comercial-entre-paises\\\/#article\",\"isPartOf\":{\"@id\":\"https:\\\/\\\/www.eldiario.net\\\/portal\\\/2026\\\/09\\\/02\\\/carney-responde-a-trump-tras-disputa-comercial-entre-paises\\\/\"},\"author\":{\"name\":\"Jeanette\",\"@id\":\"https:\\\/\\\/www.eldiario.net\\\/portal\\\/#\\\/schema\\\/person\\\/f46445640444750d7d753ccd04ae01b7\"},\"headline\":\"Carney responde a Trump tras disputa comercial entre pa\u00edses\",\"datePublished\":\"2026-09-02T10:44:11+00:00\",\"mainEntityOfPage\":{\"@id\":\"https:\\\/\\\/www.eldiario.net\\\/portal\\\/2026\\\/09\\\/02\\\/carney-responde-a-trump-tras-disputa-comercial-entre-paises\\\/\"},\"wordCount\":652,\"publisher\":{\"@id\":\"https:\\\/\\\/www.eldiario.net\\\/portal\\\/#organization\"},\"image\":{\"@id\":\"https:\\\/\\\/www.eldiario.net\\\/portal\\\/2026\\\/09\\\/02\\\/carney-responde-a-trump-tras-disputa-comercial-entre-paises\\\/#primaryimage\"},\"thumbnailUrl\":\"https:\\\/\\\/www.eldiario.net\\\/portal\\\/wp-content\\\/uploads\\\/2026\\\/09\\\/CANDA-AP.webp\",\"articleSection\":[\"Internacional\"],\"inLanguage\":\"es\"},{\"@type\":\"WebPage\",\"@id\":\"https:\\\/\\\/www.eldiario.net\\\/portal\\\/2026\\\/09\\\/02\\\/carney-responde-a-trump-tras-disputa-comercial-entre-paises\\\/\",\"url\":\"https:\\\/\\\/www.eldiario.net\\\/portal\\\/2026\\\/09\\\/02\\\/carney-responde-a-trump-tras-disputa-comercial-entre-paises\\\/\",\"name\":\"Carney responde a Trump tras disputa comercial entre pa\u00edses - El Diario - Bolivia\",\"isPartOf\":{\"@id\":\"https:\\\/\\\/www.eldiario.net\\\/portal\\\/#website\"},\"primaryImageOfPage\":{\"@id\":\"https:\\\/\\\/www.eldiario.net\\\/portal\\\/2026\\\/09\\\/02\\\/carney-responde-a-trump-tras-disputa-comercial-entre-paises\\\/#primaryimage\"},\"image\":{\"@id\":\"https:\\\/\\\/www.eldiario.net\\\/portal\\\/2026\\\/09\\\/02\\\/carney-responde-a-trump-tras-disputa-comercial-entre-paises\\\/#primaryimage\"},\"thumbnailUrl\":\"https:\\\/\\\/www.eldiario.net\\\/portal\\\/wp-content\\\/uploads\\\/2026\\\/09\\\/CANDA-AP.webp\",\"datePublished\":\"2026-09-02T10:44:11+00:00\",\"breadcrumb\":{\"@id\":\"https:\\\/\\\/www.eldiario.net\\\/portal\\\/2026\\\/09\\\/02\\\/carney-responde-a-trump-tras-disputa-comercial-entre-paises\\\/#breadcrumb\"},\"inLanguage\":\"es\",\"potentialAction\":[{\"@type\":\"ReadAction\",\"target\":[\"https:\\\/\\\/www.eldiario.net\\\/portal\\\/2026\\\/09\\\/02\\\/carney-responde-a-trump-tras-disputa-comercial-entre-paises\\\/\"]}]},{\"@type\":\"ImageObject\",\"inLanguage\":\"es\",\"@id\":\"https:\\\/\\\/www.eldiario.net\\\/portal\\\/2026\\\/09\\\/02\\\/carney-responde-a-trump-tras-disputa-comercial-entre-paises\\\/#primaryimage\",\"url\":\"https:\\\/\\\/www.eldiario.net\\\/portal\\\/wp-content\\\/uploads\\\/2026\\\/09\\\/CANDA-AP.webp\",\"contentUrl\":\"https:\\\/\\\/www.eldiario.net\\\/portal\\\/wp-content\\\/uploads\\\/2026\\\/09\\\/CANDA-AP.webp\",\"width\":1000,\"height\":666,\"caption\":\"El Primer Ministro de Canad\u00e1, Mark Carney.\"},{\"@type\":\"BreadcrumbList\",\"@id\":\"https:\\\/\\\/www.eldiario.net\\\/portal\\\/2026\\\/09\\\/02\\\/carney-responde-a-trump-tras-disputa-comercial-entre-paises\\\/#breadcrumb\",\"itemListElement\":[{\"@type\":\"ListItem\",\"position\":1,\"name\":\"Portada\",\"item\":\"https:\\\/\\\/www.eldiario.net\\\/portal\\\/\"},{\"@type\":\"ListItem\",\"position\":2,\"name\":\"Carney responde a Trump tras disputa comercial entre pa\u00edses\"}]},{\"@type\":\"WebSite\",\"@id\":\"https:\\\/\\\/www.eldiario.net\\\/portal\\\/#website\",\"url\":\"https:\\\/\\\/www.eldiario.net\\\/portal\\\/\",\"name\":\"El Diario - Decano de la prensa nacional\",\"description\":\"El Diario - Decano de la prensa nacional\",\"publisher\":{\"@id\":\"https:\\\/\\\/www.eldiario.net\\\/portal\\\/#organization\"},\"potentialAction\":[{\"@type\":\"SearchAction\",\"target\":{\"@type\":\"EntryPoint\",\"urlTemplate\":\"https:\\\/\\\/www.eldiario.net\\\/portal\\\/?s={search_term_string}\"},\"query-input\":{\"@type\":\"PropertyValueSpecification\",\"valueRequired\":true,\"valueName\":\"search_term_string\"}}],\"inLanguage\":\"es\"},{\"@type\":\"Organization\",\"@id\":\"https:\\\/\\\/www.eldiario.net\\\/portal\\\/#organization\",\"name\":\"El Diario - Decano de la prensa nacional\",\"url\":\"https:\\\/\\\/www.eldiario.net\\\/portal\\\/\",\"logo\":{\"@type\":\"ImageObject\",\"inLanguage\":\"es\",\"@id\":\"https:\\\/\\\/www.eldiario.net\\\/portal\\\/#\\\/schema\\\/logo\\\/image\\\/\",\"url\":\"https:\\\/\\\/www.eldiario.net\\\/portal\\\/wp-content\\\/uploads\\\/2023\\\/07\\\/logo_ED.jpg\",\"contentUrl\":\"https:\\\/\\\/www.eldiario.net\\\/portal\\\/wp-content\\\/uploads\\\/2023\\\/07\\\/logo_ED.jpg\",\"width\":272,\"height\":52,\"caption\":\"El Diario - Decano de la prensa nacional\"},\"image\":{\"@id\":\"https:\\\/\\\/www.eldiario.net\\\/portal\\\/#\\\/schema\\\/logo\\\/image\\\/\"},\"sameAs\":[\"https:\\\/\\\/www.facebook.com\\\/eldiario.bolivia\\\/\",\"https:\\\/\\\/x.com\\\/eldiario_net\"]},{\"@type\":\"Person\",\"@id\":\"https:\\\/\\\/www.eldiario.net\\\/portal\\\/#\\\/schema\\\/person\\\/f46445640444750d7d753ccd04ae01b7\",\"name\":\"Jeanette\",\"image\":{\"@type\":\"ImageObject\",\"inLanguage\":\"es\",\"@id\":\"https:\\\/\\\/secure.gravatar.com\\\/avatar\\\/3ea2118a5f7dad2b7138b1187a6b7ee55f160b9968b66013c3a3ef39dd7e5798?s=96&d=mm&r=g\",\"url\":\"https:\\\/\\\/secure.gravatar.com\\\/avatar\\\/3ea2118a5f7dad2b7138b1187a6b7ee55f160b9968b66013c3a3ef39dd7e5798?s=96&d=mm&r=g\",\"contentUrl\":\"https:\\\/\\\/secure.gravatar.com\\\/avatar\\\/3ea2118a5f7dad2b7138b1187a6b7ee55f160b9968b66013c3a3ef39dd7e5798?s=96&d=mm&r=g\",\"caption\":\"Jeanette\"},\"sameAs\":[\"https:\\\/\\\/www.eldiario.net\\\/portal\"],\"url\":\"https:\\\/\\\/www.eldiario.net\\\/portal\\\/author\\\/jeanette\\\/\"}]}<\/script>\n<!-- \/ Yoast SEO plugin. -->","yoast_head_json":{"title":"Carney responde a Trump tras disputa comercial entre pa\u00edses - El Diario - Bolivia","robots":{"index":"index","follow":"follow","max-snippet":"max-snippet:-1","max-image-preview":"max-image-preview:large","max-video-preview":"max-video-preview:-1"},"canonical":"https:\/\/www.eldiario.net\/portal\/2026\/09\/02\/carney-responde-a-trump-tras-disputa-comercial-entre-paises\/","og_locale":"es_ES","og_type":"article","og_title":"Carney responde a Trump tras disputa comercial entre pa\u00edses - El Diario - Bolivia","og_description":"El primer ministro canadiense, Mark Carney, le se\u00f1al\u00f3 ayer al gobierno del presidente estadounidense, Donald Trump, que \u201cdeje de hacer memes, deje de lanzar pullas y deje de intentar hacerse el duro\u201d, al responder a una nueva oleada de ataques desde Washington. Carney afirm\u00f3 que las conversaciones comerciales entre Estados Unidos y Canad\u00e1 podr\u00edan reanudarse [&hellip;]","og_url":"https:\/\/www.eldiario.net\/portal\/2026\/09\/02\/carney-responde-a-trump-tras-disputa-comercial-entre-paises\/","og_site_name":"El Diario - Bolivia","article_publisher":"https:\/\/www.facebook.com\/eldiario.bolivia\/","article_published_time":"2026-09-02T10:44:11+00:00","og_image":[{"width":1000,"height":666,"url":"https:\/\/www.eldiario.net\/portal\/wp-content\/uploads\/2026\/09\/CANDA-AP.webp","type":"image\/webp"}],"author":"Jeanette","twitter_card":"summary_large_image","twitter_creator":"@eldiario_net","twitter_site":"@eldiario_net","twitter_misc":{"Escrito por":"Jeanette","Tiempo de lectura":"3 minutos"},"schema":{"@context":"https:\/\/schema.org","@graph":[{"@type":"Article","@id":"https:\/\/www.eldiario.net\/portal\/2026\/09\/02\/carney-responde-a-trump-tras-disputa-comercial-entre-paises\/#article","isPartOf":{"@id":"https:\/\/www.eldiario.net\/portal\/2026\/09\/02\/carney-responde-a-trump-tras-disputa-comercial-entre-paises\/"},"author":{"name":"Jeanette","@id":"https:\/\/www.eldiario.net\/portal\/#\/schema\/person\/f46445640444750d7d753ccd04ae01b7"},"headline":"Carney responde a Trump tras disputa comercial entre pa\u00edses","datePublished":"2026-09-02T10:44:11+00:00","mainEntityOfPage":{"@id":"https:\/\/www.eldiario.net\/portal\/2026\/09\/02\/carney-responde-a-trump-tras-disputa-comercial-entre-paises\/"},"wordCount":652,"publisher":{"@id":"https:\/\/www.eldiario.net\/portal\/#organization"},"image":{"@id":"https:\/\/www.eldiario.net\/portal\/2026\/09\/02\/carney-responde-a-trump-tras-disputa-comercial-entre-paises\/#primaryimage"},"thumbnailUrl":"https:\/\/www.eldiario.net\/portal\/wp-content\/uploads\/2026\/09\/CANDA-AP.webp","articleSection":["Internacional"],"inLanguage":"es"},{"@type":"WebPage","@id":"https:\/\/www.eldiario.net\/portal\/2026\/09\/02\/carney-responde-a-trump-tras-disputa-comercial-entre-paises\/","url":"https:\/\/www.eldiario.net\/portal\/2026\/09\/02\/carney-responde-a-trump-tras-disputa-comercial-entre-paises\/","name":"Carney responde a Trump tras disputa comercial entre pa\u00edses - El Diario - Bolivia","isPartOf":{"@id":"https:\/\/www.eldiario.net\/portal\/#website"},"primaryImageOfPage":{"@id":"https:\/\/www.eldiario.net\/portal\/2026\/09\/02\/carney-responde-a-trump-tras-disputa-comercial-entre-paises\/#primaryimage"},"image":{"@id":"https:\/\/www.eldiario.net\/portal\/2026\/09\/02\/carney-responde-a-trump-tras-disputa-comercial-entre-paises\/#primaryimage"},"thumbnailUrl":"https:\/\/www.eldiario.net\/portal\/wp-content\/uploads\/2026\/09\/CANDA-AP.webp","datePublished":"2026-09-02T10:44:11+00:00","breadcrumb":{"@id":"https:\/\/www.eldiario.net\/portal\/2026\/09\/02\/carney-responde-a-trump-tras-disputa-comercial-entre-paises\/#breadcrumb"},"inLanguage":"es","potentialAction":[{"@type":"ReadAction","target":["https:\/\/www.eldiario.net\/portal\/2026\/09\/02\/carney-responde-a-trump-tras-disputa-comercial-entre-paises\/"]}]},{"@type":"ImageObject","inLanguage":"es","@id":"https:\/\/www.eldiario.net\/portal\/2026\/09\/02\/carney-responde-a-trump-tras-disputa-comercial-entre-paises\/#primaryimage","url":"https:\/\/www.eldiario.net\/portal\/wp-content\/uploads\/2026\/09\/CANDA-AP.webp","contentUrl":"https:\/\/www.eldiario.net\/portal\/wp-content\/uploads\/2026\/09\/CANDA-AP.webp","width":1000,"height":666,"caption":"El Primer Ministro de Canad\u00e1, Mark Carney."},{"@type":"BreadcrumbList","@id":"https:\/\/www.eldiario.net\/portal\/2026\/09\/02\/carney-responde-a-trump-tras-disputa-comercial-entre-paises\/#breadcrumb","itemListElement":[{"@type":"ListItem","position":1,"name":"Portada","item":"https:\/\/www.eldiario.net\/portal\/"},{"@type":"ListItem","position":2,"name":"Carney responde a Trump tras disputa comercial entre pa\u00edses"}]},{"@type":"WebSite","@id":"https:\/\/www.eldiario.net\/portal\/#website","url":"https:\/\/www.eldiario.net\/portal\/","name":"El Diario - Decano de la prensa nacional","description":"El Diario - Decano de la prensa nacional","publisher":{"@id":"https:\/\/www.eldiario.net\/portal\/#organization"},"potentialAction":[{"@type":"SearchAction","target":{"@type":"EntryPoint","urlTemplate":"https:\/\/www.eldiario.net\/portal\/?s={search_term_string}"},"query-input":{"@type":"PropertyValueSpecification","valueRequired":true,"valueName":"search_term_string"}}],"inLanguage":"es"},{"@type":"Organization","@id":"https:\/\/www.eldiario.net\/portal\/#organization","name":"El Diario - Decano de la prensa nacional","url":"https:\/\/www.eldiario.net\/portal\/","logo":{"@type":"ImageObject","inLanguage":"es","@id":"https:\/\/www.eldiario.net\/portal\/#\/schema\/logo\/image\/","url":"https:\/\/www.eldiario.net\/portal\/wp-content\/uploads\/2023\/07\/logo_ED.jpg","contentUrl":"https:\/\/www.eldiario.net\/portal\/wp-content\/uploads\/2023\/07\/logo_ED.jpg","width":272,"height":52,"caption":"El Diario - Decano de la prensa nacional"},"image":{"@id":"https:\/\/www.eldiario.net\/portal\/#\/schema\/logo\/image\/"},"sameAs":["https:\/\/www.facebook.com\/eldiario.bolivia\/","https:\/\/x.com\/eldiario_net"]},{"@type":"Person","@id":"https:\/\/www.eldiario.net\/portal\/#\/schema\/person\/f46445640444750d7d753ccd04ae01b7","name":"Jeanette","image":{"@type":"ImageObject","inLanguage":"es","@id":"https:\/\/secure.gravatar.com\/avatar\/3ea2118a5f7dad2b7138b1187a6b7ee55f160b9968b66013c3a3ef39dd7e5798?s=96&d=mm&r=g","url":"https:\/\/secure.gravatar.com\/avatar\/3ea2118a5f7dad2b7138b1187a6b7ee55f160b9968b66013c3a3ef39dd7e5798?s=96&d=mm&r=g","contentUrl":"https:\/\/secure.gravatar.com\/avatar\/3ea2118a5f7dad2b7138b1187a6b7ee55f160b9968b66013c3a3ef39dd7e5798?s=96&d=mm&r=g","caption":"Jeanette"},"sameAs":["https:\/\/www.eldiario.net\/portal"],"url":"https:\/\/www.eldiario.net\/portal\/author\/jeanette\/"}]}},"_links":{"self":[{"href":"https:\/\/www.eldiario.net\/portal\/wp-json\/wp\/v2\/posts\/426971","targetHints":{"allow":["GET"]}}],"collection":[{"href":"https:\/\/www.eldiario.net\/portal\/wp-json\/wp\/v2\/posts"}],"about":[{"href":"https:\/\/www.eldiario.net\/portal\/wp-json\/wp\/v2\/types\/post"}],"author":[{"embeddable":true,"href":"https:\/\/www.eldiario.net\/portal\/wp-json\/wp\/v2\/users\/1"}],"replies":[{"embeddable":true,"href":"https:\/\/www.eldiario.net\/portal\/wp-json\/wp\/v2\/comments?post=426971"}],"version-history":[{"count":1,"href":"https:\/\/www.eldiario.net\/portal\/wp-json\/wp\/v2\/posts\/426971\/revisions"}],"predecessor-version":[{"id":426973,"href":"https:\/\/www.eldiario.net\/portal\/wp-json\/wp\/v2\/posts\/426971\/revisions\/426973"}],"wp:featuredmedia":[{"embeddable":true,"href":"https:\/\/www.eldiario.net\/portal\/wp-json\/wp\/v2\/media\/426972"}],"wp:attachment":[{"href":"https:\/\/www.eldiario.net\/portal\/wp-json\/wp\/v2\/media?parent=426971"}],"wp:term":[{"taxonomy":"category","embeddable":true,"href":"https:\/\/www.eldiario.net\/portal\/wp-json\/wp\/v2\/categories?post=426971"},{"taxonomy":"post_tag","embeddable":true,"href":"https:\/\/www.eldiario.net\/portal\/wp-json\/wp\/v2\/tags?post=426971"}],"curies":[{"name":"wp","href":"https:\/\/api.w.org\/{rel}","templated":true}]}}