{"id":426968,"date":"2026-09-02T06:43:33","date_gmt":"2026-09-02T10:43:33","guid":{"rendered":"https:\/\/www.eldiario.net\/portal\/?p=426968"},"modified":"2026-09-02T06:43:33","modified_gmt":"2026-09-02T10:43:33","slug":"rey-haakon-viii-jura-ante-el-parlamento-de-noruega-2","status":"publish","type":"post","link":"https:\/\/www.eldiario.net\/portal\/2026\/09\/02\/rey-haakon-viii-jura-ante-el-parlamento-de-noruega-2\/","title":{"rendered":"Rey Haakon VIII jura ante el Parlamento de Noruega"},"content":{"rendered":"<p>El rey Haakon VIII prest\u00f3 juramento de lealtad ante el Parlamento noruego ayer, en la primera etapa importante del traspaso de la corona desde la muerte de su padre tras 35 a\u00f1os en el trono.<br \/>\nVestido con un uniforme ceremonial, Haakon, quien se convirti\u00f3 en rey tras la muerte de Harald V el viernes, prometi\u00f3 defender la constituci\u00f3n noruega de 1814, acompa\u00f1ado por su hija de 22 a\u00f1os, la princesa heredera Ingrid Alexandra.<br \/>\n\u201cPrometo y juro que gobernar\u00e9 el reino de Noruega de acuerdo con su constituci\u00f3n y sus leyes, que Dios, el todopoderoso y omnisciente, me ayude\u201d, prometi\u00f3 el rey de 53 a\u00f1os a los ministros del gabinete y a los diputados en la c\u00e1mara principal del parlamento de 169 esca\u00f1os.<br \/>\nLa esposa de Haakon, Mette-Marit, de 53 a\u00f1os, no pudo asistir a la ceremonia de 17 minutos debido a complicaciones tras un trasplante de pulm\u00f3n en junio. Sus m\u00e9dicos se\u00f1alaron que este tipo de complicaciones no son infrecuentes.<br \/>\nAre Holm, neum\u00f3logo del hospital universitario de Oslo, declar\u00f3 que la reina hab\u00eda tenido \u201ccomplicaciones en algunas ocasiones durante la operaci\u00f3n, incluso hoy. Como resultado, debe permanecer en observaci\u00f3n durante todo el d\u00eda\u201d.<br \/>\nHarald, cuyo funeral se celebrar\u00e1 en Oslo el 9 de septiembre, con la asistencia de jefes de Estado de todo el mundo, era muy apreciado en Noruega por su calidez, su estilo de vida sencillo y su dedicaci\u00f3n a preservar la unidad nacional.<br \/>\nDecenas de miles de noruegos se congregaron en el palacio real para depositar flores, dibujos, velas y banderas.<br \/>\nUna encuesta realizada por la emisora \u200b\u200bp\u00fablica NRK revel\u00f3 que la popularidad de la monarqu\u00eda hab\u00eda aumentado en los \u00faltimos meses. El primer sondeo desde la muerte de Harald a los 89 a\u00f1os mostr\u00f3 que alrededor del 72% de los noruegos apoyaba a la monarqu\u00eda, en comparaci\u00f3n con el 54% en mayo. En febrero, mientras la familia real se ve\u00eda envuelta en una serie de esc\u00e1ndalos, el apoyo a la instituci\u00f3n cay\u00f3 al 60%.<br \/>\nMette-Marit recibi\u00f3 fuertes cr\u00edticas por su relaci\u00f3n con Jeffrey Epstein, mientras que su hijo de una relaci\u00f3n anterior, Marius Borg H\u00f8iby, est\u00e1 apelando una condena de cuatro a\u00f1os por dos delitos de violaci\u00f3n.<br \/>\nEn respuesta al juramento de Haakon, Masud Gharahkhani, presidente del Parlamento, quien lleg\u00f3 a Noruega siendo un ni\u00f1o refugiado de Ir\u00e1n, dijo que Harald hab\u00eda personificado \u201clos valores que sustentan nuestra democracia liberal\u201d. (The Guardian)<\/p>\n","protected":false},"excerpt":{"rendered":"<p>El rey Haakon VIII prest\u00f3 juramento de lealtad ante el Parlamento noruego ayer, en la primera etapa importante del traspaso de la corona desde la muerte de su padre tras 35 a\u00f1os en el trono. Vestido con un uniforme ceremonial, Haakon, quien se convirti\u00f3 en rey tras la muerte de Harald V el viernes, prometi\u00f3 [&hellip;]<\/p>\n","protected":false},"author":1,"featured_media":426969,"comment_status":"closed","ping_status":"open","sticky":false,"template":"","format":"standard","meta":{"_acf_changed":false,"footnotes":""},"categories":[3],"tags":[],"class_list":["post-426968","post","type-post","status-publish","format-standard","has-post-thumbnail","category-internacional"],"acf":{"antetitulo":""},"yoast_head":"<!-- This site is optimized with the Yoast SEO plugin v28.4 - https:\/\/yoast.com\/product\/yoast-seo-wordpress\/ -->\n<title>Rey Haakon VIII jura ante el Parlamento de Noruega - El Diario - Bolivia<\/title>\n<meta name=\"robots\" content=\"index, follow, max-snippet:-1, max-image-preview:large, max-video-preview:-1\" \/>\n<link rel=\"canonical\" href=\"https:\/\/www.eldiario.net\/portal\/2026\/09\/02\/rey-haakon-viii-jura-ante-el-parlamento-de-noruega-2\/\" \/>\n<meta property=\"og:locale\" content=\"es_ES\" \/>\n<meta property=\"og:type\" content=\"article\" \/>\n<meta property=\"og:title\" content=\"Rey Haakon VIII jura ante el Parlamento de Noruega - El Diario - Bolivia\" \/>\n<meta property=\"og:description\" content=\"El rey Haakon VIII prest\u00f3 juramento de lealtad ante el Parlamento noruego ayer, en la primera etapa importante del traspaso de la corona desde la muerte de su padre tras 35 a\u00f1os en el trono. Vestido con un uniforme ceremonial, Haakon, quien se convirti\u00f3 en rey tras la muerte de Harald V el viernes, prometi\u00f3 [&hellip;]\" \/>\n<meta property=\"og:url\" content=\"https:\/\/www.eldiario.net\/portal\/2026\/09\/02\/rey-haakon-viii-jura-ante-el-parlamento-de-noruega-2\/\" \/>\n<meta property=\"og:site_name\" content=\"El Diario - Bolivia\" \/>\n<meta property=\"article:publisher\" content=\"https:\/\/www.facebook.com\/eldiario.bolivia\/\" \/>\n<meta property=\"article:published_time\" content=\"2026-09-02T10:43:33+00:00\" \/>\n<meta property=\"og:image\" content=\"https:\/\/www.eldiario.net\/portal\/wp-content\/uploads\/2026\/09\/NORUEGA-RTVE.webp\" \/>\n\t<meta property=\"og:image:width\" content=\"1200\" \/>\n\t<meta property=\"og:image:height\" content=\"676\" \/>\n\t<meta property=\"og:image:type\" content=\"image\/webp\" \/>\n<meta name=\"author\" content=\"Jeanette\" \/>\n<meta name=\"twitter:card\" content=\"summary_large_image\" \/>\n<meta name=\"twitter:creator\" content=\"@eldiario_net\" \/>\n<meta name=\"twitter:site\" content=\"@eldiario_net\" \/>\n<meta name=\"twitter:label1\" content=\"Escrito por\" \/>\n\t<meta name=\"twitter:data1\" content=\"Jeanette\" \/>\n\t<meta name=\"twitter:label2\" content=\"Tiempo de lectura\" \/>\n\t<meta name=\"twitter:data2\" content=\"3 minutos\" \/>\n<script type=\"application\/ld+json\" class=\"yoast-schema-graph\">{\"@context\":\"https:\\\/\\\/schema.org\",\"@graph\":[{\"@type\":\"Article\",\"@id\":\"https:\\\/\\\/www.eldiario.net\\\/portal\\\/2026\\\/09\\\/02\\\/rey-haakon-viii-jura-ante-el-parlamento-de-noruega-2\\\/#article\",\"isPartOf\":{\"@id\":\"https:\\\/\\\/www.eldiario.net\\\/portal\\\/2026\\\/09\\\/02\\\/rey-haakon-viii-jura-ante-el-parlamento-de-noruega-2\\\/\"},\"author\":{\"name\":\"Jeanette\",\"@id\":\"https:\\\/\\\/www.eldiario.net\\\/portal\\\/#\\\/schema\\\/person\\\/f46445640444750d7d753ccd04ae01b7\"},\"headline\":\"Rey Haakon VIII jura ante el Parlamento de Noruega\",\"datePublished\":\"2026-09-02T10:43:33+00:00\",\"mainEntityOfPage\":{\"@id\":\"https:\\\/\\\/www.eldiario.net\\\/portal\\\/2026\\\/09\\\/02\\\/rey-haakon-viii-jura-ante-el-parlamento-de-noruega-2\\\/\"},\"wordCount\":429,\"publisher\":{\"@id\":\"https:\\\/\\\/www.eldiario.net\\\/portal\\\/#organization\"},\"image\":{\"@id\":\"https:\\\/\\\/www.eldiario.net\\\/portal\\\/2026\\\/09\\\/02\\\/rey-haakon-viii-jura-ante-el-parlamento-de-noruega-2\\\/#primaryimage\"},\"thumbnailUrl\":\"https:\\\/\\\/www.eldiario.net\\\/portal\\\/wp-content\\\/uploads\\\/2026\\\/09\\\/NORUEGA-RTVE.webp\",\"articleSection\":[\"Internacional\"],\"inLanguage\":\"es\"},{\"@type\":\"WebPage\",\"@id\":\"https:\\\/\\\/www.eldiario.net\\\/portal\\\/2026\\\/09\\\/02\\\/rey-haakon-viii-jura-ante-el-parlamento-de-noruega-2\\\/\",\"url\":\"https:\\\/\\\/www.eldiario.net\\\/portal\\\/2026\\\/09\\\/02\\\/rey-haakon-viii-jura-ante-el-parlamento-de-noruega-2\\\/\",\"name\":\"Rey Haakon VIII jura ante el Parlamento de Noruega - El Diario - Bolivia\",\"isPartOf\":{\"@id\":\"https:\\\/\\\/www.eldiario.net\\\/portal\\\/#website\"},\"primaryImageOfPage\":{\"@id\":\"https:\\\/\\\/www.eldiario.net\\\/portal\\\/2026\\\/09\\\/02\\\/rey-haakon-viii-jura-ante-el-parlamento-de-noruega-2\\\/#primaryimage\"},\"image\":{\"@id\":\"https:\\\/\\\/www.eldiario.net\\\/portal\\\/2026\\\/09\\\/02\\\/rey-haakon-viii-jura-ante-el-parlamento-de-noruega-2\\\/#primaryimage\"},\"thumbnailUrl\":\"https:\\\/\\\/www.eldiario.net\\\/portal\\\/wp-content\\\/uploads\\\/2026\\\/09\\\/NORUEGA-RTVE.webp\",\"datePublished\":\"2026-09-02T10:43:33+00:00\",\"breadcrumb\":{\"@id\":\"https:\\\/\\\/www.eldiario.net\\\/portal\\\/2026\\\/09\\\/02\\\/rey-haakon-viii-jura-ante-el-parlamento-de-noruega-2\\\/#breadcrumb\"},\"inLanguage\":\"es\",\"potentialAction\":[{\"@type\":\"ReadAction\",\"target\":[\"https:\\\/\\\/www.eldiario.net\\\/portal\\\/2026\\\/09\\\/02\\\/rey-haakon-viii-jura-ante-el-parlamento-de-noruega-2\\\/\"]}]},{\"@type\":\"ImageObject\",\"inLanguage\":\"es\",\"@id\":\"https:\\\/\\\/www.eldiario.net\\\/portal\\\/2026\\\/09\\\/02\\\/rey-haakon-viii-jura-ante-el-parlamento-de-noruega-2\\\/#primaryimage\",\"url\":\"https:\\\/\\\/www.eldiario.net\\\/portal\\\/wp-content\\\/uploads\\\/2026\\\/09\\\/NORUEGA-RTVE.webp\",\"contentUrl\":\"https:\\\/\\\/www.eldiario.net\\\/portal\\\/wp-content\\\/uploads\\\/2026\\\/09\\\/NORUEGA-RTVE.webp\",\"width\":1200,\"height\":676},{\"@type\":\"BreadcrumbList\",\"@id\":\"https:\\\/\\\/www.eldiario.net\\\/portal\\\/2026\\\/09\\\/02\\\/rey-haakon-viii-jura-ante-el-parlamento-de-noruega-2\\\/#breadcrumb\",\"itemListElement\":[{\"@type\":\"ListItem\",\"position\":1,\"name\":\"Portada\",\"item\":\"https:\\\/\\\/www.eldiario.net\\\/portal\\\/\"},{\"@type\":\"ListItem\",\"position\":2,\"name\":\"Rey Haakon VIII jura ante el Parlamento de Noruega\"}]},{\"@type\":\"WebSite\",\"@id\":\"https:\\\/\\\/www.eldiario.net\\\/portal\\\/#website\",\"url\":\"https:\\\/\\\/www.eldiario.net\\\/portal\\\/\",\"name\":\"El Diario - Decano de la prensa nacional\",\"description\":\"El Diario - Decano de la prensa nacional\",\"publisher\":{\"@id\":\"https:\\\/\\\/www.eldiario.net\\\/portal\\\/#organization\"},\"potentialAction\":[{\"@type\":\"SearchAction\",\"target\":{\"@type\":\"EntryPoint\",\"urlTemplate\":\"https:\\\/\\\/www.eldiario.net\\\/portal\\\/?s={search_term_string}\"},\"query-input\":{\"@type\":\"PropertyValueSpecification\",\"valueRequired\":true,\"valueName\":\"search_term_string\"}}],\"inLanguage\":\"es\"},{\"@type\":\"Organization\",\"@id\":\"https:\\\/\\\/www.eldiario.net\\\/portal\\\/#organization\",\"name\":\"El Diario - Decano de la prensa nacional\",\"url\":\"https:\\\/\\\/www.eldiario.net\\\/portal\\\/\",\"logo\":{\"@type\":\"ImageObject\",\"inLanguage\":\"es\",\"@id\":\"https:\\\/\\\/www.eldiario.net\\\/portal\\\/#\\\/schema\\\/logo\\\/image\\\/\",\"url\":\"https:\\\/\\\/www.eldiario.net\\\/portal\\\/wp-content\\\/uploads\\\/2023\\\/07\\\/logo_ED.jpg\",\"contentUrl\":\"https:\\\/\\\/www.eldiario.net\\\/portal\\\/wp-content\\\/uploads\\\/2023\\\/07\\\/logo_ED.jpg\",\"width\":272,\"height\":52,\"caption\":\"El Diario - Decano de la prensa nacional\"},\"image\":{\"@id\":\"https:\\\/\\\/www.eldiario.net\\\/portal\\\/#\\\/schema\\\/logo\\\/image\\\/\"},\"sameAs\":[\"https:\\\/\\\/www.facebook.com\\\/eldiario.bolivia\\\/\",\"https:\\\/\\\/x.com\\\/eldiario_net\"]},{\"@type\":\"Person\",\"@id\":\"https:\\\/\\\/www.eldiario.net\\\/portal\\\/#\\\/schema\\\/person\\\/f46445640444750d7d753ccd04ae01b7\",\"name\":\"Jeanette\",\"image\":{\"@type\":\"ImageObject\",\"inLanguage\":\"es\",\"@id\":\"https:\\\/\\\/secure.gravatar.com\\\/avatar\\\/3ea2118a5f7dad2b7138b1187a6b7ee55f160b9968b66013c3a3ef39dd7e5798?s=96&d=mm&r=g\",\"url\":\"https:\\\/\\\/secure.gravatar.com\\\/avatar\\\/3ea2118a5f7dad2b7138b1187a6b7ee55f160b9968b66013c3a3ef39dd7e5798?s=96&d=mm&r=g\",\"contentUrl\":\"https:\\\/\\\/secure.gravatar.com\\\/avatar\\\/3ea2118a5f7dad2b7138b1187a6b7ee55f160b9968b66013c3a3ef39dd7e5798?s=96&d=mm&r=g\",\"caption\":\"Jeanette\"},\"sameAs\":[\"https:\\\/\\\/www.eldiario.net\\\/portal\"],\"url\":\"https:\\\/\\\/www.eldiario.net\\\/portal\\\/author\\\/jeanette\\\/\"}]}<\/script>\n<!-- \/ Yoast SEO plugin. -->","yoast_head_json":{"title":"Rey Haakon VIII jura ante el Parlamento de Noruega - El Diario - Bolivia","robots":{"index":"index","follow":"follow","max-snippet":"max-snippet:-1","max-image-preview":"max-image-preview:large","max-video-preview":"max-video-preview:-1"},"canonical":"https:\/\/www.eldiario.net\/portal\/2026\/09\/02\/rey-haakon-viii-jura-ante-el-parlamento-de-noruega-2\/","og_locale":"es_ES","og_type":"article","og_title":"Rey Haakon VIII jura ante el Parlamento de Noruega - El Diario - Bolivia","og_description":"El rey Haakon VIII prest\u00f3 juramento de lealtad ante el Parlamento noruego ayer, en la primera etapa importante del traspaso de la corona desde la muerte de su padre tras 35 a\u00f1os en el trono. Vestido con un uniforme ceremonial, Haakon, quien se convirti\u00f3 en rey tras la muerte de Harald V el viernes, prometi\u00f3 [&hellip;]","og_url":"https:\/\/www.eldiario.net\/portal\/2026\/09\/02\/rey-haakon-viii-jura-ante-el-parlamento-de-noruega-2\/","og_site_name":"El Diario - Bolivia","article_publisher":"https:\/\/www.facebook.com\/eldiario.bolivia\/","article_published_time":"2026-09-02T10:43:33+00:00","og_image":[{"width":1200,"height":676,"url":"https:\/\/www.eldiario.net\/portal\/wp-content\/uploads\/2026\/09\/NORUEGA-RTVE.webp","type":"image\/webp"}],"author":"Jeanette","twitter_card":"summary_large_image","twitter_creator":"@eldiario_net","twitter_site":"@eldiario_net","twitter_misc":{"Escrito por":"Jeanette","Tiempo de lectura":"3 minutos"},"schema":{"@context":"https:\/\/schema.org","@graph":[{"@type":"Article","@id":"https:\/\/www.eldiario.net\/portal\/2026\/09\/02\/rey-haakon-viii-jura-ante-el-parlamento-de-noruega-2\/#article","isPartOf":{"@id":"https:\/\/www.eldiario.net\/portal\/2026\/09\/02\/rey-haakon-viii-jura-ante-el-parlamento-de-noruega-2\/"},"author":{"name":"Jeanette","@id":"https:\/\/www.eldiario.net\/portal\/#\/schema\/person\/f46445640444750d7d753ccd04ae01b7"},"headline":"Rey Haakon VIII jura ante el Parlamento de Noruega","datePublished":"2026-09-02T10:43:33+00:00","mainEntityOfPage":{"@id":"https:\/\/www.eldiario.net\/portal\/2026\/09\/02\/rey-haakon-viii-jura-ante-el-parlamento-de-noruega-2\/"},"wordCount":429,"publisher":{"@id":"https:\/\/www.eldiario.net\/portal\/#organization"},"image":{"@id":"https:\/\/www.eldiario.net\/portal\/2026\/09\/02\/rey-haakon-viii-jura-ante-el-parlamento-de-noruega-2\/#primaryimage"},"thumbnailUrl":"https:\/\/www.eldiario.net\/portal\/wp-content\/uploads\/2026\/09\/NORUEGA-RTVE.webp","articleSection":["Internacional"],"inLanguage":"es"},{"@type":"WebPage","@id":"https:\/\/www.eldiario.net\/portal\/2026\/09\/02\/rey-haakon-viii-jura-ante-el-parlamento-de-noruega-2\/","url":"https:\/\/www.eldiario.net\/portal\/2026\/09\/02\/rey-haakon-viii-jura-ante-el-parlamento-de-noruega-2\/","name":"Rey Haakon VIII jura ante el Parlamento de Noruega - El Diario - Bolivia","isPartOf":{"@id":"https:\/\/www.eldiario.net\/portal\/#website"},"primaryImageOfPage":{"@id":"https:\/\/www.eldiario.net\/portal\/2026\/09\/02\/rey-haakon-viii-jura-ante-el-parlamento-de-noruega-2\/#primaryimage"},"image":{"@id":"https:\/\/www.eldiario.net\/portal\/2026\/09\/02\/rey-haakon-viii-jura-ante-el-parlamento-de-noruega-2\/#primaryimage"},"thumbnailUrl":"https:\/\/www.eldiario.net\/portal\/wp-content\/uploads\/2026\/09\/NORUEGA-RTVE.webp","datePublished":"2026-09-02T10:43:33+00:00","breadcrumb":{"@id":"https:\/\/www.eldiario.net\/portal\/2026\/09\/02\/rey-haakon-viii-jura-ante-el-parlamento-de-noruega-2\/#breadcrumb"},"inLanguage":"es","potentialAction":[{"@type":"ReadAction","target":["https:\/\/www.eldiario.net\/portal\/2026\/09\/02\/rey-haakon-viii-jura-ante-el-parlamento-de-noruega-2\/"]}]},{"@type":"ImageObject","inLanguage":"es","@id":"https:\/\/www.eldiario.net\/portal\/2026\/09\/02\/rey-haakon-viii-jura-ante-el-parlamento-de-noruega-2\/#primaryimage","url":"https:\/\/www.eldiario.net\/portal\/wp-content\/uploads\/2026\/09\/NORUEGA-RTVE.webp","contentUrl":"https:\/\/www.eldiario.net\/portal\/wp-content\/uploads\/2026\/09\/NORUEGA-RTVE.webp","width":1200,"height":676},{"@type":"BreadcrumbList","@id":"https:\/\/www.eldiario.net\/portal\/2026\/09\/02\/rey-haakon-viii-jura-ante-el-parlamento-de-noruega-2\/#breadcrumb","itemListElement":[{"@type":"ListItem","position":1,"name":"Portada","item":"https:\/\/www.eldiario.net\/portal\/"},{"@type":"ListItem","position":2,"name":"Rey Haakon VIII jura ante el Parlamento de Noruega"}]},{"@type":"WebSite","@id":"https:\/\/www.eldiario.net\/portal\/#website","url":"https:\/\/www.eldiario.net\/portal\/","name":"El Diario - Decano de la prensa nacional","description":"El Diario - Decano de la prensa nacional","publisher":{"@id":"https:\/\/www.eldiario.net\/portal\/#organization"},"potentialAction":[{"@type":"SearchAction","target":{"@type":"EntryPoint","urlTemplate":"https:\/\/www.eldiario.net\/portal\/?s={search_term_string}"},"query-input":{"@type":"PropertyValueSpecification","valueRequired":true,"valueName":"search_term_string"}}],"inLanguage":"es"},{"@type":"Organization","@id":"https:\/\/www.eldiario.net\/portal\/#organization","name":"El Diario - Decano de la prensa nacional","url":"https:\/\/www.eldiario.net\/portal\/","logo":{"@type":"ImageObject","inLanguage":"es","@id":"https:\/\/www.eldiario.net\/portal\/#\/schema\/logo\/image\/","url":"https:\/\/www.eldiario.net\/portal\/wp-content\/uploads\/2023\/07\/logo_ED.jpg","contentUrl":"https:\/\/www.eldiario.net\/portal\/wp-content\/uploads\/2023\/07\/logo_ED.jpg","width":272,"height":52,"caption":"El Diario - Decano de la prensa nacional"},"image":{"@id":"https:\/\/www.eldiario.net\/portal\/#\/schema\/logo\/image\/"},"sameAs":["https:\/\/www.facebook.com\/eldiario.bolivia\/","https:\/\/x.com\/eldiario_net"]},{"@type":"Person","@id":"https:\/\/www.eldiario.net\/portal\/#\/schema\/person\/f46445640444750d7d753ccd04ae01b7","name":"Jeanette","image":{"@type":"ImageObject","inLanguage":"es","@id":"https:\/\/secure.gravatar.com\/avatar\/3ea2118a5f7dad2b7138b1187a6b7ee55f160b9968b66013c3a3ef39dd7e5798?s=96&d=mm&r=g","url":"https:\/\/secure.gravatar.com\/avatar\/3ea2118a5f7dad2b7138b1187a6b7ee55f160b9968b66013c3a3ef39dd7e5798?s=96&d=mm&r=g","contentUrl":"https:\/\/secure.gravatar.com\/avatar\/3ea2118a5f7dad2b7138b1187a6b7ee55f160b9968b66013c3a3ef39dd7e5798?s=96&d=mm&r=g","caption":"Jeanette"},"sameAs":["https:\/\/www.eldiario.net\/portal"],"url":"https:\/\/www.eldiario.net\/portal\/author\/jeanette\/"}]}},"_links":{"self":[{"href":"https:\/\/www.eldiario.net\/portal\/wp-json\/wp\/v2\/posts\/426968","targetHints":{"allow":["GET"]}}],"collection":[{"href":"https:\/\/www.eldiario.net\/portal\/wp-json\/wp\/v2\/posts"}],"about":[{"href":"https:\/\/www.eldiario.net\/portal\/wp-json\/wp\/v2\/types\/post"}],"author":[{"embeddable":true,"href":"https:\/\/www.eldiario.net\/portal\/wp-json\/wp\/v2\/users\/1"}],"replies":[{"embeddable":true,"href":"https:\/\/www.eldiario.net\/portal\/wp-json\/wp\/v2\/comments?post=426968"}],"version-history":[{"count":1,"href":"https:\/\/www.eldiario.net\/portal\/wp-json\/wp\/v2\/posts\/426968\/revisions"}],"predecessor-version":[{"id":426970,"href":"https:\/\/www.eldiario.net\/portal\/wp-json\/wp\/v2\/posts\/426968\/revisions\/426970"}],"wp:featuredmedia":[{"embeddable":true,"href":"https:\/\/www.eldiario.net\/portal\/wp-json\/wp\/v2\/media\/426969"}],"wp:attachment":[{"href":"https:\/\/www.eldiario.net\/portal\/wp-json\/wp\/v2\/media?parent=426968"}],"wp:term":[{"taxonomy":"category","embeddable":true,"href":"https:\/\/www.eldiario.net\/portal\/wp-json\/wp\/v2\/categories?post=426968"},{"taxonomy":"post_tag","embeddable":true,"href":"https:\/\/www.eldiario.net\/portal\/wp-json\/wp\/v2\/tags?post=426968"}],"curies":[{"name":"wp","href":"https:\/\/api.w.org\/{rel}","templated":true}]}}