{"id":426965,"date":"2026-09-02T06:43:02","date_gmt":"2026-09-02T10:43:02","guid":{"rendered":"https:\/\/www.eldiario.net\/portal\/?p=426965"},"modified":"2026-09-02T06:43:02","modified_gmt":"2026-09-02T10:43:02","slug":"tormenta-edouard-se-aproxima-a-texas-con-riesgo-de-inundaciones-2","status":"publish","type":"post","link":"https:\/\/www.eldiario.net\/portal\/2026\/09\/02\/tormenta-edouard-se-aproxima-a-texas-con-riesgo-de-inundaciones-2\/","title":{"rendered":"Tormenta Edouard se aproxima a Texas con riesgo de inundaciones"},"content":{"rendered":"<p>La tormenta tropical Edouard se dirig\u00eda hacia la costa del Golfo de M\u00e9xico a primera hora de ayer y se espera que gane fuerza antes de dejar lluvias potencialmente intensas e inundaciones en zonas de Texas y Luisiana.<br \/>\nHasta el lunes por la noche, Edouard era una depresi\u00f3n tropical, y los meteor\u00f3logos del Centro Nacional de Huracanes (NHC, por sus siglas en ingl\u00e9s) prev\u00e9n que toque tierra en Texas ayer.<br \/>\nA primera hora, la tormenta se encontraba a unos 100 kil\u00f3metros (65 millas) al sur-sureste de Cameron, Luisiana, y a 145 kms (90 millas) al sureste de Port Arthur, Texas, con vientos m\u00e1ximos sostenidos de 65 kil\u00f3metros\/hora (40 mph), mientras se desplazaba hacia el oeste-noroeste a 13 km\/h (8 mph).<br \/>\nEl gobernador de Texas, Greg Abbott, sostuvo que el principal problema que se esperaba que causase la tormenta son las inundaciones. Los meteor\u00f3logos prev\u00e9n de 7 a 15 cent\u00edmetros (entre 3 y 6 pulgadas) de lluvia en el \u00e1rea metropolitana de Houston, que en algunas zonas de la costa alta del estado podr\u00edan llegar a los 22 cms (9 pulgadas).<br \/>\nSeg\u00fan el NHC, podr\u00edan caer m\u00e1s de 10 cms (4 pulgadas) por hora, lo que podr\u00eda causar inundaciones repentinas en zonas bajas y \u00e1reas urbanas.<br \/>\n\u201cEsta es nuestra primera gran tormenta de la temporada y, les se\u00f1al\u00f3, Texas est\u00e1 preparado\u201d, dijo Orlando Alanis, de la Divisi\u00f3n de Manejo de Emergencias de Texas, en una conferencia de prensa.<br \/>\nAbbott se\u00f1al\u00f3 que cuadrillas de operarios trabajaron el lunes para retirar la vegetaci\u00f3n seca que podr\u00eda prender por el impacto de un rayo y provocar incendios de r\u00e1pida propagaci\u00f3n.<br \/>\nLos remanentes de la tormenta tropical Dolly descargaron lluvia y tormentas el\u00e9ctricas en zonas de Hait\u00ed y Rep\u00fablica Dominicana, las Islas Turcas y Caicos, y Bahamas, se\u00f1al\u00f3 el NHC.<br \/>\nEn el oc\u00e9ano Pac\u00edfico, la tormenta tropical Lowell se encontraba por la noche a unos 1.015 kil\u00f3metros (630 millas) al sureste de Hilo, Haw\u00e1i, con vientos m\u00e1ximos sostenidos de 110 km\/h (70 mph), mientras se desplazaba hacia el oeste a 17 km\/h (10 mph). De acuerdo con las previsiones, Lowell podr\u00eda ganar fuerza r\u00e1pidamente hoy y convertirse en un gran hurac\u00e1n.<br \/>\nTambi\u00e9n en el Pac\u00edfico, la tormenta tropical Marie se form\u00f3 a primera hora de ayer mar adentro, frente al suroeste de M\u00e9xico, y no supon\u00eda una amenaza en tierra, se\u00f1al\u00f3 el NHC. El meteor\u00f3logos se encontraba a unos 756 kms (470 millas) al suroeste de Manzanillo, con vientos m\u00e1ximos sostenidos de 72 km\/h (45 mph), y avanzaba en direcci\u00f3n el noroeste. Se prev\u00e9 que Marie se convirtiera en hurac\u00e1n en los pr\u00f3ximos d\u00edas.<br \/>\nEn otra zona del Pac\u00edfico, Karina se convirti\u00f3 en hurac\u00e1n el domingo, impulsado por aguas c\u00e1lidas mar adentro, y el lunes se fortaleci\u00f3 hasta convertirse en una potente tormenta de categor\u00eda 4. Sin embargo, no amenaza tierra, seg\u00fan los meteor\u00f3logos.<br \/>\nKarina segu\u00eda siendo un hurac\u00e1n de categor\u00eda 4 ayer por la ma\u00f1ana y se ubicaba a 1.950 kms (1.210 millas) al oeste-suroeste del extremo sur de la pen\u00ednsula de Baja California, en M\u00e9xico, con vientos m\u00e1ximos sostenidos de 222 km\/h (140 mph), mientras se desplazaba hacia el oeste-noroeste a 17 km\/h (10 mph), report\u00f3 el NHC. (Independent)<\/p>\n","protected":false},"excerpt":{"rendered":"<p>La tormenta tropical Edouard se dirig\u00eda hacia la costa del Golfo de M\u00e9xico a primera hora de ayer y se espera que gane fuerza antes de dejar lluvias potencialmente intensas e inundaciones en zonas de Texas y Luisiana. Hasta el lunes por la noche, Edouard era una depresi\u00f3n tropical, y los meteor\u00f3logos del Centro Nacional [&hellip;]<\/p>\n","protected":false},"author":1,"featured_media":426966,"comment_status":"closed","ping_status":"open","sticky":false,"template":"","format":"standard","meta":{"_acf_changed":false,"footnotes":""},"categories":[3],"tags":[],"class_list":["post-426965","post","type-post","status-publish","format-standard","has-post-thumbnail","category-internacional"],"acf":{"antetitulo":"Estados Unidos"},"yoast_head":"<!-- This site is optimized with the Yoast SEO plugin v28.4 - https:\/\/yoast.com\/product\/yoast-seo-wordpress\/ -->\n<title>Tormenta Edouard se aproxima a Texas con riesgo de inundaciones - El Diario - Bolivia<\/title>\n<meta name=\"robots\" content=\"index, follow, max-snippet:-1, max-image-preview:large, max-video-preview:-1\" \/>\n<link rel=\"canonical\" href=\"https:\/\/www.eldiario.net\/portal\/2026\/09\/02\/tormenta-edouard-se-aproxima-a-texas-con-riesgo-de-inundaciones-2\/\" \/>\n<meta property=\"og:locale\" content=\"es_ES\" \/>\n<meta property=\"og:type\" content=\"article\" \/>\n<meta property=\"og:title\" content=\"Tormenta Edouard se aproxima a Texas con riesgo de inundaciones - El Diario - Bolivia\" \/>\n<meta property=\"og:description\" content=\"La tormenta tropical Edouard se dirig\u00eda hacia la costa del Golfo de M\u00e9xico a primera hora de ayer y se espera que gane fuerza antes de dejar lluvias potencialmente intensas e inundaciones en zonas de Texas y Luisiana. Hasta el lunes por la noche, Edouard era una depresi\u00f3n tropical, y los meteor\u00f3logos del Centro Nacional [&hellip;]\" \/>\n<meta property=\"og:url\" content=\"https:\/\/www.eldiario.net\/portal\/2026\/09\/02\/tormenta-edouard-se-aproxima-a-texas-con-riesgo-de-inundaciones-2\/\" \/>\n<meta property=\"og:site_name\" content=\"El Diario - Bolivia\" \/>\n<meta property=\"article:publisher\" content=\"https:\/\/www.facebook.com\/eldiario.bolivia\/\" \/>\n<meta property=\"article:published_time\" content=\"2026-09-02T10:43:02+00:00\" \/>\n<meta property=\"og:image\" content=\"https:\/\/www.eldiario.net\/portal\/wp-content\/uploads\/2026\/09\/TORMENTA-NOAA.webp\" \/>\n\t<meta property=\"og:image:width\" content=\"1000\" \/>\n\t<meta property=\"og:image:height\" content=\"666\" \/>\n\t<meta property=\"og:image:type\" content=\"image\/webp\" \/>\n<meta name=\"author\" content=\"Jeanette\" \/>\n<meta name=\"twitter:card\" content=\"summary_large_image\" \/>\n<meta name=\"twitter:creator\" content=\"@eldiario_net\" \/>\n<meta name=\"twitter:site\" content=\"@eldiario_net\" \/>\n<meta name=\"twitter:label1\" content=\"Escrito por\" \/>\n\t<meta name=\"twitter:data1\" content=\"Jeanette\" \/>\n\t<meta name=\"twitter:label2\" content=\"Tiempo de lectura\" \/>\n\t<meta name=\"twitter:data2\" content=\"3 minutos\" \/>\n<script type=\"application\/ld+json\" class=\"yoast-schema-graph\">{\"@context\":\"https:\\\/\\\/schema.org\",\"@graph\":[{\"@type\":\"Article\",\"@id\":\"https:\\\/\\\/www.eldiario.net\\\/portal\\\/2026\\\/09\\\/02\\\/tormenta-edouard-se-aproxima-a-texas-con-riesgo-de-inundaciones-2\\\/#article\",\"isPartOf\":{\"@id\":\"https:\\\/\\\/www.eldiario.net\\\/portal\\\/2026\\\/09\\\/02\\\/tormenta-edouard-se-aproxima-a-texas-con-riesgo-de-inundaciones-2\\\/\"},\"author\":{\"name\":\"Jeanette\",\"@id\":\"https:\\\/\\\/www.eldiario.net\\\/portal\\\/#\\\/schema\\\/person\\\/f46445640444750d7d753ccd04ae01b7\"},\"headline\":\"Tormenta Edouard se aproxima a Texas con riesgo de inundaciones\",\"datePublished\":\"2026-09-02T10:43:02+00:00\",\"mainEntityOfPage\":{\"@id\":\"https:\\\/\\\/www.eldiario.net\\\/portal\\\/2026\\\/09\\\/02\\\/tormenta-edouard-se-aproxima-a-texas-con-riesgo-de-inundaciones-2\\\/\"},\"wordCount\":568,\"publisher\":{\"@id\":\"https:\\\/\\\/www.eldiario.net\\\/portal\\\/#organization\"},\"image\":{\"@id\":\"https:\\\/\\\/www.eldiario.net\\\/portal\\\/2026\\\/09\\\/02\\\/tormenta-edouard-se-aproxima-a-texas-con-riesgo-de-inundaciones-2\\\/#primaryimage\"},\"thumbnailUrl\":\"https:\\\/\\\/www.eldiario.net\\\/portal\\\/wp-content\\\/uploads\\\/2026\\\/09\\\/TORMENTA-NOAA.webp\",\"articleSection\":[\"Internacional\"],\"inLanguage\":\"es\"},{\"@type\":\"WebPage\",\"@id\":\"https:\\\/\\\/www.eldiario.net\\\/portal\\\/2026\\\/09\\\/02\\\/tormenta-edouard-se-aproxima-a-texas-con-riesgo-de-inundaciones-2\\\/\",\"url\":\"https:\\\/\\\/www.eldiario.net\\\/portal\\\/2026\\\/09\\\/02\\\/tormenta-edouard-se-aproxima-a-texas-con-riesgo-de-inundaciones-2\\\/\",\"name\":\"Tormenta Edouard se aproxima a Texas con riesgo de inundaciones - El Diario - Bolivia\",\"isPartOf\":{\"@id\":\"https:\\\/\\\/www.eldiario.net\\\/portal\\\/#website\"},\"primaryImageOfPage\":{\"@id\":\"https:\\\/\\\/www.eldiario.net\\\/portal\\\/2026\\\/09\\\/02\\\/tormenta-edouard-se-aproxima-a-texas-con-riesgo-de-inundaciones-2\\\/#primaryimage\"},\"image\":{\"@id\":\"https:\\\/\\\/www.eldiario.net\\\/portal\\\/2026\\\/09\\\/02\\\/tormenta-edouard-se-aproxima-a-texas-con-riesgo-de-inundaciones-2\\\/#primaryimage\"},\"thumbnailUrl\":\"https:\\\/\\\/www.eldiario.net\\\/portal\\\/wp-content\\\/uploads\\\/2026\\\/09\\\/TORMENTA-NOAA.webp\",\"datePublished\":\"2026-09-02T10:43:02+00:00\",\"breadcrumb\":{\"@id\":\"https:\\\/\\\/www.eldiario.net\\\/portal\\\/2026\\\/09\\\/02\\\/tormenta-edouard-se-aproxima-a-texas-con-riesgo-de-inundaciones-2\\\/#breadcrumb\"},\"inLanguage\":\"es\",\"potentialAction\":[{\"@type\":\"ReadAction\",\"target\":[\"https:\\\/\\\/www.eldiario.net\\\/portal\\\/2026\\\/09\\\/02\\\/tormenta-edouard-se-aproxima-a-texas-con-riesgo-de-inundaciones-2\\\/\"]}]},{\"@type\":\"ImageObject\",\"inLanguage\":\"es\",\"@id\":\"https:\\\/\\\/www.eldiario.net\\\/portal\\\/2026\\\/09\\\/02\\\/tormenta-edouard-se-aproxima-a-texas-con-riesgo-de-inundaciones-2\\\/#primaryimage\",\"url\":\"https:\\\/\\\/www.eldiario.net\\\/portal\\\/wp-content\\\/uploads\\\/2026\\\/09\\\/TORMENTA-NOAA.webp\",\"contentUrl\":\"https:\\\/\\\/www.eldiario.net\\\/portal\\\/wp-content\\\/uploads\\\/2026\\\/09\\\/TORMENTA-NOAA.webp\",\"width\":1000,\"height\":666,\"caption\":\"Vista satelital de la tormenta Edouard en Golfo de M\u00e9xico.\"},{\"@type\":\"BreadcrumbList\",\"@id\":\"https:\\\/\\\/www.eldiario.net\\\/portal\\\/2026\\\/09\\\/02\\\/tormenta-edouard-se-aproxima-a-texas-con-riesgo-de-inundaciones-2\\\/#breadcrumb\",\"itemListElement\":[{\"@type\":\"ListItem\",\"position\":1,\"name\":\"Portada\",\"item\":\"https:\\\/\\\/www.eldiario.net\\\/portal\\\/\"},{\"@type\":\"ListItem\",\"position\":2,\"name\":\"Tormenta Edouard se aproxima a Texas con riesgo de inundaciones\"}]},{\"@type\":\"WebSite\",\"@id\":\"https:\\\/\\\/www.eldiario.net\\\/portal\\\/#website\",\"url\":\"https:\\\/\\\/www.eldiario.net\\\/portal\\\/\",\"name\":\"El Diario - Decano de la prensa nacional\",\"description\":\"El Diario - Decano de la prensa nacional\",\"publisher\":{\"@id\":\"https:\\\/\\\/www.eldiario.net\\\/portal\\\/#organization\"},\"potentialAction\":[{\"@type\":\"SearchAction\",\"target\":{\"@type\":\"EntryPoint\",\"urlTemplate\":\"https:\\\/\\\/www.eldiario.net\\\/portal\\\/?s={search_term_string}\"},\"query-input\":{\"@type\":\"PropertyValueSpecification\",\"valueRequired\":true,\"valueName\":\"search_term_string\"}}],\"inLanguage\":\"es\"},{\"@type\":\"Organization\",\"@id\":\"https:\\\/\\\/www.eldiario.net\\\/portal\\\/#organization\",\"name\":\"El Diario - Decano de la prensa nacional\",\"url\":\"https:\\\/\\\/www.eldiario.net\\\/portal\\\/\",\"logo\":{\"@type\":\"ImageObject\",\"inLanguage\":\"es\",\"@id\":\"https:\\\/\\\/www.eldiario.net\\\/portal\\\/#\\\/schema\\\/logo\\\/image\\\/\",\"url\":\"https:\\\/\\\/www.eldiario.net\\\/portal\\\/wp-content\\\/uploads\\\/2023\\\/07\\\/logo_ED.jpg\",\"contentUrl\":\"https:\\\/\\\/www.eldiario.net\\\/portal\\\/wp-content\\\/uploads\\\/2023\\\/07\\\/logo_ED.jpg\",\"width\":272,\"height\":52,\"caption\":\"El Diario - Decano de la prensa nacional\"},\"image\":{\"@id\":\"https:\\\/\\\/www.eldiario.net\\\/portal\\\/#\\\/schema\\\/logo\\\/image\\\/\"},\"sameAs\":[\"https:\\\/\\\/www.facebook.com\\\/eldiario.bolivia\\\/\",\"https:\\\/\\\/x.com\\\/eldiario_net\"]},{\"@type\":\"Person\",\"@id\":\"https:\\\/\\\/www.eldiario.net\\\/portal\\\/#\\\/schema\\\/person\\\/f46445640444750d7d753ccd04ae01b7\",\"name\":\"Jeanette\",\"image\":{\"@type\":\"ImageObject\",\"inLanguage\":\"es\",\"@id\":\"https:\\\/\\\/secure.gravatar.com\\\/avatar\\\/3ea2118a5f7dad2b7138b1187a6b7ee55f160b9968b66013c3a3ef39dd7e5798?s=96&d=mm&r=g\",\"url\":\"https:\\\/\\\/secure.gravatar.com\\\/avatar\\\/3ea2118a5f7dad2b7138b1187a6b7ee55f160b9968b66013c3a3ef39dd7e5798?s=96&d=mm&r=g\",\"contentUrl\":\"https:\\\/\\\/secure.gravatar.com\\\/avatar\\\/3ea2118a5f7dad2b7138b1187a6b7ee55f160b9968b66013c3a3ef39dd7e5798?s=96&d=mm&r=g\",\"caption\":\"Jeanette\"},\"sameAs\":[\"https:\\\/\\\/www.eldiario.net\\\/portal\"],\"url\":\"https:\\\/\\\/www.eldiario.net\\\/portal\\\/author\\\/jeanette\\\/\"}]}<\/script>\n<!-- \/ Yoast SEO plugin. -->","yoast_head_json":{"title":"Tormenta Edouard se aproxima a Texas con riesgo de inundaciones - El Diario - Bolivia","robots":{"index":"index","follow":"follow","max-snippet":"max-snippet:-1","max-image-preview":"max-image-preview:large","max-video-preview":"max-video-preview:-1"},"canonical":"https:\/\/www.eldiario.net\/portal\/2026\/09\/02\/tormenta-edouard-se-aproxima-a-texas-con-riesgo-de-inundaciones-2\/","og_locale":"es_ES","og_type":"article","og_title":"Tormenta Edouard se aproxima a Texas con riesgo de inundaciones - El Diario - Bolivia","og_description":"La tormenta tropical Edouard se dirig\u00eda hacia la costa del Golfo de M\u00e9xico a primera hora de ayer y se espera que gane fuerza antes de dejar lluvias potencialmente intensas e inundaciones en zonas de Texas y Luisiana. Hasta el lunes por la noche, Edouard era una depresi\u00f3n tropical, y los meteor\u00f3logos del Centro Nacional [&hellip;]","og_url":"https:\/\/www.eldiario.net\/portal\/2026\/09\/02\/tormenta-edouard-se-aproxima-a-texas-con-riesgo-de-inundaciones-2\/","og_site_name":"El Diario - Bolivia","article_publisher":"https:\/\/www.facebook.com\/eldiario.bolivia\/","article_published_time":"2026-09-02T10:43:02+00:00","og_image":[{"width":1000,"height":666,"url":"https:\/\/www.eldiario.net\/portal\/wp-content\/uploads\/2026\/09\/TORMENTA-NOAA.webp","type":"image\/webp"}],"author":"Jeanette","twitter_card":"summary_large_image","twitter_creator":"@eldiario_net","twitter_site":"@eldiario_net","twitter_misc":{"Escrito por":"Jeanette","Tiempo de lectura":"3 minutos"},"schema":{"@context":"https:\/\/schema.org","@graph":[{"@type":"Article","@id":"https:\/\/www.eldiario.net\/portal\/2026\/09\/02\/tormenta-edouard-se-aproxima-a-texas-con-riesgo-de-inundaciones-2\/#article","isPartOf":{"@id":"https:\/\/www.eldiario.net\/portal\/2026\/09\/02\/tormenta-edouard-se-aproxima-a-texas-con-riesgo-de-inundaciones-2\/"},"author":{"name":"Jeanette","@id":"https:\/\/www.eldiario.net\/portal\/#\/schema\/person\/f46445640444750d7d753ccd04ae01b7"},"headline":"Tormenta Edouard se aproxima a Texas con riesgo de inundaciones","datePublished":"2026-09-02T10:43:02+00:00","mainEntityOfPage":{"@id":"https:\/\/www.eldiario.net\/portal\/2026\/09\/02\/tormenta-edouard-se-aproxima-a-texas-con-riesgo-de-inundaciones-2\/"},"wordCount":568,"publisher":{"@id":"https:\/\/www.eldiario.net\/portal\/#organization"},"image":{"@id":"https:\/\/www.eldiario.net\/portal\/2026\/09\/02\/tormenta-edouard-se-aproxima-a-texas-con-riesgo-de-inundaciones-2\/#primaryimage"},"thumbnailUrl":"https:\/\/www.eldiario.net\/portal\/wp-content\/uploads\/2026\/09\/TORMENTA-NOAA.webp","articleSection":["Internacional"],"inLanguage":"es"},{"@type":"WebPage","@id":"https:\/\/www.eldiario.net\/portal\/2026\/09\/02\/tormenta-edouard-se-aproxima-a-texas-con-riesgo-de-inundaciones-2\/","url":"https:\/\/www.eldiario.net\/portal\/2026\/09\/02\/tormenta-edouard-se-aproxima-a-texas-con-riesgo-de-inundaciones-2\/","name":"Tormenta Edouard se aproxima a Texas con riesgo de inundaciones - El Diario - Bolivia","isPartOf":{"@id":"https:\/\/www.eldiario.net\/portal\/#website"},"primaryImageOfPage":{"@id":"https:\/\/www.eldiario.net\/portal\/2026\/09\/02\/tormenta-edouard-se-aproxima-a-texas-con-riesgo-de-inundaciones-2\/#primaryimage"},"image":{"@id":"https:\/\/www.eldiario.net\/portal\/2026\/09\/02\/tormenta-edouard-se-aproxima-a-texas-con-riesgo-de-inundaciones-2\/#primaryimage"},"thumbnailUrl":"https:\/\/www.eldiario.net\/portal\/wp-content\/uploads\/2026\/09\/TORMENTA-NOAA.webp","datePublished":"2026-09-02T10:43:02+00:00","breadcrumb":{"@id":"https:\/\/www.eldiario.net\/portal\/2026\/09\/02\/tormenta-edouard-se-aproxima-a-texas-con-riesgo-de-inundaciones-2\/#breadcrumb"},"inLanguage":"es","potentialAction":[{"@type":"ReadAction","target":["https:\/\/www.eldiario.net\/portal\/2026\/09\/02\/tormenta-edouard-se-aproxima-a-texas-con-riesgo-de-inundaciones-2\/"]}]},{"@type":"ImageObject","inLanguage":"es","@id":"https:\/\/www.eldiario.net\/portal\/2026\/09\/02\/tormenta-edouard-se-aproxima-a-texas-con-riesgo-de-inundaciones-2\/#primaryimage","url":"https:\/\/www.eldiario.net\/portal\/wp-content\/uploads\/2026\/09\/TORMENTA-NOAA.webp","contentUrl":"https:\/\/www.eldiario.net\/portal\/wp-content\/uploads\/2026\/09\/TORMENTA-NOAA.webp","width":1000,"height":666,"caption":"Vista satelital de la tormenta Edouard en Golfo de M\u00e9xico."},{"@type":"BreadcrumbList","@id":"https:\/\/www.eldiario.net\/portal\/2026\/09\/02\/tormenta-edouard-se-aproxima-a-texas-con-riesgo-de-inundaciones-2\/#breadcrumb","itemListElement":[{"@type":"ListItem","position":1,"name":"Portada","item":"https:\/\/www.eldiario.net\/portal\/"},{"@type":"ListItem","position":2,"name":"Tormenta Edouard se aproxima a Texas con riesgo de inundaciones"}]},{"@type":"WebSite","@id":"https:\/\/www.eldiario.net\/portal\/#website","url":"https:\/\/www.eldiario.net\/portal\/","name":"El Diario - Decano de la prensa nacional","description":"El Diario - Decano de la prensa nacional","publisher":{"@id":"https:\/\/www.eldiario.net\/portal\/#organization"},"potentialAction":[{"@type":"SearchAction","target":{"@type":"EntryPoint","urlTemplate":"https:\/\/www.eldiario.net\/portal\/?s={search_term_string}"},"query-input":{"@type":"PropertyValueSpecification","valueRequired":true,"valueName":"search_term_string"}}],"inLanguage":"es"},{"@type":"Organization","@id":"https:\/\/www.eldiario.net\/portal\/#organization","name":"El Diario - Decano de la prensa nacional","url":"https:\/\/www.eldiario.net\/portal\/","logo":{"@type":"ImageObject","inLanguage":"es","@id":"https:\/\/www.eldiario.net\/portal\/#\/schema\/logo\/image\/","url":"https:\/\/www.eldiario.net\/portal\/wp-content\/uploads\/2023\/07\/logo_ED.jpg","contentUrl":"https:\/\/www.eldiario.net\/portal\/wp-content\/uploads\/2023\/07\/logo_ED.jpg","width":272,"height":52,"caption":"El Diario - Decano de la prensa nacional"},"image":{"@id":"https:\/\/www.eldiario.net\/portal\/#\/schema\/logo\/image\/"},"sameAs":["https:\/\/www.facebook.com\/eldiario.bolivia\/","https:\/\/x.com\/eldiario_net"]},{"@type":"Person","@id":"https:\/\/www.eldiario.net\/portal\/#\/schema\/person\/f46445640444750d7d753ccd04ae01b7","name":"Jeanette","image":{"@type":"ImageObject","inLanguage":"es","@id":"https:\/\/secure.gravatar.com\/avatar\/3ea2118a5f7dad2b7138b1187a6b7ee55f160b9968b66013c3a3ef39dd7e5798?s=96&d=mm&r=g","url":"https:\/\/secure.gravatar.com\/avatar\/3ea2118a5f7dad2b7138b1187a6b7ee55f160b9968b66013c3a3ef39dd7e5798?s=96&d=mm&r=g","contentUrl":"https:\/\/secure.gravatar.com\/avatar\/3ea2118a5f7dad2b7138b1187a6b7ee55f160b9968b66013c3a3ef39dd7e5798?s=96&d=mm&r=g","caption":"Jeanette"},"sameAs":["https:\/\/www.eldiario.net\/portal"],"url":"https:\/\/www.eldiario.net\/portal\/author\/jeanette\/"}]}},"_links":{"self":[{"href":"https:\/\/www.eldiario.net\/portal\/wp-json\/wp\/v2\/posts\/426965","targetHints":{"allow":["GET"]}}],"collection":[{"href":"https:\/\/www.eldiario.net\/portal\/wp-json\/wp\/v2\/posts"}],"about":[{"href":"https:\/\/www.eldiario.net\/portal\/wp-json\/wp\/v2\/types\/post"}],"author":[{"embeddable":true,"href":"https:\/\/www.eldiario.net\/portal\/wp-json\/wp\/v2\/users\/1"}],"replies":[{"embeddable":true,"href":"https:\/\/www.eldiario.net\/portal\/wp-json\/wp\/v2\/comments?post=426965"}],"version-history":[{"count":1,"href":"https:\/\/www.eldiario.net\/portal\/wp-json\/wp\/v2\/posts\/426965\/revisions"}],"predecessor-version":[{"id":426967,"href":"https:\/\/www.eldiario.net\/portal\/wp-json\/wp\/v2\/posts\/426965\/revisions\/426967"}],"wp:featuredmedia":[{"embeddable":true,"href":"https:\/\/www.eldiario.net\/portal\/wp-json\/wp\/v2\/media\/426966"}],"wp:attachment":[{"href":"https:\/\/www.eldiario.net\/portal\/wp-json\/wp\/v2\/media?parent=426965"}],"wp:term":[{"taxonomy":"category","embeddable":true,"href":"https:\/\/www.eldiario.net\/portal\/wp-json\/wp\/v2\/categories?post=426965"},{"taxonomy":"post_tag","embeddable":true,"href":"https:\/\/www.eldiario.net\/portal\/wp-json\/wp\/v2\/tags?post=426965"}],"curies":[{"name":"wp","href":"https:\/\/api.w.org\/{rel}","templated":true}]}}