{"id":426962,"date":"2026-09-02T06:42:26","date_gmt":"2026-09-02T10:42:26","guid":{"rendered":"https:\/\/www.eldiario.net\/portal\/?p=426962"},"modified":"2026-09-02T06:42:26","modified_gmt":"2026-09-02T10:42:26","slug":"maduro-planea-quedar-libre-ante-justicia-estadounidense","status":"publish","type":"post","link":"https:\/\/www.eldiario.net\/portal\/2026\/09\/02\/maduro-planea-quedar-libre-ante-justicia-estadounidense\/","title":{"rendered":"Maduro planea quedar libre ante justicia estadounidense"},"content":{"rendered":"<p>El depuesto dictador venezolano, Nicol\u00e1s Maduro, presentar\u00e1 hoy ante el juez federal de Manhattan Alvin Hellerstein las mociones con las que buscar\u00e1 que su caso penal por narcotr\u00e1fico sea desestimado antes de llegar a juicio, seg\u00fan revel\u00f3 Reuters, citando a seis expertos estadounidenses en derecho internacional y defensa penal.<br \/>\nLa estrategia de la defensa gira en torno a dos argumentos centrales: la inmunidad soberana como jefe de Estado y la ilegalidad de su captura. Los especialistas consultados por el medio coinciden en que los precedentes legales no favorecen a Maduro en ninguno de los dos frentes.<br \/>\nEl abogado de Maduro, Barry Pollack, argumentar\u00e1 que su cliente goza de inmunidad procesal como jefe de Estado soberano, un principio considerado fundamental para la diplomacia internacional. Se presupone que la fiscal\u00eda responder\u00e1 que Washington no reconoce a Maduro como presidente de Venezuela desde 2019, cuando asumi\u00f3 tras unas elecciones que Estados Unidos calific\u00f3 de fraudulentas, y que tampoco reconoci\u00f3 su reelecci\u00f3n de 2024.<br \/>\nLos expertos se\u00f1alan que los tribunales estadounidenses suelen respetar la posici\u00f3n del poder ejecutivo sobre qui\u00e9n es reconocido como l\u00edder de un pa\u00eds extranjero. Adem\u00e1s, la historia no ayuda a Maduro.<br \/>\nEl precedente m\u00e1s cercano es el del exdictador paname\u00f1o Manuel Noriega, capturado por el ej\u00e9rcito estadounidense y trasladado a Miami por cargos de narcotr\u00e1fico. En 1990, un juez federal rechaz\u00f3 su argumento de inmunidad porque nunca ostent\u00f3 oficialmente el t\u00edtulo de presidente. Al confirmar la condena, un tribunal de apelaciones se\u00f1al\u00f3 adem\u00e1s que Panam\u00e1 nunca solicit\u00f3 formalmente inmunidad para \u00e9l.<br \/>\nEsto es diferente en el caso del ca\u00eddo l\u00edder venezolano. A principios de a\u00f1o, el gobierno de Delcy Rodr\u00edguez describi\u00f3 a Maduro como presidente leg\u00edtimo y exigi\u00f3 su regreso. Desde entonces, los funcionarios guardaron silencio sobre el tema e intensificaron su cooperaci\u00f3n con la administraci\u00f3n Trump.<br \/>\nEl segundo argumento de la defensa apunta a que la captura de Maduro contravino el tratado de extradici\u00f3n entre Estados Unidos y Venezuela, que obliga a ambos pa\u00edses a solicitar formalmente la entrega de fugitivos. No obstante, los tribunales estadounidenses sostuvieron de manera consistente durante m\u00e1s de un siglo que la forma en que se captura a un acusado no puede impedir su enjuiciamiento.<br \/>\nLa doctrina, conocida en lat\u00edn como male captus, bene detentus (capturado injustamente, detenido debidamente), se remonta a 1886, cuando la Corte Suprema rechaz\u00f3 el argumento de un empleado de banco de Chicago que hab\u00eda robado a su empleador, huy\u00f3 a Per\u00fa y fue capturado por un detective privado, alegando que su detenci\u00f3n no se reg\u00eda por el tratado de extradici\u00f3n vigente.<br \/>\nLa Corte Suprema ratific\u00f3 esa doctrina en 1992, denegando la solicitud de un m\u00e9dico mexicano de que se desestimaran cargos relacionados con c\u00e1rteles de la droga luego de que fuera secuestrado y trasladado a Estados Unidos por ciudadanos mexicanos reclutados por la DEA.<br \/>\nEl Departamento de Justicia cit\u00f3 ese precedente en un memorando del 23 de diciembre de 2025 dirigido al Consejo de Seguridad Nacional de Trump para argumentar que la naturaleza coercitiva de la operaci\u00f3n que captur\u00f3 a Maduro no pondr\u00eda en peligro su enjuiciamiento.<br \/>\nSi el juez Hellerstein rechaza las mociones de la defensa, como sugieren los precedentes que ocurrir\u00e1, el proceso continuar\u00e1 hacia el juicio fijado para junio de 2027. Si las acepta, el caso podr\u00eda terminar antes de llegar al jurado. Maduro enfrenta cargos de narcoterrorismo, conspiraci\u00f3n para importar coca\u00edna, lavado de dinero y posesi\u00f3n de armas, y se declar\u00f3 inocente de todos ellos. (Semana)<\/p>\n","protected":false},"excerpt":{"rendered":"<p>El depuesto dictador venezolano, Nicol\u00e1s Maduro, presentar\u00e1 hoy ante el juez federal de Manhattan Alvin Hellerstein las mociones con las que buscar\u00e1 que su caso penal por narcotr\u00e1fico sea desestimado antes de llegar a juicio, seg\u00fan revel\u00f3 Reuters, citando a seis expertos estadounidenses en derecho internacional y defensa penal. La estrategia de la defensa gira [&hellip;]<\/p>\n","protected":false},"author":1,"featured_media":426963,"comment_status":"closed","ping_status":"open","sticky":false,"template":"","format":"standard","meta":{"_acf_changed":false,"footnotes":""},"categories":[3],"tags":[],"class_list":["post-426962","post","type-post","status-publish","format-standard","has-post-thumbnail","category-internacional"],"acf":{"antetitulo":"Nueva York"},"yoast_head":"<!-- This site is optimized with the Yoast SEO plugin v28.4 - https:\/\/yoast.com\/product\/yoast-seo-wordpress\/ -->\n<title>Maduro planea quedar libre ante justicia estadounidense - El Diario - Bolivia<\/title>\n<meta name=\"robots\" content=\"index, follow, max-snippet:-1, max-image-preview:large, max-video-preview:-1\" \/>\n<link rel=\"canonical\" href=\"https:\/\/www.eldiario.net\/portal\/2026\/09\/02\/maduro-planea-quedar-libre-ante-justicia-estadounidense\/\" \/>\n<meta property=\"og:locale\" content=\"es_ES\" \/>\n<meta property=\"og:type\" content=\"article\" \/>\n<meta property=\"og:title\" content=\"Maduro planea quedar libre ante justicia estadounidense - El Diario - Bolivia\" \/>\n<meta property=\"og:description\" content=\"El depuesto dictador venezolano, Nicol\u00e1s Maduro, presentar\u00e1 hoy ante el juez federal de Manhattan Alvin Hellerstein las mociones con las que buscar\u00e1 que su caso penal por narcotr\u00e1fico sea desestimado antes de llegar a juicio, seg\u00fan revel\u00f3 Reuters, citando a seis expertos estadounidenses en derecho internacional y defensa penal. La estrategia de la defensa gira [&hellip;]\" \/>\n<meta property=\"og:url\" content=\"https:\/\/www.eldiario.net\/portal\/2026\/09\/02\/maduro-planea-quedar-libre-ante-justicia-estadounidense\/\" \/>\n<meta property=\"og:site_name\" content=\"El Diario - Bolivia\" \/>\n<meta property=\"article:publisher\" content=\"https:\/\/www.facebook.com\/eldiario.bolivia\/\" \/>\n<meta property=\"article:published_time\" content=\"2026-09-02T10:42:26+00:00\" \/>\n<meta property=\"og:image\" content=\"https:\/\/www.eldiario.net\/portal\/wp-content\/uploads\/2026\/09\/MADURO-AP.webp\" \/>\n\t<meta property=\"og:image:width\" content=\"980\" \/>\n\t<meta property=\"og:image:height\" content=\"551\" \/>\n\t<meta property=\"og:image:type\" content=\"image\/webp\" \/>\n<meta name=\"author\" content=\"Jeanette\" \/>\n<meta name=\"twitter:card\" content=\"summary_large_image\" \/>\n<meta name=\"twitter:creator\" content=\"@eldiario_net\" \/>\n<meta name=\"twitter:site\" content=\"@eldiario_net\" \/>\n<meta name=\"twitter:label1\" content=\"Escrito por\" \/>\n\t<meta name=\"twitter:data1\" content=\"Jeanette\" \/>\n\t<meta name=\"twitter:label2\" content=\"Tiempo de lectura\" \/>\n\t<meta name=\"twitter:data2\" content=\"3 minutos\" \/>\n<script type=\"application\/ld+json\" class=\"yoast-schema-graph\">{\"@context\":\"https:\\\/\\\/schema.org\",\"@graph\":[{\"@type\":\"Article\",\"@id\":\"https:\\\/\\\/www.eldiario.net\\\/portal\\\/2026\\\/09\\\/02\\\/maduro-planea-quedar-libre-ante-justicia-estadounidense\\\/#article\",\"isPartOf\":{\"@id\":\"https:\\\/\\\/www.eldiario.net\\\/portal\\\/2026\\\/09\\\/02\\\/maduro-planea-quedar-libre-ante-justicia-estadounidense\\\/\"},\"author\":{\"name\":\"Jeanette\",\"@id\":\"https:\\\/\\\/www.eldiario.net\\\/portal\\\/#\\\/schema\\\/person\\\/f46445640444750d7d753ccd04ae01b7\"},\"headline\":\"Maduro planea quedar libre ante justicia estadounidense\",\"datePublished\":\"2026-09-02T10:42:26+00:00\",\"mainEntityOfPage\":{\"@id\":\"https:\\\/\\\/www.eldiario.net\\\/portal\\\/2026\\\/09\\\/02\\\/maduro-planea-quedar-libre-ante-justicia-estadounidense\\\/\"},\"wordCount\":611,\"publisher\":{\"@id\":\"https:\\\/\\\/www.eldiario.net\\\/portal\\\/#organization\"},\"image\":{\"@id\":\"https:\\\/\\\/www.eldiario.net\\\/portal\\\/2026\\\/09\\\/02\\\/maduro-planea-quedar-libre-ante-justicia-estadounidense\\\/#primaryimage\"},\"thumbnailUrl\":\"https:\\\/\\\/www.eldiario.net\\\/portal\\\/wp-content\\\/uploads\\\/2026\\\/09\\\/MADURO-AP.webp\",\"articleSection\":[\"Internacional\"],\"inLanguage\":\"es\"},{\"@type\":\"WebPage\",\"@id\":\"https:\\\/\\\/www.eldiario.net\\\/portal\\\/2026\\\/09\\\/02\\\/maduro-planea-quedar-libre-ante-justicia-estadounidense\\\/\",\"url\":\"https:\\\/\\\/www.eldiario.net\\\/portal\\\/2026\\\/09\\\/02\\\/maduro-planea-quedar-libre-ante-justicia-estadounidense\\\/\",\"name\":\"Maduro planea quedar libre ante justicia estadounidense - El Diario - Bolivia\",\"isPartOf\":{\"@id\":\"https:\\\/\\\/www.eldiario.net\\\/portal\\\/#website\"},\"primaryImageOfPage\":{\"@id\":\"https:\\\/\\\/www.eldiario.net\\\/portal\\\/2026\\\/09\\\/02\\\/maduro-planea-quedar-libre-ante-justicia-estadounidense\\\/#primaryimage\"},\"image\":{\"@id\":\"https:\\\/\\\/www.eldiario.net\\\/portal\\\/2026\\\/09\\\/02\\\/maduro-planea-quedar-libre-ante-justicia-estadounidense\\\/#primaryimage\"},\"thumbnailUrl\":\"https:\\\/\\\/www.eldiario.net\\\/portal\\\/wp-content\\\/uploads\\\/2026\\\/09\\\/MADURO-AP.webp\",\"datePublished\":\"2026-09-02T10:42:26+00:00\",\"breadcrumb\":{\"@id\":\"https:\\\/\\\/www.eldiario.net\\\/portal\\\/2026\\\/09\\\/02\\\/maduro-planea-quedar-libre-ante-justicia-estadounidense\\\/#breadcrumb\"},\"inLanguage\":\"es\",\"potentialAction\":[{\"@type\":\"ReadAction\",\"target\":[\"https:\\\/\\\/www.eldiario.net\\\/portal\\\/2026\\\/09\\\/02\\\/maduro-planea-quedar-libre-ante-justicia-estadounidense\\\/\"]}]},{\"@type\":\"ImageObject\",\"inLanguage\":\"es\",\"@id\":\"https:\\\/\\\/www.eldiario.net\\\/portal\\\/2026\\\/09\\\/02\\\/maduro-planea-quedar-libre-ante-justicia-estadounidense\\\/#primaryimage\",\"url\":\"https:\\\/\\\/www.eldiario.net\\\/portal\\\/wp-content\\\/uploads\\\/2026\\\/09\\\/MADURO-AP.webp\",\"contentUrl\":\"https:\\\/\\\/www.eldiario.net\\\/portal\\\/wp-content\\\/uploads\\\/2026\\\/09\\\/MADURO-AP.webp\",\"width\":980,\"height\":551,\"caption\":\"El expresidente venezolano, Nicol\u00e1s Maduro.\"},{\"@type\":\"BreadcrumbList\",\"@id\":\"https:\\\/\\\/www.eldiario.net\\\/portal\\\/2026\\\/09\\\/02\\\/maduro-planea-quedar-libre-ante-justicia-estadounidense\\\/#breadcrumb\",\"itemListElement\":[{\"@type\":\"ListItem\",\"position\":1,\"name\":\"Portada\",\"item\":\"https:\\\/\\\/www.eldiario.net\\\/portal\\\/\"},{\"@type\":\"ListItem\",\"position\":2,\"name\":\"Maduro planea quedar libre ante justicia estadounidense\"}]},{\"@type\":\"WebSite\",\"@id\":\"https:\\\/\\\/www.eldiario.net\\\/portal\\\/#website\",\"url\":\"https:\\\/\\\/www.eldiario.net\\\/portal\\\/\",\"name\":\"El Diario - Decano de la prensa nacional\",\"description\":\"El Diario - Decano de la prensa nacional\",\"publisher\":{\"@id\":\"https:\\\/\\\/www.eldiario.net\\\/portal\\\/#organization\"},\"potentialAction\":[{\"@type\":\"SearchAction\",\"target\":{\"@type\":\"EntryPoint\",\"urlTemplate\":\"https:\\\/\\\/www.eldiario.net\\\/portal\\\/?s={search_term_string}\"},\"query-input\":{\"@type\":\"PropertyValueSpecification\",\"valueRequired\":true,\"valueName\":\"search_term_string\"}}],\"inLanguage\":\"es\"},{\"@type\":\"Organization\",\"@id\":\"https:\\\/\\\/www.eldiario.net\\\/portal\\\/#organization\",\"name\":\"El Diario - Decano de la prensa nacional\",\"url\":\"https:\\\/\\\/www.eldiario.net\\\/portal\\\/\",\"logo\":{\"@type\":\"ImageObject\",\"inLanguage\":\"es\",\"@id\":\"https:\\\/\\\/www.eldiario.net\\\/portal\\\/#\\\/schema\\\/logo\\\/image\\\/\",\"url\":\"https:\\\/\\\/www.eldiario.net\\\/portal\\\/wp-content\\\/uploads\\\/2023\\\/07\\\/logo_ED.jpg\",\"contentUrl\":\"https:\\\/\\\/www.eldiario.net\\\/portal\\\/wp-content\\\/uploads\\\/2023\\\/07\\\/logo_ED.jpg\",\"width\":272,\"height\":52,\"caption\":\"El Diario - Decano de la prensa nacional\"},\"image\":{\"@id\":\"https:\\\/\\\/www.eldiario.net\\\/portal\\\/#\\\/schema\\\/logo\\\/image\\\/\"},\"sameAs\":[\"https:\\\/\\\/www.facebook.com\\\/eldiario.bolivia\\\/\",\"https:\\\/\\\/x.com\\\/eldiario_net\"]},{\"@type\":\"Person\",\"@id\":\"https:\\\/\\\/www.eldiario.net\\\/portal\\\/#\\\/schema\\\/person\\\/f46445640444750d7d753ccd04ae01b7\",\"name\":\"Jeanette\",\"image\":{\"@type\":\"ImageObject\",\"inLanguage\":\"es\",\"@id\":\"https:\\\/\\\/secure.gravatar.com\\\/avatar\\\/3ea2118a5f7dad2b7138b1187a6b7ee55f160b9968b66013c3a3ef39dd7e5798?s=96&d=mm&r=g\",\"url\":\"https:\\\/\\\/secure.gravatar.com\\\/avatar\\\/3ea2118a5f7dad2b7138b1187a6b7ee55f160b9968b66013c3a3ef39dd7e5798?s=96&d=mm&r=g\",\"contentUrl\":\"https:\\\/\\\/secure.gravatar.com\\\/avatar\\\/3ea2118a5f7dad2b7138b1187a6b7ee55f160b9968b66013c3a3ef39dd7e5798?s=96&d=mm&r=g\",\"caption\":\"Jeanette\"},\"sameAs\":[\"https:\\\/\\\/www.eldiario.net\\\/portal\"],\"url\":\"https:\\\/\\\/www.eldiario.net\\\/portal\\\/author\\\/jeanette\\\/\"}]}<\/script>\n<!-- \/ Yoast SEO plugin. -->","yoast_head_json":{"title":"Maduro planea quedar libre ante justicia estadounidense - El Diario - Bolivia","robots":{"index":"index","follow":"follow","max-snippet":"max-snippet:-1","max-image-preview":"max-image-preview:large","max-video-preview":"max-video-preview:-1"},"canonical":"https:\/\/www.eldiario.net\/portal\/2026\/09\/02\/maduro-planea-quedar-libre-ante-justicia-estadounidense\/","og_locale":"es_ES","og_type":"article","og_title":"Maduro planea quedar libre ante justicia estadounidense - El Diario - Bolivia","og_description":"El depuesto dictador venezolano, Nicol\u00e1s Maduro, presentar\u00e1 hoy ante el juez federal de Manhattan Alvin Hellerstein las mociones con las que buscar\u00e1 que su caso penal por narcotr\u00e1fico sea desestimado antes de llegar a juicio, seg\u00fan revel\u00f3 Reuters, citando a seis expertos estadounidenses en derecho internacional y defensa penal. La estrategia de la defensa gira [&hellip;]","og_url":"https:\/\/www.eldiario.net\/portal\/2026\/09\/02\/maduro-planea-quedar-libre-ante-justicia-estadounidense\/","og_site_name":"El Diario - Bolivia","article_publisher":"https:\/\/www.facebook.com\/eldiario.bolivia\/","article_published_time":"2026-09-02T10:42:26+00:00","og_image":[{"width":980,"height":551,"url":"https:\/\/www.eldiario.net\/portal\/wp-content\/uploads\/2026\/09\/MADURO-AP.webp","type":"image\/webp"}],"author":"Jeanette","twitter_card":"summary_large_image","twitter_creator":"@eldiario_net","twitter_site":"@eldiario_net","twitter_misc":{"Escrito por":"Jeanette","Tiempo de lectura":"3 minutos"},"schema":{"@context":"https:\/\/schema.org","@graph":[{"@type":"Article","@id":"https:\/\/www.eldiario.net\/portal\/2026\/09\/02\/maduro-planea-quedar-libre-ante-justicia-estadounidense\/#article","isPartOf":{"@id":"https:\/\/www.eldiario.net\/portal\/2026\/09\/02\/maduro-planea-quedar-libre-ante-justicia-estadounidense\/"},"author":{"name":"Jeanette","@id":"https:\/\/www.eldiario.net\/portal\/#\/schema\/person\/f46445640444750d7d753ccd04ae01b7"},"headline":"Maduro planea quedar libre ante justicia estadounidense","datePublished":"2026-09-02T10:42:26+00:00","mainEntityOfPage":{"@id":"https:\/\/www.eldiario.net\/portal\/2026\/09\/02\/maduro-planea-quedar-libre-ante-justicia-estadounidense\/"},"wordCount":611,"publisher":{"@id":"https:\/\/www.eldiario.net\/portal\/#organization"},"image":{"@id":"https:\/\/www.eldiario.net\/portal\/2026\/09\/02\/maduro-planea-quedar-libre-ante-justicia-estadounidense\/#primaryimage"},"thumbnailUrl":"https:\/\/www.eldiario.net\/portal\/wp-content\/uploads\/2026\/09\/MADURO-AP.webp","articleSection":["Internacional"],"inLanguage":"es"},{"@type":"WebPage","@id":"https:\/\/www.eldiario.net\/portal\/2026\/09\/02\/maduro-planea-quedar-libre-ante-justicia-estadounidense\/","url":"https:\/\/www.eldiario.net\/portal\/2026\/09\/02\/maduro-planea-quedar-libre-ante-justicia-estadounidense\/","name":"Maduro planea quedar libre ante justicia estadounidense - El Diario - Bolivia","isPartOf":{"@id":"https:\/\/www.eldiario.net\/portal\/#website"},"primaryImageOfPage":{"@id":"https:\/\/www.eldiario.net\/portal\/2026\/09\/02\/maduro-planea-quedar-libre-ante-justicia-estadounidense\/#primaryimage"},"image":{"@id":"https:\/\/www.eldiario.net\/portal\/2026\/09\/02\/maduro-planea-quedar-libre-ante-justicia-estadounidense\/#primaryimage"},"thumbnailUrl":"https:\/\/www.eldiario.net\/portal\/wp-content\/uploads\/2026\/09\/MADURO-AP.webp","datePublished":"2026-09-02T10:42:26+00:00","breadcrumb":{"@id":"https:\/\/www.eldiario.net\/portal\/2026\/09\/02\/maduro-planea-quedar-libre-ante-justicia-estadounidense\/#breadcrumb"},"inLanguage":"es","potentialAction":[{"@type":"ReadAction","target":["https:\/\/www.eldiario.net\/portal\/2026\/09\/02\/maduro-planea-quedar-libre-ante-justicia-estadounidense\/"]}]},{"@type":"ImageObject","inLanguage":"es","@id":"https:\/\/www.eldiario.net\/portal\/2026\/09\/02\/maduro-planea-quedar-libre-ante-justicia-estadounidense\/#primaryimage","url":"https:\/\/www.eldiario.net\/portal\/wp-content\/uploads\/2026\/09\/MADURO-AP.webp","contentUrl":"https:\/\/www.eldiario.net\/portal\/wp-content\/uploads\/2026\/09\/MADURO-AP.webp","width":980,"height":551,"caption":"El expresidente venezolano, Nicol\u00e1s Maduro."},{"@type":"BreadcrumbList","@id":"https:\/\/www.eldiario.net\/portal\/2026\/09\/02\/maduro-planea-quedar-libre-ante-justicia-estadounidense\/#breadcrumb","itemListElement":[{"@type":"ListItem","position":1,"name":"Portada","item":"https:\/\/www.eldiario.net\/portal\/"},{"@type":"ListItem","position":2,"name":"Maduro planea quedar libre ante justicia estadounidense"}]},{"@type":"WebSite","@id":"https:\/\/www.eldiario.net\/portal\/#website","url":"https:\/\/www.eldiario.net\/portal\/","name":"El Diario - Decano de la prensa nacional","description":"El Diario - Decano de la prensa nacional","publisher":{"@id":"https:\/\/www.eldiario.net\/portal\/#organization"},"potentialAction":[{"@type":"SearchAction","target":{"@type":"EntryPoint","urlTemplate":"https:\/\/www.eldiario.net\/portal\/?s={search_term_string}"},"query-input":{"@type":"PropertyValueSpecification","valueRequired":true,"valueName":"search_term_string"}}],"inLanguage":"es"},{"@type":"Organization","@id":"https:\/\/www.eldiario.net\/portal\/#organization","name":"El Diario - Decano de la prensa nacional","url":"https:\/\/www.eldiario.net\/portal\/","logo":{"@type":"ImageObject","inLanguage":"es","@id":"https:\/\/www.eldiario.net\/portal\/#\/schema\/logo\/image\/","url":"https:\/\/www.eldiario.net\/portal\/wp-content\/uploads\/2023\/07\/logo_ED.jpg","contentUrl":"https:\/\/www.eldiario.net\/portal\/wp-content\/uploads\/2023\/07\/logo_ED.jpg","width":272,"height":52,"caption":"El Diario - Decano de la prensa nacional"},"image":{"@id":"https:\/\/www.eldiario.net\/portal\/#\/schema\/logo\/image\/"},"sameAs":["https:\/\/www.facebook.com\/eldiario.bolivia\/","https:\/\/x.com\/eldiario_net"]},{"@type":"Person","@id":"https:\/\/www.eldiario.net\/portal\/#\/schema\/person\/f46445640444750d7d753ccd04ae01b7","name":"Jeanette","image":{"@type":"ImageObject","inLanguage":"es","@id":"https:\/\/secure.gravatar.com\/avatar\/3ea2118a5f7dad2b7138b1187a6b7ee55f160b9968b66013c3a3ef39dd7e5798?s=96&d=mm&r=g","url":"https:\/\/secure.gravatar.com\/avatar\/3ea2118a5f7dad2b7138b1187a6b7ee55f160b9968b66013c3a3ef39dd7e5798?s=96&d=mm&r=g","contentUrl":"https:\/\/secure.gravatar.com\/avatar\/3ea2118a5f7dad2b7138b1187a6b7ee55f160b9968b66013c3a3ef39dd7e5798?s=96&d=mm&r=g","caption":"Jeanette"},"sameAs":["https:\/\/www.eldiario.net\/portal"],"url":"https:\/\/www.eldiario.net\/portal\/author\/jeanette\/"}]}},"_links":{"self":[{"href":"https:\/\/www.eldiario.net\/portal\/wp-json\/wp\/v2\/posts\/426962","targetHints":{"allow":["GET"]}}],"collection":[{"href":"https:\/\/www.eldiario.net\/portal\/wp-json\/wp\/v2\/posts"}],"about":[{"href":"https:\/\/www.eldiario.net\/portal\/wp-json\/wp\/v2\/types\/post"}],"author":[{"embeddable":true,"href":"https:\/\/www.eldiario.net\/portal\/wp-json\/wp\/v2\/users\/1"}],"replies":[{"embeddable":true,"href":"https:\/\/www.eldiario.net\/portal\/wp-json\/wp\/v2\/comments?post=426962"}],"version-history":[{"count":1,"href":"https:\/\/www.eldiario.net\/portal\/wp-json\/wp\/v2\/posts\/426962\/revisions"}],"predecessor-version":[{"id":426964,"href":"https:\/\/www.eldiario.net\/portal\/wp-json\/wp\/v2\/posts\/426962\/revisions\/426964"}],"wp:featuredmedia":[{"embeddable":true,"href":"https:\/\/www.eldiario.net\/portal\/wp-json\/wp\/v2\/media\/426963"}],"wp:attachment":[{"href":"https:\/\/www.eldiario.net\/portal\/wp-json\/wp\/v2\/media?parent=426962"}],"wp:term":[{"taxonomy":"category","embeddable":true,"href":"https:\/\/www.eldiario.net\/portal\/wp-json\/wp\/v2\/categories?post=426962"},{"taxonomy":"post_tag","embeddable":true,"href":"https:\/\/www.eldiario.net\/portal\/wp-json\/wp\/v2\/tags?post=426962"}],"curies":[{"name":"wp","href":"https:\/\/api.w.org\/{rel}","templated":true}]}}