{"id":426959,"date":"2026-09-02T06:41:33","date_gmt":"2026-09-02T10:41:33","guid":{"rendered":"https:\/\/www.eldiario.net\/portal\/?p=426959"},"modified":"2026-09-02T06:41:33","modified_gmt":"2026-09-02T10:41:33","slug":"preparan-actividades-por-dia-del-peaton-2","status":"publish","type":"post","link":"https:\/\/www.eldiario.net\/portal\/2026\/09\/02\/preparan-actividades-por-dia-del-peaton-2\/","title":{"rendered":"Preparan actividades  por D\u00eda del Peat\u00f3n"},"content":{"rendered":"<p>Las alcald\u00edas de La Paz y El Alto preparan una jornada familiar con diferentes actividades recreativas, deportivas, culturales y de prevenci\u00f3n de la salud en distintos sectores para la celebraci\u00f3n del D\u00eda Nacional del Peat\u00f3n que ser\u00e1 este domingo 6 de septiembre.<br \/>\nDeportes, zumba y hasta controles m\u00e9dicos marcar\u00e1n esa jornada en La Paz. La idea es que sea un d\u00eda familiar con actividades recreativas, deportivas, culturales y de prevenci\u00f3n de la salud en los macrodistritos.<br \/>\nSe tiene previsto que la ciudadan\u00eda se apropie de las calles y espacios p\u00fablicos para disfrutar de diferentes actividades. La Alcald\u00eda prepara circuitos en los diferentes macrodistritos que confluir\u00e1n en una actividad conjunta, adem\u00e1s de una invitaci\u00f3n a la ciudadan\u00eda para participar en un recorrido por la ciudad en bicicleta.<br \/>\n\u201cEs una jornada muy especial destinada a que disfrute la familia. Estamos configurando el D\u00eda del Peat\u00f3n con circuitos especiales desde diferentes macrodistritos para confluir en una actividad conjunta\u201d, se\u00f1al\u00f3 el alcalde pace\u00f1o, C\u00e9sar Dockweiler.<br \/>\nLa programaci\u00f3n contempla una variada oferta de actividades deportivas, entre ellas f\u00fatbol, voleibol, b\u00e1squetbol y zumba, adem\u00e1s de propuestas dirigidas a las personas adultas mayores. Tambi\u00e9n se desarrollar\u00e1n actividades culturales con la participaci\u00f3n de artistas que tomar\u00e1n plazas y parques para acompa\u00f1ar la jornada con m\u00fasica y entretenimiento.<br \/>\nAsimismo, se realiz\u00f3 un trabajo coordinado con instituciones, academias y escuelas deportivas para ampliar la oferta de actividades.<br \/>\nSALUD TAMBI\u00c9N<br \/>\nParticipar\u00e1<br \/>\nUno de los componentes destacados de esta jornada ser\u00e1 la atenci\u00f3n preventiva en salud. Los hospitales y centros de salud del municipio extender\u00e1n parte de sus servicios hacia las calles, con controles y chequeos m\u00e9dicos preventivos para la poblaci\u00f3n.<br \/>\n\u201cLos hospitales salen del hospital hacia la calle para hacer tambi\u00e9n atenci\u00f3n m\u00e9dica, en el tema de medicina preventiva\u201d, explic\u00f3 el alcalde, al precisar que esta iniciativa se desarrollar\u00e1 en los diferentes macrodistritos y permitir\u00e1 acercar los servicios de salud a los vecinos.<br \/>\nINICIATIVA<br \/>\nPor otro lado, Dockweiler adelant\u00f3 que \u201cel D\u00eda del Peat\u00f3n no solo va a ser un d\u00eda; van a haber d\u00edas de peat\u00f3n por macrodistritos. Cada dos meses va a ir rotando: macrodistrito Centro, macrodistrito Perif\u00e9rica y as\u00ed vamos a ir replicando el D\u00eda del Peat\u00f3n para que de verdad la ciudad sea y se sienta de cada uno de los vecinos\u201d, manifest\u00f3.<br \/>\nCon esta iniciativa, La Paz se prepara para una jornada en la que las calles ser\u00e1n nuevamente espacios para caminar, pedalear, hacer deporte, compartir en familia, disfrutar de la cultura y cuidar la salud.<br \/>\nEL ALTO<br \/>\nEn tanto, la urbe alte\u00f1a prepara una \u201cbicicleteada familiar\u201d por el D\u00eda del Peat\u00f3n, que tendr\u00e1 incentivos para quienes completen un recorrido de 10 kil\u00f3metros.<br \/>\nEl alcalde de esa urbe, Eliser Roca Tancara, pidi\u00f3 que las familias se unan en actividades sanas como practicar deportes, \u201cporque el deporte es salud. Adem\u00e1s, tenemos que cuidar nuestro medio ambiente\u201d.<br \/>\nEl secretario municipal de Desarrollo Humano y Social Integral de El Alto, Israel Fern\u00e1ndez, anunci\u00f3 algunas de las actividades deportivas y recreativas que se realizar\u00e1n.<br \/>\n\u201cNos vamos a concentrar entre la calle dos y tres de la seis de Marzo, evidentemente desde las ocho de la ma\u00f1ana donde vamos a practicar un sin fin de deportes\u201d, indic\u00f3.<br \/>\nSostuvo que la principal actividad ser\u00e1 una \u201cbicicleteada familiar\u201d con una ruta ya establecida. \u201cVamos a tener, inclusive, una bicicleteada, la cual va a tener ya una ruta trazada que va a comenzar entre las calles dos y tres de la avenida 6 de Marzo\u201d.<br \/>\nEl recorrido ser\u00e1 desde la avenida 6 de Marzo entre las calles 2 y 3, para luego confluir hacia el cruce a Viacha, pasar a la avenida Ladislao Cabrera (carretera a Viacha), llegar hasta el Puente Bolivia, recorrer la avenida Bolivia hasta la Plaza de la Cruz y retornar por la avenida Julio C\u00e9sar Valdez, luego cruce a Viacha y 6 Marzo hasta volver al punto de concentraci\u00f3n.<br \/>\nRoca invit\u00f3 a toda la poblaci\u00f3n a participar y aprovechar estos momentos para pasar en familia.<br \/>\n\u201cInvitamos a toda la poblaci\u00f3n alte\u00f1a a sumarse de estas actividades que vamos a desarrollar mediante la Secretar\u00eda de Desarrollo Humano\u201d, se\u00f1al\u00f3.<br \/>\nPERMISOS<br \/>\nEn el marco de la organizaci\u00f3n de la jornada, la Secretar\u00eda Municipal de Ciudad Conectada y Movilidad Urbana de La Paz habilit\u00f3 hasta hoy el plazo para solicitar licencias o permisos especiales de circulaci\u00f3n vehicular.<br \/>\nAdem\u00e1s, ambulancias, veh\u00edculos oficiales del Estado y del Gobierno Departamental, veh\u00edculos diplom\u00e1ticos y determinados servicios, como taxis destinados al transporte hacia el aeropuerto, podr\u00e1n circular siempre que cuenten con el respectivo permiso.<\/p>\n","protected":false},"excerpt":{"rendered":"<p>Las alcald\u00edas de La Paz y El Alto preparan una jornada familiar con diferentes actividades recreativas, deportivas, culturales y de prevenci\u00f3n de la salud en distintos sectores para la celebraci\u00f3n del D\u00eda Nacional del Peat\u00f3n que ser\u00e1 este domingo 6 de septiembre. Deportes, zumba y hasta controles m\u00e9dicos marcar\u00e1n esa jornada en La Paz. La [&hellip;]<\/p>\n","protected":false},"author":1,"featured_media":426960,"comment_status":"closed","ping_status":"open","sticky":false,"template":"","format":"standard","meta":{"_acf_changed":false,"footnotes":""},"categories":[12],"tags":[],"class_list":["post-426959","post","type-post","status-publish","format-standard","has-post-thumbnail","category-nacional"],"acf":{"antetitulo":"Municipios"},"yoast_head":"<!-- This site is optimized with the Yoast SEO plugin v28.4 - https:\/\/yoast.com\/product\/yoast-seo-wordpress\/ -->\n<title>Preparan actividades por D\u00eda del Peat\u00f3n - El Diario - Bolivia<\/title>\n<meta name=\"robots\" content=\"index, follow, max-snippet:-1, max-image-preview:large, max-video-preview:-1\" \/>\n<link rel=\"canonical\" href=\"https:\/\/www.eldiario.net\/portal\/2026\/09\/02\/preparan-actividades-por-dia-del-peaton-2\/\" \/>\n<meta property=\"og:locale\" content=\"es_ES\" \/>\n<meta property=\"og:type\" content=\"article\" \/>\n<meta property=\"og:title\" content=\"Preparan actividades por D\u00eda del Peat\u00f3n - El Diario - Bolivia\" \/>\n<meta property=\"og:description\" content=\"Las alcald\u00edas de La Paz y El Alto preparan una jornada familiar con diferentes actividades recreativas, deportivas, culturales y de prevenci\u00f3n de la salud en distintos sectores para la celebraci\u00f3n del D\u00eda Nacional del Peat\u00f3n que ser\u00e1 este domingo 6 de septiembre. Deportes, zumba y hasta controles m\u00e9dicos marcar\u00e1n esa jornada en La Paz. La [&hellip;]\" \/>\n<meta property=\"og:url\" content=\"https:\/\/www.eldiario.net\/portal\/2026\/09\/02\/preparan-actividades-por-dia-del-peaton-2\/\" \/>\n<meta property=\"og:site_name\" content=\"El Diario - Bolivia\" \/>\n<meta property=\"article:publisher\" content=\"https:\/\/www.facebook.com\/eldiario.bolivia\/\" \/>\n<meta property=\"article:published_time\" content=\"2026-09-02T10:41:33+00:00\" \/>\n<meta property=\"og:image\" content=\"https:\/\/www.eldiario.net\/portal\/wp-content\/uploads\/2026\/09\/F-1-peaton.webp\" \/>\n\t<meta property=\"og:image:width\" content=\"1536\" \/>\n\t<meta property=\"og:image:height\" content=\"1152\" \/>\n\t<meta property=\"og:image:type\" content=\"image\/webp\" \/>\n<meta name=\"author\" content=\"Jeanette\" \/>\n<meta name=\"twitter:card\" content=\"summary_large_image\" \/>\n<meta name=\"twitter:creator\" content=\"@eldiario_net\" \/>\n<meta name=\"twitter:site\" content=\"@eldiario_net\" \/>\n<meta name=\"twitter:label1\" content=\"Escrito por\" \/>\n\t<meta name=\"twitter:data1\" content=\"Jeanette\" \/>\n\t<meta name=\"twitter:label2\" content=\"Tiempo de lectura\" \/>\n\t<meta name=\"twitter:data2\" content=\"4 minutos\" \/>\n<script type=\"application\/ld+json\" class=\"yoast-schema-graph\">{\"@context\":\"https:\\\/\\\/schema.org\",\"@graph\":[{\"@type\":\"Article\",\"@id\":\"https:\\\/\\\/www.eldiario.net\\\/portal\\\/2026\\\/09\\\/02\\\/preparan-actividades-por-dia-del-peaton-2\\\/#article\",\"isPartOf\":{\"@id\":\"https:\\\/\\\/www.eldiario.net\\\/portal\\\/2026\\\/09\\\/02\\\/preparan-actividades-por-dia-del-peaton-2\\\/\"},\"author\":{\"name\":\"Jeanette\",\"@id\":\"https:\\\/\\\/www.eldiario.net\\\/portal\\\/#\\\/schema\\\/person\\\/f46445640444750d7d753ccd04ae01b7\"},\"headline\":\"Preparan actividades por D\u00eda del Peat\u00f3n\",\"datePublished\":\"2026-09-02T10:41:33+00:00\",\"mainEntityOfPage\":{\"@id\":\"https:\\\/\\\/www.eldiario.net\\\/portal\\\/2026\\\/09\\\/02\\\/preparan-actividades-por-dia-del-peaton-2\\\/\"},\"wordCount\":817,\"publisher\":{\"@id\":\"https:\\\/\\\/www.eldiario.net\\\/portal\\\/#organization\"},\"image\":{\"@id\":\"https:\\\/\\\/www.eldiario.net\\\/portal\\\/2026\\\/09\\\/02\\\/preparan-actividades-por-dia-del-peaton-2\\\/#primaryimage\"},\"thumbnailUrl\":\"https:\\\/\\\/www.eldiario.net\\\/portal\\\/wp-content\\\/uploads\\\/2026\\\/09\\\/F-1-peaton.webp\",\"articleSection\":[\"Nacional\"],\"inLanguage\":\"es\"},{\"@type\":\"WebPage\",\"@id\":\"https:\\\/\\\/www.eldiario.net\\\/portal\\\/2026\\\/09\\\/02\\\/preparan-actividades-por-dia-del-peaton-2\\\/\",\"url\":\"https:\\\/\\\/www.eldiario.net\\\/portal\\\/2026\\\/09\\\/02\\\/preparan-actividades-por-dia-del-peaton-2\\\/\",\"name\":\"Preparan actividades por D\u00eda del Peat\u00f3n - El Diario - Bolivia\",\"isPartOf\":{\"@id\":\"https:\\\/\\\/www.eldiario.net\\\/portal\\\/#website\"},\"primaryImageOfPage\":{\"@id\":\"https:\\\/\\\/www.eldiario.net\\\/portal\\\/2026\\\/09\\\/02\\\/preparan-actividades-por-dia-del-peaton-2\\\/#primaryimage\"},\"image\":{\"@id\":\"https:\\\/\\\/www.eldiario.net\\\/portal\\\/2026\\\/09\\\/02\\\/preparan-actividades-por-dia-del-peaton-2\\\/#primaryimage\"},\"thumbnailUrl\":\"https:\\\/\\\/www.eldiario.net\\\/portal\\\/wp-content\\\/uploads\\\/2026\\\/09\\\/F-1-peaton.webp\",\"datePublished\":\"2026-09-02T10:41:33+00:00\",\"breadcrumb\":{\"@id\":\"https:\\\/\\\/www.eldiario.net\\\/portal\\\/2026\\\/09\\\/02\\\/preparan-actividades-por-dia-del-peaton-2\\\/#breadcrumb\"},\"inLanguage\":\"es\",\"potentialAction\":[{\"@type\":\"ReadAction\",\"target\":[\"https:\\\/\\\/www.eldiario.net\\\/portal\\\/2026\\\/09\\\/02\\\/preparan-actividades-por-dia-del-peaton-2\\\/\"]}]},{\"@type\":\"ImageObject\",\"inLanguage\":\"es\",\"@id\":\"https:\\\/\\\/www.eldiario.net\\\/portal\\\/2026\\\/09\\\/02\\\/preparan-actividades-por-dia-del-peaton-2\\\/#primaryimage\",\"url\":\"https:\\\/\\\/www.eldiario.net\\\/portal\\\/wp-content\\\/uploads\\\/2026\\\/09\\\/F-1-peaton.webp\",\"contentUrl\":\"https:\\\/\\\/www.eldiario.net\\\/portal\\\/wp-content\\\/uploads\\\/2026\\\/09\\\/F-1-peaton.webp\",\"width\":1536,\"height\":1152,\"caption\":\"Este domingo la ciudadan\u00eda tomar\u00e1 las calles y avenidas.\"},{\"@type\":\"BreadcrumbList\",\"@id\":\"https:\\\/\\\/www.eldiario.net\\\/portal\\\/2026\\\/09\\\/02\\\/preparan-actividades-por-dia-del-peaton-2\\\/#breadcrumb\",\"itemListElement\":[{\"@type\":\"ListItem\",\"position\":1,\"name\":\"Portada\",\"item\":\"https:\\\/\\\/www.eldiario.net\\\/portal\\\/\"},{\"@type\":\"ListItem\",\"position\":2,\"name\":\"Preparan actividades por D\u00eda del Peat\u00f3n\"}]},{\"@type\":\"WebSite\",\"@id\":\"https:\\\/\\\/www.eldiario.net\\\/portal\\\/#website\",\"url\":\"https:\\\/\\\/www.eldiario.net\\\/portal\\\/\",\"name\":\"El Diario - Decano de la prensa nacional\",\"description\":\"El Diario - Decano de la prensa nacional\",\"publisher\":{\"@id\":\"https:\\\/\\\/www.eldiario.net\\\/portal\\\/#organization\"},\"potentialAction\":[{\"@type\":\"SearchAction\",\"target\":{\"@type\":\"EntryPoint\",\"urlTemplate\":\"https:\\\/\\\/www.eldiario.net\\\/portal\\\/?s={search_term_string}\"},\"query-input\":{\"@type\":\"PropertyValueSpecification\",\"valueRequired\":true,\"valueName\":\"search_term_string\"}}],\"inLanguage\":\"es\"},{\"@type\":\"Organization\",\"@id\":\"https:\\\/\\\/www.eldiario.net\\\/portal\\\/#organization\",\"name\":\"El Diario - Decano de la prensa nacional\",\"url\":\"https:\\\/\\\/www.eldiario.net\\\/portal\\\/\",\"logo\":{\"@type\":\"ImageObject\",\"inLanguage\":\"es\",\"@id\":\"https:\\\/\\\/www.eldiario.net\\\/portal\\\/#\\\/schema\\\/logo\\\/image\\\/\",\"url\":\"https:\\\/\\\/www.eldiario.net\\\/portal\\\/wp-content\\\/uploads\\\/2023\\\/07\\\/logo_ED.jpg\",\"contentUrl\":\"https:\\\/\\\/www.eldiario.net\\\/portal\\\/wp-content\\\/uploads\\\/2023\\\/07\\\/logo_ED.jpg\",\"width\":272,\"height\":52,\"caption\":\"El Diario - Decano de la prensa nacional\"},\"image\":{\"@id\":\"https:\\\/\\\/www.eldiario.net\\\/portal\\\/#\\\/schema\\\/logo\\\/image\\\/\"},\"sameAs\":[\"https:\\\/\\\/www.facebook.com\\\/eldiario.bolivia\\\/\",\"https:\\\/\\\/x.com\\\/eldiario_net\"]},{\"@type\":\"Person\",\"@id\":\"https:\\\/\\\/www.eldiario.net\\\/portal\\\/#\\\/schema\\\/person\\\/f46445640444750d7d753ccd04ae01b7\",\"name\":\"Jeanette\",\"image\":{\"@type\":\"ImageObject\",\"inLanguage\":\"es\",\"@id\":\"https:\\\/\\\/secure.gravatar.com\\\/avatar\\\/3ea2118a5f7dad2b7138b1187a6b7ee55f160b9968b66013c3a3ef39dd7e5798?s=96&d=mm&r=g\",\"url\":\"https:\\\/\\\/secure.gravatar.com\\\/avatar\\\/3ea2118a5f7dad2b7138b1187a6b7ee55f160b9968b66013c3a3ef39dd7e5798?s=96&d=mm&r=g\",\"contentUrl\":\"https:\\\/\\\/secure.gravatar.com\\\/avatar\\\/3ea2118a5f7dad2b7138b1187a6b7ee55f160b9968b66013c3a3ef39dd7e5798?s=96&d=mm&r=g\",\"caption\":\"Jeanette\"},\"sameAs\":[\"https:\\\/\\\/www.eldiario.net\\\/portal\"],\"url\":\"https:\\\/\\\/www.eldiario.net\\\/portal\\\/author\\\/jeanette\\\/\"}]}<\/script>\n<!-- \/ Yoast SEO plugin. -->","yoast_head_json":{"title":"Preparan actividades por D\u00eda del Peat\u00f3n - El Diario - Bolivia","robots":{"index":"index","follow":"follow","max-snippet":"max-snippet:-1","max-image-preview":"max-image-preview:large","max-video-preview":"max-video-preview:-1"},"canonical":"https:\/\/www.eldiario.net\/portal\/2026\/09\/02\/preparan-actividades-por-dia-del-peaton-2\/","og_locale":"es_ES","og_type":"article","og_title":"Preparan actividades por D\u00eda del Peat\u00f3n - El Diario - Bolivia","og_description":"Las alcald\u00edas de La Paz y El Alto preparan una jornada familiar con diferentes actividades recreativas, deportivas, culturales y de prevenci\u00f3n de la salud en distintos sectores para la celebraci\u00f3n del D\u00eda Nacional del Peat\u00f3n que ser\u00e1 este domingo 6 de septiembre. Deportes, zumba y hasta controles m\u00e9dicos marcar\u00e1n esa jornada en La Paz. La [&hellip;]","og_url":"https:\/\/www.eldiario.net\/portal\/2026\/09\/02\/preparan-actividades-por-dia-del-peaton-2\/","og_site_name":"El Diario - Bolivia","article_publisher":"https:\/\/www.facebook.com\/eldiario.bolivia\/","article_published_time":"2026-09-02T10:41:33+00:00","og_image":[{"width":1536,"height":1152,"url":"https:\/\/www.eldiario.net\/portal\/wp-content\/uploads\/2026\/09\/F-1-peaton.webp","type":"image\/webp"}],"author":"Jeanette","twitter_card":"summary_large_image","twitter_creator":"@eldiario_net","twitter_site":"@eldiario_net","twitter_misc":{"Escrito por":"Jeanette","Tiempo de lectura":"4 minutos"},"schema":{"@context":"https:\/\/schema.org","@graph":[{"@type":"Article","@id":"https:\/\/www.eldiario.net\/portal\/2026\/09\/02\/preparan-actividades-por-dia-del-peaton-2\/#article","isPartOf":{"@id":"https:\/\/www.eldiario.net\/portal\/2026\/09\/02\/preparan-actividades-por-dia-del-peaton-2\/"},"author":{"name":"Jeanette","@id":"https:\/\/www.eldiario.net\/portal\/#\/schema\/person\/f46445640444750d7d753ccd04ae01b7"},"headline":"Preparan actividades por D\u00eda del Peat\u00f3n","datePublished":"2026-09-02T10:41:33+00:00","mainEntityOfPage":{"@id":"https:\/\/www.eldiario.net\/portal\/2026\/09\/02\/preparan-actividades-por-dia-del-peaton-2\/"},"wordCount":817,"publisher":{"@id":"https:\/\/www.eldiario.net\/portal\/#organization"},"image":{"@id":"https:\/\/www.eldiario.net\/portal\/2026\/09\/02\/preparan-actividades-por-dia-del-peaton-2\/#primaryimage"},"thumbnailUrl":"https:\/\/www.eldiario.net\/portal\/wp-content\/uploads\/2026\/09\/F-1-peaton.webp","articleSection":["Nacional"],"inLanguage":"es"},{"@type":"WebPage","@id":"https:\/\/www.eldiario.net\/portal\/2026\/09\/02\/preparan-actividades-por-dia-del-peaton-2\/","url":"https:\/\/www.eldiario.net\/portal\/2026\/09\/02\/preparan-actividades-por-dia-del-peaton-2\/","name":"Preparan actividades por D\u00eda del Peat\u00f3n - El Diario - Bolivia","isPartOf":{"@id":"https:\/\/www.eldiario.net\/portal\/#website"},"primaryImageOfPage":{"@id":"https:\/\/www.eldiario.net\/portal\/2026\/09\/02\/preparan-actividades-por-dia-del-peaton-2\/#primaryimage"},"image":{"@id":"https:\/\/www.eldiario.net\/portal\/2026\/09\/02\/preparan-actividades-por-dia-del-peaton-2\/#primaryimage"},"thumbnailUrl":"https:\/\/www.eldiario.net\/portal\/wp-content\/uploads\/2026\/09\/F-1-peaton.webp","datePublished":"2026-09-02T10:41:33+00:00","breadcrumb":{"@id":"https:\/\/www.eldiario.net\/portal\/2026\/09\/02\/preparan-actividades-por-dia-del-peaton-2\/#breadcrumb"},"inLanguage":"es","potentialAction":[{"@type":"ReadAction","target":["https:\/\/www.eldiario.net\/portal\/2026\/09\/02\/preparan-actividades-por-dia-del-peaton-2\/"]}]},{"@type":"ImageObject","inLanguage":"es","@id":"https:\/\/www.eldiario.net\/portal\/2026\/09\/02\/preparan-actividades-por-dia-del-peaton-2\/#primaryimage","url":"https:\/\/www.eldiario.net\/portal\/wp-content\/uploads\/2026\/09\/F-1-peaton.webp","contentUrl":"https:\/\/www.eldiario.net\/portal\/wp-content\/uploads\/2026\/09\/F-1-peaton.webp","width":1536,"height":1152,"caption":"Este domingo la ciudadan\u00eda tomar\u00e1 las calles y avenidas."},{"@type":"BreadcrumbList","@id":"https:\/\/www.eldiario.net\/portal\/2026\/09\/02\/preparan-actividades-por-dia-del-peaton-2\/#breadcrumb","itemListElement":[{"@type":"ListItem","position":1,"name":"Portada","item":"https:\/\/www.eldiario.net\/portal\/"},{"@type":"ListItem","position":2,"name":"Preparan actividades por D\u00eda del Peat\u00f3n"}]},{"@type":"WebSite","@id":"https:\/\/www.eldiario.net\/portal\/#website","url":"https:\/\/www.eldiario.net\/portal\/","name":"El Diario - Decano de la prensa nacional","description":"El Diario - Decano de la prensa nacional","publisher":{"@id":"https:\/\/www.eldiario.net\/portal\/#organization"},"potentialAction":[{"@type":"SearchAction","target":{"@type":"EntryPoint","urlTemplate":"https:\/\/www.eldiario.net\/portal\/?s={search_term_string}"},"query-input":{"@type":"PropertyValueSpecification","valueRequired":true,"valueName":"search_term_string"}}],"inLanguage":"es"},{"@type":"Organization","@id":"https:\/\/www.eldiario.net\/portal\/#organization","name":"El Diario - Decano de la prensa nacional","url":"https:\/\/www.eldiario.net\/portal\/","logo":{"@type":"ImageObject","inLanguage":"es","@id":"https:\/\/www.eldiario.net\/portal\/#\/schema\/logo\/image\/","url":"https:\/\/www.eldiario.net\/portal\/wp-content\/uploads\/2023\/07\/logo_ED.jpg","contentUrl":"https:\/\/www.eldiario.net\/portal\/wp-content\/uploads\/2023\/07\/logo_ED.jpg","width":272,"height":52,"caption":"El Diario - Decano de la prensa nacional"},"image":{"@id":"https:\/\/www.eldiario.net\/portal\/#\/schema\/logo\/image\/"},"sameAs":["https:\/\/www.facebook.com\/eldiario.bolivia\/","https:\/\/x.com\/eldiario_net"]},{"@type":"Person","@id":"https:\/\/www.eldiario.net\/portal\/#\/schema\/person\/f46445640444750d7d753ccd04ae01b7","name":"Jeanette","image":{"@type":"ImageObject","inLanguage":"es","@id":"https:\/\/secure.gravatar.com\/avatar\/3ea2118a5f7dad2b7138b1187a6b7ee55f160b9968b66013c3a3ef39dd7e5798?s=96&d=mm&r=g","url":"https:\/\/secure.gravatar.com\/avatar\/3ea2118a5f7dad2b7138b1187a6b7ee55f160b9968b66013c3a3ef39dd7e5798?s=96&d=mm&r=g","contentUrl":"https:\/\/secure.gravatar.com\/avatar\/3ea2118a5f7dad2b7138b1187a6b7ee55f160b9968b66013c3a3ef39dd7e5798?s=96&d=mm&r=g","caption":"Jeanette"},"sameAs":["https:\/\/www.eldiario.net\/portal"],"url":"https:\/\/www.eldiario.net\/portal\/author\/jeanette\/"}]}},"_links":{"self":[{"href":"https:\/\/www.eldiario.net\/portal\/wp-json\/wp\/v2\/posts\/426959","targetHints":{"allow":["GET"]}}],"collection":[{"href":"https:\/\/www.eldiario.net\/portal\/wp-json\/wp\/v2\/posts"}],"about":[{"href":"https:\/\/www.eldiario.net\/portal\/wp-json\/wp\/v2\/types\/post"}],"author":[{"embeddable":true,"href":"https:\/\/www.eldiario.net\/portal\/wp-json\/wp\/v2\/users\/1"}],"replies":[{"embeddable":true,"href":"https:\/\/www.eldiario.net\/portal\/wp-json\/wp\/v2\/comments?post=426959"}],"version-history":[{"count":1,"href":"https:\/\/www.eldiario.net\/portal\/wp-json\/wp\/v2\/posts\/426959\/revisions"}],"predecessor-version":[{"id":426961,"href":"https:\/\/www.eldiario.net\/portal\/wp-json\/wp\/v2\/posts\/426959\/revisions\/426961"}],"wp:featuredmedia":[{"embeddable":true,"href":"https:\/\/www.eldiario.net\/portal\/wp-json\/wp\/v2\/media\/426960"}],"wp:attachment":[{"href":"https:\/\/www.eldiario.net\/portal\/wp-json\/wp\/v2\/media?parent=426959"}],"wp:term":[{"taxonomy":"category","embeddable":true,"href":"https:\/\/www.eldiario.net\/portal\/wp-json\/wp\/v2\/categories?post=426959"},{"taxonomy":"post_tag","embeddable":true,"href":"https:\/\/www.eldiario.net\/portal\/wp-json\/wp\/v2\/tags?post=426959"}],"curies":[{"name":"wp","href":"https:\/\/api.w.org\/{rel}","templated":true}]}}