{"id":426956,"date":"2026-09-02T06:40:40","date_gmt":"2026-09-02T10:40:40","guid":{"rendered":"https:\/\/www.eldiario.net\/portal\/?p=426956"},"modified":"2026-09-02T06:40:40","modified_gmt":"2026-09-02T10:40:40","slug":"reservas-de-sangre-bajan-y-hemocentro-pide-apoyo","status":"publish","type":"post","link":"https:\/\/www.eldiario.net\/portal\/2026\/09\/02\/reservas-de-sangre-bajan-y-hemocentro-pide-apoyo\/","title":{"rendered":"Reservas de sangre bajan  y Hemocentro pide apoyo"},"content":{"rendered":"<p>\u201cUrgente. Nuestras reservas est\u00e1n bajas\u201d, es parte del comunicado que el Hemocentro \u2013 Banco de Sangre Referencia Departamental La Paz comparti\u00f3 en redes sociales. Ante esta situaci\u00f3n, piden a la poblaci\u00f3n a donar \u201cpara seguir ayudando\u201d a salvar vidas.<br \/>\n\u201cUrgente. Nuestras reservas est\u00e1n bajas y necesitamos de su apoyo para seguir ayudando, recuerda que con una donaci\u00f3n puedes salvar hasta tres vidas\u201d, public\u00f3 la instituci\u00f3n en sus redes sociales.<br \/>\nSe explica que una donaci\u00f3n salva tres vidas, porque cada unidad de sangre se separa en tres componentes: plasma fresco congelado, concentrado de plaquetas y paquete globular, que son destinados a tratar diferentes dolencias.<br \/>\nDe acuerdo con el comunicado, sus reservas de sangre del grupo O positivo (O+), son las que m\u00e1s disminuyeron, por lo que piden que personas con ese tipo de sangre donen \u201clo antes posible\u201d.<br \/>\nSe record\u00f3 que aproximadamente el 80% de la poblaci\u00f3n es tipo O+, por lo que es uno de los grupos sangu\u00edneos m\u00e1s requeridos en los hospitales.<br \/>\nEn tanto, los tipos A negativo (A-), B positivo (B+), B negativo (B-), O negativo (O-) y AB negativo (AB-), est\u00e1n en nivel de riesgo, por lo que las donaciones deben ser \u201cen los siguientes d\u00edas\u201d.<br \/>\nAnte esa situaci\u00f3n, el Hemocentro convoc\u00f3 a la poblaci\u00f3n a sumarse a la donaci\u00f3n de sangre, ya sea en sus instalaciones ubicadas en el complejo hospitalario de Miraflores o en la campa\u00f1a habilitada en El Prado, frente al cine Monje Campero, en pleno centro pace\u00f1o.<br \/>\nPara donar sangre, el principal requisito es \u201cestar sano, sin enfermedades ni medicamentos\u201d, pesar m\u00e1s de 50 kilos y tener entre 18 y 60 a\u00f1os. Asimismo, las personas que tengan piercings o tatuajes con m\u00e1s de un a\u00f1o de antig\u00fcedad tambi\u00e9n pueden ser donantes.<\/p>\n","protected":false},"excerpt":{"rendered":"<p>\u201cUrgente. Nuestras reservas est\u00e1n bajas\u201d, es parte del comunicado que el Hemocentro \u2013 Banco de Sangre Referencia Departamental La Paz comparti\u00f3 en redes sociales. Ante esta situaci\u00f3n, piden a la poblaci\u00f3n a donar \u201cpara seguir ayudando\u201d a salvar vidas. \u201cUrgente. Nuestras reservas est\u00e1n bajas y necesitamos de su apoyo para seguir ayudando, recuerda que con [&hellip;]<\/p>\n","protected":false},"author":1,"featured_media":426957,"comment_status":"closed","ping_status":"open","sticky":false,"template":"","format":"standard","meta":{"_acf_changed":false,"footnotes":""},"categories":[12],"tags":[],"class_list":["post-426956","post","type-post","status-publish","format-standard","has-post-thumbnail","category-nacional"],"acf":{"antetitulo":""},"yoast_head":"<!-- This site is optimized with the Yoast SEO plugin v28.4 - https:\/\/yoast.com\/product\/yoast-seo-wordpress\/ -->\n<title>Reservas de sangre bajan y Hemocentro pide apoyo - El Diario - Bolivia<\/title>\n<meta name=\"robots\" content=\"index, follow, max-snippet:-1, max-image-preview:large, max-video-preview:-1\" \/>\n<link rel=\"canonical\" href=\"https:\/\/www.eldiario.net\/portal\/2026\/09\/02\/reservas-de-sangre-bajan-y-hemocentro-pide-apoyo\/\" \/>\n<meta property=\"og:locale\" content=\"es_ES\" \/>\n<meta property=\"og:type\" content=\"article\" \/>\n<meta property=\"og:title\" content=\"Reservas de sangre bajan y Hemocentro pide apoyo - El Diario - Bolivia\" \/>\n<meta property=\"og:description\" content=\"\u201cUrgente. Nuestras reservas est\u00e1n bajas\u201d, es parte del comunicado que el Hemocentro \u2013 Banco de Sangre Referencia Departamental La Paz comparti\u00f3 en redes sociales. Ante esta situaci\u00f3n, piden a la poblaci\u00f3n a donar \u201cpara seguir ayudando\u201d a salvar vidas. \u201cUrgente. Nuestras reservas est\u00e1n bajas y necesitamos de su apoyo para seguir ayudando, recuerda que con [&hellip;]\" \/>\n<meta property=\"og:url\" content=\"https:\/\/www.eldiario.net\/portal\/2026\/09\/02\/reservas-de-sangre-bajan-y-hemocentro-pide-apoyo\/\" \/>\n<meta property=\"og:site_name\" content=\"El Diario - Bolivia\" \/>\n<meta property=\"article:publisher\" content=\"https:\/\/www.facebook.com\/eldiario.bolivia\/\" \/>\n<meta property=\"article:published_time\" content=\"2026-09-02T10:40:40+00:00\" \/>\n<meta property=\"og:image\" content=\"https:\/\/www.eldiario.net\/portal\/wp-content\/uploads\/2026\/09\/F-2-hemocentro.webp\" \/>\n\t<meta property=\"og:image:width\" content=\"2048\" \/>\n\t<meta property=\"og:image:height\" content=\"1365\" \/>\n\t<meta property=\"og:image:type\" content=\"image\/webp\" \/>\n<meta name=\"author\" content=\"Jeanette\" \/>\n<meta name=\"twitter:card\" content=\"summary_large_image\" \/>\n<meta name=\"twitter:creator\" content=\"@eldiario_net\" \/>\n<meta name=\"twitter:site\" content=\"@eldiario_net\" \/>\n<meta name=\"twitter:label1\" content=\"Escrito por\" \/>\n\t<meta name=\"twitter:data1\" content=\"Jeanette\" \/>\n\t<meta name=\"twitter:label2\" content=\"Tiempo de lectura\" \/>\n\t<meta name=\"twitter:data2\" content=\"2 minutos\" \/>\n<script type=\"application\/ld+json\" class=\"yoast-schema-graph\">{\"@context\":\"https:\\\/\\\/schema.org\",\"@graph\":[{\"@type\":\"Article\",\"@id\":\"https:\\\/\\\/www.eldiario.net\\\/portal\\\/2026\\\/09\\\/02\\\/reservas-de-sangre-bajan-y-hemocentro-pide-apoyo\\\/#article\",\"isPartOf\":{\"@id\":\"https:\\\/\\\/www.eldiario.net\\\/portal\\\/2026\\\/09\\\/02\\\/reservas-de-sangre-bajan-y-hemocentro-pide-apoyo\\\/\"},\"author\":{\"name\":\"Jeanette\",\"@id\":\"https:\\\/\\\/www.eldiario.net\\\/portal\\\/#\\\/schema\\\/person\\\/f46445640444750d7d753ccd04ae01b7\"},\"headline\":\"Reservas de sangre bajan y Hemocentro pide apoyo\",\"datePublished\":\"2026-09-02T10:40:40+00:00\",\"mainEntityOfPage\":{\"@id\":\"https:\\\/\\\/www.eldiario.net\\\/portal\\\/2026\\\/09\\\/02\\\/reservas-de-sangre-bajan-y-hemocentro-pide-apoyo\\\/\"},\"wordCount\":315,\"publisher\":{\"@id\":\"https:\\\/\\\/www.eldiario.net\\\/portal\\\/#organization\"},\"image\":{\"@id\":\"https:\\\/\\\/www.eldiario.net\\\/portal\\\/2026\\\/09\\\/02\\\/reservas-de-sangre-bajan-y-hemocentro-pide-apoyo\\\/#primaryimage\"},\"thumbnailUrl\":\"https:\\\/\\\/www.eldiario.net\\\/portal\\\/wp-content\\\/uploads\\\/2026\\\/09\\\/F-2-hemocentro.webp\",\"articleSection\":[\"Nacional\"],\"inLanguage\":\"es\"},{\"@type\":\"WebPage\",\"@id\":\"https:\\\/\\\/www.eldiario.net\\\/portal\\\/2026\\\/09\\\/02\\\/reservas-de-sangre-bajan-y-hemocentro-pide-apoyo\\\/\",\"url\":\"https:\\\/\\\/www.eldiario.net\\\/portal\\\/2026\\\/09\\\/02\\\/reservas-de-sangre-bajan-y-hemocentro-pide-apoyo\\\/\",\"name\":\"Reservas de sangre bajan y Hemocentro pide apoyo - El Diario - Bolivia\",\"isPartOf\":{\"@id\":\"https:\\\/\\\/www.eldiario.net\\\/portal\\\/#website\"},\"primaryImageOfPage\":{\"@id\":\"https:\\\/\\\/www.eldiario.net\\\/portal\\\/2026\\\/09\\\/02\\\/reservas-de-sangre-bajan-y-hemocentro-pide-apoyo\\\/#primaryimage\"},\"image\":{\"@id\":\"https:\\\/\\\/www.eldiario.net\\\/portal\\\/2026\\\/09\\\/02\\\/reservas-de-sangre-bajan-y-hemocentro-pide-apoyo\\\/#primaryimage\"},\"thumbnailUrl\":\"https:\\\/\\\/www.eldiario.net\\\/portal\\\/wp-content\\\/uploads\\\/2026\\\/09\\\/F-2-hemocentro.webp\",\"datePublished\":\"2026-09-02T10:40:40+00:00\",\"breadcrumb\":{\"@id\":\"https:\\\/\\\/www.eldiario.net\\\/portal\\\/2026\\\/09\\\/02\\\/reservas-de-sangre-bajan-y-hemocentro-pide-apoyo\\\/#breadcrumb\"},\"inLanguage\":\"es\",\"potentialAction\":[{\"@type\":\"ReadAction\",\"target\":[\"https:\\\/\\\/www.eldiario.net\\\/portal\\\/2026\\\/09\\\/02\\\/reservas-de-sangre-bajan-y-hemocentro-pide-apoyo\\\/\"]}]},{\"@type\":\"ImageObject\",\"inLanguage\":\"es\",\"@id\":\"https:\\\/\\\/www.eldiario.net\\\/portal\\\/2026\\\/09\\\/02\\\/reservas-de-sangre-bajan-y-hemocentro-pide-apoyo\\\/#primaryimage\",\"url\":\"https:\\\/\\\/www.eldiario.net\\\/portal\\\/wp-content\\\/uploads\\\/2026\\\/09\\\/F-2-hemocentro.webp\",\"contentUrl\":\"https:\\\/\\\/www.eldiario.net\\\/portal\\\/wp-content\\\/uploads\\\/2026\\\/09\\\/F-2-hemocentro.webp\",\"width\":2048,\"height\":1365,\"caption\":\"En ambos municipios preparan actividades con el uso de bicicletas.\"},{\"@type\":\"BreadcrumbList\",\"@id\":\"https:\\\/\\\/www.eldiario.net\\\/portal\\\/2026\\\/09\\\/02\\\/reservas-de-sangre-bajan-y-hemocentro-pide-apoyo\\\/#breadcrumb\",\"itemListElement\":[{\"@type\":\"ListItem\",\"position\":1,\"name\":\"Portada\",\"item\":\"https:\\\/\\\/www.eldiario.net\\\/portal\\\/\"},{\"@type\":\"ListItem\",\"position\":2,\"name\":\"Reservas de sangre bajan y Hemocentro pide apoyo\"}]},{\"@type\":\"WebSite\",\"@id\":\"https:\\\/\\\/www.eldiario.net\\\/portal\\\/#website\",\"url\":\"https:\\\/\\\/www.eldiario.net\\\/portal\\\/\",\"name\":\"El Diario - Decano de la prensa nacional\",\"description\":\"El Diario - Decano de la prensa nacional\",\"publisher\":{\"@id\":\"https:\\\/\\\/www.eldiario.net\\\/portal\\\/#organization\"},\"potentialAction\":[{\"@type\":\"SearchAction\",\"target\":{\"@type\":\"EntryPoint\",\"urlTemplate\":\"https:\\\/\\\/www.eldiario.net\\\/portal\\\/?s={search_term_string}\"},\"query-input\":{\"@type\":\"PropertyValueSpecification\",\"valueRequired\":true,\"valueName\":\"search_term_string\"}}],\"inLanguage\":\"es\"},{\"@type\":\"Organization\",\"@id\":\"https:\\\/\\\/www.eldiario.net\\\/portal\\\/#organization\",\"name\":\"El Diario - Decano de la prensa nacional\",\"url\":\"https:\\\/\\\/www.eldiario.net\\\/portal\\\/\",\"logo\":{\"@type\":\"ImageObject\",\"inLanguage\":\"es\",\"@id\":\"https:\\\/\\\/www.eldiario.net\\\/portal\\\/#\\\/schema\\\/logo\\\/image\\\/\",\"url\":\"https:\\\/\\\/www.eldiario.net\\\/portal\\\/wp-content\\\/uploads\\\/2023\\\/07\\\/logo_ED.jpg\",\"contentUrl\":\"https:\\\/\\\/www.eldiario.net\\\/portal\\\/wp-content\\\/uploads\\\/2023\\\/07\\\/logo_ED.jpg\",\"width\":272,\"height\":52,\"caption\":\"El Diario - Decano de la prensa nacional\"},\"image\":{\"@id\":\"https:\\\/\\\/www.eldiario.net\\\/portal\\\/#\\\/schema\\\/logo\\\/image\\\/\"},\"sameAs\":[\"https:\\\/\\\/www.facebook.com\\\/eldiario.bolivia\\\/\",\"https:\\\/\\\/x.com\\\/eldiario_net\"]},{\"@type\":\"Person\",\"@id\":\"https:\\\/\\\/www.eldiario.net\\\/portal\\\/#\\\/schema\\\/person\\\/f46445640444750d7d753ccd04ae01b7\",\"name\":\"Jeanette\",\"image\":{\"@type\":\"ImageObject\",\"inLanguage\":\"es\",\"@id\":\"https:\\\/\\\/secure.gravatar.com\\\/avatar\\\/3ea2118a5f7dad2b7138b1187a6b7ee55f160b9968b66013c3a3ef39dd7e5798?s=96&d=mm&r=g\",\"url\":\"https:\\\/\\\/secure.gravatar.com\\\/avatar\\\/3ea2118a5f7dad2b7138b1187a6b7ee55f160b9968b66013c3a3ef39dd7e5798?s=96&d=mm&r=g\",\"contentUrl\":\"https:\\\/\\\/secure.gravatar.com\\\/avatar\\\/3ea2118a5f7dad2b7138b1187a6b7ee55f160b9968b66013c3a3ef39dd7e5798?s=96&d=mm&r=g\",\"caption\":\"Jeanette\"},\"sameAs\":[\"https:\\\/\\\/www.eldiario.net\\\/portal\"],\"url\":\"https:\\\/\\\/www.eldiario.net\\\/portal\\\/author\\\/jeanette\\\/\"}]}<\/script>\n<!-- \/ Yoast SEO plugin. -->","yoast_head_json":{"title":"Reservas de sangre bajan y Hemocentro pide apoyo - El Diario - Bolivia","robots":{"index":"index","follow":"follow","max-snippet":"max-snippet:-1","max-image-preview":"max-image-preview:large","max-video-preview":"max-video-preview:-1"},"canonical":"https:\/\/www.eldiario.net\/portal\/2026\/09\/02\/reservas-de-sangre-bajan-y-hemocentro-pide-apoyo\/","og_locale":"es_ES","og_type":"article","og_title":"Reservas de sangre bajan y Hemocentro pide apoyo - El Diario - Bolivia","og_description":"\u201cUrgente. Nuestras reservas est\u00e1n bajas\u201d, es parte del comunicado que el Hemocentro \u2013 Banco de Sangre Referencia Departamental La Paz comparti\u00f3 en redes sociales. Ante esta situaci\u00f3n, piden a la poblaci\u00f3n a donar \u201cpara seguir ayudando\u201d a salvar vidas. \u201cUrgente. Nuestras reservas est\u00e1n bajas y necesitamos de su apoyo para seguir ayudando, recuerda que con [&hellip;]","og_url":"https:\/\/www.eldiario.net\/portal\/2026\/09\/02\/reservas-de-sangre-bajan-y-hemocentro-pide-apoyo\/","og_site_name":"El Diario - Bolivia","article_publisher":"https:\/\/www.facebook.com\/eldiario.bolivia\/","article_published_time":"2026-09-02T10:40:40+00:00","og_image":[{"width":2048,"height":1365,"url":"https:\/\/www.eldiario.net\/portal\/wp-content\/uploads\/2026\/09\/F-2-hemocentro.webp","type":"image\/webp"}],"author":"Jeanette","twitter_card":"summary_large_image","twitter_creator":"@eldiario_net","twitter_site":"@eldiario_net","twitter_misc":{"Escrito por":"Jeanette","Tiempo de lectura":"2 minutos"},"schema":{"@context":"https:\/\/schema.org","@graph":[{"@type":"Article","@id":"https:\/\/www.eldiario.net\/portal\/2026\/09\/02\/reservas-de-sangre-bajan-y-hemocentro-pide-apoyo\/#article","isPartOf":{"@id":"https:\/\/www.eldiario.net\/portal\/2026\/09\/02\/reservas-de-sangre-bajan-y-hemocentro-pide-apoyo\/"},"author":{"name":"Jeanette","@id":"https:\/\/www.eldiario.net\/portal\/#\/schema\/person\/f46445640444750d7d753ccd04ae01b7"},"headline":"Reservas de sangre bajan y Hemocentro pide apoyo","datePublished":"2026-09-02T10:40:40+00:00","mainEntityOfPage":{"@id":"https:\/\/www.eldiario.net\/portal\/2026\/09\/02\/reservas-de-sangre-bajan-y-hemocentro-pide-apoyo\/"},"wordCount":315,"publisher":{"@id":"https:\/\/www.eldiario.net\/portal\/#organization"},"image":{"@id":"https:\/\/www.eldiario.net\/portal\/2026\/09\/02\/reservas-de-sangre-bajan-y-hemocentro-pide-apoyo\/#primaryimage"},"thumbnailUrl":"https:\/\/www.eldiario.net\/portal\/wp-content\/uploads\/2026\/09\/F-2-hemocentro.webp","articleSection":["Nacional"],"inLanguage":"es"},{"@type":"WebPage","@id":"https:\/\/www.eldiario.net\/portal\/2026\/09\/02\/reservas-de-sangre-bajan-y-hemocentro-pide-apoyo\/","url":"https:\/\/www.eldiario.net\/portal\/2026\/09\/02\/reservas-de-sangre-bajan-y-hemocentro-pide-apoyo\/","name":"Reservas de sangre bajan y Hemocentro pide apoyo - El Diario - Bolivia","isPartOf":{"@id":"https:\/\/www.eldiario.net\/portal\/#website"},"primaryImageOfPage":{"@id":"https:\/\/www.eldiario.net\/portal\/2026\/09\/02\/reservas-de-sangre-bajan-y-hemocentro-pide-apoyo\/#primaryimage"},"image":{"@id":"https:\/\/www.eldiario.net\/portal\/2026\/09\/02\/reservas-de-sangre-bajan-y-hemocentro-pide-apoyo\/#primaryimage"},"thumbnailUrl":"https:\/\/www.eldiario.net\/portal\/wp-content\/uploads\/2026\/09\/F-2-hemocentro.webp","datePublished":"2026-09-02T10:40:40+00:00","breadcrumb":{"@id":"https:\/\/www.eldiario.net\/portal\/2026\/09\/02\/reservas-de-sangre-bajan-y-hemocentro-pide-apoyo\/#breadcrumb"},"inLanguage":"es","potentialAction":[{"@type":"ReadAction","target":["https:\/\/www.eldiario.net\/portal\/2026\/09\/02\/reservas-de-sangre-bajan-y-hemocentro-pide-apoyo\/"]}]},{"@type":"ImageObject","inLanguage":"es","@id":"https:\/\/www.eldiario.net\/portal\/2026\/09\/02\/reservas-de-sangre-bajan-y-hemocentro-pide-apoyo\/#primaryimage","url":"https:\/\/www.eldiario.net\/portal\/wp-content\/uploads\/2026\/09\/F-2-hemocentro.webp","contentUrl":"https:\/\/www.eldiario.net\/portal\/wp-content\/uploads\/2026\/09\/F-2-hemocentro.webp","width":2048,"height":1365,"caption":"En ambos municipios preparan actividades con el uso de bicicletas."},{"@type":"BreadcrumbList","@id":"https:\/\/www.eldiario.net\/portal\/2026\/09\/02\/reservas-de-sangre-bajan-y-hemocentro-pide-apoyo\/#breadcrumb","itemListElement":[{"@type":"ListItem","position":1,"name":"Portada","item":"https:\/\/www.eldiario.net\/portal\/"},{"@type":"ListItem","position":2,"name":"Reservas de sangre bajan y Hemocentro pide apoyo"}]},{"@type":"WebSite","@id":"https:\/\/www.eldiario.net\/portal\/#website","url":"https:\/\/www.eldiario.net\/portal\/","name":"El Diario - Decano de la prensa nacional","description":"El Diario - Decano de la prensa nacional","publisher":{"@id":"https:\/\/www.eldiario.net\/portal\/#organization"},"potentialAction":[{"@type":"SearchAction","target":{"@type":"EntryPoint","urlTemplate":"https:\/\/www.eldiario.net\/portal\/?s={search_term_string}"},"query-input":{"@type":"PropertyValueSpecification","valueRequired":true,"valueName":"search_term_string"}}],"inLanguage":"es"},{"@type":"Organization","@id":"https:\/\/www.eldiario.net\/portal\/#organization","name":"El Diario - Decano de la prensa nacional","url":"https:\/\/www.eldiario.net\/portal\/","logo":{"@type":"ImageObject","inLanguage":"es","@id":"https:\/\/www.eldiario.net\/portal\/#\/schema\/logo\/image\/","url":"https:\/\/www.eldiario.net\/portal\/wp-content\/uploads\/2023\/07\/logo_ED.jpg","contentUrl":"https:\/\/www.eldiario.net\/portal\/wp-content\/uploads\/2023\/07\/logo_ED.jpg","width":272,"height":52,"caption":"El Diario - Decano de la prensa nacional"},"image":{"@id":"https:\/\/www.eldiario.net\/portal\/#\/schema\/logo\/image\/"},"sameAs":["https:\/\/www.facebook.com\/eldiario.bolivia\/","https:\/\/x.com\/eldiario_net"]},{"@type":"Person","@id":"https:\/\/www.eldiario.net\/portal\/#\/schema\/person\/f46445640444750d7d753ccd04ae01b7","name":"Jeanette","image":{"@type":"ImageObject","inLanguage":"es","@id":"https:\/\/secure.gravatar.com\/avatar\/3ea2118a5f7dad2b7138b1187a6b7ee55f160b9968b66013c3a3ef39dd7e5798?s=96&d=mm&r=g","url":"https:\/\/secure.gravatar.com\/avatar\/3ea2118a5f7dad2b7138b1187a6b7ee55f160b9968b66013c3a3ef39dd7e5798?s=96&d=mm&r=g","contentUrl":"https:\/\/secure.gravatar.com\/avatar\/3ea2118a5f7dad2b7138b1187a6b7ee55f160b9968b66013c3a3ef39dd7e5798?s=96&d=mm&r=g","caption":"Jeanette"},"sameAs":["https:\/\/www.eldiario.net\/portal"],"url":"https:\/\/www.eldiario.net\/portal\/author\/jeanette\/"}]}},"_links":{"self":[{"href":"https:\/\/www.eldiario.net\/portal\/wp-json\/wp\/v2\/posts\/426956","targetHints":{"allow":["GET"]}}],"collection":[{"href":"https:\/\/www.eldiario.net\/portal\/wp-json\/wp\/v2\/posts"}],"about":[{"href":"https:\/\/www.eldiario.net\/portal\/wp-json\/wp\/v2\/types\/post"}],"author":[{"embeddable":true,"href":"https:\/\/www.eldiario.net\/portal\/wp-json\/wp\/v2\/users\/1"}],"replies":[{"embeddable":true,"href":"https:\/\/www.eldiario.net\/portal\/wp-json\/wp\/v2\/comments?post=426956"}],"version-history":[{"count":1,"href":"https:\/\/www.eldiario.net\/portal\/wp-json\/wp\/v2\/posts\/426956\/revisions"}],"predecessor-version":[{"id":426958,"href":"https:\/\/www.eldiario.net\/portal\/wp-json\/wp\/v2\/posts\/426956\/revisions\/426958"}],"wp:featuredmedia":[{"embeddable":true,"href":"https:\/\/www.eldiario.net\/portal\/wp-json\/wp\/v2\/media\/426957"}],"wp:attachment":[{"href":"https:\/\/www.eldiario.net\/portal\/wp-json\/wp\/v2\/media?parent=426956"}],"wp:term":[{"taxonomy":"category","embeddable":true,"href":"https:\/\/www.eldiario.net\/portal\/wp-json\/wp\/v2\/categories?post=426956"},{"taxonomy":"post_tag","embeddable":true,"href":"https:\/\/www.eldiario.net\/portal\/wp-json\/wp\/v2\/tags?post=426956"}],"curies":[{"name":"wp","href":"https:\/\/api.w.org\/{rel}","templated":true}]}}