{"id":426953,"date":"2026-09-02T06:39:32","date_gmt":"2026-09-02T10:39:32","guid":{"rendered":"https:\/\/www.eldiario.net\/portal\/?p=426953"},"modified":"2026-09-02T06:39:32","modified_gmt":"2026-09-02T10:39:32","slug":"desmienten-suspension-de-inhumaciones-en-mercedario","status":"publish","type":"post","link":"https:\/\/www.eldiario.net\/portal\/2026\/09\/02\/desmienten-suspension-de-inhumaciones-en-mercedario\/","title":{"rendered":"Desmienten suspensi\u00f3n de inhumaciones en Mercedario"},"content":{"rendered":"<p>Ante versiones sobre una supuesta suspensi\u00f3n de los entierros, el secretario municipal de Desarrollo Econ\u00f3mico del municipio alte\u00f1o, Willy Tancara, asegur\u00f3 que los cementerios municipales de El Alto brindan atenci\u00f3n con normalidad y mantienen habilitado el servicio de inhumaciones. La autoridad atribuy\u00f3 el comunicado falso a personas que buscan \u201cgenerar malestar\u201d con la gesti\u00f3n municipal.<br \/>\n\u201cEl Gobierno Aut\u00f3nomo Municipal de El Alto no ha emitido ning\u00fan tipo de comunicado se\u00f1alando de que se ha suspendido el tema de las inhumaciones\u201d, aclar\u00f3 la autoridad edil.<br \/>\nPara tranquilidad de la poblaci\u00f3n, afirm\u00f3 que los cementerios, dependientes del municipio, est\u00e1n atendiendo con normalidad, m\u00e1s a\u00fan en los momentos dif\u00edciles y sensibles que puedan tener las familias alte\u00f1as.<br \/>\nTancara vincul\u00f3 la difusi\u00f3n del falso comunicado con una denuncia realizada por el alcalde alte\u00f1o, Eliser Roca, la semana pasada, en el informe sobre los 100 d\u00edas de su gesti\u00f3n.<br \/>\n\u201cNosotros suponemos que este tipo de aviso de pronto ha sido emitido para causar un malestar con la gesti\u00f3n municipal, esto debido al informe que ha emitido nuestro alcalde de la ciudad de El Alto la semana pasada\u201d, indic\u00f3.<br \/>\nEl secretario explic\u00f3 que en una fiscalizaci\u00f3n se detect\u00f3 un presunto perjuicio econ\u00f3mico.<br \/>\n\u201cDentro de este sector hemos encontrado un posible da\u00f1o econ\u00f3mico al Estado que supera los dos millones de bolivianos por haber usufructuado bienes del Estado\u201d, detall\u00f3.<br \/>\nSeg\u00fan la autoridad, se trata de construcciones clandestinas en cementerios que eran usufructuadas por terceras personas.<br \/>\n\u201cHemos visto en anteriores gestiones que ha habido construcciones clandestinas y que estas construcciones clandestinas son usufructuadas por terceras personas y supuestamente habr\u00edan sido autorizadas por la anterior gesti\u00f3n\u201d, asever\u00f3.<br \/>\nAcot\u00f3 que se aclar\u00f3 a \u201caquellas personas que est\u00e1n realizando este tipo de construcciones, que este tipo de acto es completamente ilegal\u201d.<br \/>\nPara evitar problemas, Tancara pidi\u00f3 a la poblaci\u00f3n reportar cualquier cobro irregular, especialmente en momentos tan sensibles. \u201cNo puede existir cobros a nuestra poblaci\u00f3n especialmente en esos momentos m\u00e1s sensibles\u201d, sostuvo.<br \/>\nPara denuncias y cualquier situaci\u00f3n como reclamos, pueden llamar o escribir al n\u00famero de WhatsApp 74020312.<\/p>\n","protected":false},"excerpt":{"rendered":"<p>Ante versiones sobre una supuesta suspensi\u00f3n de los entierros, el secretario municipal de Desarrollo Econ\u00f3mico del municipio alte\u00f1o, Willy Tancara, asegur\u00f3 que los cementerios municipales de El Alto brindan atenci\u00f3n con normalidad y mantienen habilitado el servicio de inhumaciones. La autoridad atribuy\u00f3 el comunicado falso a personas que buscan \u201cgenerar malestar\u201d con la gesti\u00f3n municipal. [&hellip;]<\/p>\n","protected":false},"author":1,"featured_media":426954,"comment_status":"closed","ping_status":"open","sticky":false,"template":"","format":"standard","meta":{"_acf_changed":false,"footnotes":""},"categories":[12],"tags":[],"class_list":["post-426953","post","type-post","status-publish","format-standard","has-post-thumbnail","category-nacional"],"acf":{"antetitulo":"Cementerio de El Alto"},"yoast_head":"<!-- This site is optimized with the Yoast SEO plugin v28.4 - https:\/\/yoast.com\/product\/yoast-seo-wordpress\/ -->\n<title>Desmienten suspensi\u00f3n de inhumaciones en Mercedario - El Diario - Bolivia<\/title>\n<meta name=\"robots\" content=\"index, follow, max-snippet:-1, max-image-preview:large, max-video-preview:-1\" \/>\n<link rel=\"canonical\" href=\"https:\/\/www.eldiario.net\/portal\/2026\/09\/02\/desmienten-suspension-de-inhumaciones-en-mercedario\/\" \/>\n<meta property=\"og:locale\" content=\"es_ES\" \/>\n<meta property=\"og:type\" content=\"article\" \/>\n<meta property=\"og:title\" content=\"Desmienten suspensi\u00f3n de inhumaciones en Mercedario - El Diario - Bolivia\" \/>\n<meta property=\"og:description\" content=\"Ante versiones sobre una supuesta suspensi\u00f3n de los entierros, el secretario municipal de Desarrollo Econ\u00f3mico del municipio alte\u00f1o, Willy Tancara, asegur\u00f3 que los cementerios municipales de El Alto brindan atenci\u00f3n con normalidad y mantienen habilitado el servicio de inhumaciones. La autoridad atribuy\u00f3 el comunicado falso a personas que buscan \u201cgenerar malestar\u201d con la gesti\u00f3n municipal. [&hellip;]\" \/>\n<meta property=\"og:url\" content=\"https:\/\/www.eldiario.net\/portal\/2026\/09\/02\/desmienten-suspension-de-inhumaciones-en-mercedario\/\" \/>\n<meta property=\"og:site_name\" content=\"El Diario - Bolivia\" \/>\n<meta property=\"article:publisher\" content=\"https:\/\/www.facebook.com\/eldiario.bolivia\/\" \/>\n<meta property=\"article:published_time\" content=\"2026-09-02T10:39:32+00:00\" \/>\n<meta property=\"og:image\" content=\"https:\/\/www.eldiario.net\/portal\/wp-content\/uploads\/2026\/09\/F-3-cementerios.webp\" \/>\n\t<meta property=\"og:image:width\" content=\"1027\" \/>\n\t<meta property=\"og:image:height\" content=\"546\" \/>\n\t<meta property=\"og:image:type\" content=\"image\/webp\" \/>\n<meta name=\"author\" content=\"Jeanette\" \/>\n<meta name=\"twitter:card\" content=\"summary_large_image\" \/>\n<meta name=\"twitter:creator\" content=\"@eldiario_net\" \/>\n<meta name=\"twitter:site\" content=\"@eldiario_net\" \/>\n<meta name=\"twitter:label1\" content=\"Escrito por\" \/>\n\t<meta name=\"twitter:data1\" content=\"Jeanette\" \/>\n\t<meta name=\"twitter:label2\" content=\"Tiempo de lectura\" \/>\n\t<meta name=\"twitter:data2\" content=\"2 minutos\" \/>\n<script type=\"application\/ld+json\" class=\"yoast-schema-graph\">{\"@context\":\"https:\\\/\\\/schema.org\",\"@graph\":[{\"@type\":\"Article\",\"@id\":\"https:\\\/\\\/www.eldiario.net\\\/portal\\\/2026\\\/09\\\/02\\\/desmienten-suspension-de-inhumaciones-en-mercedario\\\/#article\",\"isPartOf\":{\"@id\":\"https:\\\/\\\/www.eldiario.net\\\/portal\\\/2026\\\/09\\\/02\\\/desmienten-suspension-de-inhumaciones-en-mercedario\\\/\"},\"author\":{\"name\":\"Jeanette\",\"@id\":\"https:\\\/\\\/www.eldiario.net\\\/portal\\\/#\\\/schema\\\/person\\\/f46445640444750d7d753ccd04ae01b7\"},\"headline\":\"Desmienten suspensi\u00f3n de inhumaciones en Mercedario\",\"datePublished\":\"2026-09-02T10:39:32+00:00\",\"mainEntityOfPage\":{\"@id\":\"https:\\\/\\\/www.eldiario.net\\\/portal\\\/2026\\\/09\\\/02\\\/desmienten-suspension-de-inhumaciones-en-mercedario\\\/\"},\"wordCount\":374,\"publisher\":{\"@id\":\"https:\\\/\\\/www.eldiario.net\\\/portal\\\/#organization\"},\"image\":{\"@id\":\"https:\\\/\\\/www.eldiario.net\\\/portal\\\/2026\\\/09\\\/02\\\/desmienten-suspension-de-inhumaciones-en-mercedario\\\/#primaryimage\"},\"thumbnailUrl\":\"https:\\\/\\\/www.eldiario.net\\\/portal\\\/wp-content\\\/uploads\\\/2026\\\/09\\\/F-3-cementerios.webp\",\"articleSection\":[\"Nacional\"],\"inLanguage\":\"es\"},{\"@type\":\"WebPage\",\"@id\":\"https:\\\/\\\/www.eldiario.net\\\/portal\\\/2026\\\/09\\\/02\\\/desmienten-suspension-de-inhumaciones-en-mercedario\\\/\",\"url\":\"https:\\\/\\\/www.eldiario.net\\\/portal\\\/2026\\\/09\\\/02\\\/desmienten-suspension-de-inhumaciones-en-mercedario\\\/\",\"name\":\"Desmienten suspensi\u00f3n de inhumaciones en Mercedario - El Diario - Bolivia\",\"isPartOf\":{\"@id\":\"https:\\\/\\\/www.eldiario.net\\\/portal\\\/#website\"},\"primaryImageOfPage\":{\"@id\":\"https:\\\/\\\/www.eldiario.net\\\/portal\\\/2026\\\/09\\\/02\\\/desmienten-suspension-de-inhumaciones-en-mercedario\\\/#primaryimage\"},\"image\":{\"@id\":\"https:\\\/\\\/www.eldiario.net\\\/portal\\\/2026\\\/09\\\/02\\\/desmienten-suspension-de-inhumaciones-en-mercedario\\\/#primaryimage\"},\"thumbnailUrl\":\"https:\\\/\\\/www.eldiario.net\\\/portal\\\/wp-content\\\/uploads\\\/2026\\\/09\\\/F-3-cementerios.webp\",\"datePublished\":\"2026-09-02T10:39:32+00:00\",\"breadcrumb\":{\"@id\":\"https:\\\/\\\/www.eldiario.net\\\/portal\\\/2026\\\/09\\\/02\\\/desmienten-suspension-de-inhumaciones-en-mercedario\\\/#breadcrumb\"},\"inLanguage\":\"es\",\"potentialAction\":[{\"@type\":\"ReadAction\",\"target\":[\"https:\\\/\\\/www.eldiario.net\\\/portal\\\/2026\\\/09\\\/02\\\/desmienten-suspension-de-inhumaciones-en-mercedario\\\/\"]}]},{\"@type\":\"ImageObject\",\"inLanguage\":\"es\",\"@id\":\"https:\\\/\\\/www.eldiario.net\\\/portal\\\/2026\\\/09\\\/02\\\/desmienten-suspension-de-inhumaciones-en-mercedario\\\/#primaryimage\",\"url\":\"https:\\\/\\\/www.eldiario.net\\\/portal\\\/wp-content\\\/uploads\\\/2026\\\/09\\\/F-3-cementerios.webp\",\"contentUrl\":\"https:\\\/\\\/www.eldiario.net\\\/portal\\\/wp-content\\\/uploads\\\/2026\\\/09\\\/F-3-cementerios.webp\",\"width\":1027,\"height\":546,\"caption\":\"Piden denunciar mala informaci\u00f3n.\"},{\"@type\":\"BreadcrumbList\",\"@id\":\"https:\\\/\\\/www.eldiario.net\\\/portal\\\/2026\\\/09\\\/02\\\/desmienten-suspension-de-inhumaciones-en-mercedario\\\/#breadcrumb\",\"itemListElement\":[{\"@type\":\"ListItem\",\"position\":1,\"name\":\"Portada\",\"item\":\"https:\\\/\\\/www.eldiario.net\\\/portal\\\/\"},{\"@type\":\"ListItem\",\"position\":2,\"name\":\"Desmienten suspensi\u00f3n de inhumaciones en Mercedario\"}]},{\"@type\":\"WebSite\",\"@id\":\"https:\\\/\\\/www.eldiario.net\\\/portal\\\/#website\",\"url\":\"https:\\\/\\\/www.eldiario.net\\\/portal\\\/\",\"name\":\"El Diario - Decano de la prensa nacional\",\"description\":\"El Diario - Decano de la prensa nacional\",\"publisher\":{\"@id\":\"https:\\\/\\\/www.eldiario.net\\\/portal\\\/#organization\"},\"potentialAction\":[{\"@type\":\"SearchAction\",\"target\":{\"@type\":\"EntryPoint\",\"urlTemplate\":\"https:\\\/\\\/www.eldiario.net\\\/portal\\\/?s={search_term_string}\"},\"query-input\":{\"@type\":\"PropertyValueSpecification\",\"valueRequired\":true,\"valueName\":\"search_term_string\"}}],\"inLanguage\":\"es\"},{\"@type\":\"Organization\",\"@id\":\"https:\\\/\\\/www.eldiario.net\\\/portal\\\/#organization\",\"name\":\"El Diario - Decano de la prensa nacional\",\"url\":\"https:\\\/\\\/www.eldiario.net\\\/portal\\\/\",\"logo\":{\"@type\":\"ImageObject\",\"inLanguage\":\"es\",\"@id\":\"https:\\\/\\\/www.eldiario.net\\\/portal\\\/#\\\/schema\\\/logo\\\/image\\\/\",\"url\":\"https:\\\/\\\/www.eldiario.net\\\/portal\\\/wp-content\\\/uploads\\\/2023\\\/07\\\/logo_ED.jpg\",\"contentUrl\":\"https:\\\/\\\/www.eldiario.net\\\/portal\\\/wp-content\\\/uploads\\\/2023\\\/07\\\/logo_ED.jpg\",\"width\":272,\"height\":52,\"caption\":\"El Diario - Decano de la prensa nacional\"},\"image\":{\"@id\":\"https:\\\/\\\/www.eldiario.net\\\/portal\\\/#\\\/schema\\\/logo\\\/image\\\/\"},\"sameAs\":[\"https:\\\/\\\/www.facebook.com\\\/eldiario.bolivia\\\/\",\"https:\\\/\\\/x.com\\\/eldiario_net\"]},{\"@type\":\"Person\",\"@id\":\"https:\\\/\\\/www.eldiario.net\\\/portal\\\/#\\\/schema\\\/person\\\/f46445640444750d7d753ccd04ae01b7\",\"name\":\"Jeanette\",\"image\":{\"@type\":\"ImageObject\",\"inLanguage\":\"es\",\"@id\":\"https:\\\/\\\/secure.gravatar.com\\\/avatar\\\/3ea2118a5f7dad2b7138b1187a6b7ee55f160b9968b66013c3a3ef39dd7e5798?s=96&d=mm&r=g\",\"url\":\"https:\\\/\\\/secure.gravatar.com\\\/avatar\\\/3ea2118a5f7dad2b7138b1187a6b7ee55f160b9968b66013c3a3ef39dd7e5798?s=96&d=mm&r=g\",\"contentUrl\":\"https:\\\/\\\/secure.gravatar.com\\\/avatar\\\/3ea2118a5f7dad2b7138b1187a6b7ee55f160b9968b66013c3a3ef39dd7e5798?s=96&d=mm&r=g\",\"caption\":\"Jeanette\"},\"sameAs\":[\"https:\\\/\\\/www.eldiario.net\\\/portal\"],\"url\":\"https:\\\/\\\/www.eldiario.net\\\/portal\\\/author\\\/jeanette\\\/\"}]}<\/script>\n<!-- \/ Yoast SEO plugin. -->","yoast_head_json":{"title":"Desmienten suspensi\u00f3n de inhumaciones en Mercedario - El Diario - Bolivia","robots":{"index":"index","follow":"follow","max-snippet":"max-snippet:-1","max-image-preview":"max-image-preview:large","max-video-preview":"max-video-preview:-1"},"canonical":"https:\/\/www.eldiario.net\/portal\/2026\/09\/02\/desmienten-suspension-de-inhumaciones-en-mercedario\/","og_locale":"es_ES","og_type":"article","og_title":"Desmienten suspensi\u00f3n de inhumaciones en Mercedario - El Diario - Bolivia","og_description":"Ante versiones sobre una supuesta suspensi\u00f3n de los entierros, el secretario municipal de Desarrollo Econ\u00f3mico del municipio alte\u00f1o, Willy Tancara, asegur\u00f3 que los cementerios municipales de El Alto brindan atenci\u00f3n con normalidad y mantienen habilitado el servicio de inhumaciones. La autoridad atribuy\u00f3 el comunicado falso a personas que buscan \u201cgenerar malestar\u201d con la gesti\u00f3n municipal. [&hellip;]","og_url":"https:\/\/www.eldiario.net\/portal\/2026\/09\/02\/desmienten-suspension-de-inhumaciones-en-mercedario\/","og_site_name":"El Diario - Bolivia","article_publisher":"https:\/\/www.facebook.com\/eldiario.bolivia\/","article_published_time":"2026-09-02T10:39:32+00:00","og_image":[{"width":1027,"height":546,"url":"https:\/\/www.eldiario.net\/portal\/wp-content\/uploads\/2026\/09\/F-3-cementerios.webp","type":"image\/webp"}],"author":"Jeanette","twitter_card":"summary_large_image","twitter_creator":"@eldiario_net","twitter_site":"@eldiario_net","twitter_misc":{"Escrito por":"Jeanette","Tiempo de lectura":"2 minutos"},"schema":{"@context":"https:\/\/schema.org","@graph":[{"@type":"Article","@id":"https:\/\/www.eldiario.net\/portal\/2026\/09\/02\/desmienten-suspension-de-inhumaciones-en-mercedario\/#article","isPartOf":{"@id":"https:\/\/www.eldiario.net\/portal\/2026\/09\/02\/desmienten-suspension-de-inhumaciones-en-mercedario\/"},"author":{"name":"Jeanette","@id":"https:\/\/www.eldiario.net\/portal\/#\/schema\/person\/f46445640444750d7d753ccd04ae01b7"},"headline":"Desmienten suspensi\u00f3n de inhumaciones en Mercedario","datePublished":"2026-09-02T10:39:32+00:00","mainEntityOfPage":{"@id":"https:\/\/www.eldiario.net\/portal\/2026\/09\/02\/desmienten-suspension-de-inhumaciones-en-mercedario\/"},"wordCount":374,"publisher":{"@id":"https:\/\/www.eldiario.net\/portal\/#organization"},"image":{"@id":"https:\/\/www.eldiario.net\/portal\/2026\/09\/02\/desmienten-suspension-de-inhumaciones-en-mercedario\/#primaryimage"},"thumbnailUrl":"https:\/\/www.eldiario.net\/portal\/wp-content\/uploads\/2026\/09\/F-3-cementerios.webp","articleSection":["Nacional"],"inLanguage":"es"},{"@type":"WebPage","@id":"https:\/\/www.eldiario.net\/portal\/2026\/09\/02\/desmienten-suspension-de-inhumaciones-en-mercedario\/","url":"https:\/\/www.eldiario.net\/portal\/2026\/09\/02\/desmienten-suspension-de-inhumaciones-en-mercedario\/","name":"Desmienten suspensi\u00f3n de inhumaciones en Mercedario - El Diario - Bolivia","isPartOf":{"@id":"https:\/\/www.eldiario.net\/portal\/#website"},"primaryImageOfPage":{"@id":"https:\/\/www.eldiario.net\/portal\/2026\/09\/02\/desmienten-suspension-de-inhumaciones-en-mercedario\/#primaryimage"},"image":{"@id":"https:\/\/www.eldiario.net\/portal\/2026\/09\/02\/desmienten-suspension-de-inhumaciones-en-mercedario\/#primaryimage"},"thumbnailUrl":"https:\/\/www.eldiario.net\/portal\/wp-content\/uploads\/2026\/09\/F-3-cementerios.webp","datePublished":"2026-09-02T10:39:32+00:00","breadcrumb":{"@id":"https:\/\/www.eldiario.net\/portal\/2026\/09\/02\/desmienten-suspension-de-inhumaciones-en-mercedario\/#breadcrumb"},"inLanguage":"es","potentialAction":[{"@type":"ReadAction","target":["https:\/\/www.eldiario.net\/portal\/2026\/09\/02\/desmienten-suspension-de-inhumaciones-en-mercedario\/"]}]},{"@type":"ImageObject","inLanguage":"es","@id":"https:\/\/www.eldiario.net\/portal\/2026\/09\/02\/desmienten-suspension-de-inhumaciones-en-mercedario\/#primaryimage","url":"https:\/\/www.eldiario.net\/portal\/wp-content\/uploads\/2026\/09\/F-3-cementerios.webp","contentUrl":"https:\/\/www.eldiario.net\/portal\/wp-content\/uploads\/2026\/09\/F-3-cementerios.webp","width":1027,"height":546,"caption":"Piden denunciar mala informaci\u00f3n."},{"@type":"BreadcrumbList","@id":"https:\/\/www.eldiario.net\/portal\/2026\/09\/02\/desmienten-suspension-de-inhumaciones-en-mercedario\/#breadcrumb","itemListElement":[{"@type":"ListItem","position":1,"name":"Portada","item":"https:\/\/www.eldiario.net\/portal\/"},{"@type":"ListItem","position":2,"name":"Desmienten suspensi\u00f3n de inhumaciones en Mercedario"}]},{"@type":"WebSite","@id":"https:\/\/www.eldiario.net\/portal\/#website","url":"https:\/\/www.eldiario.net\/portal\/","name":"El Diario - Decano de la prensa nacional","description":"El Diario - Decano de la prensa nacional","publisher":{"@id":"https:\/\/www.eldiario.net\/portal\/#organization"},"potentialAction":[{"@type":"SearchAction","target":{"@type":"EntryPoint","urlTemplate":"https:\/\/www.eldiario.net\/portal\/?s={search_term_string}"},"query-input":{"@type":"PropertyValueSpecification","valueRequired":true,"valueName":"search_term_string"}}],"inLanguage":"es"},{"@type":"Organization","@id":"https:\/\/www.eldiario.net\/portal\/#organization","name":"El Diario - Decano de la prensa nacional","url":"https:\/\/www.eldiario.net\/portal\/","logo":{"@type":"ImageObject","inLanguage":"es","@id":"https:\/\/www.eldiario.net\/portal\/#\/schema\/logo\/image\/","url":"https:\/\/www.eldiario.net\/portal\/wp-content\/uploads\/2023\/07\/logo_ED.jpg","contentUrl":"https:\/\/www.eldiario.net\/portal\/wp-content\/uploads\/2023\/07\/logo_ED.jpg","width":272,"height":52,"caption":"El Diario - Decano de la prensa nacional"},"image":{"@id":"https:\/\/www.eldiario.net\/portal\/#\/schema\/logo\/image\/"},"sameAs":["https:\/\/www.facebook.com\/eldiario.bolivia\/","https:\/\/x.com\/eldiario_net"]},{"@type":"Person","@id":"https:\/\/www.eldiario.net\/portal\/#\/schema\/person\/f46445640444750d7d753ccd04ae01b7","name":"Jeanette","image":{"@type":"ImageObject","inLanguage":"es","@id":"https:\/\/secure.gravatar.com\/avatar\/3ea2118a5f7dad2b7138b1187a6b7ee55f160b9968b66013c3a3ef39dd7e5798?s=96&d=mm&r=g","url":"https:\/\/secure.gravatar.com\/avatar\/3ea2118a5f7dad2b7138b1187a6b7ee55f160b9968b66013c3a3ef39dd7e5798?s=96&d=mm&r=g","contentUrl":"https:\/\/secure.gravatar.com\/avatar\/3ea2118a5f7dad2b7138b1187a6b7ee55f160b9968b66013c3a3ef39dd7e5798?s=96&d=mm&r=g","caption":"Jeanette"},"sameAs":["https:\/\/www.eldiario.net\/portal"],"url":"https:\/\/www.eldiario.net\/portal\/author\/jeanette\/"}]}},"_links":{"self":[{"href":"https:\/\/www.eldiario.net\/portal\/wp-json\/wp\/v2\/posts\/426953","targetHints":{"allow":["GET"]}}],"collection":[{"href":"https:\/\/www.eldiario.net\/portal\/wp-json\/wp\/v2\/posts"}],"about":[{"href":"https:\/\/www.eldiario.net\/portal\/wp-json\/wp\/v2\/types\/post"}],"author":[{"embeddable":true,"href":"https:\/\/www.eldiario.net\/portal\/wp-json\/wp\/v2\/users\/1"}],"replies":[{"embeddable":true,"href":"https:\/\/www.eldiario.net\/portal\/wp-json\/wp\/v2\/comments?post=426953"}],"version-history":[{"count":1,"href":"https:\/\/www.eldiario.net\/portal\/wp-json\/wp\/v2\/posts\/426953\/revisions"}],"predecessor-version":[{"id":426955,"href":"https:\/\/www.eldiario.net\/portal\/wp-json\/wp\/v2\/posts\/426953\/revisions\/426955"}],"wp:featuredmedia":[{"embeddable":true,"href":"https:\/\/www.eldiario.net\/portal\/wp-json\/wp\/v2\/media\/426954"}],"wp:attachment":[{"href":"https:\/\/www.eldiario.net\/portal\/wp-json\/wp\/v2\/media?parent=426953"}],"wp:term":[{"taxonomy":"category","embeddable":true,"href":"https:\/\/www.eldiario.net\/portal\/wp-json\/wp\/v2\/categories?post=426953"},{"taxonomy":"post_tag","embeddable":true,"href":"https:\/\/www.eldiario.net\/portal\/wp-json\/wp\/v2\/tags?post=426953"}],"curies":[{"name":"wp","href":"https:\/\/api.w.org\/{rel}","templated":true}]}}