{"id":426947,"date":"2026-09-02T06:35:29","date_gmt":"2026-09-02T10:35:29","guid":{"rendered":"https:\/\/www.eldiario.net\/portal\/?p=426947"},"modified":"2026-09-02T06:35:29","modified_gmt":"2026-09-02T10:35:29","slug":"colombia-y-japon-reactivaran-el-tratado-de-libre-comercio","status":"publish","type":"post","link":"https:\/\/www.eldiario.net\/portal\/2026\/09\/02\/colombia-y-japon-reactivaran-el-tratado-de-libre-comercio\/","title":{"rendered":"Colombia y Jap\u00f3n reactivar\u00e1n el Tratado de Libre Comercio"},"content":{"rendered":"<p>Colombia y Jap\u00f3n buscan darle un nuevo impulso al Acuerdo de Asociaci\u00f3n Econ\u00f3mica (EPA), cuya negociaci\u00f3n comenz\u00f3 en 2012 y permanece sin firma. El gobierno de Abelardo de la Espriella busca avanzar en la agenda comercial y, al mismo tiempo, atraer inversi\u00f3n japonesa en sectores estrat\u00e9gicos.<br \/>\nEl ministro de Comercio, Mauricio G\u00f3mez Am\u00edn, viaj\u00f3 a Tokio y sostuvo reuniones con representantes de Toshiba, Toyota y Mazda para explorar oportunidades en manufactura, movilidad el\u00e9ctrica, energ\u00eda, infraestructura digital, innovaci\u00f3n y tecnolog\u00eda.<br \/>\nEntre las posibilidades est\u00e1 un eventual regreso de Mazda al ensamblaje de veh\u00edculos en Colombia.<br \/>\n\u201cColombia vuelve a abrirse camino en el mundo: buscamos mercados para nuestros productos, inversi\u00f3n para generar empleo, tecnolog\u00eda para transformar nuestra econom\u00eda y aliados fuertes para acompa\u00f1arnos en la reconstrucci\u00f3n\u201d, afirm\u00f3 el presidente De la Espriella.<br \/>\nEl mandatario asegur\u00f3 que, \u201cen solo 15 d\u00edas de gobierno\u201d, se dieron pasos para destrabar un acuerdo que llevaba a\u00f1os paralizado. G\u00f3mez Am\u00edn, por su parte, afirm\u00f3 que se abri\u00f3 \u201cuna nueva etapa de di\u00e1logo y entendimiento con Jap\u00f3n\u201d para avanzar en inversi\u00f3n, transferencia de tecnolog\u00eda, producci\u00f3n y empleo.<\/p>\n<p>Acuerdo<br \/>\nEl EPA comenz\u00f3 a negociarse en 2012 y contemplaba 18 cap\u00edtulos relacionados con asuntos como cooperaci\u00f3n t\u00e9cnica, propiedad intelectual y compras p\u00fablicas.<br \/>\nDurante las negociaciones, 16 cap\u00edtulos quedaron cerrados. Los dos pendientes corresponden a normas de origen y acceso a mercados, asuntos directamente relacionados con las condiciones de entrada de productos a ambos pa\u00edses.<br \/>\nLas diferencias se concentraron especialmente en el sector agr\u00edcola, con productos como caf\u00e9, l\u00e1cteos y hortalizas. Esto fren\u00f3 el proceso en 2017 y, finalmente, las conversaciones quedaron suspendidas en 2021.<br \/>\nEn septiembre de 2025, el entonces gobierno de Gustavo Petro intent\u00f3 reactivar el proceso durante la Expo Osaka, pero el acercamiento no deriv\u00f3 en avances concretos ni en una fecha para concluir la negociaci\u00f3n.<br \/>\nAhora, el nuevo Gobierno pretende retomar la discusi\u00f3n precisamente donde qued\u00f3 pendiente.<\/p>\n<p>AGRICULTURA<br \/>\nPara Javier D\u00edaz, presidente de Analdex, el principal obst\u00e1culo contin\u00faa siendo la oferta agr\u00edcola de Jap\u00f3n.<br \/>\n\u201cEn la negociaci\u00f3n con Jap\u00f3n no se pudo cerrar porque la propuesta en la parte agr\u00edcola hecha por Jap\u00f3n no fue satisfactoria para Colombia\u201d, explic\u00f3.<br \/>\nA su juicio, el punto central de esta nueva etapa ser\u00e1 conseguir una mejor oferta agr\u00edcola japonesa, especialmente porque el pa\u00eds asi\u00e1tico representa una oportunidad para las exportaciones colombianas de alimentos.<br \/>\n\u201cLo que uno espera al retomar estas negociaciones es que Jap\u00f3n mejore la oferta agr\u00edcola y de esa manera Colombia podr\u00eda cerrar el acuerdo\u201d, se\u00f1al\u00f3 D\u00edaz.<br \/>\nEl dirigente gremial destac\u00f3 que Jap\u00f3n es un importador de alimentos y que el sector agropecuario es uno de los que mayores posibilidades tiene de crecer en el mercado de Asia-Pac\u00edfico. Seg\u00fan coment\u00f3, en los dem\u00e1s sectores la negociaci\u00f3n estaba pr\u00e1cticamente definida.<br \/>\nLa defensa del acceso para el agro tambi\u00e9n fue planteada por Andr\u00e9s Valencia, exministro de Agricultura, quien calific\u00f3 como positiva la reanudaci\u00f3n de las conversaciones.<br \/>\nSin embargo, resalt\u00f3 que \u201ces importante que el sector agropecuario no se convierta en una moneda de cambio para que otros sectores logren el acceso al mercado japon\u00e9s y nuestra agroindustria quede por fuera de los beneficios del libre comercio\u201d.<\/p>\n<p>D\u00c9FICIT COMERCIAL<br \/>\nLa negociaci\u00f3n tambi\u00e9n se desarrolla en medio de un d\u00e9ficit comercial estructural para Colombia. En 2021, a\u00f1o en que se suspendi\u00f3 el Acuerdo de Asociaci\u00f3n Econ\u00f3mica, el d\u00e9ficit bilateral pas\u00f3 de 432 millones de d\u00f3lares en 2020 a 719 millones de d\u00f3lares.<br \/>\nEse desequilibrio se explica en gran medida por la composici\u00f3n del intercambio: Colombia exporta principalmente caf\u00e9, carb\u00f3n, flores y ferron\u00edquel, productos primarios de menor valor agregado, mientras que importa de Jap\u00f3n veh\u00edculos, maquinaria y manufacturas de mayor sofisticaci\u00f3n tecnol\u00f3gica.<br \/>\nLa tendencia no cedi\u00f3. En diciembre de 2025, las ventas de Jap\u00f3n hacia Colombia crecieron 80,2%, un dato reciente que confirma el peso creciente de las importaciones japonesas en la relaci\u00f3n bilateral.<\/p>\n<p>INVERSI\u00d3N Y<br \/>\nTECNOLOG\u00cdA<br \/>\nEl Gobierno busca que la relaci\u00f3n con Jap\u00f3n no se limite a aumentar las exportaciones colombianas. La estrategia tambi\u00e9n contempla al pa\u00eds asi\u00e1tico como fuente de inversi\u00f3n y financiaci\u00f3n, adem\u00e1s de socio para la transferencia de tecnolog\u00eda y conocimiento.<br \/>\nPor eso, la agenda del ministro G\u00f3mez Am\u00edn en Tokio incluy\u00f3 empresas como Toyota, Mazda y Toshiba, con conversaciones sobre manufactura, movilidad el\u00e9ctrica, energ\u00eda, infraestructura digital, innovaci\u00f3n y tecnolog\u00eda.<br \/>\nEl eventual regreso de Mazda al ensamblaje nacional ser\u00eda uno de los proyectos de mayor impacto industrial, aunque todav\u00eda se encuentra en etapa de exploraci\u00f3n.<\/p>\n<p>\u00bfQU\u00c9 HACE FALTA?<br \/>\nDespu\u00e9s de 13 rondas de negociaci\u00f3n, el cierre de 16 de los 18 cap\u00edtulos y varios a\u00f1os de suspensi\u00f3n, el principal desaf\u00edo contin\u00faa siendo acordar las condiciones de acceso a mercados, especialmente para los productos agr\u00edcolas colombianos.<br \/>\nSeg\u00fan un an\u00e1lisis de ProColombia, el mercado japon\u00e9s ofrece oportunidades para profundizar el posicionamiento de productos colombianos como flores frescas, caf\u00e9 y coberturas de cacao. A su vez, los bienes con mayor potencial de crecimiento son aguacate Hass, productos congelados IQF, alimentos procesados y camarones. Tambi\u00e9n existen oportunidades de largo plazo para la carne de pollo. (El Colombiano)<\/p>\n","protected":false},"excerpt":{"rendered":"<p>Colombia y Jap\u00f3n buscan darle un nuevo impulso al Acuerdo de Asociaci\u00f3n Econ\u00f3mica (EPA), cuya negociaci\u00f3n comenz\u00f3 en 2012 y permanece sin firma. El gobierno de Abelardo de la Espriella busca avanzar en la agenda comercial y, al mismo tiempo, atraer inversi\u00f3n japonesa en sectores estrat\u00e9gicos. El ministro de Comercio, Mauricio G\u00f3mez Am\u00edn, viaj\u00f3 a [&hellip;]<\/p>\n","protected":false},"author":1,"featured_media":426948,"comment_status":"closed","ping_status":"open","sticky":false,"template":"","format":"standard","meta":{"_acf_changed":false,"footnotes":""},"categories":[3],"tags":[],"class_list":["post-426947","post","type-post","status-publish","format-standard","has-post-thumbnail","category-internacional"],"acf":{"antetitulo":""},"yoast_head":"<!-- This site is optimized with the Yoast SEO plugin v28.4 - https:\/\/yoast.com\/product\/yoast-seo-wordpress\/ -->\n<title>Colombia y Jap\u00f3n reactivar\u00e1n el Tratado de Libre Comercio - El Diario - Bolivia<\/title>\n<meta name=\"robots\" content=\"index, follow, max-snippet:-1, max-image-preview:large, max-video-preview:-1\" \/>\n<link rel=\"canonical\" href=\"https:\/\/www.eldiario.net\/portal\/2026\/09\/02\/colombia-y-japon-reactivaran-el-tratado-de-libre-comercio\/\" \/>\n<meta property=\"og:locale\" content=\"es_ES\" \/>\n<meta property=\"og:type\" content=\"article\" \/>\n<meta property=\"og:title\" content=\"Colombia y Jap\u00f3n reactivar\u00e1n el Tratado de Libre Comercio - El Diario - Bolivia\" \/>\n<meta property=\"og:description\" content=\"Colombia y Jap\u00f3n buscan darle un nuevo impulso al Acuerdo de Asociaci\u00f3n Econ\u00f3mica (EPA), cuya negociaci\u00f3n comenz\u00f3 en 2012 y permanece sin firma. El gobierno de Abelardo de la Espriella busca avanzar en la agenda comercial y, al mismo tiempo, atraer inversi\u00f3n japonesa en sectores estrat\u00e9gicos. El ministro de Comercio, Mauricio G\u00f3mez Am\u00edn, viaj\u00f3 a [&hellip;]\" \/>\n<meta property=\"og:url\" content=\"https:\/\/www.eldiario.net\/portal\/2026\/09\/02\/colombia-y-japon-reactivaran-el-tratado-de-libre-comercio\/\" \/>\n<meta property=\"og:site_name\" content=\"El Diario - Bolivia\" \/>\n<meta property=\"article:publisher\" content=\"https:\/\/www.facebook.com\/eldiario.bolivia\/\" \/>\n<meta property=\"article:published_time\" content=\"2026-09-02T10:35:29+00:00\" \/>\n<meta property=\"og:image\" content=\"https:\/\/www.eldiario.net\/portal\/wp-content\/uploads\/2026\/09\/COLOMBIA-El-Colombiano.webp\" \/>\n\t<meta property=\"og:image:width\" content=\"780\" \/>\n\t<meta property=\"og:image:height\" content=\"565\" \/>\n\t<meta property=\"og:image:type\" content=\"image\/webp\" \/>\n<meta name=\"author\" content=\"Jeanette\" \/>\n<meta name=\"twitter:card\" content=\"summary_large_image\" \/>\n<meta name=\"twitter:creator\" content=\"@eldiario_net\" \/>\n<meta name=\"twitter:site\" content=\"@eldiario_net\" \/>\n<meta name=\"twitter:label1\" content=\"Escrito por\" \/>\n\t<meta name=\"twitter:data1\" content=\"Jeanette\" \/>\n\t<meta name=\"twitter:label2\" content=\"Tiempo de lectura\" \/>\n\t<meta name=\"twitter:data2\" content=\"4 minutos\" \/>\n<script type=\"application\/ld+json\" class=\"yoast-schema-graph\">{\"@context\":\"https:\\\/\\\/schema.org\",\"@graph\":[{\"@type\":\"Article\",\"@id\":\"https:\\\/\\\/www.eldiario.net\\\/portal\\\/2026\\\/09\\\/02\\\/colombia-y-japon-reactivaran-el-tratado-de-libre-comercio\\\/#article\",\"isPartOf\":{\"@id\":\"https:\\\/\\\/www.eldiario.net\\\/portal\\\/2026\\\/09\\\/02\\\/colombia-y-japon-reactivaran-el-tratado-de-libre-comercio\\\/\"},\"author\":{\"name\":\"Jeanette\",\"@id\":\"https:\\\/\\\/www.eldiario.net\\\/portal\\\/#\\\/schema\\\/person\\\/f46445640444750d7d753ccd04ae01b7\"},\"headline\":\"Colombia y Jap\u00f3n reactivar\u00e1n el Tratado de Libre Comercio\",\"datePublished\":\"2026-09-02T10:35:29+00:00\",\"mainEntityOfPage\":{\"@id\":\"https:\\\/\\\/www.eldiario.net\\\/portal\\\/2026\\\/09\\\/02\\\/colombia-y-japon-reactivaran-el-tratado-de-libre-comercio\\\/\"},\"wordCount\":934,\"publisher\":{\"@id\":\"https:\\\/\\\/www.eldiario.net\\\/portal\\\/#organization\"},\"image\":{\"@id\":\"https:\\\/\\\/www.eldiario.net\\\/portal\\\/2026\\\/09\\\/02\\\/colombia-y-japon-reactivaran-el-tratado-de-libre-comercio\\\/#primaryimage\"},\"thumbnailUrl\":\"https:\\\/\\\/www.eldiario.net\\\/portal\\\/wp-content\\\/uploads\\\/2026\\\/09\\\/COLOMBIA-El-Colombiano.webp\",\"articleSection\":[\"Internacional\"],\"inLanguage\":\"es\"},{\"@type\":\"WebPage\",\"@id\":\"https:\\\/\\\/www.eldiario.net\\\/portal\\\/2026\\\/09\\\/02\\\/colombia-y-japon-reactivaran-el-tratado-de-libre-comercio\\\/\",\"url\":\"https:\\\/\\\/www.eldiario.net\\\/portal\\\/2026\\\/09\\\/02\\\/colombia-y-japon-reactivaran-el-tratado-de-libre-comercio\\\/\",\"name\":\"Colombia y Jap\u00f3n reactivar\u00e1n el Tratado de Libre Comercio - El Diario - Bolivia\",\"isPartOf\":{\"@id\":\"https:\\\/\\\/www.eldiario.net\\\/portal\\\/#website\"},\"primaryImageOfPage\":{\"@id\":\"https:\\\/\\\/www.eldiario.net\\\/portal\\\/2026\\\/09\\\/02\\\/colombia-y-japon-reactivaran-el-tratado-de-libre-comercio\\\/#primaryimage\"},\"image\":{\"@id\":\"https:\\\/\\\/www.eldiario.net\\\/portal\\\/2026\\\/09\\\/02\\\/colombia-y-japon-reactivaran-el-tratado-de-libre-comercio\\\/#primaryimage\"},\"thumbnailUrl\":\"https:\\\/\\\/www.eldiario.net\\\/portal\\\/wp-content\\\/uploads\\\/2026\\\/09\\\/COLOMBIA-El-Colombiano.webp\",\"datePublished\":\"2026-09-02T10:35:29+00:00\",\"breadcrumb\":{\"@id\":\"https:\\\/\\\/www.eldiario.net\\\/portal\\\/2026\\\/09\\\/02\\\/colombia-y-japon-reactivaran-el-tratado-de-libre-comercio\\\/#breadcrumb\"},\"inLanguage\":\"es\",\"potentialAction\":[{\"@type\":\"ReadAction\",\"target\":[\"https:\\\/\\\/www.eldiario.net\\\/portal\\\/2026\\\/09\\\/02\\\/colombia-y-japon-reactivaran-el-tratado-de-libre-comercio\\\/\"]}]},{\"@type\":\"ImageObject\",\"inLanguage\":\"es\",\"@id\":\"https:\\\/\\\/www.eldiario.net\\\/portal\\\/2026\\\/09\\\/02\\\/colombia-y-japon-reactivaran-el-tratado-de-libre-comercio\\\/#primaryimage\",\"url\":\"https:\\\/\\\/www.eldiario.net\\\/portal\\\/wp-content\\\/uploads\\\/2026\\\/09\\\/COLOMBIA-El-Colombiano.webp\",\"contentUrl\":\"https:\\\/\\\/www.eldiario.net\\\/portal\\\/wp-content\\\/uploads\\\/2026\\\/09\\\/COLOMBIA-El-Colombiano.webp\",\"width\":780,\"height\":565,\"caption\":\"El ministro de Comercio ecuatoriano, Mauricio G\u00f3mez Am\u00edn viaj\u00f3 a Tokio.\"},{\"@type\":\"BreadcrumbList\",\"@id\":\"https:\\\/\\\/www.eldiario.net\\\/portal\\\/2026\\\/09\\\/02\\\/colombia-y-japon-reactivaran-el-tratado-de-libre-comercio\\\/#breadcrumb\",\"itemListElement\":[{\"@type\":\"ListItem\",\"position\":1,\"name\":\"Portada\",\"item\":\"https:\\\/\\\/www.eldiario.net\\\/portal\\\/\"},{\"@type\":\"ListItem\",\"position\":2,\"name\":\"Colombia y Jap\u00f3n reactivar\u00e1n el Tratado de Libre Comercio\"}]},{\"@type\":\"WebSite\",\"@id\":\"https:\\\/\\\/www.eldiario.net\\\/portal\\\/#website\",\"url\":\"https:\\\/\\\/www.eldiario.net\\\/portal\\\/\",\"name\":\"El Diario - Decano de la prensa nacional\",\"description\":\"El Diario - Decano de la prensa nacional\",\"publisher\":{\"@id\":\"https:\\\/\\\/www.eldiario.net\\\/portal\\\/#organization\"},\"potentialAction\":[{\"@type\":\"SearchAction\",\"target\":{\"@type\":\"EntryPoint\",\"urlTemplate\":\"https:\\\/\\\/www.eldiario.net\\\/portal\\\/?s={search_term_string}\"},\"query-input\":{\"@type\":\"PropertyValueSpecification\",\"valueRequired\":true,\"valueName\":\"search_term_string\"}}],\"inLanguage\":\"es\"},{\"@type\":\"Organization\",\"@id\":\"https:\\\/\\\/www.eldiario.net\\\/portal\\\/#organization\",\"name\":\"El Diario - Decano de la prensa nacional\",\"url\":\"https:\\\/\\\/www.eldiario.net\\\/portal\\\/\",\"logo\":{\"@type\":\"ImageObject\",\"inLanguage\":\"es\",\"@id\":\"https:\\\/\\\/www.eldiario.net\\\/portal\\\/#\\\/schema\\\/logo\\\/image\\\/\",\"url\":\"https:\\\/\\\/www.eldiario.net\\\/portal\\\/wp-content\\\/uploads\\\/2023\\\/07\\\/logo_ED.jpg\",\"contentUrl\":\"https:\\\/\\\/www.eldiario.net\\\/portal\\\/wp-content\\\/uploads\\\/2023\\\/07\\\/logo_ED.jpg\",\"width\":272,\"height\":52,\"caption\":\"El Diario - Decano de la prensa nacional\"},\"image\":{\"@id\":\"https:\\\/\\\/www.eldiario.net\\\/portal\\\/#\\\/schema\\\/logo\\\/image\\\/\"},\"sameAs\":[\"https:\\\/\\\/www.facebook.com\\\/eldiario.bolivia\\\/\",\"https:\\\/\\\/x.com\\\/eldiario_net\"]},{\"@type\":\"Person\",\"@id\":\"https:\\\/\\\/www.eldiario.net\\\/portal\\\/#\\\/schema\\\/person\\\/f46445640444750d7d753ccd04ae01b7\",\"name\":\"Jeanette\",\"image\":{\"@type\":\"ImageObject\",\"inLanguage\":\"es\",\"@id\":\"https:\\\/\\\/secure.gravatar.com\\\/avatar\\\/3ea2118a5f7dad2b7138b1187a6b7ee55f160b9968b66013c3a3ef39dd7e5798?s=96&d=mm&r=g\",\"url\":\"https:\\\/\\\/secure.gravatar.com\\\/avatar\\\/3ea2118a5f7dad2b7138b1187a6b7ee55f160b9968b66013c3a3ef39dd7e5798?s=96&d=mm&r=g\",\"contentUrl\":\"https:\\\/\\\/secure.gravatar.com\\\/avatar\\\/3ea2118a5f7dad2b7138b1187a6b7ee55f160b9968b66013c3a3ef39dd7e5798?s=96&d=mm&r=g\",\"caption\":\"Jeanette\"},\"sameAs\":[\"https:\\\/\\\/www.eldiario.net\\\/portal\"],\"url\":\"https:\\\/\\\/www.eldiario.net\\\/portal\\\/author\\\/jeanette\\\/\"}]}<\/script>\n<!-- \/ Yoast SEO plugin. -->","yoast_head_json":{"title":"Colombia y Jap\u00f3n reactivar\u00e1n el Tratado de Libre Comercio - El Diario - Bolivia","robots":{"index":"index","follow":"follow","max-snippet":"max-snippet:-1","max-image-preview":"max-image-preview:large","max-video-preview":"max-video-preview:-1"},"canonical":"https:\/\/www.eldiario.net\/portal\/2026\/09\/02\/colombia-y-japon-reactivaran-el-tratado-de-libre-comercio\/","og_locale":"es_ES","og_type":"article","og_title":"Colombia y Jap\u00f3n reactivar\u00e1n el Tratado de Libre Comercio - El Diario - Bolivia","og_description":"Colombia y Jap\u00f3n buscan darle un nuevo impulso al Acuerdo de Asociaci\u00f3n Econ\u00f3mica (EPA), cuya negociaci\u00f3n comenz\u00f3 en 2012 y permanece sin firma. El gobierno de Abelardo de la Espriella busca avanzar en la agenda comercial y, al mismo tiempo, atraer inversi\u00f3n japonesa en sectores estrat\u00e9gicos. El ministro de Comercio, Mauricio G\u00f3mez Am\u00edn, viaj\u00f3 a [&hellip;]","og_url":"https:\/\/www.eldiario.net\/portal\/2026\/09\/02\/colombia-y-japon-reactivaran-el-tratado-de-libre-comercio\/","og_site_name":"El Diario - Bolivia","article_publisher":"https:\/\/www.facebook.com\/eldiario.bolivia\/","article_published_time":"2026-09-02T10:35:29+00:00","og_image":[{"width":780,"height":565,"url":"https:\/\/www.eldiario.net\/portal\/wp-content\/uploads\/2026\/09\/COLOMBIA-El-Colombiano.webp","type":"image\/webp"}],"author":"Jeanette","twitter_card":"summary_large_image","twitter_creator":"@eldiario_net","twitter_site":"@eldiario_net","twitter_misc":{"Escrito por":"Jeanette","Tiempo de lectura":"4 minutos"},"schema":{"@context":"https:\/\/schema.org","@graph":[{"@type":"Article","@id":"https:\/\/www.eldiario.net\/portal\/2026\/09\/02\/colombia-y-japon-reactivaran-el-tratado-de-libre-comercio\/#article","isPartOf":{"@id":"https:\/\/www.eldiario.net\/portal\/2026\/09\/02\/colombia-y-japon-reactivaran-el-tratado-de-libre-comercio\/"},"author":{"name":"Jeanette","@id":"https:\/\/www.eldiario.net\/portal\/#\/schema\/person\/f46445640444750d7d753ccd04ae01b7"},"headline":"Colombia y Jap\u00f3n reactivar\u00e1n el Tratado de Libre Comercio","datePublished":"2026-09-02T10:35:29+00:00","mainEntityOfPage":{"@id":"https:\/\/www.eldiario.net\/portal\/2026\/09\/02\/colombia-y-japon-reactivaran-el-tratado-de-libre-comercio\/"},"wordCount":934,"publisher":{"@id":"https:\/\/www.eldiario.net\/portal\/#organization"},"image":{"@id":"https:\/\/www.eldiario.net\/portal\/2026\/09\/02\/colombia-y-japon-reactivaran-el-tratado-de-libre-comercio\/#primaryimage"},"thumbnailUrl":"https:\/\/www.eldiario.net\/portal\/wp-content\/uploads\/2026\/09\/COLOMBIA-El-Colombiano.webp","articleSection":["Internacional"],"inLanguage":"es"},{"@type":"WebPage","@id":"https:\/\/www.eldiario.net\/portal\/2026\/09\/02\/colombia-y-japon-reactivaran-el-tratado-de-libre-comercio\/","url":"https:\/\/www.eldiario.net\/portal\/2026\/09\/02\/colombia-y-japon-reactivaran-el-tratado-de-libre-comercio\/","name":"Colombia y Jap\u00f3n reactivar\u00e1n el Tratado de Libre Comercio - El Diario - Bolivia","isPartOf":{"@id":"https:\/\/www.eldiario.net\/portal\/#website"},"primaryImageOfPage":{"@id":"https:\/\/www.eldiario.net\/portal\/2026\/09\/02\/colombia-y-japon-reactivaran-el-tratado-de-libre-comercio\/#primaryimage"},"image":{"@id":"https:\/\/www.eldiario.net\/portal\/2026\/09\/02\/colombia-y-japon-reactivaran-el-tratado-de-libre-comercio\/#primaryimage"},"thumbnailUrl":"https:\/\/www.eldiario.net\/portal\/wp-content\/uploads\/2026\/09\/COLOMBIA-El-Colombiano.webp","datePublished":"2026-09-02T10:35:29+00:00","breadcrumb":{"@id":"https:\/\/www.eldiario.net\/portal\/2026\/09\/02\/colombia-y-japon-reactivaran-el-tratado-de-libre-comercio\/#breadcrumb"},"inLanguage":"es","potentialAction":[{"@type":"ReadAction","target":["https:\/\/www.eldiario.net\/portal\/2026\/09\/02\/colombia-y-japon-reactivaran-el-tratado-de-libre-comercio\/"]}]},{"@type":"ImageObject","inLanguage":"es","@id":"https:\/\/www.eldiario.net\/portal\/2026\/09\/02\/colombia-y-japon-reactivaran-el-tratado-de-libre-comercio\/#primaryimage","url":"https:\/\/www.eldiario.net\/portal\/wp-content\/uploads\/2026\/09\/COLOMBIA-El-Colombiano.webp","contentUrl":"https:\/\/www.eldiario.net\/portal\/wp-content\/uploads\/2026\/09\/COLOMBIA-El-Colombiano.webp","width":780,"height":565,"caption":"El ministro de Comercio ecuatoriano, Mauricio G\u00f3mez Am\u00edn viaj\u00f3 a Tokio."},{"@type":"BreadcrumbList","@id":"https:\/\/www.eldiario.net\/portal\/2026\/09\/02\/colombia-y-japon-reactivaran-el-tratado-de-libre-comercio\/#breadcrumb","itemListElement":[{"@type":"ListItem","position":1,"name":"Portada","item":"https:\/\/www.eldiario.net\/portal\/"},{"@type":"ListItem","position":2,"name":"Colombia y Jap\u00f3n reactivar\u00e1n el Tratado de Libre Comercio"}]},{"@type":"WebSite","@id":"https:\/\/www.eldiario.net\/portal\/#website","url":"https:\/\/www.eldiario.net\/portal\/","name":"El Diario - Decano de la prensa nacional","description":"El Diario - Decano de la prensa nacional","publisher":{"@id":"https:\/\/www.eldiario.net\/portal\/#organization"},"potentialAction":[{"@type":"SearchAction","target":{"@type":"EntryPoint","urlTemplate":"https:\/\/www.eldiario.net\/portal\/?s={search_term_string}"},"query-input":{"@type":"PropertyValueSpecification","valueRequired":true,"valueName":"search_term_string"}}],"inLanguage":"es"},{"@type":"Organization","@id":"https:\/\/www.eldiario.net\/portal\/#organization","name":"El Diario - Decano de la prensa nacional","url":"https:\/\/www.eldiario.net\/portal\/","logo":{"@type":"ImageObject","inLanguage":"es","@id":"https:\/\/www.eldiario.net\/portal\/#\/schema\/logo\/image\/","url":"https:\/\/www.eldiario.net\/portal\/wp-content\/uploads\/2023\/07\/logo_ED.jpg","contentUrl":"https:\/\/www.eldiario.net\/portal\/wp-content\/uploads\/2023\/07\/logo_ED.jpg","width":272,"height":52,"caption":"El Diario - Decano de la prensa nacional"},"image":{"@id":"https:\/\/www.eldiario.net\/portal\/#\/schema\/logo\/image\/"},"sameAs":["https:\/\/www.facebook.com\/eldiario.bolivia\/","https:\/\/x.com\/eldiario_net"]},{"@type":"Person","@id":"https:\/\/www.eldiario.net\/portal\/#\/schema\/person\/f46445640444750d7d753ccd04ae01b7","name":"Jeanette","image":{"@type":"ImageObject","inLanguage":"es","@id":"https:\/\/secure.gravatar.com\/avatar\/3ea2118a5f7dad2b7138b1187a6b7ee55f160b9968b66013c3a3ef39dd7e5798?s=96&d=mm&r=g","url":"https:\/\/secure.gravatar.com\/avatar\/3ea2118a5f7dad2b7138b1187a6b7ee55f160b9968b66013c3a3ef39dd7e5798?s=96&d=mm&r=g","contentUrl":"https:\/\/secure.gravatar.com\/avatar\/3ea2118a5f7dad2b7138b1187a6b7ee55f160b9968b66013c3a3ef39dd7e5798?s=96&d=mm&r=g","caption":"Jeanette"},"sameAs":["https:\/\/www.eldiario.net\/portal"],"url":"https:\/\/www.eldiario.net\/portal\/author\/jeanette\/"}]}},"_links":{"self":[{"href":"https:\/\/www.eldiario.net\/portal\/wp-json\/wp\/v2\/posts\/426947","targetHints":{"allow":["GET"]}}],"collection":[{"href":"https:\/\/www.eldiario.net\/portal\/wp-json\/wp\/v2\/posts"}],"about":[{"href":"https:\/\/www.eldiario.net\/portal\/wp-json\/wp\/v2\/types\/post"}],"author":[{"embeddable":true,"href":"https:\/\/www.eldiario.net\/portal\/wp-json\/wp\/v2\/users\/1"}],"replies":[{"embeddable":true,"href":"https:\/\/www.eldiario.net\/portal\/wp-json\/wp\/v2\/comments?post=426947"}],"version-history":[{"count":1,"href":"https:\/\/www.eldiario.net\/portal\/wp-json\/wp\/v2\/posts\/426947\/revisions"}],"predecessor-version":[{"id":426949,"href":"https:\/\/www.eldiario.net\/portal\/wp-json\/wp\/v2\/posts\/426947\/revisions\/426949"}],"wp:featuredmedia":[{"embeddable":true,"href":"https:\/\/www.eldiario.net\/portal\/wp-json\/wp\/v2\/media\/426948"}],"wp:attachment":[{"href":"https:\/\/www.eldiario.net\/portal\/wp-json\/wp\/v2\/media?parent=426947"}],"wp:term":[{"taxonomy":"category","embeddable":true,"href":"https:\/\/www.eldiario.net\/portal\/wp-json\/wp\/v2\/categories?post=426947"},{"taxonomy":"post_tag","embeddable":true,"href":"https:\/\/www.eldiario.net\/portal\/wp-json\/wp\/v2\/tags?post=426947"}],"curies":[{"name":"wp","href":"https:\/\/api.w.org\/{rel}","templated":true}]}}