{"id":426944,"date":"2026-09-02T06:31:51","date_gmt":"2026-09-02T10:31:51","guid":{"rendered":"https:\/\/www.eldiario.net\/portal\/?p=426944"},"modified":"2026-09-02T06:31:51","modified_gmt":"2026-09-02T10:31:51","slug":"asamblea-aprueba-reforma-parcial-de-ley-del-tribunal-supremo-de-justicia","status":"publish","type":"post","link":"https:\/\/www.eldiario.net\/portal\/2026\/09\/02\/asamblea-aprueba-reforma-parcial-de-ley-del-tribunal-supremo-de-justicia\/","title":{"rendered":"Asamblea aprueba reforma parcial de Ley del Tribunal Supremo de Justicia"},"content":{"rendered":"<p>La Asamblea Nacional de Venezuela, de abrumadora mayor\u00eda oficialista, aprob\u00f3 ayer por unanimidad una reforma de la Ley del Tribunal Supremo de Justicia (TSJ) que apunta a reducir la influencia de los legisladores en la selecci\u00f3n de los magistrados de esa m\u00e1xima instancia al aumentar el n\u00famero de miembros del comit\u00e9 de postulaciones ajenos al Legislativo.<br \/>\nLa reforma, que entrar\u00e1 en vigor luego de que sea promulgada por la presidenta encargada, Delcy Rodr\u00edguez, y publicada en la Gaceta Oficial, contempla el incremento de los integrantes del Comit\u00e9 de Postulaciones Judiciales de 21 a 23, de los cuales 12 de ellos ser\u00e1n postulados por representantes de asociaciones civiles, grupos acad\u00e9micos y organizaciones independientes del Estado, entre otros.<br \/>\nEl comit\u00e9 funcionar\u00e1 por un periodo de dos a\u00f1os y estar\u00e1 a cargo de evaluar y preseleccionar una lista de candidatos para escoger a las 32 magistrados del TSJ.<br \/>\nLa aprobaci\u00f3n se produjo casi tres semanas despu\u00e9s que se realiz\u00f3 el primer ciclo de conversaciones formales entre delegaciones del Legislativo unicameral y exdiputados de la oposici\u00f3n (2015-2020) en las que se acord\u00f3 iniciar un proceso que contribuya a la transformaci\u00f3n del sistema judicial venezolano, que es se\u00f1alado por organizaciones locales e internacionales de derechos humanos, entre ellas Amnist\u00eda Internacional, como carente de independencia del poder pol\u00edtico.<br \/>\nLas conversaciones, que se desarrollaron entre el 6 y 12 de agosto en Caracas, estuvieron enfocadas en la reforma de la ley del m\u00e1ximo tribunal, que incluir\u00eda renovar y ampliar el comit\u00e9 de postulaciones, as\u00ed como conformar un consejo de revisi\u00f3n de credenciales y requisitos de los postulados al TSJ para evitar irregularidades en la designaci\u00f3n de los magistrados.<br \/>\nLos adversarios del ahora fallecido presidente Hugo Ch\u00e1vez (1999-2013) y de su sucesor, el depuesto presidente Nicol\u00e1s Maduro (2013-2026), permanentemente acusaron al oficialismo de designar con su abrumadora mayor\u00eda a los magistrados entre sus aliados, incluidos diputados reci\u00e9n separados del cargo, para asegurarse el control del TSJ que durante casi tres d\u00e9cadas se convirti\u00f3 en un poder decisivo en la trama pol\u00edtica venezolana con una gran cantidad de sentencias desfavorables a los cr\u00edticos de los gobiernos socialistas.<br \/>\nEl oficialismo sostiene que los nombramientos de magistrados principales y suplentes se hicieron bajo cumplimiento de las leyes.<br \/>\nEstados Unidos fue el principal impulsor de los di\u00e1logos sobre una agenda para fortalecer la democracia y restituir derechos fundamentales tras casi tres d\u00e9cadas de gobiernos socialistas.<br \/>\nLos grupos defensores de derechos humanos, entre ellos la prestigiosa organizaci\u00f3n no gubernamental Acceso de la Justicia, ven de manera positiva la reforma, pero advierten que el comit\u00e9 de postulaciones debe ser integrado por miembros de la sociedad civil \u201cindependientes\u201d y cuestionan la participaci\u00f3n de legisladores en la preselecci\u00f3n, argumentando que esto vulnera lo establecido en la Constituci\u00f3n.<br \/>\nLa carta magna expresa que el Comit\u00e9 \u201cestar\u00e1 integrado por representantes de los diferentes sectores de la sociedad de conformidad con lo que establezca la ley\u201d. En ese sentido resaltan que los diputados son \u201cfuncionarios p\u00fablicos\u201d que a la postre tendr\u00e1n la \u00faltima palabra en la selecci\u00f3n definitiva de los magistrados. (Independent)<\/p>\n<p>&nbsp;<\/p>\n","protected":false},"excerpt":{"rendered":"<p>La Asamblea Nacional de Venezuela, de abrumadora mayor\u00eda oficialista, aprob\u00f3 ayer por unanimidad una reforma de la Ley del Tribunal Supremo de Justicia (TSJ) que apunta a reducir la influencia de los legisladores en la selecci\u00f3n de los magistrados de esa m\u00e1xima instancia al aumentar el n\u00famero de miembros del comit\u00e9 de postulaciones ajenos al [&hellip;]<\/p>\n","protected":false},"author":1,"featured_media":426945,"comment_status":"closed","ping_status":"open","sticky":false,"template":"","format":"standard","meta":{"_acf_changed":false,"footnotes":""},"categories":[3],"tags":[],"class_list":["post-426944","post","type-post","status-publish","format-standard","has-post-thumbnail","category-internacional"],"acf":{"antetitulo":"Venezuela"},"yoast_head":"<!-- This site is optimized with the Yoast SEO plugin v28.4 - https:\/\/yoast.com\/product\/yoast-seo-wordpress\/ -->\n<title>Asamblea aprueba reforma parcial de Ley del Tribunal Supremo de Justicia - El Diario - Bolivia<\/title>\n<meta name=\"robots\" content=\"index, follow, max-snippet:-1, max-image-preview:large, max-video-preview:-1\" \/>\n<link rel=\"canonical\" href=\"https:\/\/www.eldiario.net\/portal\/2026\/09\/02\/asamblea-aprueba-reforma-parcial-de-ley-del-tribunal-supremo-de-justicia\/\" \/>\n<meta property=\"og:locale\" content=\"es_ES\" \/>\n<meta property=\"og:type\" content=\"article\" \/>\n<meta property=\"og:title\" content=\"Asamblea aprueba reforma parcial de Ley del Tribunal Supremo de Justicia - El Diario - Bolivia\" \/>\n<meta property=\"og:description\" content=\"La Asamblea Nacional de Venezuela, de abrumadora mayor\u00eda oficialista, aprob\u00f3 ayer por unanimidad una reforma de la Ley del Tribunal Supremo de Justicia (TSJ) que apunta a reducir la influencia de los legisladores en la selecci\u00f3n de los magistrados de esa m\u00e1xima instancia al aumentar el n\u00famero de miembros del comit\u00e9 de postulaciones ajenos al [&hellip;]\" \/>\n<meta property=\"og:url\" content=\"https:\/\/www.eldiario.net\/portal\/2026\/09\/02\/asamblea-aprueba-reforma-parcial-de-ley-del-tribunal-supremo-de-justicia\/\" \/>\n<meta property=\"og:site_name\" content=\"El Diario - Bolivia\" \/>\n<meta property=\"article:publisher\" content=\"https:\/\/www.facebook.com\/eldiario.bolivia\/\" \/>\n<meta property=\"article:published_time\" content=\"2026-09-02T10:31:51+00:00\" \/>\n<meta property=\"og:image\" content=\"https:\/\/www.eldiario.net\/portal\/wp-content\/uploads\/2026\/09\/VENEZUELA-AP5.webp\" \/>\n\t<meta property=\"og:image:width\" content=\"1250\" \/>\n\t<meta property=\"og:image:height\" content=\"833\" \/>\n\t<meta property=\"og:image:type\" content=\"image\/webp\" \/>\n<meta name=\"author\" content=\"Jeanette\" \/>\n<meta name=\"twitter:card\" content=\"summary_large_image\" \/>\n<meta name=\"twitter:creator\" content=\"@eldiario_net\" \/>\n<meta name=\"twitter:site\" content=\"@eldiario_net\" \/>\n<meta name=\"twitter:label1\" content=\"Escrito por\" \/>\n\t<meta name=\"twitter:data1\" content=\"Jeanette\" \/>\n\t<meta name=\"twitter:label2\" content=\"Tiempo de lectura\" \/>\n\t<meta name=\"twitter:data2\" content=\"3 minutos\" \/>\n<script type=\"application\/ld+json\" class=\"yoast-schema-graph\">{\"@context\":\"https:\\\/\\\/schema.org\",\"@graph\":[{\"@type\":\"Article\",\"@id\":\"https:\\\/\\\/www.eldiario.net\\\/portal\\\/2026\\\/09\\\/02\\\/asamblea-aprueba-reforma-parcial-de-ley-del-tribunal-supremo-de-justicia\\\/#article\",\"isPartOf\":{\"@id\":\"https:\\\/\\\/www.eldiario.net\\\/portal\\\/2026\\\/09\\\/02\\\/asamblea-aprueba-reforma-parcial-de-ley-del-tribunal-supremo-de-justicia\\\/\"},\"author\":{\"name\":\"Jeanette\",\"@id\":\"https:\\\/\\\/www.eldiario.net\\\/portal\\\/#\\\/schema\\\/person\\\/f46445640444750d7d753ccd04ae01b7\"},\"headline\":\"Asamblea aprueba reforma parcial de Ley del Tribunal Supremo de Justicia\",\"datePublished\":\"2026-09-02T10:31:51+00:00\",\"mainEntityOfPage\":{\"@id\":\"https:\\\/\\\/www.eldiario.net\\\/portal\\\/2026\\\/09\\\/02\\\/asamblea-aprueba-reforma-parcial-de-ley-del-tribunal-supremo-de-justicia\\\/\"},\"wordCount\":544,\"publisher\":{\"@id\":\"https:\\\/\\\/www.eldiario.net\\\/portal\\\/#organization\"},\"image\":{\"@id\":\"https:\\\/\\\/www.eldiario.net\\\/portal\\\/2026\\\/09\\\/02\\\/asamblea-aprueba-reforma-parcial-de-ley-del-tribunal-supremo-de-justicia\\\/#primaryimage\"},\"thumbnailUrl\":\"https:\\\/\\\/www.eldiario.net\\\/portal\\\/wp-content\\\/uploads\\\/2026\\\/09\\\/VENEZUELA-AP5.webp\",\"articleSection\":[\"Internacional\"],\"inLanguage\":\"es\"},{\"@type\":\"WebPage\",\"@id\":\"https:\\\/\\\/www.eldiario.net\\\/portal\\\/2026\\\/09\\\/02\\\/asamblea-aprueba-reforma-parcial-de-ley-del-tribunal-supremo-de-justicia\\\/\",\"url\":\"https:\\\/\\\/www.eldiario.net\\\/portal\\\/2026\\\/09\\\/02\\\/asamblea-aprueba-reforma-parcial-de-ley-del-tribunal-supremo-de-justicia\\\/\",\"name\":\"Asamblea aprueba reforma parcial de Ley del Tribunal Supremo de Justicia - El Diario - Bolivia\",\"isPartOf\":{\"@id\":\"https:\\\/\\\/www.eldiario.net\\\/portal\\\/#website\"},\"primaryImageOfPage\":{\"@id\":\"https:\\\/\\\/www.eldiario.net\\\/portal\\\/2026\\\/09\\\/02\\\/asamblea-aprueba-reforma-parcial-de-ley-del-tribunal-supremo-de-justicia\\\/#primaryimage\"},\"image\":{\"@id\":\"https:\\\/\\\/www.eldiario.net\\\/portal\\\/2026\\\/09\\\/02\\\/asamblea-aprueba-reforma-parcial-de-ley-del-tribunal-supremo-de-justicia\\\/#primaryimage\"},\"thumbnailUrl\":\"https:\\\/\\\/www.eldiario.net\\\/portal\\\/wp-content\\\/uploads\\\/2026\\\/09\\\/VENEZUELA-AP5.webp\",\"datePublished\":\"2026-09-02T10:31:51+00:00\",\"breadcrumb\":{\"@id\":\"https:\\\/\\\/www.eldiario.net\\\/portal\\\/2026\\\/09\\\/02\\\/asamblea-aprueba-reforma-parcial-de-ley-del-tribunal-supremo-de-justicia\\\/#breadcrumb\"},\"inLanguage\":\"es\",\"potentialAction\":[{\"@type\":\"ReadAction\",\"target\":[\"https:\\\/\\\/www.eldiario.net\\\/portal\\\/2026\\\/09\\\/02\\\/asamblea-aprueba-reforma-parcial-de-ley-del-tribunal-supremo-de-justicia\\\/\"]}]},{\"@type\":\"ImageObject\",\"inLanguage\":\"es\",\"@id\":\"https:\\\/\\\/www.eldiario.net\\\/portal\\\/2026\\\/09\\\/02\\\/asamblea-aprueba-reforma-parcial-de-ley-del-tribunal-supremo-de-justicia\\\/#primaryimage\",\"url\":\"https:\\\/\\\/www.eldiario.net\\\/portal\\\/wp-content\\\/uploads\\\/2026\\\/09\\\/VENEZUELA-AP5.webp\",\"contentUrl\":\"https:\\\/\\\/www.eldiario.net\\\/portal\\\/wp-content\\\/uploads\\\/2026\\\/09\\\/VENEZUELA-AP5.webp\",\"width\":1250,\"height\":833,\"caption\":\"El l\u00edder del partido Voluntad Popular, Marco Qui\u00f1ones; la expresidenta de la Asamblea Nacional de oposici\u00f3n, Dinorah Figuera; el presidente de la Asamblea Nacional, Jorge Rodr\u00edguez, y el vicepresidente de la Asamblea Nacional, Pedro Infante.\"},{\"@type\":\"BreadcrumbList\",\"@id\":\"https:\\\/\\\/www.eldiario.net\\\/portal\\\/2026\\\/09\\\/02\\\/asamblea-aprueba-reforma-parcial-de-ley-del-tribunal-supremo-de-justicia\\\/#breadcrumb\",\"itemListElement\":[{\"@type\":\"ListItem\",\"position\":1,\"name\":\"Portada\",\"item\":\"https:\\\/\\\/www.eldiario.net\\\/portal\\\/\"},{\"@type\":\"ListItem\",\"position\":2,\"name\":\"Asamblea aprueba reforma parcial de Ley del Tribunal Supremo de Justicia\"}]},{\"@type\":\"WebSite\",\"@id\":\"https:\\\/\\\/www.eldiario.net\\\/portal\\\/#website\",\"url\":\"https:\\\/\\\/www.eldiario.net\\\/portal\\\/\",\"name\":\"El Diario - Decano de la prensa nacional\",\"description\":\"El Diario - Decano de la prensa nacional\",\"publisher\":{\"@id\":\"https:\\\/\\\/www.eldiario.net\\\/portal\\\/#organization\"},\"potentialAction\":[{\"@type\":\"SearchAction\",\"target\":{\"@type\":\"EntryPoint\",\"urlTemplate\":\"https:\\\/\\\/www.eldiario.net\\\/portal\\\/?s={search_term_string}\"},\"query-input\":{\"@type\":\"PropertyValueSpecification\",\"valueRequired\":true,\"valueName\":\"search_term_string\"}}],\"inLanguage\":\"es\"},{\"@type\":\"Organization\",\"@id\":\"https:\\\/\\\/www.eldiario.net\\\/portal\\\/#organization\",\"name\":\"El Diario - Decano de la prensa nacional\",\"url\":\"https:\\\/\\\/www.eldiario.net\\\/portal\\\/\",\"logo\":{\"@type\":\"ImageObject\",\"inLanguage\":\"es\",\"@id\":\"https:\\\/\\\/www.eldiario.net\\\/portal\\\/#\\\/schema\\\/logo\\\/image\\\/\",\"url\":\"https:\\\/\\\/www.eldiario.net\\\/portal\\\/wp-content\\\/uploads\\\/2023\\\/07\\\/logo_ED.jpg\",\"contentUrl\":\"https:\\\/\\\/www.eldiario.net\\\/portal\\\/wp-content\\\/uploads\\\/2023\\\/07\\\/logo_ED.jpg\",\"width\":272,\"height\":52,\"caption\":\"El Diario - Decano de la prensa nacional\"},\"image\":{\"@id\":\"https:\\\/\\\/www.eldiario.net\\\/portal\\\/#\\\/schema\\\/logo\\\/image\\\/\"},\"sameAs\":[\"https:\\\/\\\/www.facebook.com\\\/eldiario.bolivia\\\/\",\"https:\\\/\\\/x.com\\\/eldiario_net\"]},{\"@type\":\"Person\",\"@id\":\"https:\\\/\\\/www.eldiario.net\\\/portal\\\/#\\\/schema\\\/person\\\/f46445640444750d7d753ccd04ae01b7\",\"name\":\"Jeanette\",\"image\":{\"@type\":\"ImageObject\",\"inLanguage\":\"es\",\"@id\":\"https:\\\/\\\/secure.gravatar.com\\\/avatar\\\/3ea2118a5f7dad2b7138b1187a6b7ee55f160b9968b66013c3a3ef39dd7e5798?s=96&d=mm&r=g\",\"url\":\"https:\\\/\\\/secure.gravatar.com\\\/avatar\\\/3ea2118a5f7dad2b7138b1187a6b7ee55f160b9968b66013c3a3ef39dd7e5798?s=96&d=mm&r=g\",\"contentUrl\":\"https:\\\/\\\/secure.gravatar.com\\\/avatar\\\/3ea2118a5f7dad2b7138b1187a6b7ee55f160b9968b66013c3a3ef39dd7e5798?s=96&d=mm&r=g\",\"caption\":\"Jeanette\"},\"sameAs\":[\"https:\\\/\\\/www.eldiario.net\\\/portal\"],\"url\":\"https:\\\/\\\/www.eldiario.net\\\/portal\\\/author\\\/jeanette\\\/\"}]}<\/script>\n<!-- \/ Yoast SEO plugin. -->","yoast_head_json":{"title":"Asamblea aprueba reforma parcial de Ley del Tribunal Supremo de Justicia - El Diario - Bolivia","robots":{"index":"index","follow":"follow","max-snippet":"max-snippet:-1","max-image-preview":"max-image-preview:large","max-video-preview":"max-video-preview:-1"},"canonical":"https:\/\/www.eldiario.net\/portal\/2026\/09\/02\/asamblea-aprueba-reforma-parcial-de-ley-del-tribunal-supremo-de-justicia\/","og_locale":"es_ES","og_type":"article","og_title":"Asamblea aprueba reforma parcial de Ley del Tribunal Supremo de Justicia - El Diario - Bolivia","og_description":"La Asamblea Nacional de Venezuela, de abrumadora mayor\u00eda oficialista, aprob\u00f3 ayer por unanimidad una reforma de la Ley del Tribunal Supremo de Justicia (TSJ) que apunta a reducir la influencia de los legisladores en la selecci\u00f3n de los magistrados de esa m\u00e1xima instancia al aumentar el n\u00famero de miembros del comit\u00e9 de postulaciones ajenos al [&hellip;]","og_url":"https:\/\/www.eldiario.net\/portal\/2026\/09\/02\/asamblea-aprueba-reforma-parcial-de-ley-del-tribunal-supremo-de-justicia\/","og_site_name":"El Diario - Bolivia","article_publisher":"https:\/\/www.facebook.com\/eldiario.bolivia\/","article_published_time":"2026-09-02T10:31:51+00:00","og_image":[{"width":1250,"height":833,"url":"https:\/\/www.eldiario.net\/portal\/wp-content\/uploads\/2026\/09\/VENEZUELA-AP5.webp","type":"image\/webp"}],"author":"Jeanette","twitter_card":"summary_large_image","twitter_creator":"@eldiario_net","twitter_site":"@eldiario_net","twitter_misc":{"Escrito por":"Jeanette","Tiempo de lectura":"3 minutos"},"schema":{"@context":"https:\/\/schema.org","@graph":[{"@type":"Article","@id":"https:\/\/www.eldiario.net\/portal\/2026\/09\/02\/asamblea-aprueba-reforma-parcial-de-ley-del-tribunal-supremo-de-justicia\/#article","isPartOf":{"@id":"https:\/\/www.eldiario.net\/portal\/2026\/09\/02\/asamblea-aprueba-reforma-parcial-de-ley-del-tribunal-supremo-de-justicia\/"},"author":{"name":"Jeanette","@id":"https:\/\/www.eldiario.net\/portal\/#\/schema\/person\/f46445640444750d7d753ccd04ae01b7"},"headline":"Asamblea aprueba reforma parcial de Ley del Tribunal Supremo de Justicia","datePublished":"2026-09-02T10:31:51+00:00","mainEntityOfPage":{"@id":"https:\/\/www.eldiario.net\/portal\/2026\/09\/02\/asamblea-aprueba-reforma-parcial-de-ley-del-tribunal-supremo-de-justicia\/"},"wordCount":544,"publisher":{"@id":"https:\/\/www.eldiario.net\/portal\/#organization"},"image":{"@id":"https:\/\/www.eldiario.net\/portal\/2026\/09\/02\/asamblea-aprueba-reforma-parcial-de-ley-del-tribunal-supremo-de-justicia\/#primaryimage"},"thumbnailUrl":"https:\/\/www.eldiario.net\/portal\/wp-content\/uploads\/2026\/09\/VENEZUELA-AP5.webp","articleSection":["Internacional"],"inLanguage":"es"},{"@type":"WebPage","@id":"https:\/\/www.eldiario.net\/portal\/2026\/09\/02\/asamblea-aprueba-reforma-parcial-de-ley-del-tribunal-supremo-de-justicia\/","url":"https:\/\/www.eldiario.net\/portal\/2026\/09\/02\/asamblea-aprueba-reforma-parcial-de-ley-del-tribunal-supremo-de-justicia\/","name":"Asamblea aprueba reforma parcial de Ley del Tribunal Supremo de Justicia - El Diario - Bolivia","isPartOf":{"@id":"https:\/\/www.eldiario.net\/portal\/#website"},"primaryImageOfPage":{"@id":"https:\/\/www.eldiario.net\/portal\/2026\/09\/02\/asamblea-aprueba-reforma-parcial-de-ley-del-tribunal-supremo-de-justicia\/#primaryimage"},"image":{"@id":"https:\/\/www.eldiario.net\/portal\/2026\/09\/02\/asamblea-aprueba-reforma-parcial-de-ley-del-tribunal-supremo-de-justicia\/#primaryimage"},"thumbnailUrl":"https:\/\/www.eldiario.net\/portal\/wp-content\/uploads\/2026\/09\/VENEZUELA-AP5.webp","datePublished":"2026-09-02T10:31:51+00:00","breadcrumb":{"@id":"https:\/\/www.eldiario.net\/portal\/2026\/09\/02\/asamblea-aprueba-reforma-parcial-de-ley-del-tribunal-supremo-de-justicia\/#breadcrumb"},"inLanguage":"es","potentialAction":[{"@type":"ReadAction","target":["https:\/\/www.eldiario.net\/portal\/2026\/09\/02\/asamblea-aprueba-reforma-parcial-de-ley-del-tribunal-supremo-de-justicia\/"]}]},{"@type":"ImageObject","inLanguage":"es","@id":"https:\/\/www.eldiario.net\/portal\/2026\/09\/02\/asamblea-aprueba-reforma-parcial-de-ley-del-tribunal-supremo-de-justicia\/#primaryimage","url":"https:\/\/www.eldiario.net\/portal\/wp-content\/uploads\/2026\/09\/VENEZUELA-AP5.webp","contentUrl":"https:\/\/www.eldiario.net\/portal\/wp-content\/uploads\/2026\/09\/VENEZUELA-AP5.webp","width":1250,"height":833,"caption":"El l\u00edder del partido Voluntad Popular, Marco Qui\u00f1ones; la expresidenta de la Asamblea Nacional de oposici\u00f3n, Dinorah Figuera; el presidente de la Asamblea Nacional, Jorge Rodr\u00edguez, y el vicepresidente de la Asamblea Nacional, Pedro Infante."},{"@type":"BreadcrumbList","@id":"https:\/\/www.eldiario.net\/portal\/2026\/09\/02\/asamblea-aprueba-reforma-parcial-de-ley-del-tribunal-supremo-de-justicia\/#breadcrumb","itemListElement":[{"@type":"ListItem","position":1,"name":"Portada","item":"https:\/\/www.eldiario.net\/portal\/"},{"@type":"ListItem","position":2,"name":"Asamblea aprueba reforma parcial de Ley del Tribunal Supremo de Justicia"}]},{"@type":"WebSite","@id":"https:\/\/www.eldiario.net\/portal\/#website","url":"https:\/\/www.eldiario.net\/portal\/","name":"El Diario - Decano de la prensa nacional","description":"El Diario - Decano de la prensa nacional","publisher":{"@id":"https:\/\/www.eldiario.net\/portal\/#organization"},"potentialAction":[{"@type":"SearchAction","target":{"@type":"EntryPoint","urlTemplate":"https:\/\/www.eldiario.net\/portal\/?s={search_term_string}"},"query-input":{"@type":"PropertyValueSpecification","valueRequired":true,"valueName":"search_term_string"}}],"inLanguage":"es"},{"@type":"Organization","@id":"https:\/\/www.eldiario.net\/portal\/#organization","name":"El Diario - Decano de la prensa nacional","url":"https:\/\/www.eldiario.net\/portal\/","logo":{"@type":"ImageObject","inLanguage":"es","@id":"https:\/\/www.eldiario.net\/portal\/#\/schema\/logo\/image\/","url":"https:\/\/www.eldiario.net\/portal\/wp-content\/uploads\/2023\/07\/logo_ED.jpg","contentUrl":"https:\/\/www.eldiario.net\/portal\/wp-content\/uploads\/2023\/07\/logo_ED.jpg","width":272,"height":52,"caption":"El Diario - Decano de la prensa nacional"},"image":{"@id":"https:\/\/www.eldiario.net\/portal\/#\/schema\/logo\/image\/"},"sameAs":["https:\/\/www.facebook.com\/eldiario.bolivia\/","https:\/\/x.com\/eldiario_net"]},{"@type":"Person","@id":"https:\/\/www.eldiario.net\/portal\/#\/schema\/person\/f46445640444750d7d753ccd04ae01b7","name":"Jeanette","image":{"@type":"ImageObject","inLanguage":"es","@id":"https:\/\/secure.gravatar.com\/avatar\/3ea2118a5f7dad2b7138b1187a6b7ee55f160b9968b66013c3a3ef39dd7e5798?s=96&d=mm&r=g","url":"https:\/\/secure.gravatar.com\/avatar\/3ea2118a5f7dad2b7138b1187a6b7ee55f160b9968b66013c3a3ef39dd7e5798?s=96&d=mm&r=g","contentUrl":"https:\/\/secure.gravatar.com\/avatar\/3ea2118a5f7dad2b7138b1187a6b7ee55f160b9968b66013c3a3ef39dd7e5798?s=96&d=mm&r=g","caption":"Jeanette"},"sameAs":["https:\/\/www.eldiario.net\/portal"],"url":"https:\/\/www.eldiario.net\/portal\/author\/jeanette\/"}]}},"_links":{"self":[{"href":"https:\/\/www.eldiario.net\/portal\/wp-json\/wp\/v2\/posts\/426944","targetHints":{"allow":["GET"]}}],"collection":[{"href":"https:\/\/www.eldiario.net\/portal\/wp-json\/wp\/v2\/posts"}],"about":[{"href":"https:\/\/www.eldiario.net\/portal\/wp-json\/wp\/v2\/types\/post"}],"author":[{"embeddable":true,"href":"https:\/\/www.eldiario.net\/portal\/wp-json\/wp\/v2\/users\/1"}],"replies":[{"embeddable":true,"href":"https:\/\/www.eldiario.net\/portal\/wp-json\/wp\/v2\/comments?post=426944"}],"version-history":[{"count":1,"href":"https:\/\/www.eldiario.net\/portal\/wp-json\/wp\/v2\/posts\/426944\/revisions"}],"predecessor-version":[{"id":426946,"href":"https:\/\/www.eldiario.net\/portal\/wp-json\/wp\/v2\/posts\/426944\/revisions\/426946"}],"wp:featuredmedia":[{"embeddable":true,"href":"https:\/\/www.eldiario.net\/portal\/wp-json\/wp\/v2\/media\/426945"}],"wp:attachment":[{"href":"https:\/\/www.eldiario.net\/portal\/wp-json\/wp\/v2\/media?parent=426944"}],"wp:term":[{"taxonomy":"category","embeddable":true,"href":"https:\/\/www.eldiario.net\/portal\/wp-json\/wp\/v2\/categories?post=426944"},{"taxonomy":"post_tag","embeddable":true,"href":"https:\/\/www.eldiario.net\/portal\/wp-json\/wp\/v2\/tags?post=426944"}],"curies":[{"name":"wp","href":"https:\/\/api.w.org\/{rel}","templated":true}]}}