{"id":426942,"date":"2026-09-02T06:31:20","date_gmt":"2026-09-02T10:31:20","guid":{"rendered":"https:\/\/www.eldiario.net\/portal\/?p=426942"},"modified":"2026-09-02T06:31:20","modified_gmt":"2026-09-02T10:31:20","slug":"noboa-declara-prioridad-nacional-preventiva-ante-fenomeno-de-el-nino","status":"publish","type":"post","link":"https:\/\/www.eldiario.net\/portal\/2026\/09\/02\/noboa-declara-prioridad-nacional-preventiva-ante-fenomeno-de-el-nino\/","title":{"rendered":"Noboa declara prioridad nacional preventiva ante fen\u00f3meno de El Ni\u00f1o"},"content":{"rendered":"<p>El fen\u00f3meno de El Ni\u00f1o en Ecuador se convierte en prioridad nacional. As\u00ed lo dispuso el presidente Daniel Noboa mediante el Decreto Ejecutivo 485, firmado en Guayaquil, un documento que busca reforzar la prevenci\u00f3n y la preparaci\u00f3n frente a los posibles efectos del evento clim\u00e1tico.<br \/>\nLa disposici\u00f3n llega en un momento clave: el pa\u00eds mantiene una alerta roja en todo el territorio nacional, declarada el 29 de agosto de 2026. Seg\u00fan el decreto, las acciones que se ejecuten deber\u00e1n ajustarse a la evoluci\u00f3n del fen\u00f3meno y a los escenarios de riesgo que identifiquen las autoridades competentes.<br \/>\nNoboa no se limita a la prevenci\u00f3n. El decreto tambi\u00e9n contempla acciones de respuesta y recuperaci\u00f3n, siempre que resulten necesarias frente a los posibles efectos de El Ni\u00f1o. Es decir, el Gobierno anticipa distintos escenarios y busca cubrir todas las fases del fen\u00f3meno.<\/p>\n<p>FEN\u00d3MENO DE EL NI\u00d1O<br \/>\nPara cumplir con este objetivo, Noboa dispone que nueve ministerios trabajen de manera coordinada, cada uno dentro de sus competencias. Todos deber\u00e1n seguir los lineamientos t\u00e9cnicos de la Secretar\u00eda Nacional de Gesti\u00f3n de Riesgos (SNGR) y acatar las disposiciones que emitan los Comit\u00e9s de Operaciones de Emergencia (COE).<br \/>\nLas carteras involucradas son Gobierno; Infraestructura y Tecnolog\u00eda; Salud P\u00fablica; Ambiente y Energ\u00eda; Trabajo y Desarrollo Humano; Desarrollo Econ\u00f3mico y Productivo; Educaci\u00f3n, Deporte y Cultura; Defensa Nacional, e Interior. En conjunto, deber\u00e1n articular su trabajo en las cuatro fases que marca el decreto: prevenci\u00f3n, preparaci\u00f3n, respuesta y recuperaci\u00f3n.<br \/>\nPor su parte, el Ministerio de Desarrollo Econ\u00f3mico y Productivo asume una tarea adicional: adoptar las medidas presupuestarias necesarias para garantizar que los recursos lleguen a tiempo a las entidades que los requieran. Esos fondos deben destinarse, exclusivamente, a las acciones vinculadas con el fen\u00f3meno.<\/p>\n<p>GOBIERNOS LOCALES<br \/>\nEl decreto no se queda en el nivel central. Noboa tambi\u00e9n convoca a los gobiernos aut\u00f3nomos descentralizados, provinciales, municipales, metropolitanos y parroquiales rurales, para que prioricen, dentro de sus competencias, la ejecuci\u00f3n y el fortalecimiento de sus planes de acci\u00f3n.<br \/>\nEstos gobiernos locales deber\u00e1n aplicar los lineamientos que emita la SNGR y cumplir las disposiciones de los COE en sus respectivos territorios. De esta manera, el Ejecutivo busca que la respuesta frente al fen\u00f3meno de El Ni\u00f1o en Ecuador no dependa \u00fanicamente de las instituciones nacionales.<br \/>\nOtro punto central del decreto apunta al monitoreo. El Comit\u00e9 Nacional para el Estudio Regional del Fen\u00f3meno de El Ni\u00f1o, junto con los organismos t\u00e9cnico-cient\u00edficos competentes, deber\u00e1 coordinarse con la SNGR para reforzar el seguimiento de las condiciones oce\u00e1nicas, atmosf\u00e9ricas, meteorol\u00f3gicas e hidrol\u00f3gicas. (El Diario Ecuador)<\/p>\n","protected":false},"excerpt":{"rendered":"<p>El fen\u00f3meno de El Ni\u00f1o en Ecuador se convierte en prioridad nacional. As\u00ed lo dispuso el presidente Daniel Noboa mediante el Decreto Ejecutivo 485, firmado en Guayaquil, un documento que busca reforzar la prevenci\u00f3n y la preparaci\u00f3n frente a los posibles efectos del evento clim\u00e1tico. La disposici\u00f3n llega en un momento clave: el pa\u00eds mantiene [&hellip;]<\/p>\n","protected":false},"author":1,"featured_media":194703,"comment_status":"closed","ping_status":"open","sticky":false,"template":"","format":"standard","meta":{"_acf_changed":false,"footnotes":""},"categories":[3],"tags":[],"class_list":["post-426942","post","type-post","status-publish","format-standard","has-post-thumbnail","category-internacional"],"acf":{"antetitulo":"Ecuador"},"yoast_head":"<!-- This site is optimized with the Yoast SEO plugin v28.4 - https:\/\/yoast.com\/product\/yoast-seo-wordpress\/ -->\n<title>Noboa declara prioridad nacional preventiva ante fen\u00f3meno de El Ni\u00f1o - El Diario - Bolivia<\/title>\n<meta name=\"robots\" content=\"index, follow, max-snippet:-1, max-image-preview:large, max-video-preview:-1\" \/>\n<link rel=\"canonical\" href=\"https:\/\/www.eldiario.net\/portal\/2026\/09\/02\/noboa-declara-prioridad-nacional-preventiva-ante-fenomeno-de-el-nino\/\" \/>\n<meta property=\"og:locale\" content=\"es_ES\" \/>\n<meta property=\"og:type\" content=\"article\" \/>\n<meta property=\"og:title\" content=\"Noboa declara prioridad nacional preventiva ante fen\u00f3meno de El Ni\u00f1o - El Diario - Bolivia\" \/>\n<meta property=\"og:description\" content=\"El fen\u00f3meno de El Ni\u00f1o en Ecuador se convierte en prioridad nacional. As\u00ed lo dispuso el presidente Daniel Noboa mediante el Decreto Ejecutivo 485, firmado en Guayaquil, un documento que busca reforzar la prevenci\u00f3n y la preparaci\u00f3n frente a los posibles efectos del evento clim\u00e1tico. La disposici\u00f3n llega en un momento clave: el pa\u00eds mantiene [&hellip;]\" \/>\n<meta property=\"og:url\" content=\"https:\/\/www.eldiario.net\/portal\/2026\/09\/02\/noboa-declara-prioridad-nacional-preventiva-ante-fenomeno-de-el-nino\/\" \/>\n<meta property=\"og:site_name\" content=\"El Diario - Bolivia\" \/>\n<meta property=\"article:publisher\" content=\"https:\/\/www.facebook.com\/eldiario.bolivia\/\" \/>\n<meta property=\"article:published_time\" content=\"2026-09-02T10:31:20+00:00\" \/>\n<meta property=\"og:image\" content=\"https:\/\/www.eldiario.net\/portal\/wp-content\/uploads\/2023\/12\/Internacional.jpg\" \/>\n\t<meta property=\"og:image:width\" content=\"800\" \/>\n\t<meta property=\"og:image:height\" content=\"500\" \/>\n\t<meta property=\"og:image:type\" content=\"image\/jpeg\" \/>\n<meta name=\"author\" content=\"Jeanette\" \/>\n<meta name=\"twitter:card\" content=\"summary_large_image\" \/>\n<meta name=\"twitter:creator\" content=\"@eldiario_net\" \/>\n<meta name=\"twitter:site\" content=\"@eldiario_net\" \/>\n<meta name=\"twitter:label1\" content=\"Escrito por\" \/>\n\t<meta name=\"twitter:data1\" content=\"Jeanette\" \/>\n\t<meta name=\"twitter:label2\" content=\"Tiempo de lectura\" \/>\n\t<meta name=\"twitter:data2\" content=\"3 minutos\" \/>\n<script type=\"application\/ld+json\" class=\"yoast-schema-graph\">{\"@context\":\"https:\\\/\\\/schema.org\",\"@graph\":[{\"@type\":\"Article\",\"@id\":\"https:\\\/\\\/www.eldiario.net\\\/portal\\\/2026\\\/09\\\/02\\\/noboa-declara-prioridad-nacional-preventiva-ante-fenomeno-de-el-nino\\\/#article\",\"isPartOf\":{\"@id\":\"https:\\\/\\\/www.eldiario.net\\\/portal\\\/2026\\\/09\\\/02\\\/noboa-declara-prioridad-nacional-preventiva-ante-fenomeno-de-el-nino\\\/\"},\"author\":{\"name\":\"Jeanette\",\"@id\":\"https:\\\/\\\/www.eldiario.net\\\/portal\\\/#\\\/schema\\\/person\\\/f46445640444750d7d753ccd04ae01b7\"},\"headline\":\"Noboa declara prioridad nacional preventiva ante fen\u00f3meno de El Ni\u00f1o\",\"datePublished\":\"2026-09-02T10:31:20+00:00\",\"mainEntityOfPage\":{\"@id\":\"https:\\\/\\\/www.eldiario.net\\\/portal\\\/2026\\\/09\\\/02\\\/noboa-declara-prioridad-nacional-preventiva-ante-fenomeno-de-el-nino\\\/\"},\"wordCount\":476,\"publisher\":{\"@id\":\"https:\\\/\\\/www.eldiario.net\\\/portal\\\/#organization\"},\"image\":{\"@id\":\"https:\\\/\\\/www.eldiario.net\\\/portal\\\/2026\\\/09\\\/02\\\/noboa-declara-prioridad-nacional-preventiva-ante-fenomeno-de-el-nino\\\/#primaryimage\"},\"thumbnailUrl\":\"https:\\\/\\\/www.eldiario.net\\\/portal\\\/wp-content\\\/uploads\\\/2023\\\/12\\\/Internacional.jpg\",\"articleSection\":[\"Internacional\"],\"inLanguage\":\"es\"},{\"@type\":\"WebPage\",\"@id\":\"https:\\\/\\\/www.eldiario.net\\\/portal\\\/2026\\\/09\\\/02\\\/noboa-declara-prioridad-nacional-preventiva-ante-fenomeno-de-el-nino\\\/\",\"url\":\"https:\\\/\\\/www.eldiario.net\\\/portal\\\/2026\\\/09\\\/02\\\/noboa-declara-prioridad-nacional-preventiva-ante-fenomeno-de-el-nino\\\/\",\"name\":\"Noboa declara prioridad nacional preventiva ante fen\u00f3meno de El Ni\u00f1o - El Diario - Bolivia\",\"isPartOf\":{\"@id\":\"https:\\\/\\\/www.eldiario.net\\\/portal\\\/#website\"},\"primaryImageOfPage\":{\"@id\":\"https:\\\/\\\/www.eldiario.net\\\/portal\\\/2026\\\/09\\\/02\\\/noboa-declara-prioridad-nacional-preventiva-ante-fenomeno-de-el-nino\\\/#primaryimage\"},\"image\":{\"@id\":\"https:\\\/\\\/www.eldiario.net\\\/portal\\\/2026\\\/09\\\/02\\\/noboa-declara-prioridad-nacional-preventiva-ante-fenomeno-de-el-nino\\\/#primaryimage\"},\"thumbnailUrl\":\"https:\\\/\\\/www.eldiario.net\\\/portal\\\/wp-content\\\/uploads\\\/2023\\\/12\\\/Internacional.jpg\",\"datePublished\":\"2026-09-02T10:31:20+00:00\",\"breadcrumb\":{\"@id\":\"https:\\\/\\\/www.eldiario.net\\\/portal\\\/2026\\\/09\\\/02\\\/noboa-declara-prioridad-nacional-preventiva-ante-fenomeno-de-el-nino\\\/#breadcrumb\"},\"inLanguage\":\"es\",\"potentialAction\":[{\"@type\":\"ReadAction\",\"target\":[\"https:\\\/\\\/www.eldiario.net\\\/portal\\\/2026\\\/09\\\/02\\\/noboa-declara-prioridad-nacional-preventiva-ante-fenomeno-de-el-nino\\\/\"]}]},{\"@type\":\"ImageObject\",\"inLanguage\":\"es\",\"@id\":\"https:\\\/\\\/www.eldiario.net\\\/portal\\\/2026\\\/09\\\/02\\\/noboa-declara-prioridad-nacional-preventiva-ante-fenomeno-de-el-nino\\\/#primaryimage\",\"url\":\"https:\\\/\\\/www.eldiario.net\\\/portal\\\/wp-content\\\/uploads\\\/2023\\\/12\\\/Internacional.jpg\",\"contentUrl\":\"https:\\\/\\\/www.eldiario.net\\\/portal\\\/wp-content\\\/uploads\\\/2023\\\/12\\\/Internacional.jpg\",\"width\":800,\"height\":500},{\"@type\":\"BreadcrumbList\",\"@id\":\"https:\\\/\\\/www.eldiario.net\\\/portal\\\/2026\\\/09\\\/02\\\/noboa-declara-prioridad-nacional-preventiva-ante-fenomeno-de-el-nino\\\/#breadcrumb\",\"itemListElement\":[{\"@type\":\"ListItem\",\"position\":1,\"name\":\"Portada\",\"item\":\"https:\\\/\\\/www.eldiario.net\\\/portal\\\/\"},{\"@type\":\"ListItem\",\"position\":2,\"name\":\"Noboa declara prioridad nacional preventiva ante fen\u00f3meno de El Ni\u00f1o\"}]},{\"@type\":\"WebSite\",\"@id\":\"https:\\\/\\\/www.eldiario.net\\\/portal\\\/#website\",\"url\":\"https:\\\/\\\/www.eldiario.net\\\/portal\\\/\",\"name\":\"El Diario - Decano de la prensa nacional\",\"description\":\"El Diario - Decano de la prensa nacional\",\"publisher\":{\"@id\":\"https:\\\/\\\/www.eldiario.net\\\/portal\\\/#organization\"},\"potentialAction\":[{\"@type\":\"SearchAction\",\"target\":{\"@type\":\"EntryPoint\",\"urlTemplate\":\"https:\\\/\\\/www.eldiario.net\\\/portal\\\/?s={search_term_string}\"},\"query-input\":{\"@type\":\"PropertyValueSpecification\",\"valueRequired\":true,\"valueName\":\"search_term_string\"}}],\"inLanguage\":\"es\"},{\"@type\":\"Organization\",\"@id\":\"https:\\\/\\\/www.eldiario.net\\\/portal\\\/#organization\",\"name\":\"El Diario - Decano de la prensa nacional\",\"url\":\"https:\\\/\\\/www.eldiario.net\\\/portal\\\/\",\"logo\":{\"@type\":\"ImageObject\",\"inLanguage\":\"es\",\"@id\":\"https:\\\/\\\/www.eldiario.net\\\/portal\\\/#\\\/schema\\\/logo\\\/image\\\/\",\"url\":\"https:\\\/\\\/www.eldiario.net\\\/portal\\\/wp-content\\\/uploads\\\/2023\\\/07\\\/logo_ED.jpg\",\"contentUrl\":\"https:\\\/\\\/www.eldiario.net\\\/portal\\\/wp-content\\\/uploads\\\/2023\\\/07\\\/logo_ED.jpg\",\"width\":272,\"height\":52,\"caption\":\"El Diario - Decano de la prensa nacional\"},\"image\":{\"@id\":\"https:\\\/\\\/www.eldiario.net\\\/portal\\\/#\\\/schema\\\/logo\\\/image\\\/\"},\"sameAs\":[\"https:\\\/\\\/www.facebook.com\\\/eldiario.bolivia\\\/\",\"https:\\\/\\\/x.com\\\/eldiario_net\"]},{\"@type\":\"Person\",\"@id\":\"https:\\\/\\\/www.eldiario.net\\\/portal\\\/#\\\/schema\\\/person\\\/f46445640444750d7d753ccd04ae01b7\",\"name\":\"Jeanette\",\"image\":{\"@type\":\"ImageObject\",\"inLanguage\":\"es\",\"@id\":\"https:\\\/\\\/secure.gravatar.com\\\/avatar\\\/3ea2118a5f7dad2b7138b1187a6b7ee55f160b9968b66013c3a3ef39dd7e5798?s=96&d=mm&r=g\",\"url\":\"https:\\\/\\\/secure.gravatar.com\\\/avatar\\\/3ea2118a5f7dad2b7138b1187a6b7ee55f160b9968b66013c3a3ef39dd7e5798?s=96&d=mm&r=g\",\"contentUrl\":\"https:\\\/\\\/secure.gravatar.com\\\/avatar\\\/3ea2118a5f7dad2b7138b1187a6b7ee55f160b9968b66013c3a3ef39dd7e5798?s=96&d=mm&r=g\",\"caption\":\"Jeanette\"},\"sameAs\":[\"https:\\\/\\\/www.eldiario.net\\\/portal\"],\"url\":\"https:\\\/\\\/www.eldiario.net\\\/portal\\\/author\\\/jeanette\\\/\"}]}<\/script>\n<!-- \/ Yoast SEO plugin. -->","yoast_head_json":{"title":"Noboa declara prioridad nacional preventiva ante fen\u00f3meno de El Ni\u00f1o - El Diario - Bolivia","robots":{"index":"index","follow":"follow","max-snippet":"max-snippet:-1","max-image-preview":"max-image-preview:large","max-video-preview":"max-video-preview:-1"},"canonical":"https:\/\/www.eldiario.net\/portal\/2026\/09\/02\/noboa-declara-prioridad-nacional-preventiva-ante-fenomeno-de-el-nino\/","og_locale":"es_ES","og_type":"article","og_title":"Noboa declara prioridad nacional preventiva ante fen\u00f3meno de El Ni\u00f1o - El Diario - Bolivia","og_description":"El fen\u00f3meno de El Ni\u00f1o en Ecuador se convierte en prioridad nacional. As\u00ed lo dispuso el presidente Daniel Noboa mediante el Decreto Ejecutivo 485, firmado en Guayaquil, un documento que busca reforzar la prevenci\u00f3n y la preparaci\u00f3n frente a los posibles efectos del evento clim\u00e1tico. La disposici\u00f3n llega en un momento clave: el pa\u00eds mantiene [&hellip;]","og_url":"https:\/\/www.eldiario.net\/portal\/2026\/09\/02\/noboa-declara-prioridad-nacional-preventiva-ante-fenomeno-de-el-nino\/","og_site_name":"El Diario - Bolivia","article_publisher":"https:\/\/www.facebook.com\/eldiario.bolivia\/","article_published_time":"2026-09-02T10:31:20+00:00","og_image":[{"width":800,"height":500,"url":"https:\/\/www.eldiario.net\/portal\/wp-content\/uploads\/2023\/12\/Internacional.jpg","type":"image\/jpeg"}],"author":"Jeanette","twitter_card":"summary_large_image","twitter_creator":"@eldiario_net","twitter_site":"@eldiario_net","twitter_misc":{"Escrito por":"Jeanette","Tiempo de lectura":"3 minutos"},"schema":{"@context":"https:\/\/schema.org","@graph":[{"@type":"Article","@id":"https:\/\/www.eldiario.net\/portal\/2026\/09\/02\/noboa-declara-prioridad-nacional-preventiva-ante-fenomeno-de-el-nino\/#article","isPartOf":{"@id":"https:\/\/www.eldiario.net\/portal\/2026\/09\/02\/noboa-declara-prioridad-nacional-preventiva-ante-fenomeno-de-el-nino\/"},"author":{"name":"Jeanette","@id":"https:\/\/www.eldiario.net\/portal\/#\/schema\/person\/f46445640444750d7d753ccd04ae01b7"},"headline":"Noboa declara prioridad nacional preventiva ante fen\u00f3meno de El Ni\u00f1o","datePublished":"2026-09-02T10:31:20+00:00","mainEntityOfPage":{"@id":"https:\/\/www.eldiario.net\/portal\/2026\/09\/02\/noboa-declara-prioridad-nacional-preventiva-ante-fenomeno-de-el-nino\/"},"wordCount":476,"publisher":{"@id":"https:\/\/www.eldiario.net\/portal\/#organization"},"image":{"@id":"https:\/\/www.eldiario.net\/portal\/2026\/09\/02\/noboa-declara-prioridad-nacional-preventiva-ante-fenomeno-de-el-nino\/#primaryimage"},"thumbnailUrl":"https:\/\/www.eldiario.net\/portal\/wp-content\/uploads\/2023\/12\/Internacional.jpg","articleSection":["Internacional"],"inLanguage":"es"},{"@type":"WebPage","@id":"https:\/\/www.eldiario.net\/portal\/2026\/09\/02\/noboa-declara-prioridad-nacional-preventiva-ante-fenomeno-de-el-nino\/","url":"https:\/\/www.eldiario.net\/portal\/2026\/09\/02\/noboa-declara-prioridad-nacional-preventiva-ante-fenomeno-de-el-nino\/","name":"Noboa declara prioridad nacional preventiva ante fen\u00f3meno de El Ni\u00f1o - El Diario - Bolivia","isPartOf":{"@id":"https:\/\/www.eldiario.net\/portal\/#website"},"primaryImageOfPage":{"@id":"https:\/\/www.eldiario.net\/portal\/2026\/09\/02\/noboa-declara-prioridad-nacional-preventiva-ante-fenomeno-de-el-nino\/#primaryimage"},"image":{"@id":"https:\/\/www.eldiario.net\/portal\/2026\/09\/02\/noboa-declara-prioridad-nacional-preventiva-ante-fenomeno-de-el-nino\/#primaryimage"},"thumbnailUrl":"https:\/\/www.eldiario.net\/portal\/wp-content\/uploads\/2023\/12\/Internacional.jpg","datePublished":"2026-09-02T10:31:20+00:00","breadcrumb":{"@id":"https:\/\/www.eldiario.net\/portal\/2026\/09\/02\/noboa-declara-prioridad-nacional-preventiva-ante-fenomeno-de-el-nino\/#breadcrumb"},"inLanguage":"es","potentialAction":[{"@type":"ReadAction","target":["https:\/\/www.eldiario.net\/portal\/2026\/09\/02\/noboa-declara-prioridad-nacional-preventiva-ante-fenomeno-de-el-nino\/"]}]},{"@type":"ImageObject","inLanguage":"es","@id":"https:\/\/www.eldiario.net\/portal\/2026\/09\/02\/noboa-declara-prioridad-nacional-preventiva-ante-fenomeno-de-el-nino\/#primaryimage","url":"https:\/\/www.eldiario.net\/portal\/wp-content\/uploads\/2023\/12\/Internacional.jpg","contentUrl":"https:\/\/www.eldiario.net\/portal\/wp-content\/uploads\/2023\/12\/Internacional.jpg","width":800,"height":500},{"@type":"BreadcrumbList","@id":"https:\/\/www.eldiario.net\/portal\/2026\/09\/02\/noboa-declara-prioridad-nacional-preventiva-ante-fenomeno-de-el-nino\/#breadcrumb","itemListElement":[{"@type":"ListItem","position":1,"name":"Portada","item":"https:\/\/www.eldiario.net\/portal\/"},{"@type":"ListItem","position":2,"name":"Noboa declara prioridad nacional preventiva ante fen\u00f3meno de El Ni\u00f1o"}]},{"@type":"WebSite","@id":"https:\/\/www.eldiario.net\/portal\/#website","url":"https:\/\/www.eldiario.net\/portal\/","name":"El Diario - Decano de la prensa nacional","description":"El Diario - Decano de la prensa nacional","publisher":{"@id":"https:\/\/www.eldiario.net\/portal\/#organization"},"potentialAction":[{"@type":"SearchAction","target":{"@type":"EntryPoint","urlTemplate":"https:\/\/www.eldiario.net\/portal\/?s={search_term_string}"},"query-input":{"@type":"PropertyValueSpecification","valueRequired":true,"valueName":"search_term_string"}}],"inLanguage":"es"},{"@type":"Organization","@id":"https:\/\/www.eldiario.net\/portal\/#organization","name":"El Diario - Decano de la prensa nacional","url":"https:\/\/www.eldiario.net\/portal\/","logo":{"@type":"ImageObject","inLanguage":"es","@id":"https:\/\/www.eldiario.net\/portal\/#\/schema\/logo\/image\/","url":"https:\/\/www.eldiario.net\/portal\/wp-content\/uploads\/2023\/07\/logo_ED.jpg","contentUrl":"https:\/\/www.eldiario.net\/portal\/wp-content\/uploads\/2023\/07\/logo_ED.jpg","width":272,"height":52,"caption":"El Diario - Decano de la prensa nacional"},"image":{"@id":"https:\/\/www.eldiario.net\/portal\/#\/schema\/logo\/image\/"},"sameAs":["https:\/\/www.facebook.com\/eldiario.bolivia\/","https:\/\/x.com\/eldiario_net"]},{"@type":"Person","@id":"https:\/\/www.eldiario.net\/portal\/#\/schema\/person\/f46445640444750d7d753ccd04ae01b7","name":"Jeanette","image":{"@type":"ImageObject","inLanguage":"es","@id":"https:\/\/secure.gravatar.com\/avatar\/3ea2118a5f7dad2b7138b1187a6b7ee55f160b9968b66013c3a3ef39dd7e5798?s=96&d=mm&r=g","url":"https:\/\/secure.gravatar.com\/avatar\/3ea2118a5f7dad2b7138b1187a6b7ee55f160b9968b66013c3a3ef39dd7e5798?s=96&d=mm&r=g","contentUrl":"https:\/\/secure.gravatar.com\/avatar\/3ea2118a5f7dad2b7138b1187a6b7ee55f160b9968b66013c3a3ef39dd7e5798?s=96&d=mm&r=g","caption":"Jeanette"},"sameAs":["https:\/\/www.eldiario.net\/portal"],"url":"https:\/\/www.eldiario.net\/portal\/author\/jeanette\/"}]}},"_links":{"self":[{"href":"https:\/\/www.eldiario.net\/portal\/wp-json\/wp\/v2\/posts\/426942","targetHints":{"allow":["GET"]}}],"collection":[{"href":"https:\/\/www.eldiario.net\/portal\/wp-json\/wp\/v2\/posts"}],"about":[{"href":"https:\/\/www.eldiario.net\/portal\/wp-json\/wp\/v2\/types\/post"}],"author":[{"embeddable":true,"href":"https:\/\/www.eldiario.net\/portal\/wp-json\/wp\/v2\/users\/1"}],"replies":[{"embeddable":true,"href":"https:\/\/www.eldiario.net\/portal\/wp-json\/wp\/v2\/comments?post=426942"}],"version-history":[{"count":1,"href":"https:\/\/www.eldiario.net\/portal\/wp-json\/wp\/v2\/posts\/426942\/revisions"}],"predecessor-version":[{"id":426943,"href":"https:\/\/www.eldiario.net\/portal\/wp-json\/wp\/v2\/posts\/426942\/revisions\/426943"}],"wp:featuredmedia":[{"embeddable":true,"href":"https:\/\/www.eldiario.net\/portal\/wp-json\/wp\/v2\/media\/194703"}],"wp:attachment":[{"href":"https:\/\/www.eldiario.net\/portal\/wp-json\/wp\/v2\/media?parent=426942"}],"wp:term":[{"taxonomy":"category","embeddable":true,"href":"https:\/\/www.eldiario.net\/portal\/wp-json\/wp\/v2\/categories?post=426942"},{"taxonomy":"post_tag","embeddable":true,"href":"https:\/\/www.eldiario.net\/portal\/wp-json\/wp\/v2\/tags?post=426942"}],"curies":[{"name":"wp","href":"https:\/\/api.w.org\/{rel}","templated":true}]}}