{"id":426935,"date":"2026-09-02T06:23:33","date_gmt":"2026-09-02T10:23:33","guid":{"rendered":"https:\/\/www.eldiario.net\/portal\/?p=426935"},"modified":"2026-09-02T06:23:33","modified_gmt":"2026-09-02T10:23:33","slug":"deficit-y-recesion-condicionan-desempeno-economico-del-pais","status":"publish","type":"post","link":"https:\/\/www.eldiario.net\/portal\/2026\/09\/02\/deficit-y-recesion-condicionan-desempeno-economico-del-pais\/","title":{"rendered":"D\u00e9ficit y recesi\u00f3n condicionan desempe\u00f1o econ\u00f3mico del pa\u00eds"},"content":{"rendered":"<p>La econom\u00eda boliviana contin\u00faa en una situaci\u00f3n de inestabilidad, deterioro estructural y contracci\u00f3n, aunque durante 2026 se registraron algunos cambios de pol\u00edtica econ\u00f3mica y una mejora de las cuentas externas que pueden contribuir a su estabilizaci\u00f3n, seg\u00fan informe de la Fundaci\u00f3n Milenio.<br \/>\nLa fundaci\u00f3n identifica entre los principales problemas el elevado d\u00e9ficit fiscal, el debilitamiento de la producci\u00f3n, el bajo nivel de las reservas internacionales, la falta de divisas y carburantes, la inflaci\u00f3n y el incremento del costo de vida.<br \/>\nEl gobierno de Rodrigo Paz adopt\u00f3 medidas como la reducci\u00f3n parcial de la subvenci\u00f3n a los combustibles, la flexibilizaci\u00f3n del r\u00e9gimen cambiario y el recorte del financiamiento del d\u00e9ficit por parte del Banco Central de Bolivia (BCB).<br \/>\nPara Milenio, se trata de pasos en la direcci\u00f3n correcta, pero todav\u00eda insuficientes frente a la magnitud de los desequilibrios acumulados.<br \/>\n\u201cLa incertidumbre contin\u00faa afectando la confianza de empresas y consumidores y persisten interrogantes sobre la capacidad del pa\u00eds para resolver la falta de combustibles y divisas, recuperar la inversi\u00f3n y generar condiciones para un crecimiento sostenido\u201d, afirma Henry Oporto, director de la Fundaci\u00f3n Milenio.<\/p>\n<p>D\u00c9FICIT Y RECESI\u00d3N<br \/>\nEl d\u00e9ficit fiscal contin\u00faa siendo uno de los principales factores de vulnerabilidad. El Presupuesto General del Estado reformulado proyecta un desequilibrio equivalente al 9,2% del PIB.<br \/>\nAunque el ajuste en los precios de los combustibles busca reducir el costo de la subvenci\u00f3n, Milenio considera que ser\u00e1n necesarias medidas adicionales y una pol\u00edtica sostenida de responsabilidad fiscal.<br \/>\nEn 2026, una parte importante del d\u00e9ficit ser\u00eda financiada con recursos externos, lo que reducir\u00eda la necesidad de recurrir al BCB, aunque con el consiguiente aumento de la deuda externa.<br \/>\nEl escenario se complica por la recesi\u00f3n. Despu\u00e9s de tasas negativas de crecimiento en 2024 y 2025, la Fundaci\u00f3n estima que la econom\u00eda podr\u00eda contraerse en 3% o m\u00e1s durante 2026. Los bloqueos de mayo y junio y las dificultades de abastecimiento de combustibles agravaron este desempe\u00f1o.<\/p>\n<p>UNA MEJORA EXTERNA<br \/>\nTODAV\u00cdA FR\u00c1GIL<br \/>\nEl sector externo ofrece una de las se\u00f1ales m\u00e1s favorables. En el primer semestre de 2026, Bolivia pas\u00f3 de un d\u00e9ficit comercial de $us 520 millones a un super\u00e1vit de $us 1.669 millones. Las exportaciones aumentaron 55%, impulsadas principalmente por los mejores precios de los minerales.<br \/>\nSin embargo, Milenio advierte que esta recuperaci\u00f3n es vulnerable: el volumen exportado de minerales cay\u00f3 12%, mientras el valor de las ventas creci\u00f3 91%. Es decir, la mejora responde m\u00e1s a los precios internacionales que a un aumento de la producci\u00f3n.<br \/>\n\u201cUna ca\u00edda en las cotizaciones del oro, la plata, el esta\u00f1o o el zinc podr\u00eda reducir nuevamente los ingresos externos\u201d, advierte Oporto.<\/p>\n","protected":false},"excerpt":{"rendered":"<p>La econom\u00eda boliviana contin\u00faa en una situaci\u00f3n de inestabilidad, deterioro estructural y contracci\u00f3n, aunque durante 2026 se registraron algunos cambios de pol\u00edtica econ\u00f3mica y una mejora de las cuentas externas que pueden contribuir a su estabilizaci\u00f3n, seg\u00fan informe de la Fundaci\u00f3n Milenio. La fundaci\u00f3n identifica entre los principales problemas el elevado d\u00e9ficit fiscal, el debilitamiento [&hellip;]<\/p>\n","protected":false},"author":1,"featured_media":426936,"comment_status":"closed","ping_status":"open","sticky":false,"template":"","format":"standard","meta":{"_acf_changed":false,"footnotes":""},"categories":[17],"tags":[],"class_list":["post-426935","post","type-post","status-publish","format-standard","has-post-thumbnail","category-principal"],"acf":{"antetitulo":"Seg\u00fan evaluaci\u00f3n econ\u00f3mica de Milenio"},"yoast_head":"<!-- This site is optimized with the Yoast SEO plugin v28.4 - https:\/\/yoast.com\/product\/yoast-seo-wordpress\/ -->\n<title>D\u00e9ficit y recesi\u00f3n condicionan desempe\u00f1o econ\u00f3mico del pa\u00eds - El Diario - Bolivia<\/title>\n<meta name=\"robots\" content=\"index, follow, max-snippet:-1, max-image-preview:large, max-video-preview:-1\" \/>\n<link rel=\"canonical\" href=\"https:\/\/www.eldiario.net\/portal\/2026\/09\/02\/deficit-y-recesion-condicionan-desempeno-economico-del-pais\/\" \/>\n<meta property=\"og:locale\" content=\"es_ES\" \/>\n<meta property=\"og:type\" content=\"article\" \/>\n<meta property=\"og:title\" content=\"D\u00e9ficit y recesi\u00f3n condicionan desempe\u00f1o econ\u00f3mico del pa\u00eds - El Diario - Bolivia\" \/>\n<meta property=\"og:description\" content=\"La econom\u00eda boliviana contin\u00faa en una situaci\u00f3n de inestabilidad, deterioro estructural y contracci\u00f3n, aunque durante 2026 se registraron algunos cambios de pol\u00edtica econ\u00f3mica y una mejora de las cuentas externas que pueden contribuir a su estabilizaci\u00f3n, seg\u00fan informe de la Fundaci\u00f3n Milenio. La fundaci\u00f3n identifica entre los principales problemas el elevado d\u00e9ficit fiscal, el debilitamiento [&hellip;]\" \/>\n<meta property=\"og:url\" content=\"https:\/\/www.eldiario.net\/portal\/2026\/09\/02\/deficit-y-recesion-condicionan-desempeno-economico-del-pais\/\" \/>\n<meta property=\"og:site_name\" content=\"El Diario - Bolivia\" \/>\n<meta property=\"article:publisher\" content=\"https:\/\/www.facebook.com\/eldiario.bolivia\/\" \/>\n<meta property=\"article:published_time\" content=\"2026-09-02T10:23:33+00:00\" \/>\n<meta property=\"og:image\" content=\"https:\/\/www.eldiario.net\/portal\/wp-content\/uploads\/2026\/09\/Evaluacion-Milenio-15-cm-x-10.webp\" \/>\n\t<meta property=\"og:image:width\" content=\"1600\" \/>\n\t<meta property=\"og:image:height\" content=\"1204\" \/>\n\t<meta property=\"og:image:type\" content=\"image\/webp\" \/>\n<meta name=\"author\" content=\"Jeanette\" \/>\n<meta name=\"twitter:card\" content=\"summary_large_image\" \/>\n<meta name=\"twitter:creator\" content=\"@eldiario_net\" \/>\n<meta name=\"twitter:site\" content=\"@eldiario_net\" \/>\n<meta name=\"twitter:label1\" content=\"Escrito por\" \/>\n\t<meta name=\"twitter:data1\" content=\"Jeanette\" \/>\n\t<meta name=\"twitter:label2\" content=\"Tiempo de lectura\" \/>\n\t<meta name=\"twitter:data2\" content=\"3 minutos\" \/>\n<script type=\"application\/ld+json\" class=\"yoast-schema-graph\">{\"@context\":\"https:\\\/\\\/schema.org\",\"@graph\":[{\"@type\":\"Article\",\"@id\":\"https:\\\/\\\/www.eldiario.net\\\/portal\\\/2026\\\/09\\\/02\\\/deficit-y-recesion-condicionan-desempeno-economico-del-pais\\\/#article\",\"isPartOf\":{\"@id\":\"https:\\\/\\\/www.eldiario.net\\\/portal\\\/2026\\\/09\\\/02\\\/deficit-y-recesion-condicionan-desempeno-economico-del-pais\\\/\"},\"author\":{\"name\":\"Jeanette\",\"@id\":\"https:\\\/\\\/www.eldiario.net\\\/portal\\\/#\\\/schema\\\/person\\\/f46445640444750d7d753ccd04ae01b7\"},\"headline\":\"D\u00e9ficit y recesi\u00f3n condicionan desempe\u00f1o econ\u00f3mico del pa\u00eds\",\"datePublished\":\"2026-09-02T10:23:33+00:00\",\"mainEntityOfPage\":{\"@id\":\"https:\\\/\\\/www.eldiario.net\\\/portal\\\/2026\\\/09\\\/02\\\/deficit-y-recesion-condicionan-desempeno-economico-del-pais\\\/\"},\"wordCount\":485,\"publisher\":{\"@id\":\"https:\\\/\\\/www.eldiario.net\\\/portal\\\/#organization\"},\"image\":{\"@id\":\"https:\\\/\\\/www.eldiario.net\\\/portal\\\/2026\\\/09\\\/02\\\/deficit-y-recesion-condicionan-desempeno-economico-del-pais\\\/#primaryimage\"},\"thumbnailUrl\":\"https:\\\/\\\/www.eldiario.net\\\/portal\\\/wp-content\\\/uploads\\\/2026\\\/09\\\/Evaluacion-Milenio-15-cm-x-10.webp\",\"articleSection\":[\"Principal\"],\"inLanguage\":\"es\"},{\"@type\":\"WebPage\",\"@id\":\"https:\\\/\\\/www.eldiario.net\\\/portal\\\/2026\\\/09\\\/02\\\/deficit-y-recesion-condicionan-desempeno-economico-del-pais\\\/\",\"url\":\"https:\\\/\\\/www.eldiario.net\\\/portal\\\/2026\\\/09\\\/02\\\/deficit-y-recesion-condicionan-desempeno-economico-del-pais\\\/\",\"name\":\"D\u00e9ficit y recesi\u00f3n condicionan desempe\u00f1o econ\u00f3mico del pa\u00eds - El Diario - Bolivia\",\"isPartOf\":{\"@id\":\"https:\\\/\\\/www.eldiario.net\\\/portal\\\/#website\"},\"primaryImageOfPage\":{\"@id\":\"https:\\\/\\\/www.eldiario.net\\\/portal\\\/2026\\\/09\\\/02\\\/deficit-y-recesion-condicionan-desempeno-economico-del-pais\\\/#primaryimage\"},\"image\":{\"@id\":\"https:\\\/\\\/www.eldiario.net\\\/portal\\\/2026\\\/09\\\/02\\\/deficit-y-recesion-condicionan-desempeno-economico-del-pais\\\/#primaryimage\"},\"thumbnailUrl\":\"https:\\\/\\\/www.eldiario.net\\\/portal\\\/wp-content\\\/uploads\\\/2026\\\/09\\\/Evaluacion-Milenio-15-cm-x-10.webp\",\"datePublished\":\"2026-09-02T10:23:33+00:00\",\"breadcrumb\":{\"@id\":\"https:\\\/\\\/www.eldiario.net\\\/portal\\\/2026\\\/09\\\/02\\\/deficit-y-recesion-condicionan-desempeno-economico-del-pais\\\/#breadcrumb\"},\"inLanguage\":\"es\",\"potentialAction\":[{\"@type\":\"ReadAction\",\"target\":[\"https:\\\/\\\/www.eldiario.net\\\/portal\\\/2026\\\/09\\\/02\\\/deficit-y-recesion-condicionan-desempeno-economico-del-pais\\\/\"]}]},{\"@type\":\"ImageObject\",\"inLanguage\":\"es\",\"@id\":\"https:\\\/\\\/www.eldiario.net\\\/portal\\\/2026\\\/09\\\/02\\\/deficit-y-recesion-condicionan-desempeno-economico-del-pais\\\/#primaryimage\",\"url\":\"https:\\\/\\\/www.eldiario.net\\\/portal\\\/wp-content\\\/uploads\\\/2026\\\/09\\\/Evaluacion-Milenio-15-cm-x-10.webp\",\"contentUrl\":\"https:\\\/\\\/www.eldiario.net\\\/portal\\\/wp-content\\\/uploads\\\/2026\\\/09\\\/Evaluacion-Milenio-15-cm-x-10.webp\",\"width\":1600,\"height\":1204,\"caption\":\"La Fundaci\u00f3n Milenio present\u00f3 un informe sobre la econom\u00edA DE BOLIVIA.\"},{\"@type\":\"BreadcrumbList\",\"@id\":\"https:\\\/\\\/www.eldiario.net\\\/portal\\\/2026\\\/09\\\/02\\\/deficit-y-recesion-condicionan-desempeno-economico-del-pais\\\/#breadcrumb\",\"itemListElement\":[{\"@type\":\"ListItem\",\"position\":1,\"name\":\"Portada\",\"item\":\"https:\\\/\\\/www.eldiario.net\\\/portal\\\/\"},{\"@type\":\"ListItem\",\"position\":2,\"name\":\"D\u00e9ficit y recesi\u00f3n condicionan desempe\u00f1o econ\u00f3mico del pa\u00eds\"}]},{\"@type\":\"WebSite\",\"@id\":\"https:\\\/\\\/www.eldiario.net\\\/portal\\\/#website\",\"url\":\"https:\\\/\\\/www.eldiario.net\\\/portal\\\/\",\"name\":\"El Diario - Decano de la prensa nacional\",\"description\":\"El Diario - Decano de la prensa nacional\",\"publisher\":{\"@id\":\"https:\\\/\\\/www.eldiario.net\\\/portal\\\/#organization\"},\"potentialAction\":[{\"@type\":\"SearchAction\",\"target\":{\"@type\":\"EntryPoint\",\"urlTemplate\":\"https:\\\/\\\/www.eldiario.net\\\/portal\\\/?s={search_term_string}\"},\"query-input\":{\"@type\":\"PropertyValueSpecification\",\"valueRequired\":true,\"valueName\":\"search_term_string\"}}],\"inLanguage\":\"es\"},{\"@type\":\"Organization\",\"@id\":\"https:\\\/\\\/www.eldiario.net\\\/portal\\\/#organization\",\"name\":\"El Diario - Decano de la prensa nacional\",\"url\":\"https:\\\/\\\/www.eldiario.net\\\/portal\\\/\",\"logo\":{\"@type\":\"ImageObject\",\"inLanguage\":\"es\",\"@id\":\"https:\\\/\\\/www.eldiario.net\\\/portal\\\/#\\\/schema\\\/logo\\\/image\\\/\",\"url\":\"https:\\\/\\\/www.eldiario.net\\\/portal\\\/wp-content\\\/uploads\\\/2023\\\/07\\\/logo_ED.jpg\",\"contentUrl\":\"https:\\\/\\\/www.eldiario.net\\\/portal\\\/wp-content\\\/uploads\\\/2023\\\/07\\\/logo_ED.jpg\",\"width\":272,\"height\":52,\"caption\":\"El Diario - Decano de la prensa nacional\"},\"image\":{\"@id\":\"https:\\\/\\\/www.eldiario.net\\\/portal\\\/#\\\/schema\\\/logo\\\/image\\\/\"},\"sameAs\":[\"https:\\\/\\\/www.facebook.com\\\/eldiario.bolivia\\\/\",\"https:\\\/\\\/x.com\\\/eldiario_net\"]},{\"@type\":\"Person\",\"@id\":\"https:\\\/\\\/www.eldiario.net\\\/portal\\\/#\\\/schema\\\/person\\\/f46445640444750d7d753ccd04ae01b7\",\"name\":\"Jeanette\",\"image\":{\"@type\":\"ImageObject\",\"inLanguage\":\"es\",\"@id\":\"https:\\\/\\\/secure.gravatar.com\\\/avatar\\\/3ea2118a5f7dad2b7138b1187a6b7ee55f160b9968b66013c3a3ef39dd7e5798?s=96&d=mm&r=g\",\"url\":\"https:\\\/\\\/secure.gravatar.com\\\/avatar\\\/3ea2118a5f7dad2b7138b1187a6b7ee55f160b9968b66013c3a3ef39dd7e5798?s=96&d=mm&r=g\",\"contentUrl\":\"https:\\\/\\\/secure.gravatar.com\\\/avatar\\\/3ea2118a5f7dad2b7138b1187a6b7ee55f160b9968b66013c3a3ef39dd7e5798?s=96&d=mm&r=g\",\"caption\":\"Jeanette\"},\"sameAs\":[\"https:\\\/\\\/www.eldiario.net\\\/portal\"],\"url\":\"https:\\\/\\\/www.eldiario.net\\\/portal\\\/author\\\/jeanette\\\/\"}]}<\/script>\n<!-- \/ Yoast SEO plugin. -->","yoast_head_json":{"title":"D\u00e9ficit y recesi\u00f3n condicionan desempe\u00f1o econ\u00f3mico del pa\u00eds - El Diario - Bolivia","robots":{"index":"index","follow":"follow","max-snippet":"max-snippet:-1","max-image-preview":"max-image-preview:large","max-video-preview":"max-video-preview:-1"},"canonical":"https:\/\/www.eldiario.net\/portal\/2026\/09\/02\/deficit-y-recesion-condicionan-desempeno-economico-del-pais\/","og_locale":"es_ES","og_type":"article","og_title":"D\u00e9ficit y recesi\u00f3n condicionan desempe\u00f1o econ\u00f3mico del pa\u00eds - El Diario - Bolivia","og_description":"La econom\u00eda boliviana contin\u00faa en una situaci\u00f3n de inestabilidad, deterioro estructural y contracci\u00f3n, aunque durante 2026 se registraron algunos cambios de pol\u00edtica econ\u00f3mica y una mejora de las cuentas externas que pueden contribuir a su estabilizaci\u00f3n, seg\u00fan informe de la Fundaci\u00f3n Milenio. La fundaci\u00f3n identifica entre los principales problemas el elevado d\u00e9ficit fiscal, el debilitamiento [&hellip;]","og_url":"https:\/\/www.eldiario.net\/portal\/2026\/09\/02\/deficit-y-recesion-condicionan-desempeno-economico-del-pais\/","og_site_name":"El Diario - Bolivia","article_publisher":"https:\/\/www.facebook.com\/eldiario.bolivia\/","article_published_time":"2026-09-02T10:23:33+00:00","og_image":[{"width":1600,"height":1204,"url":"https:\/\/www.eldiario.net\/portal\/wp-content\/uploads\/2026\/09\/Evaluacion-Milenio-15-cm-x-10.webp","type":"image\/webp"}],"author":"Jeanette","twitter_card":"summary_large_image","twitter_creator":"@eldiario_net","twitter_site":"@eldiario_net","twitter_misc":{"Escrito por":"Jeanette","Tiempo de lectura":"3 minutos"},"schema":{"@context":"https:\/\/schema.org","@graph":[{"@type":"Article","@id":"https:\/\/www.eldiario.net\/portal\/2026\/09\/02\/deficit-y-recesion-condicionan-desempeno-economico-del-pais\/#article","isPartOf":{"@id":"https:\/\/www.eldiario.net\/portal\/2026\/09\/02\/deficit-y-recesion-condicionan-desempeno-economico-del-pais\/"},"author":{"name":"Jeanette","@id":"https:\/\/www.eldiario.net\/portal\/#\/schema\/person\/f46445640444750d7d753ccd04ae01b7"},"headline":"D\u00e9ficit y recesi\u00f3n condicionan desempe\u00f1o econ\u00f3mico del pa\u00eds","datePublished":"2026-09-02T10:23:33+00:00","mainEntityOfPage":{"@id":"https:\/\/www.eldiario.net\/portal\/2026\/09\/02\/deficit-y-recesion-condicionan-desempeno-economico-del-pais\/"},"wordCount":485,"publisher":{"@id":"https:\/\/www.eldiario.net\/portal\/#organization"},"image":{"@id":"https:\/\/www.eldiario.net\/portal\/2026\/09\/02\/deficit-y-recesion-condicionan-desempeno-economico-del-pais\/#primaryimage"},"thumbnailUrl":"https:\/\/www.eldiario.net\/portal\/wp-content\/uploads\/2026\/09\/Evaluacion-Milenio-15-cm-x-10.webp","articleSection":["Principal"],"inLanguage":"es"},{"@type":"WebPage","@id":"https:\/\/www.eldiario.net\/portal\/2026\/09\/02\/deficit-y-recesion-condicionan-desempeno-economico-del-pais\/","url":"https:\/\/www.eldiario.net\/portal\/2026\/09\/02\/deficit-y-recesion-condicionan-desempeno-economico-del-pais\/","name":"D\u00e9ficit y recesi\u00f3n condicionan desempe\u00f1o econ\u00f3mico del pa\u00eds - El Diario - Bolivia","isPartOf":{"@id":"https:\/\/www.eldiario.net\/portal\/#website"},"primaryImageOfPage":{"@id":"https:\/\/www.eldiario.net\/portal\/2026\/09\/02\/deficit-y-recesion-condicionan-desempeno-economico-del-pais\/#primaryimage"},"image":{"@id":"https:\/\/www.eldiario.net\/portal\/2026\/09\/02\/deficit-y-recesion-condicionan-desempeno-economico-del-pais\/#primaryimage"},"thumbnailUrl":"https:\/\/www.eldiario.net\/portal\/wp-content\/uploads\/2026\/09\/Evaluacion-Milenio-15-cm-x-10.webp","datePublished":"2026-09-02T10:23:33+00:00","breadcrumb":{"@id":"https:\/\/www.eldiario.net\/portal\/2026\/09\/02\/deficit-y-recesion-condicionan-desempeno-economico-del-pais\/#breadcrumb"},"inLanguage":"es","potentialAction":[{"@type":"ReadAction","target":["https:\/\/www.eldiario.net\/portal\/2026\/09\/02\/deficit-y-recesion-condicionan-desempeno-economico-del-pais\/"]}]},{"@type":"ImageObject","inLanguage":"es","@id":"https:\/\/www.eldiario.net\/portal\/2026\/09\/02\/deficit-y-recesion-condicionan-desempeno-economico-del-pais\/#primaryimage","url":"https:\/\/www.eldiario.net\/portal\/wp-content\/uploads\/2026\/09\/Evaluacion-Milenio-15-cm-x-10.webp","contentUrl":"https:\/\/www.eldiario.net\/portal\/wp-content\/uploads\/2026\/09\/Evaluacion-Milenio-15-cm-x-10.webp","width":1600,"height":1204,"caption":"La Fundaci\u00f3n Milenio present\u00f3 un informe sobre la econom\u00edA DE BOLIVIA."},{"@type":"BreadcrumbList","@id":"https:\/\/www.eldiario.net\/portal\/2026\/09\/02\/deficit-y-recesion-condicionan-desempeno-economico-del-pais\/#breadcrumb","itemListElement":[{"@type":"ListItem","position":1,"name":"Portada","item":"https:\/\/www.eldiario.net\/portal\/"},{"@type":"ListItem","position":2,"name":"D\u00e9ficit y recesi\u00f3n condicionan desempe\u00f1o econ\u00f3mico del pa\u00eds"}]},{"@type":"WebSite","@id":"https:\/\/www.eldiario.net\/portal\/#website","url":"https:\/\/www.eldiario.net\/portal\/","name":"El Diario - Decano de la prensa nacional","description":"El Diario - Decano de la prensa nacional","publisher":{"@id":"https:\/\/www.eldiario.net\/portal\/#organization"},"potentialAction":[{"@type":"SearchAction","target":{"@type":"EntryPoint","urlTemplate":"https:\/\/www.eldiario.net\/portal\/?s={search_term_string}"},"query-input":{"@type":"PropertyValueSpecification","valueRequired":true,"valueName":"search_term_string"}}],"inLanguage":"es"},{"@type":"Organization","@id":"https:\/\/www.eldiario.net\/portal\/#organization","name":"El Diario - Decano de la prensa nacional","url":"https:\/\/www.eldiario.net\/portal\/","logo":{"@type":"ImageObject","inLanguage":"es","@id":"https:\/\/www.eldiario.net\/portal\/#\/schema\/logo\/image\/","url":"https:\/\/www.eldiario.net\/portal\/wp-content\/uploads\/2023\/07\/logo_ED.jpg","contentUrl":"https:\/\/www.eldiario.net\/portal\/wp-content\/uploads\/2023\/07\/logo_ED.jpg","width":272,"height":52,"caption":"El Diario - Decano de la prensa nacional"},"image":{"@id":"https:\/\/www.eldiario.net\/portal\/#\/schema\/logo\/image\/"},"sameAs":["https:\/\/www.facebook.com\/eldiario.bolivia\/","https:\/\/x.com\/eldiario_net"]},{"@type":"Person","@id":"https:\/\/www.eldiario.net\/portal\/#\/schema\/person\/f46445640444750d7d753ccd04ae01b7","name":"Jeanette","image":{"@type":"ImageObject","inLanguage":"es","@id":"https:\/\/secure.gravatar.com\/avatar\/3ea2118a5f7dad2b7138b1187a6b7ee55f160b9968b66013c3a3ef39dd7e5798?s=96&d=mm&r=g","url":"https:\/\/secure.gravatar.com\/avatar\/3ea2118a5f7dad2b7138b1187a6b7ee55f160b9968b66013c3a3ef39dd7e5798?s=96&d=mm&r=g","contentUrl":"https:\/\/secure.gravatar.com\/avatar\/3ea2118a5f7dad2b7138b1187a6b7ee55f160b9968b66013c3a3ef39dd7e5798?s=96&d=mm&r=g","caption":"Jeanette"},"sameAs":["https:\/\/www.eldiario.net\/portal"],"url":"https:\/\/www.eldiario.net\/portal\/author\/jeanette\/"}]}},"_links":{"self":[{"href":"https:\/\/www.eldiario.net\/portal\/wp-json\/wp\/v2\/posts\/426935","targetHints":{"allow":["GET"]}}],"collection":[{"href":"https:\/\/www.eldiario.net\/portal\/wp-json\/wp\/v2\/posts"}],"about":[{"href":"https:\/\/www.eldiario.net\/portal\/wp-json\/wp\/v2\/types\/post"}],"author":[{"embeddable":true,"href":"https:\/\/www.eldiario.net\/portal\/wp-json\/wp\/v2\/users\/1"}],"replies":[{"embeddable":true,"href":"https:\/\/www.eldiario.net\/portal\/wp-json\/wp\/v2\/comments?post=426935"}],"version-history":[{"count":1,"href":"https:\/\/www.eldiario.net\/portal\/wp-json\/wp\/v2\/posts\/426935\/revisions"}],"predecessor-version":[{"id":426937,"href":"https:\/\/www.eldiario.net\/portal\/wp-json\/wp\/v2\/posts\/426935\/revisions\/426937"}],"wp:featuredmedia":[{"embeddable":true,"href":"https:\/\/www.eldiario.net\/portal\/wp-json\/wp\/v2\/media\/426936"}],"wp:attachment":[{"href":"https:\/\/www.eldiario.net\/portal\/wp-json\/wp\/v2\/media?parent=426935"}],"wp:term":[{"taxonomy":"category","embeddable":true,"href":"https:\/\/www.eldiario.net\/portal\/wp-json\/wp\/v2\/categories?post=426935"},{"taxonomy":"post_tag","embeddable":true,"href":"https:\/\/www.eldiario.net\/portal\/wp-json\/wp\/v2\/tags?post=426935"}],"curies":[{"name":"wp","href":"https:\/\/api.w.org\/{rel}","templated":true}]}}