{"id":426923,"date":"2026-09-02T06:20:02","date_gmt":"2026-09-02T10:20:02","guid":{"rendered":"https:\/\/www.eldiario.net\/portal\/?p=426923"},"modified":"2026-09-02T06:20:02","modified_gmt":"2026-09-02T10:20:02","slug":"civicos-anuncian-asamblea-de-la-crucenidad-por-emergencia","status":"publish","type":"post","link":"https:\/\/www.eldiario.net\/portal\/2026\/09\/02\/civicos-anuncian-asamblea-de-la-crucenidad-por-emergencia\/","title":{"rendered":"C\u00edvicos anuncian Asamblea de  la Cruce\u00f1idad por emergencia"},"content":{"rendered":"<p>Tras una reuni\u00f3n de directorio ampliado, el Comit\u00e9 pro Santa Cruz confirm\u00f3 para el mi\u00e9rcoles 9 de septiembre la instalaci\u00f3n de la Asamblea de la Cruce\u00f1idad, en medio de la emergencia por el di\u00e9sel y el rechazo al decreto 5676 que elimina la subvenci\u00f3n a los grandes consumidores.<br \/>\nAs\u00ed lo confirm\u00f3 el presidente c\u00edvico Stello Cochamanidis en conferencia de prensa, al resaltar que se entregar\u00e1 una propuesta al presidente del Estado, Rodrigo Paz, para garantizar el abastecimiento de di\u00e9sel y gasolina.<br \/>\n\u201cSe\u00f1or presidente (Rodrigo Paz), este Directorio del Comit\u00e9 pro Santa Cruz, con sus expresidentes, ha determinado que la Asamblea de la Cruce\u00f1idad ser\u00e1 el pr\u00f3ximo mi\u00e9rcoles 9 de septiembre. Y vamos a entregarle una propuesta para que el pa\u00eds avance, una propuesta para que podamos estar abastecidos permanentemente del combustible\u201d, dijo Cochamanidis.<br \/>\nLa convocatoria a la Asamblea fue un planteamiento que surgi\u00f3 en un congreso agropecuario celebrado en d\u00edas pasados, ante la emergencia declarada por el decreto 5676 y en un escenario donde el Gobierno se cierra a abrogar la norma, pero no a modificarla.<br \/>\n\u201cPresidente (Paz), recapacite en las medidas que ha tomado y como se lo hemos dicho siempre desde esta casa: la \u00fanica forma de salir de esta crisis es trabajando en unidad, es dej\u00e1ndose ayudar, es que trabajemos todos juntos. Por eso, el d\u00eda mi\u00e9rcoles 9 de septiembre le haremos llegar una propuesta de Santa Cruz para el pa\u00eds\u201d, se\u00f1al\u00f3 Cochamanidis.<br \/>\nAsimismo, seg\u00fan reporte de Unitel, el dirigente confirm\u00f3 para este hoy una reuni\u00f3n del Movimiento C\u00edvico Nacional para abordar el tema del combustible, \u201cporque es un problema a nivel nacional\u201d.<\/p>\n<p>&nbsp;<\/p>\n","protected":false},"excerpt":{"rendered":"<p>Tras una reuni\u00f3n de directorio ampliado, el Comit\u00e9 pro Santa Cruz confirm\u00f3 para el mi\u00e9rcoles 9 de septiembre la instalaci\u00f3n de la Asamblea de la Cruce\u00f1idad, en medio de la emergencia por el di\u00e9sel y el rechazo al decreto 5676 que elimina la subvenci\u00f3n a los grandes consumidores. As\u00ed lo confirm\u00f3 el presidente c\u00edvico Stello [&hellip;]<\/p>\n","protected":false},"author":1,"featured_media":426924,"comment_status":"closed","ping_status":"open","sticky":false,"template":"","format":"standard","meta":{"_acf_changed":false,"footnotes":""},"categories":[15],"tags":[],"class_list":["post-426923","post","type-post","status-publish","format-standard","has-post-thumbnail","category-portada"],"acf":{"antetitulo":"Ser\u00e1 el 9 de septiembre"},"yoast_head":"<!-- This site is optimized with the Yoast SEO plugin v28.4 - https:\/\/yoast.com\/product\/yoast-seo-wordpress\/ -->\n<title>C\u00edvicos anuncian Asamblea de la Cruce\u00f1idad por emergencia - El Diario - Bolivia<\/title>\n<meta name=\"robots\" content=\"index, follow, max-snippet:-1, max-image-preview:large, max-video-preview:-1\" \/>\n<link rel=\"canonical\" href=\"https:\/\/www.eldiario.net\/portal\/2026\/09\/02\/civicos-anuncian-asamblea-de-la-crucenidad-por-emergencia\/\" \/>\n<meta property=\"og:locale\" content=\"es_ES\" \/>\n<meta property=\"og:type\" content=\"article\" \/>\n<meta property=\"og:title\" content=\"C\u00edvicos anuncian Asamblea de la Cruce\u00f1idad por emergencia - El Diario - Bolivia\" \/>\n<meta property=\"og:description\" content=\"Tras una reuni\u00f3n de directorio ampliado, el Comit\u00e9 pro Santa Cruz confirm\u00f3 para el mi\u00e9rcoles 9 de septiembre la instalaci\u00f3n de la Asamblea de la Cruce\u00f1idad, en medio de la emergencia por el di\u00e9sel y el rechazo al decreto 5676 que elimina la subvenci\u00f3n a los grandes consumidores. As\u00ed lo confirm\u00f3 el presidente c\u00edvico Stello [&hellip;]\" \/>\n<meta property=\"og:url\" content=\"https:\/\/www.eldiario.net\/portal\/2026\/09\/02\/civicos-anuncian-asamblea-de-la-crucenidad-por-emergencia\/\" \/>\n<meta property=\"og:site_name\" content=\"El Diario - Bolivia\" \/>\n<meta property=\"article:publisher\" content=\"https:\/\/www.facebook.com\/eldiario.bolivia\/\" \/>\n<meta property=\"article:published_time\" content=\"2026-09-02T10:20:02+00:00\" \/>\n<meta property=\"og:image\" content=\"https:\/\/www.eldiario.net\/portal\/wp-content\/uploads\/2026\/09\/Civicos-crecenos-cpsc.webp\" \/>\n\t<meta property=\"og:image:width\" content=\"1280\" \/>\n\t<meta property=\"og:image:height\" content=\"545\" \/>\n\t<meta property=\"og:image:type\" content=\"image\/webp\" \/>\n<meta name=\"author\" content=\"Jeanette\" \/>\n<meta name=\"twitter:card\" content=\"summary_large_image\" \/>\n<meta name=\"twitter:creator\" content=\"@eldiario_net\" \/>\n<meta name=\"twitter:site\" content=\"@eldiario_net\" \/>\n<meta name=\"twitter:label1\" content=\"Escrito por\" \/>\n\t<meta name=\"twitter:data1\" content=\"Jeanette\" \/>\n\t<meta name=\"twitter:label2\" content=\"Tiempo de lectura\" \/>\n\t<meta name=\"twitter:data2\" content=\"2 minutos\" \/>\n<script type=\"application\/ld+json\" class=\"yoast-schema-graph\">{\"@context\":\"https:\\\/\\\/schema.org\",\"@graph\":[{\"@type\":\"Article\",\"@id\":\"https:\\\/\\\/www.eldiario.net\\\/portal\\\/2026\\\/09\\\/02\\\/civicos-anuncian-asamblea-de-la-crucenidad-por-emergencia\\\/#article\",\"isPartOf\":{\"@id\":\"https:\\\/\\\/www.eldiario.net\\\/portal\\\/2026\\\/09\\\/02\\\/civicos-anuncian-asamblea-de-la-crucenidad-por-emergencia\\\/\"},\"author\":{\"name\":\"Jeanette\",\"@id\":\"https:\\\/\\\/www.eldiario.net\\\/portal\\\/#\\\/schema\\\/person\\\/f46445640444750d7d753ccd04ae01b7\"},\"headline\":\"C\u00edvicos anuncian Asamblea de la Cruce\u00f1idad por emergencia\",\"datePublished\":\"2026-09-02T10:20:02+00:00\",\"mainEntityOfPage\":{\"@id\":\"https:\\\/\\\/www.eldiario.net\\\/portal\\\/2026\\\/09\\\/02\\\/civicos-anuncian-asamblea-de-la-crucenidad-por-emergencia\\\/\"},\"wordCount\":294,\"publisher\":{\"@id\":\"https:\\\/\\\/www.eldiario.net\\\/portal\\\/#organization\"},\"image\":{\"@id\":\"https:\\\/\\\/www.eldiario.net\\\/portal\\\/2026\\\/09\\\/02\\\/civicos-anuncian-asamblea-de-la-crucenidad-por-emergencia\\\/#primaryimage\"},\"thumbnailUrl\":\"https:\\\/\\\/www.eldiario.net\\\/portal\\\/wp-content\\\/uploads\\\/2026\\\/09\\\/Civicos-crecenos-cpsc.webp\",\"articleSection\":[\"Portada\"],\"inLanguage\":\"es\"},{\"@type\":\"WebPage\",\"@id\":\"https:\\\/\\\/www.eldiario.net\\\/portal\\\/2026\\\/09\\\/02\\\/civicos-anuncian-asamblea-de-la-crucenidad-por-emergencia\\\/\",\"url\":\"https:\\\/\\\/www.eldiario.net\\\/portal\\\/2026\\\/09\\\/02\\\/civicos-anuncian-asamblea-de-la-crucenidad-por-emergencia\\\/\",\"name\":\"C\u00edvicos anuncian Asamblea de la Cruce\u00f1idad por emergencia - El Diario - Bolivia\",\"isPartOf\":{\"@id\":\"https:\\\/\\\/www.eldiario.net\\\/portal\\\/#website\"},\"primaryImageOfPage\":{\"@id\":\"https:\\\/\\\/www.eldiario.net\\\/portal\\\/2026\\\/09\\\/02\\\/civicos-anuncian-asamblea-de-la-crucenidad-por-emergencia\\\/#primaryimage\"},\"image\":{\"@id\":\"https:\\\/\\\/www.eldiario.net\\\/portal\\\/2026\\\/09\\\/02\\\/civicos-anuncian-asamblea-de-la-crucenidad-por-emergencia\\\/#primaryimage\"},\"thumbnailUrl\":\"https:\\\/\\\/www.eldiario.net\\\/portal\\\/wp-content\\\/uploads\\\/2026\\\/09\\\/Civicos-crecenos-cpsc.webp\",\"datePublished\":\"2026-09-02T10:20:02+00:00\",\"breadcrumb\":{\"@id\":\"https:\\\/\\\/www.eldiario.net\\\/portal\\\/2026\\\/09\\\/02\\\/civicos-anuncian-asamblea-de-la-crucenidad-por-emergencia\\\/#breadcrumb\"},\"inLanguage\":\"es\",\"potentialAction\":[{\"@type\":\"ReadAction\",\"target\":[\"https:\\\/\\\/www.eldiario.net\\\/portal\\\/2026\\\/09\\\/02\\\/civicos-anuncian-asamblea-de-la-crucenidad-por-emergencia\\\/\"]}]},{\"@type\":\"ImageObject\",\"inLanguage\":\"es\",\"@id\":\"https:\\\/\\\/www.eldiario.net\\\/portal\\\/2026\\\/09\\\/02\\\/civicos-anuncian-asamblea-de-la-crucenidad-por-emergencia\\\/#primaryimage\",\"url\":\"https:\\\/\\\/www.eldiario.net\\\/portal\\\/wp-content\\\/uploads\\\/2026\\\/09\\\/Civicos-crecenos-cpsc.webp\",\"contentUrl\":\"https:\\\/\\\/www.eldiario.net\\\/portal\\\/wp-content\\\/uploads\\\/2026\\\/09\\\/Civicos-crecenos-cpsc.webp\",\"width\":1280,\"height\":545,\"caption\":\"El Directorio ampliado del Comit\u00e9 se reuni\u00f3 ayer en la capital cruce\u00f1a.\"},{\"@type\":\"BreadcrumbList\",\"@id\":\"https:\\\/\\\/www.eldiario.net\\\/portal\\\/2026\\\/09\\\/02\\\/civicos-anuncian-asamblea-de-la-crucenidad-por-emergencia\\\/#breadcrumb\",\"itemListElement\":[{\"@type\":\"ListItem\",\"position\":1,\"name\":\"Portada\",\"item\":\"https:\\\/\\\/www.eldiario.net\\\/portal\\\/\"},{\"@type\":\"ListItem\",\"position\":2,\"name\":\"C\u00edvicos anuncian Asamblea de la Cruce\u00f1idad por emergencia\"}]},{\"@type\":\"WebSite\",\"@id\":\"https:\\\/\\\/www.eldiario.net\\\/portal\\\/#website\",\"url\":\"https:\\\/\\\/www.eldiario.net\\\/portal\\\/\",\"name\":\"El Diario - Decano de la prensa nacional\",\"description\":\"El Diario - Decano de la prensa nacional\",\"publisher\":{\"@id\":\"https:\\\/\\\/www.eldiario.net\\\/portal\\\/#organization\"},\"potentialAction\":[{\"@type\":\"SearchAction\",\"target\":{\"@type\":\"EntryPoint\",\"urlTemplate\":\"https:\\\/\\\/www.eldiario.net\\\/portal\\\/?s={search_term_string}\"},\"query-input\":{\"@type\":\"PropertyValueSpecification\",\"valueRequired\":true,\"valueName\":\"search_term_string\"}}],\"inLanguage\":\"es\"},{\"@type\":\"Organization\",\"@id\":\"https:\\\/\\\/www.eldiario.net\\\/portal\\\/#organization\",\"name\":\"El Diario - Decano de la prensa nacional\",\"url\":\"https:\\\/\\\/www.eldiario.net\\\/portal\\\/\",\"logo\":{\"@type\":\"ImageObject\",\"inLanguage\":\"es\",\"@id\":\"https:\\\/\\\/www.eldiario.net\\\/portal\\\/#\\\/schema\\\/logo\\\/image\\\/\",\"url\":\"https:\\\/\\\/www.eldiario.net\\\/portal\\\/wp-content\\\/uploads\\\/2023\\\/07\\\/logo_ED.jpg\",\"contentUrl\":\"https:\\\/\\\/www.eldiario.net\\\/portal\\\/wp-content\\\/uploads\\\/2023\\\/07\\\/logo_ED.jpg\",\"width\":272,\"height\":52,\"caption\":\"El Diario - Decano de la prensa nacional\"},\"image\":{\"@id\":\"https:\\\/\\\/www.eldiario.net\\\/portal\\\/#\\\/schema\\\/logo\\\/image\\\/\"},\"sameAs\":[\"https:\\\/\\\/www.facebook.com\\\/eldiario.bolivia\\\/\",\"https:\\\/\\\/x.com\\\/eldiario_net\"]},{\"@type\":\"Person\",\"@id\":\"https:\\\/\\\/www.eldiario.net\\\/portal\\\/#\\\/schema\\\/person\\\/f46445640444750d7d753ccd04ae01b7\",\"name\":\"Jeanette\",\"image\":{\"@type\":\"ImageObject\",\"inLanguage\":\"es\",\"@id\":\"https:\\\/\\\/secure.gravatar.com\\\/avatar\\\/3ea2118a5f7dad2b7138b1187a6b7ee55f160b9968b66013c3a3ef39dd7e5798?s=96&d=mm&r=g\",\"url\":\"https:\\\/\\\/secure.gravatar.com\\\/avatar\\\/3ea2118a5f7dad2b7138b1187a6b7ee55f160b9968b66013c3a3ef39dd7e5798?s=96&d=mm&r=g\",\"contentUrl\":\"https:\\\/\\\/secure.gravatar.com\\\/avatar\\\/3ea2118a5f7dad2b7138b1187a6b7ee55f160b9968b66013c3a3ef39dd7e5798?s=96&d=mm&r=g\",\"caption\":\"Jeanette\"},\"sameAs\":[\"https:\\\/\\\/www.eldiario.net\\\/portal\"],\"url\":\"https:\\\/\\\/www.eldiario.net\\\/portal\\\/author\\\/jeanette\\\/\"}]}<\/script>\n<!-- \/ Yoast SEO plugin. -->","yoast_head_json":{"title":"C\u00edvicos anuncian Asamblea de la Cruce\u00f1idad por emergencia - El Diario - Bolivia","robots":{"index":"index","follow":"follow","max-snippet":"max-snippet:-1","max-image-preview":"max-image-preview:large","max-video-preview":"max-video-preview:-1"},"canonical":"https:\/\/www.eldiario.net\/portal\/2026\/09\/02\/civicos-anuncian-asamblea-de-la-crucenidad-por-emergencia\/","og_locale":"es_ES","og_type":"article","og_title":"C\u00edvicos anuncian Asamblea de la Cruce\u00f1idad por emergencia - El Diario - Bolivia","og_description":"Tras una reuni\u00f3n de directorio ampliado, el Comit\u00e9 pro Santa Cruz confirm\u00f3 para el mi\u00e9rcoles 9 de septiembre la instalaci\u00f3n de la Asamblea de la Cruce\u00f1idad, en medio de la emergencia por el di\u00e9sel y el rechazo al decreto 5676 que elimina la subvenci\u00f3n a los grandes consumidores. As\u00ed lo confirm\u00f3 el presidente c\u00edvico Stello [&hellip;]","og_url":"https:\/\/www.eldiario.net\/portal\/2026\/09\/02\/civicos-anuncian-asamblea-de-la-crucenidad-por-emergencia\/","og_site_name":"El Diario - Bolivia","article_publisher":"https:\/\/www.facebook.com\/eldiario.bolivia\/","article_published_time":"2026-09-02T10:20:02+00:00","og_image":[{"width":1280,"height":545,"url":"https:\/\/www.eldiario.net\/portal\/wp-content\/uploads\/2026\/09\/Civicos-crecenos-cpsc.webp","type":"image\/webp"}],"author":"Jeanette","twitter_card":"summary_large_image","twitter_creator":"@eldiario_net","twitter_site":"@eldiario_net","twitter_misc":{"Escrito por":"Jeanette","Tiempo de lectura":"2 minutos"},"schema":{"@context":"https:\/\/schema.org","@graph":[{"@type":"Article","@id":"https:\/\/www.eldiario.net\/portal\/2026\/09\/02\/civicos-anuncian-asamblea-de-la-crucenidad-por-emergencia\/#article","isPartOf":{"@id":"https:\/\/www.eldiario.net\/portal\/2026\/09\/02\/civicos-anuncian-asamblea-de-la-crucenidad-por-emergencia\/"},"author":{"name":"Jeanette","@id":"https:\/\/www.eldiario.net\/portal\/#\/schema\/person\/f46445640444750d7d753ccd04ae01b7"},"headline":"C\u00edvicos anuncian Asamblea de la Cruce\u00f1idad por emergencia","datePublished":"2026-09-02T10:20:02+00:00","mainEntityOfPage":{"@id":"https:\/\/www.eldiario.net\/portal\/2026\/09\/02\/civicos-anuncian-asamblea-de-la-crucenidad-por-emergencia\/"},"wordCount":294,"publisher":{"@id":"https:\/\/www.eldiario.net\/portal\/#organization"},"image":{"@id":"https:\/\/www.eldiario.net\/portal\/2026\/09\/02\/civicos-anuncian-asamblea-de-la-crucenidad-por-emergencia\/#primaryimage"},"thumbnailUrl":"https:\/\/www.eldiario.net\/portal\/wp-content\/uploads\/2026\/09\/Civicos-crecenos-cpsc.webp","articleSection":["Portada"],"inLanguage":"es"},{"@type":"WebPage","@id":"https:\/\/www.eldiario.net\/portal\/2026\/09\/02\/civicos-anuncian-asamblea-de-la-crucenidad-por-emergencia\/","url":"https:\/\/www.eldiario.net\/portal\/2026\/09\/02\/civicos-anuncian-asamblea-de-la-crucenidad-por-emergencia\/","name":"C\u00edvicos anuncian Asamblea de la Cruce\u00f1idad por emergencia - El Diario - Bolivia","isPartOf":{"@id":"https:\/\/www.eldiario.net\/portal\/#website"},"primaryImageOfPage":{"@id":"https:\/\/www.eldiario.net\/portal\/2026\/09\/02\/civicos-anuncian-asamblea-de-la-crucenidad-por-emergencia\/#primaryimage"},"image":{"@id":"https:\/\/www.eldiario.net\/portal\/2026\/09\/02\/civicos-anuncian-asamblea-de-la-crucenidad-por-emergencia\/#primaryimage"},"thumbnailUrl":"https:\/\/www.eldiario.net\/portal\/wp-content\/uploads\/2026\/09\/Civicos-crecenos-cpsc.webp","datePublished":"2026-09-02T10:20:02+00:00","breadcrumb":{"@id":"https:\/\/www.eldiario.net\/portal\/2026\/09\/02\/civicos-anuncian-asamblea-de-la-crucenidad-por-emergencia\/#breadcrumb"},"inLanguage":"es","potentialAction":[{"@type":"ReadAction","target":["https:\/\/www.eldiario.net\/portal\/2026\/09\/02\/civicos-anuncian-asamblea-de-la-crucenidad-por-emergencia\/"]}]},{"@type":"ImageObject","inLanguage":"es","@id":"https:\/\/www.eldiario.net\/portal\/2026\/09\/02\/civicos-anuncian-asamblea-de-la-crucenidad-por-emergencia\/#primaryimage","url":"https:\/\/www.eldiario.net\/portal\/wp-content\/uploads\/2026\/09\/Civicos-crecenos-cpsc.webp","contentUrl":"https:\/\/www.eldiario.net\/portal\/wp-content\/uploads\/2026\/09\/Civicos-crecenos-cpsc.webp","width":1280,"height":545,"caption":"El Directorio ampliado del Comit\u00e9 se reuni\u00f3 ayer en la capital cruce\u00f1a."},{"@type":"BreadcrumbList","@id":"https:\/\/www.eldiario.net\/portal\/2026\/09\/02\/civicos-anuncian-asamblea-de-la-crucenidad-por-emergencia\/#breadcrumb","itemListElement":[{"@type":"ListItem","position":1,"name":"Portada","item":"https:\/\/www.eldiario.net\/portal\/"},{"@type":"ListItem","position":2,"name":"C\u00edvicos anuncian Asamblea de la Cruce\u00f1idad por emergencia"}]},{"@type":"WebSite","@id":"https:\/\/www.eldiario.net\/portal\/#website","url":"https:\/\/www.eldiario.net\/portal\/","name":"El Diario - Decano de la prensa nacional","description":"El Diario - Decano de la prensa nacional","publisher":{"@id":"https:\/\/www.eldiario.net\/portal\/#organization"},"potentialAction":[{"@type":"SearchAction","target":{"@type":"EntryPoint","urlTemplate":"https:\/\/www.eldiario.net\/portal\/?s={search_term_string}"},"query-input":{"@type":"PropertyValueSpecification","valueRequired":true,"valueName":"search_term_string"}}],"inLanguage":"es"},{"@type":"Organization","@id":"https:\/\/www.eldiario.net\/portal\/#organization","name":"El Diario - Decano de la prensa nacional","url":"https:\/\/www.eldiario.net\/portal\/","logo":{"@type":"ImageObject","inLanguage":"es","@id":"https:\/\/www.eldiario.net\/portal\/#\/schema\/logo\/image\/","url":"https:\/\/www.eldiario.net\/portal\/wp-content\/uploads\/2023\/07\/logo_ED.jpg","contentUrl":"https:\/\/www.eldiario.net\/portal\/wp-content\/uploads\/2023\/07\/logo_ED.jpg","width":272,"height":52,"caption":"El Diario - Decano de la prensa nacional"},"image":{"@id":"https:\/\/www.eldiario.net\/portal\/#\/schema\/logo\/image\/"},"sameAs":["https:\/\/www.facebook.com\/eldiario.bolivia\/","https:\/\/x.com\/eldiario_net"]},{"@type":"Person","@id":"https:\/\/www.eldiario.net\/portal\/#\/schema\/person\/f46445640444750d7d753ccd04ae01b7","name":"Jeanette","image":{"@type":"ImageObject","inLanguage":"es","@id":"https:\/\/secure.gravatar.com\/avatar\/3ea2118a5f7dad2b7138b1187a6b7ee55f160b9968b66013c3a3ef39dd7e5798?s=96&d=mm&r=g","url":"https:\/\/secure.gravatar.com\/avatar\/3ea2118a5f7dad2b7138b1187a6b7ee55f160b9968b66013c3a3ef39dd7e5798?s=96&d=mm&r=g","contentUrl":"https:\/\/secure.gravatar.com\/avatar\/3ea2118a5f7dad2b7138b1187a6b7ee55f160b9968b66013c3a3ef39dd7e5798?s=96&d=mm&r=g","caption":"Jeanette"},"sameAs":["https:\/\/www.eldiario.net\/portal"],"url":"https:\/\/www.eldiario.net\/portal\/author\/jeanette\/"}]}},"_links":{"self":[{"href":"https:\/\/www.eldiario.net\/portal\/wp-json\/wp\/v2\/posts\/426923","targetHints":{"allow":["GET"]}}],"collection":[{"href":"https:\/\/www.eldiario.net\/portal\/wp-json\/wp\/v2\/posts"}],"about":[{"href":"https:\/\/www.eldiario.net\/portal\/wp-json\/wp\/v2\/types\/post"}],"author":[{"embeddable":true,"href":"https:\/\/www.eldiario.net\/portal\/wp-json\/wp\/v2\/users\/1"}],"replies":[{"embeddable":true,"href":"https:\/\/www.eldiario.net\/portal\/wp-json\/wp\/v2\/comments?post=426923"}],"version-history":[{"count":1,"href":"https:\/\/www.eldiario.net\/portal\/wp-json\/wp\/v2\/posts\/426923\/revisions"}],"predecessor-version":[{"id":426925,"href":"https:\/\/www.eldiario.net\/portal\/wp-json\/wp\/v2\/posts\/426923\/revisions\/426925"}],"wp:featuredmedia":[{"embeddable":true,"href":"https:\/\/www.eldiario.net\/portal\/wp-json\/wp\/v2\/media\/426924"}],"wp:attachment":[{"href":"https:\/\/www.eldiario.net\/portal\/wp-json\/wp\/v2\/media?parent=426923"}],"wp:term":[{"taxonomy":"category","embeddable":true,"href":"https:\/\/www.eldiario.net\/portal\/wp-json\/wp\/v2\/categories?post=426923"},{"taxonomy":"post_tag","embeddable":true,"href":"https:\/\/www.eldiario.net\/portal\/wp-json\/wp\/v2\/tags?post=426923"}],"curies":[{"name":"wp","href":"https:\/\/api.w.org\/{rel}","templated":true}]}}