{"id":426916,"date":"2026-09-02T01:16:53","date_gmt":"2026-09-02T05:16:53","guid":{"rendered":"https:\/\/www.eldiario.net\/portal\/?p=426916"},"modified":"2026-09-01T22:18:36","modified_gmt":"2026-09-02T02:18:36","slug":"bolivar-visita-oruro-en-su-partido-2-000","status":"publish","type":"post","link":"https:\/\/www.eldiario.net\/portal\/2026\/09\/02\/bolivar-visita-oruro-en-su-partido-2-000\/","title":{"rendered":"BOL\u00cdVAR VISITA ORURO EN SU PARTIDO 2.000"},"content":{"rendered":"<p>Bol\u00edvar tendr\u00e1 una jornada especial para su historia al jugar su partido 2.000 en el profesionalismo desde 1977 cuando se fund\u00f3 la Liga del F\u00fatbol Profesional Boliviano. La Academia jugar\u00e1 esta tarde (15:00) frente a Gualberto Villarroel San Jos\u00e9, en el estadio Jes\u00fas Berm\u00fadez, en cumplimiento de la primera fecha de la Copa Bolivia.<br \/>\nLos celestes no jugaron la primera fecha de este torneo, debido a que deb\u00eda disputar la llave de octavos de final de la Copa Sudamericana frente a Sao Paulo. Esta ocasi\u00f3n ser\u00e1 para \u201cponerse al d\u00eda del certamen\u201d luego de ser el ganador del Cl\u00e1sico Pace\u00f1o al derrotar a The Strongest por 4-2.<br \/>\nBol\u00edvar se encuentra con buena racha, pero al mismo tiempo busca dosificar su energ\u00eda. En el torneo de la Divisi\u00f3n Profesional (certamen anual), la Academia se encuentra en el primer lugar con 36 puntos, los mismos que suma Always Ready. De tal forma que los celestes cuentan con la presi\u00f3n de mantener el buen momento para seguir con amplias chances de ser el campe\u00f3n del a\u00f1o.<br \/>\nEmpero, la Copa Bolivia no es un t\u00edtulo que piensan desperdiciar, as\u00ed que Alejandro Restrepo har\u00eda algunas variantes para el lance de esta tarde en Oruro, casi los mismos que puso en el Cl\u00e1sico Pace\u00f1o del domingo. Nuevamente Dairon Asprilla ser\u00eda tomado en cuenta en el segundo tiempo. Leonardo Zabala ser\u00e1 tomando en cuenta en la defensa y la confianza en Erwin Saavedra estar\u00eda dada una vez m\u00e1s consecutivamente.<br \/>\nDel lado orure\u00f1o, GV San Jos\u00e9 viene de golear por 4-1 a Real Oruro en la jornada de \u201ccl\u00e1sicos interseriados\u201d. Los de la \u201cV azulada\u201d tendr\u00e1n en la delantera a \u00c1lex C\u00e1ceres, autor de un doblete el pasado fin de semana, y Ronaldo Monteiro, ambos goleadores del elenco orure\u00f1o.<\/p>\n<p>LA ACADEMIA ANOTA OTRO HITO ESTAD\u00cdSTICO<\/p>\n<p>El Club Bol\u00edvar escribir\u00e1 este mi\u00e9rcoles una p\u00e1gina dorada en el f\u00fatbol boliviano al disputar su partido n\u00famero 2.000 en la historia de la Liga de la Divisi\u00f3n Profesional (1977-2026), convirti\u00e9ndose en el primer club del pa\u00eds en lograrlo. El hito llega tras vencer 4-2 a The Strongest en el cl\u00e1sico pace\u00f1o y se consumar\u00e1 en Oruro frente a Gualberto Villarroel San Jos\u00e9, rememorando aquel 29 de mayo de 2003 cuando celebr\u00f3 su juego 1.000 goleando 4-0 a Guabir\u00e1.<br \/>\nSeg\u00fan los datos del periodista y estad\u00edstico V\u00edctor Quispe Perca, la Academia llega a esta cita con un registro hist\u00f3rico impresionante en sus 1.999 presentaciones: 1.107 victorias, 429 empates y 463 derrotas. Estas cifras reflejan una trayectoria de constante dominio en el balompi\u00e9 nacional a lo largo de casi cinco d\u00e9cadas.<br \/>\nEl balance ofensivo y de puntuaci\u00f3n documentado por Quispe Perca termina de consolidar la hegemon\u00eda celeste, con un total de 4.275 goles a favor, 2.269 en contra y 3.750 puntos acumulados. N\u00fameros de oro para un Bol\u00edvar que entra nuevamente a la historia grande del deporte boliviano.<\/p>\n<p><em>ERWIN QUISPE PERCA<\/em><\/p>\n<p><img loading=\"lazy\" decoding=\"async\" class=\"aligncenter size-full wp-image-426918\" src=\"https:\/\/www.eldiario.net\/portal\/wp-content\/uploads\/2026\/09\/Foto-2-principal.webp\" alt=\"\" width=\"454\" height=\"282\" srcset=\"https:\/\/www.eldiario.net\/portal\/wp-content\/uploads\/2026\/09\/Foto-2-principal.webp 454w, https:\/\/www.eldiario.net\/portal\/wp-content\/uploads\/2026\/09\/Foto-2-principal-300x186.webp 300w, https:\/\/www.eldiario.net\/portal\/wp-content\/uploads\/2026\/09\/Foto-2-principal-150x93.webp 150w\" sizes=\"auto, (max-width: 454px) 100vw, 454px\" \/><\/p>\n","protected":false},"excerpt":{"rendered":"<p>Bol\u00edvar tendr\u00e1 una jornada especial para su historia al jugar su partido 2.000 en el profesionalismo desde 1977 cuando se fund\u00f3 la Liga del F\u00fatbol Profesional Boliviano. La Academia jugar\u00e1 esta tarde (15:00) frente a Gualberto Villarroel San Jos\u00e9, en el estadio Jes\u00fas Berm\u00fadez, en cumplimiento de la primera fecha de la Copa Bolivia. Los [&hellip;]<\/p>\n","protected":false},"author":1,"featured_media":426917,"comment_status":"closed","ping_status":"open","sticky":false,"template":"","format":"standard","meta":{"_acf_changed":false,"footnotes":""},"categories":[6],"tags":[],"class_list":["post-426916","post","type-post","status-publish","format-standard","has-post-thumbnail","category-deportes"],"acf":{"antetitulo":""},"yoast_head":"<!-- This site is optimized with the Yoast SEO plugin v28.3 - https:\/\/yoast.com\/product\/yoast-seo-wordpress\/ -->\n<title>BOL\u00cdVAR VISITA ORURO EN SU PARTIDO 2.000 - El Diario - Bolivia<\/title>\n<meta name=\"robots\" content=\"index, follow, max-snippet:-1, max-image-preview:large, max-video-preview:-1\" \/>\n<link rel=\"canonical\" href=\"https:\/\/www.eldiario.net\/portal\/2026\/09\/02\/bolivar-visita-oruro-en-su-partido-2-000\/\" \/>\n<meta property=\"og:locale\" content=\"es_ES\" \/>\n<meta property=\"og:type\" content=\"article\" \/>\n<meta property=\"og:title\" content=\"BOL\u00cdVAR VISITA ORURO EN SU PARTIDO 2.000 - El Diario - Bolivia\" \/>\n<meta property=\"og:description\" content=\"Bol\u00edvar tendr\u00e1 una jornada especial para su historia al jugar su partido 2.000 en el profesionalismo desde 1977 cuando se fund\u00f3 la Liga del F\u00fatbol Profesional Boliviano. La Academia jugar\u00e1 esta tarde (15:00) frente a Gualberto Villarroel San Jos\u00e9, en el estadio Jes\u00fas Berm\u00fadez, en cumplimiento de la primera fecha de la Copa Bolivia. Los [&hellip;]\" \/>\n<meta property=\"og:url\" content=\"https:\/\/www.eldiario.net\/portal\/2026\/09\/02\/bolivar-visita-oruro-en-su-partido-2-000\/\" \/>\n<meta property=\"og:site_name\" content=\"El Diario - Bolivia\" \/>\n<meta property=\"article:publisher\" content=\"https:\/\/www.facebook.com\/eldiario.bolivia\/\" \/>\n<meta property=\"article:published_time\" content=\"2026-09-02T05:16:53+00:00\" \/>\n<meta property=\"og:image\" content=\"https:\/\/www.eldiario.net\/portal\/wp-content\/uploads\/2026\/09\/Foto-principal.webp\" \/>\n\t<meta property=\"og:image:width\" content=\"819\" \/>\n\t<meta property=\"og:image:height\" content=\"1024\" \/>\n\t<meta property=\"og:image:type\" content=\"image\/webp\" \/>\n<meta name=\"author\" content=\"Jeanette\" \/>\n<meta name=\"twitter:card\" content=\"summary_large_image\" \/>\n<meta name=\"twitter:creator\" content=\"@eldiario_net\" \/>\n<meta name=\"twitter:site\" content=\"@eldiario_net\" \/>\n<meta name=\"twitter:label1\" content=\"Escrito por\" \/>\n\t<meta name=\"twitter:data1\" content=\"Jeanette\" \/>\n\t<meta name=\"twitter:label2\" content=\"Tiempo de lectura\" \/>\n\t<meta name=\"twitter:data2\" content=\"3 minutos\" \/>\n<script type=\"application\/ld+json\" class=\"yoast-schema-graph\">{\"@context\":\"https:\\\/\\\/schema.org\",\"@graph\":[{\"@type\":\"Article\",\"@id\":\"https:\\\/\\\/www.eldiario.net\\\/portal\\\/2026\\\/09\\\/02\\\/bolivar-visita-oruro-en-su-partido-2-000\\\/#article\",\"isPartOf\":{\"@id\":\"https:\\\/\\\/www.eldiario.net\\\/portal\\\/2026\\\/09\\\/02\\\/bolivar-visita-oruro-en-su-partido-2-000\\\/\"},\"author\":{\"name\":\"Jeanette\",\"@id\":\"https:\\\/\\\/www.eldiario.net\\\/portal\\\/#\\\/schema\\\/person\\\/f46445640444750d7d753ccd04ae01b7\"},\"headline\":\"BOL\u00cdVAR VISITA ORURO EN SU PARTIDO 2.000\",\"datePublished\":\"2026-09-02T05:16:53+00:00\",\"mainEntityOfPage\":{\"@id\":\"https:\\\/\\\/www.eldiario.net\\\/portal\\\/2026\\\/09\\\/02\\\/bolivar-visita-oruro-en-su-partido-2-000\\\/\"},\"wordCount\":516,\"publisher\":{\"@id\":\"https:\\\/\\\/www.eldiario.net\\\/portal\\\/#organization\"},\"image\":{\"@id\":\"https:\\\/\\\/www.eldiario.net\\\/portal\\\/2026\\\/09\\\/02\\\/bolivar-visita-oruro-en-su-partido-2-000\\\/#primaryimage\"},\"thumbnailUrl\":\"https:\\\/\\\/www.eldiario.net\\\/portal\\\/wp-content\\\/uploads\\\/2026\\\/09\\\/Foto-principal.webp\",\"articleSection\":[\"Deportes\"],\"inLanguage\":\"es\"},{\"@type\":\"WebPage\",\"@id\":\"https:\\\/\\\/www.eldiario.net\\\/portal\\\/2026\\\/09\\\/02\\\/bolivar-visita-oruro-en-su-partido-2-000\\\/\",\"url\":\"https:\\\/\\\/www.eldiario.net\\\/portal\\\/2026\\\/09\\\/02\\\/bolivar-visita-oruro-en-su-partido-2-000\\\/\",\"name\":\"BOL\u00cdVAR VISITA ORURO EN SU PARTIDO 2.000 - El Diario - Bolivia\",\"isPartOf\":{\"@id\":\"https:\\\/\\\/www.eldiario.net\\\/portal\\\/#website\"},\"primaryImageOfPage\":{\"@id\":\"https:\\\/\\\/www.eldiario.net\\\/portal\\\/2026\\\/09\\\/02\\\/bolivar-visita-oruro-en-su-partido-2-000\\\/#primaryimage\"},\"image\":{\"@id\":\"https:\\\/\\\/www.eldiario.net\\\/portal\\\/2026\\\/09\\\/02\\\/bolivar-visita-oruro-en-su-partido-2-000\\\/#primaryimage\"},\"thumbnailUrl\":\"https:\\\/\\\/www.eldiario.net\\\/portal\\\/wp-content\\\/uploads\\\/2026\\\/09\\\/Foto-principal.webp\",\"datePublished\":\"2026-09-02T05:16:53+00:00\",\"breadcrumb\":{\"@id\":\"https:\\\/\\\/www.eldiario.net\\\/portal\\\/2026\\\/09\\\/02\\\/bolivar-visita-oruro-en-su-partido-2-000\\\/#breadcrumb\"},\"inLanguage\":\"es\",\"potentialAction\":[{\"@type\":\"ReadAction\",\"target\":[\"https:\\\/\\\/www.eldiario.net\\\/portal\\\/2026\\\/09\\\/02\\\/bolivar-visita-oruro-en-su-partido-2-000\\\/\"]}]},{\"@type\":\"ImageObject\",\"inLanguage\":\"es\",\"@id\":\"https:\\\/\\\/www.eldiario.net\\\/portal\\\/2026\\\/09\\\/02\\\/bolivar-visita-oruro-en-su-partido-2-000\\\/#primaryimage\",\"url\":\"https:\\\/\\\/www.eldiario.net\\\/portal\\\/wp-content\\\/uploads\\\/2026\\\/09\\\/Foto-principal.webp\",\"contentUrl\":\"https:\\\/\\\/www.eldiario.net\\\/portal\\\/wp-content\\\/uploads\\\/2026\\\/09\\\/Foto-principal.webp\",\"width\":819,\"height\":1024,\"caption\":\"Dairon Asprilla, una \\\"m\u00e1quina\\\" de hacer goles en Bol\u00edvar.\"},{\"@type\":\"BreadcrumbList\",\"@id\":\"https:\\\/\\\/www.eldiario.net\\\/portal\\\/2026\\\/09\\\/02\\\/bolivar-visita-oruro-en-su-partido-2-000\\\/#breadcrumb\",\"itemListElement\":[{\"@type\":\"ListItem\",\"position\":1,\"name\":\"Portada\",\"item\":\"https:\\\/\\\/www.eldiario.net\\\/portal\\\/\"},{\"@type\":\"ListItem\",\"position\":2,\"name\":\"BOL\u00cdVAR VISITA ORURO EN SU PARTIDO 2.000\"}]},{\"@type\":\"WebSite\",\"@id\":\"https:\\\/\\\/www.eldiario.net\\\/portal\\\/#website\",\"url\":\"https:\\\/\\\/www.eldiario.net\\\/portal\\\/\",\"name\":\"El Diario - Decano de la prensa nacional\",\"description\":\"El Diario - Decano de la prensa nacional\",\"publisher\":{\"@id\":\"https:\\\/\\\/www.eldiario.net\\\/portal\\\/#organization\"},\"potentialAction\":[{\"@type\":\"SearchAction\",\"target\":{\"@type\":\"EntryPoint\",\"urlTemplate\":\"https:\\\/\\\/www.eldiario.net\\\/portal\\\/?s={search_term_string}\"},\"query-input\":{\"@type\":\"PropertyValueSpecification\",\"valueRequired\":true,\"valueName\":\"search_term_string\"}}],\"inLanguage\":\"es\"},{\"@type\":\"Organization\",\"@id\":\"https:\\\/\\\/www.eldiario.net\\\/portal\\\/#organization\",\"name\":\"El Diario - Decano de la prensa nacional\",\"url\":\"https:\\\/\\\/www.eldiario.net\\\/portal\\\/\",\"logo\":{\"@type\":\"ImageObject\",\"inLanguage\":\"es\",\"@id\":\"https:\\\/\\\/www.eldiario.net\\\/portal\\\/#\\\/schema\\\/logo\\\/image\\\/\",\"url\":\"https:\\\/\\\/www.eldiario.net\\\/portal\\\/wp-content\\\/uploads\\\/2023\\\/07\\\/logo_ED.jpg\",\"contentUrl\":\"https:\\\/\\\/www.eldiario.net\\\/portal\\\/wp-content\\\/uploads\\\/2023\\\/07\\\/logo_ED.jpg\",\"width\":272,\"height\":52,\"caption\":\"El Diario - Decano de la prensa nacional\"},\"image\":{\"@id\":\"https:\\\/\\\/www.eldiario.net\\\/portal\\\/#\\\/schema\\\/logo\\\/image\\\/\"},\"sameAs\":[\"https:\\\/\\\/www.facebook.com\\\/eldiario.bolivia\\\/\",\"https:\\\/\\\/x.com\\\/eldiario_net\"]},{\"@type\":\"Person\",\"@id\":\"https:\\\/\\\/www.eldiario.net\\\/portal\\\/#\\\/schema\\\/person\\\/f46445640444750d7d753ccd04ae01b7\",\"name\":\"Jeanette\",\"image\":{\"@type\":\"ImageObject\",\"inLanguage\":\"es\",\"@id\":\"https:\\\/\\\/secure.gravatar.com\\\/avatar\\\/3ea2118a5f7dad2b7138b1187a6b7ee55f160b9968b66013c3a3ef39dd7e5798?s=96&d=mm&r=g\",\"url\":\"https:\\\/\\\/secure.gravatar.com\\\/avatar\\\/3ea2118a5f7dad2b7138b1187a6b7ee55f160b9968b66013c3a3ef39dd7e5798?s=96&d=mm&r=g\",\"contentUrl\":\"https:\\\/\\\/secure.gravatar.com\\\/avatar\\\/3ea2118a5f7dad2b7138b1187a6b7ee55f160b9968b66013c3a3ef39dd7e5798?s=96&d=mm&r=g\",\"caption\":\"Jeanette\"},\"sameAs\":[\"https:\\\/\\\/www.eldiario.net\\\/portal\"],\"url\":\"https:\\\/\\\/www.eldiario.net\\\/portal\\\/author\\\/jeanette\\\/\"}]}<\/script>\n<!-- \/ Yoast SEO plugin. -->","yoast_head_json":{"title":"BOL\u00cdVAR VISITA ORURO EN SU PARTIDO 2.000 - El Diario - Bolivia","robots":{"index":"index","follow":"follow","max-snippet":"max-snippet:-1","max-image-preview":"max-image-preview:large","max-video-preview":"max-video-preview:-1"},"canonical":"https:\/\/www.eldiario.net\/portal\/2026\/09\/02\/bolivar-visita-oruro-en-su-partido-2-000\/","og_locale":"es_ES","og_type":"article","og_title":"BOL\u00cdVAR VISITA ORURO EN SU PARTIDO 2.000 - El Diario - Bolivia","og_description":"Bol\u00edvar tendr\u00e1 una jornada especial para su historia al jugar su partido 2.000 en el profesionalismo desde 1977 cuando se fund\u00f3 la Liga del F\u00fatbol Profesional Boliviano. La Academia jugar\u00e1 esta tarde (15:00) frente a Gualberto Villarroel San Jos\u00e9, en el estadio Jes\u00fas Berm\u00fadez, en cumplimiento de la primera fecha de la Copa Bolivia. Los [&hellip;]","og_url":"https:\/\/www.eldiario.net\/portal\/2026\/09\/02\/bolivar-visita-oruro-en-su-partido-2-000\/","og_site_name":"El Diario - Bolivia","article_publisher":"https:\/\/www.facebook.com\/eldiario.bolivia\/","article_published_time":"2026-09-02T05:16:53+00:00","og_image":[{"width":819,"height":1024,"url":"https:\/\/www.eldiario.net\/portal\/wp-content\/uploads\/2026\/09\/Foto-principal.webp","type":"image\/webp"}],"author":"Jeanette","twitter_card":"summary_large_image","twitter_creator":"@eldiario_net","twitter_site":"@eldiario_net","twitter_misc":{"Escrito por":"Jeanette","Tiempo de lectura":"3 minutos"},"schema":{"@context":"https:\/\/schema.org","@graph":[{"@type":"Article","@id":"https:\/\/www.eldiario.net\/portal\/2026\/09\/02\/bolivar-visita-oruro-en-su-partido-2-000\/#article","isPartOf":{"@id":"https:\/\/www.eldiario.net\/portal\/2026\/09\/02\/bolivar-visita-oruro-en-su-partido-2-000\/"},"author":{"name":"Jeanette","@id":"https:\/\/www.eldiario.net\/portal\/#\/schema\/person\/f46445640444750d7d753ccd04ae01b7"},"headline":"BOL\u00cdVAR VISITA ORURO EN SU PARTIDO 2.000","datePublished":"2026-09-02T05:16:53+00:00","mainEntityOfPage":{"@id":"https:\/\/www.eldiario.net\/portal\/2026\/09\/02\/bolivar-visita-oruro-en-su-partido-2-000\/"},"wordCount":516,"publisher":{"@id":"https:\/\/www.eldiario.net\/portal\/#organization"},"image":{"@id":"https:\/\/www.eldiario.net\/portal\/2026\/09\/02\/bolivar-visita-oruro-en-su-partido-2-000\/#primaryimage"},"thumbnailUrl":"https:\/\/www.eldiario.net\/portal\/wp-content\/uploads\/2026\/09\/Foto-principal.webp","articleSection":["Deportes"],"inLanguage":"es"},{"@type":"WebPage","@id":"https:\/\/www.eldiario.net\/portal\/2026\/09\/02\/bolivar-visita-oruro-en-su-partido-2-000\/","url":"https:\/\/www.eldiario.net\/portal\/2026\/09\/02\/bolivar-visita-oruro-en-su-partido-2-000\/","name":"BOL\u00cdVAR VISITA ORURO EN SU PARTIDO 2.000 - El Diario - Bolivia","isPartOf":{"@id":"https:\/\/www.eldiario.net\/portal\/#website"},"primaryImageOfPage":{"@id":"https:\/\/www.eldiario.net\/portal\/2026\/09\/02\/bolivar-visita-oruro-en-su-partido-2-000\/#primaryimage"},"image":{"@id":"https:\/\/www.eldiario.net\/portal\/2026\/09\/02\/bolivar-visita-oruro-en-su-partido-2-000\/#primaryimage"},"thumbnailUrl":"https:\/\/www.eldiario.net\/portal\/wp-content\/uploads\/2026\/09\/Foto-principal.webp","datePublished":"2026-09-02T05:16:53+00:00","breadcrumb":{"@id":"https:\/\/www.eldiario.net\/portal\/2026\/09\/02\/bolivar-visita-oruro-en-su-partido-2-000\/#breadcrumb"},"inLanguage":"es","potentialAction":[{"@type":"ReadAction","target":["https:\/\/www.eldiario.net\/portal\/2026\/09\/02\/bolivar-visita-oruro-en-su-partido-2-000\/"]}]},{"@type":"ImageObject","inLanguage":"es","@id":"https:\/\/www.eldiario.net\/portal\/2026\/09\/02\/bolivar-visita-oruro-en-su-partido-2-000\/#primaryimage","url":"https:\/\/www.eldiario.net\/portal\/wp-content\/uploads\/2026\/09\/Foto-principal.webp","contentUrl":"https:\/\/www.eldiario.net\/portal\/wp-content\/uploads\/2026\/09\/Foto-principal.webp","width":819,"height":1024,"caption":"Dairon Asprilla, una \"m\u00e1quina\" de hacer goles en Bol\u00edvar."},{"@type":"BreadcrumbList","@id":"https:\/\/www.eldiario.net\/portal\/2026\/09\/02\/bolivar-visita-oruro-en-su-partido-2-000\/#breadcrumb","itemListElement":[{"@type":"ListItem","position":1,"name":"Portada","item":"https:\/\/www.eldiario.net\/portal\/"},{"@type":"ListItem","position":2,"name":"BOL\u00cdVAR VISITA ORURO EN SU PARTIDO 2.000"}]},{"@type":"WebSite","@id":"https:\/\/www.eldiario.net\/portal\/#website","url":"https:\/\/www.eldiario.net\/portal\/","name":"El Diario - Decano de la prensa nacional","description":"El Diario - Decano de la prensa nacional","publisher":{"@id":"https:\/\/www.eldiario.net\/portal\/#organization"},"potentialAction":[{"@type":"SearchAction","target":{"@type":"EntryPoint","urlTemplate":"https:\/\/www.eldiario.net\/portal\/?s={search_term_string}"},"query-input":{"@type":"PropertyValueSpecification","valueRequired":true,"valueName":"search_term_string"}}],"inLanguage":"es"},{"@type":"Organization","@id":"https:\/\/www.eldiario.net\/portal\/#organization","name":"El Diario - Decano de la prensa nacional","url":"https:\/\/www.eldiario.net\/portal\/","logo":{"@type":"ImageObject","inLanguage":"es","@id":"https:\/\/www.eldiario.net\/portal\/#\/schema\/logo\/image\/","url":"https:\/\/www.eldiario.net\/portal\/wp-content\/uploads\/2023\/07\/logo_ED.jpg","contentUrl":"https:\/\/www.eldiario.net\/portal\/wp-content\/uploads\/2023\/07\/logo_ED.jpg","width":272,"height":52,"caption":"El Diario - Decano de la prensa nacional"},"image":{"@id":"https:\/\/www.eldiario.net\/portal\/#\/schema\/logo\/image\/"},"sameAs":["https:\/\/www.facebook.com\/eldiario.bolivia\/","https:\/\/x.com\/eldiario_net"]},{"@type":"Person","@id":"https:\/\/www.eldiario.net\/portal\/#\/schema\/person\/f46445640444750d7d753ccd04ae01b7","name":"Jeanette","image":{"@type":"ImageObject","inLanguage":"es","@id":"https:\/\/secure.gravatar.com\/avatar\/3ea2118a5f7dad2b7138b1187a6b7ee55f160b9968b66013c3a3ef39dd7e5798?s=96&d=mm&r=g","url":"https:\/\/secure.gravatar.com\/avatar\/3ea2118a5f7dad2b7138b1187a6b7ee55f160b9968b66013c3a3ef39dd7e5798?s=96&d=mm&r=g","contentUrl":"https:\/\/secure.gravatar.com\/avatar\/3ea2118a5f7dad2b7138b1187a6b7ee55f160b9968b66013c3a3ef39dd7e5798?s=96&d=mm&r=g","caption":"Jeanette"},"sameAs":["https:\/\/www.eldiario.net\/portal"],"url":"https:\/\/www.eldiario.net\/portal\/author\/jeanette\/"}]}},"_links":{"self":[{"href":"https:\/\/www.eldiario.net\/portal\/wp-json\/wp\/v2\/posts\/426916","targetHints":{"allow":["GET"]}}],"collection":[{"href":"https:\/\/www.eldiario.net\/portal\/wp-json\/wp\/v2\/posts"}],"about":[{"href":"https:\/\/www.eldiario.net\/portal\/wp-json\/wp\/v2\/types\/post"}],"author":[{"embeddable":true,"href":"https:\/\/www.eldiario.net\/portal\/wp-json\/wp\/v2\/users\/1"}],"replies":[{"embeddable":true,"href":"https:\/\/www.eldiario.net\/portal\/wp-json\/wp\/v2\/comments?post=426916"}],"version-history":[{"count":1,"href":"https:\/\/www.eldiario.net\/portal\/wp-json\/wp\/v2\/posts\/426916\/revisions"}],"predecessor-version":[{"id":426919,"href":"https:\/\/www.eldiario.net\/portal\/wp-json\/wp\/v2\/posts\/426916\/revisions\/426919"}],"wp:featuredmedia":[{"embeddable":true,"href":"https:\/\/www.eldiario.net\/portal\/wp-json\/wp\/v2\/media\/426917"}],"wp:attachment":[{"href":"https:\/\/www.eldiario.net\/portal\/wp-json\/wp\/v2\/media?parent=426916"}],"wp:term":[{"taxonomy":"category","embeddable":true,"href":"https:\/\/www.eldiario.net\/portal\/wp-json\/wp\/v2\/categories?post=426916"},{"taxonomy":"post_tag","embeddable":true,"href":"https:\/\/www.eldiario.net\/portal\/wp-json\/wp\/v2\/tags?post=426916"}],"curies":[{"name":"wp","href":"https:\/\/api.w.org\/{rel}","templated":true}]}}