{"id":426913,"date":"2026-09-02T01:15:41","date_gmt":"2026-09-02T05:15:41","guid":{"rendered":"https:\/\/www.eldiario.net\/portal\/?p=426913"},"modified":"2026-09-01T22:16:33","modified_gmt":"2026-09-02T02:16:33","slug":"tribunal-de-etica-evalua-la-continuidad-de-oscar-villegas","status":"publish","type":"post","link":"https:\/\/www.eldiario.net\/portal\/2026\/09\/02\/tribunal-de-etica-evalua-la-continuidad-de-oscar-villegas\/","title":{"rendered":"Tribunal de \u00c9tica eval\u00faa la  continuidad de \u00d3scar Villegas"},"content":{"rendered":"<p>La permanencia del seleccionador nacional \u00d3scar Villegas de cara a la ventana internacional programada del 21 de septiembre al 6 de octubre ingres\u00f3 a un periodo de incertidumbre legal. El Tribunal de \u00c9tica de la Federaci\u00f3n Boliviana de F\u00fatbol dio curso a una investigaci\u00f3n formal mediante una resoluci\u00f3n emitida a finales de agosto, en la que examina presuntas irregularidades ligadas al desempe\u00f1o de sus funciones e infracciones a los principios de transparencia.<br \/>\nEl origen del caso radica en una transacci\u00f3n efectuada a mediados de mayo, fecha en la que el estratega transfiri\u00f3 capital operativo a la dirigencia de Oriente Petrolero. El monto otorgado encontr\u00f3 restituci\u00f3n semanas m\u00e1s tarde, justo tras la disputa del cl\u00e1sico cruce\u00f1o. Este antecedente deriv\u00f3 en una acusaci\u00f3n formal promovida por la masa societaria del club albifronte, bajo el argumento de que la condici\u00f3n de prestamista vulnera la neutralidad que exige el cargo en la conducci\u00f3n del equipo patrio.<br \/>\nLa investigaci\u00f3n abarca tambi\u00e9n al presidente de la entidad refinera, Ronald Raldes, y a varios de sus colaboradores inmediatos, fijando como fecha l\u00edmite para la recepci\u00f3n de descargos y documentaci\u00f3n respaldatoria mediados de septiembre. La normativa vigente habilita la adopci\u00f3n de prevenciones cautelares que suspender\u00edan las labores del entrenador mientras dure la causa; no obstante, una aclaraci\u00f3n fundamentada de los hechos eximir\u00eda al profesional de responsabilidad alguna. De comprobarse las faltas al reglamento estatutario, el estratega podr\u00eda quedar al margen del banquillo tricolor de forma inmediata para afrontar el debido proceso.<\/p>\n","protected":false},"excerpt":{"rendered":"<p>La permanencia del seleccionador nacional \u00d3scar Villegas de cara a la ventana internacional programada del 21 de septiembre al 6 de octubre ingres\u00f3 a un periodo de incertidumbre legal. El Tribunal de \u00c9tica de la Federaci\u00f3n Boliviana de F\u00fatbol dio curso a una investigaci\u00f3n formal mediante una resoluci\u00f3n emitida a finales de agosto, en la [&hellip;]<\/p>\n","protected":false},"author":1,"featured_media":426914,"comment_status":"closed","ping_status":"open","sticky":false,"template":"","format":"standard","meta":{"_acf_changed":false,"footnotes":""},"categories":[6],"tags":[],"class_list":["post-426913","post","type-post","status-publish","format-standard","has-post-thumbnail","category-deportes"],"acf":{"antetitulo":""},"yoast_head":"<!-- This site is optimized with the Yoast SEO plugin v28.3 - https:\/\/yoast.com\/product\/yoast-seo-wordpress\/ -->\n<title>Tribunal de \u00c9tica eval\u00faa la continuidad de \u00d3scar Villegas - El Diario - Bolivia<\/title>\n<meta name=\"robots\" content=\"index, follow, max-snippet:-1, max-image-preview:large, max-video-preview:-1\" \/>\n<link rel=\"canonical\" href=\"https:\/\/www.eldiario.net\/portal\/2026\/09\/02\/tribunal-de-etica-evalua-la-continuidad-de-oscar-villegas\/\" \/>\n<meta property=\"og:locale\" content=\"es_ES\" \/>\n<meta property=\"og:type\" content=\"article\" \/>\n<meta property=\"og:title\" content=\"Tribunal de \u00c9tica eval\u00faa la continuidad de \u00d3scar Villegas - El Diario - Bolivia\" \/>\n<meta property=\"og:description\" content=\"La permanencia del seleccionador nacional \u00d3scar Villegas de cara a la ventana internacional programada del 21 de septiembre al 6 de octubre ingres\u00f3 a un periodo de incertidumbre legal. El Tribunal de \u00c9tica de la Federaci\u00f3n Boliviana de F\u00fatbol dio curso a una investigaci\u00f3n formal mediante una resoluci\u00f3n emitida a finales de agosto, en la [&hellip;]\" \/>\n<meta property=\"og:url\" content=\"https:\/\/www.eldiario.net\/portal\/2026\/09\/02\/tribunal-de-etica-evalua-la-continuidad-de-oscar-villegas\/\" \/>\n<meta property=\"og:site_name\" content=\"El Diario - Bolivia\" \/>\n<meta property=\"article:publisher\" content=\"https:\/\/www.facebook.com\/eldiario.bolivia\/\" \/>\n<meta property=\"article:published_time\" content=\"2026-09-02T05:15:41+00:00\" \/>\n<meta property=\"og:image\" content=\"https:\/\/www.eldiario.net\/portal\/wp-content\/uploads\/2026\/09\/VILLEGAS.webp\" \/>\n\t<meta property=\"og:image:width\" content=\"879\" \/>\n\t<meta property=\"og:image:height\" content=\"590\" \/>\n\t<meta property=\"og:image:type\" content=\"image\/webp\" \/>\n<meta name=\"author\" content=\"Jeanette\" \/>\n<meta name=\"twitter:card\" content=\"summary_large_image\" \/>\n<meta name=\"twitter:creator\" content=\"@eldiario_net\" \/>\n<meta name=\"twitter:site\" content=\"@eldiario_net\" \/>\n<meta name=\"twitter:label1\" content=\"Escrito por\" \/>\n\t<meta name=\"twitter:data1\" content=\"Jeanette\" \/>\n\t<meta name=\"twitter:label2\" content=\"Tiempo de lectura\" \/>\n\t<meta name=\"twitter:data2\" content=\"2 minutos\" \/>\n<script type=\"application\/ld+json\" class=\"yoast-schema-graph\">{\"@context\":\"https:\\\/\\\/schema.org\",\"@graph\":[{\"@type\":\"Article\",\"@id\":\"https:\\\/\\\/www.eldiario.net\\\/portal\\\/2026\\\/09\\\/02\\\/tribunal-de-etica-evalua-la-continuidad-de-oscar-villegas\\\/#article\",\"isPartOf\":{\"@id\":\"https:\\\/\\\/www.eldiario.net\\\/portal\\\/2026\\\/09\\\/02\\\/tribunal-de-etica-evalua-la-continuidad-de-oscar-villegas\\\/\"},\"author\":{\"name\":\"Jeanette\",\"@id\":\"https:\\\/\\\/www.eldiario.net\\\/portal\\\/#\\\/schema\\\/person\\\/f46445640444750d7d753ccd04ae01b7\"},\"headline\":\"Tribunal de \u00c9tica eval\u00faa la continuidad de \u00d3scar Villegas\",\"datePublished\":\"2026-09-02T05:15:41+00:00\",\"mainEntityOfPage\":{\"@id\":\"https:\\\/\\\/www.eldiario.net\\\/portal\\\/2026\\\/09\\\/02\\\/tribunal-de-etica-evalua-la-continuidad-de-oscar-villegas\\\/\"},\"wordCount\":274,\"publisher\":{\"@id\":\"https:\\\/\\\/www.eldiario.net\\\/portal\\\/#organization\"},\"image\":{\"@id\":\"https:\\\/\\\/www.eldiario.net\\\/portal\\\/2026\\\/09\\\/02\\\/tribunal-de-etica-evalua-la-continuidad-de-oscar-villegas\\\/#primaryimage\"},\"thumbnailUrl\":\"https:\\\/\\\/www.eldiario.net\\\/portal\\\/wp-content\\\/uploads\\\/2026\\\/09\\\/VILLEGAS.webp\",\"articleSection\":[\"Deportes\"],\"inLanguage\":\"es\"},{\"@type\":\"WebPage\",\"@id\":\"https:\\\/\\\/www.eldiario.net\\\/portal\\\/2026\\\/09\\\/02\\\/tribunal-de-etica-evalua-la-continuidad-de-oscar-villegas\\\/\",\"url\":\"https:\\\/\\\/www.eldiario.net\\\/portal\\\/2026\\\/09\\\/02\\\/tribunal-de-etica-evalua-la-continuidad-de-oscar-villegas\\\/\",\"name\":\"Tribunal de \u00c9tica eval\u00faa la continuidad de \u00d3scar Villegas - El Diario - Bolivia\",\"isPartOf\":{\"@id\":\"https:\\\/\\\/www.eldiario.net\\\/portal\\\/#website\"},\"primaryImageOfPage\":{\"@id\":\"https:\\\/\\\/www.eldiario.net\\\/portal\\\/2026\\\/09\\\/02\\\/tribunal-de-etica-evalua-la-continuidad-de-oscar-villegas\\\/#primaryimage\"},\"image\":{\"@id\":\"https:\\\/\\\/www.eldiario.net\\\/portal\\\/2026\\\/09\\\/02\\\/tribunal-de-etica-evalua-la-continuidad-de-oscar-villegas\\\/#primaryimage\"},\"thumbnailUrl\":\"https:\\\/\\\/www.eldiario.net\\\/portal\\\/wp-content\\\/uploads\\\/2026\\\/09\\\/VILLEGAS.webp\",\"datePublished\":\"2026-09-02T05:15:41+00:00\",\"breadcrumb\":{\"@id\":\"https:\\\/\\\/www.eldiario.net\\\/portal\\\/2026\\\/09\\\/02\\\/tribunal-de-etica-evalua-la-continuidad-de-oscar-villegas\\\/#breadcrumb\"},\"inLanguage\":\"es\",\"potentialAction\":[{\"@type\":\"ReadAction\",\"target\":[\"https:\\\/\\\/www.eldiario.net\\\/portal\\\/2026\\\/09\\\/02\\\/tribunal-de-etica-evalua-la-continuidad-de-oscar-villegas\\\/\"]}]},{\"@type\":\"ImageObject\",\"inLanguage\":\"es\",\"@id\":\"https:\\\/\\\/www.eldiario.net\\\/portal\\\/2026\\\/09\\\/02\\\/tribunal-de-etica-evalua-la-continuidad-de-oscar-villegas\\\/#primaryimage\",\"url\":\"https:\\\/\\\/www.eldiario.net\\\/portal\\\/wp-content\\\/uploads\\\/2026\\\/09\\\/VILLEGAS.webp\",\"contentUrl\":\"https:\\\/\\\/www.eldiario.net\\\/portal\\\/wp-content\\\/uploads\\\/2026\\\/09\\\/VILLEGAS.webp\",\"width\":879,\"height\":590,\"caption\":\"Villegas en el repechaje jugado en Estados Unidos. Villegas en el repechaje jugado en Estados Unidos.\"},{\"@type\":\"BreadcrumbList\",\"@id\":\"https:\\\/\\\/www.eldiario.net\\\/portal\\\/2026\\\/09\\\/02\\\/tribunal-de-etica-evalua-la-continuidad-de-oscar-villegas\\\/#breadcrumb\",\"itemListElement\":[{\"@type\":\"ListItem\",\"position\":1,\"name\":\"Portada\",\"item\":\"https:\\\/\\\/www.eldiario.net\\\/portal\\\/\"},{\"@type\":\"ListItem\",\"position\":2,\"name\":\"Tribunal de \u00c9tica eval\u00faa la continuidad de \u00d3scar Villegas\"}]},{\"@type\":\"WebSite\",\"@id\":\"https:\\\/\\\/www.eldiario.net\\\/portal\\\/#website\",\"url\":\"https:\\\/\\\/www.eldiario.net\\\/portal\\\/\",\"name\":\"El Diario - Decano de la prensa nacional\",\"description\":\"El Diario - Decano de la prensa nacional\",\"publisher\":{\"@id\":\"https:\\\/\\\/www.eldiario.net\\\/portal\\\/#organization\"},\"potentialAction\":[{\"@type\":\"SearchAction\",\"target\":{\"@type\":\"EntryPoint\",\"urlTemplate\":\"https:\\\/\\\/www.eldiario.net\\\/portal\\\/?s={search_term_string}\"},\"query-input\":{\"@type\":\"PropertyValueSpecification\",\"valueRequired\":true,\"valueName\":\"search_term_string\"}}],\"inLanguage\":\"es\"},{\"@type\":\"Organization\",\"@id\":\"https:\\\/\\\/www.eldiario.net\\\/portal\\\/#organization\",\"name\":\"El Diario - Decano de la prensa nacional\",\"url\":\"https:\\\/\\\/www.eldiario.net\\\/portal\\\/\",\"logo\":{\"@type\":\"ImageObject\",\"inLanguage\":\"es\",\"@id\":\"https:\\\/\\\/www.eldiario.net\\\/portal\\\/#\\\/schema\\\/logo\\\/image\\\/\",\"url\":\"https:\\\/\\\/www.eldiario.net\\\/portal\\\/wp-content\\\/uploads\\\/2023\\\/07\\\/logo_ED.jpg\",\"contentUrl\":\"https:\\\/\\\/www.eldiario.net\\\/portal\\\/wp-content\\\/uploads\\\/2023\\\/07\\\/logo_ED.jpg\",\"width\":272,\"height\":52,\"caption\":\"El Diario - Decano de la prensa nacional\"},\"image\":{\"@id\":\"https:\\\/\\\/www.eldiario.net\\\/portal\\\/#\\\/schema\\\/logo\\\/image\\\/\"},\"sameAs\":[\"https:\\\/\\\/www.facebook.com\\\/eldiario.bolivia\\\/\",\"https:\\\/\\\/x.com\\\/eldiario_net\"]},{\"@type\":\"Person\",\"@id\":\"https:\\\/\\\/www.eldiario.net\\\/portal\\\/#\\\/schema\\\/person\\\/f46445640444750d7d753ccd04ae01b7\",\"name\":\"Jeanette\",\"image\":{\"@type\":\"ImageObject\",\"inLanguage\":\"es\",\"@id\":\"https:\\\/\\\/secure.gravatar.com\\\/avatar\\\/3ea2118a5f7dad2b7138b1187a6b7ee55f160b9968b66013c3a3ef39dd7e5798?s=96&d=mm&r=g\",\"url\":\"https:\\\/\\\/secure.gravatar.com\\\/avatar\\\/3ea2118a5f7dad2b7138b1187a6b7ee55f160b9968b66013c3a3ef39dd7e5798?s=96&d=mm&r=g\",\"contentUrl\":\"https:\\\/\\\/secure.gravatar.com\\\/avatar\\\/3ea2118a5f7dad2b7138b1187a6b7ee55f160b9968b66013c3a3ef39dd7e5798?s=96&d=mm&r=g\",\"caption\":\"Jeanette\"},\"sameAs\":[\"https:\\\/\\\/www.eldiario.net\\\/portal\"],\"url\":\"https:\\\/\\\/www.eldiario.net\\\/portal\\\/author\\\/jeanette\\\/\"}]}<\/script>\n<!-- \/ Yoast SEO plugin. -->","yoast_head_json":{"title":"Tribunal de \u00c9tica eval\u00faa la continuidad de \u00d3scar Villegas - El Diario - Bolivia","robots":{"index":"index","follow":"follow","max-snippet":"max-snippet:-1","max-image-preview":"max-image-preview:large","max-video-preview":"max-video-preview:-1"},"canonical":"https:\/\/www.eldiario.net\/portal\/2026\/09\/02\/tribunal-de-etica-evalua-la-continuidad-de-oscar-villegas\/","og_locale":"es_ES","og_type":"article","og_title":"Tribunal de \u00c9tica eval\u00faa la continuidad de \u00d3scar Villegas - El Diario - Bolivia","og_description":"La permanencia del seleccionador nacional \u00d3scar Villegas de cara a la ventana internacional programada del 21 de septiembre al 6 de octubre ingres\u00f3 a un periodo de incertidumbre legal. El Tribunal de \u00c9tica de la Federaci\u00f3n Boliviana de F\u00fatbol dio curso a una investigaci\u00f3n formal mediante una resoluci\u00f3n emitida a finales de agosto, en la [&hellip;]","og_url":"https:\/\/www.eldiario.net\/portal\/2026\/09\/02\/tribunal-de-etica-evalua-la-continuidad-de-oscar-villegas\/","og_site_name":"El Diario - Bolivia","article_publisher":"https:\/\/www.facebook.com\/eldiario.bolivia\/","article_published_time":"2026-09-02T05:15:41+00:00","og_image":[{"width":879,"height":590,"url":"https:\/\/www.eldiario.net\/portal\/wp-content\/uploads\/2026\/09\/VILLEGAS.webp","type":"image\/webp"}],"author":"Jeanette","twitter_card":"summary_large_image","twitter_creator":"@eldiario_net","twitter_site":"@eldiario_net","twitter_misc":{"Escrito por":"Jeanette","Tiempo de lectura":"2 minutos"},"schema":{"@context":"https:\/\/schema.org","@graph":[{"@type":"Article","@id":"https:\/\/www.eldiario.net\/portal\/2026\/09\/02\/tribunal-de-etica-evalua-la-continuidad-de-oscar-villegas\/#article","isPartOf":{"@id":"https:\/\/www.eldiario.net\/portal\/2026\/09\/02\/tribunal-de-etica-evalua-la-continuidad-de-oscar-villegas\/"},"author":{"name":"Jeanette","@id":"https:\/\/www.eldiario.net\/portal\/#\/schema\/person\/f46445640444750d7d753ccd04ae01b7"},"headline":"Tribunal de \u00c9tica eval\u00faa la continuidad de \u00d3scar Villegas","datePublished":"2026-09-02T05:15:41+00:00","mainEntityOfPage":{"@id":"https:\/\/www.eldiario.net\/portal\/2026\/09\/02\/tribunal-de-etica-evalua-la-continuidad-de-oscar-villegas\/"},"wordCount":274,"publisher":{"@id":"https:\/\/www.eldiario.net\/portal\/#organization"},"image":{"@id":"https:\/\/www.eldiario.net\/portal\/2026\/09\/02\/tribunal-de-etica-evalua-la-continuidad-de-oscar-villegas\/#primaryimage"},"thumbnailUrl":"https:\/\/www.eldiario.net\/portal\/wp-content\/uploads\/2026\/09\/VILLEGAS.webp","articleSection":["Deportes"],"inLanguage":"es"},{"@type":"WebPage","@id":"https:\/\/www.eldiario.net\/portal\/2026\/09\/02\/tribunal-de-etica-evalua-la-continuidad-de-oscar-villegas\/","url":"https:\/\/www.eldiario.net\/portal\/2026\/09\/02\/tribunal-de-etica-evalua-la-continuidad-de-oscar-villegas\/","name":"Tribunal de \u00c9tica eval\u00faa la continuidad de \u00d3scar Villegas - El Diario - Bolivia","isPartOf":{"@id":"https:\/\/www.eldiario.net\/portal\/#website"},"primaryImageOfPage":{"@id":"https:\/\/www.eldiario.net\/portal\/2026\/09\/02\/tribunal-de-etica-evalua-la-continuidad-de-oscar-villegas\/#primaryimage"},"image":{"@id":"https:\/\/www.eldiario.net\/portal\/2026\/09\/02\/tribunal-de-etica-evalua-la-continuidad-de-oscar-villegas\/#primaryimage"},"thumbnailUrl":"https:\/\/www.eldiario.net\/portal\/wp-content\/uploads\/2026\/09\/VILLEGAS.webp","datePublished":"2026-09-02T05:15:41+00:00","breadcrumb":{"@id":"https:\/\/www.eldiario.net\/portal\/2026\/09\/02\/tribunal-de-etica-evalua-la-continuidad-de-oscar-villegas\/#breadcrumb"},"inLanguage":"es","potentialAction":[{"@type":"ReadAction","target":["https:\/\/www.eldiario.net\/portal\/2026\/09\/02\/tribunal-de-etica-evalua-la-continuidad-de-oscar-villegas\/"]}]},{"@type":"ImageObject","inLanguage":"es","@id":"https:\/\/www.eldiario.net\/portal\/2026\/09\/02\/tribunal-de-etica-evalua-la-continuidad-de-oscar-villegas\/#primaryimage","url":"https:\/\/www.eldiario.net\/portal\/wp-content\/uploads\/2026\/09\/VILLEGAS.webp","contentUrl":"https:\/\/www.eldiario.net\/portal\/wp-content\/uploads\/2026\/09\/VILLEGAS.webp","width":879,"height":590,"caption":"Villegas en el repechaje jugado en Estados Unidos. Villegas en el repechaje jugado en Estados Unidos."},{"@type":"BreadcrumbList","@id":"https:\/\/www.eldiario.net\/portal\/2026\/09\/02\/tribunal-de-etica-evalua-la-continuidad-de-oscar-villegas\/#breadcrumb","itemListElement":[{"@type":"ListItem","position":1,"name":"Portada","item":"https:\/\/www.eldiario.net\/portal\/"},{"@type":"ListItem","position":2,"name":"Tribunal de \u00c9tica eval\u00faa la continuidad de \u00d3scar Villegas"}]},{"@type":"WebSite","@id":"https:\/\/www.eldiario.net\/portal\/#website","url":"https:\/\/www.eldiario.net\/portal\/","name":"El Diario - Decano de la prensa nacional","description":"El Diario - Decano de la prensa nacional","publisher":{"@id":"https:\/\/www.eldiario.net\/portal\/#organization"},"potentialAction":[{"@type":"SearchAction","target":{"@type":"EntryPoint","urlTemplate":"https:\/\/www.eldiario.net\/portal\/?s={search_term_string}"},"query-input":{"@type":"PropertyValueSpecification","valueRequired":true,"valueName":"search_term_string"}}],"inLanguage":"es"},{"@type":"Organization","@id":"https:\/\/www.eldiario.net\/portal\/#organization","name":"El Diario - Decano de la prensa nacional","url":"https:\/\/www.eldiario.net\/portal\/","logo":{"@type":"ImageObject","inLanguage":"es","@id":"https:\/\/www.eldiario.net\/portal\/#\/schema\/logo\/image\/","url":"https:\/\/www.eldiario.net\/portal\/wp-content\/uploads\/2023\/07\/logo_ED.jpg","contentUrl":"https:\/\/www.eldiario.net\/portal\/wp-content\/uploads\/2023\/07\/logo_ED.jpg","width":272,"height":52,"caption":"El Diario - Decano de la prensa nacional"},"image":{"@id":"https:\/\/www.eldiario.net\/portal\/#\/schema\/logo\/image\/"},"sameAs":["https:\/\/www.facebook.com\/eldiario.bolivia\/","https:\/\/x.com\/eldiario_net"]},{"@type":"Person","@id":"https:\/\/www.eldiario.net\/portal\/#\/schema\/person\/f46445640444750d7d753ccd04ae01b7","name":"Jeanette","image":{"@type":"ImageObject","inLanguage":"es","@id":"https:\/\/secure.gravatar.com\/avatar\/3ea2118a5f7dad2b7138b1187a6b7ee55f160b9968b66013c3a3ef39dd7e5798?s=96&d=mm&r=g","url":"https:\/\/secure.gravatar.com\/avatar\/3ea2118a5f7dad2b7138b1187a6b7ee55f160b9968b66013c3a3ef39dd7e5798?s=96&d=mm&r=g","contentUrl":"https:\/\/secure.gravatar.com\/avatar\/3ea2118a5f7dad2b7138b1187a6b7ee55f160b9968b66013c3a3ef39dd7e5798?s=96&d=mm&r=g","caption":"Jeanette"},"sameAs":["https:\/\/www.eldiario.net\/portal"],"url":"https:\/\/www.eldiario.net\/portal\/author\/jeanette\/"}]}},"_links":{"self":[{"href":"https:\/\/www.eldiario.net\/portal\/wp-json\/wp\/v2\/posts\/426913","targetHints":{"allow":["GET"]}}],"collection":[{"href":"https:\/\/www.eldiario.net\/portal\/wp-json\/wp\/v2\/posts"}],"about":[{"href":"https:\/\/www.eldiario.net\/portal\/wp-json\/wp\/v2\/types\/post"}],"author":[{"embeddable":true,"href":"https:\/\/www.eldiario.net\/portal\/wp-json\/wp\/v2\/users\/1"}],"replies":[{"embeddable":true,"href":"https:\/\/www.eldiario.net\/portal\/wp-json\/wp\/v2\/comments?post=426913"}],"version-history":[{"count":1,"href":"https:\/\/www.eldiario.net\/portal\/wp-json\/wp\/v2\/posts\/426913\/revisions"}],"predecessor-version":[{"id":426915,"href":"https:\/\/www.eldiario.net\/portal\/wp-json\/wp\/v2\/posts\/426913\/revisions\/426915"}],"wp:featuredmedia":[{"embeddable":true,"href":"https:\/\/www.eldiario.net\/portal\/wp-json\/wp\/v2\/media\/426914"}],"wp:attachment":[{"href":"https:\/\/www.eldiario.net\/portal\/wp-json\/wp\/v2\/media?parent=426913"}],"wp:term":[{"taxonomy":"category","embeddable":true,"href":"https:\/\/www.eldiario.net\/portal\/wp-json\/wp\/v2\/categories?post=426913"},{"taxonomy":"post_tag","embeddable":true,"href":"https:\/\/www.eldiario.net\/portal\/wp-json\/wp\/v2\/tags?post=426913"}],"curies":[{"name":"wp","href":"https:\/\/api.w.org\/{rel}","templated":true}]}}