{"id":426910,"date":"2026-09-02T01:14:38","date_gmt":"2026-09-02T05:14:38","guid":{"rendered":"https:\/\/www.eldiario.net\/portal\/?p=426910"},"modified":"2026-09-01T22:15:36","modified_gmt":"2026-09-02T02:15:36","slug":"quien-reemplazara-a-messi-en-la-seleccion-argentina","status":"publish","type":"post","link":"https:\/\/www.eldiario.net\/portal\/2026\/09\/02\/quien-reemplazara-a-messi-en-la-seleccion-argentina\/","title":{"rendered":"\u00bfQui\u00e9n reemplazar\u00e1 a Messi en la selecci\u00f3n argentina?"},"content":{"rendered":"<p>El retiro de Messi abre una nueva e incierta etapa para el f\u00fatbol de Argentina, \u00bfqui\u00e9n tomar\u00e1 su lugar?. La estrella argentina anunci\u00f3 formalmente su retiro del equipo nacional a trav\u00e9s de sus redes sociales a los 39 a\u00f1os. El futbolista argument\u00f3 la necesidad de dar paso a las nuevas generaciones tras disputar seis copas del mundo, dejando una huella imborrable como el m\u00e1ximo goleador hist\u00f3rico y el jugador con mayor n\u00famero de presencias en la selecci\u00f3n.<br \/>\nLa despedida gener\u00f3 conmoci\u00f3n entre compa\u00f1eros y aficionados, reviviendo la interrogante hist\u00f3rica sobre la sucesi\u00f3n de un talento extraordinario en el balompi\u00e9 trasandino. Las proyecciones de analistas y exfiguras coinciden en que la aparici\u00f3n de una figura de sus dimensiones requiere una combinaci\u00f3n excepcional de desarrollo social y gen\u00e9tica deportiva.<br \/>\nAunque la plantilla cuenta con variantes en la zona de creaci\u00f3n como Nicol\u00e1s Paz o Thiago Almada, la transici\u00f3n se encamina hacia un cambio de esquema t\u00e1ctico. El cuerpo t\u00e9cnico ya ha probado alternativas en ataque mediante la presencia de Juli\u00e1n \u00c1lvarez y Lautaro Mart\u00ednez durante las ausencias por lesi\u00f3n del capit\u00e1n en los compromisos recientes.<br \/>\nDe forma paralela, la conducci\u00f3n t\u00e9cnica de Lionel Scaloni afronta su propio periodo de definici\u00f3n tras dejar abierta la posibilidad de concluir su ciclo a fin de a\u00f1o. La continuidad del estratega se considera clave para estructurar el recambio generacional de cara a la Copa Am\u00e9rica 2028 y la cita mundialista de 2030, donde Argentina participar\u00e1 como coanfitriona. La planificaci\u00f3n inmediata de la AFA contempla la organizaci\u00f3n de encuentros amistosos.<\/p>\n<p><strong>Infantino public\u00f3 un mensaje al \u00ab10\u00bb<\/strong><\/p>\n<p>El suizo Gianni Infantino, presidente de la FIFA, public\u00f3 un emotivo mensaje de agradecimiento y felicitaci\u00f3n a Leo Messi tras su anuncio de terminar su carrera con la selecci\u00f3n de Argentina, en el que afirma que el actual jugador del Inter de Miami \u00abha inspirado a millones de personas\u00bb y \u00abha redefinido\u00bb el f\u00fatbol.<br \/>\n\u00abFelicidades, Leo Messi, por una carrera internacional extraordinaria\u00bb, dijo Infantino, quien recuerda parte de los logros de Messi con la camiseta albiceleste, como el t\u00edtulo mundial en Catar 2022, el hecho de ser el m\u00e1ximo goleador hist\u00f3rico y el jugador con m\u00e1s partidos con la selecci\u00f3n, as\u00ed como su r\u00e9cord de m\u00e1s partidos jugados en la historia de la Copa del Mundo.<\/p>\n","protected":false},"excerpt":{"rendered":"<p>El retiro de Messi abre una nueva e incierta etapa para el f\u00fatbol de Argentina, \u00bfqui\u00e9n tomar\u00e1 su lugar?. La estrella argentina anunci\u00f3 formalmente su retiro del equipo nacional a trav\u00e9s de sus redes sociales a los 39 a\u00f1os. El futbolista argument\u00f3 la necesidad de dar paso a las nuevas generaciones tras disputar seis copas [&hellip;]<\/p>\n","protected":false},"author":1,"featured_media":426911,"comment_status":"closed","ping_status":"open","sticky":false,"template":"","format":"standard","meta":{"_acf_changed":false,"footnotes":""},"categories":[6],"tags":[],"class_list":["post-426910","post","type-post","status-publish","format-standard","has-post-thumbnail","category-deportes"],"acf":{"antetitulo":""},"yoast_head":"<!-- This site is optimized with the Yoast SEO plugin v28.3 - https:\/\/yoast.com\/product\/yoast-seo-wordpress\/ -->\n<title>\u00bfQui\u00e9n reemplazar\u00e1 a Messi en la selecci\u00f3n argentina? - El Diario - Bolivia<\/title>\n<meta name=\"robots\" content=\"index, follow, max-snippet:-1, max-image-preview:large, max-video-preview:-1\" \/>\n<link rel=\"canonical\" href=\"https:\/\/www.eldiario.net\/portal\/2026\/09\/02\/quien-reemplazara-a-messi-en-la-seleccion-argentina\/\" \/>\n<meta property=\"og:locale\" content=\"es_ES\" \/>\n<meta property=\"og:type\" content=\"article\" \/>\n<meta property=\"og:title\" content=\"\u00bfQui\u00e9n reemplazar\u00e1 a Messi en la selecci\u00f3n argentina? - El Diario - Bolivia\" \/>\n<meta property=\"og:description\" content=\"El retiro de Messi abre una nueva e incierta etapa para el f\u00fatbol de Argentina, \u00bfqui\u00e9n tomar\u00e1 su lugar?. La estrella argentina anunci\u00f3 formalmente su retiro del equipo nacional a trav\u00e9s de sus redes sociales a los 39 a\u00f1os. El futbolista argument\u00f3 la necesidad de dar paso a las nuevas generaciones tras disputar seis copas [&hellip;]\" \/>\n<meta property=\"og:url\" content=\"https:\/\/www.eldiario.net\/portal\/2026\/09\/02\/quien-reemplazara-a-messi-en-la-seleccion-argentina\/\" \/>\n<meta property=\"og:site_name\" content=\"El Diario - Bolivia\" \/>\n<meta property=\"article:publisher\" content=\"https:\/\/www.facebook.com\/eldiario.bolivia\/\" \/>\n<meta property=\"article:published_time\" content=\"2026-09-02T05:14:38+00:00\" \/>\n<meta property=\"og:image\" content=\"https:\/\/www.eldiario.net\/portal\/wp-content\/uploads\/2026\/09\/MESSI.webp\" \/>\n\t<meta property=\"og:image:width\" content=\"762\" \/>\n\t<meta property=\"og:image:height\" content=\"511\" \/>\n\t<meta property=\"og:image:type\" content=\"image\/webp\" \/>\n<meta name=\"author\" content=\"Jeanette\" \/>\n<meta name=\"twitter:card\" content=\"summary_large_image\" \/>\n<meta name=\"twitter:creator\" content=\"@eldiario_net\" \/>\n<meta name=\"twitter:site\" content=\"@eldiario_net\" \/>\n<meta name=\"twitter:label1\" content=\"Escrito por\" \/>\n\t<meta name=\"twitter:data1\" content=\"Jeanette\" \/>\n\t<meta name=\"twitter:label2\" content=\"Tiempo de lectura\" \/>\n\t<meta name=\"twitter:data2\" content=\"2 minutos\" \/>\n<script type=\"application\/ld+json\" class=\"yoast-schema-graph\">{\"@context\":\"https:\\\/\\\/schema.org\",\"@graph\":[{\"@type\":\"Article\",\"@id\":\"https:\\\/\\\/www.eldiario.net\\\/portal\\\/2026\\\/09\\\/02\\\/quien-reemplazara-a-messi-en-la-seleccion-argentina\\\/#article\",\"isPartOf\":{\"@id\":\"https:\\\/\\\/www.eldiario.net\\\/portal\\\/2026\\\/09\\\/02\\\/quien-reemplazara-a-messi-en-la-seleccion-argentina\\\/\"},\"author\":{\"name\":\"Jeanette\",\"@id\":\"https:\\\/\\\/www.eldiario.net\\\/portal\\\/#\\\/schema\\\/person\\\/f46445640444750d7d753ccd04ae01b7\"},\"headline\":\"\u00bfQui\u00e9n reemplazar\u00e1 a Messi en la selecci\u00f3n argentina?\",\"datePublished\":\"2026-09-02T05:14:38+00:00\",\"mainEntityOfPage\":{\"@id\":\"https:\\\/\\\/www.eldiario.net\\\/portal\\\/2026\\\/09\\\/02\\\/quien-reemplazara-a-messi-en-la-seleccion-argentina\\\/\"},\"wordCount\":421,\"publisher\":{\"@id\":\"https:\\\/\\\/www.eldiario.net\\\/portal\\\/#organization\"},\"image\":{\"@id\":\"https:\\\/\\\/www.eldiario.net\\\/portal\\\/2026\\\/09\\\/02\\\/quien-reemplazara-a-messi-en-la-seleccion-argentina\\\/#primaryimage\"},\"thumbnailUrl\":\"https:\\\/\\\/www.eldiario.net\\\/portal\\\/wp-content\\\/uploads\\\/2026\\\/09\\\/MESSI.webp\",\"articleSection\":[\"Deportes\"],\"inLanguage\":\"es\"},{\"@type\":\"WebPage\",\"@id\":\"https:\\\/\\\/www.eldiario.net\\\/portal\\\/2026\\\/09\\\/02\\\/quien-reemplazara-a-messi-en-la-seleccion-argentina\\\/\",\"url\":\"https:\\\/\\\/www.eldiario.net\\\/portal\\\/2026\\\/09\\\/02\\\/quien-reemplazara-a-messi-en-la-seleccion-argentina\\\/\",\"name\":\"\u00bfQui\u00e9n reemplazar\u00e1 a Messi en la selecci\u00f3n argentina? - El Diario - Bolivia\",\"isPartOf\":{\"@id\":\"https:\\\/\\\/www.eldiario.net\\\/portal\\\/#website\"},\"primaryImageOfPage\":{\"@id\":\"https:\\\/\\\/www.eldiario.net\\\/portal\\\/2026\\\/09\\\/02\\\/quien-reemplazara-a-messi-en-la-seleccion-argentina\\\/#primaryimage\"},\"image\":{\"@id\":\"https:\\\/\\\/www.eldiario.net\\\/portal\\\/2026\\\/09\\\/02\\\/quien-reemplazara-a-messi-en-la-seleccion-argentina\\\/#primaryimage\"},\"thumbnailUrl\":\"https:\\\/\\\/www.eldiario.net\\\/portal\\\/wp-content\\\/uploads\\\/2026\\\/09\\\/MESSI.webp\",\"datePublished\":\"2026-09-02T05:14:38+00:00\",\"breadcrumb\":{\"@id\":\"https:\\\/\\\/www.eldiario.net\\\/portal\\\/2026\\\/09\\\/02\\\/quien-reemplazara-a-messi-en-la-seleccion-argentina\\\/#breadcrumb\"},\"inLanguage\":\"es\",\"potentialAction\":[{\"@type\":\"ReadAction\",\"target\":[\"https:\\\/\\\/www.eldiario.net\\\/portal\\\/2026\\\/09\\\/02\\\/quien-reemplazara-a-messi-en-la-seleccion-argentina\\\/\"]}]},{\"@type\":\"ImageObject\",\"inLanguage\":\"es\",\"@id\":\"https:\\\/\\\/www.eldiario.net\\\/portal\\\/2026\\\/09\\\/02\\\/quien-reemplazara-a-messi-en-la-seleccion-argentina\\\/#primaryimage\",\"url\":\"https:\\\/\\\/www.eldiario.net\\\/portal\\\/wp-content\\\/uploads\\\/2026\\\/09\\\/MESSI.webp\",\"contentUrl\":\"https:\\\/\\\/www.eldiario.net\\\/portal\\\/wp-content\\\/uploads\\\/2026\\\/09\\\/MESSI.webp\",\"width\":762,\"height\":511},{\"@type\":\"BreadcrumbList\",\"@id\":\"https:\\\/\\\/www.eldiario.net\\\/portal\\\/2026\\\/09\\\/02\\\/quien-reemplazara-a-messi-en-la-seleccion-argentina\\\/#breadcrumb\",\"itemListElement\":[{\"@type\":\"ListItem\",\"position\":1,\"name\":\"Portada\",\"item\":\"https:\\\/\\\/www.eldiario.net\\\/portal\\\/\"},{\"@type\":\"ListItem\",\"position\":2,\"name\":\"\u00bfQui\u00e9n reemplazar\u00e1 a Messi en la selecci\u00f3n argentina?\"}]},{\"@type\":\"WebSite\",\"@id\":\"https:\\\/\\\/www.eldiario.net\\\/portal\\\/#website\",\"url\":\"https:\\\/\\\/www.eldiario.net\\\/portal\\\/\",\"name\":\"El Diario - Decano de la prensa nacional\",\"description\":\"El Diario - Decano de la prensa nacional\",\"publisher\":{\"@id\":\"https:\\\/\\\/www.eldiario.net\\\/portal\\\/#organization\"},\"potentialAction\":[{\"@type\":\"SearchAction\",\"target\":{\"@type\":\"EntryPoint\",\"urlTemplate\":\"https:\\\/\\\/www.eldiario.net\\\/portal\\\/?s={search_term_string}\"},\"query-input\":{\"@type\":\"PropertyValueSpecification\",\"valueRequired\":true,\"valueName\":\"search_term_string\"}}],\"inLanguage\":\"es\"},{\"@type\":\"Organization\",\"@id\":\"https:\\\/\\\/www.eldiario.net\\\/portal\\\/#organization\",\"name\":\"El Diario - Decano de la prensa nacional\",\"url\":\"https:\\\/\\\/www.eldiario.net\\\/portal\\\/\",\"logo\":{\"@type\":\"ImageObject\",\"inLanguage\":\"es\",\"@id\":\"https:\\\/\\\/www.eldiario.net\\\/portal\\\/#\\\/schema\\\/logo\\\/image\\\/\",\"url\":\"https:\\\/\\\/www.eldiario.net\\\/portal\\\/wp-content\\\/uploads\\\/2023\\\/07\\\/logo_ED.jpg\",\"contentUrl\":\"https:\\\/\\\/www.eldiario.net\\\/portal\\\/wp-content\\\/uploads\\\/2023\\\/07\\\/logo_ED.jpg\",\"width\":272,\"height\":52,\"caption\":\"El Diario - Decano de la prensa nacional\"},\"image\":{\"@id\":\"https:\\\/\\\/www.eldiario.net\\\/portal\\\/#\\\/schema\\\/logo\\\/image\\\/\"},\"sameAs\":[\"https:\\\/\\\/www.facebook.com\\\/eldiario.bolivia\\\/\",\"https:\\\/\\\/x.com\\\/eldiario_net\"]},{\"@type\":\"Person\",\"@id\":\"https:\\\/\\\/www.eldiario.net\\\/portal\\\/#\\\/schema\\\/person\\\/f46445640444750d7d753ccd04ae01b7\",\"name\":\"Jeanette\",\"image\":{\"@type\":\"ImageObject\",\"inLanguage\":\"es\",\"@id\":\"https:\\\/\\\/secure.gravatar.com\\\/avatar\\\/3ea2118a5f7dad2b7138b1187a6b7ee55f160b9968b66013c3a3ef39dd7e5798?s=96&d=mm&r=g\",\"url\":\"https:\\\/\\\/secure.gravatar.com\\\/avatar\\\/3ea2118a5f7dad2b7138b1187a6b7ee55f160b9968b66013c3a3ef39dd7e5798?s=96&d=mm&r=g\",\"contentUrl\":\"https:\\\/\\\/secure.gravatar.com\\\/avatar\\\/3ea2118a5f7dad2b7138b1187a6b7ee55f160b9968b66013c3a3ef39dd7e5798?s=96&d=mm&r=g\",\"caption\":\"Jeanette\"},\"sameAs\":[\"https:\\\/\\\/www.eldiario.net\\\/portal\"],\"url\":\"https:\\\/\\\/www.eldiario.net\\\/portal\\\/author\\\/jeanette\\\/\"}]}<\/script>\n<!-- \/ Yoast SEO plugin. -->","yoast_head_json":{"title":"\u00bfQui\u00e9n reemplazar\u00e1 a Messi en la selecci\u00f3n argentina? - El Diario - Bolivia","robots":{"index":"index","follow":"follow","max-snippet":"max-snippet:-1","max-image-preview":"max-image-preview:large","max-video-preview":"max-video-preview:-1"},"canonical":"https:\/\/www.eldiario.net\/portal\/2026\/09\/02\/quien-reemplazara-a-messi-en-la-seleccion-argentina\/","og_locale":"es_ES","og_type":"article","og_title":"\u00bfQui\u00e9n reemplazar\u00e1 a Messi en la selecci\u00f3n argentina? - El Diario - Bolivia","og_description":"El retiro de Messi abre una nueva e incierta etapa para el f\u00fatbol de Argentina, \u00bfqui\u00e9n tomar\u00e1 su lugar?. La estrella argentina anunci\u00f3 formalmente su retiro del equipo nacional a trav\u00e9s de sus redes sociales a los 39 a\u00f1os. El futbolista argument\u00f3 la necesidad de dar paso a las nuevas generaciones tras disputar seis copas [&hellip;]","og_url":"https:\/\/www.eldiario.net\/portal\/2026\/09\/02\/quien-reemplazara-a-messi-en-la-seleccion-argentina\/","og_site_name":"El Diario - Bolivia","article_publisher":"https:\/\/www.facebook.com\/eldiario.bolivia\/","article_published_time":"2026-09-02T05:14:38+00:00","og_image":[{"width":762,"height":511,"url":"https:\/\/www.eldiario.net\/portal\/wp-content\/uploads\/2026\/09\/MESSI.webp","type":"image\/webp"}],"author":"Jeanette","twitter_card":"summary_large_image","twitter_creator":"@eldiario_net","twitter_site":"@eldiario_net","twitter_misc":{"Escrito por":"Jeanette","Tiempo de lectura":"2 minutos"},"schema":{"@context":"https:\/\/schema.org","@graph":[{"@type":"Article","@id":"https:\/\/www.eldiario.net\/portal\/2026\/09\/02\/quien-reemplazara-a-messi-en-la-seleccion-argentina\/#article","isPartOf":{"@id":"https:\/\/www.eldiario.net\/portal\/2026\/09\/02\/quien-reemplazara-a-messi-en-la-seleccion-argentina\/"},"author":{"name":"Jeanette","@id":"https:\/\/www.eldiario.net\/portal\/#\/schema\/person\/f46445640444750d7d753ccd04ae01b7"},"headline":"\u00bfQui\u00e9n reemplazar\u00e1 a Messi en la selecci\u00f3n argentina?","datePublished":"2026-09-02T05:14:38+00:00","mainEntityOfPage":{"@id":"https:\/\/www.eldiario.net\/portal\/2026\/09\/02\/quien-reemplazara-a-messi-en-la-seleccion-argentina\/"},"wordCount":421,"publisher":{"@id":"https:\/\/www.eldiario.net\/portal\/#organization"},"image":{"@id":"https:\/\/www.eldiario.net\/portal\/2026\/09\/02\/quien-reemplazara-a-messi-en-la-seleccion-argentina\/#primaryimage"},"thumbnailUrl":"https:\/\/www.eldiario.net\/portal\/wp-content\/uploads\/2026\/09\/MESSI.webp","articleSection":["Deportes"],"inLanguage":"es"},{"@type":"WebPage","@id":"https:\/\/www.eldiario.net\/portal\/2026\/09\/02\/quien-reemplazara-a-messi-en-la-seleccion-argentina\/","url":"https:\/\/www.eldiario.net\/portal\/2026\/09\/02\/quien-reemplazara-a-messi-en-la-seleccion-argentina\/","name":"\u00bfQui\u00e9n reemplazar\u00e1 a Messi en la selecci\u00f3n argentina? - El Diario - Bolivia","isPartOf":{"@id":"https:\/\/www.eldiario.net\/portal\/#website"},"primaryImageOfPage":{"@id":"https:\/\/www.eldiario.net\/portal\/2026\/09\/02\/quien-reemplazara-a-messi-en-la-seleccion-argentina\/#primaryimage"},"image":{"@id":"https:\/\/www.eldiario.net\/portal\/2026\/09\/02\/quien-reemplazara-a-messi-en-la-seleccion-argentina\/#primaryimage"},"thumbnailUrl":"https:\/\/www.eldiario.net\/portal\/wp-content\/uploads\/2026\/09\/MESSI.webp","datePublished":"2026-09-02T05:14:38+00:00","breadcrumb":{"@id":"https:\/\/www.eldiario.net\/portal\/2026\/09\/02\/quien-reemplazara-a-messi-en-la-seleccion-argentina\/#breadcrumb"},"inLanguage":"es","potentialAction":[{"@type":"ReadAction","target":["https:\/\/www.eldiario.net\/portal\/2026\/09\/02\/quien-reemplazara-a-messi-en-la-seleccion-argentina\/"]}]},{"@type":"ImageObject","inLanguage":"es","@id":"https:\/\/www.eldiario.net\/portal\/2026\/09\/02\/quien-reemplazara-a-messi-en-la-seleccion-argentina\/#primaryimage","url":"https:\/\/www.eldiario.net\/portal\/wp-content\/uploads\/2026\/09\/MESSI.webp","contentUrl":"https:\/\/www.eldiario.net\/portal\/wp-content\/uploads\/2026\/09\/MESSI.webp","width":762,"height":511},{"@type":"BreadcrumbList","@id":"https:\/\/www.eldiario.net\/portal\/2026\/09\/02\/quien-reemplazara-a-messi-en-la-seleccion-argentina\/#breadcrumb","itemListElement":[{"@type":"ListItem","position":1,"name":"Portada","item":"https:\/\/www.eldiario.net\/portal\/"},{"@type":"ListItem","position":2,"name":"\u00bfQui\u00e9n reemplazar\u00e1 a Messi en la selecci\u00f3n argentina?"}]},{"@type":"WebSite","@id":"https:\/\/www.eldiario.net\/portal\/#website","url":"https:\/\/www.eldiario.net\/portal\/","name":"El Diario - Decano de la prensa nacional","description":"El Diario - Decano de la prensa nacional","publisher":{"@id":"https:\/\/www.eldiario.net\/portal\/#organization"},"potentialAction":[{"@type":"SearchAction","target":{"@type":"EntryPoint","urlTemplate":"https:\/\/www.eldiario.net\/portal\/?s={search_term_string}"},"query-input":{"@type":"PropertyValueSpecification","valueRequired":true,"valueName":"search_term_string"}}],"inLanguage":"es"},{"@type":"Organization","@id":"https:\/\/www.eldiario.net\/portal\/#organization","name":"El Diario - Decano de la prensa nacional","url":"https:\/\/www.eldiario.net\/portal\/","logo":{"@type":"ImageObject","inLanguage":"es","@id":"https:\/\/www.eldiario.net\/portal\/#\/schema\/logo\/image\/","url":"https:\/\/www.eldiario.net\/portal\/wp-content\/uploads\/2023\/07\/logo_ED.jpg","contentUrl":"https:\/\/www.eldiario.net\/portal\/wp-content\/uploads\/2023\/07\/logo_ED.jpg","width":272,"height":52,"caption":"El Diario - Decano de la prensa nacional"},"image":{"@id":"https:\/\/www.eldiario.net\/portal\/#\/schema\/logo\/image\/"},"sameAs":["https:\/\/www.facebook.com\/eldiario.bolivia\/","https:\/\/x.com\/eldiario_net"]},{"@type":"Person","@id":"https:\/\/www.eldiario.net\/portal\/#\/schema\/person\/f46445640444750d7d753ccd04ae01b7","name":"Jeanette","image":{"@type":"ImageObject","inLanguage":"es","@id":"https:\/\/secure.gravatar.com\/avatar\/3ea2118a5f7dad2b7138b1187a6b7ee55f160b9968b66013c3a3ef39dd7e5798?s=96&d=mm&r=g","url":"https:\/\/secure.gravatar.com\/avatar\/3ea2118a5f7dad2b7138b1187a6b7ee55f160b9968b66013c3a3ef39dd7e5798?s=96&d=mm&r=g","contentUrl":"https:\/\/secure.gravatar.com\/avatar\/3ea2118a5f7dad2b7138b1187a6b7ee55f160b9968b66013c3a3ef39dd7e5798?s=96&d=mm&r=g","caption":"Jeanette"},"sameAs":["https:\/\/www.eldiario.net\/portal"],"url":"https:\/\/www.eldiario.net\/portal\/author\/jeanette\/"}]}},"_links":{"self":[{"href":"https:\/\/www.eldiario.net\/portal\/wp-json\/wp\/v2\/posts\/426910","targetHints":{"allow":["GET"]}}],"collection":[{"href":"https:\/\/www.eldiario.net\/portal\/wp-json\/wp\/v2\/posts"}],"about":[{"href":"https:\/\/www.eldiario.net\/portal\/wp-json\/wp\/v2\/types\/post"}],"author":[{"embeddable":true,"href":"https:\/\/www.eldiario.net\/portal\/wp-json\/wp\/v2\/users\/1"}],"replies":[{"embeddable":true,"href":"https:\/\/www.eldiario.net\/portal\/wp-json\/wp\/v2\/comments?post=426910"}],"version-history":[{"count":1,"href":"https:\/\/www.eldiario.net\/portal\/wp-json\/wp\/v2\/posts\/426910\/revisions"}],"predecessor-version":[{"id":426912,"href":"https:\/\/www.eldiario.net\/portal\/wp-json\/wp\/v2\/posts\/426910\/revisions\/426912"}],"wp:featuredmedia":[{"embeddable":true,"href":"https:\/\/www.eldiario.net\/portal\/wp-json\/wp\/v2\/media\/426911"}],"wp:attachment":[{"href":"https:\/\/www.eldiario.net\/portal\/wp-json\/wp\/v2\/media?parent=426910"}],"wp:term":[{"taxonomy":"category","embeddable":true,"href":"https:\/\/www.eldiario.net\/portal\/wp-json\/wp\/v2\/categories?post=426910"},{"taxonomy":"post_tag","embeddable":true,"href":"https:\/\/www.eldiario.net\/portal\/wp-json\/wp\/v2\/tags?post=426910"}],"curies":[{"name":"wp","href":"https:\/\/api.w.org\/{rel}","templated":true}]}}