{"id":426900,"date":"2026-09-02T01:10:40","date_gmt":"2026-09-02T05:10:40","guid":{"rendered":"https:\/\/www.eldiario.net\/portal\/?p=426900"},"modified":"2026-09-01T22:12:04","modified_gmt":"2026-09-02T02:12:04","slug":"fitaz-arranco-con-paura-apologia-del-circo-y-la-risa-frente-al-miedo","status":"publish","type":"post","link":"https:\/\/www.eldiario.net\/portal\/2026\/09\/02\/fitaz-arranco-con-paura-apologia-del-circo-y-la-risa-frente-al-miedo\/","title":{"rendered":"FITAZ arranc\u00f3 con Pa\u00fcra, apolog\u00eda del circo y la risa frente al miedo"},"content":{"rendered":"<p>El Festival Internacional de Teatro de La Paz (FITAZ) levant\u00f3 el tel\u00f3n de su decimoquinta edici\u00f3n con una propuesta tan profunda como conmovedora: Pa\u00fcra, obra de la prestigiosa Compa\u00f1\u00eda Lucas Escobedo de Espa\u00f1a. La funci\u00f3n inaugural se convirti\u00f3 en un viaje colectivo en el cual el miedo, esa emoci\u00f3n tan intr\u00ednseca a la condici\u00f3n humana, se subi\u00f3 al escenario no para paralizar, sino para ser observado, atravesado y desmontado mediante el arte.<\/p>\n<p>Con una impecable fusi\u00f3n de circo, teatro, clown, humor y m\u00fasica en directo, la pieza logr\u00f3 transformar los temores cotidianos en un espacio de juego y creaci\u00f3n compartida. La puesta en escena atrap\u00f3 al p\u00fablico pace\u00f1o desde el primer momento, demostrando que la risa y la poes\u00eda visual son las mejores herramientas para abordar las sombras que nos acompa\u00f1an en el d\u00eda a d\u00eda.<\/p>\n<p>La llegada de Pa\u00fcra al festival no se limit\u00f3 \u00fanicamente a la apertura. La Compa\u00f1\u00eda Lucas Escobedo extendi\u00f3 su propuesta estrat\u00e9gica mediante actividades formativas destinadas a la comunidad art\u00edstica local, adem\u00e1s de ofrecer una nueva presentaci\u00f3n en la ciudad de El Alto, democratizando el acceso a las artes esc\u00e9nicas de alto nivel y descentralizando la oferta cultural.<\/p>\n<p>Esta destacada participaci\u00f3n internacional fue posible gracias al impulso del Centro Cultural de Espa\u00f1a en La Paz (CCELP) de la AECID, instituci\u00f3n que celebra su apoyo a esta edici\u00f3n del FITAZ en un marco especial: la conmemoraci\u00f3n de los 40 a\u00f1os de presencia de la Cooperaci\u00f3n Espa\u00f1ola (AECID) en Bolivia. Este esfuerzo reafirma el compromiso de la instituci\u00f3n con el intercambio cultural y el fortalecimiento de lazos art\u00edsticos entre ambas naciones.<\/p>\n<p>El arranque del XV FITAZ deja la vara alta para los d\u00edas de fiesta teatral que se avecinan en la sede de Gobierno. Gracias a la entrega de la Compa\u00f1\u00eda Lucas Escobedo, a la impecable gesti\u00f3n del festival y al c\u00e1lido recibimiento del p\u00fablico, Pa\u00fcra record\u00f3 que el teatro sigue siendo ese espacio sagrado donde los miedos compartidos pesan mucho menos y se convierten en puro arte.<\/p>\n<p>Fotos: CCELP<\/p>\n\r\n                <style type=\"text\/css\">\r\n                    \r\n                    #tdi_1  .td-doubleSlider-2 .td-item1 {\r\n                        background: url(https:\/\/www.eldiario.net\/portal\/wp-content\/uploads\/2026\/09\/FOTO-5-80x60.webp) 0 0 no-repeat;\r\n                    }\r\n                    #tdi_1  .td-doubleSlider-2 .td-item2 {\r\n                        background: url(https:\/\/www.eldiario.net\/portal\/wp-content\/uploads\/2026\/09\/FOTO-1-80x60.webp) 0 0 no-repeat;\r\n                    }\r\n                    #tdi_1  .td-doubleSlider-2 .td-item3 {\r\n                        background: url(https:\/\/www.eldiario.net\/portal\/wp-content\/uploads\/2026\/09\/FOTO-2-80x60.webp) 0 0 no-repeat;\r\n                    }\r\n                    #tdi_1  .td-doubleSlider-2 .td-item4 {\r\n                        background: url(https:\/\/www.eldiario.net\/portal\/wp-content\/uploads\/2026\/09\/FOTO-3-80x60.webp) 0 0 no-repeat;\r\n                    }\r\n                    #tdi_1  .td-doubleSlider-2 .td-item5 {\r\n                        background: url(https:\/\/www.eldiario.net\/portal\/wp-content\/uploads\/2026\/09\/FOTO-4-80x60.webp) 0 0 no-repeat;\r\n                    }\r\n                <\/style>\r\n\r\n                <div id=\"tdi_1\" class=\"td-gallery td-slide-on-2-columns\">\r\n                    <div class=\"post_td_gallery\">\r\n                        <div class=\"td-gallery-slide-top\">\r\n                           <div class=\"td-gallery-title\"><\/div>\r\n\r\n                            <div class=\"td-gallery-controls-wrapper\">\r\n                                <div class=\"td-gallery-slide-count\"><span class=\"td-gallery-slide-item-focus\">1<\/span> de 5<\/div>\r\n                                <div class=\"td-gallery-slide-prev-next-but\">\r\n                                    <i class = \"td-icon-left doubleSliderPrevButton\"><\/i>\r\n                                    <i class = \"td-icon-right doubleSliderNextButton\"><\/i>\r\n                                <\/div>\r\n                            <\/div>\r\n                        <\/div>\r\n\r\n                        <div class = \"td-doubleSlider-1 \">\r\n                            <div class = \"td-slider\">\r\n                                \r\n                    <div class = \"td-slide-item td-item1\">\r\n                        <figure class=\"td-slide-galery-figure td-slide-popup-gallery\">\r\n                            <a class=\"slide-gallery-image-link\" href=\"https:\/\/www.eldiario.net\/portal\/wp-content\/uploads\/2026\/09\/FOTO-5.webp\" title=\"FOTO-5\"  data-caption=\"\"  data-description=\"\">\r\n                                <img decoding=\"async\" src=\"https:\/\/www.eldiario.net\/portal\/wp-content\/uploads\/2026\/09\/FOTO-5-344x420.webp\" srcset=\"https:\/\/www.eldiario.net\/portal\/wp-content\/uploads\/2026\/09\/FOTO-5-344x420.webp 344w, https:\/\/www.eldiario.net\/portal\/wp-content\/uploads\/2026\/09\/FOTO-5-246x300.webp 246w, https:\/\/www.eldiario.net\/portal\/wp-content\/uploads\/2026\/09\/FOTO-5-839x1024.webp 839w, https:\/\/www.eldiario.net\/portal\/wp-content\/uploads\/2026\/09\/FOTO-5-768x937.webp 768w, https:\/\/www.eldiario.net\/portal\/wp-content\/uploads\/2026\/09\/FOTO-5-150x183.webp 150w, https:\/\/www.eldiario.net\/portal\/wp-content\/uploads\/2026\/09\/FOTO-5-300x366.webp 300w, https:\/\/www.eldiario.net\/portal\/wp-content\/uploads\/2026\/09\/FOTO-5-696x849.webp 696w, https:\/\/www.eldiario.net\/portal\/wp-content\/uploads\/2026\/09\/FOTO-5-1068x1303.webp 1068w, https:\/\/www.eldiario.net\/portal\/wp-content\/uploads\/2026\/09\/FOTO-5.webp 1200w\" sizes=\"(max-width: 344px) 100vw, 344px\" alt=\"\">\r\n                            <\/a>\r\n                            \r\n                        <\/figure>\r\n                    <\/div>\r\n                    <div class = \"td-slide-item td-item2\">\r\n                        <figure class=\"td-slide-galery-figure td-slide-popup-gallery\">\r\n                            <a class=\"slide-gallery-image-link\" href=\"https:\/\/www.eldiario.net\/portal\/wp-content\/uploads\/2026\/09\/FOTO-1.webp\" title=\"FOTO-1\"  data-caption=\"\"  data-description=\"\">\r\n                                <img decoding=\"async\" src=\"https:\/\/www.eldiario.net\/portal\/wp-content\/uploads\/2026\/09\/FOTO-1-315x420.webp\" srcset=\"https:\/\/www.eldiario.net\/portal\/wp-content\/uploads\/2026\/09\/FOTO-1-315x420.webp 315w, https:\/\/www.eldiario.net\/portal\/wp-content\/uploads\/2026\/09\/FOTO-1-225x300.webp 225w, https:\/\/www.eldiario.net\/portal\/wp-content\/uploads\/2026\/09\/FOTO-1-768x1024.webp 768w, https:\/\/www.eldiario.net\/portal\/wp-content\/uploads\/2026\/09\/FOTO-1-1152x1536.webp 1152w, https:\/\/www.eldiario.net\/portal\/wp-content\/uploads\/2026\/09\/FOTO-1-150x200.webp 150w, https:\/\/www.eldiario.net\/portal\/wp-content\/uploads\/2026\/09\/FOTO-1-300x400.webp 300w, https:\/\/www.eldiario.net\/portal\/wp-content\/uploads\/2026\/09\/FOTO-1-696x928.webp 696w, https:\/\/www.eldiario.net\/portal\/wp-content\/uploads\/2026\/09\/FOTO-1-1068x1424.webp 1068w, https:\/\/www.eldiario.net\/portal\/wp-content\/uploads\/2026\/09\/FOTO-1.webp 1200w\" sizes=\"(max-width: 315px) 100vw, 315px\" alt=\"\">\r\n                            <\/a>\r\n                            \r\n                        <\/figure>\r\n                    <\/div>\r\n                    <div class = \"td-slide-item td-item3\">\r\n                        <figure class=\"td-slide-galery-figure td-slide-popup-gallery\">\r\n                            <a class=\"slide-gallery-image-link\" href=\"https:\/\/www.eldiario.net\/portal\/wp-content\/uploads\/2026\/09\/FOTO-2.webp\" title=\"FOTO-2\"  data-caption=\"\"  data-description=\"\">\r\n                                <img decoding=\"async\" src=\"https:\/\/www.eldiario.net\/portal\/wp-content\/uploads\/2026\/09\/FOTO-2-315x420.webp\" srcset=\"https:\/\/www.eldiario.net\/portal\/wp-content\/uploads\/2026\/09\/FOTO-2-315x420.webp 315w, https:\/\/www.eldiario.net\/portal\/wp-content\/uploads\/2026\/09\/FOTO-2-225x300.webp 225w, https:\/\/www.eldiario.net\/portal\/wp-content\/uploads\/2026\/09\/FOTO-2-768x1024.webp 768w, https:\/\/www.eldiario.net\/portal\/wp-content\/uploads\/2026\/09\/FOTO-2-1152x1536.webp 1152w, https:\/\/www.eldiario.net\/portal\/wp-content\/uploads\/2026\/09\/FOTO-2-150x200.webp 150w, https:\/\/www.eldiario.net\/portal\/wp-content\/uploads\/2026\/09\/FOTO-2-300x400.webp 300w, https:\/\/www.eldiario.net\/portal\/wp-content\/uploads\/2026\/09\/FOTO-2-696x928.webp 696w, https:\/\/www.eldiario.net\/portal\/wp-content\/uploads\/2026\/09\/FOTO-2-1068x1424.webp 1068w, https:\/\/www.eldiario.net\/portal\/wp-content\/uploads\/2026\/09\/FOTO-2.webp 1200w\" sizes=\"(max-width: 315px) 100vw, 315px\" alt=\"\">\r\n                            <\/a>\r\n                            \r\n                        <\/figure>\r\n                    <\/div>\r\n                    <div class = \"td-slide-item td-item4\">\r\n                        <figure class=\"td-slide-galery-figure td-slide-popup-gallery\">\r\n                            <a class=\"slide-gallery-image-link\" href=\"https:\/\/www.eldiario.net\/portal\/wp-content\/uploads\/2026\/09\/FOTO-3.webp\" title=\"FOTO-3\"  data-caption=\"\"  data-description=\"\">\r\n                                <img decoding=\"async\" src=\"https:\/\/www.eldiario.net\/portal\/wp-content\/uploads\/2026\/09\/FOTO-3-315x420.webp\" srcset=\"https:\/\/www.eldiario.net\/portal\/wp-content\/uploads\/2026\/09\/FOTO-3-315x420.webp 315w, https:\/\/www.eldiario.net\/portal\/wp-content\/uploads\/2026\/09\/FOTO-3-225x300.webp 225w, https:\/\/www.eldiario.net\/portal\/wp-content\/uploads\/2026\/09\/FOTO-3-768x1024.webp 768w, https:\/\/www.eldiario.net\/portal\/wp-content\/uploads\/2026\/09\/FOTO-3-1152x1536.webp 1152w, https:\/\/www.eldiario.net\/portal\/wp-content\/uploads\/2026\/09\/FOTO-3-150x200.webp 150w, https:\/\/www.eldiario.net\/portal\/wp-content\/uploads\/2026\/09\/FOTO-3-300x400.webp 300w, https:\/\/www.eldiario.net\/portal\/wp-content\/uploads\/2026\/09\/FOTO-3-696x928.webp 696w, https:\/\/www.eldiario.net\/portal\/wp-content\/uploads\/2026\/09\/FOTO-3-1068x1424.webp 1068w, https:\/\/www.eldiario.net\/portal\/wp-content\/uploads\/2026\/09\/FOTO-3.webp 1200w\" sizes=\"(max-width: 315px) 100vw, 315px\" alt=\"\">\r\n                            <\/a>\r\n                            \r\n                        <\/figure>\r\n                    <\/div>\r\n                    <div class = \"td-slide-item td-item5\">\r\n                        <figure class=\"td-slide-galery-figure td-slide-popup-gallery\">\r\n                            <a class=\"slide-gallery-image-link\" href=\"https:\/\/www.eldiario.net\/portal\/wp-content\/uploads\/2026\/09\/FOTO-4.webp\" title=\"FOTO-4\"  data-caption=\"\"  data-description=\"\">\r\n                                <img decoding=\"async\" src=\"https:\/\/www.eldiario.net\/portal\/wp-content\/uploads\/2026\/09\/FOTO-4-315x420.webp\" srcset=\"https:\/\/www.eldiario.net\/portal\/wp-content\/uploads\/2026\/09\/FOTO-4-315x420.webp 315w, https:\/\/www.eldiario.net\/portal\/wp-content\/uploads\/2026\/09\/FOTO-4-225x300.webp 225w, https:\/\/www.eldiario.net\/portal\/wp-content\/uploads\/2026\/09\/FOTO-4-768x1024.webp 768w, https:\/\/www.eldiario.net\/portal\/wp-content\/uploads\/2026\/09\/FOTO-4-1152x1536.webp 1152w, https:\/\/www.eldiario.net\/portal\/wp-content\/uploads\/2026\/09\/FOTO-4-150x200.webp 150w, https:\/\/www.eldiario.net\/portal\/wp-content\/uploads\/2026\/09\/FOTO-4-300x400.webp 300w, https:\/\/www.eldiario.net\/portal\/wp-content\/uploads\/2026\/09\/FOTO-4-696x928.webp 696w, https:\/\/www.eldiario.net\/portal\/wp-content\/uploads\/2026\/09\/FOTO-4-1068x1424.webp 1068w, https:\/\/www.eldiario.net\/portal\/wp-content\/uploads\/2026\/09\/FOTO-4.webp 1200w\" sizes=\"(max-width: 315px) 100vw, 315px\" alt=\"\">\r\n                            <\/a>\r\n                            \r\n                        <\/figure>\r\n                    <\/div>\r\n                            <\/div>\r\n                        <\/div>\r\n\r\n                        <div class = \"td-doubleSlider-2\">\r\n                            <div class = \"td-slider\">\r\n                                \r\n                    <div class = \"td-button td-item1\">\r\n                        <div class = \"td-border\"><\/div>\r\n                    <\/div>\r\n                    <div class = \"td-button td-item2\">\r\n                        <div class = \"td-border\"><\/div>\r\n                    <\/div>\r\n                    <div class = \"td-button td-item3\">\r\n                        <div class = \"td-border\"><\/div>\r\n                    <\/div>\r\n                    <div class = \"td-button td-item4\">\r\n                        <div class = \"td-border\"><\/div>\r\n                    <\/div>\r\n                    <div class = \"td-button td-item5\">\r\n                        <div class = \"td-border\"><\/div>\r\n                    <\/div>\r\n                            <\/div>\r\n                        <\/div>\r\n\r\n                    <\/div>\r\n\r\n                <\/div>\r\n                \n","protected":false},"excerpt":{"rendered":"<p>El Festival Internacional de Teatro de La Paz (FITAZ) levant\u00f3 el tel\u00f3n de su decimoquinta edici\u00f3n con una propuesta tan profunda como conmovedora: Pa\u00fcra, obra de la prestigiosa Compa\u00f1\u00eda Lucas Escobedo de Espa\u00f1a. La funci\u00f3n inaugural se convirti\u00f3 en un viaje colectivo en el cual el miedo, esa emoci\u00f3n tan intr\u00ednseca a la condici\u00f3n humana, [&hellip;]<\/p>\n","protected":false},"author":1,"featured_media":426902,"comment_status":"closed","ping_status":"open","sticky":false,"template":"","format":"standard","meta":{"_acf_changed":false,"footnotes":""},"categories":[42],"tags":[],"class_list":["post-426900","post","type-post","status-publish","format-standard","has-post-thumbnail","category-femenina"],"acf":{"antetitulo":"Artes esc\u00e9nicas en La Paz"},"yoast_head":"<!-- This site is optimized with the Yoast SEO plugin v28.3 - https:\/\/yoast.com\/product\/yoast-seo-wordpress\/ -->\n<title>FITAZ arranc\u00f3 con Pa\u00fcra, apolog\u00eda del circo y la risa frente al miedo - El Diario - Bolivia<\/title>\n<meta name=\"robots\" content=\"index, follow, max-snippet:-1, max-image-preview:large, max-video-preview:-1\" \/>\n<link rel=\"canonical\" href=\"https:\/\/www.eldiario.net\/portal\/2026\/09\/02\/fitaz-arranco-con-paura-apologia-del-circo-y-la-risa-frente-al-miedo\/\" \/>\n<meta property=\"og:locale\" content=\"es_ES\" \/>\n<meta property=\"og:type\" content=\"article\" \/>\n<meta property=\"og:title\" content=\"FITAZ arranc\u00f3 con Pa\u00fcra, apolog\u00eda del circo y la risa frente al miedo - El Diario - Bolivia\" \/>\n<meta property=\"og:description\" content=\"El Festival Internacional de Teatro de La Paz (FITAZ) levant\u00f3 el tel\u00f3n de su decimoquinta edici\u00f3n con una propuesta tan profunda como conmovedora: Pa\u00fcra, obra de la prestigiosa Compa\u00f1\u00eda Lucas Escobedo de Espa\u00f1a. La funci\u00f3n inaugural se convirti\u00f3 en un viaje colectivo en el cual el miedo, esa emoci\u00f3n tan intr\u00ednseca a la condici\u00f3n humana, [&hellip;]\" \/>\n<meta property=\"og:url\" content=\"https:\/\/www.eldiario.net\/portal\/2026\/09\/02\/fitaz-arranco-con-paura-apologia-del-circo-y-la-risa-frente-al-miedo\/\" \/>\n<meta property=\"og:site_name\" content=\"El Diario - Bolivia\" \/>\n<meta property=\"article:publisher\" content=\"https:\/\/www.facebook.com\/eldiario.bolivia\/\" \/>\n<meta property=\"article:published_time\" content=\"2026-09-02T05:10:40+00:00\" \/>\n<meta property=\"og:image\" content=\"https:\/\/www.eldiario.net\/portal\/wp-content\/uploads\/2026\/09\/FOTO-1.webp\" \/>\n\t<meta property=\"og:image:width\" content=\"1200\" \/>\n\t<meta property=\"og:image:height\" content=\"1600\" \/>\n\t<meta property=\"og:image:type\" content=\"image\/webp\" \/>\n<meta name=\"author\" content=\"Jeanette\" \/>\n<meta name=\"twitter:card\" content=\"summary_large_image\" \/>\n<meta name=\"twitter:creator\" content=\"@eldiario_net\" \/>\n<meta name=\"twitter:site\" content=\"@eldiario_net\" \/>\n<meta name=\"twitter:label1\" content=\"Escrito por\" \/>\n\t<meta name=\"twitter:data1\" content=\"Jeanette\" \/>\n\t<meta name=\"twitter:label2\" content=\"Tiempo de lectura\" \/>\n\t<meta name=\"twitter:data2\" content=\"2 minutos\" \/>\n<script type=\"application\/ld+json\" class=\"yoast-schema-graph\">{\"@context\":\"https:\\\/\\\/schema.org\",\"@graph\":[{\"@type\":\"Article\",\"@id\":\"https:\\\/\\\/www.eldiario.net\\\/portal\\\/2026\\\/09\\\/02\\\/fitaz-arranco-con-paura-apologia-del-circo-y-la-risa-frente-al-miedo\\\/#article\",\"isPartOf\":{\"@id\":\"https:\\\/\\\/www.eldiario.net\\\/portal\\\/2026\\\/09\\\/02\\\/fitaz-arranco-con-paura-apologia-del-circo-y-la-risa-frente-al-miedo\\\/\"},\"author\":{\"name\":\"Jeanette\",\"@id\":\"https:\\\/\\\/www.eldiario.net\\\/portal\\\/#\\\/schema\\\/person\\\/f46445640444750d7d753ccd04ae01b7\"},\"headline\":\"FITAZ arranc\u00f3 con Pa\u00fcra, apolog\u00eda del circo y la risa frente al miedo\",\"datePublished\":\"2026-09-02T05:10:40+00:00\",\"mainEntityOfPage\":{\"@id\":\"https:\\\/\\\/www.eldiario.net\\\/portal\\\/2026\\\/09\\\/02\\\/fitaz-arranco-con-paura-apologia-del-circo-y-la-risa-frente-al-miedo\\\/\"},\"wordCount\":397,\"publisher\":{\"@id\":\"https:\\\/\\\/www.eldiario.net\\\/portal\\\/#organization\"},\"image\":{\"@id\":\"https:\\\/\\\/www.eldiario.net\\\/portal\\\/2026\\\/09\\\/02\\\/fitaz-arranco-con-paura-apologia-del-circo-y-la-risa-frente-al-miedo\\\/#primaryimage\"},\"thumbnailUrl\":\"https:\\\/\\\/www.eldiario.net\\\/portal\\\/wp-content\\\/uploads\\\/2026\\\/09\\\/FOTO-1.webp\",\"articleSection\":[\"Femenina\"],\"inLanguage\":\"es\"},{\"@type\":\"WebPage\",\"@id\":\"https:\\\/\\\/www.eldiario.net\\\/portal\\\/2026\\\/09\\\/02\\\/fitaz-arranco-con-paura-apologia-del-circo-y-la-risa-frente-al-miedo\\\/\",\"url\":\"https:\\\/\\\/www.eldiario.net\\\/portal\\\/2026\\\/09\\\/02\\\/fitaz-arranco-con-paura-apologia-del-circo-y-la-risa-frente-al-miedo\\\/\",\"name\":\"FITAZ arranc\u00f3 con Pa\u00fcra, apolog\u00eda del circo y la risa frente al miedo - El Diario - Bolivia\",\"isPartOf\":{\"@id\":\"https:\\\/\\\/www.eldiario.net\\\/portal\\\/#website\"},\"primaryImageOfPage\":{\"@id\":\"https:\\\/\\\/www.eldiario.net\\\/portal\\\/2026\\\/09\\\/02\\\/fitaz-arranco-con-paura-apologia-del-circo-y-la-risa-frente-al-miedo\\\/#primaryimage\"},\"image\":{\"@id\":\"https:\\\/\\\/www.eldiario.net\\\/portal\\\/2026\\\/09\\\/02\\\/fitaz-arranco-con-paura-apologia-del-circo-y-la-risa-frente-al-miedo\\\/#primaryimage\"},\"thumbnailUrl\":\"https:\\\/\\\/www.eldiario.net\\\/portal\\\/wp-content\\\/uploads\\\/2026\\\/09\\\/FOTO-1.webp\",\"datePublished\":\"2026-09-02T05:10:40+00:00\",\"breadcrumb\":{\"@id\":\"https:\\\/\\\/www.eldiario.net\\\/portal\\\/2026\\\/09\\\/02\\\/fitaz-arranco-con-paura-apologia-del-circo-y-la-risa-frente-al-miedo\\\/#breadcrumb\"},\"inLanguage\":\"es\",\"potentialAction\":[{\"@type\":\"ReadAction\",\"target\":[\"https:\\\/\\\/www.eldiario.net\\\/portal\\\/2026\\\/09\\\/02\\\/fitaz-arranco-con-paura-apologia-del-circo-y-la-risa-frente-al-miedo\\\/\"]}]},{\"@type\":\"ImageObject\",\"inLanguage\":\"es\",\"@id\":\"https:\\\/\\\/www.eldiario.net\\\/portal\\\/2026\\\/09\\\/02\\\/fitaz-arranco-con-paura-apologia-del-circo-y-la-risa-frente-al-miedo\\\/#primaryimage\",\"url\":\"https:\\\/\\\/www.eldiario.net\\\/portal\\\/wp-content\\\/uploads\\\/2026\\\/09\\\/FOTO-1.webp\",\"contentUrl\":\"https:\\\/\\\/www.eldiario.net\\\/portal\\\/wp-content\\\/uploads\\\/2026\\\/09\\\/FOTO-1.webp\",\"width\":1200,\"height\":1600},{\"@type\":\"BreadcrumbList\",\"@id\":\"https:\\\/\\\/www.eldiario.net\\\/portal\\\/2026\\\/09\\\/02\\\/fitaz-arranco-con-paura-apologia-del-circo-y-la-risa-frente-al-miedo\\\/#breadcrumb\",\"itemListElement\":[{\"@type\":\"ListItem\",\"position\":1,\"name\":\"Portada\",\"item\":\"https:\\\/\\\/www.eldiario.net\\\/portal\\\/\"},{\"@type\":\"ListItem\",\"position\":2,\"name\":\"FITAZ arranc\u00f3 con Pa\u00fcra, apolog\u00eda del circo y la risa frente al miedo\"}]},{\"@type\":\"WebSite\",\"@id\":\"https:\\\/\\\/www.eldiario.net\\\/portal\\\/#website\",\"url\":\"https:\\\/\\\/www.eldiario.net\\\/portal\\\/\",\"name\":\"El Diario - Decano de la prensa nacional\",\"description\":\"El Diario - Decano de la prensa nacional\",\"publisher\":{\"@id\":\"https:\\\/\\\/www.eldiario.net\\\/portal\\\/#organization\"},\"potentialAction\":[{\"@type\":\"SearchAction\",\"target\":{\"@type\":\"EntryPoint\",\"urlTemplate\":\"https:\\\/\\\/www.eldiario.net\\\/portal\\\/?s={search_term_string}\"},\"query-input\":{\"@type\":\"PropertyValueSpecification\",\"valueRequired\":true,\"valueName\":\"search_term_string\"}}],\"inLanguage\":\"es\"},{\"@type\":\"Organization\",\"@id\":\"https:\\\/\\\/www.eldiario.net\\\/portal\\\/#organization\",\"name\":\"El Diario - Decano de la prensa nacional\",\"url\":\"https:\\\/\\\/www.eldiario.net\\\/portal\\\/\",\"logo\":{\"@type\":\"ImageObject\",\"inLanguage\":\"es\",\"@id\":\"https:\\\/\\\/www.eldiario.net\\\/portal\\\/#\\\/schema\\\/logo\\\/image\\\/\",\"url\":\"https:\\\/\\\/www.eldiario.net\\\/portal\\\/wp-content\\\/uploads\\\/2023\\\/07\\\/logo_ED.jpg\",\"contentUrl\":\"https:\\\/\\\/www.eldiario.net\\\/portal\\\/wp-content\\\/uploads\\\/2023\\\/07\\\/logo_ED.jpg\",\"width\":272,\"height\":52,\"caption\":\"El Diario - Decano de la prensa nacional\"},\"image\":{\"@id\":\"https:\\\/\\\/www.eldiario.net\\\/portal\\\/#\\\/schema\\\/logo\\\/image\\\/\"},\"sameAs\":[\"https:\\\/\\\/www.facebook.com\\\/eldiario.bolivia\\\/\",\"https:\\\/\\\/x.com\\\/eldiario_net\"]},{\"@type\":\"Person\",\"@id\":\"https:\\\/\\\/www.eldiario.net\\\/portal\\\/#\\\/schema\\\/person\\\/f46445640444750d7d753ccd04ae01b7\",\"name\":\"Jeanette\",\"image\":{\"@type\":\"ImageObject\",\"inLanguage\":\"es\",\"@id\":\"https:\\\/\\\/secure.gravatar.com\\\/avatar\\\/3ea2118a5f7dad2b7138b1187a6b7ee55f160b9968b66013c3a3ef39dd7e5798?s=96&d=mm&r=g\",\"url\":\"https:\\\/\\\/secure.gravatar.com\\\/avatar\\\/3ea2118a5f7dad2b7138b1187a6b7ee55f160b9968b66013c3a3ef39dd7e5798?s=96&d=mm&r=g\",\"contentUrl\":\"https:\\\/\\\/secure.gravatar.com\\\/avatar\\\/3ea2118a5f7dad2b7138b1187a6b7ee55f160b9968b66013c3a3ef39dd7e5798?s=96&d=mm&r=g\",\"caption\":\"Jeanette\"},\"sameAs\":[\"https:\\\/\\\/www.eldiario.net\\\/portal\"],\"url\":\"https:\\\/\\\/www.eldiario.net\\\/portal\\\/author\\\/jeanette\\\/\"}]}<\/script>\n<!-- \/ Yoast SEO plugin. -->","yoast_head_json":{"title":"FITAZ arranc\u00f3 con Pa\u00fcra, apolog\u00eda del circo y la risa frente al miedo - El Diario - Bolivia","robots":{"index":"index","follow":"follow","max-snippet":"max-snippet:-1","max-image-preview":"max-image-preview:large","max-video-preview":"max-video-preview:-1"},"canonical":"https:\/\/www.eldiario.net\/portal\/2026\/09\/02\/fitaz-arranco-con-paura-apologia-del-circo-y-la-risa-frente-al-miedo\/","og_locale":"es_ES","og_type":"article","og_title":"FITAZ arranc\u00f3 con Pa\u00fcra, apolog\u00eda del circo y la risa frente al miedo - El Diario - Bolivia","og_description":"El Festival Internacional de Teatro de La Paz (FITAZ) levant\u00f3 el tel\u00f3n de su decimoquinta edici\u00f3n con una propuesta tan profunda como conmovedora: Pa\u00fcra, obra de la prestigiosa Compa\u00f1\u00eda Lucas Escobedo de Espa\u00f1a. La funci\u00f3n inaugural se convirti\u00f3 en un viaje colectivo en el cual el miedo, esa emoci\u00f3n tan intr\u00ednseca a la condici\u00f3n humana, [&hellip;]","og_url":"https:\/\/www.eldiario.net\/portal\/2026\/09\/02\/fitaz-arranco-con-paura-apologia-del-circo-y-la-risa-frente-al-miedo\/","og_site_name":"El Diario - Bolivia","article_publisher":"https:\/\/www.facebook.com\/eldiario.bolivia\/","article_published_time":"2026-09-02T05:10:40+00:00","og_image":[{"width":1200,"height":1600,"url":"https:\/\/www.eldiario.net\/portal\/wp-content\/uploads\/2026\/09\/FOTO-1.webp","type":"image\/webp"}],"author":"Jeanette","twitter_card":"summary_large_image","twitter_creator":"@eldiario_net","twitter_site":"@eldiario_net","twitter_misc":{"Escrito por":"Jeanette","Tiempo de lectura":"2 minutos"},"schema":{"@context":"https:\/\/schema.org","@graph":[{"@type":"Article","@id":"https:\/\/www.eldiario.net\/portal\/2026\/09\/02\/fitaz-arranco-con-paura-apologia-del-circo-y-la-risa-frente-al-miedo\/#article","isPartOf":{"@id":"https:\/\/www.eldiario.net\/portal\/2026\/09\/02\/fitaz-arranco-con-paura-apologia-del-circo-y-la-risa-frente-al-miedo\/"},"author":{"name":"Jeanette","@id":"https:\/\/www.eldiario.net\/portal\/#\/schema\/person\/f46445640444750d7d753ccd04ae01b7"},"headline":"FITAZ arranc\u00f3 con Pa\u00fcra, apolog\u00eda del circo y la risa frente al miedo","datePublished":"2026-09-02T05:10:40+00:00","mainEntityOfPage":{"@id":"https:\/\/www.eldiario.net\/portal\/2026\/09\/02\/fitaz-arranco-con-paura-apologia-del-circo-y-la-risa-frente-al-miedo\/"},"wordCount":397,"publisher":{"@id":"https:\/\/www.eldiario.net\/portal\/#organization"},"image":{"@id":"https:\/\/www.eldiario.net\/portal\/2026\/09\/02\/fitaz-arranco-con-paura-apologia-del-circo-y-la-risa-frente-al-miedo\/#primaryimage"},"thumbnailUrl":"https:\/\/www.eldiario.net\/portal\/wp-content\/uploads\/2026\/09\/FOTO-1.webp","articleSection":["Femenina"],"inLanguage":"es"},{"@type":"WebPage","@id":"https:\/\/www.eldiario.net\/portal\/2026\/09\/02\/fitaz-arranco-con-paura-apologia-del-circo-y-la-risa-frente-al-miedo\/","url":"https:\/\/www.eldiario.net\/portal\/2026\/09\/02\/fitaz-arranco-con-paura-apologia-del-circo-y-la-risa-frente-al-miedo\/","name":"FITAZ arranc\u00f3 con Pa\u00fcra, apolog\u00eda del circo y la risa frente al miedo - El Diario - Bolivia","isPartOf":{"@id":"https:\/\/www.eldiario.net\/portal\/#website"},"primaryImageOfPage":{"@id":"https:\/\/www.eldiario.net\/portal\/2026\/09\/02\/fitaz-arranco-con-paura-apologia-del-circo-y-la-risa-frente-al-miedo\/#primaryimage"},"image":{"@id":"https:\/\/www.eldiario.net\/portal\/2026\/09\/02\/fitaz-arranco-con-paura-apologia-del-circo-y-la-risa-frente-al-miedo\/#primaryimage"},"thumbnailUrl":"https:\/\/www.eldiario.net\/portal\/wp-content\/uploads\/2026\/09\/FOTO-1.webp","datePublished":"2026-09-02T05:10:40+00:00","breadcrumb":{"@id":"https:\/\/www.eldiario.net\/portal\/2026\/09\/02\/fitaz-arranco-con-paura-apologia-del-circo-y-la-risa-frente-al-miedo\/#breadcrumb"},"inLanguage":"es","potentialAction":[{"@type":"ReadAction","target":["https:\/\/www.eldiario.net\/portal\/2026\/09\/02\/fitaz-arranco-con-paura-apologia-del-circo-y-la-risa-frente-al-miedo\/"]}]},{"@type":"ImageObject","inLanguage":"es","@id":"https:\/\/www.eldiario.net\/portal\/2026\/09\/02\/fitaz-arranco-con-paura-apologia-del-circo-y-la-risa-frente-al-miedo\/#primaryimage","url":"https:\/\/www.eldiario.net\/portal\/wp-content\/uploads\/2026\/09\/FOTO-1.webp","contentUrl":"https:\/\/www.eldiario.net\/portal\/wp-content\/uploads\/2026\/09\/FOTO-1.webp","width":1200,"height":1600},{"@type":"BreadcrumbList","@id":"https:\/\/www.eldiario.net\/portal\/2026\/09\/02\/fitaz-arranco-con-paura-apologia-del-circo-y-la-risa-frente-al-miedo\/#breadcrumb","itemListElement":[{"@type":"ListItem","position":1,"name":"Portada","item":"https:\/\/www.eldiario.net\/portal\/"},{"@type":"ListItem","position":2,"name":"FITAZ arranc\u00f3 con Pa\u00fcra, apolog\u00eda del circo y la risa frente al miedo"}]},{"@type":"WebSite","@id":"https:\/\/www.eldiario.net\/portal\/#website","url":"https:\/\/www.eldiario.net\/portal\/","name":"El Diario - Decano de la prensa nacional","description":"El Diario - Decano de la prensa nacional","publisher":{"@id":"https:\/\/www.eldiario.net\/portal\/#organization"},"potentialAction":[{"@type":"SearchAction","target":{"@type":"EntryPoint","urlTemplate":"https:\/\/www.eldiario.net\/portal\/?s={search_term_string}"},"query-input":{"@type":"PropertyValueSpecification","valueRequired":true,"valueName":"search_term_string"}}],"inLanguage":"es"},{"@type":"Organization","@id":"https:\/\/www.eldiario.net\/portal\/#organization","name":"El Diario - Decano de la prensa nacional","url":"https:\/\/www.eldiario.net\/portal\/","logo":{"@type":"ImageObject","inLanguage":"es","@id":"https:\/\/www.eldiario.net\/portal\/#\/schema\/logo\/image\/","url":"https:\/\/www.eldiario.net\/portal\/wp-content\/uploads\/2023\/07\/logo_ED.jpg","contentUrl":"https:\/\/www.eldiario.net\/portal\/wp-content\/uploads\/2023\/07\/logo_ED.jpg","width":272,"height":52,"caption":"El Diario - Decano de la prensa nacional"},"image":{"@id":"https:\/\/www.eldiario.net\/portal\/#\/schema\/logo\/image\/"},"sameAs":["https:\/\/www.facebook.com\/eldiario.bolivia\/","https:\/\/x.com\/eldiario_net"]},{"@type":"Person","@id":"https:\/\/www.eldiario.net\/portal\/#\/schema\/person\/f46445640444750d7d753ccd04ae01b7","name":"Jeanette","image":{"@type":"ImageObject","inLanguage":"es","@id":"https:\/\/secure.gravatar.com\/avatar\/3ea2118a5f7dad2b7138b1187a6b7ee55f160b9968b66013c3a3ef39dd7e5798?s=96&d=mm&r=g","url":"https:\/\/secure.gravatar.com\/avatar\/3ea2118a5f7dad2b7138b1187a6b7ee55f160b9968b66013c3a3ef39dd7e5798?s=96&d=mm&r=g","contentUrl":"https:\/\/secure.gravatar.com\/avatar\/3ea2118a5f7dad2b7138b1187a6b7ee55f160b9968b66013c3a3ef39dd7e5798?s=96&d=mm&r=g","caption":"Jeanette"},"sameAs":["https:\/\/www.eldiario.net\/portal"],"url":"https:\/\/www.eldiario.net\/portal\/author\/jeanette\/"}]}},"_links":{"self":[{"href":"https:\/\/www.eldiario.net\/portal\/wp-json\/wp\/v2\/posts\/426900","targetHints":{"allow":["GET"]}}],"collection":[{"href":"https:\/\/www.eldiario.net\/portal\/wp-json\/wp\/v2\/posts"}],"about":[{"href":"https:\/\/www.eldiario.net\/portal\/wp-json\/wp\/v2\/types\/post"}],"author":[{"embeddable":true,"href":"https:\/\/www.eldiario.net\/portal\/wp-json\/wp\/v2\/users\/1"}],"replies":[{"embeddable":true,"href":"https:\/\/www.eldiario.net\/portal\/wp-json\/wp\/v2\/comments?post=426900"}],"version-history":[{"count":1,"href":"https:\/\/www.eldiario.net\/portal\/wp-json\/wp\/v2\/posts\/426900\/revisions"}],"predecessor-version":[{"id":426906,"href":"https:\/\/www.eldiario.net\/portal\/wp-json\/wp\/v2\/posts\/426900\/revisions\/426906"}],"wp:featuredmedia":[{"embeddable":true,"href":"https:\/\/www.eldiario.net\/portal\/wp-json\/wp\/v2\/media\/426902"}],"wp:attachment":[{"href":"https:\/\/www.eldiario.net\/portal\/wp-json\/wp\/v2\/media?parent=426900"}],"wp:term":[{"taxonomy":"category","embeddable":true,"href":"https:\/\/www.eldiario.net\/portal\/wp-json\/wp\/v2\/categories?post=426900"},{"taxonomy":"post_tag","embeddable":true,"href":"https:\/\/www.eldiario.net\/portal\/wp-json\/wp\/v2\/tags?post=426900"}],"curies":[{"name":"wp","href":"https:\/\/api.w.org\/{rel}","templated":true}]}}