{"id":426893,"date":"2026-09-02T01:02:17","date_gmt":"2026-09-02T05:02:17","guid":{"rendered":"https:\/\/www.eldiario.net\/portal\/?p=426893"},"modified":"2026-09-01T22:05:27","modified_gmt":"2026-09-02T02:05:27","slug":"la-paz-sede-de-la-cumbre-de-fimi-y-el-reconocimiento-a-awak","status":"publish","type":"post","link":"https:\/\/www.eldiario.net\/portal\/2026\/09\/02\/la-paz-sede-de-la-cumbre-de-fimi-y-el-reconocimiento-a-awak\/","title":{"rendered":"La Paz, sede de la cumbre de FIMI y el reconocimiento a AWAK"},"content":{"rendered":"<p>Por Susana Guti\u00e9rrez<\/p>\n<p>Del 22 al 28 de agosto, La Paz fue sede del liderazgo femenino ind\u00edgena de la regi\u00f3n. Durante una semana convocada por el Foro Internacional de Mujeres Ind\u00edgenas (FIMI), representantes de 18 organizaciones de Am\u00e9rica Latina y el Caribe desarrollaron una agenda variada sobre resiliencia clim\u00e1tica, gobernanza territorial y sostenibilidad econ\u00f3mica desde la identidad de sus pueblos.<\/p>\n<p>Como red global que celebra un cuarto de siglo de trabajo, FIMI articula a activistas y defensoras de derechos humanos de Asia, \u00c1frica, las Am\u00e9ricas, el \u00c1rtico y el Pac\u00edfico. La organizaci\u00f3n trabaja por el empoderamiento de las mujeres ind\u00edgenas mediante participaci\u00f3n pol\u00edtica, investigaci\u00f3n, su Escuela Global de Liderazgo y el cofinanciamiento de proyectos a trav\u00e9s del Fondo Ayni.<\/p>\n<p><strong>S<\/strong><strong>emana de articulaci\u00f3n pol\u00edtica y resiliencia clim\u00e1tica<\/strong><\/p>\n<p>La agenda incluy\u00f3 la planificaci\u00f3n estrat\u00e9gica del Fondo Ayni \u2014gestionado aut\u00f3nomamente por y para mujeres ind\u00edgenas\u2014 para evaluar avances y definir la convocatoria 2026-2027. De forma paralela, se desarroll\u00f3 el Taller de Inducci\u00f3n de Socios del programa IPAF con el Fondo Internacional de Desarrollo Agr\u00edcola (FIDA) de la ONU para reducir la pobreza rural y optimizar la seguridad alimentaria. Las jornadas cerraron con el encuentro regional de Articulaci\u00f3n y Aprendizaje (Liderando Desde el Sur), orientado a consolidar la incidencia pol\u00edtica en escenarios locales, regionales y globales.<\/p>\n<p><strong>El reconocimiento a la organizaci\u00f3n comunitaria AWAK<\/strong><\/p>\n<p>Como cierre de las actividades, FIMI entreg\u00f3 los galardones del premio al liderazgo \u00abDeporte para el bienestar y autocuidado de Mujeres Ind\u00edgenas\u00bb, una iniciativa que reconoci\u00f3 a cuatro organizaciones de distintas regiones del mundo con un est\u00edmulo de 15,000 d\u00f3lares para cada una. Por Am\u00e9rica Latina y el Caribe, la distinci\u00f3n fue para AWAK (palabra Kichwa que significa \u201ctejer\u201d), de Camuendo Chico, una peque\u00f1a aldea ind\u00edgena ubicada en el cant\u00f3n Otavalo, provincia de Imbabura, Ecuador.<\/p>\n<p><strong>M<\/strong><strong>ensaje de Yarina Moreta sobre la realidad territorial<\/strong><\/p>\n<p>Yarina Moreta, representante de AWAK, recibi\u00f3 el reconocimiento en nombre de su comunidad y expuso la dura realidad que enfrentan en el \u00e1rea rural, como el abandono estatal, la pobreza, la deserci\u00f3n escolar, la migraci\u00f3n que fractura a las familias y las situaciones de violencia f\u00edsica, psicol\u00f3gica y cultural. A esto se suman las jornadas en las que las mujeres asumen solas el cuidado del hogar, los hijos y los animales, adem\u00e1s del trabajo para sostenerse. Ante este panorama, explic\u00f3 c\u00f3mo en Camuendo Chico han construido espacios seguros mediante herramientas como la poes\u00eda y la escritura para prevenir la violencia de g\u00e9nero y el abuso sexual infantil en la ni\u00f1ez, permiti\u00e9ndoles sanar sus dolores a trav\u00e9s de la palabra.<\/p>\n<p><strong>J<\/strong><strong>uego ancestral como herramienta de sanaci\u00f3n y soberan\u00eda<\/strong><\/p>\n<p>En su intervenci\u00f3n, Yarina detall\u00f3 c\u00f3mo descubrieron que a trav\u00e9s del juego y el deporte ancestral pueden liberar el estr\u00e9s y sanar integralmente. Rescataron juegos tradicionales como el <em>Julikinge<\/em> \u2014que exige una alta flexibilidad\u2014, desafiando la norma hist\u00f3rica que los reservaba solo para hombres. Explic\u00f3 que ense\u00f1ar la importancia de estos juegos a la ni\u00f1ez transmite la resistencia de sus pueblos, la soberan\u00eda sobre sus propios cuerpos y la defensa de sus territorios. Destac\u00f3 adem\u00e1s que este trabajo comunitario involucra a unos 27 hogares de madres e hijos que se cuidan colectivamente, logrando productos concretos como la edici\u00f3n de discos de canciones tradicionales y la publicaci\u00f3n de libros de poes\u00eda y leyendas en tres idiomas, entre ellos el espa\u00f1ol y el Kichwa.<\/p>\n<p><strong>El tejido colectivo como motor de futuro<\/strong><\/p>\n<p>Visiblemente conmovida, Yarina enfatiz\u00f3 que en AWAK han aprendido a cuidarse colectivamente comprendiendo que \u00abtodo est\u00e1 entrelazado: cuidar a las mujeres es cuidar a los ni\u00f1os, a los adultos, la m\u00fasica, el idioma y el territorio\u00bb. La cumbre de FIMI en Bolivia demostr\u00f3 que el trabajo articulado entre el liderazgo regional y las iniciativas comunitarias de base es el verdadero motor de resiliencia y futuro para las mujeres ind\u00edgenas de todo el continente.<\/p>\n\r\n                <style type=\"text\/css\">\r\n                    \r\n                    #tdi_1  .td-doubleSlider-2 .td-item1 {\r\n                        background: url(https:\/\/www.eldiario.net\/portal\/wp-content\/uploads\/2026\/09\/NOTA-1-FOTO-3-80x60.webp) 0 0 no-repeat;\r\n                    }\r\n                    #tdi_1  .td-doubleSlider-2 .td-item2 {\r\n                        background: url(https:\/\/www.eldiario.net\/portal\/wp-content\/uploads\/2026\/09\/NOTA-1-FOTO-4-80x60.webp) 0 0 no-repeat;\r\n                    }\r\n                    #tdi_1  .td-doubleSlider-2 .td-item3 {\r\n                        background: url(https:\/\/www.eldiario.net\/portal\/wp-content\/uploads\/2026\/09\/NOTA-1-FOTO-5-80x60.webp) 0 0 no-repeat;\r\n                    }\r\n                    #tdi_1  .td-doubleSlider-2 .td-item4 {\r\n                        background: url(https:\/\/www.eldiario.net\/portal\/wp-content\/uploads\/2026\/09\/NOTA-1-FOTO-1-80x60.webp) 0 0 no-repeat;\r\n                    }\r\n                    #tdi_1  .td-doubleSlider-2 .td-item5 {\r\n                        background: url(https:\/\/www.eldiario.net\/portal\/wp-content\/uploads\/2026\/09\/NOTA-1-FOTO-2-80x60.webp) 0 0 no-repeat;\r\n                    }\r\n                <\/style>\r\n\r\n                <div id=\"tdi_1\" class=\"td-gallery td-slide-on-2-columns\">\r\n                    <div class=\"post_td_gallery\">\r\n                        <div class=\"td-gallery-slide-top\">\r\n                           <div class=\"td-gallery-title\"><\/div>\r\n\r\n                            <div class=\"td-gallery-controls-wrapper\">\r\n                                <div class=\"td-gallery-slide-count\"><span class=\"td-gallery-slide-item-focus\">1<\/span> de 5<\/div>\r\n                                <div class=\"td-gallery-slide-prev-next-but\">\r\n                                    <i class = \"td-icon-left doubleSliderPrevButton\"><\/i>\r\n                                    <i class = \"td-icon-right doubleSliderNextButton\"><\/i>\r\n                                <\/div>\r\n                            <\/div>\r\n                        <\/div>\r\n\r\n                        <div class = \"td-doubleSlider-1 \">\r\n                            <div class = \"td-slider\">\r\n                                \r\n                    <div class = \"td-slide-item td-item1\">\r\n                        <figure class=\"td-slide-galery-figure td-slide-popup-gallery\">\r\n                            <a class=\"slide-gallery-image-link\" href=\"https:\/\/www.eldiario.net\/portal\/wp-content\/uploads\/2026\/09\/NOTA-1-FOTO-3.webp\" title=\"NOTA 1 FOTO 3\"  data-caption=\"TERESA ZAPETA OTORGA EL PREMIO AL LIDERAZGO A YARINA MORETA, REPRESENTANTE DE AWAK. \"  data-description=\"TERESA ZAPETA OTORGA EL PREMIO AL LIDERAZGO A YARINA MORETA, REPRESENTANTE DE AWAK. \">\r\n                                <img decoding=\"async\" src=\"https:\/\/www.eldiario.net\/portal\/wp-content\/uploads\/2026\/09\/NOTA-1-FOTO-3-280x420.webp\" srcset=\"https:\/\/www.eldiario.net\/portal\/wp-content\/uploads\/2026\/09\/NOTA-1-FOTO-3-280x420.webp 280w, https:\/\/www.eldiario.net\/portal\/wp-content\/uploads\/2026\/09\/NOTA-1-FOTO-3-200x300.webp 200w, https:\/\/www.eldiario.net\/portal\/wp-content\/uploads\/2026\/09\/NOTA-1-FOTO-3-150x225.webp 150w, https:\/\/www.eldiario.net\/portal\/wp-content\/uploads\/2026\/09\/NOTA-1-FOTO-3-300x449.webp 300w, https:\/\/www.eldiario.net\/portal\/wp-content\/uploads\/2026\/09\/NOTA-1-FOTO-3.webp 500w\" sizes=\"(max-width: 280px) 100vw, 280px\" alt=\"\">\r\n                            <\/a>\r\n                            <figcaption class = \"td-slide-caption td-gallery-slide-content\"><div class = \"td-gallery-slide-copywrite\">TERESA ZAPETA OTORGA EL PREMIO AL LIDERAZGO A YARINA MORETA, REPRESENTANTE DE AWAK. <\/div><span>TERESA ZAPETA OTORGA EL PREMIO AL LIDERAZGO A YARINA MORETA, REPRESENTANTE DE AWAK. <\/span><\/figcaption>\r\n                        <\/figure>\r\n                    <\/div>\r\n                    <div class = \"td-slide-item td-item2\">\r\n                        <figure class=\"td-slide-galery-figure td-slide-popup-gallery\">\r\n                            <a class=\"slide-gallery-image-link\" href=\"https:\/\/www.eldiario.net\/portal\/wp-content\/uploads\/2026\/09\/NOTA-1-FOTO-4.webp\" title=\"NOTA 1 FOTO 4\"  data-caption=\"EN UN MOMENTO DE ESPIRITUALIDAD Y CONEXI\u00d3N CON LA NATURALEZA, LAS PARTICIPANTES DEL ENCUENTRO INTERNACIONAL DE MUJERES IND\u00cdGENAS SE UNEN EN UNA CEREMONIA DE OFRENDA A LA MADRE TIERRA.\"  data-description=\"EN UN MOMENTO DE ESPIRITUALIDAD Y CONEXI&Oacute;N CON LA NATURALEZA, LAS PARTICIPANTES DEL ENCUENTRO INTERNACIONAL DE MUJERES IND&Iacute;GENAS SE UNEN EN UNA CEREMONIA DE OFRENDA A LA MADRE TIERRA.\">\r\n                                <img decoding=\"async\" src=\"https:\/\/www.eldiario.net\/portal\/wp-content\/uploads\/2026\/09\/NOTA-1-FOTO-4.webp\" srcset=\"https:\/\/www.eldiario.net\/portal\/wp-content\/uploads\/2026\/09\/NOTA-1-FOTO-4.webp 500w, https:\/\/www.eldiario.net\/portal\/wp-content\/uploads\/2026\/09\/NOTA-1-FOTO-4-300x200.webp 300w, https:\/\/www.eldiario.net\/portal\/wp-content\/uploads\/2026\/09\/NOTA-1-FOTO-4-150x100.webp 150w\" sizes=\"(max-width: 500px) 100vw, 500px\" alt=\"\">\r\n                            <\/a>\r\n                            <figcaption class = \"td-slide-caption td-gallery-slide-content\"><div class = \"td-gallery-slide-copywrite\">EN UN MOMENTO DE ESPIRITUALIDAD Y CONEXI\u00d3N CON LA NATURALEZA, LAS PARTICIPANTES DEL ENCUENTRO INTERNACIONAL DE MUJERES IND\u00cdGENAS SE UNEN EN UNA CEREMONIA DE OFRENDA A LA MADRE TIERRA.<\/div><span>EN UN MOMENTO DE ESPIRITUALIDAD Y CONEXI\u00d3N CON LA NATURALEZA, LAS PARTICIPANTES DEL ENCUENTRO INTERNACIONAL DE MUJERES IND\u00cdGENAS SE UNEN EN UNA CEREMONIA DE OFRENDA A LA MADRE TIERRA.<\/span><\/figcaption>\r\n                        <\/figure>\r\n                    <\/div>\r\n                    <div class = \"td-slide-item td-item3\">\r\n                        <figure class=\"td-slide-galery-figure td-slide-popup-gallery\">\r\n                            <a class=\"slide-gallery-image-link\" href=\"https:\/\/www.eldiario.net\/portal\/wp-content\/uploads\/2026\/09\/NOTA-1-FOTO-5.webp\" title=\"NOTA 1 FOTO 5\"  data-caption=\"REPRESENTANTES DE DISTINTAS ORGANIZACIONES DE AM\u00c9RICA LATINA Y EL CARIBE COMPARTEN UN MOMENTO DE INTEGRACI\u00d3N AL T\u00c9RMINO DEL ENCUENTRO INTERNACIONAL DE FIMI EN LA PAZ.\"  data-description=\"REPRESENTANTES DE DISTINTAS ORGANIZACIONES DE AM&Eacute;RICA LATINA Y EL CARIBE COMPARTEN UN MOMENTO DE INTEGRACI&Oacute;N AL T&Eacute;RMINO DEL ENCUENTRO INTERNACIONAL DE FIMI EN LA PAZ.\">\r\n                                <img decoding=\"async\" src=\"https:\/\/www.eldiario.net\/portal\/wp-content\/uploads\/2026\/09\/NOTA-1-FOTO-5.webp\" srcset=\"https:\/\/www.eldiario.net\/portal\/wp-content\/uploads\/2026\/09\/NOTA-1-FOTO-5.webp 500w, https:\/\/www.eldiario.net\/portal\/wp-content\/uploads\/2026\/09\/NOTA-1-FOTO-5-300x200.webp 300w, https:\/\/www.eldiario.net\/portal\/wp-content\/uploads\/2026\/09\/NOTA-1-FOTO-5-150x100.webp 150w\" sizes=\"(max-width: 500px) 100vw, 500px\" alt=\"\">\r\n                            <\/a>\r\n                            <figcaption class = \"td-slide-caption td-gallery-slide-content\"><div class = \"td-gallery-slide-copywrite\">REPRESENTANTES DE DISTINTAS ORGANIZACIONES DE AM\u00c9RICA LATINA Y EL CARIBE COMPARTEN UN MOMENTO DE INTEGRACI\u00d3N AL T\u00c9RMINO DEL ENCUENTRO INTERNACIONAL DE FIMI EN LA PAZ.<\/div><span>REPRESENTANTES DE DISTINTAS ORGANIZACIONES DE AM\u00c9RICA LATINA Y EL CARIBE COMPARTEN UN MOMENTO DE INTEGRACI\u00d3N AL T\u00c9RMINO DEL ENCUENTRO INTERNACIONAL DE FIMI EN LA PAZ.<\/span><\/figcaption>\r\n                        <\/figure>\r\n                    <\/div>\r\n                    <div class = \"td-slide-item td-item4\">\r\n                        <figure class=\"td-slide-galery-figure td-slide-popup-gallery\">\r\n                            <a class=\"slide-gallery-image-link\" href=\"https:\/\/www.eldiario.net\/portal\/wp-content\/uploads\/2026\/09\/NOTA-1-FOTO-1.webp\" title=\"NOTA 1 FOTO 1\"  data-caption=\"YARINA MORETA, REPRESENTANTE DE CAMUENDO CHICO.\"  data-description=\"YARINA MORETA, REPRESENTANTE DE CAMUENDO CHICO.\">\r\n                                <img decoding=\"async\" src=\"https:\/\/www.eldiario.net\/portal\/wp-content\/uploads\/2026\/09\/NOTA-1-FOTO-1.webp\" srcset=\"https:\/\/www.eldiario.net\/portal\/wp-content\/uploads\/2026\/09\/NOTA-1-FOTO-1.webp 500w, https:\/\/www.eldiario.net\/portal\/wp-content\/uploads\/2026\/09\/NOTA-1-FOTO-1-300x200.webp 300w, https:\/\/www.eldiario.net\/portal\/wp-content\/uploads\/2026\/09\/NOTA-1-FOTO-1-150x100.webp 150w\" sizes=\"(max-width: 500px) 100vw, 500px\" alt=\"\">\r\n                            <\/a>\r\n                            <figcaption class = \"td-slide-caption td-gallery-slide-content\"><div class = \"td-gallery-slide-copywrite\">YARINA MORETA, REPRESENTANTE DE CAMUENDO CHICO.<\/div><span>YARINA MORETA, REPRESENTANTE DE CAMUENDO CHICO.<\/span><\/figcaption>\r\n                        <\/figure>\r\n                    <\/div>\r\n                    <div class = \"td-slide-item td-item5\">\r\n                        <figure class=\"td-slide-galery-figure td-slide-popup-gallery\">\r\n                            <a class=\"slide-gallery-image-link\" href=\"https:\/\/www.eldiario.net\/portal\/wp-content\/uploads\/2026\/09\/NOTA-1-FOTO-2.webp\" title=\"NOTA 1 FOTO 2\"  data-caption=\"\"  data-description=\"TERESA ZAPETA, DIRECTORA EJECUTIVA DE FIMI,\">\r\n                                <img decoding=\"async\" src=\"https:\/\/www.eldiario.net\/portal\/wp-content\/uploads\/2026\/09\/NOTA-1-FOTO-2.webp\" srcset=\"https:\/\/www.eldiario.net\/portal\/wp-content\/uploads\/2026\/09\/NOTA-1-FOTO-2.webp 500w, https:\/\/www.eldiario.net\/portal\/wp-content\/uploads\/2026\/09\/NOTA-1-FOTO-2-300x200.webp 300w, https:\/\/www.eldiario.net\/portal\/wp-content\/uploads\/2026\/09\/NOTA-1-FOTO-2-150x100.webp 150w\" sizes=\"(max-width: 500px) 100vw, 500px\" alt=\"\">\r\n                            <\/a>\r\n                            <figcaption class = \"td-slide-caption td-gallery-slide-content\"><span>TERESA ZAPETA, DIRECTORA EJECUTIVA DE FIMI,<\/span><\/figcaption>\r\n                        <\/figure>\r\n                    <\/div>\r\n                            <\/div>\r\n                        <\/div>\r\n\r\n                        <div class = \"td-doubleSlider-2\">\r\n                            <div class = \"td-slider\">\r\n                                \r\n                    <div class = \"td-button td-item1\">\r\n                        <div class = \"td-border\"><\/div>\r\n                    <\/div>\r\n                    <div class = \"td-button td-item2\">\r\n                        <div class = \"td-border\"><\/div>\r\n                    <\/div>\r\n                    <div class = \"td-button td-item3\">\r\n                        <div class = \"td-border\"><\/div>\r\n                    <\/div>\r\n                    <div class = \"td-button td-item4\">\r\n                        <div class = \"td-border\"><\/div>\r\n                    <\/div>\r\n                    <div class = \"td-button td-item5\">\r\n                        <div class = \"td-border\"><\/div>\r\n                    <\/div>\r\n                            <\/div>\r\n                        <\/div>\r\n\r\n                    <\/div>\r\n\r\n                <\/div>\r\n                \n","protected":false},"excerpt":{"rendered":"<p>Por Susana Guti\u00e9rrez Del 22 al 28 de agosto, La Paz fue sede del liderazgo femenino ind\u00edgena de la regi\u00f3n. Durante una semana convocada por el Foro Internacional de Mujeres Ind\u00edgenas (FIMI), representantes de 18 organizaciones de Am\u00e9rica Latina y el Caribe desarrollaron una agenda variada sobre resiliencia clim\u00e1tica, gobernanza territorial y sostenibilidad econ\u00f3mica desde [&hellip;]<\/p>\n","protected":false},"author":1,"featured_media":426896,"comment_status":"closed","ping_status":"open","sticky":false,"template":"","format":"standard","meta":{"_acf_changed":false,"footnotes":""},"categories":[42],"tags":[],"class_list":["post-426893","post","type-post","status-publish","format-standard","has-post-thumbnail","category-femenina"],"acf":{"antetitulo":"Liderazgo femenino ind\u00edgena"},"yoast_head":"<!-- This site is optimized with the Yoast SEO plugin v28.3 - https:\/\/yoast.com\/product\/yoast-seo-wordpress\/ -->\n<title>La Paz, sede de la cumbre de FIMI y el reconocimiento a AWAK - El Diario - Bolivia<\/title>\n<meta name=\"robots\" content=\"index, follow, max-snippet:-1, max-image-preview:large, max-video-preview:-1\" \/>\n<link rel=\"canonical\" href=\"https:\/\/www.eldiario.net\/portal\/2026\/09\/02\/la-paz-sede-de-la-cumbre-de-fimi-y-el-reconocimiento-a-awak\/\" \/>\n<meta property=\"og:locale\" content=\"es_ES\" \/>\n<meta property=\"og:type\" content=\"article\" \/>\n<meta property=\"og:title\" content=\"La Paz, sede de la cumbre de FIMI y el reconocimiento a AWAK - El Diario - Bolivia\" \/>\n<meta property=\"og:description\" content=\"Por Susana Guti\u00e9rrez Del 22 al 28 de agosto, La Paz fue sede del liderazgo femenino ind\u00edgena de la regi\u00f3n. Durante una semana convocada por el Foro Internacional de Mujeres Ind\u00edgenas (FIMI), representantes de 18 organizaciones de Am\u00e9rica Latina y el Caribe desarrollaron una agenda variada sobre resiliencia clim\u00e1tica, gobernanza territorial y sostenibilidad econ\u00f3mica desde [&hellip;]\" \/>\n<meta property=\"og:url\" content=\"https:\/\/www.eldiario.net\/portal\/2026\/09\/02\/la-paz-sede-de-la-cumbre-de-fimi-y-el-reconocimiento-a-awak\/\" \/>\n<meta property=\"og:site_name\" content=\"El Diario - Bolivia\" \/>\n<meta property=\"article:publisher\" content=\"https:\/\/www.facebook.com\/eldiario.bolivia\/\" \/>\n<meta property=\"article:published_time\" content=\"2026-09-02T05:02:17+00:00\" \/>\n<meta property=\"og:image\" content=\"https:\/\/www.eldiario.net\/portal\/wp-content\/uploads\/2026\/09\/NOTA-1-FOTO-5.webp\" \/>\n\t<meta property=\"og:image:width\" content=\"500\" \/>\n\t<meta property=\"og:image:height\" content=\"334\" \/>\n\t<meta property=\"og:image:type\" content=\"image\/webp\" \/>\n<meta name=\"author\" content=\"Jeanette\" \/>\n<meta name=\"twitter:card\" content=\"summary_large_image\" \/>\n<meta name=\"twitter:creator\" content=\"@eldiario_net\" \/>\n<meta name=\"twitter:site\" content=\"@eldiario_net\" \/>\n<meta name=\"twitter:label1\" content=\"Escrito por\" \/>\n\t<meta name=\"twitter:data1\" content=\"Jeanette\" \/>\n\t<meta name=\"twitter:label2\" content=\"Tiempo de lectura\" \/>\n\t<meta name=\"twitter:data2\" content=\"4 minutos\" \/>\n<script type=\"application\/ld+json\" class=\"yoast-schema-graph\">{\"@context\":\"https:\\\/\\\/schema.org\",\"@graph\":[{\"@type\":\"Article\",\"@id\":\"https:\\\/\\\/www.eldiario.net\\\/portal\\\/2026\\\/09\\\/02\\\/la-paz-sede-de-la-cumbre-de-fimi-y-el-reconocimiento-a-awak\\\/#article\",\"isPartOf\":{\"@id\":\"https:\\\/\\\/www.eldiario.net\\\/portal\\\/2026\\\/09\\\/02\\\/la-paz-sede-de-la-cumbre-de-fimi-y-el-reconocimiento-a-awak\\\/\"},\"author\":{\"name\":\"Jeanette\",\"@id\":\"https:\\\/\\\/www.eldiario.net\\\/portal\\\/#\\\/schema\\\/person\\\/f46445640444750d7d753ccd04ae01b7\"},\"headline\":\"La Paz, sede de la cumbre de FIMI y el reconocimiento a AWAK\",\"datePublished\":\"2026-09-02T05:02:17+00:00\",\"mainEntityOfPage\":{\"@id\":\"https:\\\/\\\/www.eldiario.net\\\/portal\\\/2026\\\/09\\\/02\\\/la-paz-sede-de-la-cumbre-de-fimi-y-el-reconocimiento-a-awak\\\/\"},\"wordCount\":715,\"publisher\":{\"@id\":\"https:\\\/\\\/www.eldiario.net\\\/portal\\\/#organization\"},\"image\":{\"@id\":\"https:\\\/\\\/www.eldiario.net\\\/portal\\\/2026\\\/09\\\/02\\\/la-paz-sede-de-la-cumbre-de-fimi-y-el-reconocimiento-a-awak\\\/#primaryimage\"},\"thumbnailUrl\":\"https:\\\/\\\/www.eldiario.net\\\/portal\\\/wp-content\\\/uploads\\\/2026\\\/09\\\/NOTA-1-FOTO-5.webp\",\"articleSection\":[\"Femenina\"],\"inLanguage\":\"es\"},{\"@type\":\"WebPage\",\"@id\":\"https:\\\/\\\/www.eldiario.net\\\/portal\\\/2026\\\/09\\\/02\\\/la-paz-sede-de-la-cumbre-de-fimi-y-el-reconocimiento-a-awak\\\/\",\"url\":\"https:\\\/\\\/www.eldiario.net\\\/portal\\\/2026\\\/09\\\/02\\\/la-paz-sede-de-la-cumbre-de-fimi-y-el-reconocimiento-a-awak\\\/\",\"name\":\"La Paz, sede de la cumbre de FIMI y el reconocimiento a AWAK - El Diario - Bolivia\",\"isPartOf\":{\"@id\":\"https:\\\/\\\/www.eldiario.net\\\/portal\\\/#website\"},\"primaryImageOfPage\":{\"@id\":\"https:\\\/\\\/www.eldiario.net\\\/portal\\\/2026\\\/09\\\/02\\\/la-paz-sede-de-la-cumbre-de-fimi-y-el-reconocimiento-a-awak\\\/#primaryimage\"},\"image\":{\"@id\":\"https:\\\/\\\/www.eldiario.net\\\/portal\\\/2026\\\/09\\\/02\\\/la-paz-sede-de-la-cumbre-de-fimi-y-el-reconocimiento-a-awak\\\/#primaryimage\"},\"thumbnailUrl\":\"https:\\\/\\\/www.eldiario.net\\\/portal\\\/wp-content\\\/uploads\\\/2026\\\/09\\\/NOTA-1-FOTO-5.webp\",\"datePublished\":\"2026-09-02T05:02:17+00:00\",\"breadcrumb\":{\"@id\":\"https:\\\/\\\/www.eldiario.net\\\/portal\\\/2026\\\/09\\\/02\\\/la-paz-sede-de-la-cumbre-de-fimi-y-el-reconocimiento-a-awak\\\/#breadcrumb\"},\"inLanguage\":\"es\",\"potentialAction\":[{\"@type\":\"ReadAction\",\"target\":[\"https:\\\/\\\/www.eldiario.net\\\/portal\\\/2026\\\/09\\\/02\\\/la-paz-sede-de-la-cumbre-de-fimi-y-el-reconocimiento-a-awak\\\/\"]}]},{\"@type\":\"ImageObject\",\"inLanguage\":\"es\",\"@id\":\"https:\\\/\\\/www.eldiario.net\\\/portal\\\/2026\\\/09\\\/02\\\/la-paz-sede-de-la-cumbre-de-fimi-y-el-reconocimiento-a-awak\\\/#primaryimage\",\"url\":\"https:\\\/\\\/www.eldiario.net\\\/portal\\\/wp-content\\\/uploads\\\/2026\\\/09\\\/NOTA-1-FOTO-5.webp\",\"contentUrl\":\"https:\\\/\\\/www.eldiario.net\\\/portal\\\/wp-content\\\/uploads\\\/2026\\\/09\\\/NOTA-1-FOTO-5.webp\",\"width\":500,\"height\":334,\"caption\":\"REPRESENTANTES DE DISTINTAS ORGANIZACIONES DE AM\u00c9RICA LATINA Y EL CARIBE COMPARTEN UN MOMENTO DE INTEGRACI\u00d3N AL T\u00c9RMINO DEL ENCUENTRO INTERNACIONAL DE FIMI EN LA PAZ.\"},{\"@type\":\"BreadcrumbList\",\"@id\":\"https:\\\/\\\/www.eldiario.net\\\/portal\\\/2026\\\/09\\\/02\\\/la-paz-sede-de-la-cumbre-de-fimi-y-el-reconocimiento-a-awak\\\/#breadcrumb\",\"itemListElement\":[{\"@type\":\"ListItem\",\"position\":1,\"name\":\"Portada\",\"item\":\"https:\\\/\\\/www.eldiario.net\\\/portal\\\/\"},{\"@type\":\"ListItem\",\"position\":2,\"name\":\"La Paz, sede de la cumbre de FIMI y el reconocimiento a AWAK\"}]},{\"@type\":\"WebSite\",\"@id\":\"https:\\\/\\\/www.eldiario.net\\\/portal\\\/#website\",\"url\":\"https:\\\/\\\/www.eldiario.net\\\/portal\\\/\",\"name\":\"El Diario - Decano de la prensa nacional\",\"description\":\"El Diario - Decano de la prensa nacional\",\"publisher\":{\"@id\":\"https:\\\/\\\/www.eldiario.net\\\/portal\\\/#organization\"},\"potentialAction\":[{\"@type\":\"SearchAction\",\"target\":{\"@type\":\"EntryPoint\",\"urlTemplate\":\"https:\\\/\\\/www.eldiario.net\\\/portal\\\/?s={search_term_string}\"},\"query-input\":{\"@type\":\"PropertyValueSpecification\",\"valueRequired\":true,\"valueName\":\"search_term_string\"}}],\"inLanguage\":\"es\"},{\"@type\":\"Organization\",\"@id\":\"https:\\\/\\\/www.eldiario.net\\\/portal\\\/#organization\",\"name\":\"El Diario - Decano de la prensa nacional\",\"url\":\"https:\\\/\\\/www.eldiario.net\\\/portal\\\/\",\"logo\":{\"@type\":\"ImageObject\",\"inLanguage\":\"es\",\"@id\":\"https:\\\/\\\/www.eldiario.net\\\/portal\\\/#\\\/schema\\\/logo\\\/image\\\/\",\"url\":\"https:\\\/\\\/www.eldiario.net\\\/portal\\\/wp-content\\\/uploads\\\/2023\\\/07\\\/logo_ED.jpg\",\"contentUrl\":\"https:\\\/\\\/www.eldiario.net\\\/portal\\\/wp-content\\\/uploads\\\/2023\\\/07\\\/logo_ED.jpg\",\"width\":272,\"height\":52,\"caption\":\"El Diario - Decano de la prensa nacional\"},\"image\":{\"@id\":\"https:\\\/\\\/www.eldiario.net\\\/portal\\\/#\\\/schema\\\/logo\\\/image\\\/\"},\"sameAs\":[\"https:\\\/\\\/www.facebook.com\\\/eldiario.bolivia\\\/\",\"https:\\\/\\\/x.com\\\/eldiario_net\"]},{\"@type\":\"Person\",\"@id\":\"https:\\\/\\\/www.eldiario.net\\\/portal\\\/#\\\/schema\\\/person\\\/f46445640444750d7d753ccd04ae01b7\",\"name\":\"Jeanette\",\"image\":{\"@type\":\"ImageObject\",\"inLanguage\":\"es\",\"@id\":\"https:\\\/\\\/secure.gravatar.com\\\/avatar\\\/3ea2118a5f7dad2b7138b1187a6b7ee55f160b9968b66013c3a3ef39dd7e5798?s=96&d=mm&r=g\",\"url\":\"https:\\\/\\\/secure.gravatar.com\\\/avatar\\\/3ea2118a5f7dad2b7138b1187a6b7ee55f160b9968b66013c3a3ef39dd7e5798?s=96&d=mm&r=g\",\"contentUrl\":\"https:\\\/\\\/secure.gravatar.com\\\/avatar\\\/3ea2118a5f7dad2b7138b1187a6b7ee55f160b9968b66013c3a3ef39dd7e5798?s=96&d=mm&r=g\",\"caption\":\"Jeanette\"},\"sameAs\":[\"https:\\\/\\\/www.eldiario.net\\\/portal\"],\"url\":\"https:\\\/\\\/www.eldiario.net\\\/portal\\\/author\\\/jeanette\\\/\"}]}<\/script>\n<!-- \/ Yoast SEO plugin. -->","yoast_head_json":{"title":"La Paz, sede de la cumbre de FIMI y el reconocimiento a AWAK - El Diario - Bolivia","robots":{"index":"index","follow":"follow","max-snippet":"max-snippet:-1","max-image-preview":"max-image-preview:large","max-video-preview":"max-video-preview:-1"},"canonical":"https:\/\/www.eldiario.net\/portal\/2026\/09\/02\/la-paz-sede-de-la-cumbre-de-fimi-y-el-reconocimiento-a-awak\/","og_locale":"es_ES","og_type":"article","og_title":"La Paz, sede de la cumbre de FIMI y el reconocimiento a AWAK - El Diario - Bolivia","og_description":"Por Susana Guti\u00e9rrez Del 22 al 28 de agosto, La Paz fue sede del liderazgo femenino ind\u00edgena de la regi\u00f3n. Durante una semana convocada por el Foro Internacional de Mujeres Ind\u00edgenas (FIMI), representantes de 18 organizaciones de Am\u00e9rica Latina y el Caribe desarrollaron una agenda variada sobre resiliencia clim\u00e1tica, gobernanza territorial y sostenibilidad econ\u00f3mica desde [&hellip;]","og_url":"https:\/\/www.eldiario.net\/portal\/2026\/09\/02\/la-paz-sede-de-la-cumbre-de-fimi-y-el-reconocimiento-a-awak\/","og_site_name":"El Diario - Bolivia","article_publisher":"https:\/\/www.facebook.com\/eldiario.bolivia\/","article_published_time":"2026-09-02T05:02:17+00:00","og_image":[{"width":500,"height":334,"url":"https:\/\/www.eldiario.net\/portal\/wp-content\/uploads\/2026\/09\/NOTA-1-FOTO-5.webp","type":"image\/webp"}],"author":"Jeanette","twitter_card":"summary_large_image","twitter_creator":"@eldiario_net","twitter_site":"@eldiario_net","twitter_misc":{"Escrito por":"Jeanette","Tiempo de lectura":"4 minutos"},"schema":{"@context":"https:\/\/schema.org","@graph":[{"@type":"Article","@id":"https:\/\/www.eldiario.net\/portal\/2026\/09\/02\/la-paz-sede-de-la-cumbre-de-fimi-y-el-reconocimiento-a-awak\/#article","isPartOf":{"@id":"https:\/\/www.eldiario.net\/portal\/2026\/09\/02\/la-paz-sede-de-la-cumbre-de-fimi-y-el-reconocimiento-a-awak\/"},"author":{"name":"Jeanette","@id":"https:\/\/www.eldiario.net\/portal\/#\/schema\/person\/f46445640444750d7d753ccd04ae01b7"},"headline":"La Paz, sede de la cumbre de FIMI y el reconocimiento a AWAK","datePublished":"2026-09-02T05:02:17+00:00","mainEntityOfPage":{"@id":"https:\/\/www.eldiario.net\/portal\/2026\/09\/02\/la-paz-sede-de-la-cumbre-de-fimi-y-el-reconocimiento-a-awak\/"},"wordCount":715,"publisher":{"@id":"https:\/\/www.eldiario.net\/portal\/#organization"},"image":{"@id":"https:\/\/www.eldiario.net\/portal\/2026\/09\/02\/la-paz-sede-de-la-cumbre-de-fimi-y-el-reconocimiento-a-awak\/#primaryimage"},"thumbnailUrl":"https:\/\/www.eldiario.net\/portal\/wp-content\/uploads\/2026\/09\/NOTA-1-FOTO-5.webp","articleSection":["Femenina"],"inLanguage":"es"},{"@type":"WebPage","@id":"https:\/\/www.eldiario.net\/portal\/2026\/09\/02\/la-paz-sede-de-la-cumbre-de-fimi-y-el-reconocimiento-a-awak\/","url":"https:\/\/www.eldiario.net\/portal\/2026\/09\/02\/la-paz-sede-de-la-cumbre-de-fimi-y-el-reconocimiento-a-awak\/","name":"La Paz, sede de la cumbre de FIMI y el reconocimiento a AWAK - El Diario - Bolivia","isPartOf":{"@id":"https:\/\/www.eldiario.net\/portal\/#website"},"primaryImageOfPage":{"@id":"https:\/\/www.eldiario.net\/portal\/2026\/09\/02\/la-paz-sede-de-la-cumbre-de-fimi-y-el-reconocimiento-a-awak\/#primaryimage"},"image":{"@id":"https:\/\/www.eldiario.net\/portal\/2026\/09\/02\/la-paz-sede-de-la-cumbre-de-fimi-y-el-reconocimiento-a-awak\/#primaryimage"},"thumbnailUrl":"https:\/\/www.eldiario.net\/portal\/wp-content\/uploads\/2026\/09\/NOTA-1-FOTO-5.webp","datePublished":"2026-09-02T05:02:17+00:00","breadcrumb":{"@id":"https:\/\/www.eldiario.net\/portal\/2026\/09\/02\/la-paz-sede-de-la-cumbre-de-fimi-y-el-reconocimiento-a-awak\/#breadcrumb"},"inLanguage":"es","potentialAction":[{"@type":"ReadAction","target":["https:\/\/www.eldiario.net\/portal\/2026\/09\/02\/la-paz-sede-de-la-cumbre-de-fimi-y-el-reconocimiento-a-awak\/"]}]},{"@type":"ImageObject","inLanguage":"es","@id":"https:\/\/www.eldiario.net\/portal\/2026\/09\/02\/la-paz-sede-de-la-cumbre-de-fimi-y-el-reconocimiento-a-awak\/#primaryimage","url":"https:\/\/www.eldiario.net\/portal\/wp-content\/uploads\/2026\/09\/NOTA-1-FOTO-5.webp","contentUrl":"https:\/\/www.eldiario.net\/portal\/wp-content\/uploads\/2026\/09\/NOTA-1-FOTO-5.webp","width":500,"height":334,"caption":"REPRESENTANTES DE DISTINTAS ORGANIZACIONES DE AM\u00c9RICA LATINA Y EL CARIBE COMPARTEN UN MOMENTO DE INTEGRACI\u00d3N AL T\u00c9RMINO DEL ENCUENTRO INTERNACIONAL DE FIMI EN LA PAZ."},{"@type":"BreadcrumbList","@id":"https:\/\/www.eldiario.net\/portal\/2026\/09\/02\/la-paz-sede-de-la-cumbre-de-fimi-y-el-reconocimiento-a-awak\/#breadcrumb","itemListElement":[{"@type":"ListItem","position":1,"name":"Portada","item":"https:\/\/www.eldiario.net\/portal\/"},{"@type":"ListItem","position":2,"name":"La Paz, sede de la cumbre de FIMI y el reconocimiento a AWAK"}]},{"@type":"WebSite","@id":"https:\/\/www.eldiario.net\/portal\/#website","url":"https:\/\/www.eldiario.net\/portal\/","name":"El Diario - Decano de la prensa nacional","description":"El Diario - Decano de la prensa nacional","publisher":{"@id":"https:\/\/www.eldiario.net\/portal\/#organization"},"potentialAction":[{"@type":"SearchAction","target":{"@type":"EntryPoint","urlTemplate":"https:\/\/www.eldiario.net\/portal\/?s={search_term_string}"},"query-input":{"@type":"PropertyValueSpecification","valueRequired":true,"valueName":"search_term_string"}}],"inLanguage":"es"},{"@type":"Organization","@id":"https:\/\/www.eldiario.net\/portal\/#organization","name":"El Diario - Decano de la prensa nacional","url":"https:\/\/www.eldiario.net\/portal\/","logo":{"@type":"ImageObject","inLanguage":"es","@id":"https:\/\/www.eldiario.net\/portal\/#\/schema\/logo\/image\/","url":"https:\/\/www.eldiario.net\/portal\/wp-content\/uploads\/2023\/07\/logo_ED.jpg","contentUrl":"https:\/\/www.eldiario.net\/portal\/wp-content\/uploads\/2023\/07\/logo_ED.jpg","width":272,"height":52,"caption":"El Diario - Decano de la prensa nacional"},"image":{"@id":"https:\/\/www.eldiario.net\/portal\/#\/schema\/logo\/image\/"},"sameAs":["https:\/\/www.facebook.com\/eldiario.bolivia\/","https:\/\/x.com\/eldiario_net"]},{"@type":"Person","@id":"https:\/\/www.eldiario.net\/portal\/#\/schema\/person\/f46445640444750d7d753ccd04ae01b7","name":"Jeanette","image":{"@type":"ImageObject","inLanguage":"es","@id":"https:\/\/secure.gravatar.com\/avatar\/3ea2118a5f7dad2b7138b1187a6b7ee55f160b9968b66013c3a3ef39dd7e5798?s=96&d=mm&r=g","url":"https:\/\/secure.gravatar.com\/avatar\/3ea2118a5f7dad2b7138b1187a6b7ee55f160b9968b66013c3a3ef39dd7e5798?s=96&d=mm&r=g","contentUrl":"https:\/\/secure.gravatar.com\/avatar\/3ea2118a5f7dad2b7138b1187a6b7ee55f160b9968b66013c3a3ef39dd7e5798?s=96&d=mm&r=g","caption":"Jeanette"},"sameAs":["https:\/\/www.eldiario.net\/portal"],"url":"https:\/\/www.eldiario.net\/portal\/author\/jeanette\/"}]}},"_links":{"self":[{"href":"https:\/\/www.eldiario.net\/portal\/wp-json\/wp\/v2\/posts\/426893","targetHints":{"allow":["GET"]}}],"collection":[{"href":"https:\/\/www.eldiario.net\/portal\/wp-json\/wp\/v2\/posts"}],"about":[{"href":"https:\/\/www.eldiario.net\/portal\/wp-json\/wp\/v2\/types\/post"}],"author":[{"embeddable":true,"href":"https:\/\/www.eldiario.net\/portal\/wp-json\/wp\/v2\/users\/1"}],"replies":[{"embeddable":true,"href":"https:\/\/www.eldiario.net\/portal\/wp-json\/wp\/v2\/comments?post=426893"}],"version-history":[{"count":1,"href":"https:\/\/www.eldiario.net\/portal\/wp-json\/wp\/v2\/posts\/426893\/revisions"}],"predecessor-version":[{"id":426899,"href":"https:\/\/www.eldiario.net\/portal\/wp-json\/wp\/v2\/posts\/426893\/revisions\/426899"}],"wp:featuredmedia":[{"embeddable":true,"href":"https:\/\/www.eldiario.net\/portal\/wp-json\/wp\/v2\/media\/426896"}],"wp:attachment":[{"href":"https:\/\/www.eldiario.net\/portal\/wp-json\/wp\/v2\/media?parent=426893"}],"wp:term":[{"taxonomy":"category","embeddable":true,"href":"https:\/\/www.eldiario.net\/portal\/wp-json\/wp\/v2\/categories?post=426893"},{"taxonomy":"post_tag","embeddable":true,"href":"https:\/\/www.eldiario.net\/portal\/wp-json\/wp\/v2\/tags?post=426893"}],"curies":[{"name":"wp","href":"https:\/\/api.w.org\/{rel}","templated":true}]}}