{"id":426887,"date":"2026-09-02T00:58:38","date_gmt":"2026-09-02T04:58:38","guid":{"rendered":"https:\/\/www.eldiario.net\/portal\/?p=426887"},"modified":"2026-09-01T22:00:01","modified_gmt":"2026-09-02T02:00:01","slug":"impacto-directo-de-tu-postura-en-el-cerebro","status":"publish","type":"post","link":"https:\/\/www.eldiario.net\/portal\/2026\/09\/02\/impacto-directo-de-tu-postura-en-el-cerebro\/","title":{"rendered":"Impacto directo de tu postura en el cerebro"},"content":{"rendered":"<p>Por Yara Alejandra Calder\u00f3n Pereyra<\/p>\n<p>Nos encontramos en una \u00e9poca\u00a0 inclinada a los logros y expectativas, en la cual la digitalidad nos ha llevado a una cotidianeidad, condenando y relegando\u00a0 el cuerpo al sedentarismo, y a una silla,\u00a0 olvidando\u00a0\u00a0 su lenguaje\u00a0 y morfolog\u00eda.<\/p>\n<p>Los \u00faltimos hallazgos en neurociencia, demuestran\u00a0 que el cerebro entre sus m\u00faltiples funciones, registra continuamente la alineaci\u00f3n de nuestra espalda,\u00a0 tensi\u00f3n en los hombros y expresiones f\u00edsicas. La postura que adoptamos le dice al\u00a0 cerebro c\u00f3mo debe sentirse y responder ante el mundo. Surge as\u00ed la propiocepci\u00f3n, un GPS interno compuesto por una red de se\u00f1ales constantes de nuestros m\u00fasculos y articulaciones que informan al sistema nervioso central a cada momento d\u00f3nde estamos, c\u00f3mo nos sostenemos y cu\u00e1l es nuestro estado emocional.<\/p>\n<p>Nos ense\u00f1aron que el cerebro manda y el cuerpo obedece, pero los nuevos descubrimientos revelan que la postura y los gestos modelan la arquitectura de las emociones. Cuando nos encorvamos, cerramos el pecho y dejamos caer la mirada, los receptores del cuerpo env\u00edan se\u00f1ales traducidas como gestos de derrota o vulnerabilidad, acelerando la fatiga y activando pensamientos negativos. En cambio, enderezar la columna estimula la corteza prefrontal, alterando la qu\u00edmica cerebral y generando claridad mental, memoria de trabajo y autorregulaci\u00f3n del estr\u00e9s.<\/p>\n<p>Asimismo, el rostro env\u00eda se\u00f1ales constantes de alarma o calma. Mantener el ce\u00f1o fruncido por fatiga visual o concentraci\u00f3n intensa hace que el cerebro interprete que hay una amenaza cerca, estres\u00e1ndose. Relajar los ojos, la mand\u00edbula y los m\u00fasculos faciales disminuye inmediatamente esa sensaci\u00f3n de alerta.<\/p>\n<p>La pr\u00f3xima vez que te sientas atrapado divagando en tu mente, no intentes resolverlo pensando\u00a0 o trabajando m\u00e1s, realiza estos peque\u00f1os ejercicios.<\/p>\n<p><strong>5\u00a0 h\u00e1bitos sencillos\u00a0 para el d\u00eda a d\u00eda<\/strong><\/p>\n<p>La regla de los 45 minutos: Cada tres cuartos de hora, ponte de pie unos segundos, siente la planta de tus pies contra el suelo.\u00a0 Extiende la columna sin rigidez. Est\u00edrate o camina para romper el bucle de cansancio mental.<\/p>\n<p><strong>Ajusta tus pantallas:<\/strong> Coloca el monitor o el celular a la altura de tus ojos para evitar inclinar el cuello de forma continua.<\/p>\n<p><strong>Afloja la mand\u00edbula: <\/strong>Al terminar una tarea dif\u00edcil, nota si est\u00e1s apretando los dientes o el ce\u00f1o;\u00a0 y procede a relajarlos .<\/p>\n<p><strong>Respira profundo con el pecho abierto:<\/strong> Al enderezar la espalda,\u00a0 dar\u00e1s espacio a tus\u00a0 pulmones para respirar mejor, lo que frenar\u00e1 las pulsaciones y tranquilizar\u00e1 la mente.<\/p>\n<p><strong>Despeja la mirada:<\/strong> Mira hacia una ventana a lo lejos descansando la mirada. Cierra y cubre los ojos suavemente con la palma de las manos, y\u00a0 pi\u00e9rdete en una imagen relajante.<\/p>\n<p>Escuchar y cuidar la postura no reemplazar\u00e1 un tratamiento m\u00e9dico o terapias,\u00a0 pero\u00a0 es una herramienta gratuita y al alcance de todos. Cambiar la posici\u00f3n de tu cuerpo es el camino m\u00e1s r\u00e1pido para transformar lo que pasa por tu\u00a0 mente.<\/p>\n<p>Ya lo dice el aforismo \u201cNo lloramos porque estamos tristes; estamos tristes porque lloramos\u201d, y la neurociencia lo confirma: no te encorvas solo porque tu mente est\u00e9 extenuada, sino que tu mente se agota porque tu cuerpo permanece encorvado.<\/p>\n<p>Cuando cambias la postura, cambias la emoci\u00f3n. Estar erguido no hace desaparecer los problemas instant\u00e1neamente, pero cambia la qu\u00edmica cerebral con la que elegimos enfrentarlos, e inevitablemente transformas tu realidad.<\/p>\n<p><strong><em>Sobre la autora: <\/em><\/strong><em>Es Comunicadora Social, Coach Empresarial,\u00a0 Consultora Tech, Especialista en Marketing Digital y Contenidos Multimedia; y Terapeuta Hol\u00edstica e Integrativa.<\/em><\/p>\n","protected":false},"excerpt":{"rendered":"<p>Por Yara Alejandra Calder\u00f3n Pereyra Nos encontramos en una \u00e9poca\u00a0 inclinada a los logros y expectativas, en la cual la digitalidad nos ha llevado a una cotidianeidad, condenando y relegando\u00a0 el cuerpo al sedentarismo, y a una silla,\u00a0 olvidando\u00a0\u00a0 su lenguaje\u00a0 y morfolog\u00eda. Los \u00faltimos hallazgos en neurociencia, demuestran\u00a0 que el cerebro entre sus m\u00faltiples [&hellip;]<\/p>\n","protected":false},"author":1,"featured_media":426888,"comment_status":"closed","ping_status":"open","sticky":false,"template":"","format":"standard","meta":{"_acf_changed":false,"footnotes":""},"categories":[42],"tags":[],"class_list":["post-426887","post","type-post","status-publish","format-standard","has-post-thumbnail","category-femenina"],"acf":{"antetitulo":"Neurociencia aplicada"},"yoast_head":"<!-- This site is optimized with the Yoast SEO plugin v28.3 - https:\/\/yoast.com\/product\/yoast-seo-wordpress\/ -->\n<title>Impacto directo de tu postura en el cerebro - El Diario - Bolivia<\/title>\n<meta name=\"robots\" content=\"index, follow, max-snippet:-1, max-image-preview:large, max-video-preview:-1\" \/>\n<link rel=\"canonical\" href=\"https:\/\/www.eldiario.net\/portal\/2026\/09\/02\/impacto-directo-de-tu-postura-en-el-cerebro\/\" \/>\n<meta property=\"og:locale\" content=\"es_ES\" \/>\n<meta property=\"og:type\" content=\"article\" \/>\n<meta property=\"og:title\" content=\"Impacto directo de tu postura en el cerebro - El Diario - Bolivia\" \/>\n<meta property=\"og:description\" content=\"Por Yara Alejandra Calder\u00f3n Pereyra Nos encontramos en una \u00e9poca\u00a0 inclinada a los logros y expectativas, en la cual la digitalidad nos ha llevado a una cotidianeidad, condenando y relegando\u00a0 el cuerpo al sedentarismo, y a una silla,\u00a0 olvidando\u00a0\u00a0 su lenguaje\u00a0 y morfolog\u00eda. Los \u00faltimos hallazgos en neurociencia, demuestran\u00a0 que el cerebro entre sus m\u00faltiples [&hellip;]\" \/>\n<meta property=\"og:url\" content=\"https:\/\/www.eldiario.net\/portal\/2026\/09\/02\/impacto-directo-de-tu-postura-en-el-cerebro\/\" \/>\n<meta property=\"og:site_name\" content=\"El Diario - Bolivia\" \/>\n<meta property=\"article:publisher\" content=\"https:\/\/www.facebook.com\/eldiario.bolivia\/\" \/>\n<meta property=\"article:published_time\" content=\"2026-09-02T04:58:38+00:00\" \/>\n<meta property=\"og:image\" content=\"https:\/\/www.eldiario.net\/portal\/wp-content\/uploads\/2026\/09\/NOTA-3-FOTO.webp\" \/>\n\t<meta property=\"og:image:width\" content=\"400\" \/>\n\t<meta property=\"og:image:height\" content=\"218\" \/>\n\t<meta property=\"og:image:type\" content=\"image\/webp\" \/>\n<meta name=\"author\" content=\"Jeanette\" \/>\n<meta name=\"twitter:card\" content=\"summary_large_image\" \/>\n<meta name=\"twitter:creator\" content=\"@eldiario_net\" \/>\n<meta name=\"twitter:site\" content=\"@eldiario_net\" \/>\n<meta name=\"twitter:label1\" content=\"Escrito por\" \/>\n\t<meta name=\"twitter:data1\" content=\"Jeanette\" \/>\n\t<meta name=\"twitter:label2\" content=\"Tiempo de lectura\" \/>\n\t<meta name=\"twitter:data2\" content=\"3 minutos\" \/>\n<script type=\"application\/ld+json\" class=\"yoast-schema-graph\">{\"@context\":\"https:\\\/\\\/schema.org\",\"@graph\":[{\"@type\":\"Article\",\"@id\":\"https:\\\/\\\/www.eldiario.net\\\/portal\\\/2026\\\/09\\\/02\\\/impacto-directo-de-tu-postura-en-el-cerebro\\\/#article\",\"isPartOf\":{\"@id\":\"https:\\\/\\\/www.eldiario.net\\\/portal\\\/2026\\\/09\\\/02\\\/impacto-directo-de-tu-postura-en-el-cerebro\\\/\"},\"author\":{\"name\":\"Jeanette\",\"@id\":\"https:\\\/\\\/www.eldiario.net\\\/portal\\\/#\\\/schema\\\/person\\\/f46445640444750d7d753ccd04ae01b7\"},\"headline\":\"Impacto directo de tu postura en el cerebro\",\"datePublished\":\"2026-09-02T04:58:38+00:00\",\"mainEntityOfPage\":{\"@id\":\"https:\\\/\\\/www.eldiario.net\\\/portal\\\/2026\\\/09\\\/02\\\/impacto-directo-de-tu-postura-en-el-cerebro\\\/\"},\"wordCount\":611,\"publisher\":{\"@id\":\"https:\\\/\\\/www.eldiario.net\\\/portal\\\/#organization\"},\"image\":{\"@id\":\"https:\\\/\\\/www.eldiario.net\\\/portal\\\/2026\\\/09\\\/02\\\/impacto-directo-de-tu-postura-en-el-cerebro\\\/#primaryimage\"},\"thumbnailUrl\":\"https:\\\/\\\/www.eldiario.net\\\/portal\\\/wp-content\\\/uploads\\\/2026\\\/09\\\/NOTA-3-FOTO.webp\",\"articleSection\":[\"Femenina\"],\"inLanguage\":\"es\"},{\"@type\":\"WebPage\",\"@id\":\"https:\\\/\\\/www.eldiario.net\\\/portal\\\/2026\\\/09\\\/02\\\/impacto-directo-de-tu-postura-en-el-cerebro\\\/\",\"url\":\"https:\\\/\\\/www.eldiario.net\\\/portal\\\/2026\\\/09\\\/02\\\/impacto-directo-de-tu-postura-en-el-cerebro\\\/\",\"name\":\"Impacto directo de tu postura en el cerebro - El Diario - Bolivia\",\"isPartOf\":{\"@id\":\"https:\\\/\\\/www.eldiario.net\\\/portal\\\/#website\"},\"primaryImageOfPage\":{\"@id\":\"https:\\\/\\\/www.eldiario.net\\\/portal\\\/2026\\\/09\\\/02\\\/impacto-directo-de-tu-postura-en-el-cerebro\\\/#primaryimage\"},\"image\":{\"@id\":\"https:\\\/\\\/www.eldiario.net\\\/portal\\\/2026\\\/09\\\/02\\\/impacto-directo-de-tu-postura-en-el-cerebro\\\/#primaryimage\"},\"thumbnailUrl\":\"https:\\\/\\\/www.eldiario.net\\\/portal\\\/wp-content\\\/uploads\\\/2026\\\/09\\\/NOTA-3-FOTO.webp\",\"datePublished\":\"2026-09-02T04:58:38+00:00\",\"breadcrumb\":{\"@id\":\"https:\\\/\\\/www.eldiario.net\\\/portal\\\/2026\\\/09\\\/02\\\/impacto-directo-de-tu-postura-en-el-cerebro\\\/#breadcrumb\"},\"inLanguage\":\"es\",\"potentialAction\":[{\"@type\":\"ReadAction\",\"target\":[\"https:\\\/\\\/www.eldiario.net\\\/portal\\\/2026\\\/09\\\/02\\\/impacto-directo-de-tu-postura-en-el-cerebro\\\/\"]}]},{\"@type\":\"ImageObject\",\"inLanguage\":\"es\",\"@id\":\"https:\\\/\\\/www.eldiario.net\\\/portal\\\/2026\\\/09\\\/02\\\/impacto-directo-de-tu-postura-en-el-cerebro\\\/#primaryimage\",\"url\":\"https:\\\/\\\/www.eldiario.net\\\/portal\\\/wp-content\\\/uploads\\\/2026\\\/09\\\/NOTA-3-FOTO.webp\",\"contentUrl\":\"https:\\\/\\\/www.eldiario.net\\\/portal\\\/wp-content\\\/uploads\\\/2026\\\/09\\\/NOTA-3-FOTO.webp\",\"width\":400,\"height\":218,\"caption\":\"CAMBIAR LA POSTURA DEL CUERPO ES EL CAMINO M\u00c1S R\u00c1PIDO PARA MODIFICAR EL ESTADO DE LA MENTE.\"},{\"@type\":\"BreadcrumbList\",\"@id\":\"https:\\\/\\\/www.eldiario.net\\\/portal\\\/2026\\\/09\\\/02\\\/impacto-directo-de-tu-postura-en-el-cerebro\\\/#breadcrumb\",\"itemListElement\":[{\"@type\":\"ListItem\",\"position\":1,\"name\":\"Portada\",\"item\":\"https:\\\/\\\/www.eldiario.net\\\/portal\\\/\"},{\"@type\":\"ListItem\",\"position\":2,\"name\":\"Impacto directo de tu postura en el cerebro\"}]},{\"@type\":\"WebSite\",\"@id\":\"https:\\\/\\\/www.eldiario.net\\\/portal\\\/#website\",\"url\":\"https:\\\/\\\/www.eldiario.net\\\/portal\\\/\",\"name\":\"El Diario - Decano de la prensa nacional\",\"description\":\"El Diario - Decano de la prensa nacional\",\"publisher\":{\"@id\":\"https:\\\/\\\/www.eldiario.net\\\/portal\\\/#organization\"},\"potentialAction\":[{\"@type\":\"SearchAction\",\"target\":{\"@type\":\"EntryPoint\",\"urlTemplate\":\"https:\\\/\\\/www.eldiario.net\\\/portal\\\/?s={search_term_string}\"},\"query-input\":{\"@type\":\"PropertyValueSpecification\",\"valueRequired\":true,\"valueName\":\"search_term_string\"}}],\"inLanguage\":\"es\"},{\"@type\":\"Organization\",\"@id\":\"https:\\\/\\\/www.eldiario.net\\\/portal\\\/#organization\",\"name\":\"El Diario - Decano de la prensa nacional\",\"url\":\"https:\\\/\\\/www.eldiario.net\\\/portal\\\/\",\"logo\":{\"@type\":\"ImageObject\",\"inLanguage\":\"es\",\"@id\":\"https:\\\/\\\/www.eldiario.net\\\/portal\\\/#\\\/schema\\\/logo\\\/image\\\/\",\"url\":\"https:\\\/\\\/www.eldiario.net\\\/portal\\\/wp-content\\\/uploads\\\/2023\\\/07\\\/logo_ED.jpg\",\"contentUrl\":\"https:\\\/\\\/www.eldiario.net\\\/portal\\\/wp-content\\\/uploads\\\/2023\\\/07\\\/logo_ED.jpg\",\"width\":272,\"height\":52,\"caption\":\"El Diario - Decano de la prensa nacional\"},\"image\":{\"@id\":\"https:\\\/\\\/www.eldiario.net\\\/portal\\\/#\\\/schema\\\/logo\\\/image\\\/\"},\"sameAs\":[\"https:\\\/\\\/www.facebook.com\\\/eldiario.bolivia\\\/\",\"https:\\\/\\\/x.com\\\/eldiario_net\"]},{\"@type\":\"Person\",\"@id\":\"https:\\\/\\\/www.eldiario.net\\\/portal\\\/#\\\/schema\\\/person\\\/f46445640444750d7d753ccd04ae01b7\",\"name\":\"Jeanette\",\"image\":{\"@type\":\"ImageObject\",\"inLanguage\":\"es\",\"@id\":\"https:\\\/\\\/secure.gravatar.com\\\/avatar\\\/3ea2118a5f7dad2b7138b1187a6b7ee55f160b9968b66013c3a3ef39dd7e5798?s=96&d=mm&r=g\",\"url\":\"https:\\\/\\\/secure.gravatar.com\\\/avatar\\\/3ea2118a5f7dad2b7138b1187a6b7ee55f160b9968b66013c3a3ef39dd7e5798?s=96&d=mm&r=g\",\"contentUrl\":\"https:\\\/\\\/secure.gravatar.com\\\/avatar\\\/3ea2118a5f7dad2b7138b1187a6b7ee55f160b9968b66013c3a3ef39dd7e5798?s=96&d=mm&r=g\",\"caption\":\"Jeanette\"},\"sameAs\":[\"https:\\\/\\\/www.eldiario.net\\\/portal\"],\"url\":\"https:\\\/\\\/www.eldiario.net\\\/portal\\\/author\\\/jeanette\\\/\"}]}<\/script>\n<!-- \/ Yoast SEO plugin. -->","yoast_head_json":{"title":"Impacto directo de tu postura en el cerebro - El Diario - Bolivia","robots":{"index":"index","follow":"follow","max-snippet":"max-snippet:-1","max-image-preview":"max-image-preview:large","max-video-preview":"max-video-preview:-1"},"canonical":"https:\/\/www.eldiario.net\/portal\/2026\/09\/02\/impacto-directo-de-tu-postura-en-el-cerebro\/","og_locale":"es_ES","og_type":"article","og_title":"Impacto directo de tu postura en el cerebro - El Diario - Bolivia","og_description":"Por Yara Alejandra Calder\u00f3n Pereyra Nos encontramos en una \u00e9poca\u00a0 inclinada a los logros y expectativas, en la cual la digitalidad nos ha llevado a una cotidianeidad, condenando y relegando\u00a0 el cuerpo al sedentarismo, y a una silla,\u00a0 olvidando\u00a0\u00a0 su lenguaje\u00a0 y morfolog\u00eda. Los \u00faltimos hallazgos en neurociencia, demuestran\u00a0 que el cerebro entre sus m\u00faltiples [&hellip;]","og_url":"https:\/\/www.eldiario.net\/portal\/2026\/09\/02\/impacto-directo-de-tu-postura-en-el-cerebro\/","og_site_name":"El Diario - Bolivia","article_publisher":"https:\/\/www.facebook.com\/eldiario.bolivia\/","article_published_time":"2026-09-02T04:58:38+00:00","og_image":[{"width":400,"height":218,"url":"https:\/\/www.eldiario.net\/portal\/wp-content\/uploads\/2026\/09\/NOTA-3-FOTO.webp","type":"image\/webp"}],"author":"Jeanette","twitter_card":"summary_large_image","twitter_creator":"@eldiario_net","twitter_site":"@eldiario_net","twitter_misc":{"Escrito por":"Jeanette","Tiempo de lectura":"3 minutos"},"schema":{"@context":"https:\/\/schema.org","@graph":[{"@type":"Article","@id":"https:\/\/www.eldiario.net\/portal\/2026\/09\/02\/impacto-directo-de-tu-postura-en-el-cerebro\/#article","isPartOf":{"@id":"https:\/\/www.eldiario.net\/portal\/2026\/09\/02\/impacto-directo-de-tu-postura-en-el-cerebro\/"},"author":{"name":"Jeanette","@id":"https:\/\/www.eldiario.net\/portal\/#\/schema\/person\/f46445640444750d7d753ccd04ae01b7"},"headline":"Impacto directo de tu postura en el cerebro","datePublished":"2026-09-02T04:58:38+00:00","mainEntityOfPage":{"@id":"https:\/\/www.eldiario.net\/portal\/2026\/09\/02\/impacto-directo-de-tu-postura-en-el-cerebro\/"},"wordCount":611,"publisher":{"@id":"https:\/\/www.eldiario.net\/portal\/#organization"},"image":{"@id":"https:\/\/www.eldiario.net\/portal\/2026\/09\/02\/impacto-directo-de-tu-postura-en-el-cerebro\/#primaryimage"},"thumbnailUrl":"https:\/\/www.eldiario.net\/portal\/wp-content\/uploads\/2026\/09\/NOTA-3-FOTO.webp","articleSection":["Femenina"],"inLanguage":"es"},{"@type":"WebPage","@id":"https:\/\/www.eldiario.net\/portal\/2026\/09\/02\/impacto-directo-de-tu-postura-en-el-cerebro\/","url":"https:\/\/www.eldiario.net\/portal\/2026\/09\/02\/impacto-directo-de-tu-postura-en-el-cerebro\/","name":"Impacto directo de tu postura en el cerebro - El Diario - Bolivia","isPartOf":{"@id":"https:\/\/www.eldiario.net\/portal\/#website"},"primaryImageOfPage":{"@id":"https:\/\/www.eldiario.net\/portal\/2026\/09\/02\/impacto-directo-de-tu-postura-en-el-cerebro\/#primaryimage"},"image":{"@id":"https:\/\/www.eldiario.net\/portal\/2026\/09\/02\/impacto-directo-de-tu-postura-en-el-cerebro\/#primaryimage"},"thumbnailUrl":"https:\/\/www.eldiario.net\/portal\/wp-content\/uploads\/2026\/09\/NOTA-3-FOTO.webp","datePublished":"2026-09-02T04:58:38+00:00","breadcrumb":{"@id":"https:\/\/www.eldiario.net\/portal\/2026\/09\/02\/impacto-directo-de-tu-postura-en-el-cerebro\/#breadcrumb"},"inLanguage":"es","potentialAction":[{"@type":"ReadAction","target":["https:\/\/www.eldiario.net\/portal\/2026\/09\/02\/impacto-directo-de-tu-postura-en-el-cerebro\/"]}]},{"@type":"ImageObject","inLanguage":"es","@id":"https:\/\/www.eldiario.net\/portal\/2026\/09\/02\/impacto-directo-de-tu-postura-en-el-cerebro\/#primaryimage","url":"https:\/\/www.eldiario.net\/portal\/wp-content\/uploads\/2026\/09\/NOTA-3-FOTO.webp","contentUrl":"https:\/\/www.eldiario.net\/portal\/wp-content\/uploads\/2026\/09\/NOTA-3-FOTO.webp","width":400,"height":218,"caption":"CAMBIAR LA POSTURA DEL CUERPO ES EL CAMINO M\u00c1S R\u00c1PIDO PARA MODIFICAR EL ESTADO DE LA MENTE."},{"@type":"BreadcrumbList","@id":"https:\/\/www.eldiario.net\/portal\/2026\/09\/02\/impacto-directo-de-tu-postura-en-el-cerebro\/#breadcrumb","itemListElement":[{"@type":"ListItem","position":1,"name":"Portada","item":"https:\/\/www.eldiario.net\/portal\/"},{"@type":"ListItem","position":2,"name":"Impacto directo de tu postura en el cerebro"}]},{"@type":"WebSite","@id":"https:\/\/www.eldiario.net\/portal\/#website","url":"https:\/\/www.eldiario.net\/portal\/","name":"El Diario - Decano de la prensa nacional","description":"El Diario - Decano de la prensa nacional","publisher":{"@id":"https:\/\/www.eldiario.net\/portal\/#organization"},"potentialAction":[{"@type":"SearchAction","target":{"@type":"EntryPoint","urlTemplate":"https:\/\/www.eldiario.net\/portal\/?s={search_term_string}"},"query-input":{"@type":"PropertyValueSpecification","valueRequired":true,"valueName":"search_term_string"}}],"inLanguage":"es"},{"@type":"Organization","@id":"https:\/\/www.eldiario.net\/portal\/#organization","name":"El Diario - Decano de la prensa nacional","url":"https:\/\/www.eldiario.net\/portal\/","logo":{"@type":"ImageObject","inLanguage":"es","@id":"https:\/\/www.eldiario.net\/portal\/#\/schema\/logo\/image\/","url":"https:\/\/www.eldiario.net\/portal\/wp-content\/uploads\/2023\/07\/logo_ED.jpg","contentUrl":"https:\/\/www.eldiario.net\/portal\/wp-content\/uploads\/2023\/07\/logo_ED.jpg","width":272,"height":52,"caption":"El Diario - Decano de la prensa nacional"},"image":{"@id":"https:\/\/www.eldiario.net\/portal\/#\/schema\/logo\/image\/"},"sameAs":["https:\/\/www.facebook.com\/eldiario.bolivia\/","https:\/\/x.com\/eldiario_net"]},{"@type":"Person","@id":"https:\/\/www.eldiario.net\/portal\/#\/schema\/person\/f46445640444750d7d753ccd04ae01b7","name":"Jeanette","image":{"@type":"ImageObject","inLanguage":"es","@id":"https:\/\/secure.gravatar.com\/avatar\/3ea2118a5f7dad2b7138b1187a6b7ee55f160b9968b66013c3a3ef39dd7e5798?s=96&d=mm&r=g","url":"https:\/\/secure.gravatar.com\/avatar\/3ea2118a5f7dad2b7138b1187a6b7ee55f160b9968b66013c3a3ef39dd7e5798?s=96&d=mm&r=g","contentUrl":"https:\/\/secure.gravatar.com\/avatar\/3ea2118a5f7dad2b7138b1187a6b7ee55f160b9968b66013c3a3ef39dd7e5798?s=96&d=mm&r=g","caption":"Jeanette"},"sameAs":["https:\/\/www.eldiario.net\/portal"],"url":"https:\/\/www.eldiario.net\/portal\/author\/jeanette\/"}]}},"_links":{"self":[{"href":"https:\/\/www.eldiario.net\/portal\/wp-json\/wp\/v2\/posts\/426887","targetHints":{"allow":["GET"]}}],"collection":[{"href":"https:\/\/www.eldiario.net\/portal\/wp-json\/wp\/v2\/posts"}],"about":[{"href":"https:\/\/www.eldiario.net\/portal\/wp-json\/wp\/v2\/types\/post"}],"author":[{"embeddable":true,"href":"https:\/\/www.eldiario.net\/portal\/wp-json\/wp\/v2\/users\/1"}],"replies":[{"embeddable":true,"href":"https:\/\/www.eldiario.net\/portal\/wp-json\/wp\/v2\/comments?post=426887"}],"version-history":[{"count":1,"href":"https:\/\/www.eldiario.net\/portal\/wp-json\/wp\/v2\/posts\/426887\/revisions"}],"predecessor-version":[{"id":426889,"href":"https:\/\/www.eldiario.net\/portal\/wp-json\/wp\/v2\/posts\/426887\/revisions\/426889"}],"wp:featuredmedia":[{"embeddable":true,"href":"https:\/\/www.eldiario.net\/portal\/wp-json\/wp\/v2\/media\/426888"}],"wp:attachment":[{"href":"https:\/\/www.eldiario.net\/portal\/wp-json\/wp\/v2\/media?parent=426887"}],"wp:term":[{"taxonomy":"category","embeddable":true,"href":"https:\/\/www.eldiario.net\/portal\/wp-json\/wp\/v2\/categories?post=426887"},{"taxonomy":"post_tag","embeddable":true,"href":"https:\/\/www.eldiario.net\/portal\/wp-json\/wp\/v2\/tags?post=426887"}],"curies":[{"name":"wp","href":"https:\/\/api.w.org\/{rel}","templated":true}]}}