{"id":426881,"date":"2026-09-02T00:56:00","date_gmt":"2026-09-02T04:56:00","guid":{"rendered":"https:\/\/www.eldiario.net\/portal\/?p=426881"},"modified":"2026-09-01T21:56:47","modified_gmt":"2026-09-02T01:56:47","slug":"la-verdad-sobre-la-ventana-anabolica-despues-de-entrenar","status":"publish","type":"post","link":"https:\/\/www.eldiario.net\/portal\/2026\/09\/02\/la-verdad-sobre-la-ventana-anabolica-despues-de-entrenar\/","title":{"rendered":"La verdad sobre la ventana anab\u00f3lica despu\u00e9s de entrenar"},"content":{"rendered":"<p>Quienes han ido alguna vez a un gimnasio, seguramente han escuchado la recomendaci\u00f3n de consumir prote\u00edna de suero (whey protein) justo despu\u00e9s del entrenamiento para \u201caprovechar la ventana anab\u00f3lica, que se cierra en menos de una hora\u201d.<\/p>\n<p>La ventana anab\u00f3lica es el per\u00edodo posterior al entrenamiento de fuerza en el que el organismo ser\u00eda m\u00e1s receptivo al consumo de prote\u00ednas para reparar y desarrollar masa muscular. Sin embargo, esta hip\u00f3tesis ha sido ampliamente cuestionada.<\/p>\n<p>La cuesti\u00f3n no es la existencia de este fen\u00f3meno biol\u00f3gico, sino el corto per\u00edodo de tiempo que tradicionalmente se le ha atribuido. Revisiones cient\u00edficas recientes muestran que esta ventana es mucho m\u00e1s amplia de lo que se pensaba y puede extenderse durante varias horas, como se\u00f1ala uno de los an\u00e1lisis m\u00e1s citados sobre el tema, publicado en el Journal of the International Society of Sports Nutrition.<\/p>\n<p>Otro estudio publicado en PubMed compar\u00f3 el consumo de prote\u00ednas inmediatamente antes y justo despu\u00e9s del entrenamiento de fuerza, y no encontr\u00f3 diferencias relevantes en el aumento de la fuerza ni de la masa muscular entre ambos grupos. \u201cLa evidencia muestra que el factor que m\u00e1s influye en el desarrollo de la masa muscular es la cantidad total de prote\u00ednas consumidas a lo largo del d\u00eda, y no el momento exacto en que se ingieren\u201d, explica Ana Cristina Guti\u00e9rrez, nutricionista deportiva, mag\u00edster en Nutrici\u00f3n y miembro del Consejo Consultivo de Nutrici\u00f3n de Herbalife.<\/p>\n<p><strong>Entonces, \u00bfel momento del consumo no importa?<\/strong><\/p>\n<p>S\u00ed importa, pero menos de lo que se cre\u00eda y, sobre todo, en situaciones espec\u00edficas. Entrenar despu\u00e9s de un ayuno prolongado, por ejemplo, es un escenario en el que consumir prote\u00ednas relativamente cerca del entrenamiento adquiere mayor relevancia, ya que el organismo ha pasado muchas horas sin recibir amino\u00e1cidos.<\/p>\n<p>\u201cEn personas que mantienen una ingesta adecuada de prote\u00ednas a lo largo del d\u00eda y las distribuyen de manera equilibrada entre sus comidas, el momento exacto de consumo de un batido de prote\u00ednas despu\u00e9s del ejercicio parece tener un impacto m\u00ednimo en los resultados finales\u201d, se\u00f1ala la nutricionista deportiva.<\/p>\n<p><strong>\u00bfQu\u00e9 hacer en la pr\u00e1ctica?<\/strong><\/p>\n<p>&#8211; Prioriza la cantidad total de prote\u00ednas consumidas durante el d\u00eda. \u201cLa recomendaci\u00f3n general para quienes realizan entrenamiento de fuerza se sit\u00faa entre 1,6 y 2,2 g de prote\u00edna por kilogramo de peso corporal al d\u00eda. Sin embargo, lo ideal es contar con una orientaci\u00f3n individualizada de un profesional en nutrici\u00f3n\u201d, recomienda Ana Cristina.<\/p>\n<p>&#8211; Distribuye el consumo de prote\u00ednas a lo largo del d\u00eda, sin obsesionarte con el cron\u00f3metro despu\u00e9s del entrenamiento. Incluye huevos, carnes magras, pescado, queso, barras de prote\u00edna, prote\u00edna de suero (whey protein), batidos y otras bebidas proteicas.<\/p>\n<p>&#8211; Presta atenci\u00f3n a los ayunos prolongados. Si entrenas muchas horas despu\u00e9s de la \u00faltima comida, tiene m\u00e1s sentido consumir una fuente de prote\u00ednas durante las primeras horas posteriores al ejercicio.<\/p>\n<p>&#8211; No es necesario preocuparse por consumir prote\u00ednas inmediatamente despu\u00e9s del entrenamiento. La evidencia actual sugiere que existe una ventana de varias horas para obtener los beneficios asociados a la ingesta proteica post ejercicio.<\/p>\n","protected":false},"excerpt":{"rendered":"<p>Quienes han ido alguna vez a un gimnasio, seguramente han escuchado la recomendaci\u00f3n de consumir prote\u00edna de suero (whey protein) justo despu\u00e9s del entrenamiento para \u201caprovechar la ventana anab\u00f3lica, que se cierra en menos de una hora\u201d. La ventana anab\u00f3lica es el per\u00edodo posterior al entrenamiento de fuerza en el que el organismo ser\u00eda m\u00e1s [&hellip;]<\/p>\n","protected":false},"author":1,"featured_media":426882,"comment_status":"closed","ping_status":"open","sticky":false,"template":"","format":"standard","meta":{"_acf_changed":false,"footnotes":""},"categories":[42],"tags":[],"class_list":["post-426881","post","type-post","status-publish","format-standard","has-post-thumbnail","category-femenina"],"acf":{"antetitulo":"Nutrici\u00f3n deportiva"},"yoast_head":"<!-- This site is optimized with the Yoast SEO plugin v28.3 - https:\/\/yoast.com\/product\/yoast-seo-wordpress\/ -->\n<title>La verdad sobre la ventana anab\u00f3lica despu\u00e9s de entrenar - El Diario - Bolivia<\/title>\n<meta name=\"robots\" content=\"index, follow, max-snippet:-1, max-image-preview:large, max-video-preview:-1\" \/>\n<link rel=\"canonical\" href=\"https:\/\/www.eldiario.net\/portal\/2026\/09\/02\/la-verdad-sobre-la-ventana-anabolica-despues-de-entrenar\/\" \/>\n<meta property=\"og:locale\" content=\"es_ES\" \/>\n<meta property=\"og:type\" content=\"article\" \/>\n<meta property=\"og:title\" content=\"La verdad sobre la ventana anab\u00f3lica despu\u00e9s de entrenar - El Diario - Bolivia\" \/>\n<meta property=\"og:description\" content=\"Quienes han ido alguna vez a un gimnasio, seguramente han escuchado la recomendaci\u00f3n de consumir prote\u00edna de suero (whey protein) justo despu\u00e9s del entrenamiento para \u201caprovechar la ventana anab\u00f3lica, que se cierra en menos de una hora\u201d. La ventana anab\u00f3lica es el per\u00edodo posterior al entrenamiento de fuerza en el que el organismo ser\u00eda m\u00e1s [&hellip;]\" \/>\n<meta property=\"og:url\" content=\"https:\/\/www.eldiario.net\/portal\/2026\/09\/02\/la-verdad-sobre-la-ventana-anabolica-despues-de-entrenar\/\" \/>\n<meta property=\"og:site_name\" content=\"El Diario - Bolivia\" \/>\n<meta property=\"article:publisher\" content=\"https:\/\/www.facebook.com\/eldiario.bolivia\/\" \/>\n<meta property=\"article:published_time\" content=\"2026-09-02T04:56:00+00:00\" \/>\n<meta property=\"og:image\" content=\"https:\/\/www.eldiario.net\/portal\/wp-content\/uploads\/2026\/09\/NOTA-5-FOTO.webp\" \/>\n\t<meta property=\"og:image:width\" content=\"977\" \/>\n\t<meta property=\"og:image:height\" content=\"653\" \/>\n\t<meta property=\"og:image:type\" content=\"image\/webp\" \/>\n<meta name=\"author\" content=\"Jeanette\" \/>\n<meta name=\"twitter:card\" content=\"summary_large_image\" \/>\n<meta name=\"twitter:creator\" content=\"@eldiario_net\" \/>\n<meta name=\"twitter:site\" content=\"@eldiario_net\" \/>\n<meta name=\"twitter:label1\" content=\"Escrito por\" \/>\n\t<meta name=\"twitter:data1\" content=\"Jeanette\" \/>\n\t<meta name=\"twitter:label2\" content=\"Tiempo de lectura\" \/>\n\t<meta name=\"twitter:data2\" content=\"3 minutos\" \/>\n<script type=\"application\/ld+json\" class=\"yoast-schema-graph\">{\"@context\":\"https:\\\/\\\/schema.org\",\"@graph\":[{\"@type\":\"Article\",\"@id\":\"https:\\\/\\\/www.eldiario.net\\\/portal\\\/2026\\\/09\\\/02\\\/la-verdad-sobre-la-ventana-anabolica-despues-de-entrenar\\\/#article\",\"isPartOf\":{\"@id\":\"https:\\\/\\\/www.eldiario.net\\\/portal\\\/2026\\\/09\\\/02\\\/la-verdad-sobre-la-ventana-anabolica-despues-de-entrenar\\\/\"},\"author\":{\"name\":\"Jeanette\",\"@id\":\"https:\\\/\\\/www.eldiario.net\\\/portal\\\/#\\\/schema\\\/person\\\/f46445640444750d7d753ccd04ae01b7\"},\"headline\":\"La verdad sobre la ventana anab\u00f3lica despu\u00e9s de entrenar\",\"datePublished\":\"2026-09-02T04:56:00+00:00\",\"mainEntityOfPage\":{\"@id\":\"https:\\\/\\\/www.eldiario.net\\\/portal\\\/2026\\\/09\\\/02\\\/la-verdad-sobre-la-ventana-anabolica-despues-de-entrenar\\\/\"},\"wordCount\":569,\"publisher\":{\"@id\":\"https:\\\/\\\/www.eldiario.net\\\/portal\\\/#organization\"},\"image\":{\"@id\":\"https:\\\/\\\/www.eldiario.net\\\/portal\\\/2026\\\/09\\\/02\\\/la-verdad-sobre-la-ventana-anabolica-despues-de-entrenar\\\/#primaryimage\"},\"thumbnailUrl\":\"https:\\\/\\\/www.eldiario.net\\\/portal\\\/wp-content\\\/uploads\\\/2026\\\/09\\\/NOTA-5-FOTO.webp\",\"articleSection\":[\"Femenina\"],\"inLanguage\":\"es\"},{\"@type\":\"WebPage\",\"@id\":\"https:\\\/\\\/www.eldiario.net\\\/portal\\\/2026\\\/09\\\/02\\\/la-verdad-sobre-la-ventana-anabolica-despues-de-entrenar\\\/\",\"url\":\"https:\\\/\\\/www.eldiario.net\\\/portal\\\/2026\\\/09\\\/02\\\/la-verdad-sobre-la-ventana-anabolica-despues-de-entrenar\\\/\",\"name\":\"La verdad sobre la ventana anab\u00f3lica despu\u00e9s de entrenar - El Diario - Bolivia\",\"isPartOf\":{\"@id\":\"https:\\\/\\\/www.eldiario.net\\\/portal\\\/#website\"},\"primaryImageOfPage\":{\"@id\":\"https:\\\/\\\/www.eldiario.net\\\/portal\\\/2026\\\/09\\\/02\\\/la-verdad-sobre-la-ventana-anabolica-despues-de-entrenar\\\/#primaryimage\"},\"image\":{\"@id\":\"https:\\\/\\\/www.eldiario.net\\\/portal\\\/2026\\\/09\\\/02\\\/la-verdad-sobre-la-ventana-anabolica-despues-de-entrenar\\\/#primaryimage\"},\"thumbnailUrl\":\"https:\\\/\\\/www.eldiario.net\\\/portal\\\/wp-content\\\/uploads\\\/2026\\\/09\\\/NOTA-5-FOTO.webp\",\"datePublished\":\"2026-09-02T04:56:00+00:00\",\"breadcrumb\":{\"@id\":\"https:\\\/\\\/www.eldiario.net\\\/portal\\\/2026\\\/09\\\/02\\\/la-verdad-sobre-la-ventana-anabolica-despues-de-entrenar\\\/#breadcrumb\"},\"inLanguage\":\"es\",\"potentialAction\":[{\"@type\":\"ReadAction\",\"target\":[\"https:\\\/\\\/www.eldiario.net\\\/portal\\\/2026\\\/09\\\/02\\\/la-verdad-sobre-la-ventana-anabolica-despues-de-entrenar\\\/\"]}]},{\"@type\":\"ImageObject\",\"inLanguage\":\"es\",\"@id\":\"https:\\\/\\\/www.eldiario.net\\\/portal\\\/2026\\\/09\\\/02\\\/la-verdad-sobre-la-ventana-anabolica-despues-de-entrenar\\\/#primaryimage\",\"url\":\"https:\\\/\\\/www.eldiario.net\\\/portal\\\/wp-content\\\/uploads\\\/2026\\\/09\\\/NOTA-5-FOTO.webp\",\"contentUrl\":\"https:\\\/\\\/www.eldiario.net\\\/portal\\\/wp-content\\\/uploads\\\/2026\\\/09\\\/NOTA-5-FOTO.webp\",\"width\":977,\"height\":653,\"caption\":\"MANTENER UNA BUENA HIDRATACI\u00d3N Y UN APORTE CONSTANTE DE NUTRIENTES ES CLAVE PARA EL RENDIMIENTO DIARIO.\"},{\"@type\":\"BreadcrumbList\",\"@id\":\"https:\\\/\\\/www.eldiario.net\\\/portal\\\/2026\\\/09\\\/02\\\/la-verdad-sobre-la-ventana-anabolica-despues-de-entrenar\\\/#breadcrumb\",\"itemListElement\":[{\"@type\":\"ListItem\",\"position\":1,\"name\":\"Portada\",\"item\":\"https:\\\/\\\/www.eldiario.net\\\/portal\\\/\"},{\"@type\":\"ListItem\",\"position\":2,\"name\":\"La verdad sobre la ventana anab\u00f3lica despu\u00e9s de entrenar\"}]},{\"@type\":\"WebSite\",\"@id\":\"https:\\\/\\\/www.eldiario.net\\\/portal\\\/#website\",\"url\":\"https:\\\/\\\/www.eldiario.net\\\/portal\\\/\",\"name\":\"El Diario - Decano de la prensa nacional\",\"description\":\"El Diario - Decano de la prensa nacional\",\"publisher\":{\"@id\":\"https:\\\/\\\/www.eldiario.net\\\/portal\\\/#organization\"},\"potentialAction\":[{\"@type\":\"SearchAction\",\"target\":{\"@type\":\"EntryPoint\",\"urlTemplate\":\"https:\\\/\\\/www.eldiario.net\\\/portal\\\/?s={search_term_string}\"},\"query-input\":{\"@type\":\"PropertyValueSpecification\",\"valueRequired\":true,\"valueName\":\"search_term_string\"}}],\"inLanguage\":\"es\"},{\"@type\":\"Organization\",\"@id\":\"https:\\\/\\\/www.eldiario.net\\\/portal\\\/#organization\",\"name\":\"El Diario - Decano de la prensa nacional\",\"url\":\"https:\\\/\\\/www.eldiario.net\\\/portal\\\/\",\"logo\":{\"@type\":\"ImageObject\",\"inLanguage\":\"es\",\"@id\":\"https:\\\/\\\/www.eldiario.net\\\/portal\\\/#\\\/schema\\\/logo\\\/image\\\/\",\"url\":\"https:\\\/\\\/www.eldiario.net\\\/portal\\\/wp-content\\\/uploads\\\/2023\\\/07\\\/logo_ED.jpg\",\"contentUrl\":\"https:\\\/\\\/www.eldiario.net\\\/portal\\\/wp-content\\\/uploads\\\/2023\\\/07\\\/logo_ED.jpg\",\"width\":272,\"height\":52,\"caption\":\"El Diario - Decano de la prensa nacional\"},\"image\":{\"@id\":\"https:\\\/\\\/www.eldiario.net\\\/portal\\\/#\\\/schema\\\/logo\\\/image\\\/\"},\"sameAs\":[\"https:\\\/\\\/www.facebook.com\\\/eldiario.bolivia\\\/\",\"https:\\\/\\\/x.com\\\/eldiario_net\"]},{\"@type\":\"Person\",\"@id\":\"https:\\\/\\\/www.eldiario.net\\\/portal\\\/#\\\/schema\\\/person\\\/f46445640444750d7d753ccd04ae01b7\",\"name\":\"Jeanette\",\"image\":{\"@type\":\"ImageObject\",\"inLanguage\":\"es\",\"@id\":\"https:\\\/\\\/secure.gravatar.com\\\/avatar\\\/3ea2118a5f7dad2b7138b1187a6b7ee55f160b9968b66013c3a3ef39dd7e5798?s=96&d=mm&r=g\",\"url\":\"https:\\\/\\\/secure.gravatar.com\\\/avatar\\\/3ea2118a5f7dad2b7138b1187a6b7ee55f160b9968b66013c3a3ef39dd7e5798?s=96&d=mm&r=g\",\"contentUrl\":\"https:\\\/\\\/secure.gravatar.com\\\/avatar\\\/3ea2118a5f7dad2b7138b1187a6b7ee55f160b9968b66013c3a3ef39dd7e5798?s=96&d=mm&r=g\",\"caption\":\"Jeanette\"},\"sameAs\":[\"https:\\\/\\\/www.eldiario.net\\\/portal\"],\"url\":\"https:\\\/\\\/www.eldiario.net\\\/portal\\\/author\\\/jeanette\\\/\"}]}<\/script>\n<!-- \/ Yoast SEO plugin. -->","yoast_head_json":{"title":"La verdad sobre la ventana anab\u00f3lica despu\u00e9s de entrenar - El Diario - Bolivia","robots":{"index":"index","follow":"follow","max-snippet":"max-snippet:-1","max-image-preview":"max-image-preview:large","max-video-preview":"max-video-preview:-1"},"canonical":"https:\/\/www.eldiario.net\/portal\/2026\/09\/02\/la-verdad-sobre-la-ventana-anabolica-despues-de-entrenar\/","og_locale":"es_ES","og_type":"article","og_title":"La verdad sobre la ventana anab\u00f3lica despu\u00e9s de entrenar - El Diario - Bolivia","og_description":"Quienes han ido alguna vez a un gimnasio, seguramente han escuchado la recomendaci\u00f3n de consumir prote\u00edna de suero (whey protein) justo despu\u00e9s del entrenamiento para \u201caprovechar la ventana anab\u00f3lica, que se cierra en menos de una hora\u201d. La ventana anab\u00f3lica es el per\u00edodo posterior al entrenamiento de fuerza en el que el organismo ser\u00eda m\u00e1s [&hellip;]","og_url":"https:\/\/www.eldiario.net\/portal\/2026\/09\/02\/la-verdad-sobre-la-ventana-anabolica-despues-de-entrenar\/","og_site_name":"El Diario - Bolivia","article_publisher":"https:\/\/www.facebook.com\/eldiario.bolivia\/","article_published_time":"2026-09-02T04:56:00+00:00","og_image":[{"width":977,"height":653,"url":"https:\/\/www.eldiario.net\/portal\/wp-content\/uploads\/2026\/09\/NOTA-5-FOTO.webp","type":"image\/webp"}],"author":"Jeanette","twitter_card":"summary_large_image","twitter_creator":"@eldiario_net","twitter_site":"@eldiario_net","twitter_misc":{"Escrito por":"Jeanette","Tiempo de lectura":"3 minutos"},"schema":{"@context":"https:\/\/schema.org","@graph":[{"@type":"Article","@id":"https:\/\/www.eldiario.net\/portal\/2026\/09\/02\/la-verdad-sobre-la-ventana-anabolica-despues-de-entrenar\/#article","isPartOf":{"@id":"https:\/\/www.eldiario.net\/portal\/2026\/09\/02\/la-verdad-sobre-la-ventana-anabolica-despues-de-entrenar\/"},"author":{"name":"Jeanette","@id":"https:\/\/www.eldiario.net\/portal\/#\/schema\/person\/f46445640444750d7d753ccd04ae01b7"},"headline":"La verdad sobre la ventana anab\u00f3lica despu\u00e9s de entrenar","datePublished":"2026-09-02T04:56:00+00:00","mainEntityOfPage":{"@id":"https:\/\/www.eldiario.net\/portal\/2026\/09\/02\/la-verdad-sobre-la-ventana-anabolica-despues-de-entrenar\/"},"wordCount":569,"publisher":{"@id":"https:\/\/www.eldiario.net\/portal\/#organization"},"image":{"@id":"https:\/\/www.eldiario.net\/portal\/2026\/09\/02\/la-verdad-sobre-la-ventana-anabolica-despues-de-entrenar\/#primaryimage"},"thumbnailUrl":"https:\/\/www.eldiario.net\/portal\/wp-content\/uploads\/2026\/09\/NOTA-5-FOTO.webp","articleSection":["Femenina"],"inLanguage":"es"},{"@type":"WebPage","@id":"https:\/\/www.eldiario.net\/portal\/2026\/09\/02\/la-verdad-sobre-la-ventana-anabolica-despues-de-entrenar\/","url":"https:\/\/www.eldiario.net\/portal\/2026\/09\/02\/la-verdad-sobre-la-ventana-anabolica-despues-de-entrenar\/","name":"La verdad sobre la ventana anab\u00f3lica despu\u00e9s de entrenar - El Diario - Bolivia","isPartOf":{"@id":"https:\/\/www.eldiario.net\/portal\/#website"},"primaryImageOfPage":{"@id":"https:\/\/www.eldiario.net\/portal\/2026\/09\/02\/la-verdad-sobre-la-ventana-anabolica-despues-de-entrenar\/#primaryimage"},"image":{"@id":"https:\/\/www.eldiario.net\/portal\/2026\/09\/02\/la-verdad-sobre-la-ventana-anabolica-despues-de-entrenar\/#primaryimage"},"thumbnailUrl":"https:\/\/www.eldiario.net\/portal\/wp-content\/uploads\/2026\/09\/NOTA-5-FOTO.webp","datePublished":"2026-09-02T04:56:00+00:00","breadcrumb":{"@id":"https:\/\/www.eldiario.net\/portal\/2026\/09\/02\/la-verdad-sobre-la-ventana-anabolica-despues-de-entrenar\/#breadcrumb"},"inLanguage":"es","potentialAction":[{"@type":"ReadAction","target":["https:\/\/www.eldiario.net\/portal\/2026\/09\/02\/la-verdad-sobre-la-ventana-anabolica-despues-de-entrenar\/"]}]},{"@type":"ImageObject","inLanguage":"es","@id":"https:\/\/www.eldiario.net\/portal\/2026\/09\/02\/la-verdad-sobre-la-ventana-anabolica-despues-de-entrenar\/#primaryimage","url":"https:\/\/www.eldiario.net\/portal\/wp-content\/uploads\/2026\/09\/NOTA-5-FOTO.webp","contentUrl":"https:\/\/www.eldiario.net\/portal\/wp-content\/uploads\/2026\/09\/NOTA-5-FOTO.webp","width":977,"height":653,"caption":"MANTENER UNA BUENA HIDRATACI\u00d3N Y UN APORTE CONSTANTE DE NUTRIENTES ES CLAVE PARA EL RENDIMIENTO DIARIO."},{"@type":"BreadcrumbList","@id":"https:\/\/www.eldiario.net\/portal\/2026\/09\/02\/la-verdad-sobre-la-ventana-anabolica-despues-de-entrenar\/#breadcrumb","itemListElement":[{"@type":"ListItem","position":1,"name":"Portada","item":"https:\/\/www.eldiario.net\/portal\/"},{"@type":"ListItem","position":2,"name":"La verdad sobre la ventana anab\u00f3lica despu\u00e9s de entrenar"}]},{"@type":"WebSite","@id":"https:\/\/www.eldiario.net\/portal\/#website","url":"https:\/\/www.eldiario.net\/portal\/","name":"El Diario - Decano de la prensa nacional","description":"El Diario - Decano de la prensa nacional","publisher":{"@id":"https:\/\/www.eldiario.net\/portal\/#organization"},"potentialAction":[{"@type":"SearchAction","target":{"@type":"EntryPoint","urlTemplate":"https:\/\/www.eldiario.net\/portal\/?s={search_term_string}"},"query-input":{"@type":"PropertyValueSpecification","valueRequired":true,"valueName":"search_term_string"}}],"inLanguage":"es"},{"@type":"Organization","@id":"https:\/\/www.eldiario.net\/portal\/#organization","name":"El Diario - Decano de la prensa nacional","url":"https:\/\/www.eldiario.net\/portal\/","logo":{"@type":"ImageObject","inLanguage":"es","@id":"https:\/\/www.eldiario.net\/portal\/#\/schema\/logo\/image\/","url":"https:\/\/www.eldiario.net\/portal\/wp-content\/uploads\/2023\/07\/logo_ED.jpg","contentUrl":"https:\/\/www.eldiario.net\/portal\/wp-content\/uploads\/2023\/07\/logo_ED.jpg","width":272,"height":52,"caption":"El Diario - Decano de la prensa nacional"},"image":{"@id":"https:\/\/www.eldiario.net\/portal\/#\/schema\/logo\/image\/"},"sameAs":["https:\/\/www.facebook.com\/eldiario.bolivia\/","https:\/\/x.com\/eldiario_net"]},{"@type":"Person","@id":"https:\/\/www.eldiario.net\/portal\/#\/schema\/person\/f46445640444750d7d753ccd04ae01b7","name":"Jeanette","image":{"@type":"ImageObject","inLanguage":"es","@id":"https:\/\/secure.gravatar.com\/avatar\/3ea2118a5f7dad2b7138b1187a6b7ee55f160b9968b66013c3a3ef39dd7e5798?s=96&d=mm&r=g","url":"https:\/\/secure.gravatar.com\/avatar\/3ea2118a5f7dad2b7138b1187a6b7ee55f160b9968b66013c3a3ef39dd7e5798?s=96&d=mm&r=g","contentUrl":"https:\/\/secure.gravatar.com\/avatar\/3ea2118a5f7dad2b7138b1187a6b7ee55f160b9968b66013c3a3ef39dd7e5798?s=96&d=mm&r=g","caption":"Jeanette"},"sameAs":["https:\/\/www.eldiario.net\/portal"],"url":"https:\/\/www.eldiario.net\/portal\/author\/jeanette\/"}]}},"_links":{"self":[{"href":"https:\/\/www.eldiario.net\/portal\/wp-json\/wp\/v2\/posts\/426881","targetHints":{"allow":["GET"]}}],"collection":[{"href":"https:\/\/www.eldiario.net\/portal\/wp-json\/wp\/v2\/posts"}],"about":[{"href":"https:\/\/www.eldiario.net\/portal\/wp-json\/wp\/v2\/types\/post"}],"author":[{"embeddable":true,"href":"https:\/\/www.eldiario.net\/portal\/wp-json\/wp\/v2\/users\/1"}],"replies":[{"embeddable":true,"href":"https:\/\/www.eldiario.net\/portal\/wp-json\/wp\/v2\/comments?post=426881"}],"version-history":[{"count":1,"href":"https:\/\/www.eldiario.net\/portal\/wp-json\/wp\/v2\/posts\/426881\/revisions"}],"predecessor-version":[{"id":426883,"href":"https:\/\/www.eldiario.net\/portal\/wp-json\/wp\/v2\/posts\/426881\/revisions\/426883"}],"wp:featuredmedia":[{"embeddable":true,"href":"https:\/\/www.eldiario.net\/portal\/wp-json\/wp\/v2\/media\/426882"}],"wp:attachment":[{"href":"https:\/\/www.eldiario.net\/portal\/wp-json\/wp\/v2\/media?parent=426881"}],"wp:term":[{"taxonomy":"category","embeddable":true,"href":"https:\/\/www.eldiario.net\/portal\/wp-json\/wp\/v2\/categories?post=426881"},{"taxonomy":"post_tag","embeddable":true,"href":"https:\/\/www.eldiario.net\/portal\/wp-json\/wp\/v2\/tags?post=426881"}],"curies":[{"name":"wp","href":"https:\/\/api.w.org\/{rel}","templated":true}]}}