{"id":426876,"date":"2026-09-02T00:52:00","date_gmt":"2026-09-02T04:52:00","guid":{"rendered":"https:\/\/www.eldiario.net\/portal\/?p=426876"},"modified":"2026-09-01T21:53:30","modified_gmt":"2026-09-02T01:53:30","slug":"nueva-ola-de-violencia-deja-cinco-muertos-en-dos-dias","status":"publish","type":"post","link":"https:\/\/www.eldiario.net\/portal\/2026\/09\/02\/nueva-ola-de-violencia-deja-cinco-muertos-en-dos-dias\/","title":{"rendered":"Nueva ola de violencia deja cinco muertos en dos d\u00edas"},"content":{"rendered":"<p>Una pareja fue acribillada y una mujer muri\u00f3 atropellada durante la fuga de los atacantes en San Ram\u00f3n, Beni, en un hecho ocurrido la noche del lunes que elev\u00f3 a cinco las personas fallecidas en distintos episodios violentos registrados en el pa\u00eds durante los \u00faltimos dos d\u00edas. La Fiscal\u00eda confirm\u00f3 que abri\u00f3 una investigaci\u00f3n de oficio y trabaja junto con la Polic\u00eda para identificar a los responsables.<\/p>\n<p>El ataque en San Ram\u00f3n ocurri\u00f3 cerca de las 21:45, en medio de las actividades por una fiesta patronal. Seg\u00fan los primeros elementos recogidos por el Ministerio P\u00fablico, dos veh\u00edculos estuvieron involucrados: uno en el que se movilizaban las v\u00edctimas y otro en el que se desplazaban los presuntos sicarios.<\/p>\n<p>El fiscal departamental de Beni, Alexander Mendoza, explic\u00f3 que los atacantes habr\u00edan interceptado el veh\u00edculo de las v\u00edctimas y, despu\u00e9s de provocar una colisi\u00f3n, descendieron del motorizado para disparar contra una pareja. Tras ejecutar el ataque, los sospechosos emprendieron la fuga.<\/p>\n<p>Durante la huida, el veh\u00edculo utilizado por los presuntos autores termin\u00f3 impactando contra una tienda y atropell\u00f3 a una mujer que se encontraba en el lugar. La v\u00edctima muri\u00f3 como consecuencia del hecho, por lo que el episodio dej\u00f3 tres fallecidos: dos por los disparos y una tercera persona a causa del atropello.<\/p>\n<p>La Fiscal\u00eda busca establecer con precisi\u00f3n c\u00f3mo ocurri\u00f3 el ataque y qui\u00e9nes participaron. Mendoza se\u00f1al\u00f3 que, de manera preliminar, el veh\u00edculo de los presuntos agresores ser\u00eda de color gris o negro, mientras que el motorizado de las v\u00edctimas era azul y no ten\u00eda placa de control.<\/p>\n<p>La investigaci\u00f3n enfrenta adem\u00e1s dificultades debido a la falta de colaboraci\u00f3n de algunos familiares y testigos. Seg\u00fan el fiscal, los allegados de las v\u00edctimas habr\u00edan ocultado el veh\u00edculo en el que se trasladaban los fallecidos y tampoco autorizaron inicialmente la realizaci\u00f3n de las autopsias m\u00e9dico-legales, lo que impidi\u00f3 establecer mediante ese procedimiento la cantidad de impactos de bala recibidos.<\/p>\n<p>Pese a esas dificultades, Mendoza sostuvo que el Ministerio P\u00fablico continuar\u00e1 investigando el caso de oficio. La Fiscal\u00eda conform\u00f3 una comisi\u00f3n para avanzar en las pesquisas y anunci\u00f3 la incorporaci\u00f3n del fiscal de materia Enrique Alipaz, adem\u00e1s de la coordinaci\u00f3n con grupos especializados de inteligencia de la Polic\u00eda.<\/p>\n<p>Los investigadores tambi\u00e9n prev\u00e9n recabar las im\u00e1genes de las c\u00e1maras de seguridad instaladas en la zona, con el objetivo de reconstruir el recorrido de los veh\u00edculos y obtener informaci\u00f3n que permita identificar a los atacantes. Hasta el momento, la Fiscal\u00eda no estableci\u00f3 un m\u00f3vil y mantiene abiertas distintas hip\u00f3tesis.<\/p>\n<p>ATAQUES ANTERIORES<\/p>\n<p>El hecho de San Ram\u00f3n se suma a otros dos asesinatos registrados el domingo en diferentes puntos del pa\u00eds. En R\u00edo Blanco, en el tr\u00f3pico de Cochabamba, un hombre de 34 a\u00f1os fue atacado a tiros durante la madrugada cuando acudi\u00f3 a una licorer\u00eda junto con su esposa despu\u00e9s de asistir a una fiesta.<\/p>\n<p>De acuerdo con la informaci\u00f3n preliminar de la investigaci\u00f3n, dos hombres llegaron al establecimiento a bordo de una motocicleta y uno de ellos descendi\u00f3 para abrir fuego contra la v\u00edctima, mientras su esposa buscaba refugio detr\u00e1s de un refrigerador; la autopsia estableci\u00f3 que el hombre recibi\u00f3 26 impactos de bala. La Polic\u00eda verific\u00f3 que la v\u00edctima ten\u00eda antecedentes relacionados con el narcotr\u00e1fico.<\/p>\n<p>Horas despu\u00e9s, la violencia se traslad\u00f3 a San Ignacio de Velasco, en Santa Cruz, donde un adolescente de 16 a\u00f1os fue asesinado mientras trabajaba en una licorer\u00eda. Las c\u00e1maras de seguridad registraron la llegada de dos motocicletas, de las que descendieron dos hombres encapuchados que se aproximaron directamente al joven y le dispararon.<\/p>\n<p>La Polic\u00eda encontr\u00f3 20 vainas de calibre 9 mil\u00edmetros en el lugar y estableci\u00f3 de manera preliminar que el adolescente recibi\u00f3 al menos 15 impactos de bala. Tras el ataque, uno de los agresores pate\u00f3 el cuerpo de la v\u00edctima antes de abandonar el establecimiento.<\/p>\n<p>Los tres episodios permanecen bajo investigaci\u00f3n y, por ahora, no existe informaci\u00f3n oficial que establezca una conexi\u00f3n entre ellos. Sin embargo, la sucesi\u00f3n de hechos dej\u00f3 cinco personas fallecidas en dos d\u00edas: cuatro v\u00edctimas de ataques armados y una mujer que muri\u00f3 atropellada durante la fuga de los presuntos sicarios en San Ram\u00f3n.<\/p>\n<p>Las investigaciones de la Polic\u00eda y el Ministerio P\u00fablico deber\u00e1n determinar si se trata de hechos aislados, establecer los m\u00f3viles de cada caso y dar con los responsables.<\/p>\n","protected":false},"excerpt":{"rendered":"<p>Una pareja fue acribillada y una mujer muri\u00f3 atropellada durante la fuga de los atacantes en San Ram\u00f3n, Beni, en un hecho ocurrido la noche del lunes que elev\u00f3 a cinco las personas fallecidas en distintos episodios violentos registrados en el pa\u00eds durante los \u00faltimos dos d\u00edas. La Fiscal\u00eda confirm\u00f3 que abri\u00f3 una investigaci\u00f3n de [&hellip;]<\/p>\n","protected":false},"author":1,"featured_media":426877,"comment_status":"closed","ping_status":"open","sticky":false,"template":"","format":"standard","meta":{"_acf_changed":false,"footnotes":""},"categories":[39],"tags":[],"class_list":["post-426876","post","type-post","status-publish","format-standard","has-post-thumbnail","category-sociedad"],"acf":{"antetitulo":"Ataque armado en San Ram\u00f3n"},"yoast_head":"<!-- This site is optimized with the Yoast SEO plugin v28.3 - https:\/\/yoast.com\/product\/yoast-seo-wordpress\/ -->\n<title>Nueva ola de violencia deja cinco muertos en dos d\u00edas - El Diario - Bolivia<\/title>\n<meta name=\"robots\" content=\"index, follow, max-snippet:-1, max-image-preview:large, max-video-preview:-1\" \/>\n<link rel=\"canonical\" href=\"https:\/\/www.eldiario.net\/portal\/2026\/09\/02\/nueva-ola-de-violencia-deja-cinco-muertos-en-dos-dias\/\" \/>\n<meta property=\"og:locale\" content=\"es_ES\" \/>\n<meta property=\"og:type\" content=\"article\" \/>\n<meta property=\"og:title\" content=\"Nueva ola de violencia deja cinco muertos en dos d\u00edas - El Diario - Bolivia\" \/>\n<meta property=\"og:description\" content=\"Una pareja fue acribillada y una mujer muri\u00f3 atropellada durante la fuga de los atacantes en San Ram\u00f3n, Beni, en un hecho ocurrido la noche del lunes que elev\u00f3 a cinco las personas fallecidas en distintos episodios violentos registrados en el pa\u00eds durante los \u00faltimos dos d\u00edas. La Fiscal\u00eda confirm\u00f3 que abri\u00f3 una investigaci\u00f3n de [&hellip;]\" \/>\n<meta property=\"og:url\" content=\"https:\/\/www.eldiario.net\/portal\/2026\/09\/02\/nueva-ola-de-violencia-deja-cinco-muertos-en-dos-dias\/\" \/>\n<meta property=\"og:site_name\" content=\"El Diario - Bolivia\" \/>\n<meta property=\"article:publisher\" content=\"https:\/\/www.facebook.com\/eldiario.bolivia\/\" \/>\n<meta property=\"article:published_time\" content=\"2026-09-02T04:52:00+00:00\" \/>\n<meta property=\"og:image\" content=\"https:\/\/www.eldiario.net\/portal\/wp-content\/uploads\/2026\/09\/2-CINCO.webp\" \/>\n\t<meta property=\"og:image:width\" content=\"1536\" \/>\n\t<meta property=\"og:image:height\" content=\"1024\" \/>\n\t<meta property=\"og:image:type\" content=\"image\/webp\" \/>\n<meta name=\"author\" content=\"Jeanette\" \/>\n<meta name=\"twitter:card\" content=\"summary_large_image\" \/>\n<meta name=\"twitter:creator\" content=\"@eldiario_net\" \/>\n<meta name=\"twitter:site\" content=\"@eldiario_net\" \/>\n<meta name=\"twitter:label1\" content=\"Escrito por\" \/>\n\t<meta name=\"twitter:data1\" content=\"Jeanette\" \/>\n\t<meta name=\"twitter:label2\" content=\"Tiempo de lectura\" \/>\n\t<meta name=\"twitter:data2\" content=\"4 minutos\" \/>\n<script type=\"application\/ld+json\" class=\"yoast-schema-graph\">{\"@context\":\"https:\\\/\\\/schema.org\",\"@graph\":[{\"@type\":\"Article\",\"@id\":\"https:\\\/\\\/www.eldiario.net\\\/portal\\\/2026\\\/09\\\/02\\\/nueva-ola-de-violencia-deja-cinco-muertos-en-dos-dias\\\/#article\",\"isPartOf\":{\"@id\":\"https:\\\/\\\/www.eldiario.net\\\/portal\\\/2026\\\/09\\\/02\\\/nueva-ola-de-violencia-deja-cinco-muertos-en-dos-dias\\\/\"},\"author\":{\"name\":\"Jeanette\",\"@id\":\"https:\\\/\\\/www.eldiario.net\\\/portal\\\/#\\\/schema\\\/person\\\/f46445640444750d7d753ccd04ae01b7\"},\"headline\":\"Nueva ola de violencia deja cinco muertos en dos d\u00edas\",\"datePublished\":\"2026-09-02T04:52:00+00:00\",\"mainEntityOfPage\":{\"@id\":\"https:\\\/\\\/www.eldiario.net\\\/portal\\\/2026\\\/09\\\/02\\\/nueva-ola-de-violencia-deja-cinco-muertos-en-dos-dias\\\/\"},\"wordCount\":799,\"publisher\":{\"@id\":\"https:\\\/\\\/www.eldiario.net\\\/portal\\\/#organization\"},\"image\":{\"@id\":\"https:\\\/\\\/www.eldiario.net\\\/portal\\\/2026\\\/09\\\/02\\\/nueva-ola-de-violencia-deja-cinco-muertos-en-dos-dias\\\/#primaryimage\"},\"thumbnailUrl\":\"https:\\\/\\\/www.eldiario.net\\\/portal\\\/wp-content\\\/uploads\\\/2026\\\/09\\\/2-CINCO.webp\",\"articleSection\":[\"Sociedad - Seguridad\"],\"inLanguage\":\"es\"},{\"@type\":\"WebPage\",\"@id\":\"https:\\\/\\\/www.eldiario.net\\\/portal\\\/2026\\\/09\\\/02\\\/nueva-ola-de-violencia-deja-cinco-muertos-en-dos-dias\\\/\",\"url\":\"https:\\\/\\\/www.eldiario.net\\\/portal\\\/2026\\\/09\\\/02\\\/nueva-ola-de-violencia-deja-cinco-muertos-en-dos-dias\\\/\",\"name\":\"Nueva ola de violencia deja cinco muertos en dos d\u00edas - El Diario - Bolivia\",\"isPartOf\":{\"@id\":\"https:\\\/\\\/www.eldiario.net\\\/portal\\\/#website\"},\"primaryImageOfPage\":{\"@id\":\"https:\\\/\\\/www.eldiario.net\\\/portal\\\/2026\\\/09\\\/02\\\/nueva-ola-de-violencia-deja-cinco-muertos-en-dos-dias\\\/#primaryimage\"},\"image\":{\"@id\":\"https:\\\/\\\/www.eldiario.net\\\/portal\\\/2026\\\/09\\\/02\\\/nueva-ola-de-violencia-deja-cinco-muertos-en-dos-dias\\\/#primaryimage\"},\"thumbnailUrl\":\"https:\\\/\\\/www.eldiario.net\\\/portal\\\/wp-content\\\/uploads\\\/2026\\\/09\\\/2-CINCO.webp\",\"datePublished\":\"2026-09-02T04:52:00+00:00\",\"breadcrumb\":{\"@id\":\"https:\\\/\\\/www.eldiario.net\\\/portal\\\/2026\\\/09\\\/02\\\/nueva-ola-de-violencia-deja-cinco-muertos-en-dos-dias\\\/#breadcrumb\"},\"inLanguage\":\"es\",\"potentialAction\":[{\"@type\":\"ReadAction\",\"target\":[\"https:\\\/\\\/www.eldiario.net\\\/portal\\\/2026\\\/09\\\/02\\\/nueva-ola-de-violencia-deja-cinco-muertos-en-dos-dias\\\/\"]}]},{\"@type\":\"ImageObject\",\"inLanguage\":\"es\",\"@id\":\"https:\\\/\\\/www.eldiario.net\\\/portal\\\/2026\\\/09\\\/02\\\/nueva-ola-de-violencia-deja-cinco-muertos-en-dos-dias\\\/#primaryimage\",\"url\":\"https:\\\/\\\/www.eldiario.net\\\/portal\\\/wp-content\\\/uploads\\\/2026\\\/09\\\/2-CINCO.webp\",\"contentUrl\":\"https:\\\/\\\/www.eldiario.net\\\/portal\\\/wp-content\\\/uploads\\\/2026\\\/09\\\/2-CINCO.webp\",\"width\":1536,\"height\":1024,\"caption\":\"El ataque armado en San Ram\u00f3n dej\u00f3 tres personas fallecidas. Cr\u00e9dito de foto: JAP\"},{\"@type\":\"BreadcrumbList\",\"@id\":\"https:\\\/\\\/www.eldiario.net\\\/portal\\\/2026\\\/09\\\/02\\\/nueva-ola-de-violencia-deja-cinco-muertos-en-dos-dias\\\/#breadcrumb\",\"itemListElement\":[{\"@type\":\"ListItem\",\"position\":1,\"name\":\"Portada\",\"item\":\"https:\\\/\\\/www.eldiario.net\\\/portal\\\/\"},{\"@type\":\"ListItem\",\"position\":2,\"name\":\"Nueva ola de violencia deja cinco muertos en dos d\u00edas\"}]},{\"@type\":\"WebSite\",\"@id\":\"https:\\\/\\\/www.eldiario.net\\\/portal\\\/#website\",\"url\":\"https:\\\/\\\/www.eldiario.net\\\/portal\\\/\",\"name\":\"El Diario - Decano de la prensa nacional\",\"description\":\"El Diario - Decano de la prensa nacional\",\"publisher\":{\"@id\":\"https:\\\/\\\/www.eldiario.net\\\/portal\\\/#organization\"},\"potentialAction\":[{\"@type\":\"SearchAction\",\"target\":{\"@type\":\"EntryPoint\",\"urlTemplate\":\"https:\\\/\\\/www.eldiario.net\\\/portal\\\/?s={search_term_string}\"},\"query-input\":{\"@type\":\"PropertyValueSpecification\",\"valueRequired\":true,\"valueName\":\"search_term_string\"}}],\"inLanguage\":\"es\"},{\"@type\":\"Organization\",\"@id\":\"https:\\\/\\\/www.eldiario.net\\\/portal\\\/#organization\",\"name\":\"El Diario - Decano de la prensa nacional\",\"url\":\"https:\\\/\\\/www.eldiario.net\\\/portal\\\/\",\"logo\":{\"@type\":\"ImageObject\",\"inLanguage\":\"es\",\"@id\":\"https:\\\/\\\/www.eldiario.net\\\/portal\\\/#\\\/schema\\\/logo\\\/image\\\/\",\"url\":\"https:\\\/\\\/www.eldiario.net\\\/portal\\\/wp-content\\\/uploads\\\/2023\\\/07\\\/logo_ED.jpg\",\"contentUrl\":\"https:\\\/\\\/www.eldiario.net\\\/portal\\\/wp-content\\\/uploads\\\/2023\\\/07\\\/logo_ED.jpg\",\"width\":272,\"height\":52,\"caption\":\"El Diario - Decano de la prensa nacional\"},\"image\":{\"@id\":\"https:\\\/\\\/www.eldiario.net\\\/portal\\\/#\\\/schema\\\/logo\\\/image\\\/\"},\"sameAs\":[\"https:\\\/\\\/www.facebook.com\\\/eldiario.bolivia\\\/\",\"https:\\\/\\\/x.com\\\/eldiario_net\"]},{\"@type\":\"Person\",\"@id\":\"https:\\\/\\\/www.eldiario.net\\\/portal\\\/#\\\/schema\\\/person\\\/f46445640444750d7d753ccd04ae01b7\",\"name\":\"Jeanette\",\"image\":{\"@type\":\"ImageObject\",\"inLanguage\":\"es\",\"@id\":\"https:\\\/\\\/secure.gravatar.com\\\/avatar\\\/3ea2118a5f7dad2b7138b1187a6b7ee55f160b9968b66013c3a3ef39dd7e5798?s=96&d=mm&r=g\",\"url\":\"https:\\\/\\\/secure.gravatar.com\\\/avatar\\\/3ea2118a5f7dad2b7138b1187a6b7ee55f160b9968b66013c3a3ef39dd7e5798?s=96&d=mm&r=g\",\"contentUrl\":\"https:\\\/\\\/secure.gravatar.com\\\/avatar\\\/3ea2118a5f7dad2b7138b1187a6b7ee55f160b9968b66013c3a3ef39dd7e5798?s=96&d=mm&r=g\",\"caption\":\"Jeanette\"},\"sameAs\":[\"https:\\\/\\\/www.eldiario.net\\\/portal\"],\"url\":\"https:\\\/\\\/www.eldiario.net\\\/portal\\\/author\\\/jeanette\\\/\"}]}<\/script>\n<!-- \/ Yoast SEO plugin. -->","yoast_head_json":{"title":"Nueva ola de violencia deja cinco muertos en dos d\u00edas - El Diario - Bolivia","robots":{"index":"index","follow":"follow","max-snippet":"max-snippet:-1","max-image-preview":"max-image-preview:large","max-video-preview":"max-video-preview:-1"},"canonical":"https:\/\/www.eldiario.net\/portal\/2026\/09\/02\/nueva-ola-de-violencia-deja-cinco-muertos-en-dos-dias\/","og_locale":"es_ES","og_type":"article","og_title":"Nueva ola de violencia deja cinco muertos en dos d\u00edas - El Diario - Bolivia","og_description":"Una pareja fue acribillada y una mujer muri\u00f3 atropellada durante la fuga de los atacantes en San Ram\u00f3n, Beni, en un hecho ocurrido la noche del lunes que elev\u00f3 a cinco las personas fallecidas en distintos episodios violentos registrados en el pa\u00eds durante los \u00faltimos dos d\u00edas. La Fiscal\u00eda confirm\u00f3 que abri\u00f3 una investigaci\u00f3n de [&hellip;]","og_url":"https:\/\/www.eldiario.net\/portal\/2026\/09\/02\/nueva-ola-de-violencia-deja-cinco-muertos-en-dos-dias\/","og_site_name":"El Diario - Bolivia","article_publisher":"https:\/\/www.facebook.com\/eldiario.bolivia\/","article_published_time":"2026-09-02T04:52:00+00:00","og_image":[{"width":1536,"height":1024,"url":"https:\/\/www.eldiario.net\/portal\/wp-content\/uploads\/2026\/09\/2-CINCO.webp","type":"image\/webp"}],"author":"Jeanette","twitter_card":"summary_large_image","twitter_creator":"@eldiario_net","twitter_site":"@eldiario_net","twitter_misc":{"Escrito por":"Jeanette","Tiempo de lectura":"4 minutos"},"schema":{"@context":"https:\/\/schema.org","@graph":[{"@type":"Article","@id":"https:\/\/www.eldiario.net\/portal\/2026\/09\/02\/nueva-ola-de-violencia-deja-cinco-muertos-en-dos-dias\/#article","isPartOf":{"@id":"https:\/\/www.eldiario.net\/portal\/2026\/09\/02\/nueva-ola-de-violencia-deja-cinco-muertos-en-dos-dias\/"},"author":{"name":"Jeanette","@id":"https:\/\/www.eldiario.net\/portal\/#\/schema\/person\/f46445640444750d7d753ccd04ae01b7"},"headline":"Nueva ola de violencia deja cinco muertos en dos d\u00edas","datePublished":"2026-09-02T04:52:00+00:00","mainEntityOfPage":{"@id":"https:\/\/www.eldiario.net\/portal\/2026\/09\/02\/nueva-ola-de-violencia-deja-cinco-muertos-en-dos-dias\/"},"wordCount":799,"publisher":{"@id":"https:\/\/www.eldiario.net\/portal\/#organization"},"image":{"@id":"https:\/\/www.eldiario.net\/portal\/2026\/09\/02\/nueva-ola-de-violencia-deja-cinco-muertos-en-dos-dias\/#primaryimage"},"thumbnailUrl":"https:\/\/www.eldiario.net\/portal\/wp-content\/uploads\/2026\/09\/2-CINCO.webp","articleSection":["Sociedad - Seguridad"],"inLanguage":"es"},{"@type":"WebPage","@id":"https:\/\/www.eldiario.net\/portal\/2026\/09\/02\/nueva-ola-de-violencia-deja-cinco-muertos-en-dos-dias\/","url":"https:\/\/www.eldiario.net\/portal\/2026\/09\/02\/nueva-ola-de-violencia-deja-cinco-muertos-en-dos-dias\/","name":"Nueva ola de violencia deja cinco muertos en dos d\u00edas - El Diario - Bolivia","isPartOf":{"@id":"https:\/\/www.eldiario.net\/portal\/#website"},"primaryImageOfPage":{"@id":"https:\/\/www.eldiario.net\/portal\/2026\/09\/02\/nueva-ola-de-violencia-deja-cinco-muertos-en-dos-dias\/#primaryimage"},"image":{"@id":"https:\/\/www.eldiario.net\/portal\/2026\/09\/02\/nueva-ola-de-violencia-deja-cinco-muertos-en-dos-dias\/#primaryimage"},"thumbnailUrl":"https:\/\/www.eldiario.net\/portal\/wp-content\/uploads\/2026\/09\/2-CINCO.webp","datePublished":"2026-09-02T04:52:00+00:00","breadcrumb":{"@id":"https:\/\/www.eldiario.net\/portal\/2026\/09\/02\/nueva-ola-de-violencia-deja-cinco-muertos-en-dos-dias\/#breadcrumb"},"inLanguage":"es","potentialAction":[{"@type":"ReadAction","target":["https:\/\/www.eldiario.net\/portal\/2026\/09\/02\/nueva-ola-de-violencia-deja-cinco-muertos-en-dos-dias\/"]}]},{"@type":"ImageObject","inLanguage":"es","@id":"https:\/\/www.eldiario.net\/portal\/2026\/09\/02\/nueva-ola-de-violencia-deja-cinco-muertos-en-dos-dias\/#primaryimage","url":"https:\/\/www.eldiario.net\/portal\/wp-content\/uploads\/2026\/09\/2-CINCO.webp","contentUrl":"https:\/\/www.eldiario.net\/portal\/wp-content\/uploads\/2026\/09\/2-CINCO.webp","width":1536,"height":1024,"caption":"El ataque armado en San Ram\u00f3n dej\u00f3 tres personas fallecidas. Cr\u00e9dito de foto: JAP"},{"@type":"BreadcrumbList","@id":"https:\/\/www.eldiario.net\/portal\/2026\/09\/02\/nueva-ola-de-violencia-deja-cinco-muertos-en-dos-dias\/#breadcrumb","itemListElement":[{"@type":"ListItem","position":1,"name":"Portada","item":"https:\/\/www.eldiario.net\/portal\/"},{"@type":"ListItem","position":2,"name":"Nueva ola de violencia deja cinco muertos en dos d\u00edas"}]},{"@type":"WebSite","@id":"https:\/\/www.eldiario.net\/portal\/#website","url":"https:\/\/www.eldiario.net\/portal\/","name":"El Diario - Decano de la prensa nacional","description":"El Diario - Decano de la prensa nacional","publisher":{"@id":"https:\/\/www.eldiario.net\/portal\/#organization"},"potentialAction":[{"@type":"SearchAction","target":{"@type":"EntryPoint","urlTemplate":"https:\/\/www.eldiario.net\/portal\/?s={search_term_string}"},"query-input":{"@type":"PropertyValueSpecification","valueRequired":true,"valueName":"search_term_string"}}],"inLanguage":"es"},{"@type":"Organization","@id":"https:\/\/www.eldiario.net\/portal\/#organization","name":"El Diario - Decano de la prensa nacional","url":"https:\/\/www.eldiario.net\/portal\/","logo":{"@type":"ImageObject","inLanguage":"es","@id":"https:\/\/www.eldiario.net\/portal\/#\/schema\/logo\/image\/","url":"https:\/\/www.eldiario.net\/portal\/wp-content\/uploads\/2023\/07\/logo_ED.jpg","contentUrl":"https:\/\/www.eldiario.net\/portal\/wp-content\/uploads\/2023\/07\/logo_ED.jpg","width":272,"height":52,"caption":"El Diario - Decano de la prensa nacional"},"image":{"@id":"https:\/\/www.eldiario.net\/portal\/#\/schema\/logo\/image\/"},"sameAs":["https:\/\/www.facebook.com\/eldiario.bolivia\/","https:\/\/x.com\/eldiario_net"]},{"@type":"Person","@id":"https:\/\/www.eldiario.net\/portal\/#\/schema\/person\/f46445640444750d7d753ccd04ae01b7","name":"Jeanette","image":{"@type":"ImageObject","inLanguage":"es","@id":"https:\/\/secure.gravatar.com\/avatar\/3ea2118a5f7dad2b7138b1187a6b7ee55f160b9968b66013c3a3ef39dd7e5798?s=96&d=mm&r=g","url":"https:\/\/secure.gravatar.com\/avatar\/3ea2118a5f7dad2b7138b1187a6b7ee55f160b9968b66013c3a3ef39dd7e5798?s=96&d=mm&r=g","contentUrl":"https:\/\/secure.gravatar.com\/avatar\/3ea2118a5f7dad2b7138b1187a6b7ee55f160b9968b66013c3a3ef39dd7e5798?s=96&d=mm&r=g","caption":"Jeanette"},"sameAs":["https:\/\/www.eldiario.net\/portal"],"url":"https:\/\/www.eldiario.net\/portal\/author\/jeanette\/"}]}},"_links":{"self":[{"href":"https:\/\/www.eldiario.net\/portal\/wp-json\/wp\/v2\/posts\/426876","targetHints":{"allow":["GET"]}}],"collection":[{"href":"https:\/\/www.eldiario.net\/portal\/wp-json\/wp\/v2\/posts"}],"about":[{"href":"https:\/\/www.eldiario.net\/portal\/wp-json\/wp\/v2\/types\/post"}],"author":[{"embeddable":true,"href":"https:\/\/www.eldiario.net\/portal\/wp-json\/wp\/v2\/users\/1"}],"replies":[{"embeddable":true,"href":"https:\/\/www.eldiario.net\/portal\/wp-json\/wp\/v2\/comments?post=426876"}],"version-history":[{"count":1,"href":"https:\/\/www.eldiario.net\/portal\/wp-json\/wp\/v2\/posts\/426876\/revisions"}],"predecessor-version":[{"id":426878,"href":"https:\/\/www.eldiario.net\/portal\/wp-json\/wp\/v2\/posts\/426876\/revisions\/426878"}],"wp:featuredmedia":[{"embeddable":true,"href":"https:\/\/www.eldiario.net\/portal\/wp-json\/wp\/v2\/media\/426877"}],"wp:attachment":[{"href":"https:\/\/www.eldiario.net\/portal\/wp-json\/wp\/v2\/media?parent=426876"}],"wp:term":[{"taxonomy":"category","embeddable":true,"href":"https:\/\/www.eldiario.net\/portal\/wp-json\/wp\/v2\/categories?post=426876"},{"taxonomy":"post_tag","embeddable":true,"href":"https:\/\/www.eldiario.net\/portal\/wp-json\/wp\/v2\/tags?post=426876"}],"curies":[{"name":"wp","href":"https:\/\/api.w.org\/{rel}","templated":true}]}}