{"id":426873,"date":"2026-09-02T00:50:59","date_gmt":"2026-09-02T04:50:59","guid":{"rendered":"https:\/\/www.eldiario.net\/portal\/?p=426873"},"modified":"2026-09-01T21:51:48","modified_gmt":"2026-09-02T01:51:48","slug":"capturan-en-la-paz-a-lider-de-los-pulpos-buscado-en-peru","status":"publish","type":"post","link":"https:\/\/www.eldiario.net\/portal\/2026\/09\/02\/capturan-en-la-paz-a-lider-de-los-pulpos-buscado-en-peru\/","title":{"rendered":"Capturan en La Paz a l\u00edder de \u201cLos Pulpos\u201d buscado en Per\u00fa"},"content":{"rendered":"<p>Un operativo coordinado entre las fuerzas policiales de Bolivia y Per\u00fa permiti\u00f3 la captura en La Paz de uno de los principales cabecillas de la organizaci\u00f3n criminal Los Pulpos, quien era buscado internacionalmente por la justicia peruana y ser\u00e1 expulsado de Bolivia para ser entregado a las autoridades de ese pa\u00eds, donde deber\u00e1 enfrentar las investigaciones y procesos abiertos en su contra.<\/p>\n<p>La intervenci\u00f3n se realiz\u00f3 ayer por la ma\u00f1ana en un edificio de departamentos comerciales de la avenida Isaac Tamayo, en La Paz, luego de que las autoridades recibieran informaci\u00f3n sobre la ubicaci\u00f3n del fugitivo durante la noche del lunes.<\/p>\n<p>El detenido fue identificado como Jhonsson Smith Cruz Torres, alias \u201cJhon Pulpo\u201d, de 30 a\u00f1os, se\u00f1alado por las autoridades peruanas como uno de los principales l\u00edderes de la organizaci\u00f3n criminal Los Pulpos, con centro de operaciones en Trujillo, Per\u00fa.<\/p>\n<p>Seg\u00fan el comandante de la Polic\u00eda Boliviana, Adri\u00e1n \u00c1lvarez, Cruz Torres intent\u00f3 escapar al advertir la presencia de los efectivos, pero fue interceptado y reducido. El operativo estuvo a cargo de unidades especializadas de inteligencia y cont\u00f3 con cooperaci\u00f3n de la Polic\u00eda peruana y organismos policiales de otros pa\u00edses.<\/p>\n<p>Cruz Torres ten\u00eda una notificaci\u00f3n roja de Interpol y era buscado por la justicia peruana por delitos como secuestro agravado, extorsi\u00f3n, sicariato, homicidio calificado, robo agravado y organizaci\u00f3n criminal. Tambi\u00e9n figuraba en el programa de recompensas del Ministerio del Interior de Per\u00fa.<\/p>\n<p>Uno de los elementos que ayud\u00f3 a explicar las dificultades para localizarlo fue su presunto cambio de apariencia. \u00c1lvarez inform\u00f3 que el detenido se habr\u00eda sometido a cirug\u00edas pl\u00e1sticas en las orejas, p\u00f3mulos y cejas para modificar sus rasgos y dificultar su identificaci\u00f3n.<\/p>\n<p>Tras su captura, Cruz Torres\u00a0ya fue expulsado de Bolivia y entregado a funcionarios peruanos, mediante una resoluci\u00f3n de la Direcci\u00f3n General de Migraci\u00f3n. Las autoridades peruanas deber\u00e1n continuar con los procedimientos correspondientes y garantizar el debido proceso en las investigaciones que pesan en su contra.<\/p>\n<p>Los Pulpos tienen presencia en Trujillo desde la d\u00e9cada de 1990 y posteriormente fueron vinculados con extorsiones, secuestros y sicariato. Tambi\u00e9n se investiga una posible expansi\u00f3n hacia otros pa\u00edses, mientras las autoridades analizan si Cruz Torres o la organizaci\u00f3n tienen relaci\u00f3n con casos como el secuestro de un comerciante de oro y el asesinato de cuatro personas ocurrido recientemente en Trujillo. (Con informaci\u00f3n de agencias)<\/p>\n","protected":false},"excerpt":{"rendered":"<p>Un operativo coordinado entre las fuerzas policiales de Bolivia y Per\u00fa permiti\u00f3 la captura en La Paz de uno de los principales cabecillas de la organizaci\u00f3n criminal Los Pulpos, quien era buscado internacionalmente por la justicia peruana y ser\u00e1 expulsado de Bolivia para ser entregado a las autoridades de ese pa\u00eds, donde deber\u00e1 enfrentar las [&hellip;]<\/p>\n","protected":false},"author":1,"featured_media":426874,"comment_status":"closed","ping_status":"open","sticky":false,"template":"","format":"standard","meta":{"_acf_changed":false,"footnotes":""},"categories":[39],"tags":[],"class_list":["post-426873","post","type-post","status-publish","format-standard","has-post-thumbnail","category-sociedad"],"acf":{"antetitulo":""},"yoast_head":"<!-- This site is optimized with the Yoast SEO plugin v28.3 - https:\/\/yoast.com\/product\/yoast-seo-wordpress\/ -->\n<title>Capturan en La Paz a l\u00edder de \u201cLos Pulpos\u201d buscado en Per\u00fa - El Diario - Bolivia<\/title>\n<meta name=\"robots\" content=\"index, follow, max-snippet:-1, max-image-preview:large, max-video-preview:-1\" \/>\n<link rel=\"canonical\" href=\"https:\/\/www.eldiario.net\/portal\/2026\/09\/02\/capturan-en-la-paz-a-lider-de-los-pulpos-buscado-en-peru\/\" \/>\n<meta property=\"og:locale\" content=\"es_ES\" \/>\n<meta property=\"og:type\" content=\"article\" \/>\n<meta property=\"og:title\" content=\"Capturan en La Paz a l\u00edder de \u201cLos Pulpos\u201d buscado en Per\u00fa - El Diario - Bolivia\" \/>\n<meta property=\"og:description\" content=\"Un operativo coordinado entre las fuerzas policiales de Bolivia y Per\u00fa permiti\u00f3 la captura en La Paz de uno de los principales cabecillas de la organizaci\u00f3n criminal Los Pulpos, quien era buscado internacionalmente por la justicia peruana y ser\u00e1 expulsado de Bolivia para ser entregado a las autoridades de ese pa\u00eds, donde deber\u00e1 enfrentar las [&hellip;]\" \/>\n<meta property=\"og:url\" content=\"https:\/\/www.eldiario.net\/portal\/2026\/09\/02\/capturan-en-la-paz-a-lider-de-los-pulpos-buscado-en-peru\/\" \/>\n<meta property=\"og:site_name\" content=\"El Diario - Bolivia\" \/>\n<meta property=\"article:publisher\" content=\"https:\/\/www.facebook.com\/eldiario.bolivia\/\" \/>\n<meta property=\"article:published_time\" content=\"2026-09-02T04:50:59+00:00\" \/>\n<meta property=\"og:image\" content=\"https:\/\/www.eldiario.net\/portal\/wp-content\/uploads\/2026\/09\/2-PULPOS.webp\" \/>\n\t<meta property=\"og:image:width\" content=\"353\" \/>\n\t<meta property=\"og:image:height\" content=\"225\" \/>\n\t<meta property=\"og:image:type\" content=\"image\/webp\" \/>\n<meta name=\"author\" content=\"Jeanette\" \/>\n<meta name=\"twitter:card\" content=\"summary_large_image\" \/>\n<meta name=\"twitter:creator\" content=\"@eldiario_net\" \/>\n<meta name=\"twitter:site\" content=\"@eldiario_net\" \/>\n<meta name=\"twitter:label1\" content=\"Escrito por\" \/>\n\t<meta name=\"twitter:data1\" content=\"Jeanette\" \/>\n\t<meta name=\"twitter:label2\" content=\"Tiempo de lectura\" \/>\n\t<meta name=\"twitter:data2\" content=\"2 minutos\" \/>\n<script type=\"application\/ld+json\" class=\"yoast-schema-graph\">{\"@context\":\"https:\\\/\\\/schema.org\",\"@graph\":[{\"@type\":\"Article\",\"@id\":\"https:\\\/\\\/www.eldiario.net\\\/portal\\\/2026\\\/09\\\/02\\\/capturan-en-la-paz-a-lider-de-los-pulpos-buscado-en-peru\\\/#article\",\"isPartOf\":{\"@id\":\"https:\\\/\\\/www.eldiario.net\\\/portal\\\/2026\\\/09\\\/02\\\/capturan-en-la-paz-a-lider-de-los-pulpos-buscado-en-peru\\\/\"},\"author\":{\"name\":\"Jeanette\",\"@id\":\"https:\\\/\\\/www.eldiario.net\\\/portal\\\/#\\\/schema\\\/person\\\/f46445640444750d7d753ccd04ae01b7\"},\"headline\":\"Capturan en La Paz a l\u00edder de \u201cLos Pulpos\u201d buscado en Per\u00fa\",\"datePublished\":\"2026-09-02T04:50:59+00:00\",\"mainEntityOfPage\":{\"@id\":\"https:\\\/\\\/www.eldiario.net\\\/portal\\\/2026\\\/09\\\/02\\\/capturan-en-la-paz-a-lider-de-los-pulpos-buscado-en-peru\\\/\"},\"wordCount\":433,\"publisher\":{\"@id\":\"https:\\\/\\\/www.eldiario.net\\\/portal\\\/#organization\"},\"image\":{\"@id\":\"https:\\\/\\\/www.eldiario.net\\\/portal\\\/2026\\\/09\\\/02\\\/capturan-en-la-paz-a-lider-de-los-pulpos-buscado-en-peru\\\/#primaryimage\"},\"thumbnailUrl\":\"https:\\\/\\\/www.eldiario.net\\\/portal\\\/wp-content\\\/uploads\\\/2026\\\/09\\\/2-PULPOS.webp\",\"articleSection\":[\"Sociedad - Seguridad\"],\"inLanguage\":\"es\"},{\"@type\":\"WebPage\",\"@id\":\"https:\\\/\\\/www.eldiario.net\\\/portal\\\/2026\\\/09\\\/02\\\/capturan-en-la-paz-a-lider-de-los-pulpos-buscado-en-peru\\\/\",\"url\":\"https:\\\/\\\/www.eldiario.net\\\/portal\\\/2026\\\/09\\\/02\\\/capturan-en-la-paz-a-lider-de-los-pulpos-buscado-en-peru\\\/\",\"name\":\"Capturan en La Paz a l\u00edder de \u201cLos Pulpos\u201d buscado en Per\u00fa - El Diario - Bolivia\",\"isPartOf\":{\"@id\":\"https:\\\/\\\/www.eldiario.net\\\/portal\\\/#website\"},\"primaryImageOfPage\":{\"@id\":\"https:\\\/\\\/www.eldiario.net\\\/portal\\\/2026\\\/09\\\/02\\\/capturan-en-la-paz-a-lider-de-los-pulpos-buscado-en-peru\\\/#primaryimage\"},\"image\":{\"@id\":\"https:\\\/\\\/www.eldiario.net\\\/portal\\\/2026\\\/09\\\/02\\\/capturan-en-la-paz-a-lider-de-los-pulpos-buscado-en-peru\\\/#primaryimage\"},\"thumbnailUrl\":\"https:\\\/\\\/www.eldiario.net\\\/portal\\\/wp-content\\\/uploads\\\/2026\\\/09\\\/2-PULPOS.webp\",\"datePublished\":\"2026-09-02T04:50:59+00:00\",\"breadcrumb\":{\"@id\":\"https:\\\/\\\/www.eldiario.net\\\/portal\\\/2026\\\/09\\\/02\\\/capturan-en-la-paz-a-lider-de-los-pulpos-buscado-en-peru\\\/#breadcrumb\"},\"inLanguage\":\"es\",\"potentialAction\":[{\"@type\":\"ReadAction\",\"target\":[\"https:\\\/\\\/www.eldiario.net\\\/portal\\\/2026\\\/09\\\/02\\\/capturan-en-la-paz-a-lider-de-los-pulpos-buscado-en-peru\\\/\"]}]},{\"@type\":\"ImageObject\",\"inLanguage\":\"es\",\"@id\":\"https:\\\/\\\/www.eldiario.net\\\/portal\\\/2026\\\/09\\\/02\\\/capturan-en-la-paz-a-lider-de-los-pulpos-buscado-en-peru\\\/#primaryimage\",\"url\":\"https:\\\/\\\/www.eldiario.net\\\/portal\\\/wp-content\\\/uploads\\\/2026\\\/09\\\/2-PULPOS.webp\",\"contentUrl\":\"https:\\\/\\\/www.eldiario.net\\\/portal\\\/wp-content\\\/uploads\\\/2026\\\/09\\\/2-PULPOS.webp\",\"width\":353,\"height\":225,\"caption\":\"El l\u00edder de \u201cLos Pulpos\u201d fue capturado tras un operativo conjunto. Cr\u00e9dito de foto: Red Uno\"},{\"@type\":\"BreadcrumbList\",\"@id\":\"https:\\\/\\\/www.eldiario.net\\\/portal\\\/2026\\\/09\\\/02\\\/capturan-en-la-paz-a-lider-de-los-pulpos-buscado-en-peru\\\/#breadcrumb\",\"itemListElement\":[{\"@type\":\"ListItem\",\"position\":1,\"name\":\"Portada\",\"item\":\"https:\\\/\\\/www.eldiario.net\\\/portal\\\/\"},{\"@type\":\"ListItem\",\"position\":2,\"name\":\"Capturan en La Paz a l\u00edder de \u201cLos Pulpos\u201d buscado en Per\u00fa\"}]},{\"@type\":\"WebSite\",\"@id\":\"https:\\\/\\\/www.eldiario.net\\\/portal\\\/#website\",\"url\":\"https:\\\/\\\/www.eldiario.net\\\/portal\\\/\",\"name\":\"El Diario - Decano de la prensa nacional\",\"description\":\"El Diario - Decano de la prensa nacional\",\"publisher\":{\"@id\":\"https:\\\/\\\/www.eldiario.net\\\/portal\\\/#organization\"},\"potentialAction\":[{\"@type\":\"SearchAction\",\"target\":{\"@type\":\"EntryPoint\",\"urlTemplate\":\"https:\\\/\\\/www.eldiario.net\\\/portal\\\/?s={search_term_string}\"},\"query-input\":{\"@type\":\"PropertyValueSpecification\",\"valueRequired\":true,\"valueName\":\"search_term_string\"}}],\"inLanguage\":\"es\"},{\"@type\":\"Organization\",\"@id\":\"https:\\\/\\\/www.eldiario.net\\\/portal\\\/#organization\",\"name\":\"El Diario - Decano de la prensa nacional\",\"url\":\"https:\\\/\\\/www.eldiario.net\\\/portal\\\/\",\"logo\":{\"@type\":\"ImageObject\",\"inLanguage\":\"es\",\"@id\":\"https:\\\/\\\/www.eldiario.net\\\/portal\\\/#\\\/schema\\\/logo\\\/image\\\/\",\"url\":\"https:\\\/\\\/www.eldiario.net\\\/portal\\\/wp-content\\\/uploads\\\/2023\\\/07\\\/logo_ED.jpg\",\"contentUrl\":\"https:\\\/\\\/www.eldiario.net\\\/portal\\\/wp-content\\\/uploads\\\/2023\\\/07\\\/logo_ED.jpg\",\"width\":272,\"height\":52,\"caption\":\"El Diario - Decano de la prensa nacional\"},\"image\":{\"@id\":\"https:\\\/\\\/www.eldiario.net\\\/portal\\\/#\\\/schema\\\/logo\\\/image\\\/\"},\"sameAs\":[\"https:\\\/\\\/www.facebook.com\\\/eldiario.bolivia\\\/\",\"https:\\\/\\\/x.com\\\/eldiario_net\"]},{\"@type\":\"Person\",\"@id\":\"https:\\\/\\\/www.eldiario.net\\\/portal\\\/#\\\/schema\\\/person\\\/f46445640444750d7d753ccd04ae01b7\",\"name\":\"Jeanette\",\"image\":{\"@type\":\"ImageObject\",\"inLanguage\":\"es\",\"@id\":\"https:\\\/\\\/secure.gravatar.com\\\/avatar\\\/3ea2118a5f7dad2b7138b1187a6b7ee55f160b9968b66013c3a3ef39dd7e5798?s=96&d=mm&r=g\",\"url\":\"https:\\\/\\\/secure.gravatar.com\\\/avatar\\\/3ea2118a5f7dad2b7138b1187a6b7ee55f160b9968b66013c3a3ef39dd7e5798?s=96&d=mm&r=g\",\"contentUrl\":\"https:\\\/\\\/secure.gravatar.com\\\/avatar\\\/3ea2118a5f7dad2b7138b1187a6b7ee55f160b9968b66013c3a3ef39dd7e5798?s=96&d=mm&r=g\",\"caption\":\"Jeanette\"},\"sameAs\":[\"https:\\\/\\\/www.eldiario.net\\\/portal\"],\"url\":\"https:\\\/\\\/www.eldiario.net\\\/portal\\\/author\\\/jeanette\\\/\"}]}<\/script>\n<!-- \/ Yoast SEO plugin. -->","yoast_head_json":{"title":"Capturan en La Paz a l\u00edder de \u201cLos Pulpos\u201d buscado en Per\u00fa - El Diario - Bolivia","robots":{"index":"index","follow":"follow","max-snippet":"max-snippet:-1","max-image-preview":"max-image-preview:large","max-video-preview":"max-video-preview:-1"},"canonical":"https:\/\/www.eldiario.net\/portal\/2026\/09\/02\/capturan-en-la-paz-a-lider-de-los-pulpos-buscado-en-peru\/","og_locale":"es_ES","og_type":"article","og_title":"Capturan en La Paz a l\u00edder de \u201cLos Pulpos\u201d buscado en Per\u00fa - El Diario - Bolivia","og_description":"Un operativo coordinado entre las fuerzas policiales de Bolivia y Per\u00fa permiti\u00f3 la captura en La Paz de uno de los principales cabecillas de la organizaci\u00f3n criminal Los Pulpos, quien era buscado internacionalmente por la justicia peruana y ser\u00e1 expulsado de Bolivia para ser entregado a las autoridades de ese pa\u00eds, donde deber\u00e1 enfrentar las [&hellip;]","og_url":"https:\/\/www.eldiario.net\/portal\/2026\/09\/02\/capturan-en-la-paz-a-lider-de-los-pulpos-buscado-en-peru\/","og_site_name":"El Diario - Bolivia","article_publisher":"https:\/\/www.facebook.com\/eldiario.bolivia\/","article_published_time":"2026-09-02T04:50:59+00:00","og_image":[{"width":353,"height":225,"url":"https:\/\/www.eldiario.net\/portal\/wp-content\/uploads\/2026\/09\/2-PULPOS.webp","type":"image\/webp"}],"author":"Jeanette","twitter_card":"summary_large_image","twitter_creator":"@eldiario_net","twitter_site":"@eldiario_net","twitter_misc":{"Escrito por":"Jeanette","Tiempo de lectura":"2 minutos"},"schema":{"@context":"https:\/\/schema.org","@graph":[{"@type":"Article","@id":"https:\/\/www.eldiario.net\/portal\/2026\/09\/02\/capturan-en-la-paz-a-lider-de-los-pulpos-buscado-en-peru\/#article","isPartOf":{"@id":"https:\/\/www.eldiario.net\/portal\/2026\/09\/02\/capturan-en-la-paz-a-lider-de-los-pulpos-buscado-en-peru\/"},"author":{"name":"Jeanette","@id":"https:\/\/www.eldiario.net\/portal\/#\/schema\/person\/f46445640444750d7d753ccd04ae01b7"},"headline":"Capturan en La Paz a l\u00edder de \u201cLos Pulpos\u201d buscado en Per\u00fa","datePublished":"2026-09-02T04:50:59+00:00","mainEntityOfPage":{"@id":"https:\/\/www.eldiario.net\/portal\/2026\/09\/02\/capturan-en-la-paz-a-lider-de-los-pulpos-buscado-en-peru\/"},"wordCount":433,"publisher":{"@id":"https:\/\/www.eldiario.net\/portal\/#organization"},"image":{"@id":"https:\/\/www.eldiario.net\/portal\/2026\/09\/02\/capturan-en-la-paz-a-lider-de-los-pulpos-buscado-en-peru\/#primaryimage"},"thumbnailUrl":"https:\/\/www.eldiario.net\/portal\/wp-content\/uploads\/2026\/09\/2-PULPOS.webp","articleSection":["Sociedad - Seguridad"],"inLanguage":"es"},{"@type":"WebPage","@id":"https:\/\/www.eldiario.net\/portal\/2026\/09\/02\/capturan-en-la-paz-a-lider-de-los-pulpos-buscado-en-peru\/","url":"https:\/\/www.eldiario.net\/portal\/2026\/09\/02\/capturan-en-la-paz-a-lider-de-los-pulpos-buscado-en-peru\/","name":"Capturan en La Paz a l\u00edder de \u201cLos Pulpos\u201d buscado en Per\u00fa - El Diario - Bolivia","isPartOf":{"@id":"https:\/\/www.eldiario.net\/portal\/#website"},"primaryImageOfPage":{"@id":"https:\/\/www.eldiario.net\/portal\/2026\/09\/02\/capturan-en-la-paz-a-lider-de-los-pulpos-buscado-en-peru\/#primaryimage"},"image":{"@id":"https:\/\/www.eldiario.net\/portal\/2026\/09\/02\/capturan-en-la-paz-a-lider-de-los-pulpos-buscado-en-peru\/#primaryimage"},"thumbnailUrl":"https:\/\/www.eldiario.net\/portal\/wp-content\/uploads\/2026\/09\/2-PULPOS.webp","datePublished":"2026-09-02T04:50:59+00:00","breadcrumb":{"@id":"https:\/\/www.eldiario.net\/portal\/2026\/09\/02\/capturan-en-la-paz-a-lider-de-los-pulpos-buscado-en-peru\/#breadcrumb"},"inLanguage":"es","potentialAction":[{"@type":"ReadAction","target":["https:\/\/www.eldiario.net\/portal\/2026\/09\/02\/capturan-en-la-paz-a-lider-de-los-pulpos-buscado-en-peru\/"]}]},{"@type":"ImageObject","inLanguage":"es","@id":"https:\/\/www.eldiario.net\/portal\/2026\/09\/02\/capturan-en-la-paz-a-lider-de-los-pulpos-buscado-en-peru\/#primaryimage","url":"https:\/\/www.eldiario.net\/portal\/wp-content\/uploads\/2026\/09\/2-PULPOS.webp","contentUrl":"https:\/\/www.eldiario.net\/portal\/wp-content\/uploads\/2026\/09\/2-PULPOS.webp","width":353,"height":225,"caption":"El l\u00edder de \u201cLos Pulpos\u201d fue capturado tras un operativo conjunto. Cr\u00e9dito de foto: Red Uno"},{"@type":"BreadcrumbList","@id":"https:\/\/www.eldiario.net\/portal\/2026\/09\/02\/capturan-en-la-paz-a-lider-de-los-pulpos-buscado-en-peru\/#breadcrumb","itemListElement":[{"@type":"ListItem","position":1,"name":"Portada","item":"https:\/\/www.eldiario.net\/portal\/"},{"@type":"ListItem","position":2,"name":"Capturan en La Paz a l\u00edder de \u201cLos Pulpos\u201d buscado en Per\u00fa"}]},{"@type":"WebSite","@id":"https:\/\/www.eldiario.net\/portal\/#website","url":"https:\/\/www.eldiario.net\/portal\/","name":"El Diario - Decano de la prensa nacional","description":"El Diario - Decano de la prensa nacional","publisher":{"@id":"https:\/\/www.eldiario.net\/portal\/#organization"},"potentialAction":[{"@type":"SearchAction","target":{"@type":"EntryPoint","urlTemplate":"https:\/\/www.eldiario.net\/portal\/?s={search_term_string}"},"query-input":{"@type":"PropertyValueSpecification","valueRequired":true,"valueName":"search_term_string"}}],"inLanguage":"es"},{"@type":"Organization","@id":"https:\/\/www.eldiario.net\/portal\/#organization","name":"El Diario - Decano de la prensa nacional","url":"https:\/\/www.eldiario.net\/portal\/","logo":{"@type":"ImageObject","inLanguage":"es","@id":"https:\/\/www.eldiario.net\/portal\/#\/schema\/logo\/image\/","url":"https:\/\/www.eldiario.net\/portal\/wp-content\/uploads\/2023\/07\/logo_ED.jpg","contentUrl":"https:\/\/www.eldiario.net\/portal\/wp-content\/uploads\/2023\/07\/logo_ED.jpg","width":272,"height":52,"caption":"El Diario - Decano de la prensa nacional"},"image":{"@id":"https:\/\/www.eldiario.net\/portal\/#\/schema\/logo\/image\/"},"sameAs":["https:\/\/www.facebook.com\/eldiario.bolivia\/","https:\/\/x.com\/eldiario_net"]},{"@type":"Person","@id":"https:\/\/www.eldiario.net\/portal\/#\/schema\/person\/f46445640444750d7d753ccd04ae01b7","name":"Jeanette","image":{"@type":"ImageObject","inLanguage":"es","@id":"https:\/\/secure.gravatar.com\/avatar\/3ea2118a5f7dad2b7138b1187a6b7ee55f160b9968b66013c3a3ef39dd7e5798?s=96&d=mm&r=g","url":"https:\/\/secure.gravatar.com\/avatar\/3ea2118a5f7dad2b7138b1187a6b7ee55f160b9968b66013c3a3ef39dd7e5798?s=96&d=mm&r=g","contentUrl":"https:\/\/secure.gravatar.com\/avatar\/3ea2118a5f7dad2b7138b1187a6b7ee55f160b9968b66013c3a3ef39dd7e5798?s=96&d=mm&r=g","caption":"Jeanette"},"sameAs":["https:\/\/www.eldiario.net\/portal"],"url":"https:\/\/www.eldiario.net\/portal\/author\/jeanette\/"}]}},"_links":{"self":[{"href":"https:\/\/www.eldiario.net\/portal\/wp-json\/wp\/v2\/posts\/426873","targetHints":{"allow":["GET"]}}],"collection":[{"href":"https:\/\/www.eldiario.net\/portal\/wp-json\/wp\/v2\/posts"}],"about":[{"href":"https:\/\/www.eldiario.net\/portal\/wp-json\/wp\/v2\/types\/post"}],"author":[{"embeddable":true,"href":"https:\/\/www.eldiario.net\/portal\/wp-json\/wp\/v2\/users\/1"}],"replies":[{"embeddable":true,"href":"https:\/\/www.eldiario.net\/portal\/wp-json\/wp\/v2\/comments?post=426873"}],"version-history":[{"count":1,"href":"https:\/\/www.eldiario.net\/portal\/wp-json\/wp\/v2\/posts\/426873\/revisions"}],"predecessor-version":[{"id":426875,"href":"https:\/\/www.eldiario.net\/portal\/wp-json\/wp\/v2\/posts\/426873\/revisions\/426875"}],"wp:featuredmedia":[{"embeddable":true,"href":"https:\/\/www.eldiario.net\/portal\/wp-json\/wp\/v2\/media\/426874"}],"wp:attachment":[{"href":"https:\/\/www.eldiario.net\/portal\/wp-json\/wp\/v2\/media?parent=426873"}],"wp:term":[{"taxonomy":"category","embeddable":true,"href":"https:\/\/www.eldiario.net\/portal\/wp-json\/wp\/v2\/categories?post=426873"},{"taxonomy":"post_tag","embeddable":true,"href":"https:\/\/www.eldiario.net\/portal\/wp-json\/wp\/v2\/tags?post=426873"}],"curies":[{"name":"wp","href":"https:\/\/api.w.org\/{rel}","templated":true}]}}