{"id":426869,"date":"2026-09-02T00:49:42","date_gmt":"2026-09-02T04:49:42","guid":{"rendered":"https:\/\/www.eldiario.net\/portal\/?p=426869"},"modified":"2026-09-01T21:50:25","modified_gmt":"2026-09-02T01:50:25","slug":"obispos-de-bolivia-peru-y-chile-analizan-la-migracion-fronteriza","status":"publish","type":"post","link":"https:\/\/www.eldiario.net\/portal\/2026\/09\/02\/obispos-de-bolivia-peru-y-chile-analizan-la-migracion-fronteriza\/","title":{"rendered":"Obispos de Bolivia, Per\u00fa y Chile analizan la migraci\u00f3n fronteriza"},"content":{"rendered":"<p>Del 1 al 3 de septiembre de 2026, la Arquidi\u00f3cesis de Cochabamba es sede del 10\u00ba Encuentro de Obispos de la Triple Frontera: Bolivia, Per\u00fa y Chile, inform\u00f3 la Conferencia Episcopal Boliviana.<\/p>\n<p>Bajo el lema \u201cMuros que separan, fe que une: Respuesta pastoral para los nuevos desaf\u00edos de integraci\u00f3n en la Triple Frontera\u201d, el evento congrega a autoridades eclesi\u00e1sticas, entre ellos el obispo de El Alto y secretario general de la Conferencia Episcopal Boliviana, Giovani Arana; el obispo auxiliar de La Paz, Basilio Mamani; y el obispo de la Di\u00f3cesis de Oruro, Crist\u00f3bal Bialasik, junto a equipos pastorales de la regi\u00f3n.<\/p>\n<p>El encuentro tiene como objetivo abordar la compleja realidad de la movilidad humana en la zona trasandina.<\/p>\n<p>\u201cEn un contexto atravesado por el endurecimiento de controles fronterizos, trabas burocr\u00e1ticas y el aumento de expresiones xen\u00f3fobas, la Iglesia busca consolidar una respuesta pastoral conjunta centrada en la acogida digna y la defensa de los derechos humanos\u201d, indic\u00f3 la Conferencia Episcopal Boliviana.<\/p>\n<p>Con base en la metodolog\u00eda pastoral del ver, juzgar y actuar, la reuni\u00f3n se divide en tres momentos. Para este martes 1 de septiembre se prev\u00e9 un an\u00e1lisis de la realidad con ponencias de la Defensor\u00eda del Pueblo, la Organizaci\u00f3n Internacional para las Migraciones y C\u00e1ritas Bolivia sobre derechos humanos, trata y tr\u00e1fico de personas.<\/p>\n<p>Para ma\u00f1ana, mi\u00e9rcoles 2 de septiembre, los participantes analizar\u00e1n el marco teol\u00f3gico \u201cAcoger, proteger, promover e integrar\u201d junto a la Red Clamor; adem\u00e1s, conocer\u00e1n las experiencias de las Casas del Migrante, presentadas por los Misioneros Scalabrinianos.<\/p>\n<p>El \u00faltimo d\u00eda, jueves 3 de septiembre, estar\u00e1 dedicado a la construcci\u00f3n de un Plan de Coordinaci\u00f3n Trinacional y a la redacci\u00f3n y aprobaci\u00f3n de la Declaraci\u00f3n Conjunta de los Obispos de la Triple Frontera. (ABI)<\/p>\n","protected":false},"excerpt":{"rendered":"<p>Del 1 al 3 de septiembre de 2026, la Arquidi\u00f3cesis de Cochabamba es sede del 10\u00ba Encuentro de Obispos de la Triple Frontera: Bolivia, Per\u00fa y Chile, inform\u00f3 la Conferencia Episcopal Boliviana. Bajo el lema \u201cMuros que separan, fe que une: Respuesta pastoral para los nuevos desaf\u00edos de integraci\u00f3n en la Triple Frontera\u201d, el evento [&hellip;]<\/p>\n","protected":false},"author":1,"featured_media":426870,"comment_status":"closed","ping_status":"open","sticky":false,"template":"","format":"standard","meta":{"_acf_changed":false,"footnotes":""},"categories":[39],"tags":[],"class_list":["post-426869","post","type-post","status-publish","format-standard","has-post-thumbnail","category-sociedad"],"acf":{"antetitulo":"Cochabamba "},"yoast_head":"<!-- This site is optimized with the Yoast SEO plugin v28.3 - https:\/\/yoast.com\/product\/yoast-seo-wordpress\/ -->\n<title>Obispos de Bolivia, Per\u00fa y Chile analizan la migraci\u00f3n fronteriza - El Diario - Bolivia<\/title>\n<meta name=\"robots\" content=\"index, follow, max-snippet:-1, max-image-preview:large, max-video-preview:-1\" \/>\n<link rel=\"canonical\" href=\"https:\/\/www.eldiario.net\/portal\/2026\/09\/02\/obispos-de-bolivia-peru-y-chile-analizan-la-migracion-fronteriza\/\" \/>\n<meta property=\"og:locale\" content=\"es_ES\" \/>\n<meta property=\"og:type\" content=\"article\" \/>\n<meta property=\"og:title\" content=\"Obispos de Bolivia, Per\u00fa y Chile analizan la migraci\u00f3n fronteriza - El Diario - Bolivia\" \/>\n<meta property=\"og:description\" content=\"Del 1 al 3 de septiembre de 2026, la Arquidi\u00f3cesis de Cochabamba es sede del 10\u00ba Encuentro de Obispos de la Triple Frontera: Bolivia, Per\u00fa y Chile, inform\u00f3 la Conferencia Episcopal Boliviana. Bajo el lema \u201cMuros que separan, fe que une: Respuesta pastoral para los nuevos desaf\u00edos de integraci\u00f3n en la Triple Frontera\u201d, el evento [&hellip;]\" \/>\n<meta property=\"og:url\" content=\"https:\/\/www.eldiario.net\/portal\/2026\/09\/02\/obispos-de-bolivia-peru-y-chile-analizan-la-migracion-fronteriza\/\" \/>\n<meta property=\"og:site_name\" content=\"El Diario - Bolivia\" \/>\n<meta property=\"article:publisher\" content=\"https:\/\/www.facebook.com\/eldiario.bolivia\/\" \/>\n<meta property=\"article:published_time\" content=\"2026-09-02T04:49:42+00:00\" \/>\n<meta property=\"og:image\" content=\"https:\/\/www.eldiario.net\/portal\/wp-content\/uploads\/2026\/09\/2-OBISPOS.webp\" \/>\n\t<meta property=\"og:image:width\" content=\"768\" \/>\n\t<meta property=\"og:image:height\" content=\"576\" \/>\n\t<meta property=\"og:image:type\" content=\"image\/webp\" \/>\n<meta name=\"author\" content=\"Jeanette\" \/>\n<meta name=\"twitter:card\" content=\"summary_large_image\" \/>\n<meta name=\"twitter:creator\" content=\"@eldiario_net\" \/>\n<meta name=\"twitter:site\" content=\"@eldiario_net\" \/>\n<meta name=\"twitter:label1\" content=\"Escrito por\" \/>\n\t<meta name=\"twitter:data1\" content=\"Jeanette\" \/>\n\t<meta name=\"twitter:label2\" content=\"Tiempo de lectura\" \/>\n\t<meta name=\"twitter:data2\" content=\"2 minutos\" \/>\n<script type=\"application\/ld+json\" class=\"yoast-schema-graph\">{\"@context\":\"https:\\\/\\\/schema.org\",\"@graph\":[{\"@type\":\"Article\",\"@id\":\"https:\\\/\\\/www.eldiario.net\\\/portal\\\/2026\\\/09\\\/02\\\/obispos-de-bolivia-peru-y-chile-analizan-la-migracion-fronteriza\\\/#article\",\"isPartOf\":{\"@id\":\"https:\\\/\\\/www.eldiario.net\\\/portal\\\/2026\\\/09\\\/02\\\/obispos-de-bolivia-peru-y-chile-analizan-la-migracion-fronteriza\\\/\"},\"author\":{\"name\":\"Jeanette\",\"@id\":\"https:\\\/\\\/www.eldiario.net\\\/portal\\\/#\\\/schema\\\/person\\\/f46445640444750d7d753ccd04ae01b7\"},\"headline\":\"Obispos de Bolivia, Per\u00fa y Chile analizan la migraci\u00f3n fronteriza\",\"datePublished\":\"2026-09-02T04:49:42+00:00\",\"mainEntityOfPage\":{\"@id\":\"https:\\\/\\\/www.eldiario.net\\\/portal\\\/2026\\\/09\\\/02\\\/obispos-de-bolivia-peru-y-chile-analizan-la-migracion-fronteriza\\\/\"},\"wordCount\":320,\"publisher\":{\"@id\":\"https:\\\/\\\/www.eldiario.net\\\/portal\\\/#organization\"},\"image\":{\"@id\":\"https:\\\/\\\/www.eldiario.net\\\/portal\\\/2026\\\/09\\\/02\\\/obispos-de-bolivia-peru-y-chile-analizan-la-migracion-fronteriza\\\/#primaryimage\"},\"thumbnailUrl\":\"https:\\\/\\\/www.eldiario.net\\\/portal\\\/wp-content\\\/uploads\\\/2026\\\/09\\\/2-OBISPOS.webp\",\"articleSection\":[\"Sociedad - Seguridad\"],\"inLanguage\":\"es\"},{\"@type\":\"WebPage\",\"@id\":\"https:\\\/\\\/www.eldiario.net\\\/portal\\\/2026\\\/09\\\/02\\\/obispos-de-bolivia-peru-y-chile-analizan-la-migracion-fronteriza\\\/\",\"url\":\"https:\\\/\\\/www.eldiario.net\\\/portal\\\/2026\\\/09\\\/02\\\/obispos-de-bolivia-peru-y-chile-analizan-la-migracion-fronteriza\\\/\",\"name\":\"Obispos de Bolivia, Per\u00fa y Chile analizan la migraci\u00f3n fronteriza - El Diario - Bolivia\",\"isPartOf\":{\"@id\":\"https:\\\/\\\/www.eldiario.net\\\/portal\\\/#website\"},\"primaryImageOfPage\":{\"@id\":\"https:\\\/\\\/www.eldiario.net\\\/portal\\\/2026\\\/09\\\/02\\\/obispos-de-bolivia-peru-y-chile-analizan-la-migracion-fronteriza\\\/#primaryimage\"},\"image\":{\"@id\":\"https:\\\/\\\/www.eldiario.net\\\/portal\\\/2026\\\/09\\\/02\\\/obispos-de-bolivia-peru-y-chile-analizan-la-migracion-fronteriza\\\/#primaryimage\"},\"thumbnailUrl\":\"https:\\\/\\\/www.eldiario.net\\\/portal\\\/wp-content\\\/uploads\\\/2026\\\/09\\\/2-OBISPOS.webp\",\"datePublished\":\"2026-09-02T04:49:42+00:00\",\"breadcrumb\":{\"@id\":\"https:\\\/\\\/www.eldiario.net\\\/portal\\\/2026\\\/09\\\/02\\\/obispos-de-bolivia-peru-y-chile-analizan-la-migracion-fronteriza\\\/#breadcrumb\"},\"inLanguage\":\"es\",\"potentialAction\":[{\"@type\":\"ReadAction\",\"target\":[\"https:\\\/\\\/www.eldiario.net\\\/portal\\\/2026\\\/09\\\/02\\\/obispos-de-bolivia-peru-y-chile-analizan-la-migracion-fronteriza\\\/\"]}]},{\"@type\":\"ImageObject\",\"inLanguage\":\"es\",\"@id\":\"https:\\\/\\\/www.eldiario.net\\\/portal\\\/2026\\\/09\\\/02\\\/obispos-de-bolivia-peru-y-chile-analizan-la-migracion-fronteriza\\\/#primaryimage\",\"url\":\"https:\\\/\\\/www.eldiario.net\\\/portal\\\/wp-content\\\/uploads\\\/2026\\\/09\\\/2-OBISPOS.webp\",\"contentUrl\":\"https:\\\/\\\/www.eldiario.net\\\/portal\\\/wp-content\\\/uploads\\\/2026\\\/09\\\/2-OBISPOS.webp\",\"width\":768,\"height\":576,\"caption\":\"El encuentro de obispos se llev\u00f3 acabo en Cochabamba. Cr\u00e9dito de foto: ABI\"},{\"@type\":\"BreadcrumbList\",\"@id\":\"https:\\\/\\\/www.eldiario.net\\\/portal\\\/2026\\\/09\\\/02\\\/obispos-de-bolivia-peru-y-chile-analizan-la-migracion-fronteriza\\\/#breadcrumb\",\"itemListElement\":[{\"@type\":\"ListItem\",\"position\":1,\"name\":\"Portada\",\"item\":\"https:\\\/\\\/www.eldiario.net\\\/portal\\\/\"},{\"@type\":\"ListItem\",\"position\":2,\"name\":\"Obispos de Bolivia, Per\u00fa y Chile analizan la migraci\u00f3n fronteriza\"}]},{\"@type\":\"WebSite\",\"@id\":\"https:\\\/\\\/www.eldiario.net\\\/portal\\\/#website\",\"url\":\"https:\\\/\\\/www.eldiario.net\\\/portal\\\/\",\"name\":\"El Diario - Decano de la prensa nacional\",\"description\":\"El Diario - Decano de la prensa nacional\",\"publisher\":{\"@id\":\"https:\\\/\\\/www.eldiario.net\\\/portal\\\/#organization\"},\"potentialAction\":[{\"@type\":\"SearchAction\",\"target\":{\"@type\":\"EntryPoint\",\"urlTemplate\":\"https:\\\/\\\/www.eldiario.net\\\/portal\\\/?s={search_term_string}\"},\"query-input\":{\"@type\":\"PropertyValueSpecification\",\"valueRequired\":true,\"valueName\":\"search_term_string\"}}],\"inLanguage\":\"es\"},{\"@type\":\"Organization\",\"@id\":\"https:\\\/\\\/www.eldiario.net\\\/portal\\\/#organization\",\"name\":\"El Diario - Decano de la prensa nacional\",\"url\":\"https:\\\/\\\/www.eldiario.net\\\/portal\\\/\",\"logo\":{\"@type\":\"ImageObject\",\"inLanguage\":\"es\",\"@id\":\"https:\\\/\\\/www.eldiario.net\\\/portal\\\/#\\\/schema\\\/logo\\\/image\\\/\",\"url\":\"https:\\\/\\\/www.eldiario.net\\\/portal\\\/wp-content\\\/uploads\\\/2023\\\/07\\\/logo_ED.jpg\",\"contentUrl\":\"https:\\\/\\\/www.eldiario.net\\\/portal\\\/wp-content\\\/uploads\\\/2023\\\/07\\\/logo_ED.jpg\",\"width\":272,\"height\":52,\"caption\":\"El Diario - Decano de la prensa nacional\"},\"image\":{\"@id\":\"https:\\\/\\\/www.eldiario.net\\\/portal\\\/#\\\/schema\\\/logo\\\/image\\\/\"},\"sameAs\":[\"https:\\\/\\\/www.facebook.com\\\/eldiario.bolivia\\\/\",\"https:\\\/\\\/x.com\\\/eldiario_net\"]},{\"@type\":\"Person\",\"@id\":\"https:\\\/\\\/www.eldiario.net\\\/portal\\\/#\\\/schema\\\/person\\\/f46445640444750d7d753ccd04ae01b7\",\"name\":\"Jeanette\",\"image\":{\"@type\":\"ImageObject\",\"inLanguage\":\"es\",\"@id\":\"https:\\\/\\\/secure.gravatar.com\\\/avatar\\\/3ea2118a5f7dad2b7138b1187a6b7ee55f160b9968b66013c3a3ef39dd7e5798?s=96&d=mm&r=g\",\"url\":\"https:\\\/\\\/secure.gravatar.com\\\/avatar\\\/3ea2118a5f7dad2b7138b1187a6b7ee55f160b9968b66013c3a3ef39dd7e5798?s=96&d=mm&r=g\",\"contentUrl\":\"https:\\\/\\\/secure.gravatar.com\\\/avatar\\\/3ea2118a5f7dad2b7138b1187a6b7ee55f160b9968b66013c3a3ef39dd7e5798?s=96&d=mm&r=g\",\"caption\":\"Jeanette\"},\"sameAs\":[\"https:\\\/\\\/www.eldiario.net\\\/portal\"],\"url\":\"https:\\\/\\\/www.eldiario.net\\\/portal\\\/author\\\/jeanette\\\/\"}]}<\/script>\n<!-- \/ Yoast SEO plugin. -->","yoast_head_json":{"title":"Obispos de Bolivia, Per\u00fa y Chile analizan la migraci\u00f3n fronteriza - El Diario - Bolivia","robots":{"index":"index","follow":"follow","max-snippet":"max-snippet:-1","max-image-preview":"max-image-preview:large","max-video-preview":"max-video-preview:-1"},"canonical":"https:\/\/www.eldiario.net\/portal\/2026\/09\/02\/obispos-de-bolivia-peru-y-chile-analizan-la-migracion-fronteriza\/","og_locale":"es_ES","og_type":"article","og_title":"Obispos de Bolivia, Per\u00fa y Chile analizan la migraci\u00f3n fronteriza - El Diario - Bolivia","og_description":"Del 1 al 3 de septiembre de 2026, la Arquidi\u00f3cesis de Cochabamba es sede del 10\u00ba Encuentro de Obispos de la Triple Frontera: Bolivia, Per\u00fa y Chile, inform\u00f3 la Conferencia Episcopal Boliviana. Bajo el lema \u201cMuros que separan, fe que une: Respuesta pastoral para los nuevos desaf\u00edos de integraci\u00f3n en la Triple Frontera\u201d, el evento [&hellip;]","og_url":"https:\/\/www.eldiario.net\/portal\/2026\/09\/02\/obispos-de-bolivia-peru-y-chile-analizan-la-migracion-fronteriza\/","og_site_name":"El Diario - Bolivia","article_publisher":"https:\/\/www.facebook.com\/eldiario.bolivia\/","article_published_time":"2026-09-02T04:49:42+00:00","og_image":[{"width":768,"height":576,"url":"https:\/\/www.eldiario.net\/portal\/wp-content\/uploads\/2026\/09\/2-OBISPOS.webp","type":"image\/webp"}],"author":"Jeanette","twitter_card":"summary_large_image","twitter_creator":"@eldiario_net","twitter_site":"@eldiario_net","twitter_misc":{"Escrito por":"Jeanette","Tiempo de lectura":"2 minutos"},"schema":{"@context":"https:\/\/schema.org","@graph":[{"@type":"Article","@id":"https:\/\/www.eldiario.net\/portal\/2026\/09\/02\/obispos-de-bolivia-peru-y-chile-analizan-la-migracion-fronteriza\/#article","isPartOf":{"@id":"https:\/\/www.eldiario.net\/portal\/2026\/09\/02\/obispos-de-bolivia-peru-y-chile-analizan-la-migracion-fronteriza\/"},"author":{"name":"Jeanette","@id":"https:\/\/www.eldiario.net\/portal\/#\/schema\/person\/f46445640444750d7d753ccd04ae01b7"},"headline":"Obispos de Bolivia, Per\u00fa y Chile analizan la migraci\u00f3n fronteriza","datePublished":"2026-09-02T04:49:42+00:00","mainEntityOfPage":{"@id":"https:\/\/www.eldiario.net\/portal\/2026\/09\/02\/obispos-de-bolivia-peru-y-chile-analizan-la-migracion-fronteriza\/"},"wordCount":320,"publisher":{"@id":"https:\/\/www.eldiario.net\/portal\/#organization"},"image":{"@id":"https:\/\/www.eldiario.net\/portal\/2026\/09\/02\/obispos-de-bolivia-peru-y-chile-analizan-la-migracion-fronteriza\/#primaryimage"},"thumbnailUrl":"https:\/\/www.eldiario.net\/portal\/wp-content\/uploads\/2026\/09\/2-OBISPOS.webp","articleSection":["Sociedad - Seguridad"],"inLanguage":"es"},{"@type":"WebPage","@id":"https:\/\/www.eldiario.net\/portal\/2026\/09\/02\/obispos-de-bolivia-peru-y-chile-analizan-la-migracion-fronteriza\/","url":"https:\/\/www.eldiario.net\/portal\/2026\/09\/02\/obispos-de-bolivia-peru-y-chile-analizan-la-migracion-fronteriza\/","name":"Obispos de Bolivia, Per\u00fa y Chile analizan la migraci\u00f3n fronteriza - El Diario - Bolivia","isPartOf":{"@id":"https:\/\/www.eldiario.net\/portal\/#website"},"primaryImageOfPage":{"@id":"https:\/\/www.eldiario.net\/portal\/2026\/09\/02\/obispos-de-bolivia-peru-y-chile-analizan-la-migracion-fronteriza\/#primaryimage"},"image":{"@id":"https:\/\/www.eldiario.net\/portal\/2026\/09\/02\/obispos-de-bolivia-peru-y-chile-analizan-la-migracion-fronteriza\/#primaryimage"},"thumbnailUrl":"https:\/\/www.eldiario.net\/portal\/wp-content\/uploads\/2026\/09\/2-OBISPOS.webp","datePublished":"2026-09-02T04:49:42+00:00","breadcrumb":{"@id":"https:\/\/www.eldiario.net\/portal\/2026\/09\/02\/obispos-de-bolivia-peru-y-chile-analizan-la-migracion-fronteriza\/#breadcrumb"},"inLanguage":"es","potentialAction":[{"@type":"ReadAction","target":["https:\/\/www.eldiario.net\/portal\/2026\/09\/02\/obispos-de-bolivia-peru-y-chile-analizan-la-migracion-fronteriza\/"]}]},{"@type":"ImageObject","inLanguage":"es","@id":"https:\/\/www.eldiario.net\/portal\/2026\/09\/02\/obispos-de-bolivia-peru-y-chile-analizan-la-migracion-fronteriza\/#primaryimage","url":"https:\/\/www.eldiario.net\/portal\/wp-content\/uploads\/2026\/09\/2-OBISPOS.webp","contentUrl":"https:\/\/www.eldiario.net\/portal\/wp-content\/uploads\/2026\/09\/2-OBISPOS.webp","width":768,"height":576,"caption":"El encuentro de obispos se llev\u00f3 acabo en Cochabamba. Cr\u00e9dito de foto: ABI"},{"@type":"BreadcrumbList","@id":"https:\/\/www.eldiario.net\/portal\/2026\/09\/02\/obispos-de-bolivia-peru-y-chile-analizan-la-migracion-fronteriza\/#breadcrumb","itemListElement":[{"@type":"ListItem","position":1,"name":"Portada","item":"https:\/\/www.eldiario.net\/portal\/"},{"@type":"ListItem","position":2,"name":"Obispos de Bolivia, Per\u00fa y Chile analizan la migraci\u00f3n fronteriza"}]},{"@type":"WebSite","@id":"https:\/\/www.eldiario.net\/portal\/#website","url":"https:\/\/www.eldiario.net\/portal\/","name":"El Diario - Decano de la prensa nacional","description":"El Diario - Decano de la prensa nacional","publisher":{"@id":"https:\/\/www.eldiario.net\/portal\/#organization"},"potentialAction":[{"@type":"SearchAction","target":{"@type":"EntryPoint","urlTemplate":"https:\/\/www.eldiario.net\/portal\/?s={search_term_string}"},"query-input":{"@type":"PropertyValueSpecification","valueRequired":true,"valueName":"search_term_string"}}],"inLanguage":"es"},{"@type":"Organization","@id":"https:\/\/www.eldiario.net\/portal\/#organization","name":"El Diario - Decano de la prensa nacional","url":"https:\/\/www.eldiario.net\/portal\/","logo":{"@type":"ImageObject","inLanguage":"es","@id":"https:\/\/www.eldiario.net\/portal\/#\/schema\/logo\/image\/","url":"https:\/\/www.eldiario.net\/portal\/wp-content\/uploads\/2023\/07\/logo_ED.jpg","contentUrl":"https:\/\/www.eldiario.net\/portal\/wp-content\/uploads\/2023\/07\/logo_ED.jpg","width":272,"height":52,"caption":"El Diario - Decano de la prensa nacional"},"image":{"@id":"https:\/\/www.eldiario.net\/portal\/#\/schema\/logo\/image\/"},"sameAs":["https:\/\/www.facebook.com\/eldiario.bolivia\/","https:\/\/x.com\/eldiario_net"]},{"@type":"Person","@id":"https:\/\/www.eldiario.net\/portal\/#\/schema\/person\/f46445640444750d7d753ccd04ae01b7","name":"Jeanette","image":{"@type":"ImageObject","inLanguage":"es","@id":"https:\/\/secure.gravatar.com\/avatar\/3ea2118a5f7dad2b7138b1187a6b7ee55f160b9968b66013c3a3ef39dd7e5798?s=96&d=mm&r=g","url":"https:\/\/secure.gravatar.com\/avatar\/3ea2118a5f7dad2b7138b1187a6b7ee55f160b9968b66013c3a3ef39dd7e5798?s=96&d=mm&r=g","contentUrl":"https:\/\/secure.gravatar.com\/avatar\/3ea2118a5f7dad2b7138b1187a6b7ee55f160b9968b66013c3a3ef39dd7e5798?s=96&d=mm&r=g","caption":"Jeanette"},"sameAs":["https:\/\/www.eldiario.net\/portal"],"url":"https:\/\/www.eldiario.net\/portal\/author\/jeanette\/"}]}},"_links":{"self":[{"href":"https:\/\/www.eldiario.net\/portal\/wp-json\/wp\/v2\/posts\/426869","targetHints":{"allow":["GET"]}}],"collection":[{"href":"https:\/\/www.eldiario.net\/portal\/wp-json\/wp\/v2\/posts"}],"about":[{"href":"https:\/\/www.eldiario.net\/portal\/wp-json\/wp\/v2\/types\/post"}],"author":[{"embeddable":true,"href":"https:\/\/www.eldiario.net\/portal\/wp-json\/wp\/v2\/users\/1"}],"replies":[{"embeddable":true,"href":"https:\/\/www.eldiario.net\/portal\/wp-json\/wp\/v2\/comments?post=426869"}],"version-history":[{"count":1,"href":"https:\/\/www.eldiario.net\/portal\/wp-json\/wp\/v2\/posts\/426869\/revisions"}],"predecessor-version":[{"id":426871,"href":"https:\/\/www.eldiario.net\/portal\/wp-json\/wp\/v2\/posts\/426869\/revisions\/426871"}],"wp:featuredmedia":[{"embeddable":true,"href":"https:\/\/www.eldiario.net\/portal\/wp-json\/wp\/v2\/media\/426870"}],"wp:attachment":[{"href":"https:\/\/www.eldiario.net\/portal\/wp-json\/wp\/v2\/media?parent=426869"}],"wp:term":[{"taxonomy":"category","embeddable":true,"href":"https:\/\/www.eldiario.net\/portal\/wp-json\/wp\/v2\/categories?post=426869"},{"taxonomy":"post_tag","embeddable":true,"href":"https:\/\/www.eldiario.net\/portal\/wp-json\/wp\/v2\/tags?post=426869"}],"curies":[{"name":"wp","href":"https:\/\/api.w.org\/{rel}","templated":true}]}}