{"id":426866,"date":"2026-09-02T00:48:46","date_gmt":"2026-09-02T04:48:46","guid":{"rendered":"https:\/\/www.eldiario.net\/portal\/?p=426866"},"modified":"2026-09-01T21:49:33","modified_gmt":"2026-09-02T01:49:33","slug":"fiscalia-ofrece-garantias-a-hombre-que-se-atribuyo-ataque-a-beller-2","status":"publish","type":"post","link":"https:\/\/www.eldiario.net\/portal\/2026\/09\/02\/fiscalia-ofrece-garantias-a-hombre-que-se-atribuyo-ataque-a-beller-2\/","title":{"rendered":"Fiscal\u00eda ofrece garant\u00edas a hombre que se atribuy\u00f3 ataque a Beller"},"content":{"rendered":"<p>Tras la difusi\u00f3n de un video en el que un hombre identificado como Aldo Silva Pe\u00f1a, alias \u201cJuancho\u201d, afirma haber participado en la organizaci\u00f3n del ataque contra Nadia Beller, la Fiscal\u00eda de Santa Cruz asegur\u00f3 que le garantizar\u00e1 defensa y debido proceso si decide presentarse ante las autoridades. El Ministerio P\u00fablico, sin embargo, se\u00f1al\u00f3 que existen indicios que apuntan a una posible participaci\u00f3n del ciudadano colombiano en el atentado y mantiene una alerta migratoria para evitar que abandone el pa\u00eds.<\/p>\n<p>El fiscal departamental de Santa Cruz, Alberto Zeballos, invit\u00f3 p\u00fablicamente a Aldo Silva Pe\u00f1a, alias \u201cJuancho\u201d, a presentarse ante la Fiscal\u00eda acompa\u00f1ado de un abogado. La autoridad asegur\u00f3 que, pese a la alerta migratoria vigente, el investigado puede acudir a declarar y ejercer sus derechos dentro de la investigaci\u00f3n.<\/p>\n<p>La declaraci\u00f3n se produjo luego de la difusi\u00f3n de un video atribuido a Silva Pe\u00f1a, quien aparece desde la clandestinidad y sostiene que el ataque del 17 de agosto contra Nadia Beller no ten\u00eda como objetivo asesinarla. Seg\u00fan su versi\u00f3n, la orden era darle un susto y el blanco inicial habr\u00eda sido otra persona, de nacionalidad argentina.<\/p>\n<p>En la grabaci\u00f3n, Silva Pe\u00f1a se atribuye parte de la organizaci\u00f3n log\u00edstica del atentado, aunque niega haber disparado contra Beller. Tambi\u00e9n menciona a otras personas que, de acuerdo con su relato, habr\u00edan participado en la planificaci\u00f3n y ejecuci\u00f3n del hecho.<\/p>\n<p>La Fiscal\u00eda inform\u00f3 que el video ser\u00e1 contrastado con los dem\u00e1s elementos reunidos durante las pesquisas. Zeballos se\u00f1al\u00f3 que existen an\u00e1lisis de im\u00e1genes y videos, declaraciones testificales, pericias a dispositivos m\u00f3viles y otros indicios que, seg\u00fan explic\u00f3, permiten considerar una posible participaci\u00f3n del ciudadano colombiano en el ataque.<\/p>\n<p>Sin embargo, el fiscal aclar\u00f3 que estos elementos no representan una conclusi\u00f3n definitiva sobre su responsabilidad. La investigaci\u00f3n contin\u00faa abierta y busca establecer c\u00f3mo ocurri\u00f3 el atentado, qui\u00e9nes participaron y qu\u00e9 responsabilidad corresponde a cada uno de los involucrados.<\/p>\n<p>La alerta migratoria fue activada para evitar que Silva Pe\u00f1a abandone Bolivia mientras avanzan las diligencias. Zeballos explic\u00f3 que esta medida no le impide presentarse ante el Ministerio P\u00fablico y que, si lo hace, contar\u00e1 con las garant\u00edas constitucionales y el derecho a la defensa.<\/p>\n<p>El caso tambi\u00e9n deriv\u00f3 en acusaciones entre Beller y su expareja, Fernando Cerimedo, quien cumple detenci\u00f3n preventiva en Palmasola por la investigaci\u00f3n del atentado. Cerimedo sostuvo que el video puede aportar elementos para esclarecer el ataque y neg\u00f3 haber intentado causarle da\u00f1o a Beller. Ella, en cambio, afirm\u00f3 que la grabaci\u00f3n demostrar\u00eda que su expareja mantiene contacto con personas vinculadas al hecho.<\/p>\n<p>La Fiscal\u00eda mantiene abiertas las distintas hip\u00f3tesis y dispuso medidas de protecci\u00f3n para Beller ante el temor por su seguridad. Zeballos tambi\u00e9n confirm\u00f3 tres \u00f3rdenes de aprehensi\u00f3n vinculadas al caso, aunque no revel\u00f3 las identidades de los buscados (Con informaci\u00f3n de Unitel y Red Uno)<\/p>\n","protected":false},"excerpt":{"rendered":"<p>Tras la difusi\u00f3n de un video en el que un hombre identificado como Aldo Silva Pe\u00f1a, alias \u201cJuancho\u201d, afirma haber participado en la organizaci\u00f3n del ataque contra Nadia Beller, la Fiscal\u00eda de Santa Cruz asegur\u00f3 que le garantizar\u00e1 defensa y debido proceso si decide presentarse ante las autoridades. El Ministerio P\u00fablico, sin embargo, se\u00f1al\u00f3 que [&hellip;]<\/p>\n","protected":false},"author":1,"featured_media":426867,"comment_status":"closed","ping_status":"open","sticky":false,"template":"","format":"standard","meta":{"_acf_changed":false,"footnotes":""},"categories":[39],"tags":[],"class_list":["post-426866","post","type-post","status-publish","format-standard","has-post-thumbnail","category-sociedad"],"acf":{"antetitulo":""},"yoast_head":"<!-- This site is optimized with the Yoast SEO plugin v28.3 - https:\/\/yoast.com\/product\/yoast-seo-wordpress\/ -->\n<title>Fiscal\u00eda ofrece garant\u00edas a hombre que se atribuy\u00f3 ataque a Beller - El Diario - Bolivia<\/title>\n<meta name=\"robots\" content=\"index, follow, max-snippet:-1, max-image-preview:large, max-video-preview:-1\" \/>\n<link rel=\"canonical\" href=\"https:\/\/www.eldiario.net\/portal\/2026\/09\/02\/fiscalia-ofrece-garantias-a-hombre-que-se-atribuyo-ataque-a-beller-2\/\" \/>\n<meta property=\"og:locale\" content=\"es_ES\" \/>\n<meta property=\"og:type\" content=\"article\" \/>\n<meta property=\"og:title\" content=\"Fiscal\u00eda ofrece garant\u00edas a hombre que se atribuy\u00f3 ataque a Beller - El Diario - Bolivia\" \/>\n<meta property=\"og:description\" content=\"Tras la difusi\u00f3n de un video en el que un hombre identificado como Aldo Silva Pe\u00f1a, alias \u201cJuancho\u201d, afirma haber participado en la organizaci\u00f3n del ataque contra Nadia Beller, la Fiscal\u00eda de Santa Cruz asegur\u00f3 que le garantizar\u00e1 defensa y debido proceso si decide presentarse ante las autoridades. El Ministerio P\u00fablico, sin embargo, se\u00f1al\u00f3 que [&hellip;]\" \/>\n<meta property=\"og:url\" content=\"https:\/\/www.eldiario.net\/portal\/2026\/09\/02\/fiscalia-ofrece-garantias-a-hombre-que-se-atribuyo-ataque-a-beller-2\/\" \/>\n<meta property=\"og:site_name\" content=\"El Diario - Bolivia\" \/>\n<meta property=\"article:publisher\" content=\"https:\/\/www.facebook.com\/eldiario.bolivia\/\" \/>\n<meta property=\"article:published_time\" content=\"2026-09-02T04:48:46+00:00\" \/>\n<meta property=\"og:image\" content=\"https:\/\/www.eldiario.net\/portal\/wp-content\/uploads\/2026\/09\/2-SICARIO.webp\" \/>\n\t<meta property=\"og:image:width\" content=\"908\" \/>\n\t<meta property=\"og:image:height\" content=\"938\" \/>\n\t<meta property=\"og:image:type\" content=\"image\/webp\" \/>\n<meta name=\"author\" content=\"Jeanette\" \/>\n<meta name=\"twitter:card\" content=\"summary_large_image\" \/>\n<meta name=\"twitter:creator\" content=\"@eldiario_net\" \/>\n<meta name=\"twitter:site\" content=\"@eldiario_net\" \/>\n<meta name=\"twitter:label1\" content=\"Escrito por\" \/>\n\t<meta name=\"twitter:data1\" content=\"Jeanette\" \/>\n\t<meta name=\"twitter:label2\" content=\"Tiempo de lectura\" \/>\n\t<meta name=\"twitter:data2\" content=\"3 minutos\" \/>\n<script type=\"application\/ld+json\" class=\"yoast-schema-graph\">{\"@context\":\"https:\\\/\\\/schema.org\",\"@graph\":[{\"@type\":\"Article\",\"@id\":\"https:\\\/\\\/www.eldiario.net\\\/portal\\\/2026\\\/09\\\/02\\\/fiscalia-ofrece-garantias-a-hombre-que-se-atribuyo-ataque-a-beller-2\\\/#article\",\"isPartOf\":{\"@id\":\"https:\\\/\\\/www.eldiario.net\\\/portal\\\/2026\\\/09\\\/02\\\/fiscalia-ofrece-garantias-a-hombre-que-se-atribuyo-ataque-a-beller-2\\\/\"},\"author\":{\"name\":\"Jeanette\",\"@id\":\"https:\\\/\\\/www.eldiario.net\\\/portal\\\/#\\\/schema\\\/person\\\/f46445640444750d7d753ccd04ae01b7\"},\"headline\":\"Fiscal\u00eda ofrece garant\u00edas a hombre que se atribuy\u00f3 ataque a Beller\",\"datePublished\":\"2026-09-02T04:48:46+00:00\",\"mainEntityOfPage\":{\"@id\":\"https:\\\/\\\/www.eldiario.net\\\/portal\\\/2026\\\/09\\\/02\\\/fiscalia-ofrece-garantias-a-hombre-que-se-atribuyo-ataque-a-beller-2\\\/\"},\"wordCount\":533,\"publisher\":{\"@id\":\"https:\\\/\\\/www.eldiario.net\\\/portal\\\/#organization\"},\"image\":{\"@id\":\"https:\\\/\\\/www.eldiario.net\\\/portal\\\/2026\\\/09\\\/02\\\/fiscalia-ofrece-garantias-a-hombre-que-se-atribuyo-ataque-a-beller-2\\\/#primaryimage\"},\"thumbnailUrl\":\"https:\\\/\\\/www.eldiario.net\\\/portal\\\/wp-content\\\/uploads\\\/2026\\\/09\\\/2-SICARIO.webp\",\"articleSection\":[\"Sociedad - Seguridad\"],\"inLanguage\":\"es\"},{\"@type\":\"WebPage\",\"@id\":\"https:\\\/\\\/www.eldiario.net\\\/portal\\\/2026\\\/09\\\/02\\\/fiscalia-ofrece-garantias-a-hombre-que-se-atribuyo-ataque-a-beller-2\\\/\",\"url\":\"https:\\\/\\\/www.eldiario.net\\\/portal\\\/2026\\\/09\\\/02\\\/fiscalia-ofrece-garantias-a-hombre-que-se-atribuyo-ataque-a-beller-2\\\/\",\"name\":\"Fiscal\u00eda ofrece garant\u00edas a hombre que se atribuy\u00f3 ataque a Beller - El Diario - Bolivia\",\"isPartOf\":{\"@id\":\"https:\\\/\\\/www.eldiario.net\\\/portal\\\/#website\"},\"primaryImageOfPage\":{\"@id\":\"https:\\\/\\\/www.eldiario.net\\\/portal\\\/2026\\\/09\\\/02\\\/fiscalia-ofrece-garantias-a-hombre-que-se-atribuyo-ataque-a-beller-2\\\/#primaryimage\"},\"image\":{\"@id\":\"https:\\\/\\\/www.eldiario.net\\\/portal\\\/2026\\\/09\\\/02\\\/fiscalia-ofrece-garantias-a-hombre-que-se-atribuyo-ataque-a-beller-2\\\/#primaryimage\"},\"thumbnailUrl\":\"https:\\\/\\\/www.eldiario.net\\\/portal\\\/wp-content\\\/uploads\\\/2026\\\/09\\\/2-SICARIO.webp\",\"datePublished\":\"2026-09-02T04:48:46+00:00\",\"breadcrumb\":{\"@id\":\"https:\\\/\\\/www.eldiario.net\\\/portal\\\/2026\\\/09\\\/02\\\/fiscalia-ofrece-garantias-a-hombre-que-se-atribuyo-ataque-a-beller-2\\\/#breadcrumb\"},\"inLanguage\":\"es\",\"potentialAction\":[{\"@type\":\"ReadAction\",\"target\":[\"https:\\\/\\\/www.eldiario.net\\\/portal\\\/2026\\\/09\\\/02\\\/fiscalia-ofrece-garantias-a-hombre-que-se-atribuyo-ataque-a-beller-2\\\/\"]}]},{\"@type\":\"ImageObject\",\"inLanguage\":\"es\",\"@id\":\"https:\\\/\\\/www.eldiario.net\\\/portal\\\/2026\\\/09\\\/02\\\/fiscalia-ofrece-garantias-a-hombre-que-se-atribuyo-ataque-a-beller-2\\\/#primaryimage\",\"url\":\"https:\\\/\\\/www.eldiario.net\\\/portal\\\/wp-content\\\/uploads\\\/2026\\\/09\\\/2-SICARIO.webp\",\"contentUrl\":\"https:\\\/\\\/www.eldiario.net\\\/portal\\\/wp-content\\\/uploads\\\/2026\\\/09\\\/2-SICARIO.webp\",\"width\":908,\"height\":938,\"caption\":\"Aldo Silva Pe\u00f1a, alias \u201cJuancho\u201d. Cr\u00e9dito de foto: Captura video\"},{\"@type\":\"BreadcrumbList\",\"@id\":\"https:\\\/\\\/www.eldiario.net\\\/portal\\\/2026\\\/09\\\/02\\\/fiscalia-ofrece-garantias-a-hombre-que-se-atribuyo-ataque-a-beller-2\\\/#breadcrumb\",\"itemListElement\":[{\"@type\":\"ListItem\",\"position\":1,\"name\":\"Portada\",\"item\":\"https:\\\/\\\/www.eldiario.net\\\/portal\\\/\"},{\"@type\":\"ListItem\",\"position\":2,\"name\":\"Fiscal\u00eda ofrece garant\u00edas a hombre que se atribuy\u00f3 ataque a Beller\"}]},{\"@type\":\"WebSite\",\"@id\":\"https:\\\/\\\/www.eldiario.net\\\/portal\\\/#website\",\"url\":\"https:\\\/\\\/www.eldiario.net\\\/portal\\\/\",\"name\":\"El Diario - Decano de la prensa nacional\",\"description\":\"El Diario - Decano de la prensa nacional\",\"publisher\":{\"@id\":\"https:\\\/\\\/www.eldiario.net\\\/portal\\\/#organization\"},\"potentialAction\":[{\"@type\":\"SearchAction\",\"target\":{\"@type\":\"EntryPoint\",\"urlTemplate\":\"https:\\\/\\\/www.eldiario.net\\\/portal\\\/?s={search_term_string}\"},\"query-input\":{\"@type\":\"PropertyValueSpecification\",\"valueRequired\":true,\"valueName\":\"search_term_string\"}}],\"inLanguage\":\"es\"},{\"@type\":\"Organization\",\"@id\":\"https:\\\/\\\/www.eldiario.net\\\/portal\\\/#organization\",\"name\":\"El Diario - Decano de la prensa nacional\",\"url\":\"https:\\\/\\\/www.eldiario.net\\\/portal\\\/\",\"logo\":{\"@type\":\"ImageObject\",\"inLanguage\":\"es\",\"@id\":\"https:\\\/\\\/www.eldiario.net\\\/portal\\\/#\\\/schema\\\/logo\\\/image\\\/\",\"url\":\"https:\\\/\\\/www.eldiario.net\\\/portal\\\/wp-content\\\/uploads\\\/2023\\\/07\\\/logo_ED.jpg\",\"contentUrl\":\"https:\\\/\\\/www.eldiario.net\\\/portal\\\/wp-content\\\/uploads\\\/2023\\\/07\\\/logo_ED.jpg\",\"width\":272,\"height\":52,\"caption\":\"El Diario - Decano de la prensa nacional\"},\"image\":{\"@id\":\"https:\\\/\\\/www.eldiario.net\\\/portal\\\/#\\\/schema\\\/logo\\\/image\\\/\"},\"sameAs\":[\"https:\\\/\\\/www.facebook.com\\\/eldiario.bolivia\\\/\",\"https:\\\/\\\/x.com\\\/eldiario_net\"]},{\"@type\":\"Person\",\"@id\":\"https:\\\/\\\/www.eldiario.net\\\/portal\\\/#\\\/schema\\\/person\\\/f46445640444750d7d753ccd04ae01b7\",\"name\":\"Jeanette\",\"image\":{\"@type\":\"ImageObject\",\"inLanguage\":\"es\",\"@id\":\"https:\\\/\\\/secure.gravatar.com\\\/avatar\\\/3ea2118a5f7dad2b7138b1187a6b7ee55f160b9968b66013c3a3ef39dd7e5798?s=96&d=mm&r=g\",\"url\":\"https:\\\/\\\/secure.gravatar.com\\\/avatar\\\/3ea2118a5f7dad2b7138b1187a6b7ee55f160b9968b66013c3a3ef39dd7e5798?s=96&d=mm&r=g\",\"contentUrl\":\"https:\\\/\\\/secure.gravatar.com\\\/avatar\\\/3ea2118a5f7dad2b7138b1187a6b7ee55f160b9968b66013c3a3ef39dd7e5798?s=96&d=mm&r=g\",\"caption\":\"Jeanette\"},\"sameAs\":[\"https:\\\/\\\/www.eldiario.net\\\/portal\"],\"url\":\"https:\\\/\\\/www.eldiario.net\\\/portal\\\/author\\\/jeanette\\\/\"}]}<\/script>\n<!-- \/ Yoast SEO plugin. -->","yoast_head_json":{"title":"Fiscal\u00eda ofrece garant\u00edas a hombre que se atribuy\u00f3 ataque a Beller - El Diario - Bolivia","robots":{"index":"index","follow":"follow","max-snippet":"max-snippet:-1","max-image-preview":"max-image-preview:large","max-video-preview":"max-video-preview:-1"},"canonical":"https:\/\/www.eldiario.net\/portal\/2026\/09\/02\/fiscalia-ofrece-garantias-a-hombre-que-se-atribuyo-ataque-a-beller-2\/","og_locale":"es_ES","og_type":"article","og_title":"Fiscal\u00eda ofrece garant\u00edas a hombre que se atribuy\u00f3 ataque a Beller - El Diario - Bolivia","og_description":"Tras la difusi\u00f3n de un video en el que un hombre identificado como Aldo Silva Pe\u00f1a, alias \u201cJuancho\u201d, afirma haber participado en la organizaci\u00f3n del ataque contra Nadia Beller, la Fiscal\u00eda de Santa Cruz asegur\u00f3 que le garantizar\u00e1 defensa y debido proceso si decide presentarse ante las autoridades. El Ministerio P\u00fablico, sin embargo, se\u00f1al\u00f3 que [&hellip;]","og_url":"https:\/\/www.eldiario.net\/portal\/2026\/09\/02\/fiscalia-ofrece-garantias-a-hombre-que-se-atribuyo-ataque-a-beller-2\/","og_site_name":"El Diario - Bolivia","article_publisher":"https:\/\/www.facebook.com\/eldiario.bolivia\/","article_published_time":"2026-09-02T04:48:46+00:00","og_image":[{"width":908,"height":938,"url":"https:\/\/www.eldiario.net\/portal\/wp-content\/uploads\/2026\/09\/2-SICARIO.webp","type":"image\/webp"}],"author":"Jeanette","twitter_card":"summary_large_image","twitter_creator":"@eldiario_net","twitter_site":"@eldiario_net","twitter_misc":{"Escrito por":"Jeanette","Tiempo de lectura":"3 minutos"},"schema":{"@context":"https:\/\/schema.org","@graph":[{"@type":"Article","@id":"https:\/\/www.eldiario.net\/portal\/2026\/09\/02\/fiscalia-ofrece-garantias-a-hombre-que-se-atribuyo-ataque-a-beller-2\/#article","isPartOf":{"@id":"https:\/\/www.eldiario.net\/portal\/2026\/09\/02\/fiscalia-ofrece-garantias-a-hombre-que-se-atribuyo-ataque-a-beller-2\/"},"author":{"name":"Jeanette","@id":"https:\/\/www.eldiario.net\/portal\/#\/schema\/person\/f46445640444750d7d753ccd04ae01b7"},"headline":"Fiscal\u00eda ofrece garant\u00edas a hombre que se atribuy\u00f3 ataque a Beller","datePublished":"2026-09-02T04:48:46+00:00","mainEntityOfPage":{"@id":"https:\/\/www.eldiario.net\/portal\/2026\/09\/02\/fiscalia-ofrece-garantias-a-hombre-que-se-atribuyo-ataque-a-beller-2\/"},"wordCount":533,"publisher":{"@id":"https:\/\/www.eldiario.net\/portal\/#organization"},"image":{"@id":"https:\/\/www.eldiario.net\/portal\/2026\/09\/02\/fiscalia-ofrece-garantias-a-hombre-que-se-atribuyo-ataque-a-beller-2\/#primaryimage"},"thumbnailUrl":"https:\/\/www.eldiario.net\/portal\/wp-content\/uploads\/2026\/09\/2-SICARIO.webp","articleSection":["Sociedad - Seguridad"],"inLanguage":"es"},{"@type":"WebPage","@id":"https:\/\/www.eldiario.net\/portal\/2026\/09\/02\/fiscalia-ofrece-garantias-a-hombre-que-se-atribuyo-ataque-a-beller-2\/","url":"https:\/\/www.eldiario.net\/portal\/2026\/09\/02\/fiscalia-ofrece-garantias-a-hombre-que-se-atribuyo-ataque-a-beller-2\/","name":"Fiscal\u00eda ofrece garant\u00edas a hombre que se atribuy\u00f3 ataque a Beller - El Diario - Bolivia","isPartOf":{"@id":"https:\/\/www.eldiario.net\/portal\/#website"},"primaryImageOfPage":{"@id":"https:\/\/www.eldiario.net\/portal\/2026\/09\/02\/fiscalia-ofrece-garantias-a-hombre-que-se-atribuyo-ataque-a-beller-2\/#primaryimage"},"image":{"@id":"https:\/\/www.eldiario.net\/portal\/2026\/09\/02\/fiscalia-ofrece-garantias-a-hombre-que-se-atribuyo-ataque-a-beller-2\/#primaryimage"},"thumbnailUrl":"https:\/\/www.eldiario.net\/portal\/wp-content\/uploads\/2026\/09\/2-SICARIO.webp","datePublished":"2026-09-02T04:48:46+00:00","breadcrumb":{"@id":"https:\/\/www.eldiario.net\/portal\/2026\/09\/02\/fiscalia-ofrece-garantias-a-hombre-que-se-atribuyo-ataque-a-beller-2\/#breadcrumb"},"inLanguage":"es","potentialAction":[{"@type":"ReadAction","target":["https:\/\/www.eldiario.net\/portal\/2026\/09\/02\/fiscalia-ofrece-garantias-a-hombre-que-se-atribuyo-ataque-a-beller-2\/"]}]},{"@type":"ImageObject","inLanguage":"es","@id":"https:\/\/www.eldiario.net\/portal\/2026\/09\/02\/fiscalia-ofrece-garantias-a-hombre-que-se-atribuyo-ataque-a-beller-2\/#primaryimage","url":"https:\/\/www.eldiario.net\/portal\/wp-content\/uploads\/2026\/09\/2-SICARIO.webp","contentUrl":"https:\/\/www.eldiario.net\/portal\/wp-content\/uploads\/2026\/09\/2-SICARIO.webp","width":908,"height":938,"caption":"Aldo Silva Pe\u00f1a, alias \u201cJuancho\u201d. Cr\u00e9dito de foto: Captura video"},{"@type":"BreadcrumbList","@id":"https:\/\/www.eldiario.net\/portal\/2026\/09\/02\/fiscalia-ofrece-garantias-a-hombre-que-se-atribuyo-ataque-a-beller-2\/#breadcrumb","itemListElement":[{"@type":"ListItem","position":1,"name":"Portada","item":"https:\/\/www.eldiario.net\/portal\/"},{"@type":"ListItem","position":2,"name":"Fiscal\u00eda ofrece garant\u00edas a hombre que se atribuy\u00f3 ataque a Beller"}]},{"@type":"WebSite","@id":"https:\/\/www.eldiario.net\/portal\/#website","url":"https:\/\/www.eldiario.net\/portal\/","name":"El Diario - Decano de la prensa nacional","description":"El Diario - Decano de la prensa nacional","publisher":{"@id":"https:\/\/www.eldiario.net\/portal\/#organization"},"potentialAction":[{"@type":"SearchAction","target":{"@type":"EntryPoint","urlTemplate":"https:\/\/www.eldiario.net\/portal\/?s={search_term_string}"},"query-input":{"@type":"PropertyValueSpecification","valueRequired":true,"valueName":"search_term_string"}}],"inLanguage":"es"},{"@type":"Organization","@id":"https:\/\/www.eldiario.net\/portal\/#organization","name":"El Diario - Decano de la prensa nacional","url":"https:\/\/www.eldiario.net\/portal\/","logo":{"@type":"ImageObject","inLanguage":"es","@id":"https:\/\/www.eldiario.net\/portal\/#\/schema\/logo\/image\/","url":"https:\/\/www.eldiario.net\/portal\/wp-content\/uploads\/2023\/07\/logo_ED.jpg","contentUrl":"https:\/\/www.eldiario.net\/portal\/wp-content\/uploads\/2023\/07\/logo_ED.jpg","width":272,"height":52,"caption":"El Diario - Decano de la prensa nacional"},"image":{"@id":"https:\/\/www.eldiario.net\/portal\/#\/schema\/logo\/image\/"},"sameAs":["https:\/\/www.facebook.com\/eldiario.bolivia\/","https:\/\/x.com\/eldiario_net"]},{"@type":"Person","@id":"https:\/\/www.eldiario.net\/portal\/#\/schema\/person\/f46445640444750d7d753ccd04ae01b7","name":"Jeanette","image":{"@type":"ImageObject","inLanguage":"es","@id":"https:\/\/secure.gravatar.com\/avatar\/3ea2118a5f7dad2b7138b1187a6b7ee55f160b9968b66013c3a3ef39dd7e5798?s=96&d=mm&r=g","url":"https:\/\/secure.gravatar.com\/avatar\/3ea2118a5f7dad2b7138b1187a6b7ee55f160b9968b66013c3a3ef39dd7e5798?s=96&d=mm&r=g","contentUrl":"https:\/\/secure.gravatar.com\/avatar\/3ea2118a5f7dad2b7138b1187a6b7ee55f160b9968b66013c3a3ef39dd7e5798?s=96&d=mm&r=g","caption":"Jeanette"},"sameAs":["https:\/\/www.eldiario.net\/portal"],"url":"https:\/\/www.eldiario.net\/portal\/author\/jeanette\/"}]}},"_links":{"self":[{"href":"https:\/\/www.eldiario.net\/portal\/wp-json\/wp\/v2\/posts\/426866","targetHints":{"allow":["GET"]}}],"collection":[{"href":"https:\/\/www.eldiario.net\/portal\/wp-json\/wp\/v2\/posts"}],"about":[{"href":"https:\/\/www.eldiario.net\/portal\/wp-json\/wp\/v2\/types\/post"}],"author":[{"embeddable":true,"href":"https:\/\/www.eldiario.net\/portal\/wp-json\/wp\/v2\/users\/1"}],"replies":[{"embeddable":true,"href":"https:\/\/www.eldiario.net\/portal\/wp-json\/wp\/v2\/comments?post=426866"}],"version-history":[{"count":1,"href":"https:\/\/www.eldiario.net\/portal\/wp-json\/wp\/v2\/posts\/426866\/revisions"}],"predecessor-version":[{"id":426868,"href":"https:\/\/www.eldiario.net\/portal\/wp-json\/wp\/v2\/posts\/426866\/revisions\/426868"}],"wp:featuredmedia":[{"embeddable":true,"href":"https:\/\/www.eldiario.net\/portal\/wp-json\/wp\/v2\/media\/426867"}],"wp:attachment":[{"href":"https:\/\/www.eldiario.net\/portal\/wp-json\/wp\/v2\/media?parent=426866"}],"wp:term":[{"taxonomy":"category","embeddable":true,"href":"https:\/\/www.eldiario.net\/portal\/wp-json\/wp\/v2\/categories?post=426866"},{"taxonomy":"post_tag","embeddable":true,"href":"https:\/\/www.eldiario.net\/portal\/wp-json\/wp\/v2\/tags?post=426866"}],"curies":[{"name":"wp","href":"https:\/\/api.w.org\/{rel}","templated":true}]}}