{"id":426863,"date":"2026-09-02T00:47:38","date_gmt":"2026-09-02T04:47:38","guid":{"rendered":"https:\/\/www.eldiario.net\/portal\/?p=426863"},"modified":"2026-09-01T21:48:37","modified_gmt":"2026-09-02T01:48:37","slug":"investigan-robo-de-equipaje-con-celulares-valuados-en-bs-180-000","status":"publish","type":"post","link":"https:\/\/www.eldiario.net\/portal\/2026\/09\/02\/investigan-robo-de-equipaje-con-celulares-valuados-en-bs-180-000\/","title":{"rendered":"Investigan robo de equipaje con celulares valuados en Bs 180.000"},"content":{"rendered":"<p>Un equipaje que conten\u00eda al menos 35 tel\u00e9fonos celulares, varios de alta gama, fue robado en una empresa de transporte interdepartamental que opera en la terminal de buses de La Paz. Las im\u00e1genes de una c\u00e1mara de seguridad muestran c\u00f3mo una persona retira la bolsa con los equipos, mientras la Polic\u00eda investiga la participaci\u00f3n de dos sospechosos.<\/p>\n<p>El equipaje deb\u00eda ser trasladado hasta Potos\u00ed y fue dejado dentro de las instalaciones de la empresa. Seg\u00fan la denuncia, el propietario se ausent\u00f3 durante aproximadamente 20 minutos y, al regresar, constat\u00f3 que la bolsa ya no se encontraba en el lugar.<\/p>\n<p>La v\u00edctima, denunci\u00f3 el robo ante la Fuerza Especial de Lucha Contra el Crimen (Felcc) y estim\u00f3 que el valor de los equipos sustra\u00eddos alcanza los Bs 180.000. Se trata de tel\u00e9fonos nuevos y de modelos recientes, seg\u00fan detall\u00f3 el denunciante.<\/p>\n<p>Las im\u00e1genes de las c\u00e1maras de seguridad fueron entregadas a personal de la Felcc y muestran el momento en que una persona retira la bolsa del sector donde se almacenaba el equipaje. En la grabaci\u00f3n tambi\u00e9n se observa a una trabajadora de la empresa.<\/p>\n<p>A ra\u00edz del caso, dos personas, se\u00f1aladas preliminarmente como trabajadores de la empresa de transporte, fueron arrestadas y trasladadas a dependencias policiales. Los investigadores buscan establecer qu\u00e9 participaci\u00f3n tuvo cada una y si existi\u00f3 coordinaci\u00f3n para retirar el equipaje.<\/p>\n<p>La v\u00edctima pidi\u00f3 a las autoridades acelerar las investigaciones para recuperar los tel\u00e9fonos y establecer c\u00f3mo fueron retirados de las instalaciones. Tambi\u00e9n se\u00f1al\u00f3 que los dos sospechosos habr\u00edan dado versiones distintas sobre lo ocurrido, por lo que la Polic\u00eda deber\u00e1 contrastar sus declaraciones con las im\u00e1genes y otros elementos colectados.<\/p>\n<p>Los agentes tienen previsto realizar una inspecci\u00f3n en la empresa de transporte para recabar mayores elementos que permitan reconstruir c\u00f3mo ocurri\u00f3 el robo y determinar responsabilidades. (Con informaci\u00f3n de Unitel)<\/p>\n<p>&nbsp;<\/p>\n","protected":false},"excerpt":{"rendered":"<p>Un equipaje que conten\u00eda al menos 35 tel\u00e9fonos celulares, varios de alta gama, fue robado en una empresa de transporte interdepartamental que opera en la terminal de buses de La Paz. Las im\u00e1genes de una c\u00e1mara de seguridad muestran c\u00f3mo una persona retira la bolsa con los equipos, mientras la Polic\u00eda investiga la participaci\u00f3n de [&hellip;]<\/p>\n","protected":false},"author":1,"featured_media":426864,"comment_status":"closed","ping_status":"open","sticky":false,"template":"","format":"standard","meta":{"_acf_changed":false,"footnotes":""},"categories":[39],"tags":[],"class_list":["post-426863","post","type-post","status-publish","format-standard","has-post-thumbnail","category-sociedad"],"acf":{"antetitulo":"La Paz"},"yoast_head":"<!-- This site is optimized with the Yoast SEO plugin v28.3 - https:\/\/yoast.com\/product\/yoast-seo-wordpress\/ -->\n<title>Investigan robo de equipaje con celulares valuados en Bs 180.000 - El Diario - Bolivia<\/title>\n<meta name=\"robots\" content=\"index, follow, max-snippet:-1, max-image-preview:large, max-video-preview:-1\" \/>\n<link rel=\"canonical\" href=\"https:\/\/www.eldiario.net\/portal\/2026\/09\/02\/investigan-robo-de-equipaje-con-celulares-valuados-en-bs-180-000\/\" \/>\n<meta property=\"og:locale\" content=\"es_ES\" \/>\n<meta property=\"og:type\" content=\"article\" \/>\n<meta property=\"og:title\" content=\"Investigan robo de equipaje con celulares valuados en Bs 180.000 - El Diario - Bolivia\" \/>\n<meta property=\"og:description\" content=\"Un equipaje que conten\u00eda al menos 35 tel\u00e9fonos celulares, varios de alta gama, fue robado en una empresa de transporte interdepartamental que opera en la terminal de buses de La Paz. Las im\u00e1genes de una c\u00e1mara de seguridad muestran c\u00f3mo una persona retira la bolsa con los equipos, mientras la Polic\u00eda investiga la participaci\u00f3n de [&hellip;]\" \/>\n<meta property=\"og:url\" content=\"https:\/\/www.eldiario.net\/portal\/2026\/09\/02\/investigan-robo-de-equipaje-con-celulares-valuados-en-bs-180-000\/\" \/>\n<meta property=\"og:site_name\" content=\"El Diario - Bolivia\" \/>\n<meta property=\"article:publisher\" content=\"https:\/\/www.facebook.com\/eldiario.bolivia\/\" \/>\n<meta property=\"article:published_time\" content=\"2026-09-02T04:47:38+00:00\" \/>\n<meta property=\"og:image\" content=\"https:\/\/www.eldiario.net\/portal\/wp-content\/uploads\/2026\/09\/2-ROBO.webp\" \/>\n\t<meta property=\"og:image:width\" content=\"1428\" \/>\n\t<meta property=\"og:image:height\" content=\"1120\" \/>\n\t<meta property=\"og:image:type\" content=\"image\/webp\" \/>\n<meta name=\"author\" content=\"Jeanette\" \/>\n<meta name=\"twitter:card\" content=\"summary_large_image\" \/>\n<meta name=\"twitter:creator\" content=\"@eldiario_net\" \/>\n<meta name=\"twitter:site\" content=\"@eldiario_net\" \/>\n<meta name=\"twitter:label1\" content=\"Escrito por\" \/>\n\t<meta name=\"twitter:data1\" content=\"Jeanette\" \/>\n\t<meta name=\"twitter:label2\" content=\"Tiempo de lectura\" \/>\n\t<meta name=\"twitter:data2\" content=\"2 minutos\" \/>\n<script type=\"application\/ld+json\" class=\"yoast-schema-graph\">{\"@context\":\"https:\\\/\\\/schema.org\",\"@graph\":[{\"@type\":\"Article\",\"@id\":\"https:\\\/\\\/www.eldiario.net\\\/portal\\\/2026\\\/09\\\/02\\\/investigan-robo-de-equipaje-con-celulares-valuados-en-bs-180-000\\\/#article\",\"isPartOf\":{\"@id\":\"https:\\\/\\\/www.eldiario.net\\\/portal\\\/2026\\\/09\\\/02\\\/investigan-robo-de-equipaje-con-celulares-valuados-en-bs-180-000\\\/\"},\"author\":{\"name\":\"Jeanette\",\"@id\":\"https:\\\/\\\/www.eldiario.net\\\/portal\\\/#\\\/schema\\\/person\\\/f46445640444750d7d753ccd04ae01b7\"},\"headline\":\"Investigan robo de equipaje con celulares valuados en Bs 180.000\",\"datePublished\":\"2026-09-02T04:47:38+00:00\",\"mainEntityOfPage\":{\"@id\":\"https:\\\/\\\/www.eldiario.net\\\/portal\\\/2026\\\/09\\\/02\\\/investigan-robo-de-equipaje-con-celulares-valuados-en-bs-180-000\\\/\"},\"wordCount\":342,\"publisher\":{\"@id\":\"https:\\\/\\\/www.eldiario.net\\\/portal\\\/#organization\"},\"image\":{\"@id\":\"https:\\\/\\\/www.eldiario.net\\\/portal\\\/2026\\\/09\\\/02\\\/investigan-robo-de-equipaje-con-celulares-valuados-en-bs-180-000\\\/#primaryimage\"},\"thumbnailUrl\":\"https:\\\/\\\/www.eldiario.net\\\/portal\\\/wp-content\\\/uploads\\\/2026\\\/09\\\/2-ROBO.webp\",\"articleSection\":[\"Sociedad - Seguridad\"],\"inLanguage\":\"es\"},{\"@type\":\"WebPage\",\"@id\":\"https:\\\/\\\/www.eldiario.net\\\/portal\\\/2026\\\/09\\\/02\\\/investigan-robo-de-equipaje-con-celulares-valuados-en-bs-180-000\\\/\",\"url\":\"https:\\\/\\\/www.eldiario.net\\\/portal\\\/2026\\\/09\\\/02\\\/investigan-robo-de-equipaje-con-celulares-valuados-en-bs-180-000\\\/\",\"name\":\"Investigan robo de equipaje con celulares valuados en Bs 180.000 - El Diario - Bolivia\",\"isPartOf\":{\"@id\":\"https:\\\/\\\/www.eldiario.net\\\/portal\\\/#website\"},\"primaryImageOfPage\":{\"@id\":\"https:\\\/\\\/www.eldiario.net\\\/portal\\\/2026\\\/09\\\/02\\\/investigan-robo-de-equipaje-con-celulares-valuados-en-bs-180-000\\\/#primaryimage\"},\"image\":{\"@id\":\"https:\\\/\\\/www.eldiario.net\\\/portal\\\/2026\\\/09\\\/02\\\/investigan-robo-de-equipaje-con-celulares-valuados-en-bs-180-000\\\/#primaryimage\"},\"thumbnailUrl\":\"https:\\\/\\\/www.eldiario.net\\\/portal\\\/wp-content\\\/uploads\\\/2026\\\/09\\\/2-ROBO.webp\",\"datePublished\":\"2026-09-02T04:47:38+00:00\",\"breadcrumb\":{\"@id\":\"https:\\\/\\\/www.eldiario.net\\\/portal\\\/2026\\\/09\\\/02\\\/investigan-robo-de-equipaje-con-celulares-valuados-en-bs-180-000\\\/#breadcrumb\"},\"inLanguage\":\"es\",\"potentialAction\":[{\"@type\":\"ReadAction\",\"target\":[\"https:\\\/\\\/www.eldiario.net\\\/portal\\\/2026\\\/09\\\/02\\\/investigan-robo-de-equipaje-con-celulares-valuados-en-bs-180-000\\\/\"]}]},{\"@type\":\"ImageObject\",\"inLanguage\":\"es\",\"@id\":\"https:\\\/\\\/www.eldiario.net\\\/portal\\\/2026\\\/09\\\/02\\\/investigan-robo-de-equipaje-con-celulares-valuados-en-bs-180-000\\\/#primaryimage\",\"url\":\"https:\\\/\\\/www.eldiario.net\\\/portal\\\/wp-content\\\/uploads\\\/2026\\\/09\\\/2-ROBO.webp\",\"contentUrl\":\"https:\\\/\\\/www.eldiario.net\\\/portal\\\/wp-content\\\/uploads\\\/2026\\\/09\\\/2-ROBO.webp\",\"width\":1428,\"height\":1120,\"caption\":\"C\u00e1maras de seguridad captaron el momento del robo. Cr\u00e9dito de foto: Unitel\"},{\"@type\":\"BreadcrumbList\",\"@id\":\"https:\\\/\\\/www.eldiario.net\\\/portal\\\/2026\\\/09\\\/02\\\/investigan-robo-de-equipaje-con-celulares-valuados-en-bs-180-000\\\/#breadcrumb\",\"itemListElement\":[{\"@type\":\"ListItem\",\"position\":1,\"name\":\"Portada\",\"item\":\"https:\\\/\\\/www.eldiario.net\\\/portal\\\/\"},{\"@type\":\"ListItem\",\"position\":2,\"name\":\"Investigan robo de equipaje con celulares valuados en Bs 180.000\"}]},{\"@type\":\"WebSite\",\"@id\":\"https:\\\/\\\/www.eldiario.net\\\/portal\\\/#website\",\"url\":\"https:\\\/\\\/www.eldiario.net\\\/portal\\\/\",\"name\":\"El Diario - Decano de la prensa nacional\",\"description\":\"El Diario - Decano de la prensa nacional\",\"publisher\":{\"@id\":\"https:\\\/\\\/www.eldiario.net\\\/portal\\\/#organization\"},\"potentialAction\":[{\"@type\":\"SearchAction\",\"target\":{\"@type\":\"EntryPoint\",\"urlTemplate\":\"https:\\\/\\\/www.eldiario.net\\\/portal\\\/?s={search_term_string}\"},\"query-input\":{\"@type\":\"PropertyValueSpecification\",\"valueRequired\":true,\"valueName\":\"search_term_string\"}}],\"inLanguage\":\"es\"},{\"@type\":\"Organization\",\"@id\":\"https:\\\/\\\/www.eldiario.net\\\/portal\\\/#organization\",\"name\":\"El Diario - Decano de la prensa nacional\",\"url\":\"https:\\\/\\\/www.eldiario.net\\\/portal\\\/\",\"logo\":{\"@type\":\"ImageObject\",\"inLanguage\":\"es\",\"@id\":\"https:\\\/\\\/www.eldiario.net\\\/portal\\\/#\\\/schema\\\/logo\\\/image\\\/\",\"url\":\"https:\\\/\\\/www.eldiario.net\\\/portal\\\/wp-content\\\/uploads\\\/2023\\\/07\\\/logo_ED.jpg\",\"contentUrl\":\"https:\\\/\\\/www.eldiario.net\\\/portal\\\/wp-content\\\/uploads\\\/2023\\\/07\\\/logo_ED.jpg\",\"width\":272,\"height\":52,\"caption\":\"El Diario - Decano de la prensa nacional\"},\"image\":{\"@id\":\"https:\\\/\\\/www.eldiario.net\\\/portal\\\/#\\\/schema\\\/logo\\\/image\\\/\"},\"sameAs\":[\"https:\\\/\\\/www.facebook.com\\\/eldiario.bolivia\\\/\",\"https:\\\/\\\/x.com\\\/eldiario_net\"]},{\"@type\":\"Person\",\"@id\":\"https:\\\/\\\/www.eldiario.net\\\/portal\\\/#\\\/schema\\\/person\\\/f46445640444750d7d753ccd04ae01b7\",\"name\":\"Jeanette\",\"image\":{\"@type\":\"ImageObject\",\"inLanguage\":\"es\",\"@id\":\"https:\\\/\\\/secure.gravatar.com\\\/avatar\\\/3ea2118a5f7dad2b7138b1187a6b7ee55f160b9968b66013c3a3ef39dd7e5798?s=96&d=mm&r=g\",\"url\":\"https:\\\/\\\/secure.gravatar.com\\\/avatar\\\/3ea2118a5f7dad2b7138b1187a6b7ee55f160b9968b66013c3a3ef39dd7e5798?s=96&d=mm&r=g\",\"contentUrl\":\"https:\\\/\\\/secure.gravatar.com\\\/avatar\\\/3ea2118a5f7dad2b7138b1187a6b7ee55f160b9968b66013c3a3ef39dd7e5798?s=96&d=mm&r=g\",\"caption\":\"Jeanette\"},\"sameAs\":[\"https:\\\/\\\/www.eldiario.net\\\/portal\"],\"url\":\"https:\\\/\\\/www.eldiario.net\\\/portal\\\/author\\\/jeanette\\\/\"}]}<\/script>\n<!-- \/ Yoast SEO plugin. -->","yoast_head_json":{"title":"Investigan robo de equipaje con celulares valuados en Bs 180.000 - El Diario - Bolivia","robots":{"index":"index","follow":"follow","max-snippet":"max-snippet:-1","max-image-preview":"max-image-preview:large","max-video-preview":"max-video-preview:-1"},"canonical":"https:\/\/www.eldiario.net\/portal\/2026\/09\/02\/investigan-robo-de-equipaje-con-celulares-valuados-en-bs-180-000\/","og_locale":"es_ES","og_type":"article","og_title":"Investigan robo de equipaje con celulares valuados en Bs 180.000 - El Diario - Bolivia","og_description":"Un equipaje que conten\u00eda al menos 35 tel\u00e9fonos celulares, varios de alta gama, fue robado en una empresa de transporte interdepartamental que opera en la terminal de buses de La Paz. Las im\u00e1genes de una c\u00e1mara de seguridad muestran c\u00f3mo una persona retira la bolsa con los equipos, mientras la Polic\u00eda investiga la participaci\u00f3n de [&hellip;]","og_url":"https:\/\/www.eldiario.net\/portal\/2026\/09\/02\/investigan-robo-de-equipaje-con-celulares-valuados-en-bs-180-000\/","og_site_name":"El Diario - Bolivia","article_publisher":"https:\/\/www.facebook.com\/eldiario.bolivia\/","article_published_time":"2026-09-02T04:47:38+00:00","og_image":[{"width":1428,"height":1120,"url":"https:\/\/www.eldiario.net\/portal\/wp-content\/uploads\/2026\/09\/2-ROBO.webp","type":"image\/webp"}],"author":"Jeanette","twitter_card":"summary_large_image","twitter_creator":"@eldiario_net","twitter_site":"@eldiario_net","twitter_misc":{"Escrito por":"Jeanette","Tiempo de lectura":"2 minutos"},"schema":{"@context":"https:\/\/schema.org","@graph":[{"@type":"Article","@id":"https:\/\/www.eldiario.net\/portal\/2026\/09\/02\/investigan-robo-de-equipaje-con-celulares-valuados-en-bs-180-000\/#article","isPartOf":{"@id":"https:\/\/www.eldiario.net\/portal\/2026\/09\/02\/investigan-robo-de-equipaje-con-celulares-valuados-en-bs-180-000\/"},"author":{"name":"Jeanette","@id":"https:\/\/www.eldiario.net\/portal\/#\/schema\/person\/f46445640444750d7d753ccd04ae01b7"},"headline":"Investigan robo de equipaje con celulares valuados en Bs 180.000","datePublished":"2026-09-02T04:47:38+00:00","mainEntityOfPage":{"@id":"https:\/\/www.eldiario.net\/portal\/2026\/09\/02\/investigan-robo-de-equipaje-con-celulares-valuados-en-bs-180-000\/"},"wordCount":342,"publisher":{"@id":"https:\/\/www.eldiario.net\/portal\/#organization"},"image":{"@id":"https:\/\/www.eldiario.net\/portal\/2026\/09\/02\/investigan-robo-de-equipaje-con-celulares-valuados-en-bs-180-000\/#primaryimage"},"thumbnailUrl":"https:\/\/www.eldiario.net\/portal\/wp-content\/uploads\/2026\/09\/2-ROBO.webp","articleSection":["Sociedad - Seguridad"],"inLanguage":"es"},{"@type":"WebPage","@id":"https:\/\/www.eldiario.net\/portal\/2026\/09\/02\/investigan-robo-de-equipaje-con-celulares-valuados-en-bs-180-000\/","url":"https:\/\/www.eldiario.net\/portal\/2026\/09\/02\/investigan-robo-de-equipaje-con-celulares-valuados-en-bs-180-000\/","name":"Investigan robo de equipaje con celulares valuados en Bs 180.000 - El Diario - Bolivia","isPartOf":{"@id":"https:\/\/www.eldiario.net\/portal\/#website"},"primaryImageOfPage":{"@id":"https:\/\/www.eldiario.net\/portal\/2026\/09\/02\/investigan-robo-de-equipaje-con-celulares-valuados-en-bs-180-000\/#primaryimage"},"image":{"@id":"https:\/\/www.eldiario.net\/portal\/2026\/09\/02\/investigan-robo-de-equipaje-con-celulares-valuados-en-bs-180-000\/#primaryimage"},"thumbnailUrl":"https:\/\/www.eldiario.net\/portal\/wp-content\/uploads\/2026\/09\/2-ROBO.webp","datePublished":"2026-09-02T04:47:38+00:00","breadcrumb":{"@id":"https:\/\/www.eldiario.net\/portal\/2026\/09\/02\/investigan-robo-de-equipaje-con-celulares-valuados-en-bs-180-000\/#breadcrumb"},"inLanguage":"es","potentialAction":[{"@type":"ReadAction","target":["https:\/\/www.eldiario.net\/portal\/2026\/09\/02\/investigan-robo-de-equipaje-con-celulares-valuados-en-bs-180-000\/"]}]},{"@type":"ImageObject","inLanguage":"es","@id":"https:\/\/www.eldiario.net\/portal\/2026\/09\/02\/investigan-robo-de-equipaje-con-celulares-valuados-en-bs-180-000\/#primaryimage","url":"https:\/\/www.eldiario.net\/portal\/wp-content\/uploads\/2026\/09\/2-ROBO.webp","contentUrl":"https:\/\/www.eldiario.net\/portal\/wp-content\/uploads\/2026\/09\/2-ROBO.webp","width":1428,"height":1120,"caption":"C\u00e1maras de seguridad captaron el momento del robo. Cr\u00e9dito de foto: Unitel"},{"@type":"BreadcrumbList","@id":"https:\/\/www.eldiario.net\/portal\/2026\/09\/02\/investigan-robo-de-equipaje-con-celulares-valuados-en-bs-180-000\/#breadcrumb","itemListElement":[{"@type":"ListItem","position":1,"name":"Portada","item":"https:\/\/www.eldiario.net\/portal\/"},{"@type":"ListItem","position":2,"name":"Investigan robo de equipaje con celulares valuados en Bs 180.000"}]},{"@type":"WebSite","@id":"https:\/\/www.eldiario.net\/portal\/#website","url":"https:\/\/www.eldiario.net\/portal\/","name":"El Diario - Decano de la prensa nacional","description":"El Diario - Decano de la prensa nacional","publisher":{"@id":"https:\/\/www.eldiario.net\/portal\/#organization"},"potentialAction":[{"@type":"SearchAction","target":{"@type":"EntryPoint","urlTemplate":"https:\/\/www.eldiario.net\/portal\/?s={search_term_string}"},"query-input":{"@type":"PropertyValueSpecification","valueRequired":true,"valueName":"search_term_string"}}],"inLanguage":"es"},{"@type":"Organization","@id":"https:\/\/www.eldiario.net\/portal\/#organization","name":"El Diario - Decano de la prensa nacional","url":"https:\/\/www.eldiario.net\/portal\/","logo":{"@type":"ImageObject","inLanguage":"es","@id":"https:\/\/www.eldiario.net\/portal\/#\/schema\/logo\/image\/","url":"https:\/\/www.eldiario.net\/portal\/wp-content\/uploads\/2023\/07\/logo_ED.jpg","contentUrl":"https:\/\/www.eldiario.net\/portal\/wp-content\/uploads\/2023\/07\/logo_ED.jpg","width":272,"height":52,"caption":"El Diario - Decano de la prensa nacional"},"image":{"@id":"https:\/\/www.eldiario.net\/portal\/#\/schema\/logo\/image\/"},"sameAs":["https:\/\/www.facebook.com\/eldiario.bolivia\/","https:\/\/x.com\/eldiario_net"]},{"@type":"Person","@id":"https:\/\/www.eldiario.net\/portal\/#\/schema\/person\/f46445640444750d7d753ccd04ae01b7","name":"Jeanette","image":{"@type":"ImageObject","inLanguage":"es","@id":"https:\/\/secure.gravatar.com\/avatar\/3ea2118a5f7dad2b7138b1187a6b7ee55f160b9968b66013c3a3ef39dd7e5798?s=96&d=mm&r=g","url":"https:\/\/secure.gravatar.com\/avatar\/3ea2118a5f7dad2b7138b1187a6b7ee55f160b9968b66013c3a3ef39dd7e5798?s=96&d=mm&r=g","contentUrl":"https:\/\/secure.gravatar.com\/avatar\/3ea2118a5f7dad2b7138b1187a6b7ee55f160b9968b66013c3a3ef39dd7e5798?s=96&d=mm&r=g","caption":"Jeanette"},"sameAs":["https:\/\/www.eldiario.net\/portal"],"url":"https:\/\/www.eldiario.net\/portal\/author\/jeanette\/"}]}},"_links":{"self":[{"href":"https:\/\/www.eldiario.net\/portal\/wp-json\/wp\/v2\/posts\/426863","targetHints":{"allow":["GET"]}}],"collection":[{"href":"https:\/\/www.eldiario.net\/portal\/wp-json\/wp\/v2\/posts"}],"about":[{"href":"https:\/\/www.eldiario.net\/portal\/wp-json\/wp\/v2\/types\/post"}],"author":[{"embeddable":true,"href":"https:\/\/www.eldiario.net\/portal\/wp-json\/wp\/v2\/users\/1"}],"replies":[{"embeddable":true,"href":"https:\/\/www.eldiario.net\/portal\/wp-json\/wp\/v2\/comments?post=426863"}],"version-history":[{"count":1,"href":"https:\/\/www.eldiario.net\/portal\/wp-json\/wp\/v2\/posts\/426863\/revisions"}],"predecessor-version":[{"id":426865,"href":"https:\/\/www.eldiario.net\/portal\/wp-json\/wp\/v2\/posts\/426863\/revisions\/426865"}],"wp:featuredmedia":[{"embeddable":true,"href":"https:\/\/www.eldiario.net\/portal\/wp-json\/wp\/v2\/media\/426864"}],"wp:attachment":[{"href":"https:\/\/www.eldiario.net\/portal\/wp-json\/wp\/v2\/media?parent=426863"}],"wp:term":[{"taxonomy":"category","embeddable":true,"href":"https:\/\/www.eldiario.net\/portal\/wp-json\/wp\/v2\/categories?post=426863"},{"taxonomy":"post_tag","embeddable":true,"href":"https:\/\/www.eldiario.net\/portal\/wp-json\/wp\/v2\/tags?post=426863"}],"curies":[{"name":"wp","href":"https:\/\/api.w.org\/{rel}","templated":true}]}}