{"id":426860,"date":"2026-09-02T00:46:28","date_gmt":"2026-09-02T04:46:28","guid":{"rendered":"https:\/\/www.eldiario.net\/portal\/?p=426860"},"modified":"2026-09-01T21:47:31","modified_gmt":"2026-09-02T01:47:31","slug":"denunciaran-a-exautoridades-del-bcb-por-billetes-del-bicentenario","status":"publish","type":"post","link":"https:\/\/www.eldiario.net\/portal\/2026\/09\/02\/denunciaran-a-exautoridades-del-bcb-por-billetes-del-bicentenario\/","title":{"rendered":"Denunciar\u00e1n a exautoridades del BCB por billetes del Bicentenario"},"content":{"rendered":"<p>El Gobierno anunci\u00f3 una denuncia penal contra exautoridades del Banco Central de Bolivia (BCB) de la gesti\u00f3n de Luis Arce por la compra de un mill\u00f3n de billetes conmemorativos del Bicentenario, de los cuales se vendi\u00f3 menos del 4 %, pese a una inversi\u00f3n de Bs 4,5 millones.<\/p>\n<p>Entre las exautoridades se\u00f1aladas se encuentra el expresidente del BCB Edwin Rojas, adem\u00e1s de integrantes del antiguo directorio y otros funcionarios que participaron en la autorizaci\u00f3n de la operaci\u00f3n.<\/p>\n<p>El viceministro de Transparencia, Yamil Garc\u00eda, explic\u00f3 que la denuncia contempla posibles delitos de conducta antiecon\u00f3mica y contratos lesivos al Estado. Tambi\u00e9n se cuestiona la decisi\u00f3n de ordenar la impresi\u00f3n de los billetes conmemorativos sin valor legal, debido a que, seg\u00fan la autoridad, no exist\u00eda una normativa que permitiera esa determinaci\u00f3n.<\/p>\n<p>La operaci\u00f3n fue autorizada el 18 de abril de 2024 y contempl\u00f3 la adquisici\u00f3n de un mill\u00f3n de ejemplares por Bs 4.589.000. La intenci\u00f3n era comercializarlos durante las actividades del Bicentenario y generar ingresos para el Estado.<\/p>\n<p>Sin embargo, la venta tuvo una respuesta limitada. Una auditor\u00eda especial estableci\u00f3 que menos del 4 % de los billetes adquiridos fue comercializado, lo que dej\u00f3 la mayor parte de los ejemplares sin colocar.<\/p>\n<p>Garc\u00eda indic\u00f3 que el promedio de venta alcanz\u00f3 unos 270 billetes por mes. De mantenerse ese ritmo, la comercializaci\u00f3n del mill\u00f3n de ejemplares requerir\u00eda aproximadamente 270 a\u00f1os, seg\u00fan la estimaci\u00f3n expuesta por la autoridad.<\/p>\n<p>Otro de los cuestionamientos est\u00e1 relacionado con la falta de estudios previos. De acuerdo con Garc\u00eda, antes de destinar los recursos no se realiz\u00f3 un an\u00e1lisis t\u00e9cnico y legal que permitiera demostrar la factibilidad de la operaci\u00f3n. (EL DIARIO y agencias)<\/p>\n","protected":false},"excerpt":{"rendered":"<p>El Gobierno anunci\u00f3 una denuncia penal contra exautoridades del Banco Central de Bolivia (BCB) de la gesti\u00f3n de Luis Arce por la compra de un mill\u00f3n de billetes conmemorativos del Bicentenario, de los cuales se vendi\u00f3 menos del 4 %, pese a una inversi\u00f3n de Bs 4,5 millones. Entre las exautoridades se\u00f1aladas se encuentra el [&hellip;]<\/p>\n","protected":false},"author":1,"featured_media":426861,"comment_status":"closed","ping_status":"open","sticky":false,"template":"","format":"standard","meta":{"_acf_changed":false,"footnotes":""},"categories":[39],"tags":[],"class_list":["post-426860","post","type-post","status-publish","format-standard","has-post-thumbnail","category-sociedad"],"acf":{"antetitulo":""},"yoast_head":"<!-- This site is optimized with the Yoast SEO plugin v28.4 - https:\/\/yoast.com\/product\/yoast-seo-wordpress\/ -->\n<title>Denunciar\u00e1n a exautoridades del BCB por billetes del Bicentenario - El Diario - Bolivia<\/title>\n<meta name=\"robots\" content=\"index, follow, max-snippet:-1, max-image-preview:large, max-video-preview:-1\" \/>\n<link rel=\"canonical\" href=\"https:\/\/www.eldiario.net\/portal\/2026\/09\/02\/denunciaran-a-exautoridades-del-bcb-por-billetes-del-bicentenario\/\" \/>\n<meta property=\"og:locale\" content=\"es_ES\" \/>\n<meta property=\"og:type\" content=\"article\" \/>\n<meta property=\"og:title\" content=\"Denunciar\u00e1n a exautoridades del BCB por billetes del Bicentenario - El Diario - Bolivia\" \/>\n<meta property=\"og:description\" content=\"El Gobierno anunci\u00f3 una denuncia penal contra exautoridades del Banco Central de Bolivia (BCB) de la gesti\u00f3n de Luis Arce por la compra de un mill\u00f3n de billetes conmemorativos del Bicentenario, de los cuales se vendi\u00f3 menos del 4 %, pese a una inversi\u00f3n de Bs 4,5 millones. Entre las exautoridades se\u00f1aladas se encuentra el [&hellip;]\" \/>\n<meta property=\"og:url\" content=\"https:\/\/www.eldiario.net\/portal\/2026\/09\/02\/denunciaran-a-exautoridades-del-bcb-por-billetes-del-bicentenario\/\" \/>\n<meta property=\"og:site_name\" content=\"El Diario - Bolivia\" \/>\n<meta property=\"article:publisher\" content=\"https:\/\/www.facebook.com\/eldiario.bolivia\/\" \/>\n<meta property=\"article:published_time\" content=\"2026-09-02T04:46:28+00:00\" \/>\n<meta property=\"og:image\" content=\"https:\/\/www.eldiario.net\/portal\/wp-content\/uploads\/2026\/09\/2-BCB.webp\" \/>\n\t<meta property=\"og:image:width\" content=\"682\" \/>\n\t<meta property=\"og:image:height\" content=\"622\" \/>\n\t<meta property=\"og:image:type\" content=\"image\/webp\" \/>\n<meta name=\"author\" content=\"Jeanette\" \/>\n<meta name=\"twitter:card\" content=\"summary_large_image\" \/>\n<meta name=\"twitter:creator\" content=\"@eldiario_net\" \/>\n<meta name=\"twitter:site\" content=\"@eldiario_net\" \/>\n<meta name=\"twitter:label1\" content=\"Escrito por\" \/>\n\t<meta name=\"twitter:data1\" content=\"Jeanette\" \/>\n\t<meta name=\"twitter:label2\" content=\"Tiempo de lectura\" \/>\n\t<meta name=\"twitter:data2\" content=\"2 minutos\" \/>\n<script type=\"application\/ld+json\" class=\"yoast-schema-graph\">{\"@context\":\"https:\\\/\\\/schema.org\",\"@graph\":[{\"@type\":\"Article\",\"@id\":\"https:\\\/\\\/www.eldiario.net\\\/portal\\\/2026\\\/09\\\/02\\\/denunciaran-a-exautoridades-del-bcb-por-billetes-del-bicentenario\\\/#article\",\"isPartOf\":{\"@id\":\"https:\\\/\\\/www.eldiario.net\\\/portal\\\/2026\\\/09\\\/02\\\/denunciaran-a-exautoridades-del-bcb-por-billetes-del-bicentenario\\\/\"},\"author\":{\"name\":\"Jeanette\",\"@id\":\"https:\\\/\\\/www.eldiario.net\\\/portal\\\/#\\\/schema\\\/person\\\/f46445640444750d7d753ccd04ae01b7\"},\"headline\":\"Denunciar\u00e1n a exautoridades del BCB por billetes del Bicentenario\",\"datePublished\":\"2026-09-02T04:46:28+00:00\",\"mainEntityOfPage\":{\"@id\":\"https:\\\/\\\/www.eldiario.net\\\/portal\\\/2026\\\/09\\\/02\\\/denunciaran-a-exautoridades-del-bcb-por-billetes-del-bicentenario\\\/\"},\"wordCount\":305,\"publisher\":{\"@id\":\"https:\\\/\\\/www.eldiario.net\\\/portal\\\/#organization\"},\"image\":{\"@id\":\"https:\\\/\\\/www.eldiario.net\\\/portal\\\/2026\\\/09\\\/02\\\/denunciaran-a-exautoridades-del-bcb-por-billetes-del-bicentenario\\\/#primaryimage\"},\"thumbnailUrl\":\"https:\\\/\\\/www.eldiario.net\\\/portal\\\/wp-content\\\/uploads\\\/2026\\\/09\\\/2-BCB.webp\",\"articleSection\":[\"Sociedad - Seguridad\"],\"inLanguage\":\"es\"},{\"@type\":\"WebPage\",\"@id\":\"https:\\\/\\\/www.eldiario.net\\\/portal\\\/2026\\\/09\\\/02\\\/denunciaran-a-exautoridades-del-bcb-por-billetes-del-bicentenario\\\/\",\"url\":\"https:\\\/\\\/www.eldiario.net\\\/portal\\\/2026\\\/09\\\/02\\\/denunciaran-a-exautoridades-del-bcb-por-billetes-del-bicentenario\\\/\",\"name\":\"Denunciar\u00e1n a exautoridades del BCB por billetes del Bicentenario - El Diario - Bolivia\",\"isPartOf\":{\"@id\":\"https:\\\/\\\/www.eldiario.net\\\/portal\\\/#website\"},\"primaryImageOfPage\":{\"@id\":\"https:\\\/\\\/www.eldiario.net\\\/portal\\\/2026\\\/09\\\/02\\\/denunciaran-a-exautoridades-del-bcb-por-billetes-del-bicentenario\\\/#primaryimage\"},\"image\":{\"@id\":\"https:\\\/\\\/www.eldiario.net\\\/portal\\\/2026\\\/09\\\/02\\\/denunciaran-a-exautoridades-del-bcb-por-billetes-del-bicentenario\\\/#primaryimage\"},\"thumbnailUrl\":\"https:\\\/\\\/www.eldiario.net\\\/portal\\\/wp-content\\\/uploads\\\/2026\\\/09\\\/2-BCB.webp\",\"datePublished\":\"2026-09-02T04:46:28+00:00\",\"breadcrumb\":{\"@id\":\"https:\\\/\\\/www.eldiario.net\\\/portal\\\/2026\\\/09\\\/02\\\/denunciaran-a-exautoridades-del-bcb-por-billetes-del-bicentenario\\\/#breadcrumb\"},\"inLanguage\":\"es\",\"potentialAction\":[{\"@type\":\"ReadAction\",\"target\":[\"https:\\\/\\\/www.eldiario.net\\\/portal\\\/2026\\\/09\\\/02\\\/denunciaran-a-exautoridades-del-bcb-por-billetes-del-bicentenario\\\/\"]}]},{\"@type\":\"ImageObject\",\"inLanguage\":\"es\",\"@id\":\"https:\\\/\\\/www.eldiario.net\\\/portal\\\/2026\\\/09\\\/02\\\/denunciaran-a-exautoridades-del-bcb-por-billetes-del-bicentenario\\\/#primaryimage\",\"url\":\"https:\\\/\\\/www.eldiario.net\\\/portal\\\/wp-content\\\/uploads\\\/2026\\\/09\\\/2-BCB.webp\",\"contentUrl\":\"https:\\\/\\\/www.eldiario.net\\\/portal\\\/wp-content\\\/uploads\\\/2026\\\/09\\\/2-BCB.webp\",\"width\":682,\"height\":622,\"caption\":\"Viceministro de Transparencia, Yamil Garc\u00eda. Cr\u00e9dito de foto: APG\"},{\"@type\":\"BreadcrumbList\",\"@id\":\"https:\\\/\\\/www.eldiario.net\\\/portal\\\/2026\\\/09\\\/02\\\/denunciaran-a-exautoridades-del-bcb-por-billetes-del-bicentenario\\\/#breadcrumb\",\"itemListElement\":[{\"@type\":\"ListItem\",\"position\":1,\"name\":\"Portada\",\"item\":\"https:\\\/\\\/www.eldiario.net\\\/portal\\\/\"},{\"@type\":\"ListItem\",\"position\":2,\"name\":\"Denunciar\u00e1n a exautoridades del BCB por billetes del Bicentenario\"}]},{\"@type\":\"WebSite\",\"@id\":\"https:\\\/\\\/www.eldiario.net\\\/portal\\\/#website\",\"url\":\"https:\\\/\\\/www.eldiario.net\\\/portal\\\/\",\"name\":\"El Diario - Decano de la prensa nacional\",\"description\":\"El Diario - Decano de la prensa nacional\",\"publisher\":{\"@id\":\"https:\\\/\\\/www.eldiario.net\\\/portal\\\/#organization\"},\"potentialAction\":[{\"@type\":\"SearchAction\",\"target\":{\"@type\":\"EntryPoint\",\"urlTemplate\":\"https:\\\/\\\/www.eldiario.net\\\/portal\\\/?s={search_term_string}\"},\"query-input\":{\"@type\":\"PropertyValueSpecification\",\"valueRequired\":true,\"valueName\":\"search_term_string\"}}],\"inLanguage\":\"es\"},{\"@type\":\"Organization\",\"@id\":\"https:\\\/\\\/www.eldiario.net\\\/portal\\\/#organization\",\"name\":\"El Diario - Decano de la prensa nacional\",\"url\":\"https:\\\/\\\/www.eldiario.net\\\/portal\\\/\",\"logo\":{\"@type\":\"ImageObject\",\"inLanguage\":\"es\",\"@id\":\"https:\\\/\\\/www.eldiario.net\\\/portal\\\/#\\\/schema\\\/logo\\\/image\\\/\",\"url\":\"https:\\\/\\\/www.eldiario.net\\\/portal\\\/wp-content\\\/uploads\\\/2023\\\/07\\\/logo_ED.jpg\",\"contentUrl\":\"https:\\\/\\\/www.eldiario.net\\\/portal\\\/wp-content\\\/uploads\\\/2023\\\/07\\\/logo_ED.jpg\",\"width\":272,\"height\":52,\"caption\":\"El Diario - Decano de la prensa nacional\"},\"image\":{\"@id\":\"https:\\\/\\\/www.eldiario.net\\\/portal\\\/#\\\/schema\\\/logo\\\/image\\\/\"},\"sameAs\":[\"https:\\\/\\\/www.facebook.com\\\/eldiario.bolivia\\\/\",\"https:\\\/\\\/x.com\\\/eldiario_net\"]},{\"@type\":\"Person\",\"@id\":\"https:\\\/\\\/www.eldiario.net\\\/portal\\\/#\\\/schema\\\/person\\\/f46445640444750d7d753ccd04ae01b7\",\"name\":\"Jeanette\",\"image\":{\"@type\":\"ImageObject\",\"inLanguage\":\"es\",\"@id\":\"https:\\\/\\\/secure.gravatar.com\\\/avatar\\\/3ea2118a5f7dad2b7138b1187a6b7ee55f160b9968b66013c3a3ef39dd7e5798?s=96&d=mm&r=g\",\"url\":\"https:\\\/\\\/secure.gravatar.com\\\/avatar\\\/3ea2118a5f7dad2b7138b1187a6b7ee55f160b9968b66013c3a3ef39dd7e5798?s=96&d=mm&r=g\",\"contentUrl\":\"https:\\\/\\\/secure.gravatar.com\\\/avatar\\\/3ea2118a5f7dad2b7138b1187a6b7ee55f160b9968b66013c3a3ef39dd7e5798?s=96&d=mm&r=g\",\"caption\":\"Jeanette\"},\"sameAs\":[\"https:\\\/\\\/www.eldiario.net\\\/portal\"],\"url\":\"https:\\\/\\\/www.eldiario.net\\\/portal\\\/author\\\/jeanette\\\/\"}]}<\/script>\n<!-- \/ Yoast SEO plugin. -->","yoast_head_json":{"title":"Denunciar\u00e1n a exautoridades del BCB por billetes del Bicentenario - El Diario - Bolivia","robots":{"index":"index","follow":"follow","max-snippet":"max-snippet:-1","max-image-preview":"max-image-preview:large","max-video-preview":"max-video-preview:-1"},"canonical":"https:\/\/www.eldiario.net\/portal\/2026\/09\/02\/denunciaran-a-exautoridades-del-bcb-por-billetes-del-bicentenario\/","og_locale":"es_ES","og_type":"article","og_title":"Denunciar\u00e1n a exautoridades del BCB por billetes del Bicentenario - El Diario - Bolivia","og_description":"El Gobierno anunci\u00f3 una denuncia penal contra exautoridades del Banco Central de Bolivia (BCB) de la gesti\u00f3n de Luis Arce por la compra de un mill\u00f3n de billetes conmemorativos del Bicentenario, de los cuales se vendi\u00f3 menos del 4 %, pese a una inversi\u00f3n de Bs 4,5 millones. Entre las exautoridades se\u00f1aladas se encuentra el [&hellip;]","og_url":"https:\/\/www.eldiario.net\/portal\/2026\/09\/02\/denunciaran-a-exautoridades-del-bcb-por-billetes-del-bicentenario\/","og_site_name":"El Diario - Bolivia","article_publisher":"https:\/\/www.facebook.com\/eldiario.bolivia\/","article_published_time":"2026-09-02T04:46:28+00:00","og_image":[{"width":682,"height":622,"url":"https:\/\/www.eldiario.net\/portal\/wp-content\/uploads\/2026\/09\/2-BCB.webp","type":"image\/webp"}],"author":"Jeanette","twitter_card":"summary_large_image","twitter_creator":"@eldiario_net","twitter_site":"@eldiario_net","twitter_misc":{"Escrito por":"Jeanette","Tiempo de lectura":"2 minutos"},"schema":{"@context":"https:\/\/schema.org","@graph":[{"@type":"Article","@id":"https:\/\/www.eldiario.net\/portal\/2026\/09\/02\/denunciaran-a-exautoridades-del-bcb-por-billetes-del-bicentenario\/#article","isPartOf":{"@id":"https:\/\/www.eldiario.net\/portal\/2026\/09\/02\/denunciaran-a-exautoridades-del-bcb-por-billetes-del-bicentenario\/"},"author":{"name":"Jeanette","@id":"https:\/\/www.eldiario.net\/portal\/#\/schema\/person\/f46445640444750d7d753ccd04ae01b7"},"headline":"Denunciar\u00e1n a exautoridades del BCB por billetes del Bicentenario","datePublished":"2026-09-02T04:46:28+00:00","mainEntityOfPage":{"@id":"https:\/\/www.eldiario.net\/portal\/2026\/09\/02\/denunciaran-a-exautoridades-del-bcb-por-billetes-del-bicentenario\/"},"wordCount":305,"publisher":{"@id":"https:\/\/www.eldiario.net\/portal\/#organization"},"image":{"@id":"https:\/\/www.eldiario.net\/portal\/2026\/09\/02\/denunciaran-a-exautoridades-del-bcb-por-billetes-del-bicentenario\/#primaryimage"},"thumbnailUrl":"https:\/\/www.eldiario.net\/portal\/wp-content\/uploads\/2026\/09\/2-BCB.webp","articleSection":["Sociedad - Seguridad"],"inLanguage":"es"},{"@type":"WebPage","@id":"https:\/\/www.eldiario.net\/portal\/2026\/09\/02\/denunciaran-a-exautoridades-del-bcb-por-billetes-del-bicentenario\/","url":"https:\/\/www.eldiario.net\/portal\/2026\/09\/02\/denunciaran-a-exautoridades-del-bcb-por-billetes-del-bicentenario\/","name":"Denunciar\u00e1n a exautoridades del BCB por billetes del Bicentenario - El Diario - Bolivia","isPartOf":{"@id":"https:\/\/www.eldiario.net\/portal\/#website"},"primaryImageOfPage":{"@id":"https:\/\/www.eldiario.net\/portal\/2026\/09\/02\/denunciaran-a-exautoridades-del-bcb-por-billetes-del-bicentenario\/#primaryimage"},"image":{"@id":"https:\/\/www.eldiario.net\/portal\/2026\/09\/02\/denunciaran-a-exautoridades-del-bcb-por-billetes-del-bicentenario\/#primaryimage"},"thumbnailUrl":"https:\/\/www.eldiario.net\/portal\/wp-content\/uploads\/2026\/09\/2-BCB.webp","datePublished":"2026-09-02T04:46:28+00:00","breadcrumb":{"@id":"https:\/\/www.eldiario.net\/portal\/2026\/09\/02\/denunciaran-a-exautoridades-del-bcb-por-billetes-del-bicentenario\/#breadcrumb"},"inLanguage":"es","potentialAction":[{"@type":"ReadAction","target":["https:\/\/www.eldiario.net\/portal\/2026\/09\/02\/denunciaran-a-exautoridades-del-bcb-por-billetes-del-bicentenario\/"]}]},{"@type":"ImageObject","inLanguage":"es","@id":"https:\/\/www.eldiario.net\/portal\/2026\/09\/02\/denunciaran-a-exautoridades-del-bcb-por-billetes-del-bicentenario\/#primaryimage","url":"https:\/\/www.eldiario.net\/portal\/wp-content\/uploads\/2026\/09\/2-BCB.webp","contentUrl":"https:\/\/www.eldiario.net\/portal\/wp-content\/uploads\/2026\/09\/2-BCB.webp","width":682,"height":622,"caption":"Viceministro de Transparencia, Yamil Garc\u00eda. Cr\u00e9dito de foto: APG"},{"@type":"BreadcrumbList","@id":"https:\/\/www.eldiario.net\/portal\/2026\/09\/02\/denunciaran-a-exautoridades-del-bcb-por-billetes-del-bicentenario\/#breadcrumb","itemListElement":[{"@type":"ListItem","position":1,"name":"Portada","item":"https:\/\/www.eldiario.net\/portal\/"},{"@type":"ListItem","position":2,"name":"Denunciar\u00e1n a exautoridades del BCB por billetes del Bicentenario"}]},{"@type":"WebSite","@id":"https:\/\/www.eldiario.net\/portal\/#website","url":"https:\/\/www.eldiario.net\/portal\/","name":"El Diario - Decano de la prensa nacional","description":"El Diario - Decano de la prensa nacional","publisher":{"@id":"https:\/\/www.eldiario.net\/portal\/#organization"},"potentialAction":[{"@type":"SearchAction","target":{"@type":"EntryPoint","urlTemplate":"https:\/\/www.eldiario.net\/portal\/?s={search_term_string}"},"query-input":{"@type":"PropertyValueSpecification","valueRequired":true,"valueName":"search_term_string"}}],"inLanguage":"es"},{"@type":"Organization","@id":"https:\/\/www.eldiario.net\/portal\/#organization","name":"El Diario - Decano de la prensa nacional","url":"https:\/\/www.eldiario.net\/portal\/","logo":{"@type":"ImageObject","inLanguage":"es","@id":"https:\/\/www.eldiario.net\/portal\/#\/schema\/logo\/image\/","url":"https:\/\/www.eldiario.net\/portal\/wp-content\/uploads\/2023\/07\/logo_ED.jpg","contentUrl":"https:\/\/www.eldiario.net\/portal\/wp-content\/uploads\/2023\/07\/logo_ED.jpg","width":272,"height":52,"caption":"El Diario - Decano de la prensa nacional"},"image":{"@id":"https:\/\/www.eldiario.net\/portal\/#\/schema\/logo\/image\/"},"sameAs":["https:\/\/www.facebook.com\/eldiario.bolivia\/","https:\/\/x.com\/eldiario_net"]},{"@type":"Person","@id":"https:\/\/www.eldiario.net\/portal\/#\/schema\/person\/f46445640444750d7d753ccd04ae01b7","name":"Jeanette","image":{"@type":"ImageObject","inLanguage":"es","@id":"https:\/\/secure.gravatar.com\/avatar\/3ea2118a5f7dad2b7138b1187a6b7ee55f160b9968b66013c3a3ef39dd7e5798?s=96&d=mm&r=g","url":"https:\/\/secure.gravatar.com\/avatar\/3ea2118a5f7dad2b7138b1187a6b7ee55f160b9968b66013c3a3ef39dd7e5798?s=96&d=mm&r=g","contentUrl":"https:\/\/secure.gravatar.com\/avatar\/3ea2118a5f7dad2b7138b1187a6b7ee55f160b9968b66013c3a3ef39dd7e5798?s=96&d=mm&r=g","caption":"Jeanette"},"sameAs":["https:\/\/www.eldiario.net\/portal"],"url":"https:\/\/www.eldiario.net\/portal\/author\/jeanette\/"}]}},"_links":{"self":[{"href":"https:\/\/www.eldiario.net\/portal\/wp-json\/wp\/v2\/posts\/426860","targetHints":{"allow":["GET"]}}],"collection":[{"href":"https:\/\/www.eldiario.net\/portal\/wp-json\/wp\/v2\/posts"}],"about":[{"href":"https:\/\/www.eldiario.net\/portal\/wp-json\/wp\/v2\/types\/post"}],"author":[{"embeddable":true,"href":"https:\/\/www.eldiario.net\/portal\/wp-json\/wp\/v2\/users\/1"}],"replies":[{"embeddable":true,"href":"https:\/\/www.eldiario.net\/portal\/wp-json\/wp\/v2\/comments?post=426860"}],"version-history":[{"count":1,"href":"https:\/\/www.eldiario.net\/portal\/wp-json\/wp\/v2\/posts\/426860\/revisions"}],"predecessor-version":[{"id":426862,"href":"https:\/\/www.eldiario.net\/portal\/wp-json\/wp\/v2\/posts\/426860\/revisions\/426862"}],"wp:featuredmedia":[{"embeddable":true,"href":"https:\/\/www.eldiario.net\/portal\/wp-json\/wp\/v2\/media\/426861"}],"wp:attachment":[{"href":"https:\/\/www.eldiario.net\/portal\/wp-json\/wp\/v2\/media?parent=426860"}],"wp:term":[{"taxonomy":"category","embeddable":true,"href":"https:\/\/www.eldiario.net\/portal\/wp-json\/wp\/v2\/categories?post=426860"},{"taxonomy":"post_tag","embeddable":true,"href":"https:\/\/www.eldiario.net\/portal\/wp-json\/wp\/v2\/tags?post=426860"}],"curies":[{"name":"wp","href":"https:\/\/api.w.org\/{rel}","templated":true}]}}