{"id":426839,"date":"2026-09-02T00:39:18","date_gmt":"2026-09-02T04:39:18","guid":{"rendered":"https:\/\/www.eldiario.net\/portal\/?p=426839"},"modified":"2026-09-01T21:41:05","modified_gmt":"2026-09-02T01:41:05","slug":"bbv-premia-el-talento-universitario-en-la-quinta-edicion-del-juego-de-la-bolsa","status":"publish","type":"post","link":"https:\/\/www.eldiario.net\/portal\/2026\/09\/02\/bbv-premia-el-talento-universitario-en-la-quinta-edicion-del-juego-de-la-bolsa\/","title":{"rendered":"BBV premia el talento universitario en  la quinta edici\u00f3n del Juego de la Bolsa"},"content":{"rendered":"<p>La Bolsa Boliviana de Valores (BBV) llev\u00f3 adelante la quinta edici\u00f3n del Juego de la Bolsa, iniciativa que busca acercar a los universitarios al mercado de valores a trav\u00e9s de una experiencia pr\u00e1ctica de aprendizaje, competencia y toma de decisiones.<br \/>\nEn esta versi\u00f3n, m\u00e1s de 50 equipos de todo el pa\u00eds compitieron inicialmente en un rally virtual de finanzas, logrando clasificar 18 semifinalistas que disputaron las fases finales de manera presencial en el emblem\u00e1tico Ruedo de la BBV en La Paz.<br \/>\nEl primer lugar fue obtenido por Pablo del Castillo, Camila Valda Estremadoyro y Juli\u00e1n Nicolas Barrera Magne de la Universidad Privada Boliviana (Campus La Paz); el segundo lugar por Virginia Ajpi Triguero, Jhoselin Miriam Quispe Mamani y Nayeli Olicia Choque de la Universidad Mayor de San Andr\u00e9s; y el tercer lugar por Leticia M\u00f3nica L\u00f3pez Calisaya, Holman Roger Condori Capia y Mar\u00eda Isabel Calle Quispe, tambi\u00e9n de la Universidad Mayor de San Andr\u00e9s.<br \/>\nLos tres equipos destacados recibir\u00e1n un fondo de premios de Bs. 16.500 distribuido entre ellos, junto con una beca para un curso especializado de la BBV para impulsar su formaci\u00f3n en el sistema financiero.<\/p>\n\r\n                <style type=\"text\/css\">\r\n                    \r\n                    #tdi_1  .td-doubleSlider-2 .td-item1 {\r\n                        background: url(https:\/\/www.eldiario.net\/portal\/wp-content\/uploads\/2026\/09\/B-1-80x60.webp) 0 0 no-repeat;\r\n                    }\r\n                    #tdi_1  .td-doubleSlider-2 .td-item2 {\r\n                        background: url(https:\/\/www.eldiario.net\/portal\/wp-content\/uploads\/2026\/09\/B-2-80x60.webp) 0 0 no-repeat;\r\n                    }\r\n                    #tdi_1  .td-doubleSlider-2 .td-item3 {\r\n                        background: url(https:\/\/www.eldiario.net\/portal\/wp-content\/uploads\/2026\/09\/B-3-80x60.webp) 0 0 no-repeat;\r\n                    }\r\n                    #tdi_1  .td-doubleSlider-2 .td-item4 {\r\n                        background: url(https:\/\/www.eldiario.net\/portal\/wp-content\/uploads\/2026\/09\/B-4-80x60.webp) 0 0 no-repeat;\r\n                    }\r\n                    #tdi_1  .td-doubleSlider-2 .td-item5 {\r\n                        background: url(https:\/\/www.eldiario.net\/portal\/wp-content\/uploads\/2026\/09\/B-5-80x60.webp) 0 0 no-repeat;\r\n                    }\r\n                    #tdi_1  .td-doubleSlider-2 .td-item6 {\r\n                        background: url(https:\/\/www.eldiario.net\/portal\/wp-content\/uploads\/2026\/09\/B-6-80x60.webp) 0 0 no-repeat;\r\n                    }\r\n                <\/style>\r\n\r\n                <div id=\"tdi_1\" class=\"td-gallery td-slide-on-2-columns\">\r\n                    <div class=\"post_td_gallery\">\r\n                        <div class=\"td-gallery-slide-top\">\r\n                           <div class=\"td-gallery-title\"><\/div>\r\n\r\n                            <div class=\"td-gallery-controls-wrapper\">\r\n                                <div class=\"td-gallery-slide-count\"><span class=\"td-gallery-slide-item-focus\">1<\/span> de 6<\/div>\r\n                                <div class=\"td-gallery-slide-prev-next-but\">\r\n                                    <i class = \"td-icon-left doubleSliderPrevButton\"><\/i>\r\n                                    <i class = \"td-icon-right doubleSliderNextButton\"><\/i>\r\n                                <\/div>\r\n                            <\/div>\r\n                        <\/div>\r\n\r\n                        <div class = \"td-doubleSlider-1 \">\r\n                            <div class = \"td-slider\">\r\n                                \r\n                    <div class = \"td-slide-item td-item1\">\r\n                        <figure class=\"td-slide-galery-figure td-slide-popup-gallery\">\r\n                            <a class=\"slide-gallery-image-link\" href=\"https:\/\/www.eldiario.net\/portal\/wp-content\/uploads\/2026\/09\/B-1.webp\" title=\"B-1\"  data-caption=\"UNIVERSITARIOS DISPUTARON LA FASE FINAL DEL CERTAMEN \nORGANIZADO POR LA BOLSA BOLIVIANA DE VALORES.\"  data-description=\"UNIVERSITARIOS DISPUTARON LA FASE FINAL DEL CERTAMEN \nORGANIZADO POR LA BOLSA BOLIVIANA DE VALORES.\">\r\n                                <img decoding=\"async\" src=\"https:\/\/www.eldiario.net\/portal\/wp-content\/uploads\/2026\/09\/B-1-986x420.webp\" srcset=\"https:\/\/www.eldiario.net\/portal\/wp-content\/uploads\/2026\/09\/B-1-986x420.webp 986w, https:\/\/www.eldiario.net\/portal\/wp-content\/uploads\/2026\/09\/B-1-300x128.webp 300w, https:\/\/www.eldiario.net\/portal\/wp-content\/uploads\/2026\/09\/B-1-1024x436.webp 1024w, https:\/\/www.eldiario.net\/portal\/wp-content\/uploads\/2026\/09\/B-1-768x327.webp 768w, https:\/\/www.eldiario.net\/portal\/wp-content\/uploads\/2026\/09\/B-1-150x64.webp 150w, https:\/\/www.eldiario.net\/portal\/wp-content\/uploads\/2026\/09\/B-1-696x296.webp 696w, https:\/\/www.eldiario.net\/portal\/wp-content\/uploads\/2026\/09\/B-1-1068x455.webp 1068w, https:\/\/www.eldiario.net\/portal\/wp-content\/uploads\/2026\/09\/B-1.webp 1200w\" sizes=\"(max-width: 986px) 100vw, 986px\" alt=\"\">\r\n                            <\/a>\r\n                            <figcaption class = \"td-slide-caption td-gallery-slide-content\"><div class = \"td-gallery-slide-copywrite\">UNIVERSITARIOS DISPUTARON LA FASE FINAL DEL CERTAMEN \nORGANIZADO POR LA BOLSA BOLIVIANA DE VALORES.<\/div><span>UNIVERSITARIOS DISPUTARON LA FASE FINAL DEL CERTAMEN \nORGANIZADO POR LA BOLSA BOLIVIANA DE VALORES.<\/span><\/figcaption>\r\n                        <\/figure>\r\n                    <\/div>\r\n                    <div class = \"td-slide-item td-item2\">\r\n                        <figure class=\"td-slide-galery-figure td-slide-popup-gallery\">\r\n                            <a class=\"slide-gallery-image-link\" href=\"https:\/\/www.eldiario.net\/portal\/wp-content\/uploads\/2026\/09\/B-2.webp\" title=\"B-2\"  data-caption=\"ESTUDIANTES DE DISTINTAS UNIVERSIDADES DEL PA\u00cdS COMPITIERON DE \nMANERA PRESENCIAL EN EL RUEDO DE LA BBV.\"  data-description=\"ESTUDIANTES DE DISTINTAS UNIVERSIDADES DEL PA&Iacute;S COMPITIERON DE \nMANERA PRESENCIAL EN EL RUEDO DE LA BBV.\">\r\n                                <img decoding=\"async\" src=\"https:\/\/www.eldiario.net\/portal\/wp-content\/uploads\/2026\/09\/B-2-602x420.webp\" srcset=\"https:\/\/www.eldiario.net\/portal\/wp-content\/uploads\/2026\/09\/B-2-602x420.webp 602w, https:\/\/www.eldiario.net\/portal\/wp-content\/uploads\/2026\/09\/B-2-300x209.webp 300w, https:\/\/www.eldiario.net\/portal\/wp-content\/uploads\/2026\/09\/B-2-1024x714.webp 1024w, https:\/\/www.eldiario.net\/portal\/wp-content\/uploads\/2026\/09\/B-2-768x536.webp 768w, https:\/\/www.eldiario.net\/portal\/wp-content\/uploads\/2026\/09\/B-2-150x105.webp 150w, https:\/\/www.eldiario.net\/portal\/wp-content\/uploads\/2026\/09\/B-2-696x485.webp 696w, https:\/\/www.eldiario.net\/portal\/wp-content\/uploads\/2026\/09\/B-2-1068x745.webp 1068w, https:\/\/www.eldiario.net\/portal\/wp-content\/uploads\/2026\/09\/B-2.webp 1200w\" sizes=\"(max-width: 602px) 100vw, 602px\" alt=\"\">\r\n                            <\/a>\r\n                            <figcaption class = \"td-slide-caption td-gallery-slide-content\"><div class = \"td-gallery-slide-copywrite\">ESTUDIANTES DE DISTINTAS UNIVERSIDADES DEL PA\u00cdS COMPITIERON DE \nMANERA PRESENCIAL EN EL RUEDO DE LA BBV.<\/div><span>ESTUDIANTES DE DISTINTAS UNIVERSIDADES DEL PA\u00cdS COMPITIERON DE \nMANERA PRESENCIAL EN EL RUEDO DE LA BBV.<\/span><\/figcaption>\r\n                        <\/figure>\r\n                    <\/div>\r\n                    <div class = \"td-slide-item td-item3\">\r\n                        <figure class=\"td-slide-galery-figure td-slide-popup-gallery\">\r\n                            <a class=\"slide-gallery-image-link\" href=\"https:\/\/www.eldiario.net\/portal\/wp-content\/uploads\/2026\/09\/B-3.webp\" title=\"B-3\"  data-caption=\"TERCER LUGAR PARA LETICIA L\u00d3PEZ, HOLMAN ROGER CONDORI Y MAR\u00cdA ISABEL CALLE, UMSA.\"  data-description=\"TERCER LUGAR PARA LETICIA L&Oacute;PEZ, HOLMAN ROGER CONDORI Y MAR&Iacute;A ISABEL CALLE, UMSA.\">\r\n                                <img decoding=\"async\" src=\"https:\/\/www.eldiario.net\/portal\/wp-content\/uploads\/2026\/09\/B-3-630x420.webp\" srcset=\"https:\/\/www.eldiario.net\/portal\/wp-content\/uploads\/2026\/09\/B-3-630x420.webp 630w, https:\/\/www.eldiario.net\/portal\/wp-content\/uploads\/2026\/09\/B-3-300x200.webp 300w, https:\/\/www.eldiario.net\/portal\/wp-content\/uploads\/2026\/09\/B-3-1024x683.webp 1024w, https:\/\/www.eldiario.net\/portal\/wp-content\/uploads\/2026\/09\/B-3-768x512.webp 768w, https:\/\/www.eldiario.net\/portal\/wp-content\/uploads\/2026\/09\/B-3-150x100.webp 150w, https:\/\/www.eldiario.net\/portal\/wp-content\/uploads\/2026\/09\/B-3-696x464.webp 696w, https:\/\/www.eldiario.net\/portal\/wp-content\/uploads\/2026\/09\/B-3-1068x712.webp 1068w, https:\/\/www.eldiario.net\/portal\/wp-content\/uploads\/2026\/09\/B-3.webp 1200w\" sizes=\"(max-width: 630px) 100vw, 630px\" alt=\"\">\r\n                            <\/a>\r\n                            <figcaption class = \"td-slide-caption td-gallery-slide-content\"><div class = \"td-gallery-slide-copywrite\">TERCER LUGAR PARA LETICIA L\u00d3PEZ, HOLMAN ROGER CONDORI Y MAR\u00cdA ISABEL CALLE, UMSA.<\/div><span>TERCER LUGAR PARA LETICIA L\u00d3PEZ, HOLMAN ROGER CONDORI Y MAR\u00cdA ISABEL CALLE, UMSA.<\/span><\/figcaption>\r\n                        <\/figure>\r\n                    <\/div>\r\n                    <div class = \"td-slide-item td-item4\">\r\n                        <figure class=\"td-slide-galery-figure td-slide-popup-gallery\">\r\n                            <a class=\"slide-gallery-image-link\" href=\"https:\/\/www.eldiario.net\/portal\/wp-content\/uploads\/2026\/09\/B-4.webp\" title=\"B-4\"  data-caption=\"EL SEGUNDO LUGAR RECAY\u00d3 EN VIRGINIA AJPI, JHOSELIN QUISPE Y NAYELI CHOQUE, UMSA.\"  data-description=\"EL SEGUNDO LUGAR RECAY&Oacute; EN VIRGINIA AJPI, JHOSELIN QUISPE Y NAYELI CHOQUE, UMSA.\">\r\n                                <img decoding=\"async\" src=\"https:\/\/www.eldiario.net\/portal\/wp-content\/uploads\/2026\/09\/B-4-630x420.webp\" srcset=\"https:\/\/www.eldiario.net\/portal\/wp-content\/uploads\/2026\/09\/B-4-630x420.webp 630w, https:\/\/www.eldiario.net\/portal\/wp-content\/uploads\/2026\/09\/B-4-300x200.webp 300w, https:\/\/www.eldiario.net\/portal\/wp-content\/uploads\/2026\/09\/B-4-1024x683.webp 1024w, https:\/\/www.eldiario.net\/portal\/wp-content\/uploads\/2026\/09\/B-4-768x512.webp 768w, https:\/\/www.eldiario.net\/portal\/wp-content\/uploads\/2026\/09\/B-4-150x100.webp 150w, https:\/\/www.eldiario.net\/portal\/wp-content\/uploads\/2026\/09\/B-4-696x464.webp 696w, https:\/\/www.eldiario.net\/portal\/wp-content\/uploads\/2026\/09\/B-4-1068x712.webp 1068w, https:\/\/www.eldiario.net\/portal\/wp-content\/uploads\/2026\/09\/B-4.webp 1200w\" sizes=\"(max-width: 630px) 100vw, 630px\" alt=\"\">\r\n                            <\/a>\r\n                            <figcaption class = \"td-slide-caption td-gallery-slide-content\"><div class = \"td-gallery-slide-copywrite\">EL SEGUNDO LUGAR RECAY\u00d3 EN VIRGINIA AJPI, JHOSELIN QUISPE Y NAYELI CHOQUE, UMSA.<\/div><span>EL SEGUNDO LUGAR RECAY\u00d3 EN VIRGINIA AJPI, JHOSELIN QUISPE Y NAYELI CHOQUE, UMSA.<\/span><\/figcaption>\r\n                        <\/figure>\r\n                    <\/div>\r\n                    <div class = \"td-slide-item td-item5\">\r\n                        <figure class=\"td-slide-galery-figure td-slide-popup-gallery\">\r\n                            <a class=\"slide-gallery-image-link\" href=\"https:\/\/www.eldiario.net\/portal\/wp-content\/uploads\/2026\/09\/B-5.webp\" title=\"B-5\"  data-caption=\"GANADORES DEL PRIMER PREMIO PABLO DEL \nCASTILLO, CAMILIA VALDA Y JULI\u00c1N BARRERA, UPB LP.\"  data-description=\"GANADORES DEL PRIMER PREMIO PABLO DEL \nCASTILLO, CAMILIA VALDA Y JULI&Aacute;N BARRERA, UPB LP.\">\r\n                                <img decoding=\"async\" src=\"https:\/\/www.eldiario.net\/portal\/wp-content\/uploads\/2026\/09\/B-5-630x420.webp\" srcset=\"https:\/\/www.eldiario.net\/portal\/wp-content\/uploads\/2026\/09\/B-5-630x420.webp 630w, https:\/\/www.eldiario.net\/portal\/wp-content\/uploads\/2026\/09\/B-5-300x200.webp 300w, https:\/\/www.eldiario.net\/portal\/wp-content\/uploads\/2026\/09\/B-5-1024x683.webp 1024w, https:\/\/www.eldiario.net\/portal\/wp-content\/uploads\/2026\/09\/B-5-768x512.webp 768w, https:\/\/www.eldiario.net\/portal\/wp-content\/uploads\/2026\/09\/B-5-150x100.webp 150w, https:\/\/www.eldiario.net\/portal\/wp-content\/uploads\/2026\/09\/B-5-696x464.webp 696w, https:\/\/www.eldiario.net\/portal\/wp-content\/uploads\/2026\/09\/B-5-1068x712.webp 1068w, https:\/\/www.eldiario.net\/portal\/wp-content\/uploads\/2026\/09\/B-5.webp 1200w\" sizes=\"(max-width: 630px) 100vw, 630px\" alt=\"\">\r\n                            <\/a>\r\n                            <figcaption class = \"td-slide-caption td-gallery-slide-content\"><div class = \"td-gallery-slide-copywrite\">GANADORES DEL PRIMER PREMIO PABLO DEL \nCASTILLO, CAMILIA VALDA Y JULI\u00c1N BARRERA, UPB LP.<\/div><span>GANADORES DEL PRIMER PREMIO PABLO DEL \nCASTILLO, CAMILIA VALDA Y JULI\u00c1N BARRERA, UPB LP.<\/span><\/figcaption>\r\n                        <\/figure>\r\n                    <\/div>\r\n                    <div class = \"td-slide-item td-item6\">\r\n                        <figure class=\"td-slide-galery-figure td-slide-popup-gallery\">\r\n                            <a class=\"slide-gallery-image-link\" href=\"https:\/\/www.eldiario.net\/portal\/wp-content\/uploads\/2026\/09\/B-6.webp\" title=\"B-6\"  data-caption=\"LOS PARTICIPANTES DEMOSTRARON SU CAPACIDAD DE AN\u00c1LISIS Y TRABAJO EN EQUIPO EN LA BBV.\"  data-description=\"LOS PARTICIPANTES DEMOSTRARON SU CAPACIDAD DE AN&Aacute;LISIS Y TRABAJO EN EQUIPO EN LA BBV.\">\r\n                                <img decoding=\"async\" src=\"https:\/\/www.eldiario.net\/portal\/wp-content\/uploads\/2026\/09\/B-6-886x420.webp\" srcset=\"https:\/\/www.eldiario.net\/portal\/wp-content\/uploads\/2026\/09\/B-6-886x420.webp 886w, https:\/\/www.eldiario.net\/portal\/wp-content\/uploads\/2026\/09\/B-6-300x142.webp 300w, https:\/\/www.eldiario.net\/portal\/wp-content\/uploads\/2026\/09\/B-6-1024x486.webp 1024w, https:\/\/www.eldiario.net\/portal\/wp-content\/uploads\/2026\/09\/B-6-768x364.webp 768w, https:\/\/www.eldiario.net\/portal\/wp-content\/uploads\/2026\/09\/B-6-150x71.webp 150w, https:\/\/www.eldiario.net\/portal\/wp-content\/uploads\/2026\/09\/B-6-696x330.webp 696w, https:\/\/www.eldiario.net\/portal\/wp-content\/uploads\/2026\/09\/B-6-1068x506.webp 1068w, https:\/\/www.eldiario.net\/portal\/wp-content\/uploads\/2026\/09\/B-6.webp 1200w\" sizes=\"(max-width: 886px) 100vw, 886px\" alt=\"\">\r\n                            <\/a>\r\n                            <figcaption class = \"td-slide-caption td-gallery-slide-content\"><div class = \"td-gallery-slide-copywrite\">LOS PARTICIPANTES DEMOSTRARON SU CAPACIDAD DE AN\u00c1LISIS Y TRABAJO EN EQUIPO EN LA BBV.<\/div><span>LOS PARTICIPANTES DEMOSTRARON SU CAPACIDAD DE AN\u00c1LISIS Y TRABAJO EN EQUIPO EN LA BBV.<\/span><\/figcaption>\r\n                        <\/figure>\r\n                    <\/div>\r\n                            <\/div>\r\n                        <\/div>\r\n\r\n                        <div class = \"td-doubleSlider-2\">\r\n                            <div class = \"td-slider\">\r\n                                \r\n                    <div class = \"td-button td-item1\">\r\n                        <div class = \"td-border\"><\/div>\r\n                    <\/div>\r\n                    <div class = \"td-button td-item2\">\r\n                        <div class = \"td-border\"><\/div>\r\n                    <\/div>\r\n                    <div class = \"td-button td-item3\">\r\n                        <div class = \"td-border\"><\/div>\r\n                    <\/div>\r\n                    <div class = \"td-button td-item4\">\r\n                        <div class = \"td-border\"><\/div>\r\n                    <\/div>\r\n                    <div class = \"td-button td-item5\">\r\n                        <div class = \"td-border\"><\/div>\r\n                    <\/div>\r\n                    <div class = \"td-button td-item6\">\r\n                        <div class = \"td-border\"><\/div>\r\n                    <\/div>\r\n                            <\/div>\r\n                        <\/div>\r\n\r\n                    <\/div>\r\n\r\n                <\/div>\r\n                \n","protected":false},"excerpt":{"rendered":"<p>La Bolsa Boliviana de Valores (BBV) llev\u00f3 adelante la quinta edici\u00f3n del Juego de la Bolsa, iniciativa que busca acercar a los universitarios al mercado de valores a trav\u00e9s de una experiencia pr\u00e1ctica de aprendizaje, competencia y toma de decisiones. En esta versi\u00f3n, m\u00e1s de 50 equipos de todo el pa\u00eds compitieron inicialmente en un [&hellip;]<\/p>\n","protected":false},"author":1,"featured_media":426840,"comment_status":"closed","ping_status":"open","sticky":false,"template":"","format":"standard","meta":{"_acf_changed":false,"footnotes":""},"categories":[40],"tags":[],"class_list":["post-426839","post","type-post","status-publish","format-standard","has-post-thumbnail","category-sociales"],"acf":{"antetitulo":""},"yoast_head":"<!-- This site is optimized with the Yoast SEO plugin v28.3 - https:\/\/yoast.com\/product\/yoast-seo-wordpress\/ -->\n<title>BBV premia el talento universitario en la quinta edici\u00f3n del Juego de la Bolsa - El Diario - Bolivia<\/title>\n<meta name=\"robots\" content=\"index, follow, max-snippet:-1, max-image-preview:large, max-video-preview:-1\" \/>\n<link rel=\"canonical\" href=\"https:\/\/www.eldiario.net\/portal\/2026\/09\/02\/bbv-premia-el-talento-universitario-en-la-quinta-edicion-del-juego-de-la-bolsa\/\" \/>\n<meta property=\"og:locale\" content=\"es_ES\" \/>\n<meta property=\"og:type\" content=\"article\" \/>\n<meta property=\"og:title\" content=\"BBV premia el talento universitario en la quinta edici\u00f3n del Juego de la Bolsa - El Diario - Bolivia\" \/>\n<meta property=\"og:description\" content=\"La Bolsa Boliviana de Valores (BBV) llev\u00f3 adelante la quinta edici\u00f3n del Juego de la Bolsa, iniciativa que busca acercar a los universitarios al mercado de valores a trav\u00e9s de una experiencia pr\u00e1ctica de aprendizaje, competencia y toma de decisiones. En esta versi\u00f3n, m\u00e1s de 50 equipos de todo el pa\u00eds compitieron inicialmente en un [&hellip;]\" \/>\n<meta property=\"og:url\" content=\"https:\/\/www.eldiario.net\/portal\/2026\/09\/02\/bbv-premia-el-talento-universitario-en-la-quinta-edicion-del-juego-de-la-bolsa\/\" \/>\n<meta property=\"og:site_name\" content=\"El Diario - Bolivia\" \/>\n<meta property=\"article:publisher\" content=\"https:\/\/www.facebook.com\/eldiario.bolivia\/\" \/>\n<meta property=\"article:published_time\" content=\"2026-09-02T04:39:18+00:00\" \/>\n<meta property=\"og:image\" content=\"https:\/\/www.eldiario.net\/portal\/wp-content\/uploads\/2026\/09\/B-1.webp\" \/>\n\t<meta property=\"og:image:width\" content=\"1200\" \/>\n\t<meta property=\"og:image:height\" content=\"511\" \/>\n\t<meta property=\"og:image:type\" content=\"image\/webp\" \/>\n<meta name=\"author\" content=\"Jeanette\" \/>\n<meta name=\"twitter:card\" content=\"summary_large_image\" \/>\n<meta name=\"twitter:creator\" content=\"@eldiario_net\" \/>\n<meta name=\"twitter:site\" content=\"@eldiario_net\" \/>\n<meta name=\"twitter:label1\" content=\"Escrito por\" \/>\n\t<meta name=\"twitter:data1\" content=\"Jeanette\" \/>\n\t<meta name=\"twitter:label2\" content=\"Tiempo de lectura\" \/>\n\t<meta name=\"twitter:data2\" content=\"2 minutos\" \/>\n<script type=\"application\/ld+json\" class=\"yoast-schema-graph\">{\"@context\":\"https:\\\/\\\/schema.org\",\"@graph\":[{\"@type\":\"Article\",\"@id\":\"https:\\\/\\\/www.eldiario.net\\\/portal\\\/2026\\\/09\\\/02\\\/bbv-premia-el-talento-universitario-en-la-quinta-edicion-del-juego-de-la-bolsa\\\/#article\",\"isPartOf\":{\"@id\":\"https:\\\/\\\/www.eldiario.net\\\/portal\\\/2026\\\/09\\\/02\\\/bbv-premia-el-talento-universitario-en-la-quinta-edicion-del-juego-de-la-bolsa\\\/\"},\"author\":{\"name\":\"Jeanette\",\"@id\":\"https:\\\/\\\/www.eldiario.net\\\/portal\\\/#\\\/schema\\\/person\\\/f46445640444750d7d753ccd04ae01b7\"},\"headline\":\"BBV premia el talento universitario en la quinta edici\u00f3n del Juego de la Bolsa\",\"datePublished\":\"2026-09-02T04:39:18+00:00\",\"mainEntityOfPage\":{\"@id\":\"https:\\\/\\\/www.eldiario.net\\\/portal\\\/2026\\\/09\\\/02\\\/bbv-premia-el-talento-universitario-en-la-quinta-edicion-del-juego-de-la-bolsa\\\/\"},\"wordCount\":225,\"publisher\":{\"@id\":\"https:\\\/\\\/www.eldiario.net\\\/portal\\\/#organization\"},\"image\":{\"@id\":\"https:\\\/\\\/www.eldiario.net\\\/portal\\\/2026\\\/09\\\/02\\\/bbv-premia-el-talento-universitario-en-la-quinta-edicion-del-juego-de-la-bolsa\\\/#primaryimage\"},\"thumbnailUrl\":\"https:\\\/\\\/www.eldiario.net\\\/portal\\\/wp-content\\\/uploads\\\/2026\\\/09\\\/B-1.webp\",\"articleSection\":[\"Sociales\"],\"inLanguage\":\"es\"},{\"@type\":\"WebPage\",\"@id\":\"https:\\\/\\\/www.eldiario.net\\\/portal\\\/2026\\\/09\\\/02\\\/bbv-premia-el-talento-universitario-en-la-quinta-edicion-del-juego-de-la-bolsa\\\/\",\"url\":\"https:\\\/\\\/www.eldiario.net\\\/portal\\\/2026\\\/09\\\/02\\\/bbv-premia-el-talento-universitario-en-la-quinta-edicion-del-juego-de-la-bolsa\\\/\",\"name\":\"BBV premia el talento universitario en la quinta edici\u00f3n del Juego de la Bolsa - El Diario - Bolivia\",\"isPartOf\":{\"@id\":\"https:\\\/\\\/www.eldiario.net\\\/portal\\\/#website\"},\"primaryImageOfPage\":{\"@id\":\"https:\\\/\\\/www.eldiario.net\\\/portal\\\/2026\\\/09\\\/02\\\/bbv-premia-el-talento-universitario-en-la-quinta-edicion-del-juego-de-la-bolsa\\\/#primaryimage\"},\"image\":{\"@id\":\"https:\\\/\\\/www.eldiario.net\\\/portal\\\/2026\\\/09\\\/02\\\/bbv-premia-el-talento-universitario-en-la-quinta-edicion-del-juego-de-la-bolsa\\\/#primaryimage\"},\"thumbnailUrl\":\"https:\\\/\\\/www.eldiario.net\\\/portal\\\/wp-content\\\/uploads\\\/2026\\\/09\\\/B-1.webp\",\"datePublished\":\"2026-09-02T04:39:18+00:00\",\"breadcrumb\":{\"@id\":\"https:\\\/\\\/www.eldiario.net\\\/portal\\\/2026\\\/09\\\/02\\\/bbv-premia-el-talento-universitario-en-la-quinta-edicion-del-juego-de-la-bolsa\\\/#breadcrumb\"},\"inLanguage\":\"es\",\"potentialAction\":[{\"@type\":\"ReadAction\",\"target\":[\"https:\\\/\\\/www.eldiario.net\\\/portal\\\/2026\\\/09\\\/02\\\/bbv-premia-el-talento-universitario-en-la-quinta-edicion-del-juego-de-la-bolsa\\\/\"]}]},{\"@type\":\"ImageObject\",\"inLanguage\":\"es\",\"@id\":\"https:\\\/\\\/www.eldiario.net\\\/portal\\\/2026\\\/09\\\/02\\\/bbv-premia-el-talento-universitario-en-la-quinta-edicion-del-juego-de-la-bolsa\\\/#primaryimage\",\"url\":\"https:\\\/\\\/www.eldiario.net\\\/portal\\\/wp-content\\\/uploads\\\/2026\\\/09\\\/B-1.webp\",\"contentUrl\":\"https:\\\/\\\/www.eldiario.net\\\/portal\\\/wp-content\\\/uploads\\\/2026\\\/09\\\/B-1.webp\",\"width\":1200,\"height\":511,\"caption\":\"UNIVERSITARIOS DISPUTARON LA FASE FINAL DEL CERTAMEN ORGANIZADO POR LA BOLSA BOLIVIANA DE VALORES.\"},{\"@type\":\"BreadcrumbList\",\"@id\":\"https:\\\/\\\/www.eldiario.net\\\/portal\\\/2026\\\/09\\\/02\\\/bbv-premia-el-talento-universitario-en-la-quinta-edicion-del-juego-de-la-bolsa\\\/#breadcrumb\",\"itemListElement\":[{\"@type\":\"ListItem\",\"position\":1,\"name\":\"Portada\",\"item\":\"https:\\\/\\\/www.eldiario.net\\\/portal\\\/\"},{\"@type\":\"ListItem\",\"position\":2,\"name\":\"BBV premia el talento universitario en la quinta edici\u00f3n del Juego de la Bolsa\"}]},{\"@type\":\"WebSite\",\"@id\":\"https:\\\/\\\/www.eldiario.net\\\/portal\\\/#website\",\"url\":\"https:\\\/\\\/www.eldiario.net\\\/portal\\\/\",\"name\":\"El Diario - Decano de la prensa nacional\",\"description\":\"El Diario - Decano de la prensa nacional\",\"publisher\":{\"@id\":\"https:\\\/\\\/www.eldiario.net\\\/portal\\\/#organization\"},\"potentialAction\":[{\"@type\":\"SearchAction\",\"target\":{\"@type\":\"EntryPoint\",\"urlTemplate\":\"https:\\\/\\\/www.eldiario.net\\\/portal\\\/?s={search_term_string}\"},\"query-input\":{\"@type\":\"PropertyValueSpecification\",\"valueRequired\":true,\"valueName\":\"search_term_string\"}}],\"inLanguage\":\"es\"},{\"@type\":\"Organization\",\"@id\":\"https:\\\/\\\/www.eldiario.net\\\/portal\\\/#organization\",\"name\":\"El Diario - Decano de la prensa nacional\",\"url\":\"https:\\\/\\\/www.eldiario.net\\\/portal\\\/\",\"logo\":{\"@type\":\"ImageObject\",\"inLanguage\":\"es\",\"@id\":\"https:\\\/\\\/www.eldiario.net\\\/portal\\\/#\\\/schema\\\/logo\\\/image\\\/\",\"url\":\"https:\\\/\\\/www.eldiario.net\\\/portal\\\/wp-content\\\/uploads\\\/2023\\\/07\\\/logo_ED.jpg\",\"contentUrl\":\"https:\\\/\\\/www.eldiario.net\\\/portal\\\/wp-content\\\/uploads\\\/2023\\\/07\\\/logo_ED.jpg\",\"width\":272,\"height\":52,\"caption\":\"El Diario - Decano de la prensa nacional\"},\"image\":{\"@id\":\"https:\\\/\\\/www.eldiario.net\\\/portal\\\/#\\\/schema\\\/logo\\\/image\\\/\"},\"sameAs\":[\"https:\\\/\\\/www.facebook.com\\\/eldiario.bolivia\\\/\",\"https:\\\/\\\/x.com\\\/eldiario_net\"]},{\"@type\":\"Person\",\"@id\":\"https:\\\/\\\/www.eldiario.net\\\/portal\\\/#\\\/schema\\\/person\\\/f46445640444750d7d753ccd04ae01b7\",\"name\":\"Jeanette\",\"image\":{\"@type\":\"ImageObject\",\"inLanguage\":\"es\",\"@id\":\"https:\\\/\\\/secure.gravatar.com\\\/avatar\\\/3ea2118a5f7dad2b7138b1187a6b7ee55f160b9968b66013c3a3ef39dd7e5798?s=96&d=mm&r=g\",\"url\":\"https:\\\/\\\/secure.gravatar.com\\\/avatar\\\/3ea2118a5f7dad2b7138b1187a6b7ee55f160b9968b66013c3a3ef39dd7e5798?s=96&d=mm&r=g\",\"contentUrl\":\"https:\\\/\\\/secure.gravatar.com\\\/avatar\\\/3ea2118a5f7dad2b7138b1187a6b7ee55f160b9968b66013c3a3ef39dd7e5798?s=96&d=mm&r=g\",\"caption\":\"Jeanette\"},\"sameAs\":[\"https:\\\/\\\/www.eldiario.net\\\/portal\"],\"url\":\"https:\\\/\\\/www.eldiario.net\\\/portal\\\/author\\\/jeanette\\\/\"}]}<\/script>\n<!-- \/ Yoast SEO plugin. -->","yoast_head_json":{"title":"BBV premia el talento universitario en la quinta edici\u00f3n del Juego de la Bolsa - El Diario - Bolivia","robots":{"index":"index","follow":"follow","max-snippet":"max-snippet:-1","max-image-preview":"max-image-preview:large","max-video-preview":"max-video-preview:-1"},"canonical":"https:\/\/www.eldiario.net\/portal\/2026\/09\/02\/bbv-premia-el-talento-universitario-en-la-quinta-edicion-del-juego-de-la-bolsa\/","og_locale":"es_ES","og_type":"article","og_title":"BBV premia el talento universitario en la quinta edici\u00f3n del Juego de la Bolsa - El Diario - Bolivia","og_description":"La Bolsa Boliviana de Valores (BBV) llev\u00f3 adelante la quinta edici\u00f3n del Juego de la Bolsa, iniciativa que busca acercar a los universitarios al mercado de valores a trav\u00e9s de una experiencia pr\u00e1ctica de aprendizaje, competencia y toma de decisiones. En esta versi\u00f3n, m\u00e1s de 50 equipos de todo el pa\u00eds compitieron inicialmente en un [&hellip;]","og_url":"https:\/\/www.eldiario.net\/portal\/2026\/09\/02\/bbv-premia-el-talento-universitario-en-la-quinta-edicion-del-juego-de-la-bolsa\/","og_site_name":"El Diario - Bolivia","article_publisher":"https:\/\/www.facebook.com\/eldiario.bolivia\/","article_published_time":"2026-09-02T04:39:18+00:00","og_image":[{"width":1200,"height":511,"url":"https:\/\/www.eldiario.net\/portal\/wp-content\/uploads\/2026\/09\/B-1.webp","type":"image\/webp"}],"author":"Jeanette","twitter_card":"summary_large_image","twitter_creator":"@eldiario_net","twitter_site":"@eldiario_net","twitter_misc":{"Escrito por":"Jeanette","Tiempo de lectura":"2 minutos"},"schema":{"@context":"https:\/\/schema.org","@graph":[{"@type":"Article","@id":"https:\/\/www.eldiario.net\/portal\/2026\/09\/02\/bbv-premia-el-talento-universitario-en-la-quinta-edicion-del-juego-de-la-bolsa\/#article","isPartOf":{"@id":"https:\/\/www.eldiario.net\/portal\/2026\/09\/02\/bbv-premia-el-talento-universitario-en-la-quinta-edicion-del-juego-de-la-bolsa\/"},"author":{"name":"Jeanette","@id":"https:\/\/www.eldiario.net\/portal\/#\/schema\/person\/f46445640444750d7d753ccd04ae01b7"},"headline":"BBV premia el talento universitario en la quinta edici\u00f3n del Juego de la Bolsa","datePublished":"2026-09-02T04:39:18+00:00","mainEntityOfPage":{"@id":"https:\/\/www.eldiario.net\/portal\/2026\/09\/02\/bbv-premia-el-talento-universitario-en-la-quinta-edicion-del-juego-de-la-bolsa\/"},"wordCount":225,"publisher":{"@id":"https:\/\/www.eldiario.net\/portal\/#organization"},"image":{"@id":"https:\/\/www.eldiario.net\/portal\/2026\/09\/02\/bbv-premia-el-talento-universitario-en-la-quinta-edicion-del-juego-de-la-bolsa\/#primaryimage"},"thumbnailUrl":"https:\/\/www.eldiario.net\/portal\/wp-content\/uploads\/2026\/09\/B-1.webp","articleSection":["Sociales"],"inLanguage":"es"},{"@type":"WebPage","@id":"https:\/\/www.eldiario.net\/portal\/2026\/09\/02\/bbv-premia-el-talento-universitario-en-la-quinta-edicion-del-juego-de-la-bolsa\/","url":"https:\/\/www.eldiario.net\/portal\/2026\/09\/02\/bbv-premia-el-talento-universitario-en-la-quinta-edicion-del-juego-de-la-bolsa\/","name":"BBV premia el talento universitario en la quinta edici\u00f3n del Juego de la Bolsa - El Diario - Bolivia","isPartOf":{"@id":"https:\/\/www.eldiario.net\/portal\/#website"},"primaryImageOfPage":{"@id":"https:\/\/www.eldiario.net\/portal\/2026\/09\/02\/bbv-premia-el-talento-universitario-en-la-quinta-edicion-del-juego-de-la-bolsa\/#primaryimage"},"image":{"@id":"https:\/\/www.eldiario.net\/portal\/2026\/09\/02\/bbv-premia-el-talento-universitario-en-la-quinta-edicion-del-juego-de-la-bolsa\/#primaryimage"},"thumbnailUrl":"https:\/\/www.eldiario.net\/portal\/wp-content\/uploads\/2026\/09\/B-1.webp","datePublished":"2026-09-02T04:39:18+00:00","breadcrumb":{"@id":"https:\/\/www.eldiario.net\/portal\/2026\/09\/02\/bbv-premia-el-talento-universitario-en-la-quinta-edicion-del-juego-de-la-bolsa\/#breadcrumb"},"inLanguage":"es","potentialAction":[{"@type":"ReadAction","target":["https:\/\/www.eldiario.net\/portal\/2026\/09\/02\/bbv-premia-el-talento-universitario-en-la-quinta-edicion-del-juego-de-la-bolsa\/"]}]},{"@type":"ImageObject","inLanguage":"es","@id":"https:\/\/www.eldiario.net\/portal\/2026\/09\/02\/bbv-premia-el-talento-universitario-en-la-quinta-edicion-del-juego-de-la-bolsa\/#primaryimage","url":"https:\/\/www.eldiario.net\/portal\/wp-content\/uploads\/2026\/09\/B-1.webp","contentUrl":"https:\/\/www.eldiario.net\/portal\/wp-content\/uploads\/2026\/09\/B-1.webp","width":1200,"height":511,"caption":"UNIVERSITARIOS DISPUTARON LA FASE FINAL DEL CERTAMEN ORGANIZADO POR LA BOLSA BOLIVIANA DE VALORES."},{"@type":"BreadcrumbList","@id":"https:\/\/www.eldiario.net\/portal\/2026\/09\/02\/bbv-premia-el-talento-universitario-en-la-quinta-edicion-del-juego-de-la-bolsa\/#breadcrumb","itemListElement":[{"@type":"ListItem","position":1,"name":"Portada","item":"https:\/\/www.eldiario.net\/portal\/"},{"@type":"ListItem","position":2,"name":"BBV premia el talento universitario en la quinta edici\u00f3n del Juego de la Bolsa"}]},{"@type":"WebSite","@id":"https:\/\/www.eldiario.net\/portal\/#website","url":"https:\/\/www.eldiario.net\/portal\/","name":"El Diario - Decano de la prensa nacional","description":"El Diario - Decano de la prensa nacional","publisher":{"@id":"https:\/\/www.eldiario.net\/portal\/#organization"},"potentialAction":[{"@type":"SearchAction","target":{"@type":"EntryPoint","urlTemplate":"https:\/\/www.eldiario.net\/portal\/?s={search_term_string}"},"query-input":{"@type":"PropertyValueSpecification","valueRequired":true,"valueName":"search_term_string"}}],"inLanguage":"es"},{"@type":"Organization","@id":"https:\/\/www.eldiario.net\/portal\/#organization","name":"El Diario - Decano de la prensa nacional","url":"https:\/\/www.eldiario.net\/portal\/","logo":{"@type":"ImageObject","inLanguage":"es","@id":"https:\/\/www.eldiario.net\/portal\/#\/schema\/logo\/image\/","url":"https:\/\/www.eldiario.net\/portal\/wp-content\/uploads\/2023\/07\/logo_ED.jpg","contentUrl":"https:\/\/www.eldiario.net\/portal\/wp-content\/uploads\/2023\/07\/logo_ED.jpg","width":272,"height":52,"caption":"El Diario - Decano de la prensa nacional"},"image":{"@id":"https:\/\/www.eldiario.net\/portal\/#\/schema\/logo\/image\/"},"sameAs":["https:\/\/www.facebook.com\/eldiario.bolivia\/","https:\/\/x.com\/eldiario_net"]},{"@type":"Person","@id":"https:\/\/www.eldiario.net\/portal\/#\/schema\/person\/f46445640444750d7d753ccd04ae01b7","name":"Jeanette","image":{"@type":"ImageObject","inLanguage":"es","@id":"https:\/\/secure.gravatar.com\/avatar\/3ea2118a5f7dad2b7138b1187a6b7ee55f160b9968b66013c3a3ef39dd7e5798?s=96&d=mm&r=g","url":"https:\/\/secure.gravatar.com\/avatar\/3ea2118a5f7dad2b7138b1187a6b7ee55f160b9968b66013c3a3ef39dd7e5798?s=96&d=mm&r=g","contentUrl":"https:\/\/secure.gravatar.com\/avatar\/3ea2118a5f7dad2b7138b1187a6b7ee55f160b9968b66013c3a3ef39dd7e5798?s=96&d=mm&r=g","caption":"Jeanette"},"sameAs":["https:\/\/www.eldiario.net\/portal"],"url":"https:\/\/www.eldiario.net\/portal\/author\/jeanette\/"}]}},"_links":{"self":[{"href":"https:\/\/www.eldiario.net\/portal\/wp-json\/wp\/v2\/posts\/426839","targetHints":{"allow":["GET"]}}],"collection":[{"href":"https:\/\/www.eldiario.net\/portal\/wp-json\/wp\/v2\/posts"}],"about":[{"href":"https:\/\/www.eldiario.net\/portal\/wp-json\/wp\/v2\/types\/post"}],"author":[{"embeddable":true,"href":"https:\/\/www.eldiario.net\/portal\/wp-json\/wp\/v2\/users\/1"}],"replies":[{"embeddable":true,"href":"https:\/\/www.eldiario.net\/portal\/wp-json\/wp\/v2\/comments?post=426839"}],"version-history":[{"count":1,"href":"https:\/\/www.eldiario.net\/portal\/wp-json\/wp\/v2\/posts\/426839\/revisions"}],"predecessor-version":[{"id":426846,"href":"https:\/\/www.eldiario.net\/portal\/wp-json\/wp\/v2\/posts\/426839\/revisions\/426846"}],"wp:featuredmedia":[{"embeddable":true,"href":"https:\/\/www.eldiario.net\/portal\/wp-json\/wp\/v2\/media\/426840"}],"wp:attachment":[{"href":"https:\/\/www.eldiario.net\/portal\/wp-json\/wp\/v2\/media?parent=426839"}],"wp:term":[{"taxonomy":"category","embeddable":true,"href":"https:\/\/www.eldiario.net\/portal\/wp-json\/wp\/v2\/categories?post=426839"},{"taxonomy":"post_tag","embeddable":true,"href":"https:\/\/www.eldiario.net\/portal\/wp-json\/wp\/v2\/tags?post=426839"}],"curies":[{"name":"wp","href":"https:\/\/api.w.org\/{rel}","templated":true}]}}