{"id":426836,"date":"2026-09-01T19:26:32","date_gmt":"2026-09-01T23:26:32","guid":{"rendered":"https:\/\/www.eldiario.net\/portal\/?p=426836"},"modified":"2026-09-01T19:26:32","modified_gmt":"2026-09-01T23:26:32","slug":"zelenski-advierte-riesgos-para-la-aviacion-en-territorio-ruso-1926","status":"publish","type":"post","link":"https:\/\/www.eldiario.net\/portal\/2026\/09\/01\/zelenski-advierte-riesgos-para-la-aviacion-en-territorio-ruso-1926\/","title":{"rendered":"Zelenski advierte riesgos para la aviaci\u00f3n en territorio ruso (19:26)"},"content":{"rendered":"<p>El presidente ucraniano, Volod\u00edmir Zelenski, lanz\u00f3 una advertencia a las aerol\u00edneas y aseguradoras que operan en el espacio a\u00e9reo de Rusia, se\u00f1alando que los vuelos hacia aeropuertos de ese pa\u00eds han dejado de ser seguros debido al incremento de ataques con drones de largo alcance.<\/p>\n<p>La declaraci\u00f3n ocurre en un contexto de intensificaci\u00f3n de ofensivas con aeronaves no tripuladas dirigidas a infraestructura civil y log\u00edstica aeroportuaria rusa.<\/p>\n<p>Por su parte, el mandatario ruso, Vlad\u00edmir Putin, calific\u00f3 la amenaza contra la aviaci\u00f3n civil como una declaraci\u00f3n de terrorismo de Estado que invalida cualquier intento de di\u00e1logo de paz entre ambas naciones.<\/p>\n<p>Desde la cumbre de la Organizaci\u00f3n de Cooperaci\u00f3n de Shangh\u00e1i en Kirguist\u00e1n, las autoridades de Mosc\u00fa reiteraron que responder\u00e1n a las incursiones a\u00e9reas manteniendo sus operaciones militares en territorio ucraniano.(Agencias)<\/p>\n<p>&nbsp;<\/p>\n","protected":false},"excerpt":{"rendered":"<p>El presidente ucraniano, Volod\u00edmir Zelenski, lanz\u00f3 una advertencia a las aerol\u00edneas y aseguradoras que operan en el espacio a\u00e9reo de Rusia, se\u00f1alando que los vuelos hacia aeropuertos de ese pa\u00eds han dejado de ser seguros debido al incremento de ataques con drones de largo alcance. La declaraci\u00f3n ocurre en un contexto de intensificaci\u00f3n de ofensivas [&hellip;]<\/p>\n","protected":false},"author":7,"featured_media":426837,"comment_status":"closed","ping_status":"open","sticky":false,"template":"","format":"standard","meta":{"_acf_changed":false,"footnotes":""},"categories":[51],"tags":[],"class_list":["post-426836","post","type-post","status-publish","format-standard","has-post-thumbnail","category-ultima-hora"],"acf":{"antetitulo":""},"yoast_head":"<!-- This site is optimized with the Yoast SEO plugin v28.3 - https:\/\/yoast.com\/product\/yoast-seo-wordpress\/ -->\n<title>Zelenski advierte riesgos para la aviaci\u00f3n en territorio ruso (19:26) - El Diario - Bolivia<\/title>\n<meta name=\"robots\" content=\"index, follow, max-snippet:-1, max-image-preview:large, max-video-preview:-1\" \/>\n<link rel=\"canonical\" href=\"https:\/\/www.eldiario.net\/portal\/2026\/09\/01\/zelenski-advierte-riesgos-para-la-aviacion-en-territorio-ruso-1926\/\" \/>\n<meta property=\"og:locale\" content=\"es_ES\" \/>\n<meta property=\"og:type\" content=\"article\" \/>\n<meta property=\"og:title\" content=\"Zelenski advierte riesgos para la aviaci\u00f3n en territorio ruso (19:26) - El Diario - Bolivia\" \/>\n<meta property=\"og:description\" content=\"El presidente ucraniano, Volod\u00edmir Zelenski, lanz\u00f3 una advertencia a las aerol\u00edneas y aseguradoras que operan en el espacio a\u00e9reo de Rusia, se\u00f1alando que los vuelos hacia aeropuertos de ese pa\u00eds han dejado de ser seguros debido al incremento de ataques con drones de largo alcance. La declaraci\u00f3n ocurre en un contexto de intensificaci\u00f3n de ofensivas [&hellip;]\" \/>\n<meta property=\"og:url\" content=\"https:\/\/www.eldiario.net\/portal\/2026\/09\/01\/zelenski-advierte-riesgos-para-la-aviacion-en-territorio-ruso-1926\/\" \/>\n<meta property=\"og:site_name\" content=\"El Diario - Bolivia\" \/>\n<meta property=\"article:publisher\" content=\"https:\/\/www.facebook.com\/eldiario.bolivia\/\" \/>\n<meta property=\"article:published_time\" content=\"2026-09-01T23:26:32+00:00\" \/>\n<meta property=\"og:image\" content=\"https:\/\/www.eldiario.net\/portal\/wp-content\/uploads\/2026\/09\/zelesky-21.07.26-copia.webp\" \/>\n\t<meta property=\"og:image:width\" content=\"550\" \/>\n\t<meta property=\"og:image:height\" content=\"391\" \/>\n\t<meta property=\"og:image:type\" content=\"image\/webp\" \/>\n<meta name=\"author\" content=\"Viviana Monrroy\" \/>\n<meta name=\"twitter:card\" content=\"summary_large_image\" \/>\n<meta name=\"twitter:creator\" content=\"@eldiario_net\" \/>\n<meta name=\"twitter:site\" content=\"@eldiario_net\" \/>\n<meta name=\"twitter:label1\" content=\"Escrito por\" \/>\n\t<meta name=\"twitter:data1\" content=\"Viviana Monrroy\" \/>\n\t<meta name=\"twitter:label2\" content=\"Tiempo de lectura\" \/>\n\t<meta name=\"twitter:data2\" content=\"1 minuto\" \/>\n<script type=\"application\/ld+json\" class=\"yoast-schema-graph\">{\"@context\":\"https:\\\/\\\/schema.org\",\"@graph\":[{\"@type\":\"Article\",\"@id\":\"https:\\\/\\\/www.eldiario.net\\\/portal\\\/2026\\\/09\\\/01\\\/zelenski-advierte-riesgos-para-la-aviacion-en-territorio-ruso-1926\\\/#article\",\"isPartOf\":{\"@id\":\"https:\\\/\\\/www.eldiario.net\\\/portal\\\/2026\\\/09\\\/01\\\/zelenski-advierte-riesgos-para-la-aviacion-en-territorio-ruso-1926\\\/\"},\"author\":{\"name\":\"Viviana Monrroy\",\"@id\":\"https:\\\/\\\/www.eldiario.net\\\/portal\\\/#\\\/schema\\\/person\\\/ba370d92d160f4d3574381f6d9b78fab\"},\"headline\":\"Zelenski advierte riesgos para la aviaci\u00f3n en territorio ruso (19:26)\",\"datePublished\":\"2026-09-01T23:26:32+00:00\",\"mainEntityOfPage\":{\"@id\":\"https:\\\/\\\/www.eldiario.net\\\/portal\\\/2026\\\/09\\\/01\\\/zelenski-advierte-riesgos-para-la-aviacion-en-territorio-ruso-1926\\\/\"},\"wordCount\":160,\"publisher\":{\"@id\":\"https:\\\/\\\/www.eldiario.net\\\/portal\\\/#organization\"},\"image\":{\"@id\":\"https:\\\/\\\/www.eldiario.net\\\/portal\\\/2026\\\/09\\\/01\\\/zelenski-advierte-riesgos-para-la-aviacion-en-territorio-ruso-1926\\\/#primaryimage\"},\"thumbnailUrl\":\"https:\\\/\\\/www.eldiario.net\\\/portal\\\/wp-content\\\/uploads\\\/2026\\\/09\\\/zelesky-21.07.26-copia.webp\",\"articleSection\":[\"\u00daltima Hora\"],\"inLanguage\":\"es\"},{\"@type\":\"WebPage\",\"@id\":\"https:\\\/\\\/www.eldiario.net\\\/portal\\\/2026\\\/09\\\/01\\\/zelenski-advierte-riesgos-para-la-aviacion-en-territorio-ruso-1926\\\/\",\"url\":\"https:\\\/\\\/www.eldiario.net\\\/portal\\\/2026\\\/09\\\/01\\\/zelenski-advierte-riesgos-para-la-aviacion-en-territorio-ruso-1926\\\/\",\"name\":\"Zelenski advierte riesgos para la aviaci\u00f3n en territorio ruso (19:26) - El Diario - Bolivia\",\"isPartOf\":{\"@id\":\"https:\\\/\\\/www.eldiario.net\\\/portal\\\/#website\"},\"primaryImageOfPage\":{\"@id\":\"https:\\\/\\\/www.eldiario.net\\\/portal\\\/2026\\\/09\\\/01\\\/zelenski-advierte-riesgos-para-la-aviacion-en-territorio-ruso-1926\\\/#primaryimage\"},\"image\":{\"@id\":\"https:\\\/\\\/www.eldiario.net\\\/portal\\\/2026\\\/09\\\/01\\\/zelenski-advierte-riesgos-para-la-aviacion-en-territorio-ruso-1926\\\/#primaryimage\"},\"thumbnailUrl\":\"https:\\\/\\\/www.eldiario.net\\\/portal\\\/wp-content\\\/uploads\\\/2026\\\/09\\\/zelesky-21.07.26-copia.webp\",\"datePublished\":\"2026-09-01T23:26:32+00:00\",\"breadcrumb\":{\"@id\":\"https:\\\/\\\/www.eldiario.net\\\/portal\\\/2026\\\/09\\\/01\\\/zelenski-advierte-riesgos-para-la-aviacion-en-territorio-ruso-1926\\\/#breadcrumb\"},\"inLanguage\":\"es\",\"potentialAction\":[{\"@type\":\"ReadAction\",\"target\":[\"https:\\\/\\\/www.eldiario.net\\\/portal\\\/2026\\\/09\\\/01\\\/zelenski-advierte-riesgos-para-la-aviacion-en-territorio-ruso-1926\\\/\"]}]},{\"@type\":\"ImageObject\",\"inLanguage\":\"es\",\"@id\":\"https:\\\/\\\/www.eldiario.net\\\/portal\\\/2026\\\/09\\\/01\\\/zelenski-advierte-riesgos-para-la-aviacion-en-territorio-ruso-1926\\\/#primaryimage\",\"url\":\"https:\\\/\\\/www.eldiario.net\\\/portal\\\/wp-content\\\/uploads\\\/2026\\\/09\\\/zelesky-21.07.26-copia.webp\",\"contentUrl\":\"https:\\\/\\\/www.eldiario.net\\\/portal\\\/wp-content\\\/uploads\\\/2026\\\/09\\\/zelesky-21.07.26-copia.webp\",\"width\":550,\"height\":391,\"caption\":\"Volod\u00edmir Zelenski, presidente ucraniano\"},{\"@type\":\"BreadcrumbList\",\"@id\":\"https:\\\/\\\/www.eldiario.net\\\/portal\\\/2026\\\/09\\\/01\\\/zelenski-advierte-riesgos-para-la-aviacion-en-territorio-ruso-1926\\\/#breadcrumb\",\"itemListElement\":[{\"@type\":\"ListItem\",\"position\":1,\"name\":\"Portada\",\"item\":\"https:\\\/\\\/www.eldiario.net\\\/portal\\\/\"},{\"@type\":\"ListItem\",\"position\":2,\"name\":\"Zelenski advierte riesgos para la aviaci\u00f3n en territorio ruso (19:26)\"}]},{\"@type\":\"WebSite\",\"@id\":\"https:\\\/\\\/www.eldiario.net\\\/portal\\\/#website\",\"url\":\"https:\\\/\\\/www.eldiario.net\\\/portal\\\/\",\"name\":\"El Diario - Decano de la prensa nacional\",\"description\":\"El Diario - Decano de la prensa nacional\",\"publisher\":{\"@id\":\"https:\\\/\\\/www.eldiario.net\\\/portal\\\/#organization\"},\"potentialAction\":[{\"@type\":\"SearchAction\",\"target\":{\"@type\":\"EntryPoint\",\"urlTemplate\":\"https:\\\/\\\/www.eldiario.net\\\/portal\\\/?s={search_term_string}\"},\"query-input\":{\"@type\":\"PropertyValueSpecification\",\"valueRequired\":true,\"valueName\":\"search_term_string\"}}],\"inLanguage\":\"es\"},{\"@type\":\"Organization\",\"@id\":\"https:\\\/\\\/www.eldiario.net\\\/portal\\\/#organization\",\"name\":\"El Diario - Decano de la prensa nacional\",\"url\":\"https:\\\/\\\/www.eldiario.net\\\/portal\\\/\",\"logo\":{\"@type\":\"ImageObject\",\"inLanguage\":\"es\",\"@id\":\"https:\\\/\\\/www.eldiario.net\\\/portal\\\/#\\\/schema\\\/logo\\\/image\\\/\",\"url\":\"https:\\\/\\\/www.eldiario.net\\\/portal\\\/wp-content\\\/uploads\\\/2023\\\/07\\\/logo_ED.jpg\",\"contentUrl\":\"https:\\\/\\\/www.eldiario.net\\\/portal\\\/wp-content\\\/uploads\\\/2023\\\/07\\\/logo_ED.jpg\",\"width\":272,\"height\":52,\"caption\":\"El Diario - Decano de la prensa nacional\"},\"image\":{\"@id\":\"https:\\\/\\\/www.eldiario.net\\\/portal\\\/#\\\/schema\\\/logo\\\/image\\\/\"},\"sameAs\":[\"https:\\\/\\\/www.facebook.com\\\/eldiario.bolivia\\\/\",\"https:\\\/\\\/x.com\\\/eldiario_net\"]},{\"@type\":\"Person\",\"@id\":\"https:\\\/\\\/www.eldiario.net\\\/portal\\\/#\\\/schema\\\/person\\\/ba370d92d160f4d3574381f6d9b78fab\",\"name\":\"Viviana Monrroy\",\"image\":{\"@type\":\"ImageObject\",\"inLanguage\":\"es\",\"@id\":\"https:\\\/\\\/secure.gravatar.com\\\/avatar\\\/dfd1611ed5600959a0e5a9754503b6c05d1dcf190010998e0363aee2ad98afca?s=96&d=mm&r=g\",\"url\":\"https:\\\/\\\/secure.gravatar.com\\\/avatar\\\/dfd1611ed5600959a0e5a9754503b6c05d1dcf190010998e0363aee2ad98afca?s=96&d=mm&r=g\",\"contentUrl\":\"https:\\\/\\\/secure.gravatar.com\\\/avatar\\\/dfd1611ed5600959a0e5a9754503b6c05d1dcf190010998e0363aee2ad98afca?s=96&d=mm&r=g\",\"caption\":\"Viviana Monrroy\"},\"sameAs\":[\"http:\\\/\\\/www.eldiario.net\"],\"url\":\"https:\\\/\\\/www.eldiario.net\\\/portal\\\/author\\\/vivianamonrroy\\\/\"}]}<\/script>\n<!-- \/ Yoast SEO plugin. -->","yoast_head_json":{"title":"Zelenski advierte riesgos para la aviaci\u00f3n en territorio ruso (19:26) - El Diario - Bolivia","robots":{"index":"index","follow":"follow","max-snippet":"max-snippet:-1","max-image-preview":"max-image-preview:large","max-video-preview":"max-video-preview:-1"},"canonical":"https:\/\/www.eldiario.net\/portal\/2026\/09\/01\/zelenski-advierte-riesgos-para-la-aviacion-en-territorio-ruso-1926\/","og_locale":"es_ES","og_type":"article","og_title":"Zelenski advierte riesgos para la aviaci\u00f3n en territorio ruso (19:26) - El Diario - Bolivia","og_description":"El presidente ucraniano, Volod\u00edmir Zelenski, lanz\u00f3 una advertencia a las aerol\u00edneas y aseguradoras que operan en el espacio a\u00e9reo de Rusia, se\u00f1alando que los vuelos hacia aeropuertos de ese pa\u00eds han dejado de ser seguros debido al incremento de ataques con drones de largo alcance. La declaraci\u00f3n ocurre en un contexto de intensificaci\u00f3n de ofensivas [&hellip;]","og_url":"https:\/\/www.eldiario.net\/portal\/2026\/09\/01\/zelenski-advierte-riesgos-para-la-aviacion-en-territorio-ruso-1926\/","og_site_name":"El Diario - Bolivia","article_publisher":"https:\/\/www.facebook.com\/eldiario.bolivia\/","article_published_time":"2026-09-01T23:26:32+00:00","og_image":[{"width":550,"height":391,"url":"https:\/\/www.eldiario.net\/portal\/wp-content\/uploads\/2026\/09\/zelesky-21.07.26-copia.webp","type":"image\/webp"}],"author":"Viviana Monrroy","twitter_card":"summary_large_image","twitter_creator":"@eldiario_net","twitter_site":"@eldiario_net","twitter_misc":{"Escrito por":"Viviana Monrroy","Tiempo de lectura":"1 minuto"},"schema":{"@context":"https:\/\/schema.org","@graph":[{"@type":"Article","@id":"https:\/\/www.eldiario.net\/portal\/2026\/09\/01\/zelenski-advierte-riesgos-para-la-aviacion-en-territorio-ruso-1926\/#article","isPartOf":{"@id":"https:\/\/www.eldiario.net\/portal\/2026\/09\/01\/zelenski-advierte-riesgos-para-la-aviacion-en-territorio-ruso-1926\/"},"author":{"name":"Viviana Monrroy","@id":"https:\/\/www.eldiario.net\/portal\/#\/schema\/person\/ba370d92d160f4d3574381f6d9b78fab"},"headline":"Zelenski advierte riesgos para la aviaci\u00f3n en territorio ruso (19:26)","datePublished":"2026-09-01T23:26:32+00:00","mainEntityOfPage":{"@id":"https:\/\/www.eldiario.net\/portal\/2026\/09\/01\/zelenski-advierte-riesgos-para-la-aviacion-en-territorio-ruso-1926\/"},"wordCount":160,"publisher":{"@id":"https:\/\/www.eldiario.net\/portal\/#organization"},"image":{"@id":"https:\/\/www.eldiario.net\/portal\/2026\/09\/01\/zelenski-advierte-riesgos-para-la-aviacion-en-territorio-ruso-1926\/#primaryimage"},"thumbnailUrl":"https:\/\/www.eldiario.net\/portal\/wp-content\/uploads\/2026\/09\/zelesky-21.07.26-copia.webp","articleSection":["\u00daltima Hora"],"inLanguage":"es"},{"@type":"WebPage","@id":"https:\/\/www.eldiario.net\/portal\/2026\/09\/01\/zelenski-advierte-riesgos-para-la-aviacion-en-territorio-ruso-1926\/","url":"https:\/\/www.eldiario.net\/portal\/2026\/09\/01\/zelenski-advierte-riesgos-para-la-aviacion-en-territorio-ruso-1926\/","name":"Zelenski advierte riesgos para la aviaci\u00f3n en territorio ruso (19:26) - El Diario - Bolivia","isPartOf":{"@id":"https:\/\/www.eldiario.net\/portal\/#website"},"primaryImageOfPage":{"@id":"https:\/\/www.eldiario.net\/portal\/2026\/09\/01\/zelenski-advierte-riesgos-para-la-aviacion-en-territorio-ruso-1926\/#primaryimage"},"image":{"@id":"https:\/\/www.eldiario.net\/portal\/2026\/09\/01\/zelenski-advierte-riesgos-para-la-aviacion-en-territorio-ruso-1926\/#primaryimage"},"thumbnailUrl":"https:\/\/www.eldiario.net\/portal\/wp-content\/uploads\/2026\/09\/zelesky-21.07.26-copia.webp","datePublished":"2026-09-01T23:26:32+00:00","breadcrumb":{"@id":"https:\/\/www.eldiario.net\/portal\/2026\/09\/01\/zelenski-advierte-riesgos-para-la-aviacion-en-territorio-ruso-1926\/#breadcrumb"},"inLanguage":"es","potentialAction":[{"@type":"ReadAction","target":["https:\/\/www.eldiario.net\/portal\/2026\/09\/01\/zelenski-advierte-riesgos-para-la-aviacion-en-territorio-ruso-1926\/"]}]},{"@type":"ImageObject","inLanguage":"es","@id":"https:\/\/www.eldiario.net\/portal\/2026\/09\/01\/zelenski-advierte-riesgos-para-la-aviacion-en-territorio-ruso-1926\/#primaryimage","url":"https:\/\/www.eldiario.net\/portal\/wp-content\/uploads\/2026\/09\/zelesky-21.07.26-copia.webp","contentUrl":"https:\/\/www.eldiario.net\/portal\/wp-content\/uploads\/2026\/09\/zelesky-21.07.26-copia.webp","width":550,"height":391,"caption":"Volod\u00edmir Zelenski, presidente ucraniano"},{"@type":"BreadcrumbList","@id":"https:\/\/www.eldiario.net\/portal\/2026\/09\/01\/zelenski-advierte-riesgos-para-la-aviacion-en-territorio-ruso-1926\/#breadcrumb","itemListElement":[{"@type":"ListItem","position":1,"name":"Portada","item":"https:\/\/www.eldiario.net\/portal\/"},{"@type":"ListItem","position":2,"name":"Zelenski advierte riesgos para la aviaci\u00f3n en territorio ruso (19:26)"}]},{"@type":"WebSite","@id":"https:\/\/www.eldiario.net\/portal\/#website","url":"https:\/\/www.eldiario.net\/portal\/","name":"El Diario - Decano de la prensa nacional","description":"El Diario - Decano de la prensa nacional","publisher":{"@id":"https:\/\/www.eldiario.net\/portal\/#organization"},"potentialAction":[{"@type":"SearchAction","target":{"@type":"EntryPoint","urlTemplate":"https:\/\/www.eldiario.net\/portal\/?s={search_term_string}"},"query-input":{"@type":"PropertyValueSpecification","valueRequired":true,"valueName":"search_term_string"}}],"inLanguage":"es"},{"@type":"Organization","@id":"https:\/\/www.eldiario.net\/portal\/#organization","name":"El Diario - Decano de la prensa nacional","url":"https:\/\/www.eldiario.net\/portal\/","logo":{"@type":"ImageObject","inLanguage":"es","@id":"https:\/\/www.eldiario.net\/portal\/#\/schema\/logo\/image\/","url":"https:\/\/www.eldiario.net\/portal\/wp-content\/uploads\/2023\/07\/logo_ED.jpg","contentUrl":"https:\/\/www.eldiario.net\/portal\/wp-content\/uploads\/2023\/07\/logo_ED.jpg","width":272,"height":52,"caption":"El Diario - Decano de la prensa nacional"},"image":{"@id":"https:\/\/www.eldiario.net\/portal\/#\/schema\/logo\/image\/"},"sameAs":["https:\/\/www.facebook.com\/eldiario.bolivia\/","https:\/\/x.com\/eldiario_net"]},{"@type":"Person","@id":"https:\/\/www.eldiario.net\/portal\/#\/schema\/person\/ba370d92d160f4d3574381f6d9b78fab","name":"Viviana Monrroy","image":{"@type":"ImageObject","inLanguage":"es","@id":"https:\/\/secure.gravatar.com\/avatar\/dfd1611ed5600959a0e5a9754503b6c05d1dcf190010998e0363aee2ad98afca?s=96&d=mm&r=g","url":"https:\/\/secure.gravatar.com\/avatar\/dfd1611ed5600959a0e5a9754503b6c05d1dcf190010998e0363aee2ad98afca?s=96&d=mm&r=g","contentUrl":"https:\/\/secure.gravatar.com\/avatar\/dfd1611ed5600959a0e5a9754503b6c05d1dcf190010998e0363aee2ad98afca?s=96&d=mm&r=g","caption":"Viviana Monrroy"},"sameAs":["http:\/\/www.eldiario.net"],"url":"https:\/\/www.eldiario.net\/portal\/author\/vivianamonrroy\/"}]}},"_links":{"self":[{"href":"https:\/\/www.eldiario.net\/portal\/wp-json\/wp\/v2\/posts\/426836","targetHints":{"allow":["GET"]}}],"collection":[{"href":"https:\/\/www.eldiario.net\/portal\/wp-json\/wp\/v2\/posts"}],"about":[{"href":"https:\/\/www.eldiario.net\/portal\/wp-json\/wp\/v2\/types\/post"}],"author":[{"embeddable":true,"href":"https:\/\/www.eldiario.net\/portal\/wp-json\/wp\/v2\/users\/7"}],"replies":[{"embeddable":true,"href":"https:\/\/www.eldiario.net\/portal\/wp-json\/wp\/v2\/comments?post=426836"}],"version-history":[{"count":1,"href":"https:\/\/www.eldiario.net\/portal\/wp-json\/wp\/v2\/posts\/426836\/revisions"}],"predecessor-version":[{"id":426838,"href":"https:\/\/www.eldiario.net\/portal\/wp-json\/wp\/v2\/posts\/426836\/revisions\/426838"}],"wp:featuredmedia":[{"embeddable":true,"href":"https:\/\/www.eldiario.net\/portal\/wp-json\/wp\/v2\/media\/426837"}],"wp:attachment":[{"href":"https:\/\/www.eldiario.net\/portal\/wp-json\/wp\/v2\/media?parent=426836"}],"wp:term":[{"taxonomy":"category","embeddable":true,"href":"https:\/\/www.eldiario.net\/portal\/wp-json\/wp\/v2\/categories?post=426836"},{"taxonomy":"post_tag","embeddable":true,"href":"https:\/\/www.eldiario.net\/portal\/wp-json\/wp\/v2\/tags?post=426836"}],"curies":[{"name":"wp","href":"https:\/\/api.w.org\/{rel}","templated":true}]}}