{"id":426714,"date":"2026-09-01T09:42:10","date_gmt":"2026-09-01T13:42:10","guid":{"rendered":"https:\/\/www.eldiario.net\/portal\/?p=426714"},"modified":"2026-09-01T09:42:10","modified_gmt":"2026-09-01T13:42:10","slug":"senamhi-advierte-caidas-bruscas-de-temperatura-en-santa-cruz-tarija-y-chuquisaca-0941","status":"publish","type":"post","link":"https:\/\/www.eldiario.net\/portal\/2026\/09\/01\/senamhi-advierte-caidas-bruscas-de-temperatura-en-santa-cruz-tarija-y-chuquisaca-0941\/","title":{"rendered":"Senamhi advierte ca\u00eddas bruscas de temperatura en Santa Cruz, Tarija y Chuquisaca (09:41)"},"content":{"rendered":"<p>El Servicio Nacional de Meteorolog\u00eda e Hidrolog\u00eda (Senamhi) emiti\u00f3 un aviso meteorol\u00f3gico de prioridad naranja por el ingreso de un frente fr\u00edo que afectar\u00e1 al pa\u00eds \u00fanicamente este martes.<\/p>\n<p>El fen\u00f3meno meteorol\u00f3gico causar\u00e1 un descenso brusco de temperaturas de entre 6 \u00b0C y 12 \u00b0C por debajo de los valores habituales de cada regi\u00f3n.<\/p>\n<figure id=\"attachment_426715\" aria-describedby=\"caption-attachment-426715\" style=\"width: 280px\" class=\"wp-caption aligncenter\"><img loading=\"lazy\" decoding=\"async\" class=\"size-medium wp-image-426715\" src=\"https:\/\/www.eldiario.net\/portal\/wp-content\/uploads\/2026\/09\/senamhi-01.09.26-copia-280x300.webp\" alt=\"\" width=\"280\" height=\"300\" srcset=\"https:\/\/www.eldiario.net\/portal\/wp-content\/uploads\/2026\/09\/senamhi-01.09.26-copia-280x300.webp 280w, https:\/\/www.eldiario.net\/portal\/wp-content\/uploads\/2026\/09\/senamhi-01.09.26-copia-391x420.webp 391w, https:\/\/www.eldiario.net\/portal\/wp-content\/uploads\/2026\/09\/senamhi-01.09.26-copia-150x161.webp 150w, https:\/\/www.eldiario.net\/portal\/wp-content\/uploads\/2026\/09\/senamhi-01.09.26-copia-300x322.webp 300w, https:\/\/www.eldiario.net\/portal\/wp-content\/uploads\/2026\/09\/senamhi-01.09.26-copia.webp 466w\" sizes=\"auto, (max-width: 280px) 100vw, 280px\" \/><figcaption id=\"caption-attachment-426715\" class=\"wp-caption-text\">Servicio Nacional de Hidrolog\u00eda y Meteorolog\u00eda<\/figcaption><\/figure>\n<p>La alerta de un solo d\u00eda abarca a 3 departamentos y afectar\u00e1 a un total de 23 provincias: en Santa Cruz alcanzar\u00e1 a 15 provincias (Caballero, Florida, Vallegrande, Cordillera, Germ\u00e1n Busch, Andr\u00e9s Ib\u00e1\u00f1ez, Warnes, Ichilo, Sara, Obispo Santistevan, Guarayos, \u00d1uflo de Ch\u00e1vez, Velasco, \u00c1ngel Sand\u00f3val y Chiquitos); en Tarija impactar\u00e1 a 4 provincias (Gran Chaco, Burdet O&#8217;Connor y el este de Cercado y Aniceto Arce); mientras que en Chuquisaca afectar\u00e1 a 4 provincias (Luis Calvo, Boeto, Tomina y el este de Hernando Siles).<\/p>\n","protected":false},"excerpt":{"rendered":"<p>El Servicio Nacional de Meteorolog\u00eda e Hidrolog\u00eda (Senamhi) emiti\u00f3 un aviso meteorol\u00f3gico de prioridad naranja por el ingreso de un frente fr\u00edo que afectar\u00e1 al pa\u00eds \u00fanicamente este martes. El fen\u00f3meno meteorol\u00f3gico causar\u00e1 un descenso brusco de temperaturas de entre 6 \u00b0C y 12 \u00b0C por debajo de los valores habituales de cada regi\u00f3n. La [&hellip;]<\/p>\n","protected":false},"author":7,"featured_media":426716,"comment_status":"closed","ping_status":"open","sticky":false,"template":"","format":"standard","meta":{"_acf_changed":false,"footnotes":""},"categories":[51],"tags":[],"class_list":["post-426714","post","type-post","status-publish","format-standard","has-post-thumbnail","category-ultima-hora"],"acf":{"antetitulo":""},"yoast_head":"<!-- This site is optimized with the Yoast SEO plugin v28.3 - https:\/\/yoast.com\/product\/yoast-seo-wordpress\/ -->\n<title>Senamhi advierte ca\u00eddas bruscas de temperatura en Santa Cruz, Tarija y Chuquisaca (09:41) - El Diario - Bolivia<\/title>\n<meta name=\"robots\" content=\"index, follow, max-snippet:-1, max-image-preview:large, max-video-preview:-1\" \/>\n<link rel=\"canonical\" href=\"https:\/\/www.eldiario.net\/portal\/2026\/09\/01\/senamhi-advierte-caidas-bruscas-de-temperatura-en-santa-cruz-tarija-y-chuquisaca-0941\/\" \/>\n<meta property=\"og:locale\" content=\"es_ES\" \/>\n<meta property=\"og:type\" content=\"article\" \/>\n<meta property=\"og:title\" content=\"Senamhi advierte ca\u00eddas bruscas de temperatura en Santa Cruz, Tarija y Chuquisaca (09:41) - El Diario - Bolivia\" \/>\n<meta property=\"og:description\" content=\"El Servicio Nacional de Meteorolog\u00eda e Hidrolog\u00eda (Senamhi) emiti\u00f3 un aviso meteorol\u00f3gico de prioridad naranja por el ingreso de un frente fr\u00edo que afectar\u00e1 al pa\u00eds \u00fanicamente este martes. El fen\u00f3meno meteorol\u00f3gico causar\u00e1 un descenso brusco de temperaturas de entre 6 \u00b0C y 12 \u00b0C por debajo de los valores habituales de cada regi\u00f3n. La [&hellip;]\" \/>\n<meta property=\"og:url\" content=\"https:\/\/www.eldiario.net\/portal\/2026\/09\/01\/senamhi-advierte-caidas-bruscas-de-temperatura-en-santa-cruz-tarija-y-chuquisaca-0941\/\" \/>\n<meta property=\"og:site_name\" content=\"El Diario - Bolivia\" \/>\n<meta property=\"article:publisher\" content=\"https:\/\/www.facebook.com\/eldiario.bolivia\/\" \/>\n<meta property=\"article:published_time\" content=\"2026-09-01T13:42:10+00:00\" \/>\n<meta property=\"og:image\" content=\"https:\/\/www.eldiario.net\/portal\/wp-content\/uploads\/2026\/09\/senamhi-1-01.09.26-copia.webp\" \/>\n\t<meta property=\"og:image:width\" content=\"508\" \/>\n\t<meta property=\"og:image:height\" content=\"500\" \/>\n\t<meta property=\"og:image:type\" content=\"image\/webp\" \/>\n<meta name=\"author\" content=\"Viviana Monrroy\" \/>\n<meta name=\"twitter:card\" content=\"summary_large_image\" \/>\n<meta name=\"twitter:creator\" content=\"@eldiario_net\" \/>\n<meta name=\"twitter:site\" content=\"@eldiario_net\" \/>\n<meta name=\"twitter:label1\" content=\"Escrito por\" \/>\n\t<meta name=\"twitter:data1\" content=\"Viviana Monrroy\" \/>\n\t<meta name=\"twitter:label2\" content=\"Tiempo de lectura\" \/>\n\t<meta name=\"twitter:data2\" content=\"2 minutos\" \/>\n<script type=\"application\/ld+json\" class=\"yoast-schema-graph\">{\"@context\":\"https:\\\/\\\/schema.org\",\"@graph\":[{\"@type\":\"Article\",\"@id\":\"https:\\\/\\\/www.eldiario.net\\\/portal\\\/2026\\\/09\\\/01\\\/senamhi-advierte-caidas-bruscas-de-temperatura-en-santa-cruz-tarija-y-chuquisaca-0941\\\/#article\",\"isPartOf\":{\"@id\":\"https:\\\/\\\/www.eldiario.net\\\/portal\\\/2026\\\/09\\\/01\\\/senamhi-advierte-caidas-bruscas-de-temperatura-en-santa-cruz-tarija-y-chuquisaca-0941\\\/\"},\"author\":{\"name\":\"Viviana Monrroy\",\"@id\":\"https:\\\/\\\/www.eldiario.net\\\/portal\\\/#\\\/schema\\\/person\\\/ba370d92d160f4d3574381f6d9b78fab\"},\"headline\":\"Senamhi advierte ca\u00eddas bruscas de temperatura en Santa Cruz, Tarija y Chuquisaca (09:41)\",\"datePublished\":\"2026-09-01T13:42:10+00:00\",\"mainEntityOfPage\":{\"@id\":\"https:\\\/\\\/www.eldiario.net\\\/portal\\\/2026\\\/09\\\/01\\\/senamhi-advierte-caidas-bruscas-de-temperatura-en-santa-cruz-tarija-y-chuquisaca-0941\\\/\"},\"wordCount\":173,\"publisher\":{\"@id\":\"https:\\\/\\\/www.eldiario.net\\\/portal\\\/#organization\"},\"image\":{\"@id\":\"https:\\\/\\\/www.eldiario.net\\\/portal\\\/2026\\\/09\\\/01\\\/senamhi-advierte-caidas-bruscas-de-temperatura-en-santa-cruz-tarija-y-chuquisaca-0941\\\/#primaryimage\"},\"thumbnailUrl\":\"https:\\\/\\\/www.eldiario.net\\\/portal\\\/wp-content\\\/uploads\\\/2026\\\/09\\\/senamhi-1-01.09.26-copia.webp\",\"articleSection\":[\"\u00daltima Hora\"],\"inLanguage\":\"es\"},{\"@type\":\"WebPage\",\"@id\":\"https:\\\/\\\/www.eldiario.net\\\/portal\\\/2026\\\/09\\\/01\\\/senamhi-advierte-caidas-bruscas-de-temperatura-en-santa-cruz-tarija-y-chuquisaca-0941\\\/\",\"url\":\"https:\\\/\\\/www.eldiario.net\\\/portal\\\/2026\\\/09\\\/01\\\/senamhi-advierte-caidas-bruscas-de-temperatura-en-santa-cruz-tarija-y-chuquisaca-0941\\\/\",\"name\":\"Senamhi advierte ca\u00eddas bruscas de temperatura en Santa Cruz, Tarija y Chuquisaca (09:41) - El Diario - Bolivia\",\"isPartOf\":{\"@id\":\"https:\\\/\\\/www.eldiario.net\\\/portal\\\/#website\"},\"primaryImageOfPage\":{\"@id\":\"https:\\\/\\\/www.eldiario.net\\\/portal\\\/2026\\\/09\\\/01\\\/senamhi-advierte-caidas-bruscas-de-temperatura-en-santa-cruz-tarija-y-chuquisaca-0941\\\/#primaryimage\"},\"image\":{\"@id\":\"https:\\\/\\\/www.eldiario.net\\\/portal\\\/2026\\\/09\\\/01\\\/senamhi-advierte-caidas-bruscas-de-temperatura-en-santa-cruz-tarija-y-chuquisaca-0941\\\/#primaryimage\"},\"thumbnailUrl\":\"https:\\\/\\\/www.eldiario.net\\\/portal\\\/wp-content\\\/uploads\\\/2026\\\/09\\\/senamhi-1-01.09.26-copia.webp\",\"datePublished\":\"2026-09-01T13:42:10+00:00\",\"breadcrumb\":{\"@id\":\"https:\\\/\\\/www.eldiario.net\\\/portal\\\/2026\\\/09\\\/01\\\/senamhi-advierte-caidas-bruscas-de-temperatura-en-santa-cruz-tarija-y-chuquisaca-0941\\\/#breadcrumb\"},\"inLanguage\":\"es\",\"potentialAction\":[{\"@type\":\"ReadAction\",\"target\":[\"https:\\\/\\\/www.eldiario.net\\\/portal\\\/2026\\\/09\\\/01\\\/senamhi-advierte-caidas-bruscas-de-temperatura-en-santa-cruz-tarija-y-chuquisaca-0941\\\/\"]}]},{\"@type\":\"ImageObject\",\"inLanguage\":\"es\",\"@id\":\"https:\\\/\\\/www.eldiario.net\\\/portal\\\/2026\\\/09\\\/01\\\/senamhi-advierte-caidas-bruscas-de-temperatura-en-santa-cruz-tarija-y-chuquisaca-0941\\\/#primaryimage\",\"url\":\"https:\\\/\\\/www.eldiario.net\\\/portal\\\/wp-content\\\/uploads\\\/2026\\\/09\\\/senamhi-1-01.09.26-copia.webp\",\"contentUrl\":\"https:\\\/\\\/www.eldiario.net\\\/portal\\\/wp-content\\\/uploads\\\/2026\\\/09\\\/senamhi-1-01.09.26-copia.webp\",\"width\":508,\"height\":500,\"caption\":\"Servicio Nacional de Meteorolog\u00eda e Hidrolog\u00eda\"},{\"@type\":\"BreadcrumbList\",\"@id\":\"https:\\\/\\\/www.eldiario.net\\\/portal\\\/2026\\\/09\\\/01\\\/senamhi-advierte-caidas-bruscas-de-temperatura-en-santa-cruz-tarija-y-chuquisaca-0941\\\/#breadcrumb\",\"itemListElement\":[{\"@type\":\"ListItem\",\"position\":1,\"name\":\"Portada\",\"item\":\"https:\\\/\\\/www.eldiario.net\\\/portal\\\/\"},{\"@type\":\"ListItem\",\"position\":2,\"name\":\"Senamhi advierte ca\u00eddas bruscas de temperatura en Santa Cruz, Tarija y Chuquisaca (09:41)\"}]},{\"@type\":\"WebSite\",\"@id\":\"https:\\\/\\\/www.eldiario.net\\\/portal\\\/#website\",\"url\":\"https:\\\/\\\/www.eldiario.net\\\/portal\\\/\",\"name\":\"El Diario - Decano de la prensa nacional\",\"description\":\"El Diario - Decano de la prensa nacional\",\"publisher\":{\"@id\":\"https:\\\/\\\/www.eldiario.net\\\/portal\\\/#organization\"},\"potentialAction\":[{\"@type\":\"SearchAction\",\"target\":{\"@type\":\"EntryPoint\",\"urlTemplate\":\"https:\\\/\\\/www.eldiario.net\\\/portal\\\/?s={search_term_string}\"},\"query-input\":{\"@type\":\"PropertyValueSpecification\",\"valueRequired\":true,\"valueName\":\"search_term_string\"}}],\"inLanguage\":\"es\"},{\"@type\":\"Organization\",\"@id\":\"https:\\\/\\\/www.eldiario.net\\\/portal\\\/#organization\",\"name\":\"El Diario - Decano de la prensa nacional\",\"url\":\"https:\\\/\\\/www.eldiario.net\\\/portal\\\/\",\"logo\":{\"@type\":\"ImageObject\",\"inLanguage\":\"es\",\"@id\":\"https:\\\/\\\/www.eldiario.net\\\/portal\\\/#\\\/schema\\\/logo\\\/image\\\/\",\"url\":\"https:\\\/\\\/www.eldiario.net\\\/portal\\\/wp-content\\\/uploads\\\/2023\\\/07\\\/logo_ED.jpg\",\"contentUrl\":\"https:\\\/\\\/www.eldiario.net\\\/portal\\\/wp-content\\\/uploads\\\/2023\\\/07\\\/logo_ED.jpg\",\"width\":272,\"height\":52,\"caption\":\"El Diario - Decano de la prensa nacional\"},\"image\":{\"@id\":\"https:\\\/\\\/www.eldiario.net\\\/portal\\\/#\\\/schema\\\/logo\\\/image\\\/\"},\"sameAs\":[\"https:\\\/\\\/www.facebook.com\\\/eldiario.bolivia\\\/\",\"https:\\\/\\\/x.com\\\/eldiario_net\"]},{\"@type\":\"Person\",\"@id\":\"https:\\\/\\\/www.eldiario.net\\\/portal\\\/#\\\/schema\\\/person\\\/ba370d92d160f4d3574381f6d9b78fab\",\"name\":\"Viviana Monrroy\",\"image\":{\"@type\":\"ImageObject\",\"inLanguage\":\"es\",\"@id\":\"https:\\\/\\\/secure.gravatar.com\\\/avatar\\\/dfd1611ed5600959a0e5a9754503b6c05d1dcf190010998e0363aee2ad98afca?s=96&d=mm&r=g\",\"url\":\"https:\\\/\\\/secure.gravatar.com\\\/avatar\\\/dfd1611ed5600959a0e5a9754503b6c05d1dcf190010998e0363aee2ad98afca?s=96&d=mm&r=g\",\"contentUrl\":\"https:\\\/\\\/secure.gravatar.com\\\/avatar\\\/dfd1611ed5600959a0e5a9754503b6c05d1dcf190010998e0363aee2ad98afca?s=96&d=mm&r=g\",\"caption\":\"Viviana Monrroy\"},\"sameAs\":[\"http:\\\/\\\/www.eldiario.net\"],\"url\":\"https:\\\/\\\/www.eldiario.net\\\/portal\\\/author\\\/vivianamonrroy\\\/\"}]}<\/script>\n<!-- \/ Yoast SEO plugin. -->","yoast_head_json":{"title":"Senamhi advierte ca\u00eddas bruscas de temperatura en Santa Cruz, Tarija y Chuquisaca (09:41) - El Diario - Bolivia","robots":{"index":"index","follow":"follow","max-snippet":"max-snippet:-1","max-image-preview":"max-image-preview:large","max-video-preview":"max-video-preview:-1"},"canonical":"https:\/\/www.eldiario.net\/portal\/2026\/09\/01\/senamhi-advierte-caidas-bruscas-de-temperatura-en-santa-cruz-tarija-y-chuquisaca-0941\/","og_locale":"es_ES","og_type":"article","og_title":"Senamhi advierte ca\u00eddas bruscas de temperatura en Santa Cruz, Tarija y Chuquisaca (09:41) - El Diario - Bolivia","og_description":"El Servicio Nacional de Meteorolog\u00eda e Hidrolog\u00eda (Senamhi) emiti\u00f3 un aviso meteorol\u00f3gico de prioridad naranja por el ingreso de un frente fr\u00edo que afectar\u00e1 al pa\u00eds \u00fanicamente este martes. El fen\u00f3meno meteorol\u00f3gico causar\u00e1 un descenso brusco de temperaturas de entre 6 \u00b0C y 12 \u00b0C por debajo de los valores habituales de cada regi\u00f3n. La [&hellip;]","og_url":"https:\/\/www.eldiario.net\/portal\/2026\/09\/01\/senamhi-advierte-caidas-bruscas-de-temperatura-en-santa-cruz-tarija-y-chuquisaca-0941\/","og_site_name":"El Diario - Bolivia","article_publisher":"https:\/\/www.facebook.com\/eldiario.bolivia\/","article_published_time":"2026-09-01T13:42:10+00:00","og_image":[{"width":508,"height":500,"url":"https:\/\/www.eldiario.net\/portal\/wp-content\/uploads\/2026\/09\/senamhi-1-01.09.26-copia.webp","type":"image\/webp"}],"author":"Viviana Monrroy","twitter_card":"summary_large_image","twitter_creator":"@eldiario_net","twitter_site":"@eldiario_net","twitter_misc":{"Escrito por":"Viviana Monrroy","Tiempo de lectura":"2 minutos"},"schema":{"@context":"https:\/\/schema.org","@graph":[{"@type":"Article","@id":"https:\/\/www.eldiario.net\/portal\/2026\/09\/01\/senamhi-advierte-caidas-bruscas-de-temperatura-en-santa-cruz-tarija-y-chuquisaca-0941\/#article","isPartOf":{"@id":"https:\/\/www.eldiario.net\/portal\/2026\/09\/01\/senamhi-advierte-caidas-bruscas-de-temperatura-en-santa-cruz-tarija-y-chuquisaca-0941\/"},"author":{"name":"Viviana Monrroy","@id":"https:\/\/www.eldiario.net\/portal\/#\/schema\/person\/ba370d92d160f4d3574381f6d9b78fab"},"headline":"Senamhi advierte ca\u00eddas bruscas de temperatura en Santa Cruz, Tarija y Chuquisaca (09:41)","datePublished":"2026-09-01T13:42:10+00:00","mainEntityOfPage":{"@id":"https:\/\/www.eldiario.net\/portal\/2026\/09\/01\/senamhi-advierte-caidas-bruscas-de-temperatura-en-santa-cruz-tarija-y-chuquisaca-0941\/"},"wordCount":173,"publisher":{"@id":"https:\/\/www.eldiario.net\/portal\/#organization"},"image":{"@id":"https:\/\/www.eldiario.net\/portal\/2026\/09\/01\/senamhi-advierte-caidas-bruscas-de-temperatura-en-santa-cruz-tarija-y-chuquisaca-0941\/#primaryimage"},"thumbnailUrl":"https:\/\/www.eldiario.net\/portal\/wp-content\/uploads\/2026\/09\/senamhi-1-01.09.26-copia.webp","articleSection":["\u00daltima Hora"],"inLanguage":"es"},{"@type":"WebPage","@id":"https:\/\/www.eldiario.net\/portal\/2026\/09\/01\/senamhi-advierte-caidas-bruscas-de-temperatura-en-santa-cruz-tarija-y-chuquisaca-0941\/","url":"https:\/\/www.eldiario.net\/portal\/2026\/09\/01\/senamhi-advierte-caidas-bruscas-de-temperatura-en-santa-cruz-tarija-y-chuquisaca-0941\/","name":"Senamhi advierte ca\u00eddas bruscas de temperatura en Santa Cruz, Tarija y Chuquisaca (09:41) - El Diario - Bolivia","isPartOf":{"@id":"https:\/\/www.eldiario.net\/portal\/#website"},"primaryImageOfPage":{"@id":"https:\/\/www.eldiario.net\/portal\/2026\/09\/01\/senamhi-advierte-caidas-bruscas-de-temperatura-en-santa-cruz-tarija-y-chuquisaca-0941\/#primaryimage"},"image":{"@id":"https:\/\/www.eldiario.net\/portal\/2026\/09\/01\/senamhi-advierte-caidas-bruscas-de-temperatura-en-santa-cruz-tarija-y-chuquisaca-0941\/#primaryimage"},"thumbnailUrl":"https:\/\/www.eldiario.net\/portal\/wp-content\/uploads\/2026\/09\/senamhi-1-01.09.26-copia.webp","datePublished":"2026-09-01T13:42:10+00:00","breadcrumb":{"@id":"https:\/\/www.eldiario.net\/portal\/2026\/09\/01\/senamhi-advierte-caidas-bruscas-de-temperatura-en-santa-cruz-tarija-y-chuquisaca-0941\/#breadcrumb"},"inLanguage":"es","potentialAction":[{"@type":"ReadAction","target":["https:\/\/www.eldiario.net\/portal\/2026\/09\/01\/senamhi-advierte-caidas-bruscas-de-temperatura-en-santa-cruz-tarija-y-chuquisaca-0941\/"]}]},{"@type":"ImageObject","inLanguage":"es","@id":"https:\/\/www.eldiario.net\/portal\/2026\/09\/01\/senamhi-advierte-caidas-bruscas-de-temperatura-en-santa-cruz-tarija-y-chuquisaca-0941\/#primaryimage","url":"https:\/\/www.eldiario.net\/portal\/wp-content\/uploads\/2026\/09\/senamhi-1-01.09.26-copia.webp","contentUrl":"https:\/\/www.eldiario.net\/portal\/wp-content\/uploads\/2026\/09\/senamhi-1-01.09.26-copia.webp","width":508,"height":500,"caption":"Servicio Nacional de Meteorolog\u00eda e Hidrolog\u00eda"},{"@type":"BreadcrumbList","@id":"https:\/\/www.eldiario.net\/portal\/2026\/09\/01\/senamhi-advierte-caidas-bruscas-de-temperatura-en-santa-cruz-tarija-y-chuquisaca-0941\/#breadcrumb","itemListElement":[{"@type":"ListItem","position":1,"name":"Portada","item":"https:\/\/www.eldiario.net\/portal\/"},{"@type":"ListItem","position":2,"name":"Senamhi advierte ca\u00eddas bruscas de temperatura en Santa Cruz, Tarija y Chuquisaca (09:41)"}]},{"@type":"WebSite","@id":"https:\/\/www.eldiario.net\/portal\/#website","url":"https:\/\/www.eldiario.net\/portal\/","name":"El Diario - Decano de la prensa nacional","description":"El Diario - Decano de la prensa nacional","publisher":{"@id":"https:\/\/www.eldiario.net\/portal\/#organization"},"potentialAction":[{"@type":"SearchAction","target":{"@type":"EntryPoint","urlTemplate":"https:\/\/www.eldiario.net\/portal\/?s={search_term_string}"},"query-input":{"@type":"PropertyValueSpecification","valueRequired":true,"valueName":"search_term_string"}}],"inLanguage":"es"},{"@type":"Organization","@id":"https:\/\/www.eldiario.net\/portal\/#organization","name":"El Diario - Decano de la prensa nacional","url":"https:\/\/www.eldiario.net\/portal\/","logo":{"@type":"ImageObject","inLanguage":"es","@id":"https:\/\/www.eldiario.net\/portal\/#\/schema\/logo\/image\/","url":"https:\/\/www.eldiario.net\/portal\/wp-content\/uploads\/2023\/07\/logo_ED.jpg","contentUrl":"https:\/\/www.eldiario.net\/portal\/wp-content\/uploads\/2023\/07\/logo_ED.jpg","width":272,"height":52,"caption":"El Diario - Decano de la prensa nacional"},"image":{"@id":"https:\/\/www.eldiario.net\/portal\/#\/schema\/logo\/image\/"},"sameAs":["https:\/\/www.facebook.com\/eldiario.bolivia\/","https:\/\/x.com\/eldiario_net"]},{"@type":"Person","@id":"https:\/\/www.eldiario.net\/portal\/#\/schema\/person\/ba370d92d160f4d3574381f6d9b78fab","name":"Viviana Monrroy","image":{"@type":"ImageObject","inLanguage":"es","@id":"https:\/\/secure.gravatar.com\/avatar\/dfd1611ed5600959a0e5a9754503b6c05d1dcf190010998e0363aee2ad98afca?s=96&d=mm&r=g","url":"https:\/\/secure.gravatar.com\/avatar\/dfd1611ed5600959a0e5a9754503b6c05d1dcf190010998e0363aee2ad98afca?s=96&d=mm&r=g","contentUrl":"https:\/\/secure.gravatar.com\/avatar\/dfd1611ed5600959a0e5a9754503b6c05d1dcf190010998e0363aee2ad98afca?s=96&d=mm&r=g","caption":"Viviana Monrroy"},"sameAs":["http:\/\/www.eldiario.net"],"url":"https:\/\/www.eldiario.net\/portal\/author\/vivianamonrroy\/"}]}},"_links":{"self":[{"href":"https:\/\/www.eldiario.net\/portal\/wp-json\/wp\/v2\/posts\/426714","targetHints":{"allow":["GET"]}}],"collection":[{"href":"https:\/\/www.eldiario.net\/portal\/wp-json\/wp\/v2\/posts"}],"about":[{"href":"https:\/\/www.eldiario.net\/portal\/wp-json\/wp\/v2\/types\/post"}],"author":[{"embeddable":true,"href":"https:\/\/www.eldiario.net\/portal\/wp-json\/wp\/v2\/users\/7"}],"replies":[{"embeddable":true,"href":"https:\/\/www.eldiario.net\/portal\/wp-json\/wp\/v2\/comments?post=426714"}],"version-history":[{"count":1,"href":"https:\/\/www.eldiario.net\/portal\/wp-json\/wp\/v2\/posts\/426714\/revisions"}],"predecessor-version":[{"id":426717,"href":"https:\/\/www.eldiario.net\/portal\/wp-json\/wp\/v2\/posts\/426714\/revisions\/426717"}],"wp:featuredmedia":[{"embeddable":true,"href":"https:\/\/www.eldiario.net\/portal\/wp-json\/wp\/v2\/media\/426716"}],"wp:attachment":[{"href":"https:\/\/www.eldiario.net\/portal\/wp-json\/wp\/v2\/media?parent=426714"}],"wp:term":[{"taxonomy":"category","embeddable":true,"href":"https:\/\/www.eldiario.net\/portal\/wp-json\/wp\/v2\/categories?post=426714"},{"taxonomy":"post_tag","embeddable":true,"href":"https:\/\/www.eldiario.net\/portal\/wp-json\/wp\/v2\/tags?post=426714"}],"curies":[{"name":"wp","href":"https:\/\/api.w.org\/{rel}","templated":true}]}}