{"id":426708,"date":"2026-09-01T09:27:35","date_gmt":"2026-09-01T13:27:35","guid":{"rendered":"https:\/\/www.eldiario.net\/portal\/?p=426708"},"modified":"2026-09-01T09:27:35","modified_gmt":"2026-09-01T13:27:35","slug":"observatorio-san-calixto-reporta-dos-sismos-en-santa-cruz-y-potosi-este-martes-0928","status":"publish","type":"post","link":"https:\/\/www.eldiario.net\/portal\/2026\/09\/01\/observatorio-san-calixto-reporta-dos-sismos-en-santa-cruz-y-potosi-este-martes-0928\/","title":{"rendered":"Observatorio San Calixto reporta dos sismos en Santa Cruz y Potos\u00ed este martes (09:28)"},"content":{"rendered":"<p>Dos movimientos tel\u00faricos se registraron en las primeras horas de este martes 1 de septiembre en el territorio nacional, seg\u00fan el reporte oficial del Observatorio San Calixto.<\/p>\n<p>Los eventos s\u00edsmicos afectaron a la provincia Ichilo, en el departamento de Santa Cruz, y a la provincia Nor L\u00edpez, en Potos\u00ed, sin que se reporten hasta el momento da\u00f1os personales ni materiales.<\/p>\n<p>El evento de mayor alcance poblacional ocurri\u00f3 en Santa Cruz a las 03:29, con una magnitud de 3,2 grados en la escala de Richter.<\/p>\n<figure id=\"attachment_426709\" aria-describedby=\"caption-attachment-426709\" style=\"width: 300px\" class=\"wp-caption aligncenter\"><img loading=\"lazy\" decoding=\"async\" class=\"size-medium wp-image-426709\" src=\"https:\/\/www.eldiario.net\/portal\/wp-content\/uploads\/2026\/09\/sismo-01.09.26-copia-300x202.webp\" alt=\"\" width=\"300\" height=\"202\" srcset=\"https:\/\/www.eldiario.net\/portal\/wp-content\/uploads\/2026\/09\/sismo-01.09.26-copia-300x202.webp 300w, https:\/\/www.eldiario.net\/portal\/wp-content\/uploads\/2026\/09\/sismo-01.09.26-copia-150x101.webp 150w, https:\/\/www.eldiario.net\/portal\/wp-content\/uploads\/2026\/09\/sismo-01.09.26-copia.webp 600w\" sizes=\"auto, (max-width: 300px) 100vw, 300px\" \/><figcaption id=\"caption-attachment-426709\" class=\"wp-caption-text\">Observatorio San Calixto<\/figcaption><\/figure>\n<p>De acuerdo con el representante de la entidad t\u00e9cnica, Walter Arce, el sismo se localiz\u00f3 a una profundidad de 16,4 kil\u00f3metros \u2014considerado superficial\u2014, con un epicentro situado a 19 kil\u00f3metros de Yapacan\u00ed, 25 kil\u00f3metros al suroeste de Santa Rosa del Sara y 41 kil\u00f3metros al noroeste de Portachuelo.<\/p>\n<p>Debido a su escasa profundidad, el fen\u00f3meno tuvo probabilidad de ser percibido por los habitantes de la zona central del pa\u00eds, regi\u00f3n atravesada por fallas geol\u00f3gicas activas.<\/p>\n<p>Por otro lado, la red de monitoreo detect\u00f3 un segundo evento s\u00edsmico a las 06:46 en la provincia Nor L\u00edpez, Potos\u00ed.<\/p>\n<figure id=\"attachment_426710\" aria-describedby=\"caption-attachment-426710\" style=\"width: 300px\" class=\"wp-caption aligncenter\"><img loading=\"lazy\" decoding=\"async\" class=\"size-medium wp-image-426710\" src=\"https:\/\/www.eldiario.net\/portal\/wp-content\/uploads\/2026\/09\/table-sismos-01.09.26-300x170.png\" alt=\"\" width=\"300\" height=\"170\" srcset=\"https:\/\/www.eldiario.net\/portal\/wp-content\/uploads\/2026\/09\/table-sismos-01.09.26-300x170.png 300w, https:\/\/www.eldiario.net\/portal\/wp-content\/uploads\/2026\/09\/table-sismos-01.09.26-150x85.png 150w, https:\/\/www.eldiario.net\/portal\/wp-content\/uploads\/2026\/09\/table-sismos-01.09.26.png 600w\" sizes=\"auto, (max-width: 300px) 100vw, 300px\" \/><figcaption id=\"caption-attachment-426710\" class=\"wp-caption-text\">Observatorio San Calixto<\/figcaption><\/figure>\n<p>Este movimiento alcanz\u00f3 una magnitud de 3,4 grados y se origin\u00f3 a una profundidad intermedia de 150 kil\u00f3metros, caracter\u00edstica que suele mitigar su impacto en la superficie.<\/p>\n<p>V\u00eda RedUno<\/p>\n","protected":false},"excerpt":{"rendered":"<p>Dos movimientos tel\u00faricos se registraron en las primeras horas de este martes 1 de septiembre en el territorio nacional, seg\u00fan el reporte oficial del Observatorio San Calixto. Los eventos s\u00edsmicos afectaron a la provincia Ichilo, en el departamento de Santa Cruz, y a la provincia Nor L\u00edpez, en Potos\u00ed, sin que se reporten hasta el [&hellip;]<\/p>\n","protected":false},"author":7,"featured_media":426711,"comment_status":"closed","ping_status":"open","sticky":false,"template":"","format":"standard","meta":{"_acf_changed":false,"footnotes":""},"categories":[51],"tags":[],"class_list":["post-426708","post","type-post","status-publish","format-standard","has-post-thumbnail","category-ultima-hora"],"acf":{"antetitulo":""},"yoast_head":"<!-- This site is optimized with the Yoast SEO plugin v28.3 - https:\/\/yoast.com\/product\/yoast-seo-wordpress\/ -->\n<title>Observatorio San Calixto reporta dos sismos en Santa Cruz y Potos\u00ed este martes (09:28) - El Diario - Bolivia<\/title>\n<meta name=\"robots\" content=\"index, follow, max-snippet:-1, max-image-preview:large, max-video-preview:-1\" \/>\n<link rel=\"canonical\" href=\"https:\/\/www.eldiario.net\/portal\/2026\/09\/01\/observatorio-san-calixto-reporta-dos-sismos-en-santa-cruz-y-potosi-este-martes-0928\/\" \/>\n<meta property=\"og:locale\" content=\"es_ES\" \/>\n<meta property=\"og:type\" content=\"article\" \/>\n<meta property=\"og:title\" content=\"Observatorio San Calixto reporta dos sismos en Santa Cruz y Potos\u00ed este martes (09:28) - El Diario - Bolivia\" \/>\n<meta property=\"og:description\" content=\"Dos movimientos tel\u00faricos se registraron en las primeras horas de este martes 1 de septiembre en el territorio nacional, seg\u00fan el reporte oficial del Observatorio San Calixto. Los eventos s\u00edsmicos afectaron a la provincia Ichilo, en el departamento de Santa Cruz, y a la provincia Nor L\u00edpez, en Potos\u00ed, sin que se reporten hasta el [&hellip;]\" \/>\n<meta property=\"og:url\" content=\"https:\/\/www.eldiario.net\/portal\/2026\/09\/01\/observatorio-san-calixto-reporta-dos-sismos-en-santa-cruz-y-potosi-este-martes-0928\/\" \/>\n<meta property=\"og:site_name\" content=\"El Diario - Bolivia\" \/>\n<meta property=\"article:publisher\" content=\"https:\/\/www.facebook.com\/eldiario.bolivia\/\" \/>\n<meta property=\"article:published_time\" content=\"2026-09-01T13:27:35+00:00\" \/>\n<meta property=\"og:image\" content=\"https:\/\/www.eldiario.net\/portal\/wp-content\/uploads\/2026\/09\/mapa-sismos-01.09.26-copia.webp\" \/>\n\t<meta property=\"og:image:width\" content=\"504\" \/>\n\t<meta property=\"og:image:height\" content=\"500\" \/>\n\t<meta property=\"og:image:type\" content=\"image\/webp\" \/>\n<meta name=\"author\" content=\"Viviana Monrroy\" \/>\n<meta name=\"twitter:card\" content=\"summary_large_image\" \/>\n<meta name=\"twitter:creator\" content=\"@eldiario_net\" \/>\n<meta name=\"twitter:site\" content=\"@eldiario_net\" \/>\n<meta name=\"twitter:label1\" content=\"Escrito por\" \/>\n\t<meta name=\"twitter:data1\" content=\"Viviana Monrroy\" \/>\n\t<meta name=\"twitter:label2\" content=\"Tiempo de lectura\" \/>\n\t<meta name=\"twitter:data2\" content=\"2 minutos\" \/>\n<script type=\"application\/ld+json\" class=\"yoast-schema-graph\">{\"@context\":\"https:\\\/\\\/schema.org\",\"@graph\":[{\"@type\":\"Article\",\"@id\":\"https:\\\/\\\/www.eldiario.net\\\/portal\\\/2026\\\/09\\\/01\\\/observatorio-san-calixto-reporta-dos-sismos-en-santa-cruz-y-potosi-este-martes-0928\\\/#article\",\"isPartOf\":{\"@id\":\"https:\\\/\\\/www.eldiario.net\\\/portal\\\/2026\\\/09\\\/01\\\/observatorio-san-calixto-reporta-dos-sismos-en-santa-cruz-y-potosi-este-martes-0928\\\/\"},\"author\":{\"name\":\"Viviana Monrroy\",\"@id\":\"https:\\\/\\\/www.eldiario.net\\\/portal\\\/#\\\/schema\\\/person\\\/ba370d92d160f4d3574381f6d9b78fab\"},\"headline\":\"Observatorio San Calixto reporta dos sismos en Santa Cruz y Potos\u00ed este martes (09:28)\",\"datePublished\":\"2026-09-01T13:27:35+00:00\",\"mainEntityOfPage\":{\"@id\":\"https:\\\/\\\/www.eldiario.net\\\/portal\\\/2026\\\/09\\\/01\\\/observatorio-san-calixto-reporta-dos-sismos-en-santa-cruz-y-potosi-este-martes-0928\\\/\"},\"wordCount\":251,\"publisher\":{\"@id\":\"https:\\\/\\\/www.eldiario.net\\\/portal\\\/#organization\"},\"image\":{\"@id\":\"https:\\\/\\\/www.eldiario.net\\\/portal\\\/2026\\\/09\\\/01\\\/observatorio-san-calixto-reporta-dos-sismos-en-santa-cruz-y-potosi-este-martes-0928\\\/#primaryimage\"},\"thumbnailUrl\":\"https:\\\/\\\/www.eldiario.net\\\/portal\\\/wp-content\\\/uploads\\\/2026\\\/09\\\/mapa-sismos-01.09.26-copia.webp\",\"articleSection\":[\"\u00daltima Hora\"],\"inLanguage\":\"es\"},{\"@type\":\"WebPage\",\"@id\":\"https:\\\/\\\/www.eldiario.net\\\/portal\\\/2026\\\/09\\\/01\\\/observatorio-san-calixto-reporta-dos-sismos-en-santa-cruz-y-potosi-este-martes-0928\\\/\",\"url\":\"https:\\\/\\\/www.eldiario.net\\\/portal\\\/2026\\\/09\\\/01\\\/observatorio-san-calixto-reporta-dos-sismos-en-santa-cruz-y-potosi-este-martes-0928\\\/\",\"name\":\"Observatorio San Calixto reporta dos sismos en Santa Cruz y Potos\u00ed este martes (09:28) - El Diario - Bolivia\",\"isPartOf\":{\"@id\":\"https:\\\/\\\/www.eldiario.net\\\/portal\\\/#website\"},\"primaryImageOfPage\":{\"@id\":\"https:\\\/\\\/www.eldiario.net\\\/portal\\\/2026\\\/09\\\/01\\\/observatorio-san-calixto-reporta-dos-sismos-en-santa-cruz-y-potosi-este-martes-0928\\\/#primaryimage\"},\"image\":{\"@id\":\"https:\\\/\\\/www.eldiario.net\\\/portal\\\/2026\\\/09\\\/01\\\/observatorio-san-calixto-reporta-dos-sismos-en-santa-cruz-y-potosi-este-martes-0928\\\/#primaryimage\"},\"thumbnailUrl\":\"https:\\\/\\\/www.eldiario.net\\\/portal\\\/wp-content\\\/uploads\\\/2026\\\/09\\\/mapa-sismos-01.09.26-copia.webp\",\"datePublished\":\"2026-09-01T13:27:35+00:00\",\"breadcrumb\":{\"@id\":\"https:\\\/\\\/www.eldiario.net\\\/portal\\\/2026\\\/09\\\/01\\\/observatorio-san-calixto-reporta-dos-sismos-en-santa-cruz-y-potosi-este-martes-0928\\\/#breadcrumb\"},\"inLanguage\":\"es\",\"potentialAction\":[{\"@type\":\"ReadAction\",\"target\":[\"https:\\\/\\\/www.eldiario.net\\\/portal\\\/2026\\\/09\\\/01\\\/observatorio-san-calixto-reporta-dos-sismos-en-santa-cruz-y-potosi-este-martes-0928\\\/\"]}]},{\"@type\":\"ImageObject\",\"inLanguage\":\"es\",\"@id\":\"https:\\\/\\\/www.eldiario.net\\\/portal\\\/2026\\\/09\\\/01\\\/observatorio-san-calixto-reporta-dos-sismos-en-santa-cruz-y-potosi-este-martes-0928\\\/#primaryimage\",\"url\":\"https:\\\/\\\/www.eldiario.net\\\/portal\\\/wp-content\\\/uploads\\\/2026\\\/09\\\/mapa-sismos-01.09.26-copia.webp\",\"contentUrl\":\"https:\\\/\\\/www.eldiario.net\\\/portal\\\/wp-content\\\/uploads\\\/2026\\\/09\\\/mapa-sismos-01.09.26-copia.webp\",\"width\":504,\"height\":500,\"caption\":\"Observatorio San Calixto\"},{\"@type\":\"BreadcrumbList\",\"@id\":\"https:\\\/\\\/www.eldiario.net\\\/portal\\\/2026\\\/09\\\/01\\\/observatorio-san-calixto-reporta-dos-sismos-en-santa-cruz-y-potosi-este-martes-0928\\\/#breadcrumb\",\"itemListElement\":[{\"@type\":\"ListItem\",\"position\":1,\"name\":\"Portada\",\"item\":\"https:\\\/\\\/www.eldiario.net\\\/portal\\\/\"},{\"@type\":\"ListItem\",\"position\":2,\"name\":\"Observatorio San Calixto reporta dos sismos en Santa Cruz y Potos\u00ed este martes (09:28)\"}]},{\"@type\":\"WebSite\",\"@id\":\"https:\\\/\\\/www.eldiario.net\\\/portal\\\/#website\",\"url\":\"https:\\\/\\\/www.eldiario.net\\\/portal\\\/\",\"name\":\"El Diario - Decano de la prensa nacional\",\"description\":\"El Diario - Decano de la prensa nacional\",\"publisher\":{\"@id\":\"https:\\\/\\\/www.eldiario.net\\\/portal\\\/#organization\"},\"potentialAction\":[{\"@type\":\"SearchAction\",\"target\":{\"@type\":\"EntryPoint\",\"urlTemplate\":\"https:\\\/\\\/www.eldiario.net\\\/portal\\\/?s={search_term_string}\"},\"query-input\":{\"@type\":\"PropertyValueSpecification\",\"valueRequired\":true,\"valueName\":\"search_term_string\"}}],\"inLanguage\":\"es\"},{\"@type\":\"Organization\",\"@id\":\"https:\\\/\\\/www.eldiario.net\\\/portal\\\/#organization\",\"name\":\"El Diario - Decano de la prensa nacional\",\"url\":\"https:\\\/\\\/www.eldiario.net\\\/portal\\\/\",\"logo\":{\"@type\":\"ImageObject\",\"inLanguage\":\"es\",\"@id\":\"https:\\\/\\\/www.eldiario.net\\\/portal\\\/#\\\/schema\\\/logo\\\/image\\\/\",\"url\":\"https:\\\/\\\/www.eldiario.net\\\/portal\\\/wp-content\\\/uploads\\\/2023\\\/07\\\/logo_ED.jpg\",\"contentUrl\":\"https:\\\/\\\/www.eldiario.net\\\/portal\\\/wp-content\\\/uploads\\\/2023\\\/07\\\/logo_ED.jpg\",\"width\":272,\"height\":52,\"caption\":\"El Diario - Decano de la prensa nacional\"},\"image\":{\"@id\":\"https:\\\/\\\/www.eldiario.net\\\/portal\\\/#\\\/schema\\\/logo\\\/image\\\/\"},\"sameAs\":[\"https:\\\/\\\/www.facebook.com\\\/eldiario.bolivia\\\/\",\"https:\\\/\\\/x.com\\\/eldiario_net\"]},{\"@type\":\"Person\",\"@id\":\"https:\\\/\\\/www.eldiario.net\\\/portal\\\/#\\\/schema\\\/person\\\/ba370d92d160f4d3574381f6d9b78fab\",\"name\":\"Viviana Monrroy\",\"image\":{\"@type\":\"ImageObject\",\"inLanguage\":\"es\",\"@id\":\"https:\\\/\\\/secure.gravatar.com\\\/avatar\\\/dfd1611ed5600959a0e5a9754503b6c05d1dcf190010998e0363aee2ad98afca?s=96&d=mm&r=g\",\"url\":\"https:\\\/\\\/secure.gravatar.com\\\/avatar\\\/dfd1611ed5600959a0e5a9754503b6c05d1dcf190010998e0363aee2ad98afca?s=96&d=mm&r=g\",\"contentUrl\":\"https:\\\/\\\/secure.gravatar.com\\\/avatar\\\/dfd1611ed5600959a0e5a9754503b6c05d1dcf190010998e0363aee2ad98afca?s=96&d=mm&r=g\",\"caption\":\"Viviana Monrroy\"},\"sameAs\":[\"http:\\\/\\\/www.eldiario.net\"],\"url\":\"https:\\\/\\\/www.eldiario.net\\\/portal\\\/author\\\/vivianamonrroy\\\/\"}]}<\/script>\n<!-- \/ Yoast SEO plugin. -->","yoast_head_json":{"title":"Observatorio San Calixto reporta dos sismos en Santa Cruz y Potos\u00ed este martes (09:28) - El Diario - Bolivia","robots":{"index":"index","follow":"follow","max-snippet":"max-snippet:-1","max-image-preview":"max-image-preview:large","max-video-preview":"max-video-preview:-1"},"canonical":"https:\/\/www.eldiario.net\/portal\/2026\/09\/01\/observatorio-san-calixto-reporta-dos-sismos-en-santa-cruz-y-potosi-este-martes-0928\/","og_locale":"es_ES","og_type":"article","og_title":"Observatorio San Calixto reporta dos sismos en Santa Cruz y Potos\u00ed este martes (09:28) - El Diario - Bolivia","og_description":"Dos movimientos tel\u00faricos se registraron en las primeras horas de este martes 1 de septiembre en el territorio nacional, seg\u00fan el reporte oficial del Observatorio San Calixto. Los eventos s\u00edsmicos afectaron a la provincia Ichilo, en el departamento de Santa Cruz, y a la provincia Nor L\u00edpez, en Potos\u00ed, sin que se reporten hasta el [&hellip;]","og_url":"https:\/\/www.eldiario.net\/portal\/2026\/09\/01\/observatorio-san-calixto-reporta-dos-sismos-en-santa-cruz-y-potosi-este-martes-0928\/","og_site_name":"El Diario - Bolivia","article_publisher":"https:\/\/www.facebook.com\/eldiario.bolivia\/","article_published_time":"2026-09-01T13:27:35+00:00","og_image":[{"width":504,"height":500,"url":"https:\/\/www.eldiario.net\/portal\/wp-content\/uploads\/2026\/09\/mapa-sismos-01.09.26-copia.webp","type":"image\/webp"}],"author":"Viviana Monrroy","twitter_card":"summary_large_image","twitter_creator":"@eldiario_net","twitter_site":"@eldiario_net","twitter_misc":{"Escrito por":"Viviana Monrroy","Tiempo de lectura":"2 minutos"},"schema":{"@context":"https:\/\/schema.org","@graph":[{"@type":"Article","@id":"https:\/\/www.eldiario.net\/portal\/2026\/09\/01\/observatorio-san-calixto-reporta-dos-sismos-en-santa-cruz-y-potosi-este-martes-0928\/#article","isPartOf":{"@id":"https:\/\/www.eldiario.net\/portal\/2026\/09\/01\/observatorio-san-calixto-reporta-dos-sismos-en-santa-cruz-y-potosi-este-martes-0928\/"},"author":{"name":"Viviana Monrroy","@id":"https:\/\/www.eldiario.net\/portal\/#\/schema\/person\/ba370d92d160f4d3574381f6d9b78fab"},"headline":"Observatorio San Calixto reporta dos sismos en Santa Cruz y Potos\u00ed este martes (09:28)","datePublished":"2026-09-01T13:27:35+00:00","mainEntityOfPage":{"@id":"https:\/\/www.eldiario.net\/portal\/2026\/09\/01\/observatorio-san-calixto-reporta-dos-sismos-en-santa-cruz-y-potosi-este-martes-0928\/"},"wordCount":251,"publisher":{"@id":"https:\/\/www.eldiario.net\/portal\/#organization"},"image":{"@id":"https:\/\/www.eldiario.net\/portal\/2026\/09\/01\/observatorio-san-calixto-reporta-dos-sismos-en-santa-cruz-y-potosi-este-martes-0928\/#primaryimage"},"thumbnailUrl":"https:\/\/www.eldiario.net\/portal\/wp-content\/uploads\/2026\/09\/mapa-sismos-01.09.26-copia.webp","articleSection":["\u00daltima Hora"],"inLanguage":"es"},{"@type":"WebPage","@id":"https:\/\/www.eldiario.net\/portal\/2026\/09\/01\/observatorio-san-calixto-reporta-dos-sismos-en-santa-cruz-y-potosi-este-martes-0928\/","url":"https:\/\/www.eldiario.net\/portal\/2026\/09\/01\/observatorio-san-calixto-reporta-dos-sismos-en-santa-cruz-y-potosi-este-martes-0928\/","name":"Observatorio San Calixto reporta dos sismos en Santa Cruz y Potos\u00ed este martes (09:28) - El Diario - Bolivia","isPartOf":{"@id":"https:\/\/www.eldiario.net\/portal\/#website"},"primaryImageOfPage":{"@id":"https:\/\/www.eldiario.net\/portal\/2026\/09\/01\/observatorio-san-calixto-reporta-dos-sismos-en-santa-cruz-y-potosi-este-martes-0928\/#primaryimage"},"image":{"@id":"https:\/\/www.eldiario.net\/portal\/2026\/09\/01\/observatorio-san-calixto-reporta-dos-sismos-en-santa-cruz-y-potosi-este-martes-0928\/#primaryimage"},"thumbnailUrl":"https:\/\/www.eldiario.net\/portal\/wp-content\/uploads\/2026\/09\/mapa-sismos-01.09.26-copia.webp","datePublished":"2026-09-01T13:27:35+00:00","breadcrumb":{"@id":"https:\/\/www.eldiario.net\/portal\/2026\/09\/01\/observatorio-san-calixto-reporta-dos-sismos-en-santa-cruz-y-potosi-este-martes-0928\/#breadcrumb"},"inLanguage":"es","potentialAction":[{"@type":"ReadAction","target":["https:\/\/www.eldiario.net\/portal\/2026\/09\/01\/observatorio-san-calixto-reporta-dos-sismos-en-santa-cruz-y-potosi-este-martes-0928\/"]}]},{"@type":"ImageObject","inLanguage":"es","@id":"https:\/\/www.eldiario.net\/portal\/2026\/09\/01\/observatorio-san-calixto-reporta-dos-sismos-en-santa-cruz-y-potosi-este-martes-0928\/#primaryimage","url":"https:\/\/www.eldiario.net\/portal\/wp-content\/uploads\/2026\/09\/mapa-sismos-01.09.26-copia.webp","contentUrl":"https:\/\/www.eldiario.net\/portal\/wp-content\/uploads\/2026\/09\/mapa-sismos-01.09.26-copia.webp","width":504,"height":500,"caption":"Observatorio San Calixto"},{"@type":"BreadcrumbList","@id":"https:\/\/www.eldiario.net\/portal\/2026\/09\/01\/observatorio-san-calixto-reporta-dos-sismos-en-santa-cruz-y-potosi-este-martes-0928\/#breadcrumb","itemListElement":[{"@type":"ListItem","position":1,"name":"Portada","item":"https:\/\/www.eldiario.net\/portal\/"},{"@type":"ListItem","position":2,"name":"Observatorio San Calixto reporta dos sismos en Santa Cruz y Potos\u00ed este martes (09:28)"}]},{"@type":"WebSite","@id":"https:\/\/www.eldiario.net\/portal\/#website","url":"https:\/\/www.eldiario.net\/portal\/","name":"El Diario - Decano de la prensa nacional","description":"El Diario - Decano de la prensa nacional","publisher":{"@id":"https:\/\/www.eldiario.net\/portal\/#organization"},"potentialAction":[{"@type":"SearchAction","target":{"@type":"EntryPoint","urlTemplate":"https:\/\/www.eldiario.net\/portal\/?s={search_term_string}"},"query-input":{"@type":"PropertyValueSpecification","valueRequired":true,"valueName":"search_term_string"}}],"inLanguage":"es"},{"@type":"Organization","@id":"https:\/\/www.eldiario.net\/portal\/#organization","name":"El Diario - Decano de la prensa nacional","url":"https:\/\/www.eldiario.net\/portal\/","logo":{"@type":"ImageObject","inLanguage":"es","@id":"https:\/\/www.eldiario.net\/portal\/#\/schema\/logo\/image\/","url":"https:\/\/www.eldiario.net\/portal\/wp-content\/uploads\/2023\/07\/logo_ED.jpg","contentUrl":"https:\/\/www.eldiario.net\/portal\/wp-content\/uploads\/2023\/07\/logo_ED.jpg","width":272,"height":52,"caption":"El Diario - Decano de la prensa nacional"},"image":{"@id":"https:\/\/www.eldiario.net\/portal\/#\/schema\/logo\/image\/"},"sameAs":["https:\/\/www.facebook.com\/eldiario.bolivia\/","https:\/\/x.com\/eldiario_net"]},{"@type":"Person","@id":"https:\/\/www.eldiario.net\/portal\/#\/schema\/person\/ba370d92d160f4d3574381f6d9b78fab","name":"Viviana Monrroy","image":{"@type":"ImageObject","inLanguage":"es","@id":"https:\/\/secure.gravatar.com\/avatar\/dfd1611ed5600959a0e5a9754503b6c05d1dcf190010998e0363aee2ad98afca?s=96&d=mm&r=g","url":"https:\/\/secure.gravatar.com\/avatar\/dfd1611ed5600959a0e5a9754503b6c05d1dcf190010998e0363aee2ad98afca?s=96&d=mm&r=g","contentUrl":"https:\/\/secure.gravatar.com\/avatar\/dfd1611ed5600959a0e5a9754503b6c05d1dcf190010998e0363aee2ad98afca?s=96&d=mm&r=g","caption":"Viviana Monrroy"},"sameAs":["http:\/\/www.eldiario.net"],"url":"https:\/\/www.eldiario.net\/portal\/author\/vivianamonrroy\/"}]}},"_links":{"self":[{"href":"https:\/\/www.eldiario.net\/portal\/wp-json\/wp\/v2\/posts\/426708","targetHints":{"allow":["GET"]}}],"collection":[{"href":"https:\/\/www.eldiario.net\/portal\/wp-json\/wp\/v2\/posts"}],"about":[{"href":"https:\/\/www.eldiario.net\/portal\/wp-json\/wp\/v2\/types\/post"}],"author":[{"embeddable":true,"href":"https:\/\/www.eldiario.net\/portal\/wp-json\/wp\/v2\/users\/7"}],"replies":[{"embeddable":true,"href":"https:\/\/www.eldiario.net\/portal\/wp-json\/wp\/v2\/comments?post=426708"}],"version-history":[{"count":1,"href":"https:\/\/www.eldiario.net\/portal\/wp-json\/wp\/v2\/posts\/426708\/revisions"}],"predecessor-version":[{"id":426712,"href":"https:\/\/www.eldiario.net\/portal\/wp-json\/wp\/v2\/posts\/426708\/revisions\/426712"}],"wp:featuredmedia":[{"embeddable":true,"href":"https:\/\/www.eldiario.net\/portal\/wp-json\/wp\/v2\/media\/426711"}],"wp:attachment":[{"href":"https:\/\/www.eldiario.net\/portal\/wp-json\/wp\/v2\/media?parent=426708"}],"wp:term":[{"taxonomy":"category","embeddable":true,"href":"https:\/\/www.eldiario.net\/portal\/wp-json\/wp\/v2\/categories?post=426708"},{"taxonomy":"post_tag","embeddable":true,"href":"https:\/\/www.eldiario.net\/portal\/wp-json\/wp\/v2\/tags?post=426708"}],"curies":[{"name":"wp","href":"https:\/\/api.w.org\/{rel}","templated":true}]}}