{"id":426704,"date":"2026-09-01T09:13:26","date_gmt":"2026-09-01T13:13:26","guid":{"rendered":"https:\/\/www.eldiario.net\/portal\/?p=426704"},"modified":"2026-09-01T09:13:26","modified_gmt":"2026-09-01T13:13:26","slug":"vuelo-de-boa-es-suspendido-y-surgen-versiones-distintas-sobre-el-incidente-0913","status":"publish","type":"post","link":"https:\/\/www.eldiario.net\/portal\/2026\/09\/01\/vuelo-de-boa-es-suspendido-y-surgen-versiones-distintas-sobre-el-incidente-0913\/","title":{"rendered":"Vuelo de BoA es suspendido y surgen versiones distintas sobre el incidente (09:13)"},"content":{"rendered":"<p>Un vuelo de Boliviana de Aviaci\u00f3n (BoA) que deb\u00eda cubrir la ruta S\u00e3o Paulo\u2013Santa Cruz fue suspendido la noche del lunes 31 de agosto por una falla t\u00e9cnica en uno de sus motores.<\/p>\n<p>Unos 100 pasajeros fueron desembarcados y trasladados en buses a la terminal de Guarulhos.<\/p>\n<p>Seg\u00fan BoA, la aeronave CP-2924, correspondiente al vuelo OB739, registr\u00f3 una incidencia durante el despegue.<\/p>\n<p>La tripulaci\u00f3n abort\u00f3 la maniobra, retorn\u00f3 a plataforma y activ\u00f3 los protocolos de seguridad. La empresa inform\u00f3 que los pasajeros ser\u00e1n reubicados en pr\u00f3ximos vuelos.<\/p>\n<p>Sin embargo, el medio brasile\u00f1o G1 report\u00f3 que el Boeing 737 lleg\u00f3 a despegar y permaneci\u00f3 unos 30 minutos en el aire antes de realizar un aterrizaje de emergencia en Guarulhos, donde se activaron los equipos de emergencia. No se reportaron personas heridas.<\/p>\n<p>La aerol\u00ednea no explic\u00f3 el origen de la falla ni se refiri\u00f3 a la diferencia entre ambas versiones. La aeronave permanece bajo evaluaci\u00f3n t\u00e9cnica.<\/p>\n","protected":false},"excerpt":{"rendered":"<p>Un vuelo de Boliviana de Aviaci\u00f3n (BoA) que deb\u00eda cubrir la ruta S\u00e3o Paulo\u2013Santa Cruz fue suspendido la noche del lunes 31 de agosto por una falla t\u00e9cnica en uno de sus motores. Unos 100 pasajeros fueron desembarcados y trasladados en buses a la terminal de Guarulhos. Seg\u00fan BoA, la aeronave CP-2924, correspondiente al vuelo [&hellip;]<\/p>\n","protected":false},"author":7,"featured_media":426705,"comment_status":"closed","ping_status":"open","sticky":false,"template":"","format":"standard","meta":{"_acf_changed":false,"footnotes":""},"categories":[51],"tags":[],"class_list":["post-426704","post","type-post","status-publish","format-standard","has-post-thumbnail","category-ultima-hora"],"acf":{"antetitulo":""},"yoast_head":"<!-- This site is optimized with the Yoast SEO plugin v28.3 - https:\/\/yoast.com\/product\/yoast-seo-wordpress\/ -->\n<title>Vuelo de BoA es suspendido y surgen versiones distintas sobre el incidente (09:13) - El Diario - Bolivia<\/title>\n<meta name=\"robots\" content=\"index, follow, max-snippet:-1, max-image-preview:large, max-video-preview:-1\" \/>\n<link rel=\"canonical\" href=\"https:\/\/www.eldiario.net\/portal\/2026\/09\/01\/vuelo-de-boa-es-suspendido-y-surgen-versiones-distintas-sobre-el-incidente-0913\/\" \/>\n<meta property=\"og:locale\" content=\"es_ES\" \/>\n<meta property=\"og:type\" content=\"article\" \/>\n<meta property=\"og:title\" content=\"Vuelo de BoA es suspendido y surgen versiones distintas sobre el incidente (09:13) - El Diario - Bolivia\" \/>\n<meta property=\"og:description\" content=\"Un vuelo de Boliviana de Aviaci\u00f3n (BoA) que deb\u00eda cubrir la ruta S\u00e3o Paulo\u2013Santa Cruz fue suspendido la noche del lunes 31 de agosto por una falla t\u00e9cnica en uno de sus motores. Unos 100 pasajeros fueron desembarcados y trasladados en buses a la terminal de Guarulhos. Seg\u00fan BoA, la aeronave CP-2924, correspondiente al vuelo [&hellip;]\" \/>\n<meta property=\"og:url\" content=\"https:\/\/www.eldiario.net\/portal\/2026\/09\/01\/vuelo-de-boa-es-suspendido-y-surgen-versiones-distintas-sobre-el-incidente-0913\/\" \/>\n<meta property=\"og:site_name\" content=\"El Diario - Bolivia\" \/>\n<meta property=\"article:publisher\" content=\"https:\/\/www.facebook.com\/eldiario.bolivia\/\" \/>\n<meta property=\"article:published_time\" content=\"2026-09-01T13:13:26+00:00\" \/>\n<meta property=\"og:image\" content=\"https:\/\/www.eldiario.net\/portal\/wp-content\/uploads\/2026\/09\/boa-01.09.26-copia.webp\" \/>\n\t<meta property=\"og:image:width\" content=\"520\" \/>\n\t<meta property=\"og:image:height\" content=\"293\" \/>\n\t<meta property=\"og:image:type\" content=\"image\/webp\" \/>\n<meta name=\"author\" content=\"Viviana Monrroy\" \/>\n<meta name=\"twitter:card\" content=\"summary_large_image\" \/>\n<meta name=\"twitter:creator\" content=\"@eldiario_net\" \/>\n<meta name=\"twitter:site\" content=\"@eldiario_net\" \/>\n<meta name=\"twitter:label1\" content=\"Escrito por\" \/>\n\t<meta name=\"twitter:data1\" content=\"Viviana Monrroy\" \/>\n\t<meta name=\"twitter:label2\" content=\"Tiempo de lectura\" \/>\n\t<meta name=\"twitter:data2\" content=\"1 minuto\" \/>\n<script type=\"application\/ld+json\" class=\"yoast-schema-graph\">{\"@context\":\"https:\\\/\\\/schema.org\",\"@graph\":[{\"@type\":\"Article\",\"@id\":\"https:\\\/\\\/www.eldiario.net\\\/portal\\\/2026\\\/09\\\/01\\\/vuelo-de-boa-es-suspendido-y-surgen-versiones-distintas-sobre-el-incidente-0913\\\/#article\",\"isPartOf\":{\"@id\":\"https:\\\/\\\/www.eldiario.net\\\/portal\\\/2026\\\/09\\\/01\\\/vuelo-de-boa-es-suspendido-y-surgen-versiones-distintas-sobre-el-incidente-0913\\\/\"},\"author\":{\"name\":\"Viviana Monrroy\",\"@id\":\"https:\\\/\\\/www.eldiario.net\\\/portal\\\/#\\\/schema\\\/person\\\/ba370d92d160f4d3574381f6d9b78fab\"},\"headline\":\"Vuelo de BoA es suspendido y surgen versiones distintas sobre el incidente (09:13)\",\"datePublished\":\"2026-09-01T13:13:26+00:00\",\"mainEntityOfPage\":{\"@id\":\"https:\\\/\\\/www.eldiario.net\\\/portal\\\/2026\\\/09\\\/01\\\/vuelo-de-boa-es-suspendido-y-surgen-versiones-distintas-sobre-el-incidente-0913\\\/\"},\"wordCount\":175,\"publisher\":{\"@id\":\"https:\\\/\\\/www.eldiario.net\\\/portal\\\/#organization\"},\"image\":{\"@id\":\"https:\\\/\\\/www.eldiario.net\\\/portal\\\/2026\\\/09\\\/01\\\/vuelo-de-boa-es-suspendido-y-surgen-versiones-distintas-sobre-el-incidente-0913\\\/#primaryimage\"},\"thumbnailUrl\":\"https:\\\/\\\/www.eldiario.net\\\/portal\\\/wp-content\\\/uploads\\\/2026\\\/09\\\/boa-01.09.26-copia.webp\",\"articleSection\":[\"\u00daltima Hora\"],\"inLanguage\":\"es\"},{\"@type\":\"WebPage\",\"@id\":\"https:\\\/\\\/www.eldiario.net\\\/portal\\\/2026\\\/09\\\/01\\\/vuelo-de-boa-es-suspendido-y-surgen-versiones-distintas-sobre-el-incidente-0913\\\/\",\"url\":\"https:\\\/\\\/www.eldiario.net\\\/portal\\\/2026\\\/09\\\/01\\\/vuelo-de-boa-es-suspendido-y-surgen-versiones-distintas-sobre-el-incidente-0913\\\/\",\"name\":\"Vuelo de BoA es suspendido y surgen versiones distintas sobre el incidente (09:13) - El Diario - Bolivia\",\"isPartOf\":{\"@id\":\"https:\\\/\\\/www.eldiario.net\\\/portal\\\/#website\"},\"primaryImageOfPage\":{\"@id\":\"https:\\\/\\\/www.eldiario.net\\\/portal\\\/2026\\\/09\\\/01\\\/vuelo-de-boa-es-suspendido-y-surgen-versiones-distintas-sobre-el-incidente-0913\\\/#primaryimage\"},\"image\":{\"@id\":\"https:\\\/\\\/www.eldiario.net\\\/portal\\\/2026\\\/09\\\/01\\\/vuelo-de-boa-es-suspendido-y-surgen-versiones-distintas-sobre-el-incidente-0913\\\/#primaryimage\"},\"thumbnailUrl\":\"https:\\\/\\\/www.eldiario.net\\\/portal\\\/wp-content\\\/uploads\\\/2026\\\/09\\\/boa-01.09.26-copia.webp\",\"datePublished\":\"2026-09-01T13:13:26+00:00\",\"breadcrumb\":{\"@id\":\"https:\\\/\\\/www.eldiario.net\\\/portal\\\/2026\\\/09\\\/01\\\/vuelo-de-boa-es-suspendido-y-surgen-versiones-distintas-sobre-el-incidente-0913\\\/#breadcrumb\"},\"inLanguage\":\"es\",\"potentialAction\":[{\"@type\":\"ReadAction\",\"target\":[\"https:\\\/\\\/www.eldiario.net\\\/portal\\\/2026\\\/09\\\/01\\\/vuelo-de-boa-es-suspendido-y-surgen-versiones-distintas-sobre-el-incidente-0913\\\/\"]}]},{\"@type\":\"ImageObject\",\"inLanguage\":\"es\",\"@id\":\"https:\\\/\\\/www.eldiario.net\\\/portal\\\/2026\\\/09\\\/01\\\/vuelo-de-boa-es-suspendido-y-surgen-versiones-distintas-sobre-el-incidente-0913\\\/#primaryimage\",\"url\":\"https:\\\/\\\/www.eldiario.net\\\/portal\\\/wp-content\\\/uploads\\\/2026\\\/09\\\/boa-01.09.26-copia.webp\",\"contentUrl\":\"https:\\\/\\\/www.eldiario.net\\\/portal\\\/wp-content\\\/uploads\\\/2026\\\/09\\\/boa-01.09.26-copia.webp\",\"width\":520,\"height\":293,\"caption\":\"Foto: RR.SS.\"},{\"@type\":\"BreadcrumbList\",\"@id\":\"https:\\\/\\\/www.eldiario.net\\\/portal\\\/2026\\\/09\\\/01\\\/vuelo-de-boa-es-suspendido-y-surgen-versiones-distintas-sobre-el-incidente-0913\\\/#breadcrumb\",\"itemListElement\":[{\"@type\":\"ListItem\",\"position\":1,\"name\":\"Portada\",\"item\":\"https:\\\/\\\/www.eldiario.net\\\/portal\\\/\"},{\"@type\":\"ListItem\",\"position\":2,\"name\":\"Vuelo de BoA es suspendido y surgen versiones distintas sobre el incidente (09:13)\"}]},{\"@type\":\"WebSite\",\"@id\":\"https:\\\/\\\/www.eldiario.net\\\/portal\\\/#website\",\"url\":\"https:\\\/\\\/www.eldiario.net\\\/portal\\\/\",\"name\":\"El Diario - Decano de la prensa nacional\",\"description\":\"El Diario - Decano de la prensa nacional\",\"publisher\":{\"@id\":\"https:\\\/\\\/www.eldiario.net\\\/portal\\\/#organization\"},\"potentialAction\":[{\"@type\":\"SearchAction\",\"target\":{\"@type\":\"EntryPoint\",\"urlTemplate\":\"https:\\\/\\\/www.eldiario.net\\\/portal\\\/?s={search_term_string}\"},\"query-input\":{\"@type\":\"PropertyValueSpecification\",\"valueRequired\":true,\"valueName\":\"search_term_string\"}}],\"inLanguage\":\"es\"},{\"@type\":\"Organization\",\"@id\":\"https:\\\/\\\/www.eldiario.net\\\/portal\\\/#organization\",\"name\":\"El Diario - Decano de la prensa nacional\",\"url\":\"https:\\\/\\\/www.eldiario.net\\\/portal\\\/\",\"logo\":{\"@type\":\"ImageObject\",\"inLanguage\":\"es\",\"@id\":\"https:\\\/\\\/www.eldiario.net\\\/portal\\\/#\\\/schema\\\/logo\\\/image\\\/\",\"url\":\"https:\\\/\\\/www.eldiario.net\\\/portal\\\/wp-content\\\/uploads\\\/2023\\\/07\\\/logo_ED.jpg\",\"contentUrl\":\"https:\\\/\\\/www.eldiario.net\\\/portal\\\/wp-content\\\/uploads\\\/2023\\\/07\\\/logo_ED.jpg\",\"width\":272,\"height\":52,\"caption\":\"El Diario - Decano de la prensa nacional\"},\"image\":{\"@id\":\"https:\\\/\\\/www.eldiario.net\\\/portal\\\/#\\\/schema\\\/logo\\\/image\\\/\"},\"sameAs\":[\"https:\\\/\\\/www.facebook.com\\\/eldiario.bolivia\\\/\",\"https:\\\/\\\/x.com\\\/eldiario_net\"]},{\"@type\":\"Person\",\"@id\":\"https:\\\/\\\/www.eldiario.net\\\/portal\\\/#\\\/schema\\\/person\\\/ba370d92d160f4d3574381f6d9b78fab\",\"name\":\"Viviana Monrroy\",\"image\":{\"@type\":\"ImageObject\",\"inLanguage\":\"es\",\"@id\":\"https:\\\/\\\/secure.gravatar.com\\\/avatar\\\/dfd1611ed5600959a0e5a9754503b6c05d1dcf190010998e0363aee2ad98afca?s=96&d=mm&r=g\",\"url\":\"https:\\\/\\\/secure.gravatar.com\\\/avatar\\\/dfd1611ed5600959a0e5a9754503b6c05d1dcf190010998e0363aee2ad98afca?s=96&d=mm&r=g\",\"contentUrl\":\"https:\\\/\\\/secure.gravatar.com\\\/avatar\\\/dfd1611ed5600959a0e5a9754503b6c05d1dcf190010998e0363aee2ad98afca?s=96&d=mm&r=g\",\"caption\":\"Viviana Monrroy\"},\"sameAs\":[\"http:\\\/\\\/www.eldiario.net\"],\"url\":\"https:\\\/\\\/www.eldiario.net\\\/portal\\\/author\\\/vivianamonrroy\\\/\"}]}<\/script>\n<!-- \/ Yoast SEO plugin. -->","yoast_head_json":{"title":"Vuelo de BoA es suspendido y surgen versiones distintas sobre el incidente (09:13) - El Diario - Bolivia","robots":{"index":"index","follow":"follow","max-snippet":"max-snippet:-1","max-image-preview":"max-image-preview:large","max-video-preview":"max-video-preview:-1"},"canonical":"https:\/\/www.eldiario.net\/portal\/2026\/09\/01\/vuelo-de-boa-es-suspendido-y-surgen-versiones-distintas-sobre-el-incidente-0913\/","og_locale":"es_ES","og_type":"article","og_title":"Vuelo de BoA es suspendido y surgen versiones distintas sobre el incidente (09:13) - El Diario - Bolivia","og_description":"Un vuelo de Boliviana de Aviaci\u00f3n (BoA) que deb\u00eda cubrir la ruta S\u00e3o Paulo\u2013Santa Cruz fue suspendido la noche del lunes 31 de agosto por una falla t\u00e9cnica en uno de sus motores. Unos 100 pasajeros fueron desembarcados y trasladados en buses a la terminal de Guarulhos. Seg\u00fan BoA, la aeronave CP-2924, correspondiente al vuelo [&hellip;]","og_url":"https:\/\/www.eldiario.net\/portal\/2026\/09\/01\/vuelo-de-boa-es-suspendido-y-surgen-versiones-distintas-sobre-el-incidente-0913\/","og_site_name":"El Diario - Bolivia","article_publisher":"https:\/\/www.facebook.com\/eldiario.bolivia\/","article_published_time":"2026-09-01T13:13:26+00:00","og_image":[{"width":520,"height":293,"url":"https:\/\/www.eldiario.net\/portal\/wp-content\/uploads\/2026\/09\/boa-01.09.26-copia.webp","type":"image\/webp"}],"author":"Viviana Monrroy","twitter_card":"summary_large_image","twitter_creator":"@eldiario_net","twitter_site":"@eldiario_net","twitter_misc":{"Escrito por":"Viviana Monrroy","Tiempo de lectura":"1 minuto"},"schema":{"@context":"https:\/\/schema.org","@graph":[{"@type":"Article","@id":"https:\/\/www.eldiario.net\/portal\/2026\/09\/01\/vuelo-de-boa-es-suspendido-y-surgen-versiones-distintas-sobre-el-incidente-0913\/#article","isPartOf":{"@id":"https:\/\/www.eldiario.net\/portal\/2026\/09\/01\/vuelo-de-boa-es-suspendido-y-surgen-versiones-distintas-sobre-el-incidente-0913\/"},"author":{"name":"Viviana Monrroy","@id":"https:\/\/www.eldiario.net\/portal\/#\/schema\/person\/ba370d92d160f4d3574381f6d9b78fab"},"headline":"Vuelo de BoA es suspendido y surgen versiones distintas sobre el incidente (09:13)","datePublished":"2026-09-01T13:13:26+00:00","mainEntityOfPage":{"@id":"https:\/\/www.eldiario.net\/portal\/2026\/09\/01\/vuelo-de-boa-es-suspendido-y-surgen-versiones-distintas-sobre-el-incidente-0913\/"},"wordCount":175,"publisher":{"@id":"https:\/\/www.eldiario.net\/portal\/#organization"},"image":{"@id":"https:\/\/www.eldiario.net\/portal\/2026\/09\/01\/vuelo-de-boa-es-suspendido-y-surgen-versiones-distintas-sobre-el-incidente-0913\/#primaryimage"},"thumbnailUrl":"https:\/\/www.eldiario.net\/portal\/wp-content\/uploads\/2026\/09\/boa-01.09.26-copia.webp","articleSection":["\u00daltima Hora"],"inLanguage":"es"},{"@type":"WebPage","@id":"https:\/\/www.eldiario.net\/portal\/2026\/09\/01\/vuelo-de-boa-es-suspendido-y-surgen-versiones-distintas-sobre-el-incidente-0913\/","url":"https:\/\/www.eldiario.net\/portal\/2026\/09\/01\/vuelo-de-boa-es-suspendido-y-surgen-versiones-distintas-sobre-el-incidente-0913\/","name":"Vuelo de BoA es suspendido y surgen versiones distintas sobre el incidente (09:13) - El Diario - Bolivia","isPartOf":{"@id":"https:\/\/www.eldiario.net\/portal\/#website"},"primaryImageOfPage":{"@id":"https:\/\/www.eldiario.net\/portal\/2026\/09\/01\/vuelo-de-boa-es-suspendido-y-surgen-versiones-distintas-sobre-el-incidente-0913\/#primaryimage"},"image":{"@id":"https:\/\/www.eldiario.net\/portal\/2026\/09\/01\/vuelo-de-boa-es-suspendido-y-surgen-versiones-distintas-sobre-el-incidente-0913\/#primaryimage"},"thumbnailUrl":"https:\/\/www.eldiario.net\/portal\/wp-content\/uploads\/2026\/09\/boa-01.09.26-copia.webp","datePublished":"2026-09-01T13:13:26+00:00","breadcrumb":{"@id":"https:\/\/www.eldiario.net\/portal\/2026\/09\/01\/vuelo-de-boa-es-suspendido-y-surgen-versiones-distintas-sobre-el-incidente-0913\/#breadcrumb"},"inLanguage":"es","potentialAction":[{"@type":"ReadAction","target":["https:\/\/www.eldiario.net\/portal\/2026\/09\/01\/vuelo-de-boa-es-suspendido-y-surgen-versiones-distintas-sobre-el-incidente-0913\/"]}]},{"@type":"ImageObject","inLanguage":"es","@id":"https:\/\/www.eldiario.net\/portal\/2026\/09\/01\/vuelo-de-boa-es-suspendido-y-surgen-versiones-distintas-sobre-el-incidente-0913\/#primaryimage","url":"https:\/\/www.eldiario.net\/portal\/wp-content\/uploads\/2026\/09\/boa-01.09.26-copia.webp","contentUrl":"https:\/\/www.eldiario.net\/portal\/wp-content\/uploads\/2026\/09\/boa-01.09.26-copia.webp","width":520,"height":293,"caption":"Foto: RR.SS."},{"@type":"BreadcrumbList","@id":"https:\/\/www.eldiario.net\/portal\/2026\/09\/01\/vuelo-de-boa-es-suspendido-y-surgen-versiones-distintas-sobre-el-incidente-0913\/#breadcrumb","itemListElement":[{"@type":"ListItem","position":1,"name":"Portada","item":"https:\/\/www.eldiario.net\/portal\/"},{"@type":"ListItem","position":2,"name":"Vuelo de BoA es suspendido y surgen versiones distintas sobre el incidente (09:13)"}]},{"@type":"WebSite","@id":"https:\/\/www.eldiario.net\/portal\/#website","url":"https:\/\/www.eldiario.net\/portal\/","name":"El Diario - Decano de la prensa nacional","description":"El Diario - Decano de la prensa nacional","publisher":{"@id":"https:\/\/www.eldiario.net\/portal\/#organization"},"potentialAction":[{"@type":"SearchAction","target":{"@type":"EntryPoint","urlTemplate":"https:\/\/www.eldiario.net\/portal\/?s={search_term_string}"},"query-input":{"@type":"PropertyValueSpecification","valueRequired":true,"valueName":"search_term_string"}}],"inLanguage":"es"},{"@type":"Organization","@id":"https:\/\/www.eldiario.net\/portal\/#organization","name":"El Diario - Decano de la prensa nacional","url":"https:\/\/www.eldiario.net\/portal\/","logo":{"@type":"ImageObject","inLanguage":"es","@id":"https:\/\/www.eldiario.net\/portal\/#\/schema\/logo\/image\/","url":"https:\/\/www.eldiario.net\/portal\/wp-content\/uploads\/2023\/07\/logo_ED.jpg","contentUrl":"https:\/\/www.eldiario.net\/portal\/wp-content\/uploads\/2023\/07\/logo_ED.jpg","width":272,"height":52,"caption":"El Diario - Decano de la prensa nacional"},"image":{"@id":"https:\/\/www.eldiario.net\/portal\/#\/schema\/logo\/image\/"},"sameAs":["https:\/\/www.facebook.com\/eldiario.bolivia\/","https:\/\/x.com\/eldiario_net"]},{"@type":"Person","@id":"https:\/\/www.eldiario.net\/portal\/#\/schema\/person\/ba370d92d160f4d3574381f6d9b78fab","name":"Viviana Monrroy","image":{"@type":"ImageObject","inLanguage":"es","@id":"https:\/\/secure.gravatar.com\/avatar\/dfd1611ed5600959a0e5a9754503b6c05d1dcf190010998e0363aee2ad98afca?s=96&d=mm&r=g","url":"https:\/\/secure.gravatar.com\/avatar\/dfd1611ed5600959a0e5a9754503b6c05d1dcf190010998e0363aee2ad98afca?s=96&d=mm&r=g","contentUrl":"https:\/\/secure.gravatar.com\/avatar\/dfd1611ed5600959a0e5a9754503b6c05d1dcf190010998e0363aee2ad98afca?s=96&d=mm&r=g","caption":"Viviana Monrroy"},"sameAs":["http:\/\/www.eldiario.net"],"url":"https:\/\/www.eldiario.net\/portal\/author\/vivianamonrroy\/"}]}},"_links":{"self":[{"href":"https:\/\/www.eldiario.net\/portal\/wp-json\/wp\/v2\/posts\/426704","targetHints":{"allow":["GET"]}}],"collection":[{"href":"https:\/\/www.eldiario.net\/portal\/wp-json\/wp\/v2\/posts"}],"about":[{"href":"https:\/\/www.eldiario.net\/portal\/wp-json\/wp\/v2\/types\/post"}],"author":[{"embeddable":true,"href":"https:\/\/www.eldiario.net\/portal\/wp-json\/wp\/v2\/users\/7"}],"replies":[{"embeddable":true,"href":"https:\/\/www.eldiario.net\/portal\/wp-json\/wp\/v2\/comments?post=426704"}],"version-history":[{"count":1,"href":"https:\/\/www.eldiario.net\/portal\/wp-json\/wp\/v2\/posts\/426704\/revisions"}],"predecessor-version":[{"id":426706,"href":"https:\/\/www.eldiario.net\/portal\/wp-json\/wp\/v2\/posts\/426704\/revisions\/426706"}],"wp:featuredmedia":[{"embeddable":true,"href":"https:\/\/www.eldiario.net\/portal\/wp-json\/wp\/v2\/media\/426705"}],"wp:attachment":[{"href":"https:\/\/www.eldiario.net\/portal\/wp-json\/wp\/v2\/media?parent=426704"}],"wp:term":[{"taxonomy":"category","embeddable":true,"href":"https:\/\/www.eldiario.net\/portal\/wp-json\/wp\/v2\/categories?post=426704"},{"taxonomy":"post_tag","embeddable":true,"href":"https:\/\/www.eldiario.net\/portal\/wp-json\/wp\/v2\/tags?post=426704"}],"curies":[{"name":"wp","href":"https:\/\/api.w.org\/{rel}","templated":true}]}}