{"id":426689,"date":"2026-09-01T06:56:18","date_gmt":"2026-09-01T10:56:18","guid":{"rendered":"https:\/\/www.eldiario.net\/portal\/?p=426689"},"modified":"2026-09-01T06:56:18","modified_gmt":"2026-09-01T10:56:18","slug":"san-antonio-golea-5-a-1-a-guabira","status":"publish","type":"post","link":"https:\/\/www.eldiario.net\/portal\/2026\/09\/01\/san-antonio-golea-5-a-1-a-guabira\/","title":{"rendered":"San Antonio golea 5 a 1 a Guabir\u00e1"},"content":{"rendered":"<p>ENTRE R\u00cdOS.- Sin resistencia por delante, San Antonio super\u00f3 a Guabir\u00e1 con una goleada por 5-1, este lunes, en el complemento de la segunda fecha de la Copa, en su presentaci\u00f3n en el estadio Carlos Villegas, de Entre R\u00edos, donde los santos tomaron este resultado como el impulso para ubicarse como l\u00edder de su grupo.<\/p>\n<p>La segunda victoria del cuadro valluno en esta Copa fue con una goleada indiscutible, abri\u00e9ndose camino en su serie y dejando a Guabir\u00e1 quieto, sin chance de responder ni avanzar en la tabla.<\/p>\n<p>Alexi Medina anot\u00f3 el 1-0, a los seis minutos, enviando el bal\u00f3n entre el primer palo y el arquero Manuel Ferrel, tras una acci\u00f3n generado en el costado derecho. El segundo gol de los locales fue convertido por Rafael Menacho (32\u00b4), bajando el bal\u00f3n con el pecho y rematando con la derecha. Pedro Cabral descont\u00f3 (31\u00b4) empujando un centro delante del arco.<\/p>\n<p>El 3-1 fue conquistado por Carlos Preciado, a los 46\u00b4, movi\u00e9ndose libre en el \u00e1rea peque\u00f1a para empujar el centro al ras, sin marcaci\u00f3n y en la cara del arquero Ferrel, con complicidad de la zaga central.<\/p>\n<p>Preciado fue la figura de los santos, anotando un doblete, a los 88\u00b4, con un remate cruzado, despu\u00e9s de una salida en falso de los visitantes. Los minutos finales fueron un suplicio para los visitantes, que dejaron bastante espacio a sus espaldas, por donde vino el 5-1, con Adalid Terrazas como el definidor, enviando la pelota por encima del guardameta.<\/p>\n<p>&nbsp;<\/p>\n<p>S\u00cdNTESIS<\/p>\n<p>SAN ANTONIO (5)<\/p>\n<p>Luis Guzm\u00e1n, Luis Rodr\u00edguez, Hallysson Padilha, Sergio Villam\u00edl, Andy Campos, L\u00edder Yanarico, Jo\u00e3o de Souza, Cristian Ricaldez, Adalid Terrazas, Alexi Medina, Rafael Menacho. DT: Edivaldo Rojas.<\/p>\n<p>CAMBIOS<\/p>\n<p>Carlos Preciado por Medina, Wagner Lima por Padilha, Ronald Bustos por De Souza, Kevin M\u00e9rida por Ricaldez, Marcelo de Lima por Menacho<\/p>\n<p>GOLES<\/p>\n<p>Alexi Medina (6\u00b4), Rafael Menacho (32\u00b4), Carlos Preciado (46\u00b4 y 88\u00b4), Adalid Terrazas (91\u00b4)<\/p>\n<p>GUABIR\u00c1 (1)<\/p>\n<p>Manuel Ferrel, Mauro Barro, Milciades Portillo, Nicol\u00e1s Masskooni,\u00a0 Denilso Fern\u00e1ndez, Carlos A\u00f1ez, Pablo Melgar, Andr\u00e9s Moreno, Gustavo Peredo, Samuel Garz\u00f3n, Pedro Cabral. DT: Leonardo Eg\u00fcez.<\/p>\n<p>CAMBIOS<\/p>\n<p>Luciano Ursino por Moreno, Thiago Ch\u00e1vez por Melgar, V\u00edctor Abrego por Fern\u00e1ndez, Makerlo T\u00e9llez por Garz\u00f3n, Juan Parada por Portillo.<\/p>\n<p>GOL<\/p>\n<p>Pedro Cabral (31\u00b4)<\/p>\n<p>&nbsp;<\/p>\n<p>\u00c1RBITRO<\/p>\n<p>Bladimir Rueda (Tarija)<\/p>\n<p>ASISTENTES<\/p>\n<p>Mar\u00eda Cabezas y Luis Le\u00f3n<\/p>\n<p>VAR<\/p>\n<p>Jorge Justiniano (Tarija)<\/p>\n<p>&nbsp;<\/p>\n<p>ESTADIO<\/p>\n<p>Carlos Villegas (Entre R\u00edos)<\/p>\n<p>&nbsp;<\/p>\n<p>P\u00daBLICO<\/p>\n<p>500 personas (aprox.)<\/p>\n<p><strong>\u00a0<\/strong><\/p>\n<p><strong>(APG)<\/strong><\/p>\n<p>&nbsp;<\/p>\n","protected":false},"excerpt":{"rendered":"<p>ENTRE R\u00cdOS.- Sin resistencia por delante, San Antonio super\u00f3 a Guabir\u00e1 con una goleada por 5-1, este lunes, en el complemento de la segunda fecha de la Copa, en su presentaci\u00f3n en el estadio Carlos Villegas, de Entre R\u00edos, donde los santos tomaron este resultado como el impulso para ubicarse como l\u00edder de su grupo. [&hellip;]<\/p>\n","protected":false},"author":1,"featured_media":426690,"comment_status":"closed","ping_status":"open","sticky":false,"template":"","format":"standard","meta":{"_acf_changed":false,"footnotes":""},"categories":[6],"tags":[],"class_list":["post-426689","post","type-post","status-publish","format-standard","has-post-thumbnail","category-deportes"],"acf":{"antetitulo":"COPA BOLIVIA"},"yoast_head":"<!-- This site is optimized with the Yoast SEO plugin v28.3 - https:\/\/yoast.com\/product\/yoast-seo-wordpress\/ -->\n<title>San Antonio golea 5 a 1 a Guabir\u00e1 - El Diario - Bolivia<\/title>\n<meta name=\"robots\" content=\"index, follow, max-snippet:-1, max-image-preview:large, max-video-preview:-1\" \/>\n<link rel=\"canonical\" href=\"https:\/\/www.eldiario.net\/portal\/2026\/09\/01\/san-antonio-golea-5-a-1-a-guabira\/\" \/>\n<meta property=\"og:locale\" content=\"es_ES\" \/>\n<meta property=\"og:type\" content=\"article\" \/>\n<meta property=\"og:title\" content=\"San Antonio golea 5 a 1 a Guabir\u00e1 - El Diario - Bolivia\" \/>\n<meta property=\"og:description\" content=\"ENTRE R\u00cdOS.- Sin resistencia por delante, San Antonio super\u00f3 a Guabir\u00e1 con una goleada por 5-1, este lunes, en el complemento de la segunda fecha de la Copa, en su presentaci\u00f3n en el estadio Carlos Villegas, de Entre R\u00edos, donde los santos tomaron este resultado como el impulso para ubicarse como l\u00edder de su grupo. [&hellip;]\" \/>\n<meta property=\"og:url\" content=\"https:\/\/www.eldiario.net\/portal\/2026\/09\/01\/san-antonio-golea-5-a-1-a-guabira\/\" \/>\n<meta property=\"og:site_name\" content=\"El Diario - Bolivia\" \/>\n<meta property=\"article:publisher\" content=\"https:\/\/www.facebook.com\/eldiario.bolivia\/\" \/>\n<meta property=\"article:published_time\" content=\"2026-09-01T10:56:18+00:00\" \/>\n<meta property=\"og:image\" content=\"https:\/\/www.eldiario.net\/portal\/wp-content\/uploads\/2026\/09\/San-Antonio-31.webp\" \/>\n\t<meta property=\"og:image:width\" content=\"1200\" \/>\n\t<meta property=\"og:image:height\" content=\"1128\" \/>\n\t<meta property=\"og:image:type\" content=\"image\/webp\" \/>\n<meta name=\"author\" content=\"Jeanette\" \/>\n<meta name=\"twitter:card\" content=\"summary_large_image\" \/>\n<meta name=\"twitter:creator\" content=\"@eldiario_net\" \/>\n<meta name=\"twitter:site\" content=\"@eldiario_net\" \/>\n<meta name=\"twitter:label1\" content=\"Escrito por\" \/>\n\t<meta name=\"twitter:data1\" content=\"Jeanette\" \/>\n\t<meta name=\"twitter:label2\" content=\"Tiempo de lectura\" \/>\n\t<meta name=\"twitter:data2\" content=\"2 minutos\" \/>\n<script type=\"application\/ld+json\" class=\"yoast-schema-graph\">{\"@context\":\"https:\\\/\\\/schema.org\",\"@graph\":[{\"@type\":\"Article\",\"@id\":\"https:\\\/\\\/www.eldiario.net\\\/portal\\\/2026\\\/09\\\/01\\\/san-antonio-golea-5-a-1-a-guabira\\\/#article\",\"isPartOf\":{\"@id\":\"https:\\\/\\\/www.eldiario.net\\\/portal\\\/2026\\\/09\\\/01\\\/san-antonio-golea-5-a-1-a-guabira\\\/\"},\"author\":{\"name\":\"Jeanette\",\"@id\":\"https:\\\/\\\/www.eldiario.net\\\/portal\\\/#\\\/schema\\\/person\\\/f46445640444750d7d753ccd04ae01b7\"},\"headline\":\"San Antonio golea 5 a 1 a Guabir\u00e1\",\"datePublished\":\"2026-09-01T10:56:18+00:00\",\"mainEntityOfPage\":{\"@id\":\"https:\\\/\\\/www.eldiario.net\\\/portal\\\/2026\\\/09\\\/01\\\/san-antonio-golea-5-a-1-a-guabira\\\/\"},\"wordCount\":424,\"publisher\":{\"@id\":\"https:\\\/\\\/www.eldiario.net\\\/portal\\\/#organization\"},\"image\":{\"@id\":\"https:\\\/\\\/www.eldiario.net\\\/portal\\\/2026\\\/09\\\/01\\\/san-antonio-golea-5-a-1-a-guabira\\\/#primaryimage\"},\"thumbnailUrl\":\"https:\\\/\\\/www.eldiario.net\\\/portal\\\/wp-content\\\/uploads\\\/2026\\\/09\\\/San-Antonio-31.webp\",\"articleSection\":[\"Deportes\"],\"inLanguage\":\"es\"},{\"@type\":\"WebPage\",\"@id\":\"https:\\\/\\\/www.eldiario.net\\\/portal\\\/2026\\\/09\\\/01\\\/san-antonio-golea-5-a-1-a-guabira\\\/\",\"url\":\"https:\\\/\\\/www.eldiario.net\\\/portal\\\/2026\\\/09\\\/01\\\/san-antonio-golea-5-a-1-a-guabira\\\/\",\"name\":\"San Antonio golea 5 a 1 a Guabir\u00e1 - El Diario - Bolivia\",\"isPartOf\":{\"@id\":\"https:\\\/\\\/www.eldiario.net\\\/portal\\\/#website\"},\"primaryImageOfPage\":{\"@id\":\"https:\\\/\\\/www.eldiario.net\\\/portal\\\/2026\\\/09\\\/01\\\/san-antonio-golea-5-a-1-a-guabira\\\/#primaryimage\"},\"image\":{\"@id\":\"https:\\\/\\\/www.eldiario.net\\\/portal\\\/2026\\\/09\\\/01\\\/san-antonio-golea-5-a-1-a-guabira\\\/#primaryimage\"},\"thumbnailUrl\":\"https:\\\/\\\/www.eldiario.net\\\/portal\\\/wp-content\\\/uploads\\\/2026\\\/09\\\/San-Antonio-31.webp\",\"datePublished\":\"2026-09-01T10:56:18+00:00\",\"breadcrumb\":{\"@id\":\"https:\\\/\\\/www.eldiario.net\\\/portal\\\/2026\\\/09\\\/01\\\/san-antonio-golea-5-a-1-a-guabira\\\/#breadcrumb\"},\"inLanguage\":\"es\",\"potentialAction\":[{\"@type\":\"ReadAction\",\"target\":[\"https:\\\/\\\/www.eldiario.net\\\/portal\\\/2026\\\/09\\\/01\\\/san-antonio-golea-5-a-1-a-guabira\\\/\"]}]},{\"@type\":\"ImageObject\",\"inLanguage\":\"es\",\"@id\":\"https:\\\/\\\/www.eldiario.net\\\/portal\\\/2026\\\/09\\\/01\\\/san-antonio-golea-5-a-1-a-guabira\\\/#primaryimage\",\"url\":\"https:\\\/\\\/www.eldiario.net\\\/portal\\\/wp-content\\\/uploads\\\/2026\\\/09\\\/San-Antonio-31.webp\",\"contentUrl\":\"https:\\\/\\\/www.eldiario.net\\\/portal\\\/wp-content\\\/uploads\\\/2026\\\/09\\\/San-Antonio-31.webp\",\"width\":1200,\"height\":1128},{\"@type\":\"BreadcrumbList\",\"@id\":\"https:\\\/\\\/www.eldiario.net\\\/portal\\\/2026\\\/09\\\/01\\\/san-antonio-golea-5-a-1-a-guabira\\\/#breadcrumb\",\"itemListElement\":[{\"@type\":\"ListItem\",\"position\":1,\"name\":\"Portada\",\"item\":\"https:\\\/\\\/www.eldiario.net\\\/portal\\\/\"},{\"@type\":\"ListItem\",\"position\":2,\"name\":\"San Antonio golea 5 a 1 a Guabir\u00e1\"}]},{\"@type\":\"WebSite\",\"@id\":\"https:\\\/\\\/www.eldiario.net\\\/portal\\\/#website\",\"url\":\"https:\\\/\\\/www.eldiario.net\\\/portal\\\/\",\"name\":\"El Diario - Decano de la prensa nacional\",\"description\":\"El Diario - Decano de la prensa nacional\",\"publisher\":{\"@id\":\"https:\\\/\\\/www.eldiario.net\\\/portal\\\/#organization\"},\"potentialAction\":[{\"@type\":\"SearchAction\",\"target\":{\"@type\":\"EntryPoint\",\"urlTemplate\":\"https:\\\/\\\/www.eldiario.net\\\/portal\\\/?s={search_term_string}\"},\"query-input\":{\"@type\":\"PropertyValueSpecification\",\"valueRequired\":true,\"valueName\":\"search_term_string\"}}],\"inLanguage\":\"es\"},{\"@type\":\"Organization\",\"@id\":\"https:\\\/\\\/www.eldiario.net\\\/portal\\\/#organization\",\"name\":\"El Diario - Decano de la prensa nacional\",\"url\":\"https:\\\/\\\/www.eldiario.net\\\/portal\\\/\",\"logo\":{\"@type\":\"ImageObject\",\"inLanguage\":\"es\",\"@id\":\"https:\\\/\\\/www.eldiario.net\\\/portal\\\/#\\\/schema\\\/logo\\\/image\\\/\",\"url\":\"https:\\\/\\\/www.eldiario.net\\\/portal\\\/wp-content\\\/uploads\\\/2023\\\/07\\\/logo_ED.jpg\",\"contentUrl\":\"https:\\\/\\\/www.eldiario.net\\\/portal\\\/wp-content\\\/uploads\\\/2023\\\/07\\\/logo_ED.jpg\",\"width\":272,\"height\":52,\"caption\":\"El Diario - Decano de la prensa nacional\"},\"image\":{\"@id\":\"https:\\\/\\\/www.eldiario.net\\\/portal\\\/#\\\/schema\\\/logo\\\/image\\\/\"},\"sameAs\":[\"https:\\\/\\\/www.facebook.com\\\/eldiario.bolivia\\\/\",\"https:\\\/\\\/x.com\\\/eldiario_net\"]},{\"@type\":\"Person\",\"@id\":\"https:\\\/\\\/www.eldiario.net\\\/portal\\\/#\\\/schema\\\/person\\\/f46445640444750d7d753ccd04ae01b7\",\"name\":\"Jeanette\",\"image\":{\"@type\":\"ImageObject\",\"inLanguage\":\"es\",\"@id\":\"https:\\\/\\\/secure.gravatar.com\\\/avatar\\\/3ea2118a5f7dad2b7138b1187a6b7ee55f160b9968b66013c3a3ef39dd7e5798?s=96&d=mm&r=g\",\"url\":\"https:\\\/\\\/secure.gravatar.com\\\/avatar\\\/3ea2118a5f7dad2b7138b1187a6b7ee55f160b9968b66013c3a3ef39dd7e5798?s=96&d=mm&r=g\",\"contentUrl\":\"https:\\\/\\\/secure.gravatar.com\\\/avatar\\\/3ea2118a5f7dad2b7138b1187a6b7ee55f160b9968b66013c3a3ef39dd7e5798?s=96&d=mm&r=g\",\"caption\":\"Jeanette\"},\"sameAs\":[\"https:\\\/\\\/www.eldiario.net\\\/portal\"],\"url\":\"https:\\\/\\\/www.eldiario.net\\\/portal\\\/author\\\/jeanette\\\/\"}]}<\/script>\n<!-- \/ Yoast SEO plugin. -->","yoast_head_json":{"title":"San Antonio golea 5 a 1 a Guabir\u00e1 - El Diario - Bolivia","robots":{"index":"index","follow":"follow","max-snippet":"max-snippet:-1","max-image-preview":"max-image-preview:large","max-video-preview":"max-video-preview:-1"},"canonical":"https:\/\/www.eldiario.net\/portal\/2026\/09\/01\/san-antonio-golea-5-a-1-a-guabira\/","og_locale":"es_ES","og_type":"article","og_title":"San Antonio golea 5 a 1 a Guabir\u00e1 - El Diario - Bolivia","og_description":"ENTRE R\u00cdOS.- Sin resistencia por delante, San Antonio super\u00f3 a Guabir\u00e1 con una goleada por 5-1, este lunes, en el complemento de la segunda fecha de la Copa, en su presentaci\u00f3n en el estadio Carlos Villegas, de Entre R\u00edos, donde los santos tomaron este resultado como el impulso para ubicarse como l\u00edder de su grupo. [&hellip;]","og_url":"https:\/\/www.eldiario.net\/portal\/2026\/09\/01\/san-antonio-golea-5-a-1-a-guabira\/","og_site_name":"El Diario - Bolivia","article_publisher":"https:\/\/www.facebook.com\/eldiario.bolivia\/","article_published_time":"2026-09-01T10:56:18+00:00","og_image":[{"width":1200,"height":1128,"url":"https:\/\/www.eldiario.net\/portal\/wp-content\/uploads\/2026\/09\/San-Antonio-31.webp","type":"image\/webp"}],"author":"Jeanette","twitter_card":"summary_large_image","twitter_creator":"@eldiario_net","twitter_site":"@eldiario_net","twitter_misc":{"Escrito por":"Jeanette","Tiempo de lectura":"2 minutos"},"schema":{"@context":"https:\/\/schema.org","@graph":[{"@type":"Article","@id":"https:\/\/www.eldiario.net\/portal\/2026\/09\/01\/san-antonio-golea-5-a-1-a-guabira\/#article","isPartOf":{"@id":"https:\/\/www.eldiario.net\/portal\/2026\/09\/01\/san-antonio-golea-5-a-1-a-guabira\/"},"author":{"name":"Jeanette","@id":"https:\/\/www.eldiario.net\/portal\/#\/schema\/person\/f46445640444750d7d753ccd04ae01b7"},"headline":"San Antonio golea 5 a 1 a Guabir\u00e1","datePublished":"2026-09-01T10:56:18+00:00","mainEntityOfPage":{"@id":"https:\/\/www.eldiario.net\/portal\/2026\/09\/01\/san-antonio-golea-5-a-1-a-guabira\/"},"wordCount":424,"publisher":{"@id":"https:\/\/www.eldiario.net\/portal\/#organization"},"image":{"@id":"https:\/\/www.eldiario.net\/portal\/2026\/09\/01\/san-antonio-golea-5-a-1-a-guabira\/#primaryimage"},"thumbnailUrl":"https:\/\/www.eldiario.net\/portal\/wp-content\/uploads\/2026\/09\/San-Antonio-31.webp","articleSection":["Deportes"],"inLanguage":"es"},{"@type":"WebPage","@id":"https:\/\/www.eldiario.net\/portal\/2026\/09\/01\/san-antonio-golea-5-a-1-a-guabira\/","url":"https:\/\/www.eldiario.net\/portal\/2026\/09\/01\/san-antonio-golea-5-a-1-a-guabira\/","name":"San Antonio golea 5 a 1 a Guabir\u00e1 - El Diario - Bolivia","isPartOf":{"@id":"https:\/\/www.eldiario.net\/portal\/#website"},"primaryImageOfPage":{"@id":"https:\/\/www.eldiario.net\/portal\/2026\/09\/01\/san-antonio-golea-5-a-1-a-guabira\/#primaryimage"},"image":{"@id":"https:\/\/www.eldiario.net\/portal\/2026\/09\/01\/san-antonio-golea-5-a-1-a-guabira\/#primaryimage"},"thumbnailUrl":"https:\/\/www.eldiario.net\/portal\/wp-content\/uploads\/2026\/09\/San-Antonio-31.webp","datePublished":"2026-09-01T10:56:18+00:00","breadcrumb":{"@id":"https:\/\/www.eldiario.net\/portal\/2026\/09\/01\/san-antonio-golea-5-a-1-a-guabira\/#breadcrumb"},"inLanguage":"es","potentialAction":[{"@type":"ReadAction","target":["https:\/\/www.eldiario.net\/portal\/2026\/09\/01\/san-antonio-golea-5-a-1-a-guabira\/"]}]},{"@type":"ImageObject","inLanguage":"es","@id":"https:\/\/www.eldiario.net\/portal\/2026\/09\/01\/san-antonio-golea-5-a-1-a-guabira\/#primaryimage","url":"https:\/\/www.eldiario.net\/portal\/wp-content\/uploads\/2026\/09\/San-Antonio-31.webp","contentUrl":"https:\/\/www.eldiario.net\/portal\/wp-content\/uploads\/2026\/09\/San-Antonio-31.webp","width":1200,"height":1128},{"@type":"BreadcrumbList","@id":"https:\/\/www.eldiario.net\/portal\/2026\/09\/01\/san-antonio-golea-5-a-1-a-guabira\/#breadcrumb","itemListElement":[{"@type":"ListItem","position":1,"name":"Portada","item":"https:\/\/www.eldiario.net\/portal\/"},{"@type":"ListItem","position":2,"name":"San Antonio golea 5 a 1 a Guabir\u00e1"}]},{"@type":"WebSite","@id":"https:\/\/www.eldiario.net\/portal\/#website","url":"https:\/\/www.eldiario.net\/portal\/","name":"El Diario - Decano de la prensa nacional","description":"El Diario - Decano de la prensa nacional","publisher":{"@id":"https:\/\/www.eldiario.net\/portal\/#organization"},"potentialAction":[{"@type":"SearchAction","target":{"@type":"EntryPoint","urlTemplate":"https:\/\/www.eldiario.net\/portal\/?s={search_term_string}"},"query-input":{"@type":"PropertyValueSpecification","valueRequired":true,"valueName":"search_term_string"}}],"inLanguage":"es"},{"@type":"Organization","@id":"https:\/\/www.eldiario.net\/portal\/#organization","name":"El Diario - Decano de la prensa nacional","url":"https:\/\/www.eldiario.net\/portal\/","logo":{"@type":"ImageObject","inLanguage":"es","@id":"https:\/\/www.eldiario.net\/portal\/#\/schema\/logo\/image\/","url":"https:\/\/www.eldiario.net\/portal\/wp-content\/uploads\/2023\/07\/logo_ED.jpg","contentUrl":"https:\/\/www.eldiario.net\/portal\/wp-content\/uploads\/2023\/07\/logo_ED.jpg","width":272,"height":52,"caption":"El Diario - Decano de la prensa nacional"},"image":{"@id":"https:\/\/www.eldiario.net\/portal\/#\/schema\/logo\/image\/"},"sameAs":["https:\/\/www.facebook.com\/eldiario.bolivia\/","https:\/\/x.com\/eldiario_net"]},{"@type":"Person","@id":"https:\/\/www.eldiario.net\/portal\/#\/schema\/person\/f46445640444750d7d753ccd04ae01b7","name":"Jeanette","image":{"@type":"ImageObject","inLanguage":"es","@id":"https:\/\/secure.gravatar.com\/avatar\/3ea2118a5f7dad2b7138b1187a6b7ee55f160b9968b66013c3a3ef39dd7e5798?s=96&d=mm&r=g","url":"https:\/\/secure.gravatar.com\/avatar\/3ea2118a5f7dad2b7138b1187a6b7ee55f160b9968b66013c3a3ef39dd7e5798?s=96&d=mm&r=g","contentUrl":"https:\/\/secure.gravatar.com\/avatar\/3ea2118a5f7dad2b7138b1187a6b7ee55f160b9968b66013c3a3ef39dd7e5798?s=96&d=mm&r=g","caption":"Jeanette"},"sameAs":["https:\/\/www.eldiario.net\/portal"],"url":"https:\/\/www.eldiario.net\/portal\/author\/jeanette\/"}]}},"_links":{"self":[{"href":"https:\/\/www.eldiario.net\/portal\/wp-json\/wp\/v2\/posts\/426689","targetHints":{"allow":["GET"]}}],"collection":[{"href":"https:\/\/www.eldiario.net\/portal\/wp-json\/wp\/v2\/posts"}],"about":[{"href":"https:\/\/www.eldiario.net\/portal\/wp-json\/wp\/v2\/types\/post"}],"author":[{"embeddable":true,"href":"https:\/\/www.eldiario.net\/portal\/wp-json\/wp\/v2\/users\/1"}],"replies":[{"embeddable":true,"href":"https:\/\/www.eldiario.net\/portal\/wp-json\/wp\/v2\/comments?post=426689"}],"version-history":[{"count":1,"href":"https:\/\/www.eldiario.net\/portal\/wp-json\/wp\/v2\/posts\/426689\/revisions"}],"predecessor-version":[{"id":426691,"href":"https:\/\/www.eldiario.net\/portal\/wp-json\/wp\/v2\/posts\/426689\/revisions\/426691"}],"wp:featuredmedia":[{"embeddable":true,"href":"https:\/\/www.eldiario.net\/portal\/wp-json\/wp\/v2\/media\/426690"}],"wp:attachment":[{"href":"https:\/\/www.eldiario.net\/portal\/wp-json\/wp\/v2\/media?parent=426689"}],"wp:term":[{"taxonomy":"category","embeddable":true,"href":"https:\/\/www.eldiario.net\/portal\/wp-json\/wp\/v2\/categories?post=426689"},{"taxonomy":"post_tag","embeddable":true,"href":"https:\/\/www.eldiario.net\/portal\/wp-json\/wp\/v2\/tags?post=426689"}],"curies":[{"name":"wp","href":"https:\/\/api.w.org\/{rel}","templated":true}]}}