{"id":426686,"date":"2026-09-01T06:55:38","date_gmt":"2026-09-01T10:55:38","guid":{"rendered":"https:\/\/www.eldiario.net\/portal\/?p=426686"},"modified":"2026-09-01T06:55:38","modified_gmt":"2026-09-01T10:55:38","slug":"mundiales-de-lionel-messi-una-vida-de-records","status":"publish","type":"post","link":"https:\/\/www.eldiario.net\/portal\/2026\/09\/01\/mundiales-de-lionel-messi-una-vida-de-records\/","title":{"rendered":"Mundiales de Lionel Messi,  una vida de r\u00e9cords"},"content":{"rendered":"<p>El magn\u00edfico triplete de Lionel Messi contra Argelia en la Copa Mundial de la FIFA 2026 le permiti\u00f3 igualar el r\u00e9cord de Miroslav Klose de 16 goles en Mundiales, r\u00e9cord que batir\u00eda seis d\u00edas despu\u00e9s cuando anot\u00f3 dos conquistas ante Austria.<\/p>\n<p>El capit\u00e1n argentino tambi\u00e9n super\u00f3 otro r\u00e9cord de Klose en Mundiales: el registro del alem\u00e1n era de 17 victorias en la Copa Mundial; con el triunfo ante Austria el nacido en Rosario acumul\u00f3 18 triunfos en su trayectoria en la m\u00e1xima competici\u00f3n. Con 38 a\u00f1os y 357 d\u00edas, Messi se convirti\u00f3 en el jugador de mayor edad en anotar un triplete en la historia de los Mundiales. El anterior poseedor del r\u00e9cord era Cristiano Ronaldo, quien ten\u00eda 33 a\u00f1os y 130 d\u00edas cuando marc\u00f3 un triplete contra Espa\u00f1a en 2018.<\/p>\n<p>Hizo mucho, pero va por m\u00e1s. Messi es uno de los seis hombres que han jugado seis Mundiales, junto con Guillermo Ochoa y Cristiano Ronaldo, gracias a la participaci\u00f3n en esta Copa Mundial de la FIFA 2026.<\/p>\n<p>Messi ya era el m\u00e1ximo goleador de Argentina en el Mundial. Le segu\u00edan Gabriel Batistuta (10), Diego Maradona (8), Guillermo Stabile (8), Mario Kempes (6) y Gonzalo Higua\u00edn (5). Su triplete contra Argelia, y su doblete ante Austria, tambi\u00e9n lo convirtieron en el m\u00e1ximo goleador sudamericano en la fase final del Mundial, superando a la leyenda brasile\u00f1a Ronaldo (15). Con dos goles desde fuera del \u00e1rea en Kansas City, Messi sum\u00f3 su quinto y sexto tanto en un Mundial desde esa distancia. De esta forma, super\u00f3 el r\u00e9cord anterior establecido por la leyenda brasile\u00f1a Rivellino (5). Los goles de larga distancia anteriores del \u00eddolo de la Albiceleste fueron contra Bosnia y Herzegovina, Ir\u00e1n y Nigeria en 2014, y M\u00e9xico en 2022.<\/p>\n<p>La Pulga fue elegida como mejor jugador tanto en la edici\u00f3n 2014 como la del 2022, es el m\u00e1ximo anotador de la historia de la Selecci\u00f3n argentina en el torneo y&#8230; varios r\u00e9cords m\u00e1s. Pero uno que alcanz\u00f3 en Catar y estir\u00f3 en 2026 que lo ubica muy por encima del resto es el de m\u00e1xima cantidad de apariciones en la Copa Mundial, con 28 encuentros. En la final contra el equipo europeo super\u00f3 por uno al alem\u00e1n Lothar Matthaus.<\/p>\n<p>Adem\u00e1s, es el \u00fanico jugador que ha registrado al menos una asistencia en cinco Mundiales. Sus inmediatos perseguidores son Ivan Perisic, con asistencias en cuatro torneos, Pel\u00e9, Grzegorz Lato, Maradona y David Beckham, que dieron pases de gol en tres ediciones cada uno. Tras la asistencia contra Egipto, ha superado a Pel\u00e9 como m\u00e1ximo asistente de la historia en fase eliminatoria.<\/p>\n<p>Messi es el \u00fanico jugador que se ha convertido en la Copa Mundial siendo adolescente (menos de 20 a\u00f1os), veintea\u00f1ero y treinta\u00f1ero. A Pel\u00e9 le faltaron solo cuatro meses para firmar ese mismo logro.<\/p>\n<p>En su debut en la Copa Mundial 2026, Messi convirti\u00f3 un hat-trick ante Argelia con el que logr\u00f3 igualar el m\u00edtico r\u00e9cord de Miroslav Klose de 16 goles en la historia del torneo. Gracias a esos tres tantos, Argentina logr\u00f3 vencer y llevarse los tres puntos.<\/p>\n<p>Seis d\u00edas despu\u00e9s, Messi bati\u00f3 el r\u00e9cord del alem\u00e1n anotando los dos tantos en la victoria ante Austria para ubicarse en solitario en lo m\u00e1s alto del pedestal de artilleros en la Copa Mundial. No termin\u00f3 ah\u00ed, en la \u00faltima jornada del grupo, contra Jordania, fue suplente, pero igualmente entr\u00f3 como sustituto y marc\u00f3 un nuevo gol de falta.<\/p>\n<p>En el primer partido eliminatorio, los dieciseisavos de final, Messi volvi\u00f3 a marcar, en este caso contra Cabo Verde, un gol dentro del \u00e1rea para abrir el marcador. Su equipo sufri\u00f3 para pasar, pero lo logr\u00f3 en la pr\u00f3rroga.<\/p>\n<p><strong>\u00a0<\/strong><\/p>\n<p><strong>(FIFA)<\/strong><\/p>\n<p>&nbsp;<\/p>\n","protected":false},"excerpt":{"rendered":"<p>El magn\u00edfico triplete de Lionel Messi contra Argelia en la Copa Mundial de la FIFA 2026 le permiti\u00f3 igualar el r\u00e9cord de Miroslav Klose de 16 goles en Mundiales, r\u00e9cord que batir\u00eda seis d\u00edas despu\u00e9s cuando anot\u00f3 dos conquistas ante Austria. El capit\u00e1n argentino tambi\u00e9n super\u00f3 otro r\u00e9cord de Klose en Mundiales: el registro del [&hellip;]<\/p>\n","protected":false},"author":1,"featured_media":426687,"comment_status":"closed","ping_status":"open","sticky":false,"template":"","format":"standard","meta":{"_acf_changed":false,"footnotes":""},"categories":[6],"tags":[],"class_list":["post-426686","post","type-post","status-publish","format-standard","has-post-thumbnail","category-deportes"],"acf":{"antetitulo":""},"yoast_head":"<!-- This site is optimized with the Yoast SEO plugin v28.3 - https:\/\/yoast.com\/product\/yoast-seo-wordpress\/ -->\n<title>Mundiales de Lionel Messi, una vida de r\u00e9cords - El Diario - Bolivia<\/title>\n<meta name=\"robots\" content=\"index, follow, max-snippet:-1, max-image-preview:large, max-video-preview:-1\" \/>\n<link rel=\"canonical\" href=\"https:\/\/www.eldiario.net\/portal\/2026\/09\/01\/mundiales-de-lionel-messi-una-vida-de-records\/\" \/>\n<meta property=\"og:locale\" content=\"es_ES\" \/>\n<meta property=\"og:type\" content=\"article\" \/>\n<meta property=\"og:title\" content=\"Mundiales de Lionel Messi, una vida de r\u00e9cords - El Diario - Bolivia\" \/>\n<meta property=\"og:description\" content=\"El magn\u00edfico triplete de Lionel Messi contra Argelia en la Copa Mundial de la FIFA 2026 le permiti\u00f3 igualar el r\u00e9cord de Miroslav Klose de 16 goles en Mundiales, r\u00e9cord que batir\u00eda seis d\u00edas despu\u00e9s cuando anot\u00f3 dos conquistas ante Austria. El capit\u00e1n argentino tambi\u00e9n super\u00f3 otro r\u00e9cord de Klose en Mundiales: el registro del [&hellip;]\" \/>\n<meta property=\"og:url\" content=\"https:\/\/www.eldiario.net\/portal\/2026\/09\/01\/mundiales-de-lionel-messi-una-vida-de-records\/\" \/>\n<meta property=\"og:site_name\" content=\"El Diario - Bolivia\" \/>\n<meta property=\"article:publisher\" content=\"https:\/\/www.facebook.com\/eldiario.bolivia\/\" \/>\n<meta property=\"article:published_time\" content=\"2026-09-01T10:55:38+00:00\" \/>\n<meta property=\"og:image\" content=\"https:\/\/www.eldiario.net\/portal\/wp-content\/uploads\/2026\/09\/Mundiales-31.webp\" \/>\n\t<meta property=\"og:image:width\" content=\"500\" \/>\n\t<meta property=\"og:image:height\" content=\"440\" \/>\n\t<meta property=\"og:image:type\" content=\"image\/webp\" \/>\n<meta name=\"author\" content=\"Jeanette\" \/>\n<meta name=\"twitter:card\" content=\"summary_large_image\" \/>\n<meta name=\"twitter:creator\" content=\"@eldiario_net\" \/>\n<meta name=\"twitter:site\" content=\"@eldiario_net\" \/>\n<meta name=\"twitter:label1\" content=\"Escrito por\" \/>\n\t<meta name=\"twitter:data1\" content=\"Jeanette\" \/>\n\t<meta name=\"twitter:label2\" content=\"Tiempo de lectura\" \/>\n\t<meta name=\"twitter:data2\" content=\"3 minutos\" \/>\n<script type=\"application\/ld+json\" class=\"yoast-schema-graph\">{\"@context\":\"https:\\\/\\\/schema.org\",\"@graph\":[{\"@type\":\"Article\",\"@id\":\"https:\\\/\\\/www.eldiario.net\\\/portal\\\/2026\\\/09\\\/01\\\/mundiales-de-lionel-messi-una-vida-de-records\\\/#article\",\"isPartOf\":{\"@id\":\"https:\\\/\\\/www.eldiario.net\\\/portal\\\/2026\\\/09\\\/01\\\/mundiales-de-lionel-messi-una-vida-de-records\\\/\"},\"author\":{\"name\":\"Jeanette\",\"@id\":\"https:\\\/\\\/www.eldiario.net\\\/portal\\\/#\\\/schema\\\/person\\\/f46445640444750d7d753ccd04ae01b7\"},\"headline\":\"Mundiales de Lionel Messi, una vida de r\u00e9cords\",\"datePublished\":\"2026-09-01T10:55:38+00:00\",\"mainEntityOfPage\":{\"@id\":\"https:\\\/\\\/www.eldiario.net\\\/portal\\\/2026\\\/09\\\/01\\\/mundiales-de-lionel-messi-una-vida-de-records\\\/\"},\"wordCount\":644,\"publisher\":{\"@id\":\"https:\\\/\\\/www.eldiario.net\\\/portal\\\/#organization\"},\"image\":{\"@id\":\"https:\\\/\\\/www.eldiario.net\\\/portal\\\/2026\\\/09\\\/01\\\/mundiales-de-lionel-messi-una-vida-de-records\\\/#primaryimage\"},\"thumbnailUrl\":\"https:\\\/\\\/www.eldiario.net\\\/portal\\\/wp-content\\\/uploads\\\/2026\\\/09\\\/Mundiales-31.webp\",\"articleSection\":[\"Deportes\"],\"inLanguage\":\"es\"},{\"@type\":\"WebPage\",\"@id\":\"https:\\\/\\\/www.eldiario.net\\\/portal\\\/2026\\\/09\\\/01\\\/mundiales-de-lionel-messi-una-vida-de-records\\\/\",\"url\":\"https:\\\/\\\/www.eldiario.net\\\/portal\\\/2026\\\/09\\\/01\\\/mundiales-de-lionel-messi-una-vida-de-records\\\/\",\"name\":\"Mundiales de Lionel Messi, una vida de r\u00e9cords - El Diario - Bolivia\",\"isPartOf\":{\"@id\":\"https:\\\/\\\/www.eldiario.net\\\/portal\\\/#website\"},\"primaryImageOfPage\":{\"@id\":\"https:\\\/\\\/www.eldiario.net\\\/portal\\\/2026\\\/09\\\/01\\\/mundiales-de-lionel-messi-una-vida-de-records\\\/#primaryimage\"},\"image\":{\"@id\":\"https:\\\/\\\/www.eldiario.net\\\/portal\\\/2026\\\/09\\\/01\\\/mundiales-de-lionel-messi-una-vida-de-records\\\/#primaryimage\"},\"thumbnailUrl\":\"https:\\\/\\\/www.eldiario.net\\\/portal\\\/wp-content\\\/uploads\\\/2026\\\/09\\\/Mundiales-31.webp\",\"datePublished\":\"2026-09-01T10:55:38+00:00\",\"breadcrumb\":{\"@id\":\"https:\\\/\\\/www.eldiario.net\\\/portal\\\/2026\\\/09\\\/01\\\/mundiales-de-lionel-messi-una-vida-de-records\\\/#breadcrumb\"},\"inLanguage\":\"es\",\"potentialAction\":[{\"@type\":\"ReadAction\",\"target\":[\"https:\\\/\\\/www.eldiario.net\\\/portal\\\/2026\\\/09\\\/01\\\/mundiales-de-lionel-messi-una-vida-de-records\\\/\"]}]},{\"@type\":\"ImageObject\",\"inLanguage\":\"es\",\"@id\":\"https:\\\/\\\/www.eldiario.net\\\/portal\\\/2026\\\/09\\\/01\\\/mundiales-de-lionel-messi-una-vida-de-records\\\/#primaryimage\",\"url\":\"https:\\\/\\\/www.eldiario.net\\\/portal\\\/wp-content\\\/uploads\\\/2026\\\/09\\\/Mundiales-31.webp\",\"contentUrl\":\"https:\\\/\\\/www.eldiario.net\\\/portal\\\/wp-content\\\/uploads\\\/2026\\\/09\\\/Mundiales-31.webp\",\"width\":500,\"height\":440},{\"@type\":\"BreadcrumbList\",\"@id\":\"https:\\\/\\\/www.eldiario.net\\\/portal\\\/2026\\\/09\\\/01\\\/mundiales-de-lionel-messi-una-vida-de-records\\\/#breadcrumb\",\"itemListElement\":[{\"@type\":\"ListItem\",\"position\":1,\"name\":\"Portada\",\"item\":\"https:\\\/\\\/www.eldiario.net\\\/portal\\\/\"},{\"@type\":\"ListItem\",\"position\":2,\"name\":\"Mundiales de Lionel Messi, una vida de r\u00e9cords\"}]},{\"@type\":\"WebSite\",\"@id\":\"https:\\\/\\\/www.eldiario.net\\\/portal\\\/#website\",\"url\":\"https:\\\/\\\/www.eldiario.net\\\/portal\\\/\",\"name\":\"El Diario - Decano de la prensa nacional\",\"description\":\"El Diario - Decano de la prensa nacional\",\"publisher\":{\"@id\":\"https:\\\/\\\/www.eldiario.net\\\/portal\\\/#organization\"},\"potentialAction\":[{\"@type\":\"SearchAction\",\"target\":{\"@type\":\"EntryPoint\",\"urlTemplate\":\"https:\\\/\\\/www.eldiario.net\\\/portal\\\/?s={search_term_string}\"},\"query-input\":{\"@type\":\"PropertyValueSpecification\",\"valueRequired\":true,\"valueName\":\"search_term_string\"}}],\"inLanguage\":\"es\"},{\"@type\":\"Organization\",\"@id\":\"https:\\\/\\\/www.eldiario.net\\\/portal\\\/#organization\",\"name\":\"El Diario - Decano de la prensa nacional\",\"url\":\"https:\\\/\\\/www.eldiario.net\\\/portal\\\/\",\"logo\":{\"@type\":\"ImageObject\",\"inLanguage\":\"es\",\"@id\":\"https:\\\/\\\/www.eldiario.net\\\/portal\\\/#\\\/schema\\\/logo\\\/image\\\/\",\"url\":\"https:\\\/\\\/www.eldiario.net\\\/portal\\\/wp-content\\\/uploads\\\/2023\\\/07\\\/logo_ED.jpg\",\"contentUrl\":\"https:\\\/\\\/www.eldiario.net\\\/portal\\\/wp-content\\\/uploads\\\/2023\\\/07\\\/logo_ED.jpg\",\"width\":272,\"height\":52,\"caption\":\"El Diario - Decano de la prensa nacional\"},\"image\":{\"@id\":\"https:\\\/\\\/www.eldiario.net\\\/portal\\\/#\\\/schema\\\/logo\\\/image\\\/\"},\"sameAs\":[\"https:\\\/\\\/www.facebook.com\\\/eldiario.bolivia\\\/\",\"https:\\\/\\\/x.com\\\/eldiario_net\"]},{\"@type\":\"Person\",\"@id\":\"https:\\\/\\\/www.eldiario.net\\\/portal\\\/#\\\/schema\\\/person\\\/f46445640444750d7d753ccd04ae01b7\",\"name\":\"Jeanette\",\"image\":{\"@type\":\"ImageObject\",\"inLanguage\":\"es\",\"@id\":\"https:\\\/\\\/secure.gravatar.com\\\/avatar\\\/3ea2118a5f7dad2b7138b1187a6b7ee55f160b9968b66013c3a3ef39dd7e5798?s=96&d=mm&r=g\",\"url\":\"https:\\\/\\\/secure.gravatar.com\\\/avatar\\\/3ea2118a5f7dad2b7138b1187a6b7ee55f160b9968b66013c3a3ef39dd7e5798?s=96&d=mm&r=g\",\"contentUrl\":\"https:\\\/\\\/secure.gravatar.com\\\/avatar\\\/3ea2118a5f7dad2b7138b1187a6b7ee55f160b9968b66013c3a3ef39dd7e5798?s=96&d=mm&r=g\",\"caption\":\"Jeanette\"},\"sameAs\":[\"https:\\\/\\\/www.eldiario.net\\\/portal\"],\"url\":\"https:\\\/\\\/www.eldiario.net\\\/portal\\\/author\\\/jeanette\\\/\"}]}<\/script>\n<!-- \/ Yoast SEO plugin. -->","yoast_head_json":{"title":"Mundiales de Lionel Messi, una vida de r\u00e9cords - El Diario - Bolivia","robots":{"index":"index","follow":"follow","max-snippet":"max-snippet:-1","max-image-preview":"max-image-preview:large","max-video-preview":"max-video-preview:-1"},"canonical":"https:\/\/www.eldiario.net\/portal\/2026\/09\/01\/mundiales-de-lionel-messi-una-vida-de-records\/","og_locale":"es_ES","og_type":"article","og_title":"Mundiales de Lionel Messi, una vida de r\u00e9cords - El Diario - Bolivia","og_description":"El magn\u00edfico triplete de Lionel Messi contra Argelia en la Copa Mundial de la FIFA 2026 le permiti\u00f3 igualar el r\u00e9cord de Miroslav Klose de 16 goles en Mundiales, r\u00e9cord que batir\u00eda seis d\u00edas despu\u00e9s cuando anot\u00f3 dos conquistas ante Austria. El capit\u00e1n argentino tambi\u00e9n super\u00f3 otro r\u00e9cord de Klose en Mundiales: el registro del [&hellip;]","og_url":"https:\/\/www.eldiario.net\/portal\/2026\/09\/01\/mundiales-de-lionel-messi-una-vida-de-records\/","og_site_name":"El Diario - Bolivia","article_publisher":"https:\/\/www.facebook.com\/eldiario.bolivia\/","article_published_time":"2026-09-01T10:55:38+00:00","og_image":[{"width":500,"height":440,"url":"https:\/\/www.eldiario.net\/portal\/wp-content\/uploads\/2026\/09\/Mundiales-31.webp","type":"image\/webp"}],"author":"Jeanette","twitter_card":"summary_large_image","twitter_creator":"@eldiario_net","twitter_site":"@eldiario_net","twitter_misc":{"Escrito por":"Jeanette","Tiempo de lectura":"3 minutos"},"schema":{"@context":"https:\/\/schema.org","@graph":[{"@type":"Article","@id":"https:\/\/www.eldiario.net\/portal\/2026\/09\/01\/mundiales-de-lionel-messi-una-vida-de-records\/#article","isPartOf":{"@id":"https:\/\/www.eldiario.net\/portal\/2026\/09\/01\/mundiales-de-lionel-messi-una-vida-de-records\/"},"author":{"name":"Jeanette","@id":"https:\/\/www.eldiario.net\/portal\/#\/schema\/person\/f46445640444750d7d753ccd04ae01b7"},"headline":"Mundiales de Lionel Messi, una vida de r\u00e9cords","datePublished":"2026-09-01T10:55:38+00:00","mainEntityOfPage":{"@id":"https:\/\/www.eldiario.net\/portal\/2026\/09\/01\/mundiales-de-lionel-messi-una-vida-de-records\/"},"wordCount":644,"publisher":{"@id":"https:\/\/www.eldiario.net\/portal\/#organization"},"image":{"@id":"https:\/\/www.eldiario.net\/portal\/2026\/09\/01\/mundiales-de-lionel-messi-una-vida-de-records\/#primaryimage"},"thumbnailUrl":"https:\/\/www.eldiario.net\/portal\/wp-content\/uploads\/2026\/09\/Mundiales-31.webp","articleSection":["Deportes"],"inLanguage":"es"},{"@type":"WebPage","@id":"https:\/\/www.eldiario.net\/portal\/2026\/09\/01\/mundiales-de-lionel-messi-una-vida-de-records\/","url":"https:\/\/www.eldiario.net\/portal\/2026\/09\/01\/mundiales-de-lionel-messi-una-vida-de-records\/","name":"Mundiales de Lionel Messi, una vida de r\u00e9cords - El Diario - Bolivia","isPartOf":{"@id":"https:\/\/www.eldiario.net\/portal\/#website"},"primaryImageOfPage":{"@id":"https:\/\/www.eldiario.net\/portal\/2026\/09\/01\/mundiales-de-lionel-messi-una-vida-de-records\/#primaryimage"},"image":{"@id":"https:\/\/www.eldiario.net\/portal\/2026\/09\/01\/mundiales-de-lionel-messi-una-vida-de-records\/#primaryimage"},"thumbnailUrl":"https:\/\/www.eldiario.net\/portal\/wp-content\/uploads\/2026\/09\/Mundiales-31.webp","datePublished":"2026-09-01T10:55:38+00:00","breadcrumb":{"@id":"https:\/\/www.eldiario.net\/portal\/2026\/09\/01\/mundiales-de-lionel-messi-una-vida-de-records\/#breadcrumb"},"inLanguage":"es","potentialAction":[{"@type":"ReadAction","target":["https:\/\/www.eldiario.net\/portal\/2026\/09\/01\/mundiales-de-lionel-messi-una-vida-de-records\/"]}]},{"@type":"ImageObject","inLanguage":"es","@id":"https:\/\/www.eldiario.net\/portal\/2026\/09\/01\/mundiales-de-lionel-messi-una-vida-de-records\/#primaryimage","url":"https:\/\/www.eldiario.net\/portal\/wp-content\/uploads\/2026\/09\/Mundiales-31.webp","contentUrl":"https:\/\/www.eldiario.net\/portal\/wp-content\/uploads\/2026\/09\/Mundiales-31.webp","width":500,"height":440},{"@type":"BreadcrumbList","@id":"https:\/\/www.eldiario.net\/portal\/2026\/09\/01\/mundiales-de-lionel-messi-una-vida-de-records\/#breadcrumb","itemListElement":[{"@type":"ListItem","position":1,"name":"Portada","item":"https:\/\/www.eldiario.net\/portal\/"},{"@type":"ListItem","position":2,"name":"Mundiales de Lionel Messi, una vida de r\u00e9cords"}]},{"@type":"WebSite","@id":"https:\/\/www.eldiario.net\/portal\/#website","url":"https:\/\/www.eldiario.net\/portal\/","name":"El Diario - Decano de la prensa nacional","description":"El Diario - Decano de la prensa nacional","publisher":{"@id":"https:\/\/www.eldiario.net\/portal\/#organization"},"potentialAction":[{"@type":"SearchAction","target":{"@type":"EntryPoint","urlTemplate":"https:\/\/www.eldiario.net\/portal\/?s={search_term_string}"},"query-input":{"@type":"PropertyValueSpecification","valueRequired":true,"valueName":"search_term_string"}}],"inLanguage":"es"},{"@type":"Organization","@id":"https:\/\/www.eldiario.net\/portal\/#organization","name":"El Diario - Decano de la prensa nacional","url":"https:\/\/www.eldiario.net\/portal\/","logo":{"@type":"ImageObject","inLanguage":"es","@id":"https:\/\/www.eldiario.net\/portal\/#\/schema\/logo\/image\/","url":"https:\/\/www.eldiario.net\/portal\/wp-content\/uploads\/2023\/07\/logo_ED.jpg","contentUrl":"https:\/\/www.eldiario.net\/portal\/wp-content\/uploads\/2023\/07\/logo_ED.jpg","width":272,"height":52,"caption":"El Diario - Decano de la prensa nacional"},"image":{"@id":"https:\/\/www.eldiario.net\/portal\/#\/schema\/logo\/image\/"},"sameAs":["https:\/\/www.facebook.com\/eldiario.bolivia\/","https:\/\/x.com\/eldiario_net"]},{"@type":"Person","@id":"https:\/\/www.eldiario.net\/portal\/#\/schema\/person\/f46445640444750d7d753ccd04ae01b7","name":"Jeanette","image":{"@type":"ImageObject","inLanguage":"es","@id":"https:\/\/secure.gravatar.com\/avatar\/3ea2118a5f7dad2b7138b1187a6b7ee55f160b9968b66013c3a3ef39dd7e5798?s=96&d=mm&r=g","url":"https:\/\/secure.gravatar.com\/avatar\/3ea2118a5f7dad2b7138b1187a6b7ee55f160b9968b66013c3a3ef39dd7e5798?s=96&d=mm&r=g","contentUrl":"https:\/\/secure.gravatar.com\/avatar\/3ea2118a5f7dad2b7138b1187a6b7ee55f160b9968b66013c3a3ef39dd7e5798?s=96&d=mm&r=g","caption":"Jeanette"},"sameAs":["https:\/\/www.eldiario.net\/portal"],"url":"https:\/\/www.eldiario.net\/portal\/author\/jeanette\/"}]}},"_links":{"self":[{"href":"https:\/\/www.eldiario.net\/portal\/wp-json\/wp\/v2\/posts\/426686","targetHints":{"allow":["GET"]}}],"collection":[{"href":"https:\/\/www.eldiario.net\/portal\/wp-json\/wp\/v2\/posts"}],"about":[{"href":"https:\/\/www.eldiario.net\/portal\/wp-json\/wp\/v2\/types\/post"}],"author":[{"embeddable":true,"href":"https:\/\/www.eldiario.net\/portal\/wp-json\/wp\/v2\/users\/1"}],"replies":[{"embeddable":true,"href":"https:\/\/www.eldiario.net\/portal\/wp-json\/wp\/v2\/comments?post=426686"}],"version-history":[{"count":1,"href":"https:\/\/www.eldiario.net\/portal\/wp-json\/wp\/v2\/posts\/426686\/revisions"}],"predecessor-version":[{"id":426688,"href":"https:\/\/www.eldiario.net\/portal\/wp-json\/wp\/v2\/posts\/426686\/revisions\/426688"}],"wp:featuredmedia":[{"embeddable":true,"href":"https:\/\/www.eldiario.net\/portal\/wp-json\/wp\/v2\/media\/426687"}],"wp:attachment":[{"href":"https:\/\/www.eldiario.net\/portal\/wp-json\/wp\/v2\/media?parent=426686"}],"wp:term":[{"taxonomy":"category","embeddable":true,"href":"https:\/\/www.eldiario.net\/portal\/wp-json\/wp\/v2\/categories?post=426686"},{"taxonomy":"post_tag","embeddable":true,"href":"https:\/\/www.eldiario.net\/portal\/wp-json\/wp\/v2\/tags?post=426686"}],"curies":[{"name":"wp","href":"https:\/\/api.w.org\/{rel}","templated":true}]}}