{"id":426680,"date":"2026-09-01T06:53:26","date_gmt":"2026-09-01T10:53:26","guid":{"rendered":"https:\/\/www.eldiario.net\/portal\/?p=426680"},"modified":"2026-09-01T06:53:26","modified_gmt":"2026-09-01T10:53:26","slug":"transicion-energetica-requiere-leyes-de-electricidad-e-hidrocarburos-2","status":"publish","type":"post","link":"https:\/\/www.eldiario.net\/portal\/2026\/09\/01\/transicion-energetica-requiere-leyes-de-electricidad-e-hidrocarburos-2\/","title":{"rendered":"Transici\u00f3n energ\u00e9tica requiere leyes  de electricidad e hidrocarburos"},"content":{"rendered":"<p>Ante la crisis energ\u00e9tica, en especial de hidrocarburos, y ante una posible falta energ\u00eda el\u00e9ctrica, expertos apuntan que se requieren leyes de electricidad y hidrocarburos, para avanzar en la transici\u00f3n a energ\u00edas verdes.<\/p>\n<p>Expertos en el tema energ\u00e9tico ya indicaron que, para avanzar en la transici\u00f3n energ\u00e9tica en el pa\u00eds, se requiere el gas natural, y paralelamente trabajar en las energ\u00edas alternativas, como la solar, e\u00f3lica, y t\u00e9rmica.<\/p>\n<p>Bolivia atraviesa una situaci\u00f3n delicada, tras la ca\u00edda de la producci\u00f3n de gas y de las reservas de hidrocarburos, el pa\u00eds paso de exportador a importador neto, de gasolina y di\u00e9sel, y pronto, tambi\u00e9n lo ser\u00e1 de gas natural y Gas Licuado de Petr\u00f3leo (GLP), en los pr\u00f3ximos dos a\u00f1os.<\/p>\n<p>Par el analista econ\u00f3mico Gustavo Machicado, Bolivia tiene gran potencial de generar energ\u00eda el\u00e9ctrica en el occidente a trav\u00e9s de la instalaci\u00f3n de paneles solares, por las caracter\u00edsticas que tiene el altiplano.<\/p>\n<p>Record\u00f3 que, aproximadamente, el 70% de la energ\u00eda el\u00e9ctrica se lo realiza mediante las termoel\u00e9ctricas, que operan a gas.<\/p>\n<p>Por su parte, el economista y docente de la Universidad T\u00e9cnica de Oruro (UTO), Ernesto Bernal, sostiene que la energ\u00eda que mueve la econom\u00eda es el combustible f\u00f3sil a nivel nacional, y en gran parte del mundo.<\/p>\n<p>Y por ello expres\u00f3 su preocupaci\u00f3n por los anuncios de que a partir del 2030 el pa\u00eds importe energ\u00eda, lo que influir\u00e1 en el funcionamiento de la econom\u00eda boliviana.<\/p>\n<p>Leyes<\/p>\n<p>En su momento, el analista del sector de hidrocarburos de la Fundaci\u00f3n Jubileo, Ra\u00fal Vel\u00e1squez, dijo que es vital una nueva ley de hidrocarburos para revertir la actual situaci\u00f3n energ\u00e9tica que registra el pa\u00eds.<\/p>\n<p>Por su parte, el consultor en energ\u00eda Boris G\u00f3mez \u00dazqueda sostiene que la ausencia de inversiones privadas y a escala, permanentes, en generaci\u00f3n el\u00e9ctrica [v\u00eda gas o renovables], la ausencia de inversiones en renovaci\u00f3n\/modernizaci\u00f3n de sistemas de transmisi\u00f3n y de comercializaci\u00f3n el\u00e9ctrica pone en riesgo el aparato productivo, industria, comercio y servicios.<\/p>\n<p>\u201cVean Venezuela con problemas el\u00e9ctricos luego de m\u00e1s de 20 a\u00f1os de socialismo. Bolivia puede transitar el camino de tener problemas en el sistema energ\u00e9tico si es que, de inmediato, no se reforma la constituci\u00f3n y se decreta una ley de electricidad que permita la inversi\u00f3n privada a escala en toda la cadena el\u00e9ctrica\u201d, alerta el experto en su cuenta @BorisSGomezU.<\/p>\n<p>Asegura que urge un mix de uso de gas y de renovables para generaci\u00f3n. Para ello tambi\u00e9n se requiere ley del gas que permita nuevas exploraciones e inversiones en el sector gas natural.<\/p>\n<p>\u201cS\u00f3lo los privados internacionales\/nacionales tienen capacidad financiera, tecnol\u00f3gica y de gesti\u00f3n para afrontar tales retos, siempre y cuando les respeten sus inversiones y no confisquen sus industrias\u201d, sostiene.<\/p>\n<p>Estamos al borde de los tiempos para lograr equilibrio m\u00ednimo entre oferta\/demanda de mercado. El socialismo le hizo da\u00f1o irreparable a Bolivia y a Venezuela, concluye.<\/p>\n","protected":false},"excerpt":{"rendered":"<p>Ante la crisis energ\u00e9tica, en especial de hidrocarburos, y ante una posible falta energ\u00eda el\u00e9ctrica, expertos apuntan que se requieren leyes de electricidad y hidrocarburos, para avanzar en la transici\u00f3n a energ\u00edas verdes. Expertos en el tema energ\u00e9tico ya indicaron que, para avanzar en la transici\u00f3n energ\u00e9tica en el pa\u00eds, se requiere el gas natural, [&hellip;]<\/p>\n","protected":false},"author":1,"featured_media":426681,"comment_status":"closed","ping_status":"open","sticky":false,"template":"","format":"standard","meta":{"_acf_changed":false,"footnotes":""},"categories":[7],"tags":[],"class_list":["post-426680","post","type-post","status-publish","format-standard","has-post-thumbnail","category-economia"],"acf":{"antetitulo":""},"yoast_head":"<!-- This site is optimized with the Yoast SEO plugin v28.3 - https:\/\/yoast.com\/product\/yoast-seo-wordpress\/ -->\n<title>Transici\u00f3n energ\u00e9tica requiere leyes de electricidad e hidrocarburos - El Diario - Bolivia<\/title>\n<meta name=\"robots\" content=\"index, follow, max-snippet:-1, max-image-preview:large, max-video-preview:-1\" \/>\n<link rel=\"canonical\" href=\"https:\/\/www.eldiario.net\/portal\/2026\/09\/01\/transicion-energetica-requiere-leyes-de-electricidad-e-hidrocarburos-2\/\" \/>\n<meta property=\"og:locale\" content=\"es_ES\" \/>\n<meta property=\"og:type\" content=\"article\" \/>\n<meta property=\"og:title\" content=\"Transici\u00f3n energ\u00e9tica requiere leyes de electricidad e hidrocarburos - El Diario - Bolivia\" \/>\n<meta property=\"og:description\" content=\"Ante la crisis energ\u00e9tica, en especial de hidrocarburos, y ante una posible falta energ\u00eda el\u00e9ctrica, expertos apuntan que se requieren leyes de electricidad y hidrocarburos, para avanzar en la transici\u00f3n a energ\u00edas verdes. Expertos en el tema energ\u00e9tico ya indicaron que, para avanzar en la transici\u00f3n energ\u00e9tica en el pa\u00eds, se requiere el gas natural, [&hellip;]\" \/>\n<meta property=\"og:url\" content=\"https:\/\/www.eldiario.net\/portal\/2026\/09\/01\/transicion-energetica-requiere-leyes-de-electricidad-e-hidrocarburos-2\/\" \/>\n<meta property=\"og:site_name\" content=\"El Diario - Bolivia\" \/>\n<meta property=\"article:publisher\" content=\"https:\/\/www.facebook.com\/eldiario.bolivia\/\" \/>\n<meta property=\"article:published_time\" content=\"2026-09-01T10:53:26+00:00\" \/>\n<meta property=\"og:image\" content=\"https:\/\/www.eldiario.net\/portal\/wp-content\/uploads\/2026\/09\/ENERGIA-FOTO.webp\" \/>\n\t<meta property=\"og:image:width\" content=\"960\" \/>\n\t<meta property=\"og:image:height\" content=\"804\" \/>\n\t<meta property=\"og:image:type\" content=\"image\/webp\" \/>\n<meta name=\"author\" content=\"Jeanette\" \/>\n<meta name=\"twitter:card\" content=\"summary_large_image\" \/>\n<meta name=\"twitter:creator\" content=\"@eldiario_net\" \/>\n<meta name=\"twitter:site\" content=\"@eldiario_net\" \/>\n<meta name=\"twitter:label1\" content=\"Escrito por\" \/>\n\t<meta name=\"twitter:data1\" content=\"Jeanette\" \/>\n\t<meta name=\"twitter:label2\" content=\"Tiempo de lectura\" \/>\n\t<meta name=\"twitter:data2\" content=\"3 minutos\" \/>\n<script type=\"application\/ld+json\" class=\"yoast-schema-graph\">{\"@context\":\"https:\\\/\\\/schema.org\",\"@graph\":[{\"@type\":\"Article\",\"@id\":\"https:\\\/\\\/www.eldiario.net\\\/portal\\\/2026\\\/09\\\/01\\\/transicion-energetica-requiere-leyes-de-electricidad-e-hidrocarburos-2\\\/#article\",\"isPartOf\":{\"@id\":\"https:\\\/\\\/www.eldiario.net\\\/portal\\\/2026\\\/09\\\/01\\\/transicion-energetica-requiere-leyes-de-electricidad-e-hidrocarburos-2\\\/\"},\"author\":{\"name\":\"Jeanette\",\"@id\":\"https:\\\/\\\/www.eldiario.net\\\/portal\\\/#\\\/schema\\\/person\\\/f46445640444750d7d753ccd04ae01b7\"},\"headline\":\"Transici\u00f3n energ\u00e9tica requiere leyes de electricidad e hidrocarburos\",\"datePublished\":\"2026-09-01T10:53:26+00:00\",\"mainEntityOfPage\":{\"@id\":\"https:\\\/\\\/www.eldiario.net\\\/portal\\\/2026\\\/09\\\/01\\\/transicion-energetica-requiere-leyes-de-electricidad-e-hidrocarburos-2\\\/\"},\"wordCount\":548,\"publisher\":{\"@id\":\"https:\\\/\\\/www.eldiario.net\\\/portal\\\/#organization\"},\"image\":{\"@id\":\"https:\\\/\\\/www.eldiario.net\\\/portal\\\/2026\\\/09\\\/01\\\/transicion-energetica-requiere-leyes-de-electricidad-e-hidrocarburos-2\\\/#primaryimage\"},\"thumbnailUrl\":\"https:\\\/\\\/www.eldiario.net\\\/portal\\\/wp-content\\\/uploads\\\/2026\\\/09\\\/ENERGIA-FOTO.webp\",\"articleSection\":[\"Econom\u00eda\"],\"inLanguage\":\"es\"},{\"@type\":\"WebPage\",\"@id\":\"https:\\\/\\\/www.eldiario.net\\\/portal\\\/2026\\\/09\\\/01\\\/transicion-energetica-requiere-leyes-de-electricidad-e-hidrocarburos-2\\\/\",\"url\":\"https:\\\/\\\/www.eldiario.net\\\/portal\\\/2026\\\/09\\\/01\\\/transicion-energetica-requiere-leyes-de-electricidad-e-hidrocarburos-2\\\/\",\"name\":\"Transici\u00f3n energ\u00e9tica requiere leyes de electricidad e hidrocarburos - El Diario - Bolivia\",\"isPartOf\":{\"@id\":\"https:\\\/\\\/www.eldiario.net\\\/portal\\\/#website\"},\"primaryImageOfPage\":{\"@id\":\"https:\\\/\\\/www.eldiario.net\\\/portal\\\/2026\\\/09\\\/01\\\/transicion-energetica-requiere-leyes-de-electricidad-e-hidrocarburos-2\\\/#primaryimage\"},\"image\":{\"@id\":\"https:\\\/\\\/www.eldiario.net\\\/portal\\\/2026\\\/09\\\/01\\\/transicion-energetica-requiere-leyes-de-electricidad-e-hidrocarburos-2\\\/#primaryimage\"},\"thumbnailUrl\":\"https:\\\/\\\/www.eldiario.net\\\/portal\\\/wp-content\\\/uploads\\\/2026\\\/09\\\/ENERGIA-FOTO.webp\",\"datePublished\":\"2026-09-01T10:53:26+00:00\",\"breadcrumb\":{\"@id\":\"https:\\\/\\\/www.eldiario.net\\\/portal\\\/2026\\\/09\\\/01\\\/transicion-energetica-requiere-leyes-de-electricidad-e-hidrocarburos-2\\\/#breadcrumb\"},\"inLanguage\":\"es\",\"potentialAction\":[{\"@type\":\"ReadAction\",\"target\":[\"https:\\\/\\\/www.eldiario.net\\\/portal\\\/2026\\\/09\\\/01\\\/transicion-energetica-requiere-leyes-de-electricidad-e-hidrocarburos-2\\\/\"]}]},{\"@type\":\"ImageObject\",\"inLanguage\":\"es\",\"@id\":\"https:\\\/\\\/www.eldiario.net\\\/portal\\\/2026\\\/09\\\/01\\\/transicion-energetica-requiere-leyes-de-electricidad-e-hidrocarburos-2\\\/#primaryimage\",\"url\":\"https:\\\/\\\/www.eldiario.net\\\/portal\\\/wp-content\\\/uploads\\\/2026\\\/09\\\/ENERGIA-FOTO.webp\",\"contentUrl\":\"https:\\\/\\\/www.eldiario.net\\\/portal\\\/wp-content\\\/uploads\\\/2026\\\/09\\\/ENERGIA-FOTO.webp\",\"width\":960,\"height\":804,\"caption\":\"Boris G\u00f3mez \u00dazqueda. Foto Cortes\u00eda\"},{\"@type\":\"BreadcrumbList\",\"@id\":\"https:\\\/\\\/www.eldiario.net\\\/portal\\\/2026\\\/09\\\/01\\\/transicion-energetica-requiere-leyes-de-electricidad-e-hidrocarburos-2\\\/#breadcrumb\",\"itemListElement\":[{\"@type\":\"ListItem\",\"position\":1,\"name\":\"Portada\",\"item\":\"https:\\\/\\\/www.eldiario.net\\\/portal\\\/\"},{\"@type\":\"ListItem\",\"position\":2,\"name\":\"Transici\u00f3n energ\u00e9tica requiere leyes de electricidad e hidrocarburos\"}]},{\"@type\":\"WebSite\",\"@id\":\"https:\\\/\\\/www.eldiario.net\\\/portal\\\/#website\",\"url\":\"https:\\\/\\\/www.eldiario.net\\\/portal\\\/\",\"name\":\"El Diario - Decano de la prensa nacional\",\"description\":\"El Diario - Decano de la prensa nacional\",\"publisher\":{\"@id\":\"https:\\\/\\\/www.eldiario.net\\\/portal\\\/#organization\"},\"potentialAction\":[{\"@type\":\"SearchAction\",\"target\":{\"@type\":\"EntryPoint\",\"urlTemplate\":\"https:\\\/\\\/www.eldiario.net\\\/portal\\\/?s={search_term_string}\"},\"query-input\":{\"@type\":\"PropertyValueSpecification\",\"valueRequired\":true,\"valueName\":\"search_term_string\"}}],\"inLanguage\":\"es\"},{\"@type\":\"Organization\",\"@id\":\"https:\\\/\\\/www.eldiario.net\\\/portal\\\/#organization\",\"name\":\"El Diario - Decano de la prensa nacional\",\"url\":\"https:\\\/\\\/www.eldiario.net\\\/portal\\\/\",\"logo\":{\"@type\":\"ImageObject\",\"inLanguage\":\"es\",\"@id\":\"https:\\\/\\\/www.eldiario.net\\\/portal\\\/#\\\/schema\\\/logo\\\/image\\\/\",\"url\":\"https:\\\/\\\/www.eldiario.net\\\/portal\\\/wp-content\\\/uploads\\\/2023\\\/07\\\/logo_ED.jpg\",\"contentUrl\":\"https:\\\/\\\/www.eldiario.net\\\/portal\\\/wp-content\\\/uploads\\\/2023\\\/07\\\/logo_ED.jpg\",\"width\":272,\"height\":52,\"caption\":\"El Diario - Decano de la prensa nacional\"},\"image\":{\"@id\":\"https:\\\/\\\/www.eldiario.net\\\/portal\\\/#\\\/schema\\\/logo\\\/image\\\/\"},\"sameAs\":[\"https:\\\/\\\/www.facebook.com\\\/eldiario.bolivia\\\/\",\"https:\\\/\\\/x.com\\\/eldiario_net\"]},{\"@type\":\"Person\",\"@id\":\"https:\\\/\\\/www.eldiario.net\\\/portal\\\/#\\\/schema\\\/person\\\/f46445640444750d7d753ccd04ae01b7\",\"name\":\"Jeanette\",\"image\":{\"@type\":\"ImageObject\",\"inLanguage\":\"es\",\"@id\":\"https:\\\/\\\/secure.gravatar.com\\\/avatar\\\/3ea2118a5f7dad2b7138b1187a6b7ee55f160b9968b66013c3a3ef39dd7e5798?s=96&d=mm&r=g\",\"url\":\"https:\\\/\\\/secure.gravatar.com\\\/avatar\\\/3ea2118a5f7dad2b7138b1187a6b7ee55f160b9968b66013c3a3ef39dd7e5798?s=96&d=mm&r=g\",\"contentUrl\":\"https:\\\/\\\/secure.gravatar.com\\\/avatar\\\/3ea2118a5f7dad2b7138b1187a6b7ee55f160b9968b66013c3a3ef39dd7e5798?s=96&d=mm&r=g\",\"caption\":\"Jeanette\"},\"sameAs\":[\"https:\\\/\\\/www.eldiario.net\\\/portal\"],\"url\":\"https:\\\/\\\/www.eldiario.net\\\/portal\\\/author\\\/jeanette\\\/\"}]}<\/script>\n<!-- \/ Yoast SEO plugin. -->","yoast_head_json":{"title":"Transici\u00f3n energ\u00e9tica requiere leyes de electricidad e hidrocarburos - El Diario - Bolivia","robots":{"index":"index","follow":"follow","max-snippet":"max-snippet:-1","max-image-preview":"max-image-preview:large","max-video-preview":"max-video-preview:-1"},"canonical":"https:\/\/www.eldiario.net\/portal\/2026\/09\/01\/transicion-energetica-requiere-leyes-de-electricidad-e-hidrocarburos-2\/","og_locale":"es_ES","og_type":"article","og_title":"Transici\u00f3n energ\u00e9tica requiere leyes de electricidad e hidrocarburos - El Diario - Bolivia","og_description":"Ante la crisis energ\u00e9tica, en especial de hidrocarburos, y ante una posible falta energ\u00eda el\u00e9ctrica, expertos apuntan que se requieren leyes de electricidad y hidrocarburos, para avanzar en la transici\u00f3n a energ\u00edas verdes. Expertos en el tema energ\u00e9tico ya indicaron que, para avanzar en la transici\u00f3n energ\u00e9tica en el pa\u00eds, se requiere el gas natural, [&hellip;]","og_url":"https:\/\/www.eldiario.net\/portal\/2026\/09\/01\/transicion-energetica-requiere-leyes-de-electricidad-e-hidrocarburos-2\/","og_site_name":"El Diario - Bolivia","article_publisher":"https:\/\/www.facebook.com\/eldiario.bolivia\/","article_published_time":"2026-09-01T10:53:26+00:00","og_image":[{"width":960,"height":804,"url":"https:\/\/www.eldiario.net\/portal\/wp-content\/uploads\/2026\/09\/ENERGIA-FOTO.webp","type":"image\/webp"}],"author":"Jeanette","twitter_card":"summary_large_image","twitter_creator":"@eldiario_net","twitter_site":"@eldiario_net","twitter_misc":{"Escrito por":"Jeanette","Tiempo de lectura":"3 minutos"},"schema":{"@context":"https:\/\/schema.org","@graph":[{"@type":"Article","@id":"https:\/\/www.eldiario.net\/portal\/2026\/09\/01\/transicion-energetica-requiere-leyes-de-electricidad-e-hidrocarburos-2\/#article","isPartOf":{"@id":"https:\/\/www.eldiario.net\/portal\/2026\/09\/01\/transicion-energetica-requiere-leyes-de-electricidad-e-hidrocarburos-2\/"},"author":{"name":"Jeanette","@id":"https:\/\/www.eldiario.net\/portal\/#\/schema\/person\/f46445640444750d7d753ccd04ae01b7"},"headline":"Transici\u00f3n energ\u00e9tica requiere leyes de electricidad e hidrocarburos","datePublished":"2026-09-01T10:53:26+00:00","mainEntityOfPage":{"@id":"https:\/\/www.eldiario.net\/portal\/2026\/09\/01\/transicion-energetica-requiere-leyes-de-electricidad-e-hidrocarburos-2\/"},"wordCount":548,"publisher":{"@id":"https:\/\/www.eldiario.net\/portal\/#organization"},"image":{"@id":"https:\/\/www.eldiario.net\/portal\/2026\/09\/01\/transicion-energetica-requiere-leyes-de-electricidad-e-hidrocarburos-2\/#primaryimage"},"thumbnailUrl":"https:\/\/www.eldiario.net\/portal\/wp-content\/uploads\/2026\/09\/ENERGIA-FOTO.webp","articleSection":["Econom\u00eda"],"inLanguage":"es"},{"@type":"WebPage","@id":"https:\/\/www.eldiario.net\/portal\/2026\/09\/01\/transicion-energetica-requiere-leyes-de-electricidad-e-hidrocarburos-2\/","url":"https:\/\/www.eldiario.net\/portal\/2026\/09\/01\/transicion-energetica-requiere-leyes-de-electricidad-e-hidrocarburos-2\/","name":"Transici\u00f3n energ\u00e9tica requiere leyes de electricidad e hidrocarburos - El Diario - Bolivia","isPartOf":{"@id":"https:\/\/www.eldiario.net\/portal\/#website"},"primaryImageOfPage":{"@id":"https:\/\/www.eldiario.net\/portal\/2026\/09\/01\/transicion-energetica-requiere-leyes-de-electricidad-e-hidrocarburos-2\/#primaryimage"},"image":{"@id":"https:\/\/www.eldiario.net\/portal\/2026\/09\/01\/transicion-energetica-requiere-leyes-de-electricidad-e-hidrocarburos-2\/#primaryimage"},"thumbnailUrl":"https:\/\/www.eldiario.net\/portal\/wp-content\/uploads\/2026\/09\/ENERGIA-FOTO.webp","datePublished":"2026-09-01T10:53:26+00:00","breadcrumb":{"@id":"https:\/\/www.eldiario.net\/portal\/2026\/09\/01\/transicion-energetica-requiere-leyes-de-electricidad-e-hidrocarburos-2\/#breadcrumb"},"inLanguage":"es","potentialAction":[{"@type":"ReadAction","target":["https:\/\/www.eldiario.net\/portal\/2026\/09\/01\/transicion-energetica-requiere-leyes-de-electricidad-e-hidrocarburos-2\/"]}]},{"@type":"ImageObject","inLanguage":"es","@id":"https:\/\/www.eldiario.net\/portal\/2026\/09\/01\/transicion-energetica-requiere-leyes-de-electricidad-e-hidrocarburos-2\/#primaryimage","url":"https:\/\/www.eldiario.net\/portal\/wp-content\/uploads\/2026\/09\/ENERGIA-FOTO.webp","contentUrl":"https:\/\/www.eldiario.net\/portal\/wp-content\/uploads\/2026\/09\/ENERGIA-FOTO.webp","width":960,"height":804,"caption":"Boris G\u00f3mez \u00dazqueda. Foto Cortes\u00eda"},{"@type":"BreadcrumbList","@id":"https:\/\/www.eldiario.net\/portal\/2026\/09\/01\/transicion-energetica-requiere-leyes-de-electricidad-e-hidrocarburos-2\/#breadcrumb","itemListElement":[{"@type":"ListItem","position":1,"name":"Portada","item":"https:\/\/www.eldiario.net\/portal\/"},{"@type":"ListItem","position":2,"name":"Transici\u00f3n energ\u00e9tica requiere leyes de electricidad e hidrocarburos"}]},{"@type":"WebSite","@id":"https:\/\/www.eldiario.net\/portal\/#website","url":"https:\/\/www.eldiario.net\/portal\/","name":"El Diario - Decano de la prensa nacional","description":"El Diario - Decano de la prensa nacional","publisher":{"@id":"https:\/\/www.eldiario.net\/portal\/#organization"},"potentialAction":[{"@type":"SearchAction","target":{"@type":"EntryPoint","urlTemplate":"https:\/\/www.eldiario.net\/portal\/?s={search_term_string}"},"query-input":{"@type":"PropertyValueSpecification","valueRequired":true,"valueName":"search_term_string"}}],"inLanguage":"es"},{"@type":"Organization","@id":"https:\/\/www.eldiario.net\/portal\/#organization","name":"El Diario - Decano de la prensa nacional","url":"https:\/\/www.eldiario.net\/portal\/","logo":{"@type":"ImageObject","inLanguage":"es","@id":"https:\/\/www.eldiario.net\/portal\/#\/schema\/logo\/image\/","url":"https:\/\/www.eldiario.net\/portal\/wp-content\/uploads\/2023\/07\/logo_ED.jpg","contentUrl":"https:\/\/www.eldiario.net\/portal\/wp-content\/uploads\/2023\/07\/logo_ED.jpg","width":272,"height":52,"caption":"El Diario - Decano de la prensa nacional"},"image":{"@id":"https:\/\/www.eldiario.net\/portal\/#\/schema\/logo\/image\/"},"sameAs":["https:\/\/www.facebook.com\/eldiario.bolivia\/","https:\/\/x.com\/eldiario_net"]},{"@type":"Person","@id":"https:\/\/www.eldiario.net\/portal\/#\/schema\/person\/f46445640444750d7d753ccd04ae01b7","name":"Jeanette","image":{"@type":"ImageObject","inLanguage":"es","@id":"https:\/\/secure.gravatar.com\/avatar\/3ea2118a5f7dad2b7138b1187a6b7ee55f160b9968b66013c3a3ef39dd7e5798?s=96&d=mm&r=g","url":"https:\/\/secure.gravatar.com\/avatar\/3ea2118a5f7dad2b7138b1187a6b7ee55f160b9968b66013c3a3ef39dd7e5798?s=96&d=mm&r=g","contentUrl":"https:\/\/secure.gravatar.com\/avatar\/3ea2118a5f7dad2b7138b1187a6b7ee55f160b9968b66013c3a3ef39dd7e5798?s=96&d=mm&r=g","caption":"Jeanette"},"sameAs":["https:\/\/www.eldiario.net\/portal"],"url":"https:\/\/www.eldiario.net\/portal\/author\/jeanette\/"}]}},"_links":{"self":[{"href":"https:\/\/www.eldiario.net\/portal\/wp-json\/wp\/v2\/posts\/426680","targetHints":{"allow":["GET"]}}],"collection":[{"href":"https:\/\/www.eldiario.net\/portal\/wp-json\/wp\/v2\/posts"}],"about":[{"href":"https:\/\/www.eldiario.net\/portal\/wp-json\/wp\/v2\/types\/post"}],"author":[{"embeddable":true,"href":"https:\/\/www.eldiario.net\/portal\/wp-json\/wp\/v2\/users\/1"}],"replies":[{"embeddable":true,"href":"https:\/\/www.eldiario.net\/portal\/wp-json\/wp\/v2\/comments?post=426680"}],"version-history":[{"count":1,"href":"https:\/\/www.eldiario.net\/portal\/wp-json\/wp\/v2\/posts\/426680\/revisions"}],"predecessor-version":[{"id":426682,"href":"https:\/\/www.eldiario.net\/portal\/wp-json\/wp\/v2\/posts\/426680\/revisions\/426682"}],"wp:featuredmedia":[{"embeddable":true,"href":"https:\/\/www.eldiario.net\/portal\/wp-json\/wp\/v2\/media\/426681"}],"wp:attachment":[{"href":"https:\/\/www.eldiario.net\/portal\/wp-json\/wp\/v2\/media?parent=426680"}],"wp:term":[{"taxonomy":"category","embeddable":true,"href":"https:\/\/www.eldiario.net\/portal\/wp-json\/wp\/v2\/categories?post=426680"},{"taxonomy":"post_tag","embeddable":true,"href":"https:\/\/www.eldiario.net\/portal\/wp-json\/wp\/v2\/tags?post=426680"}],"curies":[{"name":"wp","href":"https:\/\/api.w.org\/{rel}","templated":true}]}}