{"id":426677,"date":"2026-09-01T06:52:53","date_gmt":"2026-09-01T10:52:53","guid":{"rendered":"https:\/\/www.eldiario.net\/portal\/?p=426677"},"modified":"2026-09-01T06:52:53","modified_gmt":"2026-09-01T10:52:53","slug":"facebook-de-la-camara-de-industrias-fue-victima-de-ataque-cibernetico-2","status":"publish","type":"post","link":"https:\/\/www.eldiario.net\/portal\/2026\/09\/01\/facebook-de-la-camara-de-industrias-fue-victima-de-ataque-cibernetico-2\/","title":{"rendered":"Facebook de la C\u00e1mara de Industrias fue v\u00edctima de ataque cibern\u00e9tico"},"content":{"rendered":"<p>La C\u00e1mara Nacional de Industrias (CNI) inform\u00f3 que su p\u00e1gina oficial de Facebook ha sido v\u00edctima de un ataque cibern\u00e9tico, por lo que se encuentra temporalmente inactiva, mientras hacen las gestiones necesarias para recuperar el control.<\/p>\n<p>De un tiempo a esta parte, no s\u00f3lo fueron hackeados correos o redes sociales de personas particulares, sino tambi\u00e9n empresas p\u00fablicas y privadas, as\u00ed como de medios de comunicaci\u00f3n, por ello compa\u00f1\u00edas internacionales de ciberseguridad recomiendan varios aspectos para asegurar las p\u00e1ginas web y de redes sociales.<\/p>\n<p>Ayer, el comunicado indicaba que mientras dure esa contingencia, sus comunicaciones y difusiones oficiales continuar\u00e1n a trav\u00e9s de sus canales institucionales en LinkedIn, Instagram y TikTok.<\/p>\n<p>Recomendaron a su comunidad mantenerse informada \u00fanicamente mediante estos canales oficiales y desestimar cualquier contenido o comunicaci\u00f3n que pudiera difundirse desde nuestra p\u00e1gina de Facebook durante este per\u00edodo.<\/p>\n<p>Recomendaciones<\/p>\n<p>El robo y el acceso a las cuentas de redes sociales, correo u otras plataformas se debe principalmente a no tener activado el doble factor de autenticaci\u00f3n y a utilizar contrase\u00f1as que son f\u00e1ciles de descifrar, de acuerdo al art\u00edculo del experto en esta materia Christian Ali Bravo, publicado en la p\u00e1gina de eset.com.<\/p>\n<p>Tener activado el doble factor de autenticaci\u00f3n en cada una de tus redes sociales es vital para evitar el hackeo o robo de esas cuentas. En resumidas cuentas, el 2FA adem\u00e1s de requerir un nombre de usuario y contrase\u00f1a, solicita el ingreso de un segundo factor, que podr\u00eda ser un c\u00f3digo de seguridad o un dato biom\u00e9trico, para que la autenticaci\u00f3n sea exitosa.<\/p>\n<p>Entonces, si alg\u00fan actor malicioso accede a tu contrase\u00f1a por ejemplo de Instagram, Facebook o Twitter, no podr\u00e1 ingresar ya que se le estar\u00e1 solicitando el segundo factor que autentique la identidad, se\u00f1ala el art\u00edculo.<\/p>\n<p>Todos los a\u00f1os queda en evidencia como las contrase\u00f1as m\u00e1s utilizadas por los usuarios siguen siendo \u201c123456\u201d, \u201cpassword\u201d, o combinaciones como nombre y fecha de nacimiento. Estas claves son muy f\u00e1ciles de descifrar para los cibercriminales mediante t\u00e9cnicas y programas que les permiten probar miles de combinaciones de usuario y contrase\u00f1a por segundo.<\/p>\n<p>&nbsp;<\/p>\n<p>Para evitar ser v\u00edctima del robo o hackeo de tus cuentas de redes sociales, correo y otro tipo de plataforma, lo ideal es crear contrase\u00f1as fuertes, \u00fanicas y que no sean reutilizadas. All\u00ed entra en juego otra gran herramienta: el gestor de contrase\u00f1as, que permite generar credenciales fuertes y \u00fanicas para cada cuenta sin necesidad de tener que recordarlas de memoria, recomienda.<\/p>\n<p>Tambi\u00e9n se\u00f1ala que se debe tener las aplicaciones y softwares actualizados, acci\u00f3n muy importante para mantener la integridad de todas tus cuentas. Por esto, cuando llegue alg\u00fan pedido de actualizaci\u00f3n, hazlo inmediatamente, ya que ser\u00e1 necesario para corregir posibles fallos o vulnerabilidades del sistema.<\/p>\n<p>Otra pr\u00e1ctica para ingresar a tu cuenta, y las m\u00e1s utilizadas por los cibercriminales para obtener los datos de acceso a tus redes sociales y el resto de las cuentas, es el phishing, por ello de be prestar atenci\u00f3n a ciertas se\u00f1ales puede ser clave para as\u00ed detectar un intento de esta acci\u00f3n.<\/p>\n<p>Una alarma, por ejemplo, puede ser que el correo electr\u00f3nico no est\u00e1 dirigido a tu nombre, o que presenta errores gramaticales y ortogr\u00e1ficos. Y si bien actualmente hay muchos correos de phishing que est\u00e1n perfectamente escritos, todav\u00eda es com\u00fan que muchas campa\u00f1as con mensajes un tanto descuidados y con errores.<\/p>\n<p>Y, finalmente, recomienda que, en cualquiera de tus dispositivos, contar con una soluci\u00f3n de seguridad robusta es imperativo. En el caso de ESET Mobile Security, ofrece protecci\u00f3n contra todas las amenazas de Internet (su bloqueo y posterior limpieza), incluyendo el phishing, pr\u00e1ctica habitual del cibercrimen para obtener las claves de acceso de las principales redes sociales.<\/p>\n","protected":false},"excerpt":{"rendered":"<p>La C\u00e1mara Nacional de Industrias (CNI) inform\u00f3 que su p\u00e1gina oficial de Facebook ha sido v\u00edctima de un ataque cibern\u00e9tico, por lo que se encuentra temporalmente inactiva, mientras hacen las gestiones necesarias para recuperar el control. De un tiempo a esta parte, no s\u00f3lo fueron hackeados correos o redes sociales de personas particulares, sino tambi\u00e9n [&hellip;]<\/p>\n","protected":false},"author":1,"featured_media":426678,"comment_status":"closed","ping_status":"open","sticky":false,"template":"","format":"standard","meta":{"_acf_changed":false,"footnotes":""},"categories":[7],"tags":[],"class_list":["post-426677","post","type-post","status-publish","format-standard","has-post-thumbnail","category-economia"],"acf":{"antetitulo":""},"yoast_head":"<!-- This site is optimized with the Yoast SEO plugin v28.3 - https:\/\/yoast.com\/product\/yoast-seo-wordpress\/ -->\n<title>Facebook de la C\u00e1mara de Industrias fue v\u00edctima de ataque cibern\u00e9tico - El Diario - Bolivia<\/title>\n<meta name=\"robots\" content=\"index, follow, max-snippet:-1, max-image-preview:large, max-video-preview:-1\" \/>\n<link rel=\"canonical\" href=\"https:\/\/www.eldiario.net\/portal\/2026\/09\/01\/facebook-de-la-camara-de-industrias-fue-victima-de-ataque-cibernetico-2\/\" \/>\n<meta property=\"og:locale\" content=\"es_ES\" \/>\n<meta property=\"og:type\" content=\"article\" \/>\n<meta property=\"og:title\" content=\"Facebook de la C\u00e1mara de Industrias fue v\u00edctima de ataque cibern\u00e9tico - El Diario - Bolivia\" \/>\n<meta property=\"og:description\" content=\"La C\u00e1mara Nacional de Industrias (CNI) inform\u00f3 que su p\u00e1gina oficial de Facebook ha sido v\u00edctima de un ataque cibern\u00e9tico, por lo que se encuentra temporalmente inactiva, mientras hacen las gestiones necesarias para recuperar el control. De un tiempo a esta parte, no s\u00f3lo fueron hackeados correos o redes sociales de personas particulares, sino tambi\u00e9n [&hellip;]\" \/>\n<meta property=\"og:url\" content=\"https:\/\/www.eldiario.net\/portal\/2026\/09\/01\/facebook-de-la-camara-de-industrias-fue-victima-de-ataque-cibernetico-2\/\" \/>\n<meta property=\"og:site_name\" content=\"El Diario - Bolivia\" \/>\n<meta property=\"article:publisher\" content=\"https:\/\/www.facebook.com\/eldiario.bolivia\/\" \/>\n<meta property=\"article:published_time\" content=\"2026-09-01T10:52:53+00:00\" \/>\n<meta property=\"og:image\" content=\"https:\/\/www.eldiario.net\/portal\/wp-content\/uploads\/2026\/09\/CNI-FOTO.webp\" \/>\n\t<meta property=\"og:image:width\" content=\"586\" \/>\n\t<meta property=\"og:image:height\" content=\"334\" \/>\n\t<meta property=\"og:image:type\" content=\"image\/webp\" \/>\n<meta name=\"author\" content=\"Jeanette\" \/>\n<meta name=\"twitter:card\" content=\"summary_large_image\" \/>\n<meta name=\"twitter:creator\" content=\"@eldiario_net\" \/>\n<meta name=\"twitter:site\" content=\"@eldiario_net\" \/>\n<meta name=\"twitter:label1\" content=\"Escrito por\" \/>\n\t<meta name=\"twitter:data1\" content=\"Jeanette\" \/>\n\t<meta name=\"twitter:label2\" content=\"Tiempo de lectura\" \/>\n\t<meta name=\"twitter:data2\" content=\"3 minutos\" \/>\n<script type=\"application\/ld+json\" class=\"yoast-schema-graph\">{\"@context\":\"https:\\\/\\\/schema.org\",\"@graph\":[{\"@type\":\"Article\",\"@id\":\"https:\\\/\\\/www.eldiario.net\\\/portal\\\/2026\\\/09\\\/01\\\/facebook-de-la-camara-de-industrias-fue-victima-de-ataque-cibernetico-2\\\/#article\",\"isPartOf\":{\"@id\":\"https:\\\/\\\/www.eldiario.net\\\/portal\\\/2026\\\/09\\\/01\\\/facebook-de-la-camara-de-industrias-fue-victima-de-ataque-cibernetico-2\\\/\"},\"author\":{\"name\":\"Jeanette\",\"@id\":\"https:\\\/\\\/www.eldiario.net\\\/portal\\\/#\\\/schema\\\/person\\\/f46445640444750d7d753ccd04ae01b7\"},\"headline\":\"Facebook de la C\u00e1mara de Industrias fue v\u00edctima de ataque cibern\u00e9tico\",\"datePublished\":\"2026-09-01T10:52:53+00:00\",\"mainEntityOfPage\":{\"@id\":\"https:\\\/\\\/www.eldiario.net\\\/portal\\\/2026\\\/09\\\/01\\\/facebook-de-la-camara-de-industrias-fue-victima-de-ataque-cibernetico-2\\\/\"},\"wordCount\":682,\"publisher\":{\"@id\":\"https:\\\/\\\/www.eldiario.net\\\/portal\\\/#organization\"},\"image\":{\"@id\":\"https:\\\/\\\/www.eldiario.net\\\/portal\\\/2026\\\/09\\\/01\\\/facebook-de-la-camara-de-industrias-fue-victima-de-ataque-cibernetico-2\\\/#primaryimage\"},\"thumbnailUrl\":\"https:\\\/\\\/www.eldiario.net\\\/portal\\\/wp-content\\\/uploads\\\/2026\\\/09\\\/CNI-FOTO.webp\",\"articleSection\":[\"Econom\u00eda\"],\"inLanguage\":\"es\"},{\"@type\":\"WebPage\",\"@id\":\"https:\\\/\\\/www.eldiario.net\\\/portal\\\/2026\\\/09\\\/01\\\/facebook-de-la-camara-de-industrias-fue-victima-de-ataque-cibernetico-2\\\/\",\"url\":\"https:\\\/\\\/www.eldiario.net\\\/portal\\\/2026\\\/09\\\/01\\\/facebook-de-la-camara-de-industrias-fue-victima-de-ataque-cibernetico-2\\\/\",\"name\":\"Facebook de la C\u00e1mara de Industrias fue v\u00edctima de ataque cibern\u00e9tico - El Diario - Bolivia\",\"isPartOf\":{\"@id\":\"https:\\\/\\\/www.eldiario.net\\\/portal\\\/#website\"},\"primaryImageOfPage\":{\"@id\":\"https:\\\/\\\/www.eldiario.net\\\/portal\\\/2026\\\/09\\\/01\\\/facebook-de-la-camara-de-industrias-fue-victima-de-ataque-cibernetico-2\\\/#primaryimage\"},\"image\":{\"@id\":\"https:\\\/\\\/www.eldiario.net\\\/portal\\\/2026\\\/09\\\/01\\\/facebook-de-la-camara-de-industrias-fue-victima-de-ataque-cibernetico-2\\\/#primaryimage\"},\"thumbnailUrl\":\"https:\\\/\\\/www.eldiario.net\\\/portal\\\/wp-content\\\/uploads\\\/2026\\\/09\\\/CNI-FOTO.webp\",\"datePublished\":\"2026-09-01T10:52:53+00:00\",\"breadcrumb\":{\"@id\":\"https:\\\/\\\/www.eldiario.net\\\/portal\\\/2026\\\/09\\\/01\\\/facebook-de-la-camara-de-industrias-fue-victima-de-ataque-cibernetico-2\\\/#breadcrumb\"},\"inLanguage\":\"es\",\"potentialAction\":[{\"@type\":\"ReadAction\",\"target\":[\"https:\\\/\\\/www.eldiario.net\\\/portal\\\/2026\\\/09\\\/01\\\/facebook-de-la-camara-de-industrias-fue-victima-de-ataque-cibernetico-2\\\/\"]}]},{\"@type\":\"ImageObject\",\"inLanguage\":\"es\",\"@id\":\"https:\\\/\\\/www.eldiario.net\\\/portal\\\/2026\\\/09\\\/01\\\/facebook-de-la-camara-de-industrias-fue-victima-de-ataque-cibernetico-2\\\/#primaryimage\",\"url\":\"https:\\\/\\\/www.eldiario.net\\\/portal\\\/wp-content\\\/uploads\\\/2026\\\/09\\\/CNI-FOTO.webp\",\"contentUrl\":\"https:\\\/\\\/www.eldiario.net\\\/portal\\\/wp-content\\\/uploads\\\/2026\\\/09\\\/CNI-FOTO.webp\",\"width\":586,\"height\":334,\"caption\":\"importante la ciberseguridad. Foto internet\"},{\"@type\":\"BreadcrumbList\",\"@id\":\"https:\\\/\\\/www.eldiario.net\\\/portal\\\/2026\\\/09\\\/01\\\/facebook-de-la-camara-de-industrias-fue-victima-de-ataque-cibernetico-2\\\/#breadcrumb\",\"itemListElement\":[{\"@type\":\"ListItem\",\"position\":1,\"name\":\"Portada\",\"item\":\"https:\\\/\\\/www.eldiario.net\\\/portal\\\/\"},{\"@type\":\"ListItem\",\"position\":2,\"name\":\"Facebook de la C\u00e1mara de Industrias fue v\u00edctima de ataque cibern\u00e9tico\"}]},{\"@type\":\"WebSite\",\"@id\":\"https:\\\/\\\/www.eldiario.net\\\/portal\\\/#website\",\"url\":\"https:\\\/\\\/www.eldiario.net\\\/portal\\\/\",\"name\":\"El Diario - Decano de la prensa nacional\",\"description\":\"El Diario - Decano de la prensa nacional\",\"publisher\":{\"@id\":\"https:\\\/\\\/www.eldiario.net\\\/portal\\\/#organization\"},\"potentialAction\":[{\"@type\":\"SearchAction\",\"target\":{\"@type\":\"EntryPoint\",\"urlTemplate\":\"https:\\\/\\\/www.eldiario.net\\\/portal\\\/?s={search_term_string}\"},\"query-input\":{\"@type\":\"PropertyValueSpecification\",\"valueRequired\":true,\"valueName\":\"search_term_string\"}}],\"inLanguage\":\"es\"},{\"@type\":\"Organization\",\"@id\":\"https:\\\/\\\/www.eldiario.net\\\/portal\\\/#organization\",\"name\":\"El Diario - Decano de la prensa nacional\",\"url\":\"https:\\\/\\\/www.eldiario.net\\\/portal\\\/\",\"logo\":{\"@type\":\"ImageObject\",\"inLanguage\":\"es\",\"@id\":\"https:\\\/\\\/www.eldiario.net\\\/portal\\\/#\\\/schema\\\/logo\\\/image\\\/\",\"url\":\"https:\\\/\\\/www.eldiario.net\\\/portal\\\/wp-content\\\/uploads\\\/2023\\\/07\\\/logo_ED.jpg\",\"contentUrl\":\"https:\\\/\\\/www.eldiario.net\\\/portal\\\/wp-content\\\/uploads\\\/2023\\\/07\\\/logo_ED.jpg\",\"width\":272,\"height\":52,\"caption\":\"El Diario - Decano de la prensa nacional\"},\"image\":{\"@id\":\"https:\\\/\\\/www.eldiario.net\\\/portal\\\/#\\\/schema\\\/logo\\\/image\\\/\"},\"sameAs\":[\"https:\\\/\\\/www.facebook.com\\\/eldiario.bolivia\\\/\",\"https:\\\/\\\/x.com\\\/eldiario_net\"]},{\"@type\":\"Person\",\"@id\":\"https:\\\/\\\/www.eldiario.net\\\/portal\\\/#\\\/schema\\\/person\\\/f46445640444750d7d753ccd04ae01b7\",\"name\":\"Jeanette\",\"image\":{\"@type\":\"ImageObject\",\"inLanguage\":\"es\",\"@id\":\"https:\\\/\\\/secure.gravatar.com\\\/avatar\\\/3ea2118a5f7dad2b7138b1187a6b7ee55f160b9968b66013c3a3ef39dd7e5798?s=96&d=mm&r=g\",\"url\":\"https:\\\/\\\/secure.gravatar.com\\\/avatar\\\/3ea2118a5f7dad2b7138b1187a6b7ee55f160b9968b66013c3a3ef39dd7e5798?s=96&d=mm&r=g\",\"contentUrl\":\"https:\\\/\\\/secure.gravatar.com\\\/avatar\\\/3ea2118a5f7dad2b7138b1187a6b7ee55f160b9968b66013c3a3ef39dd7e5798?s=96&d=mm&r=g\",\"caption\":\"Jeanette\"},\"sameAs\":[\"https:\\\/\\\/www.eldiario.net\\\/portal\"],\"url\":\"https:\\\/\\\/www.eldiario.net\\\/portal\\\/author\\\/jeanette\\\/\"}]}<\/script>\n<!-- \/ Yoast SEO plugin. -->","yoast_head_json":{"title":"Facebook de la C\u00e1mara de Industrias fue v\u00edctima de ataque cibern\u00e9tico - El Diario - Bolivia","robots":{"index":"index","follow":"follow","max-snippet":"max-snippet:-1","max-image-preview":"max-image-preview:large","max-video-preview":"max-video-preview:-1"},"canonical":"https:\/\/www.eldiario.net\/portal\/2026\/09\/01\/facebook-de-la-camara-de-industrias-fue-victima-de-ataque-cibernetico-2\/","og_locale":"es_ES","og_type":"article","og_title":"Facebook de la C\u00e1mara de Industrias fue v\u00edctima de ataque cibern\u00e9tico - El Diario - Bolivia","og_description":"La C\u00e1mara Nacional de Industrias (CNI) inform\u00f3 que su p\u00e1gina oficial de Facebook ha sido v\u00edctima de un ataque cibern\u00e9tico, por lo que se encuentra temporalmente inactiva, mientras hacen las gestiones necesarias para recuperar el control. De un tiempo a esta parte, no s\u00f3lo fueron hackeados correos o redes sociales de personas particulares, sino tambi\u00e9n [&hellip;]","og_url":"https:\/\/www.eldiario.net\/portal\/2026\/09\/01\/facebook-de-la-camara-de-industrias-fue-victima-de-ataque-cibernetico-2\/","og_site_name":"El Diario - Bolivia","article_publisher":"https:\/\/www.facebook.com\/eldiario.bolivia\/","article_published_time":"2026-09-01T10:52:53+00:00","og_image":[{"width":586,"height":334,"url":"https:\/\/www.eldiario.net\/portal\/wp-content\/uploads\/2026\/09\/CNI-FOTO.webp","type":"image\/webp"}],"author":"Jeanette","twitter_card":"summary_large_image","twitter_creator":"@eldiario_net","twitter_site":"@eldiario_net","twitter_misc":{"Escrito por":"Jeanette","Tiempo de lectura":"3 minutos"},"schema":{"@context":"https:\/\/schema.org","@graph":[{"@type":"Article","@id":"https:\/\/www.eldiario.net\/portal\/2026\/09\/01\/facebook-de-la-camara-de-industrias-fue-victima-de-ataque-cibernetico-2\/#article","isPartOf":{"@id":"https:\/\/www.eldiario.net\/portal\/2026\/09\/01\/facebook-de-la-camara-de-industrias-fue-victima-de-ataque-cibernetico-2\/"},"author":{"name":"Jeanette","@id":"https:\/\/www.eldiario.net\/portal\/#\/schema\/person\/f46445640444750d7d753ccd04ae01b7"},"headline":"Facebook de la C\u00e1mara de Industrias fue v\u00edctima de ataque cibern\u00e9tico","datePublished":"2026-09-01T10:52:53+00:00","mainEntityOfPage":{"@id":"https:\/\/www.eldiario.net\/portal\/2026\/09\/01\/facebook-de-la-camara-de-industrias-fue-victima-de-ataque-cibernetico-2\/"},"wordCount":682,"publisher":{"@id":"https:\/\/www.eldiario.net\/portal\/#organization"},"image":{"@id":"https:\/\/www.eldiario.net\/portal\/2026\/09\/01\/facebook-de-la-camara-de-industrias-fue-victima-de-ataque-cibernetico-2\/#primaryimage"},"thumbnailUrl":"https:\/\/www.eldiario.net\/portal\/wp-content\/uploads\/2026\/09\/CNI-FOTO.webp","articleSection":["Econom\u00eda"],"inLanguage":"es"},{"@type":"WebPage","@id":"https:\/\/www.eldiario.net\/portal\/2026\/09\/01\/facebook-de-la-camara-de-industrias-fue-victima-de-ataque-cibernetico-2\/","url":"https:\/\/www.eldiario.net\/portal\/2026\/09\/01\/facebook-de-la-camara-de-industrias-fue-victima-de-ataque-cibernetico-2\/","name":"Facebook de la C\u00e1mara de Industrias fue v\u00edctima de ataque cibern\u00e9tico - El Diario - Bolivia","isPartOf":{"@id":"https:\/\/www.eldiario.net\/portal\/#website"},"primaryImageOfPage":{"@id":"https:\/\/www.eldiario.net\/portal\/2026\/09\/01\/facebook-de-la-camara-de-industrias-fue-victima-de-ataque-cibernetico-2\/#primaryimage"},"image":{"@id":"https:\/\/www.eldiario.net\/portal\/2026\/09\/01\/facebook-de-la-camara-de-industrias-fue-victima-de-ataque-cibernetico-2\/#primaryimage"},"thumbnailUrl":"https:\/\/www.eldiario.net\/portal\/wp-content\/uploads\/2026\/09\/CNI-FOTO.webp","datePublished":"2026-09-01T10:52:53+00:00","breadcrumb":{"@id":"https:\/\/www.eldiario.net\/portal\/2026\/09\/01\/facebook-de-la-camara-de-industrias-fue-victima-de-ataque-cibernetico-2\/#breadcrumb"},"inLanguage":"es","potentialAction":[{"@type":"ReadAction","target":["https:\/\/www.eldiario.net\/portal\/2026\/09\/01\/facebook-de-la-camara-de-industrias-fue-victima-de-ataque-cibernetico-2\/"]}]},{"@type":"ImageObject","inLanguage":"es","@id":"https:\/\/www.eldiario.net\/portal\/2026\/09\/01\/facebook-de-la-camara-de-industrias-fue-victima-de-ataque-cibernetico-2\/#primaryimage","url":"https:\/\/www.eldiario.net\/portal\/wp-content\/uploads\/2026\/09\/CNI-FOTO.webp","contentUrl":"https:\/\/www.eldiario.net\/portal\/wp-content\/uploads\/2026\/09\/CNI-FOTO.webp","width":586,"height":334,"caption":"importante la ciberseguridad. Foto internet"},{"@type":"BreadcrumbList","@id":"https:\/\/www.eldiario.net\/portal\/2026\/09\/01\/facebook-de-la-camara-de-industrias-fue-victima-de-ataque-cibernetico-2\/#breadcrumb","itemListElement":[{"@type":"ListItem","position":1,"name":"Portada","item":"https:\/\/www.eldiario.net\/portal\/"},{"@type":"ListItem","position":2,"name":"Facebook de la C\u00e1mara de Industrias fue v\u00edctima de ataque cibern\u00e9tico"}]},{"@type":"WebSite","@id":"https:\/\/www.eldiario.net\/portal\/#website","url":"https:\/\/www.eldiario.net\/portal\/","name":"El Diario - Decano de la prensa nacional","description":"El Diario - Decano de la prensa nacional","publisher":{"@id":"https:\/\/www.eldiario.net\/portal\/#organization"},"potentialAction":[{"@type":"SearchAction","target":{"@type":"EntryPoint","urlTemplate":"https:\/\/www.eldiario.net\/portal\/?s={search_term_string}"},"query-input":{"@type":"PropertyValueSpecification","valueRequired":true,"valueName":"search_term_string"}}],"inLanguage":"es"},{"@type":"Organization","@id":"https:\/\/www.eldiario.net\/portal\/#organization","name":"El Diario - Decano de la prensa nacional","url":"https:\/\/www.eldiario.net\/portal\/","logo":{"@type":"ImageObject","inLanguage":"es","@id":"https:\/\/www.eldiario.net\/portal\/#\/schema\/logo\/image\/","url":"https:\/\/www.eldiario.net\/portal\/wp-content\/uploads\/2023\/07\/logo_ED.jpg","contentUrl":"https:\/\/www.eldiario.net\/portal\/wp-content\/uploads\/2023\/07\/logo_ED.jpg","width":272,"height":52,"caption":"El Diario - Decano de la prensa nacional"},"image":{"@id":"https:\/\/www.eldiario.net\/portal\/#\/schema\/logo\/image\/"},"sameAs":["https:\/\/www.facebook.com\/eldiario.bolivia\/","https:\/\/x.com\/eldiario_net"]},{"@type":"Person","@id":"https:\/\/www.eldiario.net\/portal\/#\/schema\/person\/f46445640444750d7d753ccd04ae01b7","name":"Jeanette","image":{"@type":"ImageObject","inLanguage":"es","@id":"https:\/\/secure.gravatar.com\/avatar\/3ea2118a5f7dad2b7138b1187a6b7ee55f160b9968b66013c3a3ef39dd7e5798?s=96&d=mm&r=g","url":"https:\/\/secure.gravatar.com\/avatar\/3ea2118a5f7dad2b7138b1187a6b7ee55f160b9968b66013c3a3ef39dd7e5798?s=96&d=mm&r=g","contentUrl":"https:\/\/secure.gravatar.com\/avatar\/3ea2118a5f7dad2b7138b1187a6b7ee55f160b9968b66013c3a3ef39dd7e5798?s=96&d=mm&r=g","caption":"Jeanette"},"sameAs":["https:\/\/www.eldiario.net\/portal"],"url":"https:\/\/www.eldiario.net\/portal\/author\/jeanette\/"}]}},"_links":{"self":[{"href":"https:\/\/www.eldiario.net\/portal\/wp-json\/wp\/v2\/posts\/426677","targetHints":{"allow":["GET"]}}],"collection":[{"href":"https:\/\/www.eldiario.net\/portal\/wp-json\/wp\/v2\/posts"}],"about":[{"href":"https:\/\/www.eldiario.net\/portal\/wp-json\/wp\/v2\/types\/post"}],"author":[{"embeddable":true,"href":"https:\/\/www.eldiario.net\/portal\/wp-json\/wp\/v2\/users\/1"}],"replies":[{"embeddable":true,"href":"https:\/\/www.eldiario.net\/portal\/wp-json\/wp\/v2\/comments?post=426677"}],"version-history":[{"count":1,"href":"https:\/\/www.eldiario.net\/portal\/wp-json\/wp\/v2\/posts\/426677\/revisions"}],"predecessor-version":[{"id":426679,"href":"https:\/\/www.eldiario.net\/portal\/wp-json\/wp\/v2\/posts\/426677\/revisions\/426679"}],"wp:featuredmedia":[{"embeddable":true,"href":"https:\/\/www.eldiario.net\/portal\/wp-json\/wp\/v2\/media\/426678"}],"wp:attachment":[{"href":"https:\/\/www.eldiario.net\/portal\/wp-json\/wp\/v2\/media?parent=426677"}],"wp:term":[{"taxonomy":"category","embeddable":true,"href":"https:\/\/www.eldiario.net\/portal\/wp-json\/wp\/v2\/categories?post=426677"},{"taxonomy":"post_tag","embeddable":true,"href":"https:\/\/www.eldiario.net\/portal\/wp-json\/wp\/v2\/tags?post=426677"}],"curies":[{"name":"wp","href":"https:\/\/api.w.org\/{rel}","templated":true}]}}