{"id":426674,"date":"2026-09-01T06:52:21","date_gmt":"2026-09-01T10:52:21","guid":{"rendered":"https:\/\/www.eldiario.net\/portal\/?p=426674"},"modified":"2026-09-01T06:52:21","modified_gmt":"2026-09-01T10:52:21","slug":"posesionan-a-nueva-autoridad-de-la-dgac-2","status":"publish","type":"post","link":"https:\/\/www.eldiario.net\/portal\/2026\/09\/01\/posesionan-a-nueva-autoridad-de-la-dgac-2\/","title":{"rendered":"Posesionan a nueva  autoridad de la DGAC"},"content":{"rendered":"<p>El ministro de Obras P\u00fablicas, Mauricio Zamora, posesion\u00f3 al nuevo director ejecutivo a.i. de la Direcci\u00f3n General de Aeron\u00e1utica Civil (DGAC), Erick Eduardo Vargas Campero. Tiene 48 a\u00f1os de experiencia en el \u00e1mbito aeron\u00e1utico, m\u00e1s de 20.000 horas de vuelo y es especialista en seguridad operacional<\/p>\n<p>De acuerdo al Ministerio de Obras P\u00fablicas, la nueva autoridad tiene experiencia como capit\u00e1n e instructor en Boliviana de Aviaci\u00f3n, Shenzhen Airlines, Copa Airlines y Lloyd A\u00e9reo Boliviano.<\/p>\n<p>\u201cConozco el sistema y estamos asumiendo este reto con responsabilidad totalmente t\u00e9cnica e institucional. En conceptos b\u00e1sicos, cumplir con los anexos de la Organizaci\u00f3n de Aviaci\u00f3n Civil Internacional (OACI) y m\u00e1s que todo, con transparencia de todos los usos y procedimientos que tenemos\u201d, dijo la nueva autoridad.<\/p>\n<p>Cuenta con 48 a\u00f1os de experiencia en el \u00e1mbito aeron\u00e1utico, m\u00e1s de 20.000 horas de vuelo y es especialista en seguridad operacional. Asimismo, fue piloto de l\u00ednea a\u00e9rea, instructor y chequeador. En la DGAC, desempe\u00f1\u00f3 funciones como director de seguridad operacional y jefe de proyecto con la Organizaci\u00f3n de Aviaci\u00f3n Civil Internacional (OACI).<\/p>\n<p>Asimismo, tras su posesi\u00f3n, Vargas afirm\u00f3 que apoyar\u00e1 para que Bolivia cuente con una pol\u00edtica plena de cielos abiertos. \u201cNo podemos estar aparte de lo que est\u00e1 pasando a nivel mundial, tenemos que ser parte del sistema y colaborar a todas las aerol\u00edneas o a las partes interesadas que quieran volar en el pa\u00eds y usar las libertades\u201d, dijo.<\/p>\n<p>Sostuvo que el \u201ctrabajo y compromiso\u201d ser\u00e1n los pilares de su gesti\u00f3n. \u201cHan pasado muchos a\u00f1os en los cuales hemos estado frenados, pero es momento de salir y lo vamos a hacer, es con el compromiso de todos los trabajadores que est\u00e1n en la DGAC\u201d, asegur\u00f3 el director ejecutivo, quien tambi\u00e9n efectu\u00f3 especializaciones en Seguridad Operacional, Auditor\u00edas, Sistemas de Gesti\u00f3n de la Seguridad Operacional (SMS), Factores Humanos y Liderazgo.<\/p>\n","protected":false},"excerpt":{"rendered":"<p>El ministro de Obras P\u00fablicas, Mauricio Zamora, posesion\u00f3 al nuevo director ejecutivo a.i. de la Direcci\u00f3n General de Aeron\u00e1utica Civil (DGAC), Erick Eduardo Vargas Campero. Tiene 48 a\u00f1os de experiencia en el \u00e1mbito aeron\u00e1utico, m\u00e1s de 20.000 horas de vuelo y es especialista en seguridad operacional De acuerdo al Ministerio de Obras P\u00fablicas, la nueva [&hellip;]<\/p>\n","protected":false},"author":1,"featured_media":426675,"comment_status":"closed","ping_status":"open","sticky":false,"template":"","format":"standard","meta":{"_acf_changed":false,"footnotes":""},"categories":[7],"tags":[],"class_list":["post-426674","post","type-post","status-publish","format-standard","has-post-thumbnail","category-economia"],"acf":{"antetitulo":""},"yoast_head":"<!-- This site is optimized with the Yoast SEO plugin v28.3 - https:\/\/yoast.com\/product\/yoast-seo-wordpress\/ -->\n<title>Posesionan a nueva autoridad de la DGAC - El Diario - Bolivia<\/title>\n<meta name=\"robots\" content=\"index, follow, max-snippet:-1, max-image-preview:large, max-video-preview:-1\" \/>\n<link rel=\"canonical\" href=\"https:\/\/www.eldiario.net\/portal\/2026\/09\/01\/posesionan-a-nueva-autoridad-de-la-dgac-2\/\" \/>\n<meta property=\"og:locale\" content=\"es_ES\" \/>\n<meta property=\"og:type\" content=\"article\" \/>\n<meta property=\"og:title\" content=\"Posesionan a nueva autoridad de la DGAC - El Diario - Bolivia\" \/>\n<meta property=\"og:description\" content=\"El ministro de Obras P\u00fablicas, Mauricio Zamora, posesion\u00f3 al nuevo director ejecutivo a.i. de la Direcci\u00f3n General de Aeron\u00e1utica Civil (DGAC), Erick Eduardo Vargas Campero. Tiene 48 a\u00f1os de experiencia en el \u00e1mbito aeron\u00e1utico, m\u00e1s de 20.000 horas de vuelo y es especialista en seguridad operacional De acuerdo al Ministerio de Obras P\u00fablicas, la nueva [&hellip;]\" \/>\n<meta property=\"og:url\" content=\"https:\/\/www.eldiario.net\/portal\/2026\/09\/01\/posesionan-a-nueva-autoridad-de-la-dgac-2\/\" \/>\n<meta property=\"og:site_name\" content=\"El Diario - Bolivia\" \/>\n<meta property=\"article:publisher\" content=\"https:\/\/www.facebook.com\/eldiario.bolivia\/\" \/>\n<meta property=\"article:published_time\" content=\"2026-09-01T10:52:21+00:00\" \/>\n<meta property=\"og:image\" content=\"https:\/\/www.eldiario.net\/portal\/wp-content\/uploads\/2026\/09\/NUEVO-FOTO.webp\" \/>\n\t<meta property=\"og:image:width\" content=\"1280\" \/>\n\t<meta property=\"og:image:height\" content=\"853\" \/>\n\t<meta property=\"og:image:type\" content=\"image\/webp\" \/>\n<meta name=\"author\" content=\"Jeanette\" \/>\n<meta name=\"twitter:card\" content=\"summary_large_image\" \/>\n<meta name=\"twitter:creator\" content=\"@eldiario_net\" \/>\n<meta name=\"twitter:site\" content=\"@eldiario_net\" \/>\n<meta name=\"twitter:label1\" content=\"Escrito por\" \/>\n\t<meta name=\"twitter:data1\" content=\"Jeanette\" \/>\n\t<meta name=\"twitter:label2\" content=\"Tiempo de lectura\" \/>\n\t<meta name=\"twitter:data2\" content=\"2 minutos\" \/>\n<script type=\"application\/ld+json\" class=\"yoast-schema-graph\">{\"@context\":\"https:\\\/\\\/schema.org\",\"@graph\":[{\"@type\":\"Article\",\"@id\":\"https:\\\/\\\/www.eldiario.net\\\/portal\\\/2026\\\/09\\\/01\\\/posesionan-a-nueva-autoridad-de-la-dgac-2\\\/#article\",\"isPartOf\":{\"@id\":\"https:\\\/\\\/www.eldiario.net\\\/portal\\\/2026\\\/09\\\/01\\\/posesionan-a-nueva-autoridad-de-la-dgac-2\\\/\"},\"author\":{\"name\":\"Jeanette\",\"@id\":\"https:\\\/\\\/www.eldiario.net\\\/portal\\\/#\\\/schema\\\/person\\\/f46445640444750d7d753ccd04ae01b7\"},\"headline\":\"Posesionan a nueva autoridad de la DGAC\",\"datePublished\":\"2026-09-01T10:52:21+00:00\",\"mainEntityOfPage\":{\"@id\":\"https:\\\/\\\/www.eldiario.net\\\/portal\\\/2026\\\/09\\\/01\\\/posesionan-a-nueva-autoridad-de-la-dgac-2\\\/\"},\"wordCount\":339,\"publisher\":{\"@id\":\"https:\\\/\\\/www.eldiario.net\\\/portal\\\/#organization\"},\"image\":{\"@id\":\"https:\\\/\\\/www.eldiario.net\\\/portal\\\/2026\\\/09\\\/01\\\/posesionan-a-nueva-autoridad-de-la-dgac-2\\\/#primaryimage\"},\"thumbnailUrl\":\"https:\\\/\\\/www.eldiario.net\\\/portal\\\/wp-content\\\/uploads\\\/2026\\\/09\\\/NUEVO-FOTO.webp\",\"articleSection\":[\"Econom\u00eda\"],\"inLanguage\":\"es\"},{\"@type\":\"WebPage\",\"@id\":\"https:\\\/\\\/www.eldiario.net\\\/portal\\\/2026\\\/09\\\/01\\\/posesionan-a-nueva-autoridad-de-la-dgac-2\\\/\",\"url\":\"https:\\\/\\\/www.eldiario.net\\\/portal\\\/2026\\\/09\\\/01\\\/posesionan-a-nueva-autoridad-de-la-dgac-2\\\/\",\"name\":\"Posesionan a nueva autoridad de la DGAC - El Diario - Bolivia\",\"isPartOf\":{\"@id\":\"https:\\\/\\\/www.eldiario.net\\\/portal\\\/#website\"},\"primaryImageOfPage\":{\"@id\":\"https:\\\/\\\/www.eldiario.net\\\/portal\\\/2026\\\/09\\\/01\\\/posesionan-a-nueva-autoridad-de-la-dgac-2\\\/#primaryimage\"},\"image\":{\"@id\":\"https:\\\/\\\/www.eldiario.net\\\/portal\\\/2026\\\/09\\\/01\\\/posesionan-a-nueva-autoridad-de-la-dgac-2\\\/#primaryimage\"},\"thumbnailUrl\":\"https:\\\/\\\/www.eldiario.net\\\/portal\\\/wp-content\\\/uploads\\\/2026\\\/09\\\/NUEVO-FOTO.webp\",\"datePublished\":\"2026-09-01T10:52:21+00:00\",\"breadcrumb\":{\"@id\":\"https:\\\/\\\/www.eldiario.net\\\/portal\\\/2026\\\/09\\\/01\\\/posesionan-a-nueva-autoridad-de-la-dgac-2\\\/#breadcrumb\"},\"inLanguage\":\"es\",\"potentialAction\":[{\"@type\":\"ReadAction\",\"target\":[\"https:\\\/\\\/www.eldiario.net\\\/portal\\\/2026\\\/09\\\/01\\\/posesionan-a-nueva-autoridad-de-la-dgac-2\\\/\"]}]},{\"@type\":\"ImageObject\",\"inLanguage\":\"es\",\"@id\":\"https:\\\/\\\/www.eldiario.net\\\/portal\\\/2026\\\/09\\\/01\\\/posesionan-a-nueva-autoridad-de-la-dgac-2\\\/#primaryimage\",\"url\":\"https:\\\/\\\/www.eldiario.net\\\/portal\\\/wp-content\\\/uploads\\\/2026\\\/09\\\/NUEVO-FOTO.webp\",\"contentUrl\":\"https:\\\/\\\/www.eldiario.net\\\/portal\\\/wp-content\\\/uploads\\\/2026\\\/09\\\/NUEVO-FOTO.webp\",\"width\":1280,\"height\":853,\"caption\":\"nueva autoridad jura como director de la DGAC. Foto oficial\"},{\"@type\":\"BreadcrumbList\",\"@id\":\"https:\\\/\\\/www.eldiario.net\\\/portal\\\/2026\\\/09\\\/01\\\/posesionan-a-nueva-autoridad-de-la-dgac-2\\\/#breadcrumb\",\"itemListElement\":[{\"@type\":\"ListItem\",\"position\":1,\"name\":\"Portada\",\"item\":\"https:\\\/\\\/www.eldiario.net\\\/portal\\\/\"},{\"@type\":\"ListItem\",\"position\":2,\"name\":\"Posesionan a nueva autoridad de la DGAC\"}]},{\"@type\":\"WebSite\",\"@id\":\"https:\\\/\\\/www.eldiario.net\\\/portal\\\/#website\",\"url\":\"https:\\\/\\\/www.eldiario.net\\\/portal\\\/\",\"name\":\"El Diario - Decano de la prensa nacional\",\"description\":\"El Diario - Decano de la prensa nacional\",\"publisher\":{\"@id\":\"https:\\\/\\\/www.eldiario.net\\\/portal\\\/#organization\"},\"potentialAction\":[{\"@type\":\"SearchAction\",\"target\":{\"@type\":\"EntryPoint\",\"urlTemplate\":\"https:\\\/\\\/www.eldiario.net\\\/portal\\\/?s={search_term_string}\"},\"query-input\":{\"@type\":\"PropertyValueSpecification\",\"valueRequired\":true,\"valueName\":\"search_term_string\"}}],\"inLanguage\":\"es\"},{\"@type\":\"Organization\",\"@id\":\"https:\\\/\\\/www.eldiario.net\\\/portal\\\/#organization\",\"name\":\"El Diario - Decano de la prensa nacional\",\"url\":\"https:\\\/\\\/www.eldiario.net\\\/portal\\\/\",\"logo\":{\"@type\":\"ImageObject\",\"inLanguage\":\"es\",\"@id\":\"https:\\\/\\\/www.eldiario.net\\\/portal\\\/#\\\/schema\\\/logo\\\/image\\\/\",\"url\":\"https:\\\/\\\/www.eldiario.net\\\/portal\\\/wp-content\\\/uploads\\\/2023\\\/07\\\/logo_ED.jpg\",\"contentUrl\":\"https:\\\/\\\/www.eldiario.net\\\/portal\\\/wp-content\\\/uploads\\\/2023\\\/07\\\/logo_ED.jpg\",\"width\":272,\"height\":52,\"caption\":\"El Diario - Decano de la prensa nacional\"},\"image\":{\"@id\":\"https:\\\/\\\/www.eldiario.net\\\/portal\\\/#\\\/schema\\\/logo\\\/image\\\/\"},\"sameAs\":[\"https:\\\/\\\/www.facebook.com\\\/eldiario.bolivia\\\/\",\"https:\\\/\\\/x.com\\\/eldiario_net\"]},{\"@type\":\"Person\",\"@id\":\"https:\\\/\\\/www.eldiario.net\\\/portal\\\/#\\\/schema\\\/person\\\/f46445640444750d7d753ccd04ae01b7\",\"name\":\"Jeanette\",\"image\":{\"@type\":\"ImageObject\",\"inLanguage\":\"es\",\"@id\":\"https:\\\/\\\/secure.gravatar.com\\\/avatar\\\/3ea2118a5f7dad2b7138b1187a6b7ee55f160b9968b66013c3a3ef39dd7e5798?s=96&d=mm&r=g\",\"url\":\"https:\\\/\\\/secure.gravatar.com\\\/avatar\\\/3ea2118a5f7dad2b7138b1187a6b7ee55f160b9968b66013c3a3ef39dd7e5798?s=96&d=mm&r=g\",\"contentUrl\":\"https:\\\/\\\/secure.gravatar.com\\\/avatar\\\/3ea2118a5f7dad2b7138b1187a6b7ee55f160b9968b66013c3a3ef39dd7e5798?s=96&d=mm&r=g\",\"caption\":\"Jeanette\"},\"sameAs\":[\"https:\\\/\\\/www.eldiario.net\\\/portal\"],\"url\":\"https:\\\/\\\/www.eldiario.net\\\/portal\\\/author\\\/jeanette\\\/\"}]}<\/script>\n<!-- \/ Yoast SEO plugin. -->","yoast_head_json":{"title":"Posesionan a nueva autoridad de la DGAC - El Diario - Bolivia","robots":{"index":"index","follow":"follow","max-snippet":"max-snippet:-1","max-image-preview":"max-image-preview:large","max-video-preview":"max-video-preview:-1"},"canonical":"https:\/\/www.eldiario.net\/portal\/2026\/09\/01\/posesionan-a-nueva-autoridad-de-la-dgac-2\/","og_locale":"es_ES","og_type":"article","og_title":"Posesionan a nueva autoridad de la DGAC - El Diario - Bolivia","og_description":"El ministro de Obras P\u00fablicas, Mauricio Zamora, posesion\u00f3 al nuevo director ejecutivo a.i. de la Direcci\u00f3n General de Aeron\u00e1utica Civil (DGAC), Erick Eduardo Vargas Campero. Tiene 48 a\u00f1os de experiencia en el \u00e1mbito aeron\u00e1utico, m\u00e1s de 20.000 horas de vuelo y es especialista en seguridad operacional De acuerdo al Ministerio de Obras P\u00fablicas, la nueva [&hellip;]","og_url":"https:\/\/www.eldiario.net\/portal\/2026\/09\/01\/posesionan-a-nueva-autoridad-de-la-dgac-2\/","og_site_name":"El Diario - Bolivia","article_publisher":"https:\/\/www.facebook.com\/eldiario.bolivia\/","article_published_time":"2026-09-01T10:52:21+00:00","og_image":[{"width":1280,"height":853,"url":"https:\/\/www.eldiario.net\/portal\/wp-content\/uploads\/2026\/09\/NUEVO-FOTO.webp","type":"image\/webp"}],"author":"Jeanette","twitter_card":"summary_large_image","twitter_creator":"@eldiario_net","twitter_site":"@eldiario_net","twitter_misc":{"Escrito por":"Jeanette","Tiempo de lectura":"2 minutos"},"schema":{"@context":"https:\/\/schema.org","@graph":[{"@type":"Article","@id":"https:\/\/www.eldiario.net\/portal\/2026\/09\/01\/posesionan-a-nueva-autoridad-de-la-dgac-2\/#article","isPartOf":{"@id":"https:\/\/www.eldiario.net\/portal\/2026\/09\/01\/posesionan-a-nueva-autoridad-de-la-dgac-2\/"},"author":{"name":"Jeanette","@id":"https:\/\/www.eldiario.net\/portal\/#\/schema\/person\/f46445640444750d7d753ccd04ae01b7"},"headline":"Posesionan a nueva autoridad de la DGAC","datePublished":"2026-09-01T10:52:21+00:00","mainEntityOfPage":{"@id":"https:\/\/www.eldiario.net\/portal\/2026\/09\/01\/posesionan-a-nueva-autoridad-de-la-dgac-2\/"},"wordCount":339,"publisher":{"@id":"https:\/\/www.eldiario.net\/portal\/#organization"},"image":{"@id":"https:\/\/www.eldiario.net\/portal\/2026\/09\/01\/posesionan-a-nueva-autoridad-de-la-dgac-2\/#primaryimage"},"thumbnailUrl":"https:\/\/www.eldiario.net\/portal\/wp-content\/uploads\/2026\/09\/NUEVO-FOTO.webp","articleSection":["Econom\u00eda"],"inLanguage":"es"},{"@type":"WebPage","@id":"https:\/\/www.eldiario.net\/portal\/2026\/09\/01\/posesionan-a-nueva-autoridad-de-la-dgac-2\/","url":"https:\/\/www.eldiario.net\/portal\/2026\/09\/01\/posesionan-a-nueva-autoridad-de-la-dgac-2\/","name":"Posesionan a nueva autoridad de la DGAC - El Diario - Bolivia","isPartOf":{"@id":"https:\/\/www.eldiario.net\/portal\/#website"},"primaryImageOfPage":{"@id":"https:\/\/www.eldiario.net\/portal\/2026\/09\/01\/posesionan-a-nueva-autoridad-de-la-dgac-2\/#primaryimage"},"image":{"@id":"https:\/\/www.eldiario.net\/portal\/2026\/09\/01\/posesionan-a-nueva-autoridad-de-la-dgac-2\/#primaryimage"},"thumbnailUrl":"https:\/\/www.eldiario.net\/portal\/wp-content\/uploads\/2026\/09\/NUEVO-FOTO.webp","datePublished":"2026-09-01T10:52:21+00:00","breadcrumb":{"@id":"https:\/\/www.eldiario.net\/portal\/2026\/09\/01\/posesionan-a-nueva-autoridad-de-la-dgac-2\/#breadcrumb"},"inLanguage":"es","potentialAction":[{"@type":"ReadAction","target":["https:\/\/www.eldiario.net\/portal\/2026\/09\/01\/posesionan-a-nueva-autoridad-de-la-dgac-2\/"]}]},{"@type":"ImageObject","inLanguage":"es","@id":"https:\/\/www.eldiario.net\/portal\/2026\/09\/01\/posesionan-a-nueva-autoridad-de-la-dgac-2\/#primaryimage","url":"https:\/\/www.eldiario.net\/portal\/wp-content\/uploads\/2026\/09\/NUEVO-FOTO.webp","contentUrl":"https:\/\/www.eldiario.net\/portal\/wp-content\/uploads\/2026\/09\/NUEVO-FOTO.webp","width":1280,"height":853,"caption":"nueva autoridad jura como director de la DGAC. Foto oficial"},{"@type":"BreadcrumbList","@id":"https:\/\/www.eldiario.net\/portal\/2026\/09\/01\/posesionan-a-nueva-autoridad-de-la-dgac-2\/#breadcrumb","itemListElement":[{"@type":"ListItem","position":1,"name":"Portada","item":"https:\/\/www.eldiario.net\/portal\/"},{"@type":"ListItem","position":2,"name":"Posesionan a nueva autoridad de la DGAC"}]},{"@type":"WebSite","@id":"https:\/\/www.eldiario.net\/portal\/#website","url":"https:\/\/www.eldiario.net\/portal\/","name":"El Diario - Decano de la prensa nacional","description":"El Diario - Decano de la prensa nacional","publisher":{"@id":"https:\/\/www.eldiario.net\/portal\/#organization"},"potentialAction":[{"@type":"SearchAction","target":{"@type":"EntryPoint","urlTemplate":"https:\/\/www.eldiario.net\/portal\/?s={search_term_string}"},"query-input":{"@type":"PropertyValueSpecification","valueRequired":true,"valueName":"search_term_string"}}],"inLanguage":"es"},{"@type":"Organization","@id":"https:\/\/www.eldiario.net\/portal\/#organization","name":"El Diario - Decano de la prensa nacional","url":"https:\/\/www.eldiario.net\/portal\/","logo":{"@type":"ImageObject","inLanguage":"es","@id":"https:\/\/www.eldiario.net\/portal\/#\/schema\/logo\/image\/","url":"https:\/\/www.eldiario.net\/portal\/wp-content\/uploads\/2023\/07\/logo_ED.jpg","contentUrl":"https:\/\/www.eldiario.net\/portal\/wp-content\/uploads\/2023\/07\/logo_ED.jpg","width":272,"height":52,"caption":"El Diario - Decano de la prensa nacional"},"image":{"@id":"https:\/\/www.eldiario.net\/portal\/#\/schema\/logo\/image\/"},"sameAs":["https:\/\/www.facebook.com\/eldiario.bolivia\/","https:\/\/x.com\/eldiario_net"]},{"@type":"Person","@id":"https:\/\/www.eldiario.net\/portal\/#\/schema\/person\/f46445640444750d7d753ccd04ae01b7","name":"Jeanette","image":{"@type":"ImageObject","inLanguage":"es","@id":"https:\/\/secure.gravatar.com\/avatar\/3ea2118a5f7dad2b7138b1187a6b7ee55f160b9968b66013c3a3ef39dd7e5798?s=96&d=mm&r=g","url":"https:\/\/secure.gravatar.com\/avatar\/3ea2118a5f7dad2b7138b1187a6b7ee55f160b9968b66013c3a3ef39dd7e5798?s=96&d=mm&r=g","contentUrl":"https:\/\/secure.gravatar.com\/avatar\/3ea2118a5f7dad2b7138b1187a6b7ee55f160b9968b66013c3a3ef39dd7e5798?s=96&d=mm&r=g","caption":"Jeanette"},"sameAs":["https:\/\/www.eldiario.net\/portal"],"url":"https:\/\/www.eldiario.net\/portal\/author\/jeanette\/"}]}},"_links":{"self":[{"href":"https:\/\/www.eldiario.net\/portal\/wp-json\/wp\/v2\/posts\/426674","targetHints":{"allow":["GET"]}}],"collection":[{"href":"https:\/\/www.eldiario.net\/portal\/wp-json\/wp\/v2\/posts"}],"about":[{"href":"https:\/\/www.eldiario.net\/portal\/wp-json\/wp\/v2\/types\/post"}],"author":[{"embeddable":true,"href":"https:\/\/www.eldiario.net\/portal\/wp-json\/wp\/v2\/users\/1"}],"replies":[{"embeddable":true,"href":"https:\/\/www.eldiario.net\/portal\/wp-json\/wp\/v2\/comments?post=426674"}],"version-history":[{"count":1,"href":"https:\/\/www.eldiario.net\/portal\/wp-json\/wp\/v2\/posts\/426674\/revisions"}],"predecessor-version":[{"id":426676,"href":"https:\/\/www.eldiario.net\/portal\/wp-json\/wp\/v2\/posts\/426674\/revisions\/426676"}],"wp:featuredmedia":[{"embeddable":true,"href":"https:\/\/www.eldiario.net\/portal\/wp-json\/wp\/v2\/media\/426675"}],"wp:attachment":[{"href":"https:\/\/www.eldiario.net\/portal\/wp-json\/wp\/v2\/media?parent=426674"}],"wp:term":[{"taxonomy":"category","embeddable":true,"href":"https:\/\/www.eldiario.net\/portal\/wp-json\/wp\/v2\/categories?post=426674"},{"taxonomy":"post_tag","embeddable":true,"href":"https:\/\/www.eldiario.net\/portal\/wp-json\/wp\/v2\/tags?post=426674"}],"curies":[{"name":"wp","href":"https:\/\/api.w.org\/{rel}","templated":true}]}}