{"id":426671,"date":"2026-09-01T06:51:19","date_gmt":"2026-09-01T10:51:19","guid":{"rendered":"https:\/\/www.eldiario.net\/portal\/?p=426671"},"modified":"2026-09-01T06:51:19","modified_gmt":"2026-09-01T10:51:19","slug":"ofep-presento-el-diagnostico-tecnico-de-las-empresas-publicas","status":"publish","type":"post","link":"https:\/\/www.eldiario.net\/portal\/2026\/09\/01\/ofep-presento-el-diagnostico-tecnico-de-las-empresas-publicas\/","title":{"rendered":"OFEP present\u00f3 el Diagn\u00f3stico  T\u00e9cnico de las Empresas P\u00fablicas"},"content":{"rendered":"<p>La Oficina T\u00e9cnica para el Fortalecimiento de la Empresa P\u00fablica (OFEP) present\u00f3 el Diagn\u00f3stico T\u00e9cnico de las Empresas P\u00fablicas del Nivel Central del Estado, culminando una etapa de trabajo orientada a generar informaci\u00f3n objetiva para la toma de decisiones sobre el futuro de las entidades estatales.<\/p>\n<p>El documento incorpora recomendaciones t\u00e9cnicas para cada empresa evaluada, de acuerdo con los resultados obtenidos y como insumo para orientar las acciones que correspondan.<\/p>\n<p>El diagn\u00f3stico es resultado de una evaluaci\u00f3n integral, realizada bajo una metodolog\u00eda estructurada, que permiti\u00f3 analizar la situaci\u00f3n de las empresas p\u00fablicas y establecer recomendaciones para cada caso. El documento contempla aspectos financieros, operativos y de sostenibilidad, sobre la base de la informaci\u00f3n proporcionada por las propias empresas.<\/p>\n<p>El director General Ejecutivo de la OFEP, Pablo Camacho, destac\u00f3 el cumplimiento del mandato de la Ley 1755 y la importancia de contar con un an\u00e1lisis profundo de informaci\u00f3n como base para una nueva etapa de las empresas p\u00fablicas.<\/p>\n<p>\u201cHemos cumplido con el mandato. Hoy entregamos un diagn\u00f3stico t\u00e9cnico que permitir\u00e1 que las instancias correspondientes cuenten con informaci\u00f3n objetiva para orientar las decisiones que correspondan sobre las empresas p\u00fablicas\u201d, coment\u00f3.<\/p>\n<p>En su momento, la misma oficina indic\u00f3 que hay 15 empresas con cifras observadas, de las m\u00e1s de 60 empresas estatales que puso en marcha la administraci\u00f3n del Movimiento AL socialismo (MAS), que generaron perdidas econ\u00f3micas y d\u00e9ficit fiscal.<\/p>\n","protected":false},"excerpt":{"rendered":"<p>La Oficina T\u00e9cnica para el Fortalecimiento de la Empresa P\u00fablica (OFEP) present\u00f3 el Diagn\u00f3stico T\u00e9cnico de las Empresas P\u00fablicas del Nivel Central del Estado, culminando una etapa de trabajo orientada a generar informaci\u00f3n objetiva para la toma de decisiones sobre el futuro de las entidades estatales. El documento incorpora recomendaciones t\u00e9cnicas para cada empresa evaluada, [&hellip;]<\/p>\n","protected":false},"author":1,"featured_media":426672,"comment_status":"closed","ping_status":"open","sticky":false,"template":"","format":"standard","meta":{"_acf_changed":false,"footnotes":""},"categories":[7],"tags":[],"class_list":["post-426671","post","type-post","status-publish","format-standard","has-post-thumbnail","category-economia"],"acf":{"antetitulo":""},"yoast_head":"<!-- This site is optimized with the Yoast SEO plugin v28.3 - https:\/\/yoast.com\/product\/yoast-seo-wordpress\/ -->\n<title>OFEP present\u00f3 el Diagn\u00f3stico T\u00e9cnico de las Empresas P\u00fablicas - El Diario - Bolivia<\/title>\n<meta name=\"robots\" content=\"index, follow, max-snippet:-1, max-image-preview:large, max-video-preview:-1\" \/>\n<link rel=\"canonical\" href=\"https:\/\/www.eldiario.net\/portal\/2026\/09\/01\/ofep-presento-el-diagnostico-tecnico-de-las-empresas-publicas\/\" \/>\n<meta property=\"og:locale\" content=\"es_ES\" \/>\n<meta property=\"og:type\" content=\"article\" \/>\n<meta property=\"og:title\" content=\"OFEP present\u00f3 el Diagn\u00f3stico T\u00e9cnico de las Empresas P\u00fablicas - El Diario - Bolivia\" \/>\n<meta property=\"og:description\" content=\"La Oficina T\u00e9cnica para el Fortalecimiento de la Empresa P\u00fablica (OFEP) present\u00f3 el Diagn\u00f3stico T\u00e9cnico de las Empresas P\u00fablicas del Nivel Central del Estado, culminando una etapa de trabajo orientada a generar informaci\u00f3n objetiva para la toma de decisiones sobre el futuro de las entidades estatales. El documento incorpora recomendaciones t\u00e9cnicas para cada empresa evaluada, [&hellip;]\" \/>\n<meta property=\"og:url\" content=\"https:\/\/www.eldiario.net\/portal\/2026\/09\/01\/ofep-presento-el-diagnostico-tecnico-de-las-empresas-publicas\/\" \/>\n<meta property=\"og:site_name\" content=\"El Diario - Bolivia\" \/>\n<meta property=\"article:publisher\" content=\"https:\/\/www.facebook.com\/eldiario.bolivia\/\" \/>\n<meta property=\"article:published_time\" content=\"2026-09-01T10:51:19+00:00\" \/>\n<meta property=\"og:image\" content=\"https:\/\/www.eldiario.net\/portal\/wp-content\/uploads\/2026\/09\/OPEP-FOTO.webp\" \/>\n\t<meta property=\"og:image:width\" content=\"1229\" \/>\n\t<meta property=\"og:image:height\" content=\"819\" \/>\n\t<meta property=\"og:image:type\" content=\"image\/webp\" \/>\n<meta name=\"author\" content=\"Jeanette\" \/>\n<meta name=\"twitter:card\" content=\"summary_large_image\" \/>\n<meta name=\"twitter:creator\" content=\"@eldiario_net\" \/>\n<meta name=\"twitter:site\" content=\"@eldiario_net\" \/>\n<meta name=\"twitter:label1\" content=\"Escrito por\" \/>\n\t<meta name=\"twitter:data1\" content=\"Jeanette\" \/>\n\t<meta name=\"twitter:label2\" content=\"Tiempo de lectura\" \/>\n\t<meta name=\"twitter:data2\" content=\"2 minutos\" \/>\n<script type=\"application\/ld+json\" class=\"yoast-schema-graph\">{\"@context\":\"https:\\\/\\\/schema.org\",\"@graph\":[{\"@type\":\"Article\",\"@id\":\"https:\\\/\\\/www.eldiario.net\\\/portal\\\/2026\\\/09\\\/01\\\/ofep-presento-el-diagnostico-tecnico-de-las-empresas-publicas\\\/#article\",\"isPartOf\":{\"@id\":\"https:\\\/\\\/www.eldiario.net\\\/portal\\\/2026\\\/09\\\/01\\\/ofep-presento-el-diagnostico-tecnico-de-las-empresas-publicas\\\/\"},\"author\":{\"name\":\"Jeanette\",\"@id\":\"https:\\\/\\\/www.eldiario.net\\\/portal\\\/#\\\/schema\\\/person\\\/f46445640444750d7d753ccd04ae01b7\"},\"headline\":\"OFEP present\u00f3 el Diagn\u00f3stico T\u00e9cnico de las Empresas P\u00fablicas\",\"datePublished\":\"2026-09-01T10:51:19+00:00\",\"mainEntityOfPage\":{\"@id\":\"https:\\\/\\\/www.eldiario.net\\\/portal\\\/2026\\\/09\\\/01\\\/ofep-presento-el-diagnostico-tecnico-de-las-empresas-publicas\\\/\"},\"wordCount\":260,\"publisher\":{\"@id\":\"https:\\\/\\\/www.eldiario.net\\\/portal\\\/#organization\"},\"image\":{\"@id\":\"https:\\\/\\\/www.eldiario.net\\\/portal\\\/2026\\\/09\\\/01\\\/ofep-presento-el-diagnostico-tecnico-de-las-empresas-publicas\\\/#primaryimage\"},\"thumbnailUrl\":\"https:\\\/\\\/www.eldiario.net\\\/portal\\\/wp-content\\\/uploads\\\/2026\\\/09\\\/OPEP-FOTO.webp\",\"articleSection\":[\"Econom\u00eda\"],\"inLanguage\":\"es\"},{\"@type\":\"WebPage\",\"@id\":\"https:\\\/\\\/www.eldiario.net\\\/portal\\\/2026\\\/09\\\/01\\\/ofep-presento-el-diagnostico-tecnico-de-las-empresas-publicas\\\/\",\"url\":\"https:\\\/\\\/www.eldiario.net\\\/portal\\\/2026\\\/09\\\/01\\\/ofep-presento-el-diagnostico-tecnico-de-las-empresas-publicas\\\/\",\"name\":\"OFEP present\u00f3 el Diagn\u00f3stico T\u00e9cnico de las Empresas P\u00fablicas - El Diario - Bolivia\",\"isPartOf\":{\"@id\":\"https:\\\/\\\/www.eldiario.net\\\/portal\\\/#website\"},\"primaryImageOfPage\":{\"@id\":\"https:\\\/\\\/www.eldiario.net\\\/portal\\\/2026\\\/09\\\/01\\\/ofep-presento-el-diagnostico-tecnico-de-las-empresas-publicas\\\/#primaryimage\"},\"image\":{\"@id\":\"https:\\\/\\\/www.eldiario.net\\\/portal\\\/2026\\\/09\\\/01\\\/ofep-presento-el-diagnostico-tecnico-de-las-empresas-publicas\\\/#primaryimage\"},\"thumbnailUrl\":\"https:\\\/\\\/www.eldiario.net\\\/portal\\\/wp-content\\\/uploads\\\/2026\\\/09\\\/OPEP-FOTO.webp\",\"datePublished\":\"2026-09-01T10:51:19+00:00\",\"breadcrumb\":{\"@id\":\"https:\\\/\\\/www.eldiario.net\\\/portal\\\/2026\\\/09\\\/01\\\/ofep-presento-el-diagnostico-tecnico-de-las-empresas-publicas\\\/#breadcrumb\"},\"inLanguage\":\"es\",\"potentialAction\":[{\"@type\":\"ReadAction\",\"target\":[\"https:\\\/\\\/www.eldiario.net\\\/portal\\\/2026\\\/09\\\/01\\\/ofep-presento-el-diagnostico-tecnico-de-las-empresas-publicas\\\/\"]}]},{\"@type\":\"ImageObject\",\"inLanguage\":\"es\",\"@id\":\"https:\\\/\\\/www.eldiario.net\\\/portal\\\/2026\\\/09\\\/01\\\/ofep-presento-el-diagnostico-tecnico-de-las-empresas-publicas\\\/#primaryimage\",\"url\":\"https:\\\/\\\/www.eldiario.net\\\/portal\\\/wp-content\\\/uploads\\\/2026\\\/09\\\/OPEP-FOTO.webp\",\"contentUrl\":\"https:\\\/\\\/www.eldiario.net\\\/portal\\\/wp-content\\\/uploads\\\/2026\\\/09\\\/OPEP-FOTO.webp\",\"width\":1229,\"height\":819,\"caption\":\"director de la OFEP, Pablo Camacho. Foto Oficial\"},{\"@type\":\"BreadcrumbList\",\"@id\":\"https:\\\/\\\/www.eldiario.net\\\/portal\\\/2026\\\/09\\\/01\\\/ofep-presento-el-diagnostico-tecnico-de-las-empresas-publicas\\\/#breadcrumb\",\"itemListElement\":[{\"@type\":\"ListItem\",\"position\":1,\"name\":\"Portada\",\"item\":\"https:\\\/\\\/www.eldiario.net\\\/portal\\\/\"},{\"@type\":\"ListItem\",\"position\":2,\"name\":\"OFEP present\u00f3 el Diagn\u00f3stico T\u00e9cnico de las Empresas P\u00fablicas\"}]},{\"@type\":\"WebSite\",\"@id\":\"https:\\\/\\\/www.eldiario.net\\\/portal\\\/#website\",\"url\":\"https:\\\/\\\/www.eldiario.net\\\/portal\\\/\",\"name\":\"El Diario - Decano de la prensa nacional\",\"description\":\"El Diario - Decano de la prensa nacional\",\"publisher\":{\"@id\":\"https:\\\/\\\/www.eldiario.net\\\/portal\\\/#organization\"},\"potentialAction\":[{\"@type\":\"SearchAction\",\"target\":{\"@type\":\"EntryPoint\",\"urlTemplate\":\"https:\\\/\\\/www.eldiario.net\\\/portal\\\/?s={search_term_string}\"},\"query-input\":{\"@type\":\"PropertyValueSpecification\",\"valueRequired\":true,\"valueName\":\"search_term_string\"}}],\"inLanguage\":\"es\"},{\"@type\":\"Organization\",\"@id\":\"https:\\\/\\\/www.eldiario.net\\\/portal\\\/#organization\",\"name\":\"El Diario - Decano de la prensa nacional\",\"url\":\"https:\\\/\\\/www.eldiario.net\\\/portal\\\/\",\"logo\":{\"@type\":\"ImageObject\",\"inLanguage\":\"es\",\"@id\":\"https:\\\/\\\/www.eldiario.net\\\/portal\\\/#\\\/schema\\\/logo\\\/image\\\/\",\"url\":\"https:\\\/\\\/www.eldiario.net\\\/portal\\\/wp-content\\\/uploads\\\/2023\\\/07\\\/logo_ED.jpg\",\"contentUrl\":\"https:\\\/\\\/www.eldiario.net\\\/portal\\\/wp-content\\\/uploads\\\/2023\\\/07\\\/logo_ED.jpg\",\"width\":272,\"height\":52,\"caption\":\"El Diario - Decano de la prensa nacional\"},\"image\":{\"@id\":\"https:\\\/\\\/www.eldiario.net\\\/portal\\\/#\\\/schema\\\/logo\\\/image\\\/\"},\"sameAs\":[\"https:\\\/\\\/www.facebook.com\\\/eldiario.bolivia\\\/\",\"https:\\\/\\\/x.com\\\/eldiario_net\"]},{\"@type\":\"Person\",\"@id\":\"https:\\\/\\\/www.eldiario.net\\\/portal\\\/#\\\/schema\\\/person\\\/f46445640444750d7d753ccd04ae01b7\",\"name\":\"Jeanette\",\"image\":{\"@type\":\"ImageObject\",\"inLanguage\":\"es\",\"@id\":\"https:\\\/\\\/secure.gravatar.com\\\/avatar\\\/3ea2118a5f7dad2b7138b1187a6b7ee55f160b9968b66013c3a3ef39dd7e5798?s=96&d=mm&r=g\",\"url\":\"https:\\\/\\\/secure.gravatar.com\\\/avatar\\\/3ea2118a5f7dad2b7138b1187a6b7ee55f160b9968b66013c3a3ef39dd7e5798?s=96&d=mm&r=g\",\"contentUrl\":\"https:\\\/\\\/secure.gravatar.com\\\/avatar\\\/3ea2118a5f7dad2b7138b1187a6b7ee55f160b9968b66013c3a3ef39dd7e5798?s=96&d=mm&r=g\",\"caption\":\"Jeanette\"},\"sameAs\":[\"https:\\\/\\\/www.eldiario.net\\\/portal\"],\"url\":\"https:\\\/\\\/www.eldiario.net\\\/portal\\\/author\\\/jeanette\\\/\"}]}<\/script>\n<!-- \/ Yoast SEO plugin. -->","yoast_head_json":{"title":"OFEP present\u00f3 el Diagn\u00f3stico T\u00e9cnico de las Empresas P\u00fablicas - El Diario - Bolivia","robots":{"index":"index","follow":"follow","max-snippet":"max-snippet:-1","max-image-preview":"max-image-preview:large","max-video-preview":"max-video-preview:-1"},"canonical":"https:\/\/www.eldiario.net\/portal\/2026\/09\/01\/ofep-presento-el-diagnostico-tecnico-de-las-empresas-publicas\/","og_locale":"es_ES","og_type":"article","og_title":"OFEP present\u00f3 el Diagn\u00f3stico T\u00e9cnico de las Empresas P\u00fablicas - El Diario - Bolivia","og_description":"La Oficina T\u00e9cnica para el Fortalecimiento de la Empresa P\u00fablica (OFEP) present\u00f3 el Diagn\u00f3stico T\u00e9cnico de las Empresas P\u00fablicas del Nivel Central del Estado, culminando una etapa de trabajo orientada a generar informaci\u00f3n objetiva para la toma de decisiones sobre el futuro de las entidades estatales. El documento incorpora recomendaciones t\u00e9cnicas para cada empresa evaluada, [&hellip;]","og_url":"https:\/\/www.eldiario.net\/portal\/2026\/09\/01\/ofep-presento-el-diagnostico-tecnico-de-las-empresas-publicas\/","og_site_name":"El Diario - Bolivia","article_publisher":"https:\/\/www.facebook.com\/eldiario.bolivia\/","article_published_time":"2026-09-01T10:51:19+00:00","og_image":[{"width":1229,"height":819,"url":"https:\/\/www.eldiario.net\/portal\/wp-content\/uploads\/2026\/09\/OPEP-FOTO.webp","type":"image\/webp"}],"author":"Jeanette","twitter_card":"summary_large_image","twitter_creator":"@eldiario_net","twitter_site":"@eldiario_net","twitter_misc":{"Escrito por":"Jeanette","Tiempo de lectura":"2 minutos"},"schema":{"@context":"https:\/\/schema.org","@graph":[{"@type":"Article","@id":"https:\/\/www.eldiario.net\/portal\/2026\/09\/01\/ofep-presento-el-diagnostico-tecnico-de-las-empresas-publicas\/#article","isPartOf":{"@id":"https:\/\/www.eldiario.net\/portal\/2026\/09\/01\/ofep-presento-el-diagnostico-tecnico-de-las-empresas-publicas\/"},"author":{"name":"Jeanette","@id":"https:\/\/www.eldiario.net\/portal\/#\/schema\/person\/f46445640444750d7d753ccd04ae01b7"},"headline":"OFEP present\u00f3 el Diagn\u00f3stico T\u00e9cnico de las Empresas P\u00fablicas","datePublished":"2026-09-01T10:51:19+00:00","mainEntityOfPage":{"@id":"https:\/\/www.eldiario.net\/portal\/2026\/09\/01\/ofep-presento-el-diagnostico-tecnico-de-las-empresas-publicas\/"},"wordCount":260,"publisher":{"@id":"https:\/\/www.eldiario.net\/portal\/#organization"},"image":{"@id":"https:\/\/www.eldiario.net\/portal\/2026\/09\/01\/ofep-presento-el-diagnostico-tecnico-de-las-empresas-publicas\/#primaryimage"},"thumbnailUrl":"https:\/\/www.eldiario.net\/portal\/wp-content\/uploads\/2026\/09\/OPEP-FOTO.webp","articleSection":["Econom\u00eda"],"inLanguage":"es"},{"@type":"WebPage","@id":"https:\/\/www.eldiario.net\/portal\/2026\/09\/01\/ofep-presento-el-diagnostico-tecnico-de-las-empresas-publicas\/","url":"https:\/\/www.eldiario.net\/portal\/2026\/09\/01\/ofep-presento-el-diagnostico-tecnico-de-las-empresas-publicas\/","name":"OFEP present\u00f3 el Diagn\u00f3stico T\u00e9cnico de las Empresas P\u00fablicas - El Diario - Bolivia","isPartOf":{"@id":"https:\/\/www.eldiario.net\/portal\/#website"},"primaryImageOfPage":{"@id":"https:\/\/www.eldiario.net\/portal\/2026\/09\/01\/ofep-presento-el-diagnostico-tecnico-de-las-empresas-publicas\/#primaryimage"},"image":{"@id":"https:\/\/www.eldiario.net\/portal\/2026\/09\/01\/ofep-presento-el-diagnostico-tecnico-de-las-empresas-publicas\/#primaryimage"},"thumbnailUrl":"https:\/\/www.eldiario.net\/portal\/wp-content\/uploads\/2026\/09\/OPEP-FOTO.webp","datePublished":"2026-09-01T10:51:19+00:00","breadcrumb":{"@id":"https:\/\/www.eldiario.net\/portal\/2026\/09\/01\/ofep-presento-el-diagnostico-tecnico-de-las-empresas-publicas\/#breadcrumb"},"inLanguage":"es","potentialAction":[{"@type":"ReadAction","target":["https:\/\/www.eldiario.net\/portal\/2026\/09\/01\/ofep-presento-el-diagnostico-tecnico-de-las-empresas-publicas\/"]}]},{"@type":"ImageObject","inLanguage":"es","@id":"https:\/\/www.eldiario.net\/portal\/2026\/09\/01\/ofep-presento-el-diagnostico-tecnico-de-las-empresas-publicas\/#primaryimage","url":"https:\/\/www.eldiario.net\/portal\/wp-content\/uploads\/2026\/09\/OPEP-FOTO.webp","contentUrl":"https:\/\/www.eldiario.net\/portal\/wp-content\/uploads\/2026\/09\/OPEP-FOTO.webp","width":1229,"height":819,"caption":"director de la OFEP, Pablo Camacho. Foto Oficial"},{"@type":"BreadcrumbList","@id":"https:\/\/www.eldiario.net\/portal\/2026\/09\/01\/ofep-presento-el-diagnostico-tecnico-de-las-empresas-publicas\/#breadcrumb","itemListElement":[{"@type":"ListItem","position":1,"name":"Portada","item":"https:\/\/www.eldiario.net\/portal\/"},{"@type":"ListItem","position":2,"name":"OFEP present\u00f3 el Diagn\u00f3stico T\u00e9cnico de las Empresas P\u00fablicas"}]},{"@type":"WebSite","@id":"https:\/\/www.eldiario.net\/portal\/#website","url":"https:\/\/www.eldiario.net\/portal\/","name":"El Diario - Decano de la prensa nacional","description":"El Diario - Decano de la prensa nacional","publisher":{"@id":"https:\/\/www.eldiario.net\/portal\/#organization"},"potentialAction":[{"@type":"SearchAction","target":{"@type":"EntryPoint","urlTemplate":"https:\/\/www.eldiario.net\/portal\/?s={search_term_string}"},"query-input":{"@type":"PropertyValueSpecification","valueRequired":true,"valueName":"search_term_string"}}],"inLanguage":"es"},{"@type":"Organization","@id":"https:\/\/www.eldiario.net\/portal\/#organization","name":"El Diario - Decano de la prensa nacional","url":"https:\/\/www.eldiario.net\/portal\/","logo":{"@type":"ImageObject","inLanguage":"es","@id":"https:\/\/www.eldiario.net\/portal\/#\/schema\/logo\/image\/","url":"https:\/\/www.eldiario.net\/portal\/wp-content\/uploads\/2023\/07\/logo_ED.jpg","contentUrl":"https:\/\/www.eldiario.net\/portal\/wp-content\/uploads\/2023\/07\/logo_ED.jpg","width":272,"height":52,"caption":"El Diario - Decano de la prensa nacional"},"image":{"@id":"https:\/\/www.eldiario.net\/portal\/#\/schema\/logo\/image\/"},"sameAs":["https:\/\/www.facebook.com\/eldiario.bolivia\/","https:\/\/x.com\/eldiario_net"]},{"@type":"Person","@id":"https:\/\/www.eldiario.net\/portal\/#\/schema\/person\/f46445640444750d7d753ccd04ae01b7","name":"Jeanette","image":{"@type":"ImageObject","inLanguage":"es","@id":"https:\/\/secure.gravatar.com\/avatar\/3ea2118a5f7dad2b7138b1187a6b7ee55f160b9968b66013c3a3ef39dd7e5798?s=96&d=mm&r=g","url":"https:\/\/secure.gravatar.com\/avatar\/3ea2118a5f7dad2b7138b1187a6b7ee55f160b9968b66013c3a3ef39dd7e5798?s=96&d=mm&r=g","contentUrl":"https:\/\/secure.gravatar.com\/avatar\/3ea2118a5f7dad2b7138b1187a6b7ee55f160b9968b66013c3a3ef39dd7e5798?s=96&d=mm&r=g","caption":"Jeanette"},"sameAs":["https:\/\/www.eldiario.net\/portal"],"url":"https:\/\/www.eldiario.net\/portal\/author\/jeanette\/"}]}},"_links":{"self":[{"href":"https:\/\/www.eldiario.net\/portal\/wp-json\/wp\/v2\/posts\/426671","targetHints":{"allow":["GET"]}}],"collection":[{"href":"https:\/\/www.eldiario.net\/portal\/wp-json\/wp\/v2\/posts"}],"about":[{"href":"https:\/\/www.eldiario.net\/portal\/wp-json\/wp\/v2\/types\/post"}],"author":[{"embeddable":true,"href":"https:\/\/www.eldiario.net\/portal\/wp-json\/wp\/v2\/users\/1"}],"replies":[{"embeddable":true,"href":"https:\/\/www.eldiario.net\/portal\/wp-json\/wp\/v2\/comments?post=426671"}],"version-history":[{"count":1,"href":"https:\/\/www.eldiario.net\/portal\/wp-json\/wp\/v2\/posts\/426671\/revisions"}],"predecessor-version":[{"id":426673,"href":"https:\/\/www.eldiario.net\/portal\/wp-json\/wp\/v2\/posts\/426671\/revisions\/426673"}],"wp:featuredmedia":[{"embeddable":true,"href":"https:\/\/www.eldiario.net\/portal\/wp-json\/wp\/v2\/media\/426672"}],"wp:attachment":[{"href":"https:\/\/www.eldiario.net\/portal\/wp-json\/wp\/v2\/media?parent=426671"}],"wp:term":[{"taxonomy":"category","embeddable":true,"href":"https:\/\/www.eldiario.net\/portal\/wp-json\/wp\/v2\/categories?post=426671"},{"taxonomy":"post_tag","embeddable":true,"href":"https:\/\/www.eldiario.net\/portal\/wp-json\/wp\/v2\/tags?post=426671"}],"curies":[{"name":"wp","href":"https:\/\/api.w.org\/{rel}","templated":true}]}}