{"id":426668,"date":"2026-09-01T06:44:28","date_gmt":"2026-09-01T10:44:28","guid":{"rendered":"https:\/\/www.eldiario.net\/portal\/?p=426668"},"modified":"2026-09-01T06:44:28","modified_gmt":"2026-09-01T10:44:28","slug":"flavio-bolsonaro-destaca-modelo-bukele-para-brasil","status":"publish","type":"post","link":"https:\/\/www.eldiario.net\/portal\/2026\/09\/01\/flavio-bolsonaro-destaca-modelo-bukele-para-brasil\/","title":{"rendered":"Fl\u00e1vio Bolsonaro destaca modelo Bukele para Brasil"},"content":{"rendered":"<p>Seg\u00fan una encuesta difundida ayer por Nexus\/BTG Pactual, la distancia entre el presidente saliente Lula y Fl\u00e1vio Bolsonaro se redujo considerablemente consolidando un empate t\u00e9cnico que pone en jaque la hegemon\u00eda del oficialismo a menos de dos meses de las elecciones. La inseguridad podr\u00eda definir el duelo y por eso los elogios de Bolsonaro al presidente Bukele.<\/p>\n<p>La encuesta difundida auer se realiz\u00f3 entre el 31 de julio y el 2 de agosto sobre una muestra de 2002 personas, con un margen de error de dos puntos porcentuales. En ella se sit\u00faa a Lula con el 46% de intenci\u00f3n de voto frente al 45% del legislador de derecha.<\/p>\n<p>El candidato presidencial Fl\u00e1vio Bolsonaro sostuvo que el modelo de mano dura contra el crimen de El Salvador, el modelo de seguridad de Bukele, es \u00abinspirador\u00bb, incluyendo abatir a criminales armados, bajar la edad penal y la castraci\u00f3n qu\u00edmica para violadores.<\/p>\n<p>El hijo mayor y heredero pol\u00edtico del expresidente ultraderechista se enfoca en la que, seg\u00fan los sondeos, es una de las principales preocupaciones de los votantes. Ocho de cada diez personas temen quedar atrapadas en un tiroteo, seg\u00fan el Foro Brasile\u00f1o de Seguridad P\u00fablica.<\/p>\n<p>El candidato presidencial brasile\u00f1o alab\u00f3 el modelo de mano dura impuesto en El Salvador tras una reuni\u00f3n con el ministro de Seguridad de ese pa\u00eds centroamericano, Gustavo Villatoro, quien se encuentra en Sao Paulo para participar ayer en un foro sobre seguridad organizado por un gremio industrial.<\/p>\n<p>\u00abBukele nos inspira porque ha logrado uno de los mayores y m\u00e1s eficaces rescates de soberan\u00eda y seguridad p\u00fablica\u00bb, se\u00f1al\u00f3 Bolsonaro, sum\u00e1ndose a la lista de candidatos o l\u00edderes que intentan emular el modelo salvadore\u00f1o obviando las numerosas cr\u00edticas de organismos internacionales hacia un modelo basado en un r\u00e9gimen de excepci\u00f3n de larga duraci\u00f3n bajo el cual fueron detenidas sin orden judicial casi 100.000 personas acusadas de ser miembros de pandillas.<\/p>\n<p>Bolsonaro insisti\u00f3 en que hay poco presos en Brasil, promete la creaci\u00f3n de medio mill\u00f3n de plazas carcelarias en 5 centros y volvi\u00f3 a cargar contra una legislaci\u00f3n que tacha de \u00ablaxa\u00bb.\u00a0 El candidato de ultraderecha defiende abatir a criminales armados, bajar la edad penal y la castraci\u00f3n qu\u00edmica para violadores.<\/p>\n<p>El presidente de El Salvador, Nayib Bukele, goza de altos niveles de popularidad en El Salvador por reducir la tasa de homicidios a m\u00ednimos hist\u00f3ricos. Varios gobiernos de derecha buscan emularlo en Am\u00e9rica Latina.(RFI)<\/p>\n","protected":false},"excerpt":{"rendered":"<p>Seg\u00fan una encuesta difundida ayer por Nexus\/BTG Pactual, la distancia entre el presidente saliente Lula y Fl\u00e1vio Bolsonaro se redujo considerablemente consolidando un empate t\u00e9cnico que pone en jaque la hegemon\u00eda del oficialismo a menos de dos meses de las elecciones. La inseguridad podr\u00eda definir el duelo y por eso los elogios de Bolsonaro al [&hellip;]<\/p>\n","protected":false},"author":1,"featured_media":426669,"comment_status":"closed","ping_status":"open","sticky":false,"template":"","format":"standard","meta":{"_acf_changed":false,"footnotes":""},"categories":[3],"tags":[],"class_list":["post-426668","post","type-post","status-publish","format-standard","has-post-thumbnail","category-internacional"],"acf":{"antetitulo":""},"yoast_head":"<!-- This site is optimized with the Yoast SEO plugin v28.3 - https:\/\/yoast.com\/product\/yoast-seo-wordpress\/ -->\n<title>Fl\u00e1vio Bolsonaro destaca modelo Bukele para Brasil - El Diario - Bolivia<\/title>\n<meta name=\"robots\" content=\"index, follow, max-snippet:-1, max-image-preview:large, max-video-preview:-1\" \/>\n<link rel=\"canonical\" href=\"https:\/\/www.eldiario.net\/portal\/2026\/09\/01\/flavio-bolsonaro-destaca-modelo-bukele-para-brasil\/\" \/>\n<meta property=\"og:locale\" content=\"es_ES\" \/>\n<meta property=\"og:type\" content=\"article\" \/>\n<meta property=\"og:title\" content=\"Fl\u00e1vio Bolsonaro destaca modelo Bukele para Brasil - El Diario - Bolivia\" \/>\n<meta property=\"og:description\" content=\"Seg\u00fan una encuesta difundida ayer por Nexus\/BTG Pactual, la distancia entre el presidente saliente Lula y Fl\u00e1vio Bolsonaro se redujo considerablemente consolidando un empate t\u00e9cnico que pone en jaque la hegemon\u00eda del oficialismo a menos de dos meses de las elecciones. La inseguridad podr\u00eda definir el duelo y por eso los elogios de Bolsonaro al [&hellip;]\" \/>\n<meta property=\"og:url\" content=\"https:\/\/www.eldiario.net\/portal\/2026\/09\/01\/flavio-bolsonaro-destaca-modelo-bukele-para-brasil\/\" \/>\n<meta property=\"og:site_name\" content=\"El Diario - Bolivia\" \/>\n<meta property=\"article:publisher\" content=\"https:\/\/www.facebook.com\/eldiario.bolivia\/\" \/>\n<meta property=\"article:published_time\" content=\"2026-09-01T10:44:28+00:00\" \/>\n<meta property=\"og:image\" content=\"https:\/\/www.eldiario.net\/portal\/wp-content\/uploads\/2026\/09\/BOLSONARO-AFP.webp\" \/>\n\t<meta property=\"og:image:width\" content=\"1024\" \/>\n\t<meta property=\"og:image:height\" content=\"576\" \/>\n\t<meta property=\"og:image:type\" content=\"image\/webp\" \/>\n<meta name=\"author\" content=\"Jeanette\" \/>\n<meta name=\"twitter:card\" content=\"summary_large_image\" \/>\n<meta name=\"twitter:creator\" content=\"@eldiario_net\" \/>\n<meta name=\"twitter:site\" content=\"@eldiario_net\" \/>\n<meta name=\"twitter:label1\" content=\"Escrito por\" \/>\n\t<meta name=\"twitter:data1\" content=\"Jeanette\" \/>\n\t<meta name=\"twitter:label2\" content=\"Tiempo de lectura\" \/>\n\t<meta name=\"twitter:data2\" content=\"3 minutos\" \/>\n<script type=\"application\/ld+json\" class=\"yoast-schema-graph\">{\"@context\":\"https:\\\/\\\/schema.org\",\"@graph\":[{\"@type\":\"Article\",\"@id\":\"https:\\\/\\\/www.eldiario.net\\\/portal\\\/2026\\\/09\\\/01\\\/flavio-bolsonaro-destaca-modelo-bukele-para-brasil\\\/#article\",\"isPartOf\":{\"@id\":\"https:\\\/\\\/www.eldiario.net\\\/portal\\\/2026\\\/09\\\/01\\\/flavio-bolsonaro-destaca-modelo-bukele-para-brasil\\\/\"},\"author\":{\"name\":\"Jeanette\",\"@id\":\"https:\\\/\\\/www.eldiario.net\\\/portal\\\/#\\\/schema\\\/person\\\/f46445640444750d7d753ccd04ae01b7\"},\"headline\":\"Fl\u00e1vio Bolsonaro destaca modelo Bukele para Brasil\",\"datePublished\":\"2026-09-01T10:44:28+00:00\",\"mainEntityOfPage\":{\"@id\":\"https:\\\/\\\/www.eldiario.net\\\/portal\\\/2026\\\/09\\\/01\\\/flavio-bolsonaro-destaca-modelo-bukele-para-brasil\\\/\"},\"wordCount\":436,\"publisher\":{\"@id\":\"https:\\\/\\\/www.eldiario.net\\\/portal\\\/#organization\"},\"image\":{\"@id\":\"https:\\\/\\\/www.eldiario.net\\\/portal\\\/2026\\\/09\\\/01\\\/flavio-bolsonaro-destaca-modelo-bukele-para-brasil\\\/#primaryimage\"},\"thumbnailUrl\":\"https:\\\/\\\/www.eldiario.net\\\/portal\\\/wp-content\\\/uploads\\\/2026\\\/09\\\/BOLSONARO-AFP.webp\",\"articleSection\":[\"Internacional\"],\"inLanguage\":\"es\"},{\"@type\":\"WebPage\",\"@id\":\"https:\\\/\\\/www.eldiario.net\\\/portal\\\/2026\\\/09\\\/01\\\/flavio-bolsonaro-destaca-modelo-bukele-para-brasil\\\/\",\"url\":\"https:\\\/\\\/www.eldiario.net\\\/portal\\\/2026\\\/09\\\/01\\\/flavio-bolsonaro-destaca-modelo-bukele-para-brasil\\\/\",\"name\":\"Fl\u00e1vio Bolsonaro destaca modelo Bukele para Brasil - El Diario - Bolivia\",\"isPartOf\":{\"@id\":\"https:\\\/\\\/www.eldiario.net\\\/portal\\\/#website\"},\"primaryImageOfPage\":{\"@id\":\"https:\\\/\\\/www.eldiario.net\\\/portal\\\/2026\\\/09\\\/01\\\/flavio-bolsonaro-destaca-modelo-bukele-para-brasil\\\/#primaryimage\"},\"image\":{\"@id\":\"https:\\\/\\\/www.eldiario.net\\\/portal\\\/2026\\\/09\\\/01\\\/flavio-bolsonaro-destaca-modelo-bukele-para-brasil\\\/#primaryimage\"},\"thumbnailUrl\":\"https:\\\/\\\/www.eldiario.net\\\/portal\\\/wp-content\\\/uploads\\\/2026\\\/09\\\/BOLSONARO-AFP.webp\",\"datePublished\":\"2026-09-01T10:44:28+00:00\",\"breadcrumb\":{\"@id\":\"https:\\\/\\\/www.eldiario.net\\\/portal\\\/2026\\\/09\\\/01\\\/flavio-bolsonaro-destaca-modelo-bukele-para-brasil\\\/#breadcrumb\"},\"inLanguage\":\"es\",\"potentialAction\":[{\"@type\":\"ReadAction\",\"target\":[\"https:\\\/\\\/www.eldiario.net\\\/portal\\\/2026\\\/09\\\/01\\\/flavio-bolsonaro-destaca-modelo-bukele-para-brasil\\\/\"]}]},{\"@type\":\"ImageObject\",\"inLanguage\":\"es\",\"@id\":\"https:\\\/\\\/www.eldiario.net\\\/portal\\\/2026\\\/09\\\/01\\\/flavio-bolsonaro-destaca-modelo-bukele-para-brasil\\\/#primaryimage\",\"url\":\"https:\\\/\\\/www.eldiario.net\\\/portal\\\/wp-content\\\/uploads\\\/2026\\\/09\\\/BOLSONARO-AFP.webp\",\"contentUrl\":\"https:\\\/\\\/www.eldiario.net\\\/portal\\\/wp-content\\\/uploads\\\/2026\\\/09\\\/BOLSONARO-AFP.webp\",\"width\":1024,\"height\":576,\"caption\":\"Fl\u00e1vio Bolsonaro en acto de campa\u00f1a el pasado 22 de agosto. CREDITO: Reuters\"},{\"@type\":\"BreadcrumbList\",\"@id\":\"https:\\\/\\\/www.eldiario.net\\\/portal\\\/2026\\\/09\\\/01\\\/flavio-bolsonaro-destaca-modelo-bukele-para-brasil\\\/#breadcrumb\",\"itemListElement\":[{\"@type\":\"ListItem\",\"position\":1,\"name\":\"Portada\",\"item\":\"https:\\\/\\\/www.eldiario.net\\\/portal\\\/\"},{\"@type\":\"ListItem\",\"position\":2,\"name\":\"Fl\u00e1vio Bolsonaro destaca modelo Bukele para Brasil\"}]},{\"@type\":\"WebSite\",\"@id\":\"https:\\\/\\\/www.eldiario.net\\\/portal\\\/#website\",\"url\":\"https:\\\/\\\/www.eldiario.net\\\/portal\\\/\",\"name\":\"El Diario - Decano de la prensa nacional\",\"description\":\"El Diario - Decano de la prensa nacional\",\"publisher\":{\"@id\":\"https:\\\/\\\/www.eldiario.net\\\/portal\\\/#organization\"},\"potentialAction\":[{\"@type\":\"SearchAction\",\"target\":{\"@type\":\"EntryPoint\",\"urlTemplate\":\"https:\\\/\\\/www.eldiario.net\\\/portal\\\/?s={search_term_string}\"},\"query-input\":{\"@type\":\"PropertyValueSpecification\",\"valueRequired\":true,\"valueName\":\"search_term_string\"}}],\"inLanguage\":\"es\"},{\"@type\":\"Organization\",\"@id\":\"https:\\\/\\\/www.eldiario.net\\\/portal\\\/#organization\",\"name\":\"El Diario - Decano de la prensa nacional\",\"url\":\"https:\\\/\\\/www.eldiario.net\\\/portal\\\/\",\"logo\":{\"@type\":\"ImageObject\",\"inLanguage\":\"es\",\"@id\":\"https:\\\/\\\/www.eldiario.net\\\/portal\\\/#\\\/schema\\\/logo\\\/image\\\/\",\"url\":\"https:\\\/\\\/www.eldiario.net\\\/portal\\\/wp-content\\\/uploads\\\/2023\\\/07\\\/logo_ED.jpg\",\"contentUrl\":\"https:\\\/\\\/www.eldiario.net\\\/portal\\\/wp-content\\\/uploads\\\/2023\\\/07\\\/logo_ED.jpg\",\"width\":272,\"height\":52,\"caption\":\"El Diario - Decano de la prensa nacional\"},\"image\":{\"@id\":\"https:\\\/\\\/www.eldiario.net\\\/portal\\\/#\\\/schema\\\/logo\\\/image\\\/\"},\"sameAs\":[\"https:\\\/\\\/www.facebook.com\\\/eldiario.bolivia\\\/\",\"https:\\\/\\\/x.com\\\/eldiario_net\"]},{\"@type\":\"Person\",\"@id\":\"https:\\\/\\\/www.eldiario.net\\\/portal\\\/#\\\/schema\\\/person\\\/f46445640444750d7d753ccd04ae01b7\",\"name\":\"Jeanette\",\"image\":{\"@type\":\"ImageObject\",\"inLanguage\":\"es\",\"@id\":\"https:\\\/\\\/secure.gravatar.com\\\/avatar\\\/3ea2118a5f7dad2b7138b1187a6b7ee55f160b9968b66013c3a3ef39dd7e5798?s=96&d=mm&r=g\",\"url\":\"https:\\\/\\\/secure.gravatar.com\\\/avatar\\\/3ea2118a5f7dad2b7138b1187a6b7ee55f160b9968b66013c3a3ef39dd7e5798?s=96&d=mm&r=g\",\"contentUrl\":\"https:\\\/\\\/secure.gravatar.com\\\/avatar\\\/3ea2118a5f7dad2b7138b1187a6b7ee55f160b9968b66013c3a3ef39dd7e5798?s=96&d=mm&r=g\",\"caption\":\"Jeanette\"},\"sameAs\":[\"https:\\\/\\\/www.eldiario.net\\\/portal\"],\"url\":\"https:\\\/\\\/www.eldiario.net\\\/portal\\\/author\\\/jeanette\\\/\"}]}<\/script>\n<!-- \/ Yoast SEO plugin. -->","yoast_head_json":{"title":"Fl\u00e1vio Bolsonaro destaca modelo Bukele para Brasil - El Diario - Bolivia","robots":{"index":"index","follow":"follow","max-snippet":"max-snippet:-1","max-image-preview":"max-image-preview:large","max-video-preview":"max-video-preview:-1"},"canonical":"https:\/\/www.eldiario.net\/portal\/2026\/09\/01\/flavio-bolsonaro-destaca-modelo-bukele-para-brasil\/","og_locale":"es_ES","og_type":"article","og_title":"Fl\u00e1vio Bolsonaro destaca modelo Bukele para Brasil - El Diario - Bolivia","og_description":"Seg\u00fan una encuesta difundida ayer por Nexus\/BTG Pactual, la distancia entre el presidente saliente Lula y Fl\u00e1vio Bolsonaro se redujo considerablemente consolidando un empate t\u00e9cnico que pone en jaque la hegemon\u00eda del oficialismo a menos de dos meses de las elecciones. La inseguridad podr\u00eda definir el duelo y por eso los elogios de Bolsonaro al [&hellip;]","og_url":"https:\/\/www.eldiario.net\/portal\/2026\/09\/01\/flavio-bolsonaro-destaca-modelo-bukele-para-brasil\/","og_site_name":"El Diario - Bolivia","article_publisher":"https:\/\/www.facebook.com\/eldiario.bolivia\/","article_published_time":"2026-09-01T10:44:28+00:00","og_image":[{"width":1024,"height":576,"url":"https:\/\/www.eldiario.net\/portal\/wp-content\/uploads\/2026\/09\/BOLSONARO-AFP.webp","type":"image\/webp"}],"author":"Jeanette","twitter_card":"summary_large_image","twitter_creator":"@eldiario_net","twitter_site":"@eldiario_net","twitter_misc":{"Escrito por":"Jeanette","Tiempo de lectura":"3 minutos"},"schema":{"@context":"https:\/\/schema.org","@graph":[{"@type":"Article","@id":"https:\/\/www.eldiario.net\/portal\/2026\/09\/01\/flavio-bolsonaro-destaca-modelo-bukele-para-brasil\/#article","isPartOf":{"@id":"https:\/\/www.eldiario.net\/portal\/2026\/09\/01\/flavio-bolsonaro-destaca-modelo-bukele-para-brasil\/"},"author":{"name":"Jeanette","@id":"https:\/\/www.eldiario.net\/portal\/#\/schema\/person\/f46445640444750d7d753ccd04ae01b7"},"headline":"Fl\u00e1vio Bolsonaro destaca modelo Bukele para Brasil","datePublished":"2026-09-01T10:44:28+00:00","mainEntityOfPage":{"@id":"https:\/\/www.eldiario.net\/portal\/2026\/09\/01\/flavio-bolsonaro-destaca-modelo-bukele-para-brasil\/"},"wordCount":436,"publisher":{"@id":"https:\/\/www.eldiario.net\/portal\/#organization"},"image":{"@id":"https:\/\/www.eldiario.net\/portal\/2026\/09\/01\/flavio-bolsonaro-destaca-modelo-bukele-para-brasil\/#primaryimage"},"thumbnailUrl":"https:\/\/www.eldiario.net\/portal\/wp-content\/uploads\/2026\/09\/BOLSONARO-AFP.webp","articleSection":["Internacional"],"inLanguage":"es"},{"@type":"WebPage","@id":"https:\/\/www.eldiario.net\/portal\/2026\/09\/01\/flavio-bolsonaro-destaca-modelo-bukele-para-brasil\/","url":"https:\/\/www.eldiario.net\/portal\/2026\/09\/01\/flavio-bolsonaro-destaca-modelo-bukele-para-brasil\/","name":"Fl\u00e1vio Bolsonaro destaca modelo Bukele para Brasil - El Diario - Bolivia","isPartOf":{"@id":"https:\/\/www.eldiario.net\/portal\/#website"},"primaryImageOfPage":{"@id":"https:\/\/www.eldiario.net\/portal\/2026\/09\/01\/flavio-bolsonaro-destaca-modelo-bukele-para-brasil\/#primaryimage"},"image":{"@id":"https:\/\/www.eldiario.net\/portal\/2026\/09\/01\/flavio-bolsonaro-destaca-modelo-bukele-para-brasil\/#primaryimage"},"thumbnailUrl":"https:\/\/www.eldiario.net\/portal\/wp-content\/uploads\/2026\/09\/BOLSONARO-AFP.webp","datePublished":"2026-09-01T10:44:28+00:00","breadcrumb":{"@id":"https:\/\/www.eldiario.net\/portal\/2026\/09\/01\/flavio-bolsonaro-destaca-modelo-bukele-para-brasil\/#breadcrumb"},"inLanguage":"es","potentialAction":[{"@type":"ReadAction","target":["https:\/\/www.eldiario.net\/portal\/2026\/09\/01\/flavio-bolsonaro-destaca-modelo-bukele-para-brasil\/"]}]},{"@type":"ImageObject","inLanguage":"es","@id":"https:\/\/www.eldiario.net\/portal\/2026\/09\/01\/flavio-bolsonaro-destaca-modelo-bukele-para-brasil\/#primaryimage","url":"https:\/\/www.eldiario.net\/portal\/wp-content\/uploads\/2026\/09\/BOLSONARO-AFP.webp","contentUrl":"https:\/\/www.eldiario.net\/portal\/wp-content\/uploads\/2026\/09\/BOLSONARO-AFP.webp","width":1024,"height":576,"caption":"Fl\u00e1vio Bolsonaro en acto de campa\u00f1a el pasado 22 de agosto. CREDITO: Reuters"},{"@type":"BreadcrumbList","@id":"https:\/\/www.eldiario.net\/portal\/2026\/09\/01\/flavio-bolsonaro-destaca-modelo-bukele-para-brasil\/#breadcrumb","itemListElement":[{"@type":"ListItem","position":1,"name":"Portada","item":"https:\/\/www.eldiario.net\/portal\/"},{"@type":"ListItem","position":2,"name":"Fl\u00e1vio Bolsonaro destaca modelo Bukele para Brasil"}]},{"@type":"WebSite","@id":"https:\/\/www.eldiario.net\/portal\/#website","url":"https:\/\/www.eldiario.net\/portal\/","name":"El Diario - Decano de la prensa nacional","description":"El Diario - Decano de la prensa nacional","publisher":{"@id":"https:\/\/www.eldiario.net\/portal\/#organization"},"potentialAction":[{"@type":"SearchAction","target":{"@type":"EntryPoint","urlTemplate":"https:\/\/www.eldiario.net\/portal\/?s={search_term_string}"},"query-input":{"@type":"PropertyValueSpecification","valueRequired":true,"valueName":"search_term_string"}}],"inLanguage":"es"},{"@type":"Organization","@id":"https:\/\/www.eldiario.net\/portal\/#organization","name":"El Diario - Decano de la prensa nacional","url":"https:\/\/www.eldiario.net\/portal\/","logo":{"@type":"ImageObject","inLanguage":"es","@id":"https:\/\/www.eldiario.net\/portal\/#\/schema\/logo\/image\/","url":"https:\/\/www.eldiario.net\/portal\/wp-content\/uploads\/2023\/07\/logo_ED.jpg","contentUrl":"https:\/\/www.eldiario.net\/portal\/wp-content\/uploads\/2023\/07\/logo_ED.jpg","width":272,"height":52,"caption":"El Diario - Decano de la prensa nacional"},"image":{"@id":"https:\/\/www.eldiario.net\/portal\/#\/schema\/logo\/image\/"},"sameAs":["https:\/\/www.facebook.com\/eldiario.bolivia\/","https:\/\/x.com\/eldiario_net"]},{"@type":"Person","@id":"https:\/\/www.eldiario.net\/portal\/#\/schema\/person\/f46445640444750d7d753ccd04ae01b7","name":"Jeanette","image":{"@type":"ImageObject","inLanguage":"es","@id":"https:\/\/secure.gravatar.com\/avatar\/3ea2118a5f7dad2b7138b1187a6b7ee55f160b9968b66013c3a3ef39dd7e5798?s=96&d=mm&r=g","url":"https:\/\/secure.gravatar.com\/avatar\/3ea2118a5f7dad2b7138b1187a6b7ee55f160b9968b66013c3a3ef39dd7e5798?s=96&d=mm&r=g","contentUrl":"https:\/\/secure.gravatar.com\/avatar\/3ea2118a5f7dad2b7138b1187a6b7ee55f160b9968b66013c3a3ef39dd7e5798?s=96&d=mm&r=g","caption":"Jeanette"},"sameAs":["https:\/\/www.eldiario.net\/portal"],"url":"https:\/\/www.eldiario.net\/portal\/author\/jeanette\/"}]}},"_links":{"self":[{"href":"https:\/\/www.eldiario.net\/portal\/wp-json\/wp\/v2\/posts\/426668","targetHints":{"allow":["GET"]}}],"collection":[{"href":"https:\/\/www.eldiario.net\/portal\/wp-json\/wp\/v2\/posts"}],"about":[{"href":"https:\/\/www.eldiario.net\/portal\/wp-json\/wp\/v2\/types\/post"}],"author":[{"embeddable":true,"href":"https:\/\/www.eldiario.net\/portal\/wp-json\/wp\/v2\/users\/1"}],"replies":[{"embeddable":true,"href":"https:\/\/www.eldiario.net\/portal\/wp-json\/wp\/v2\/comments?post=426668"}],"version-history":[{"count":1,"href":"https:\/\/www.eldiario.net\/portal\/wp-json\/wp\/v2\/posts\/426668\/revisions"}],"predecessor-version":[{"id":426670,"href":"https:\/\/www.eldiario.net\/portal\/wp-json\/wp\/v2\/posts\/426668\/revisions\/426670"}],"wp:featuredmedia":[{"embeddable":true,"href":"https:\/\/www.eldiario.net\/portal\/wp-json\/wp\/v2\/media\/426669"}],"wp:attachment":[{"href":"https:\/\/www.eldiario.net\/portal\/wp-json\/wp\/v2\/media?parent=426668"}],"wp:term":[{"taxonomy":"category","embeddable":true,"href":"https:\/\/www.eldiario.net\/portal\/wp-json\/wp\/v2\/categories?post=426668"},{"taxonomy":"post_tag","embeddable":true,"href":"https:\/\/www.eldiario.net\/portal\/wp-json\/wp\/v2\/tags?post=426668"}],"curies":[{"name":"wp","href":"https:\/\/api.w.org\/{rel}","templated":true}]}}