{"id":426665,"date":"2026-09-01T06:43:59","date_gmt":"2026-09-01T10:43:59","guid":{"rendered":"https:\/\/www.eldiario.net\/portal\/?p=426665"},"modified":"2026-09-01T06:43:59","modified_gmt":"2026-09-01T10:43:59","slug":"tras-un-operativo-militar-fallecen-ocho-guerrilleros","status":"publish","type":"post","link":"https:\/\/www.eldiario.net\/portal\/2026\/09\/01\/tras-un-operativo-militar-fallecen-ocho-guerrilleros\/","title":{"rendered":"Tras un operativo militar  fallecen ocho guerrilleros"},"content":{"rendered":"<p>El presidente de Colombia, Abelardo de la Espriella, anunci\u00f3 ayer que ocho guerrilleros del Frente Carolina Ram\u00edrez, liderado por alias \u201cEl Tigre\u201d o \u201cPintado\u201d murieron. Los hechos se dieron como consecuencia de una nueva operaci\u00f3n llevada a cabo por las autoridades militares en el departamento de Guaviare, en el sur del pa\u00eds.<\/p>\n<p>El mandatario detall\u00f3 que, gracias a la \u201cOperaci\u00f3n Azar\u00edas\u201d, \u00abocho integrantes de la estructura\u00bb murieron, mientras que otros tres fueron capturados y otras dos personas, que se piensa que son menores de edad y \u00abcuya identidad est\u00e1 siendo verificada\u00bb, fueron rescatadas por los militares tras ser reclutadas por el grupo.<\/p>\n<p>\u00abTambi\u00e9n fue hallado abundante material de guerra e intendencia. Alias \u201cEl Tigre\u201d es se\u00f1alado por dirigir acciones terroristas en Guaviare, Amazonas, Putumayo y Caquet\u00e1, atacar unidades de nuestra Fuerza P\u00fablica y promover el reclutamiento criminal de ni\u00f1os, ni\u00f1as y adolescentes. Adem\u00e1s, es requerido mediante circular de Interpol\u00bb, sostuvo el mandatario en redes sociales.<\/p>\n<p>&nbsp;<\/p>\n<p>FUERZAS MILITARES<\/p>\n<p>De la Espriella ha se\u00f1alado que la operaci\u00f3n \u00abcontin\u00faa\u00bb y las tropas \u00abmantienen la presi\u00f3n\u00bb. \u00abEstamos verificando si alias &#8216;El Tigre&#8217; se encuentra entre los muertos en desarrollo de la operaci\u00f3n. Solo lo confirmaremos cuando exista plena identificaci\u00f3n\u00bb, ha agregado el mandatario colombiano.<\/p>\n<p>El Frente Carolina Ram\u00edrez es una estructura armada disidente de las FARC que pertenece al Estado Mayor Central (EMC) bajo el mando de alias &#8216;Iv\u00e1n Mordisco&#8217;. Opera principalmente en el sur del pa\u00eds, con fuerte presencia en los departamentos de Putumayo, Caquet\u00e1 y Amazonas.<\/p>\n<p>El Ministerio de Defensa inform\u00f3 en la v\u00edspera de que al menos diez integrantes de Bloque Jorge Su\u00e1rez Brice\u00f1o, facci\u00f3n de &#8216;Calarc\u00e1&#8217;, murieron en otro operativo llevado a cabo el pasado 27 de agosto en El Retorno, Guaviare, mientras que otro fue capturado y \u00abun menor de edad\u00bb fue rescatado tras ser reclutado por el grupo.<\/p>\n<p>&nbsp;<\/p>\n<p>DERECHO HUMANITARIO<\/p>\n<p>\u00abEn el sitio del bombardeo, se incautaron: 19 fusiles, siete ametralladoras, 15 armas cortas, un mortero de 60 mil\u00edmetros, 22 granadas para mortero, ocho granadas de 40 mil\u00edmetros, 174 proveedores, 184 minas antipersonas, 20 granadas para dron y m\u00e1s de 29.000 municiones\u00bb, ha precisado en un comunicado<\/p>\n<p>\u00abMedicina Legal estableci\u00f3 que tres de los integrantes muertos eran menores de edad. Su reclutamiento y utilizaci\u00f3n por parte de grupos armados constituye una grave violaci\u00f3n al Derecho internacional Humanitario y un crimen de guerra\u00bb, agreg\u00f3.(El Diario Ecuador)<\/p>\n<p>&nbsp;<\/p>\n","protected":false},"excerpt":{"rendered":"<p>El presidente de Colombia, Abelardo de la Espriella, anunci\u00f3 ayer que ocho guerrilleros del Frente Carolina Ram\u00edrez, liderado por alias \u201cEl Tigre\u201d o \u201cPintado\u201d murieron. Los hechos se dieron como consecuencia de una nueva operaci\u00f3n llevada a cabo por las autoridades militares en el departamento de Guaviare, en el sur del pa\u00eds. El mandatario detall\u00f3 [&hellip;]<\/p>\n","protected":false},"author":1,"featured_media":426666,"comment_status":"closed","ping_status":"open","sticky":false,"template":"","format":"standard","meta":{"_acf_changed":false,"footnotes":""},"categories":[3],"tags":[],"class_list":["post-426665","post","type-post","status-publish","format-standard","has-post-thumbnail","category-internacional"],"acf":{"antetitulo":"Colombia"},"yoast_head":"<!-- This site is optimized with the Yoast SEO plugin v28.3 - https:\/\/yoast.com\/product\/yoast-seo-wordpress\/ -->\n<title>Tras un operativo militar fallecen ocho guerrilleros - El Diario - Bolivia<\/title>\n<meta name=\"robots\" content=\"index, follow, max-snippet:-1, max-image-preview:large, max-video-preview:-1\" \/>\n<link rel=\"canonical\" href=\"https:\/\/www.eldiario.net\/portal\/2026\/09\/01\/tras-un-operativo-militar-fallecen-ocho-guerrilleros\/\" \/>\n<meta property=\"og:locale\" content=\"es_ES\" \/>\n<meta property=\"og:type\" content=\"article\" \/>\n<meta property=\"og:title\" content=\"Tras un operativo militar fallecen ocho guerrilleros - El Diario - Bolivia\" \/>\n<meta property=\"og:description\" content=\"El presidente de Colombia, Abelardo de la Espriella, anunci\u00f3 ayer que ocho guerrilleros del Frente Carolina Ram\u00edrez, liderado por alias \u201cEl Tigre\u201d o \u201cPintado\u201d murieron. Los hechos se dieron como consecuencia de una nueva operaci\u00f3n llevada a cabo por las autoridades militares en el departamento de Guaviare, en el sur del pa\u00eds. El mandatario detall\u00f3 [&hellip;]\" \/>\n<meta property=\"og:url\" content=\"https:\/\/www.eldiario.net\/portal\/2026\/09\/01\/tras-un-operativo-militar-fallecen-ocho-guerrilleros\/\" \/>\n<meta property=\"og:site_name\" content=\"El Diario - Bolivia\" \/>\n<meta property=\"article:publisher\" content=\"https:\/\/www.facebook.com\/eldiario.bolivia\/\" \/>\n<meta property=\"article:published_time\" content=\"2026-09-01T10:43:59+00:00\" \/>\n<meta property=\"og:image\" content=\"https:\/\/www.eldiario.net\/portal\/wp-content\/uploads\/2026\/09\/COLOMBIA-El-Diario-Ecuador.webp\" \/>\n\t<meta property=\"og:image:width\" content=\"1200\" \/>\n\t<meta property=\"og:image:height\" content=\"800\" \/>\n\t<meta property=\"og:image:type\" content=\"image\/webp\" \/>\n<meta name=\"author\" content=\"Jeanette\" \/>\n<meta name=\"twitter:card\" content=\"summary_large_image\" \/>\n<meta name=\"twitter:creator\" content=\"@eldiario_net\" \/>\n<meta name=\"twitter:site\" content=\"@eldiario_net\" \/>\n<meta name=\"twitter:label1\" content=\"Escrito por\" \/>\n\t<meta name=\"twitter:data1\" content=\"Jeanette\" \/>\n\t<meta name=\"twitter:label2\" content=\"Tiempo de lectura\" \/>\n\t<meta name=\"twitter:data2\" content=\"2 minutos\" \/>\n<script type=\"application\/ld+json\" class=\"yoast-schema-graph\">{\"@context\":\"https:\\\/\\\/schema.org\",\"@graph\":[{\"@type\":\"Article\",\"@id\":\"https:\\\/\\\/www.eldiario.net\\\/portal\\\/2026\\\/09\\\/01\\\/tras-un-operativo-militar-fallecen-ocho-guerrilleros\\\/#article\",\"isPartOf\":{\"@id\":\"https:\\\/\\\/www.eldiario.net\\\/portal\\\/2026\\\/09\\\/01\\\/tras-un-operativo-militar-fallecen-ocho-guerrilleros\\\/\"},\"author\":{\"name\":\"Jeanette\",\"@id\":\"https:\\\/\\\/www.eldiario.net\\\/portal\\\/#\\\/schema\\\/person\\\/f46445640444750d7d753ccd04ae01b7\"},\"headline\":\"Tras un operativo militar fallecen ocho guerrilleros\",\"datePublished\":\"2026-09-01T10:43:59+00:00\",\"mainEntityOfPage\":{\"@id\":\"https:\\\/\\\/www.eldiario.net\\\/portal\\\/2026\\\/09\\\/01\\\/tras-un-operativo-militar-fallecen-ocho-guerrilleros\\\/\"},\"wordCount\":417,\"publisher\":{\"@id\":\"https:\\\/\\\/www.eldiario.net\\\/portal\\\/#organization\"},\"image\":{\"@id\":\"https:\\\/\\\/www.eldiario.net\\\/portal\\\/2026\\\/09\\\/01\\\/tras-un-operativo-militar-fallecen-ocho-guerrilleros\\\/#primaryimage\"},\"thumbnailUrl\":\"https:\\\/\\\/www.eldiario.net\\\/portal\\\/wp-content\\\/uploads\\\/2026\\\/09\\\/COLOMBIA-El-Diario-Ecuador.webp\",\"articleSection\":[\"Internacional\"],\"inLanguage\":\"es\"},{\"@type\":\"WebPage\",\"@id\":\"https:\\\/\\\/www.eldiario.net\\\/portal\\\/2026\\\/09\\\/01\\\/tras-un-operativo-militar-fallecen-ocho-guerrilleros\\\/\",\"url\":\"https:\\\/\\\/www.eldiario.net\\\/portal\\\/2026\\\/09\\\/01\\\/tras-un-operativo-militar-fallecen-ocho-guerrilleros\\\/\",\"name\":\"Tras un operativo militar fallecen ocho guerrilleros - El Diario - Bolivia\",\"isPartOf\":{\"@id\":\"https:\\\/\\\/www.eldiario.net\\\/portal\\\/#website\"},\"primaryImageOfPage\":{\"@id\":\"https:\\\/\\\/www.eldiario.net\\\/portal\\\/2026\\\/09\\\/01\\\/tras-un-operativo-militar-fallecen-ocho-guerrilleros\\\/#primaryimage\"},\"image\":{\"@id\":\"https:\\\/\\\/www.eldiario.net\\\/portal\\\/2026\\\/09\\\/01\\\/tras-un-operativo-militar-fallecen-ocho-guerrilleros\\\/#primaryimage\"},\"thumbnailUrl\":\"https:\\\/\\\/www.eldiario.net\\\/portal\\\/wp-content\\\/uploads\\\/2026\\\/09\\\/COLOMBIA-El-Diario-Ecuador.webp\",\"datePublished\":\"2026-09-01T10:43:59+00:00\",\"breadcrumb\":{\"@id\":\"https:\\\/\\\/www.eldiario.net\\\/portal\\\/2026\\\/09\\\/01\\\/tras-un-operativo-militar-fallecen-ocho-guerrilleros\\\/#breadcrumb\"},\"inLanguage\":\"es\",\"potentialAction\":[{\"@type\":\"ReadAction\",\"target\":[\"https:\\\/\\\/www.eldiario.net\\\/portal\\\/2026\\\/09\\\/01\\\/tras-un-operativo-militar-fallecen-ocho-guerrilleros\\\/\"]}]},{\"@type\":\"ImageObject\",\"inLanguage\":\"es\",\"@id\":\"https:\\\/\\\/www.eldiario.net\\\/portal\\\/2026\\\/09\\\/01\\\/tras-un-operativo-militar-fallecen-ocho-guerrilleros\\\/#primaryimage\",\"url\":\"https:\\\/\\\/www.eldiario.net\\\/portal\\\/wp-content\\\/uploads\\\/2026\\\/09\\\/COLOMBIA-El-Diario-Ecuador.webp\",\"contentUrl\":\"https:\\\/\\\/www.eldiario.net\\\/portal\\\/wp-content\\\/uploads\\\/2026\\\/09\\\/COLOMBIA-El-Diario-Ecuador.webp\",\"width\":1200,\"height\":800,\"caption\":\"Tres adultos fueron detenidos y dos menores resultaron rescatados tras operativo. CREDITO: Agencias\"},{\"@type\":\"BreadcrumbList\",\"@id\":\"https:\\\/\\\/www.eldiario.net\\\/portal\\\/2026\\\/09\\\/01\\\/tras-un-operativo-militar-fallecen-ocho-guerrilleros\\\/#breadcrumb\",\"itemListElement\":[{\"@type\":\"ListItem\",\"position\":1,\"name\":\"Portada\",\"item\":\"https:\\\/\\\/www.eldiario.net\\\/portal\\\/\"},{\"@type\":\"ListItem\",\"position\":2,\"name\":\"Tras un operativo militar fallecen ocho guerrilleros\"}]},{\"@type\":\"WebSite\",\"@id\":\"https:\\\/\\\/www.eldiario.net\\\/portal\\\/#website\",\"url\":\"https:\\\/\\\/www.eldiario.net\\\/portal\\\/\",\"name\":\"El Diario - Decano de la prensa nacional\",\"description\":\"El Diario - Decano de la prensa nacional\",\"publisher\":{\"@id\":\"https:\\\/\\\/www.eldiario.net\\\/portal\\\/#organization\"},\"potentialAction\":[{\"@type\":\"SearchAction\",\"target\":{\"@type\":\"EntryPoint\",\"urlTemplate\":\"https:\\\/\\\/www.eldiario.net\\\/portal\\\/?s={search_term_string}\"},\"query-input\":{\"@type\":\"PropertyValueSpecification\",\"valueRequired\":true,\"valueName\":\"search_term_string\"}}],\"inLanguage\":\"es\"},{\"@type\":\"Organization\",\"@id\":\"https:\\\/\\\/www.eldiario.net\\\/portal\\\/#organization\",\"name\":\"El Diario - Decano de la prensa nacional\",\"url\":\"https:\\\/\\\/www.eldiario.net\\\/portal\\\/\",\"logo\":{\"@type\":\"ImageObject\",\"inLanguage\":\"es\",\"@id\":\"https:\\\/\\\/www.eldiario.net\\\/portal\\\/#\\\/schema\\\/logo\\\/image\\\/\",\"url\":\"https:\\\/\\\/www.eldiario.net\\\/portal\\\/wp-content\\\/uploads\\\/2023\\\/07\\\/logo_ED.jpg\",\"contentUrl\":\"https:\\\/\\\/www.eldiario.net\\\/portal\\\/wp-content\\\/uploads\\\/2023\\\/07\\\/logo_ED.jpg\",\"width\":272,\"height\":52,\"caption\":\"El Diario - Decano de la prensa nacional\"},\"image\":{\"@id\":\"https:\\\/\\\/www.eldiario.net\\\/portal\\\/#\\\/schema\\\/logo\\\/image\\\/\"},\"sameAs\":[\"https:\\\/\\\/www.facebook.com\\\/eldiario.bolivia\\\/\",\"https:\\\/\\\/x.com\\\/eldiario_net\"]},{\"@type\":\"Person\",\"@id\":\"https:\\\/\\\/www.eldiario.net\\\/portal\\\/#\\\/schema\\\/person\\\/f46445640444750d7d753ccd04ae01b7\",\"name\":\"Jeanette\",\"image\":{\"@type\":\"ImageObject\",\"inLanguage\":\"es\",\"@id\":\"https:\\\/\\\/secure.gravatar.com\\\/avatar\\\/3ea2118a5f7dad2b7138b1187a6b7ee55f160b9968b66013c3a3ef39dd7e5798?s=96&d=mm&r=g\",\"url\":\"https:\\\/\\\/secure.gravatar.com\\\/avatar\\\/3ea2118a5f7dad2b7138b1187a6b7ee55f160b9968b66013c3a3ef39dd7e5798?s=96&d=mm&r=g\",\"contentUrl\":\"https:\\\/\\\/secure.gravatar.com\\\/avatar\\\/3ea2118a5f7dad2b7138b1187a6b7ee55f160b9968b66013c3a3ef39dd7e5798?s=96&d=mm&r=g\",\"caption\":\"Jeanette\"},\"sameAs\":[\"https:\\\/\\\/www.eldiario.net\\\/portal\"],\"url\":\"https:\\\/\\\/www.eldiario.net\\\/portal\\\/author\\\/jeanette\\\/\"}]}<\/script>\n<!-- \/ Yoast SEO plugin. -->","yoast_head_json":{"title":"Tras un operativo militar fallecen ocho guerrilleros - El Diario - Bolivia","robots":{"index":"index","follow":"follow","max-snippet":"max-snippet:-1","max-image-preview":"max-image-preview:large","max-video-preview":"max-video-preview:-1"},"canonical":"https:\/\/www.eldiario.net\/portal\/2026\/09\/01\/tras-un-operativo-militar-fallecen-ocho-guerrilleros\/","og_locale":"es_ES","og_type":"article","og_title":"Tras un operativo militar fallecen ocho guerrilleros - El Diario - Bolivia","og_description":"El presidente de Colombia, Abelardo de la Espriella, anunci\u00f3 ayer que ocho guerrilleros del Frente Carolina Ram\u00edrez, liderado por alias \u201cEl Tigre\u201d o \u201cPintado\u201d murieron. Los hechos se dieron como consecuencia de una nueva operaci\u00f3n llevada a cabo por las autoridades militares en el departamento de Guaviare, en el sur del pa\u00eds. El mandatario detall\u00f3 [&hellip;]","og_url":"https:\/\/www.eldiario.net\/portal\/2026\/09\/01\/tras-un-operativo-militar-fallecen-ocho-guerrilleros\/","og_site_name":"El Diario - Bolivia","article_publisher":"https:\/\/www.facebook.com\/eldiario.bolivia\/","article_published_time":"2026-09-01T10:43:59+00:00","og_image":[{"width":1200,"height":800,"url":"https:\/\/www.eldiario.net\/portal\/wp-content\/uploads\/2026\/09\/COLOMBIA-El-Diario-Ecuador.webp","type":"image\/webp"}],"author":"Jeanette","twitter_card":"summary_large_image","twitter_creator":"@eldiario_net","twitter_site":"@eldiario_net","twitter_misc":{"Escrito por":"Jeanette","Tiempo de lectura":"2 minutos"},"schema":{"@context":"https:\/\/schema.org","@graph":[{"@type":"Article","@id":"https:\/\/www.eldiario.net\/portal\/2026\/09\/01\/tras-un-operativo-militar-fallecen-ocho-guerrilleros\/#article","isPartOf":{"@id":"https:\/\/www.eldiario.net\/portal\/2026\/09\/01\/tras-un-operativo-militar-fallecen-ocho-guerrilleros\/"},"author":{"name":"Jeanette","@id":"https:\/\/www.eldiario.net\/portal\/#\/schema\/person\/f46445640444750d7d753ccd04ae01b7"},"headline":"Tras un operativo militar fallecen ocho guerrilleros","datePublished":"2026-09-01T10:43:59+00:00","mainEntityOfPage":{"@id":"https:\/\/www.eldiario.net\/portal\/2026\/09\/01\/tras-un-operativo-militar-fallecen-ocho-guerrilleros\/"},"wordCount":417,"publisher":{"@id":"https:\/\/www.eldiario.net\/portal\/#organization"},"image":{"@id":"https:\/\/www.eldiario.net\/portal\/2026\/09\/01\/tras-un-operativo-militar-fallecen-ocho-guerrilleros\/#primaryimage"},"thumbnailUrl":"https:\/\/www.eldiario.net\/portal\/wp-content\/uploads\/2026\/09\/COLOMBIA-El-Diario-Ecuador.webp","articleSection":["Internacional"],"inLanguage":"es"},{"@type":"WebPage","@id":"https:\/\/www.eldiario.net\/portal\/2026\/09\/01\/tras-un-operativo-militar-fallecen-ocho-guerrilleros\/","url":"https:\/\/www.eldiario.net\/portal\/2026\/09\/01\/tras-un-operativo-militar-fallecen-ocho-guerrilleros\/","name":"Tras un operativo militar fallecen ocho guerrilleros - El Diario - Bolivia","isPartOf":{"@id":"https:\/\/www.eldiario.net\/portal\/#website"},"primaryImageOfPage":{"@id":"https:\/\/www.eldiario.net\/portal\/2026\/09\/01\/tras-un-operativo-militar-fallecen-ocho-guerrilleros\/#primaryimage"},"image":{"@id":"https:\/\/www.eldiario.net\/portal\/2026\/09\/01\/tras-un-operativo-militar-fallecen-ocho-guerrilleros\/#primaryimage"},"thumbnailUrl":"https:\/\/www.eldiario.net\/portal\/wp-content\/uploads\/2026\/09\/COLOMBIA-El-Diario-Ecuador.webp","datePublished":"2026-09-01T10:43:59+00:00","breadcrumb":{"@id":"https:\/\/www.eldiario.net\/portal\/2026\/09\/01\/tras-un-operativo-militar-fallecen-ocho-guerrilleros\/#breadcrumb"},"inLanguage":"es","potentialAction":[{"@type":"ReadAction","target":["https:\/\/www.eldiario.net\/portal\/2026\/09\/01\/tras-un-operativo-militar-fallecen-ocho-guerrilleros\/"]}]},{"@type":"ImageObject","inLanguage":"es","@id":"https:\/\/www.eldiario.net\/portal\/2026\/09\/01\/tras-un-operativo-militar-fallecen-ocho-guerrilleros\/#primaryimage","url":"https:\/\/www.eldiario.net\/portal\/wp-content\/uploads\/2026\/09\/COLOMBIA-El-Diario-Ecuador.webp","contentUrl":"https:\/\/www.eldiario.net\/portal\/wp-content\/uploads\/2026\/09\/COLOMBIA-El-Diario-Ecuador.webp","width":1200,"height":800,"caption":"Tres adultos fueron detenidos y dos menores resultaron rescatados tras operativo. CREDITO: Agencias"},{"@type":"BreadcrumbList","@id":"https:\/\/www.eldiario.net\/portal\/2026\/09\/01\/tras-un-operativo-militar-fallecen-ocho-guerrilleros\/#breadcrumb","itemListElement":[{"@type":"ListItem","position":1,"name":"Portada","item":"https:\/\/www.eldiario.net\/portal\/"},{"@type":"ListItem","position":2,"name":"Tras un operativo militar fallecen ocho guerrilleros"}]},{"@type":"WebSite","@id":"https:\/\/www.eldiario.net\/portal\/#website","url":"https:\/\/www.eldiario.net\/portal\/","name":"El Diario - Decano de la prensa nacional","description":"El Diario - Decano de la prensa nacional","publisher":{"@id":"https:\/\/www.eldiario.net\/portal\/#organization"},"potentialAction":[{"@type":"SearchAction","target":{"@type":"EntryPoint","urlTemplate":"https:\/\/www.eldiario.net\/portal\/?s={search_term_string}"},"query-input":{"@type":"PropertyValueSpecification","valueRequired":true,"valueName":"search_term_string"}}],"inLanguage":"es"},{"@type":"Organization","@id":"https:\/\/www.eldiario.net\/portal\/#organization","name":"El Diario - Decano de la prensa nacional","url":"https:\/\/www.eldiario.net\/portal\/","logo":{"@type":"ImageObject","inLanguage":"es","@id":"https:\/\/www.eldiario.net\/portal\/#\/schema\/logo\/image\/","url":"https:\/\/www.eldiario.net\/portal\/wp-content\/uploads\/2023\/07\/logo_ED.jpg","contentUrl":"https:\/\/www.eldiario.net\/portal\/wp-content\/uploads\/2023\/07\/logo_ED.jpg","width":272,"height":52,"caption":"El Diario - Decano de la prensa nacional"},"image":{"@id":"https:\/\/www.eldiario.net\/portal\/#\/schema\/logo\/image\/"},"sameAs":["https:\/\/www.facebook.com\/eldiario.bolivia\/","https:\/\/x.com\/eldiario_net"]},{"@type":"Person","@id":"https:\/\/www.eldiario.net\/portal\/#\/schema\/person\/f46445640444750d7d753ccd04ae01b7","name":"Jeanette","image":{"@type":"ImageObject","inLanguage":"es","@id":"https:\/\/secure.gravatar.com\/avatar\/3ea2118a5f7dad2b7138b1187a6b7ee55f160b9968b66013c3a3ef39dd7e5798?s=96&d=mm&r=g","url":"https:\/\/secure.gravatar.com\/avatar\/3ea2118a5f7dad2b7138b1187a6b7ee55f160b9968b66013c3a3ef39dd7e5798?s=96&d=mm&r=g","contentUrl":"https:\/\/secure.gravatar.com\/avatar\/3ea2118a5f7dad2b7138b1187a6b7ee55f160b9968b66013c3a3ef39dd7e5798?s=96&d=mm&r=g","caption":"Jeanette"},"sameAs":["https:\/\/www.eldiario.net\/portal"],"url":"https:\/\/www.eldiario.net\/portal\/author\/jeanette\/"}]}},"_links":{"self":[{"href":"https:\/\/www.eldiario.net\/portal\/wp-json\/wp\/v2\/posts\/426665","targetHints":{"allow":["GET"]}}],"collection":[{"href":"https:\/\/www.eldiario.net\/portal\/wp-json\/wp\/v2\/posts"}],"about":[{"href":"https:\/\/www.eldiario.net\/portal\/wp-json\/wp\/v2\/types\/post"}],"author":[{"embeddable":true,"href":"https:\/\/www.eldiario.net\/portal\/wp-json\/wp\/v2\/users\/1"}],"replies":[{"embeddable":true,"href":"https:\/\/www.eldiario.net\/portal\/wp-json\/wp\/v2\/comments?post=426665"}],"version-history":[{"count":1,"href":"https:\/\/www.eldiario.net\/portal\/wp-json\/wp\/v2\/posts\/426665\/revisions"}],"predecessor-version":[{"id":426667,"href":"https:\/\/www.eldiario.net\/portal\/wp-json\/wp\/v2\/posts\/426665\/revisions\/426667"}],"wp:featuredmedia":[{"embeddable":true,"href":"https:\/\/www.eldiario.net\/portal\/wp-json\/wp\/v2\/media\/426666"}],"wp:attachment":[{"href":"https:\/\/www.eldiario.net\/portal\/wp-json\/wp\/v2\/media?parent=426665"}],"wp:term":[{"taxonomy":"category","embeddable":true,"href":"https:\/\/www.eldiario.net\/portal\/wp-json\/wp\/v2\/categories?post=426665"},{"taxonomy":"post_tag","embeddable":true,"href":"https:\/\/www.eldiario.net\/portal\/wp-json\/wp\/v2\/tags?post=426665"}],"curies":[{"name":"wp","href":"https:\/\/api.w.org\/{rel}","templated":true}]}}