{"id":426653,"date":"2026-09-01T06:40:38","date_gmt":"2026-09-01T10:40:38","guid":{"rendered":"https:\/\/www.eldiario.net\/portal\/?p=426653"},"modified":"2026-09-01T06:40:38","modified_gmt":"2026-09-01T10:40:38","slug":"ministerio-de-defensa-atribuye-a-grupo-los-pulpos-por-matanza","status":"publish","type":"post","link":"https:\/\/www.eldiario.net\/portal\/2026\/09\/01\/ministerio-de-defensa-atribuye-a-grupo-los-pulpos-por-matanza\/","title":{"rendered":"Ministerio de Defensa atribuye a grupo Los Pulpos por matanza"},"content":{"rendered":"<p>El ministro de Defensa, Rafael Belaunde, se\u00f1al\u00f3 que la organizaci\u00f3n criminal Los Pulpos estar\u00eda detr\u00e1s del violento ataque registrado en Trujillo que dej\u00f3 cuatro personas asesinadas y un comerciante relacionado a la miner\u00eda ilegal.<\/p>\n<p>Seg\u00fan indic\u00f3, las primeras pesquisas apuntan adem\u00e1s a que el crimen habr\u00eda sido coordinado desde el interior de un establecimiento penitenciario.<\/p>\n<p>Belaunde sostuvo que existe una persona identificada con el alias de \u201cJohn Pulpo\u201d que estar\u00eda relacionada con el caso. Para el titular del Ministerio de Defensa, el hecho vuelve a poner en evidencia el uso de los penales como centros desde donde se organizan actividades criminales.<\/p>\n<p>\u201cEsto se ha coordinado desde dentro del penal\u201d, afirm\u00f3 el ministro, quien insisti\u00f3 en la necesidad de reforzar el control de los accesos a las c\u00e1rceles para impedir el ingreso de celulares, chips y otros objetos utilizados por organizaciones delictivas.<\/p>\n<p>&nbsp;<\/p>\n<p>REALIZAR\u00c1N RASTRILLAJES<\/p>\n<p>Belaunde viaj\u00f3 Trujillo anoche por disposici\u00f3n de la presidenta Keiko Fujimori para supervisar las acciones desplegadas tras la matanza.<\/p>\n<p>El titular del sector remarc\u00f3 que el Gobierno espera resultados concretos e inmediatos frente a los recientes hechos de violencia registrados en la ciudad de Trujillo, durante una reuni\u00f3n con el comandante general de la Polic\u00eda Nacional del Per\u00fa (PNP), general \u00d3scar Arriola, en la Tercera Macro Regi\u00f3n Policial La Libertad.<\/p>\n<p>En el encuentro, el comandante general de la PNP dio cuenta de las acciones adoptadas por la instituci\u00f3n policial ante la situaci\u00f3n de inseguridad registrada en esta ciudad de La Libertad.<\/p>\n<p>El titular del sector dej\u00f3 clara la necesidad de que estas medidas se traduzcan en resultados concretos para la poblaci\u00f3n.<\/p>\n<p>Previamente, el ministro Belaunde Llosa sostuvo una reuni\u00f3n con la gobernadora regional de La Libertad, Joana Cabrera, para articular esfuerzos orientados al apoyo de las Fuerzas Armadas a la Polic\u00eda Nacional en materia de seguridad ciudadana.<\/p>\n<p>En el encuentro, la autoridad regional mostr\u00f3 su compromiso y acompa\u00f1amiento para realizar acciones concretas como la implementaci\u00f3n de un per\u00edmetro de seguridad en los exteriores del penal El Milagro.<\/p>\n<p>&nbsp;<\/p>\n<p>GRUPOS HOSTILES<\/p>\n<p>La Polic\u00eda Nacional ya ejecuta labores de inteligencia para identificar y localizar a los autores del ataque. Paralelamente, el Ministerio de Defensa coordina con la PNP y el Ej\u00e9rcito la realizaci\u00f3n de operaciones de rastrillaje y cercos territoriales en zonas donde se presume que podr\u00edan encontrarse c\u00f3mplices de los delincuentes.<\/p>\n<p>El ministro se\u00f1al\u00f3 que el Ejecutivo busca adem\u00e1s que organizaciones como Los Pulpos y el Tren de Aragua puedan ser consideradas grupos hostiles al Estado, una propuesta incluida en el pedido de facultades legislativas presentado al Congreso.<\/p>\n<p>Con esta figura, explic\u00f3, las Fuerzas Armadas podr\u00edan emplear capacidades de inteligencia militar y unidades especializadas en operaciones contra estas organizaciones.<\/p>\n<p>\u201cLo que necesitamos es poder utilizar inteligencia militar y grupos de operaciones especiales de las Fuerzas Armadas para actuar quir\u00fargicamente contra estos delincuentes\u201d, sostuvo.<\/p>\n<p>&nbsp;<\/p>\n<p>MODIFICAR MANDATO<\/p>\n<p>El ministro de Defensa tambi\u00e9n revel\u00f3 que el pedido de facultades incluye una modificaci\u00f3n relacionada con el cargo de comandante general de la Polic\u00eda Nacional.<\/p>\n<p>La propuesta plantea que el mandato del jefe de la PNP sea de un a\u00f1o obligatorio, mientras que su permanencia durante un segundo a\u00f1o quedar\u00eda a decisi\u00f3n de la presidenta de la Rep\u00fablica.<\/p>\n<p>Actualmente, el cargo es ocupado por el general PNP \u00d3scar Arriola y la legislaci\u00f3n establece un periodo de dos a\u00f1os.<\/p>\n<p>Belaunde precis\u00f3, sin embargo, que una eventual modificaci\u00f3n en la conducci\u00f3n policial no resolver\u00e1 por s\u00ed sola la crisis de inseguridad. A su juicio, el problema requiere fortalecer los sistemas de inteligencia y atacar las estructuras que permiten operar a las organizaciones criminales.(Per\u00fa21)<\/p>\n<p>&nbsp;<\/p>\n","protected":false},"excerpt":{"rendered":"<p>El ministro de Defensa, Rafael Belaunde, se\u00f1al\u00f3 que la organizaci\u00f3n criminal Los Pulpos estar\u00eda detr\u00e1s del violento ataque registrado en Trujillo que dej\u00f3 cuatro personas asesinadas y un comerciante relacionado a la miner\u00eda ilegal. Seg\u00fan indic\u00f3, las primeras pesquisas apuntan adem\u00e1s a que el crimen habr\u00eda sido coordinado desde el interior de un establecimiento penitenciario. [&hellip;]<\/p>\n","protected":false},"author":1,"featured_media":426654,"comment_status":"closed","ping_status":"open","sticky":false,"template":"","format":"standard","meta":{"_acf_changed":false,"footnotes":""},"categories":[3],"tags":[],"class_list":["post-426653","post","type-post","status-publish","format-standard","has-post-thumbnail","category-internacional"],"acf":{"antetitulo":"Per\u00fa"},"yoast_head":"<!-- This site is optimized with the Yoast SEO plugin v28.3 - https:\/\/yoast.com\/product\/yoast-seo-wordpress\/ -->\n<title>Ministerio de Defensa atribuye a grupo Los Pulpos por matanza - El Diario - Bolivia<\/title>\n<meta name=\"robots\" content=\"index, follow, max-snippet:-1, max-image-preview:large, max-video-preview:-1\" \/>\n<link rel=\"canonical\" href=\"https:\/\/www.eldiario.net\/portal\/2026\/09\/01\/ministerio-de-defensa-atribuye-a-grupo-los-pulpos-por-matanza\/\" \/>\n<meta property=\"og:locale\" content=\"es_ES\" \/>\n<meta property=\"og:type\" content=\"article\" \/>\n<meta property=\"og:title\" content=\"Ministerio de Defensa atribuye a grupo Los Pulpos por matanza - El Diario - Bolivia\" \/>\n<meta property=\"og:description\" content=\"El ministro de Defensa, Rafael Belaunde, se\u00f1al\u00f3 que la organizaci\u00f3n criminal Los Pulpos estar\u00eda detr\u00e1s del violento ataque registrado en Trujillo que dej\u00f3 cuatro personas asesinadas y un comerciante relacionado a la miner\u00eda ilegal. Seg\u00fan indic\u00f3, las primeras pesquisas apuntan adem\u00e1s a que el crimen habr\u00eda sido coordinado desde el interior de un establecimiento penitenciario. [&hellip;]\" \/>\n<meta property=\"og:url\" content=\"https:\/\/www.eldiario.net\/portal\/2026\/09\/01\/ministerio-de-defensa-atribuye-a-grupo-los-pulpos-por-matanza\/\" \/>\n<meta property=\"og:site_name\" content=\"El Diario - Bolivia\" \/>\n<meta property=\"article:publisher\" content=\"https:\/\/www.facebook.com\/eldiario.bolivia\/\" \/>\n<meta property=\"article:published_time\" content=\"2026-09-01T10:40:38+00:00\" \/>\n<meta property=\"og:image\" content=\"https:\/\/www.eldiario.net\/portal\/wp-content\/uploads\/2026\/09\/PERU-Peru21.webp\" \/>\n\t<meta property=\"og:image:width\" content=\"1090\" \/>\n\t<meta property=\"og:image:height\" content=\"781\" \/>\n\t<meta property=\"og:image:type\" content=\"image\/webp\" \/>\n<meta name=\"author\" content=\"Jeanette\" \/>\n<meta name=\"twitter:card\" content=\"summary_large_image\" \/>\n<meta name=\"twitter:creator\" content=\"@eldiario_net\" \/>\n<meta name=\"twitter:site\" content=\"@eldiario_net\" \/>\n<meta name=\"twitter:label1\" content=\"Escrito por\" \/>\n\t<meta name=\"twitter:data1\" content=\"Jeanette\" \/>\n\t<meta name=\"twitter:label2\" content=\"Tiempo de lectura\" \/>\n\t<meta name=\"twitter:data2\" content=\"3 minutos\" \/>\n<script type=\"application\/ld+json\" class=\"yoast-schema-graph\">{\"@context\":\"https:\\\/\\\/schema.org\",\"@graph\":[{\"@type\":\"Article\",\"@id\":\"https:\\\/\\\/www.eldiario.net\\\/portal\\\/2026\\\/09\\\/01\\\/ministerio-de-defensa-atribuye-a-grupo-los-pulpos-por-matanza\\\/#article\",\"isPartOf\":{\"@id\":\"https:\\\/\\\/www.eldiario.net\\\/portal\\\/2026\\\/09\\\/01\\\/ministerio-de-defensa-atribuye-a-grupo-los-pulpos-por-matanza\\\/\"},\"author\":{\"name\":\"Jeanette\",\"@id\":\"https:\\\/\\\/www.eldiario.net\\\/portal\\\/#\\\/schema\\\/person\\\/f46445640444750d7d753ccd04ae01b7\"},\"headline\":\"Ministerio de Defensa atribuye a grupo Los Pulpos por matanza\",\"datePublished\":\"2026-09-01T10:40:38+00:00\",\"mainEntityOfPage\":{\"@id\":\"https:\\\/\\\/www.eldiario.net\\\/portal\\\/2026\\\/09\\\/01\\\/ministerio-de-defensa-atribuye-a-grupo-los-pulpos-por-matanza\\\/\"},\"wordCount\":646,\"publisher\":{\"@id\":\"https:\\\/\\\/www.eldiario.net\\\/portal\\\/#organization\"},\"image\":{\"@id\":\"https:\\\/\\\/www.eldiario.net\\\/portal\\\/2026\\\/09\\\/01\\\/ministerio-de-defensa-atribuye-a-grupo-los-pulpos-por-matanza\\\/#primaryimage\"},\"thumbnailUrl\":\"https:\\\/\\\/www.eldiario.net\\\/portal\\\/wp-content\\\/uploads\\\/2026\\\/09\\\/PERU-Peru21.webp\",\"articleSection\":[\"Internacional\"],\"inLanguage\":\"es\"},{\"@type\":\"WebPage\",\"@id\":\"https:\\\/\\\/www.eldiario.net\\\/portal\\\/2026\\\/09\\\/01\\\/ministerio-de-defensa-atribuye-a-grupo-los-pulpos-por-matanza\\\/\",\"url\":\"https:\\\/\\\/www.eldiario.net\\\/portal\\\/2026\\\/09\\\/01\\\/ministerio-de-defensa-atribuye-a-grupo-los-pulpos-por-matanza\\\/\",\"name\":\"Ministerio de Defensa atribuye a grupo Los Pulpos por matanza - El Diario - Bolivia\",\"isPartOf\":{\"@id\":\"https:\\\/\\\/www.eldiario.net\\\/portal\\\/#website\"},\"primaryImageOfPage\":{\"@id\":\"https:\\\/\\\/www.eldiario.net\\\/portal\\\/2026\\\/09\\\/01\\\/ministerio-de-defensa-atribuye-a-grupo-los-pulpos-por-matanza\\\/#primaryimage\"},\"image\":{\"@id\":\"https:\\\/\\\/www.eldiario.net\\\/portal\\\/2026\\\/09\\\/01\\\/ministerio-de-defensa-atribuye-a-grupo-los-pulpos-por-matanza\\\/#primaryimage\"},\"thumbnailUrl\":\"https:\\\/\\\/www.eldiario.net\\\/portal\\\/wp-content\\\/uploads\\\/2026\\\/09\\\/PERU-Peru21.webp\",\"datePublished\":\"2026-09-01T10:40:38+00:00\",\"breadcrumb\":{\"@id\":\"https:\\\/\\\/www.eldiario.net\\\/portal\\\/2026\\\/09\\\/01\\\/ministerio-de-defensa-atribuye-a-grupo-los-pulpos-por-matanza\\\/#breadcrumb\"},\"inLanguage\":\"es\",\"potentialAction\":[{\"@type\":\"ReadAction\",\"target\":[\"https:\\\/\\\/www.eldiario.net\\\/portal\\\/2026\\\/09\\\/01\\\/ministerio-de-defensa-atribuye-a-grupo-los-pulpos-por-matanza\\\/\"]}]},{\"@type\":\"ImageObject\",\"inLanguage\":\"es\",\"@id\":\"https:\\\/\\\/www.eldiario.net\\\/portal\\\/2026\\\/09\\\/01\\\/ministerio-de-defensa-atribuye-a-grupo-los-pulpos-por-matanza\\\/#primaryimage\",\"url\":\"https:\\\/\\\/www.eldiario.net\\\/portal\\\/wp-content\\\/uploads\\\/2026\\\/09\\\/PERU-Peru21.webp\",\"contentUrl\":\"https:\\\/\\\/www.eldiario.net\\\/portal\\\/wp-content\\\/uploads\\\/2026\\\/09\\\/PERU-Peru21.webp\",\"width\":1090,\"height\":781,\"caption\":\"Belaunde sostiene que la masacre fue coordinada dentro de un penal. CREDITO: Per\u00fa21\"},{\"@type\":\"BreadcrumbList\",\"@id\":\"https:\\\/\\\/www.eldiario.net\\\/portal\\\/2026\\\/09\\\/01\\\/ministerio-de-defensa-atribuye-a-grupo-los-pulpos-por-matanza\\\/#breadcrumb\",\"itemListElement\":[{\"@type\":\"ListItem\",\"position\":1,\"name\":\"Portada\",\"item\":\"https:\\\/\\\/www.eldiario.net\\\/portal\\\/\"},{\"@type\":\"ListItem\",\"position\":2,\"name\":\"Ministerio de Defensa atribuye a grupo Los Pulpos por matanza\"}]},{\"@type\":\"WebSite\",\"@id\":\"https:\\\/\\\/www.eldiario.net\\\/portal\\\/#website\",\"url\":\"https:\\\/\\\/www.eldiario.net\\\/portal\\\/\",\"name\":\"El Diario - Decano de la prensa nacional\",\"description\":\"El Diario - Decano de la prensa nacional\",\"publisher\":{\"@id\":\"https:\\\/\\\/www.eldiario.net\\\/portal\\\/#organization\"},\"potentialAction\":[{\"@type\":\"SearchAction\",\"target\":{\"@type\":\"EntryPoint\",\"urlTemplate\":\"https:\\\/\\\/www.eldiario.net\\\/portal\\\/?s={search_term_string}\"},\"query-input\":{\"@type\":\"PropertyValueSpecification\",\"valueRequired\":true,\"valueName\":\"search_term_string\"}}],\"inLanguage\":\"es\"},{\"@type\":\"Organization\",\"@id\":\"https:\\\/\\\/www.eldiario.net\\\/portal\\\/#organization\",\"name\":\"El Diario - Decano de la prensa nacional\",\"url\":\"https:\\\/\\\/www.eldiario.net\\\/portal\\\/\",\"logo\":{\"@type\":\"ImageObject\",\"inLanguage\":\"es\",\"@id\":\"https:\\\/\\\/www.eldiario.net\\\/portal\\\/#\\\/schema\\\/logo\\\/image\\\/\",\"url\":\"https:\\\/\\\/www.eldiario.net\\\/portal\\\/wp-content\\\/uploads\\\/2023\\\/07\\\/logo_ED.jpg\",\"contentUrl\":\"https:\\\/\\\/www.eldiario.net\\\/portal\\\/wp-content\\\/uploads\\\/2023\\\/07\\\/logo_ED.jpg\",\"width\":272,\"height\":52,\"caption\":\"El Diario - Decano de la prensa nacional\"},\"image\":{\"@id\":\"https:\\\/\\\/www.eldiario.net\\\/portal\\\/#\\\/schema\\\/logo\\\/image\\\/\"},\"sameAs\":[\"https:\\\/\\\/www.facebook.com\\\/eldiario.bolivia\\\/\",\"https:\\\/\\\/x.com\\\/eldiario_net\"]},{\"@type\":\"Person\",\"@id\":\"https:\\\/\\\/www.eldiario.net\\\/portal\\\/#\\\/schema\\\/person\\\/f46445640444750d7d753ccd04ae01b7\",\"name\":\"Jeanette\",\"image\":{\"@type\":\"ImageObject\",\"inLanguage\":\"es\",\"@id\":\"https:\\\/\\\/secure.gravatar.com\\\/avatar\\\/3ea2118a5f7dad2b7138b1187a6b7ee55f160b9968b66013c3a3ef39dd7e5798?s=96&d=mm&r=g\",\"url\":\"https:\\\/\\\/secure.gravatar.com\\\/avatar\\\/3ea2118a5f7dad2b7138b1187a6b7ee55f160b9968b66013c3a3ef39dd7e5798?s=96&d=mm&r=g\",\"contentUrl\":\"https:\\\/\\\/secure.gravatar.com\\\/avatar\\\/3ea2118a5f7dad2b7138b1187a6b7ee55f160b9968b66013c3a3ef39dd7e5798?s=96&d=mm&r=g\",\"caption\":\"Jeanette\"},\"sameAs\":[\"https:\\\/\\\/www.eldiario.net\\\/portal\"],\"url\":\"https:\\\/\\\/www.eldiario.net\\\/portal\\\/author\\\/jeanette\\\/\"}]}<\/script>\n<!-- \/ Yoast SEO plugin. -->","yoast_head_json":{"title":"Ministerio de Defensa atribuye a grupo Los Pulpos por matanza - El Diario - Bolivia","robots":{"index":"index","follow":"follow","max-snippet":"max-snippet:-1","max-image-preview":"max-image-preview:large","max-video-preview":"max-video-preview:-1"},"canonical":"https:\/\/www.eldiario.net\/portal\/2026\/09\/01\/ministerio-de-defensa-atribuye-a-grupo-los-pulpos-por-matanza\/","og_locale":"es_ES","og_type":"article","og_title":"Ministerio de Defensa atribuye a grupo Los Pulpos por matanza - El Diario - Bolivia","og_description":"El ministro de Defensa, Rafael Belaunde, se\u00f1al\u00f3 que la organizaci\u00f3n criminal Los Pulpos estar\u00eda detr\u00e1s del violento ataque registrado en Trujillo que dej\u00f3 cuatro personas asesinadas y un comerciante relacionado a la miner\u00eda ilegal. Seg\u00fan indic\u00f3, las primeras pesquisas apuntan adem\u00e1s a que el crimen habr\u00eda sido coordinado desde el interior de un establecimiento penitenciario. [&hellip;]","og_url":"https:\/\/www.eldiario.net\/portal\/2026\/09\/01\/ministerio-de-defensa-atribuye-a-grupo-los-pulpos-por-matanza\/","og_site_name":"El Diario - Bolivia","article_publisher":"https:\/\/www.facebook.com\/eldiario.bolivia\/","article_published_time":"2026-09-01T10:40:38+00:00","og_image":[{"width":1090,"height":781,"url":"https:\/\/www.eldiario.net\/portal\/wp-content\/uploads\/2026\/09\/PERU-Peru21.webp","type":"image\/webp"}],"author":"Jeanette","twitter_card":"summary_large_image","twitter_creator":"@eldiario_net","twitter_site":"@eldiario_net","twitter_misc":{"Escrito por":"Jeanette","Tiempo de lectura":"3 minutos"},"schema":{"@context":"https:\/\/schema.org","@graph":[{"@type":"Article","@id":"https:\/\/www.eldiario.net\/portal\/2026\/09\/01\/ministerio-de-defensa-atribuye-a-grupo-los-pulpos-por-matanza\/#article","isPartOf":{"@id":"https:\/\/www.eldiario.net\/portal\/2026\/09\/01\/ministerio-de-defensa-atribuye-a-grupo-los-pulpos-por-matanza\/"},"author":{"name":"Jeanette","@id":"https:\/\/www.eldiario.net\/portal\/#\/schema\/person\/f46445640444750d7d753ccd04ae01b7"},"headline":"Ministerio de Defensa atribuye a grupo Los Pulpos por matanza","datePublished":"2026-09-01T10:40:38+00:00","mainEntityOfPage":{"@id":"https:\/\/www.eldiario.net\/portal\/2026\/09\/01\/ministerio-de-defensa-atribuye-a-grupo-los-pulpos-por-matanza\/"},"wordCount":646,"publisher":{"@id":"https:\/\/www.eldiario.net\/portal\/#organization"},"image":{"@id":"https:\/\/www.eldiario.net\/portal\/2026\/09\/01\/ministerio-de-defensa-atribuye-a-grupo-los-pulpos-por-matanza\/#primaryimage"},"thumbnailUrl":"https:\/\/www.eldiario.net\/portal\/wp-content\/uploads\/2026\/09\/PERU-Peru21.webp","articleSection":["Internacional"],"inLanguage":"es"},{"@type":"WebPage","@id":"https:\/\/www.eldiario.net\/portal\/2026\/09\/01\/ministerio-de-defensa-atribuye-a-grupo-los-pulpos-por-matanza\/","url":"https:\/\/www.eldiario.net\/portal\/2026\/09\/01\/ministerio-de-defensa-atribuye-a-grupo-los-pulpos-por-matanza\/","name":"Ministerio de Defensa atribuye a grupo Los Pulpos por matanza - El Diario - Bolivia","isPartOf":{"@id":"https:\/\/www.eldiario.net\/portal\/#website"},"primaryImageOfPage":{"@id":"https:\/\/www.eldiario.net\/portal\/2026\/09\/01\/ministerio-de-defensa-atribuye-a-grupo-los-pulpos-por-matanza\/#primaryimage"},"image":{"@id":"https:\/\/www.eldiario.net\/portal\/2026\/09\/01\/ministerio-de-defensa-atribuye-a-grupo-los-pulpos-por-matanza\/#primaryimage"},"thumbnailUrl":"https:\/\/www.eldiario.net\/portal\/wp-content\/uploads\/2026\/09\/PERU-Peru21.webp","datePublished":"2026-09-01T10:40:38+00:00","breadcrumb":{"@id":"https:\/\/www.eldiario.net\/portal\/2026\/09\/01\/ministerio-de-defensa-atribuye-a-grupo-los-pulpos-por-matanza\/#breadcrumb"},"inLanguage":"es","potentialAction":[{"@type":"ReadAction","target":["https:\/\/www.eldiario.net\/portal\/2026\/09\/01\/ministerio-de-defensa-atribuye-a-grupo-los-pulpos-por-matanza\/"]}]},{"@type":"ImageObject","inLanguage":"es","@id":"https:\/\/www.eldiario.net\/portal\/2026\/09\/01\/ministerio-de-defensa-atribuye-a-grupo-los-pulpos-por-matanza\/#primaryimage","url":"https:\/\/www.eldiario.net\/portal\/wp-content\/uploads\/2026\/09\/PERU-Peru21.webp","contentUrl":"https:\/\/www.eldiario.net\/portal\/wp-content\/uploads\/2026\/09\/PERU-Peru21.webp","width":1090,"height":781,"caption":"Belaunde sostiene que la masacre fue coordinada dentro de un penal. CREDITO: Per\u00fa21"},{"@type":"BreadcrumbList","@id":"https:\/\/www.eldiario.net\/portal\/2026\/09\/01\/ministerio-de-defensa-atribuye-a-grupo-los-pulpos-por-matanza\/#breadcrumb","itemListElement":[{"@type":"ListItem","position":1,"name":"Portada","item":"https:\/\/www.eldiario.net\/portal\/"},{"@type":"ListItem","position":2,"name":"Ministerio de Defensa atribuye a grupo Los Pulpos por matanza"}]},{"@type":"WebSite","@id":"https:\/\/www.eldiario.net\/portal\/#website","url":"https:\/\/www.eldiario.net\/portal\/","name":"El Diario - Decano de la prensa nacional","description":"El Diario - Decano de la prensa nacional","publisher":{"@id":"https:\/\/www.eldiario.net\/portal\/#organization"},"potentialAction":[{"@type":"SearchAction","target":{"@type":"EntryPoint","urlTemplate":"https:\/\/www.eldiario.net\/portal\/?s={search_term_string}"},"query-input":{"@type":"PropertyValueSpecification","valueRequired":true,"valueName":"search_term_string"}}],"inLanguage":"es"},{"@type":"Organization","@id":"https:\/\/www.eldiario.net\/portal\/#organization","name":"El Diario - Decano de la prensa nacional","url":"https:\/\/www.eldiario.net\/portal\/","logo":{"@type":"ImageObject","inLanguage":"es","@id":"https:\/\/www.eldiario.net\/portal\/#\/schema\/logo\/image\/","url":"https:\/\/www.eldiario.net\/portal\/wp-content\/uploads\/2023\/07\/logo_ED.jpg","contentUrl":"https:\/\/www.eldiario.net\/portal\/wp-content\/uploads\/2023\/07\/logo_ED.jpg","width":272,"height":52,"caption":"El Diario - Decano de la prensa nacional"},"image":{"@id":"https:\/\/www.eldiario.net\/portal\/#\/schema\/logo\/image\/"},"sameAs":["https:\/\/www.facebook.com\/eldiario.bolivia\/","https:\/\/x.com\/eldiario_net"]},{"@type":"Person","@id":"https:\/\/www.eldiario.net\/portal\/#\/schema\/person\/f46445640444750d7d753ccd04ae01b7","name":"Jeanette","image":{"@type":"ImageObject","inLanguage":"es","@id":"https:\/\/secure.gravatar.com\/avatar\/3ea2118a5f7dad2b7138b1187a6b7ee55f160b9968b66013c3a3ef39dd7e5798?s=96&d=mm&r=g","url":"https:\/\/secure.gravatar.com\/avatar\/3ea2118a5f7dad2b7138b1187a6b7ee55f160b9968b66013c3a3ef39dd7e5798?s=96&d=mm&r=g","contentUrl":"https:\/\/secure.gravatar.com\/avatar\/3ea2118a5f7dad2b7138b1187a6b7ee55f160b9968b66013c3a3ef39dd7e5798?s=96&d=mm&r=g","caption":"Jeanette"},"sameAs":["https:\/\/www.eldiario.net\/portal"],"url":"https:\/\/www.eldiario.net\/portal\/author\/jeanette\/"}]}},"_links":{"self":[{"href":"https:\/\/www.eldiario.net\/portal\/wp-json\/wp\/v2\/posts\/426653","targetHints":{"allow":["GET"]}}],"collection":[{"href":"https:\/\/www.eldiario.net\/portal\/wp-json\/wp\/v2\/posts"}],"about":[{"href":"https:\/\/www.eldiario.net\/portal\/wp-json\/wp\/v2\/types\/post"}],"author":[{"embeddable":true,"href":"https:\/\/www.eldiario.net\/portal\/wp-json\/wp\/v2\/users\/1"}],"replies":[{"embeddable":true,"href":"https:\/\/www.eldiario.net\/portal\/wp-json\/wp\/v2\/comments?post=426653"}],"version-history":[{"count":1,"href":"https:\/\/www.eldiario.net\/portal\/wp-json\/wp\/v2\/posts\/426653\/revisions"}],"predecessor-version":[{"id":426655,"href":"https:\/\/www.eldiario.net\/portal\/wp-json\/wp\/v2\/posts\/426653\/revisions\/426655"}],"wp:featuredmedia":[{"embeddable":true,"href":"https:\/\/www.eldiario.net\/portal\/wp-json\/wp\/v2\/media\/426654"}],"wp:attachment":[{"href":"https:\/\/www.eldiario.net\/portal\/wp-json\/wp\/v2\/media?parent=426653"}],"wp:term":[{"taxonomy":"category","embeddable":true,"href":"https:\/\/www.eldiario.net\/portal\/wp-json\/wp\/v2\/categories?post=426653"},{"taxonomy":"post_tag","embeddable":true,"href":"https:\/\/www.eldiario.net\/portal\/wp-json\/wp\/v2\/tags?post=426653"}],"curies":[{"name":"wp","href":"https:\/\/api.w.org\/{rel}","templated":true}]}}