{"id":426647,"date":"2026-09-01T06:38:23","date_gmt":"2026-09-01T10:38:23","guid":{"rendered":"https:\/\/www.eldiario.net\/portal\/?p=426647"},"modified":"2026-09-01T06:38:23","modified_gmt":"2026-09-01T10:38:23","slug":"umsa-tiene-primer-centro-de-diagnostico-automotor","status":"publish","type":"post","link":"https:\/\/www.eldiario.net\/portal\/2026\/09\/01\/umsa-tiene-primer-centro-de-diagnostico-automotor\/","title":{"rendered":"UMSA tiene primer centro  de diagn\u00f3stico automotor"},"content":{"rendered":"<p>Por primera vez, Bolivia cuenta con un centro de diagn\u00f3stico automotor certificado internacionalmente por la calidad de sus procesos. Funciona en el Campus de Cota Cota de la Universidad Mayor de San Andr\u00e9s (UMSA) y presta servicios de diagn\u00f3stico para veh\u00edculos livianos de combusti\u00f3n interna. El reconocimiento ISO 9001:2015 fue otorgado por el Instituto Boliviano de Normalizaci\u00f3n y Calidad (Ibnorca).<\/p>\n<p>Alcanzar este est\u00e1ndar demand\u00f3 m\u00e1s de un a\u00f1o y medio de trabajo en el Taller Automotriz del Instituto de Investigaciones Mec\u00e1nicas y Electromec\u00e1nicas (IIME). \u201cEs un logro que no lo tiene cualquiera. Tenemos el \u00fanico centro de diagn\u00f3stico automotor de Bolivia con esta certificaci\u00f3n internacional\u201d, resalt\u00f3 el director de la Carrera de Ingenier\u00eda Mec\u00e1nica y Electromec\u00e1nica de la UMSA, Jaime S\u00e1nchez.<\/p>\n<p>Agreg\u00f3 que este avance forma parte de una apuesta por desarrollar empresas universitarias autosostenibles capaces de poner el conocimiento, la infraestructura y la capacidad t\u00e9cnica de la universidad al servicio de la poblaci\u00f3n.<\/p>\n<p>La rectora de la casa de estudios superiores de La Paz, Mar\u00eda Eugenia Garc\u00eda, destac\u00f3 el trabajo del equipo que llev\u00f3 adelante el proceso y puso la mirada en el desaf\u00edo que comienza despu\u00e9s de obtener el reconocimiento. \u201cLa calidad no es una meta que se alcanza y se abandona, es un camino que se recorre d\u00eda a d\u00eda (\u2026) esta certificaci\u00f3n demuestra tambi\u00e9n que una universidad p\u00fablica puede desarrollar servicios bajo est\u00e1ndares internacionales\u201d.<\/p>\n<p>La certificaci\u00f3n implic\u00f3 que los procesos del centro fueran sometidos a una evaluaci\u00f3n externa e independiente. El director ejecutivo de Ibnorca, Jos\u00e9 Dur\u00e1n, destac\u00f3 que someterse voluntariamente a este proceso permite diferenciar un servicio por la forma en que organiza y gestiona su trabajo. \u201cImplementar y certificar es diferenciarse del mercado\u201d, afirm\u00f3.<\/p>\n","protected":false},"excerpt":{"rendered":"<p>Por primera vez, Bolivia cuenta con un centro de diagn\u00f3stico automotor certificado internacionalmente por la calidad de sus procesos. Funciona en el Campus de Cota Cota de la Universidad Mayor de San Andr\u00e9s (UMSA) y presta servicios de diagn\u00f3stico para veh\u00edculos livianos de combusti\u00f3n interna. El reconocimiento ISO 9001:2015 fue otorgado por el Instituto Boliviano [&hellip;]<\/p>\n","protected":false},"author":1,"featured_media":426648,"comment_status":"closed","ping_status":"open","sticky":false,"template":"","format":"standard","meta":{"_acf_changed":false,"footnotes":""},"categories":[12],"tags":[],"class_list":["post-426647","post","type-post","status-publish","format-standard","has-post-thumbnail","category-nacional"],"acf":{"antetitulo":"Cuenta con certificaci\u00f3n internacional"},"yoast_head":"<!-- This site is optimized with the Yoast SEO plugin v28.3 - https:\/\/yoast.com\/product\/yoast-seo-wordpress\/ -->\n<title>UMSA tiene primer centro de diagn\u00f3stico automotor - El Diario - Bolivia<\/title>\n<meta name=\"robots\" content=\"index, follow, max-snippet:-1, max-image-preview:large, max-video-preview:-1\" \/>\n<link rel=\"canonical\" href=\"https:\/\/www.eldiario.net\/portal\/2026\/09\/01\/umsa-tiene-primer-centro-de-diagnostico-automotor\/\" \/>\n<meta property=\"og:locale\" content=\"es_ES\" \/>\n<meta property=\"og:type\" content=\"article\" \/>\n<meta property=\"og:title\" content=\"UMSA tiene primer centro de diagn\u00f3stico automotor - El Diario - Bolivia\" \/>\n<meta property=\"og:description\" content=\"Por primera vez, Bolivia cuenta con un centro de diagn\u00f3stico automotor certificado internacionalmente por la calidad de sus procesos. Funciona en el Campus de Cota Cota de la Universidad Mayor de San Andr\u00e9s (UMSA) y presta servicios de diagn\u00f3stico para veh\u00edculos livianos de combusti\u00f3n interna. El reconocimiento ISO 9001:2015 fue otorgado por el Instituto Boliviano [&hellip;]\" \/>\n<meta property=\"og:url\" content=\"https:\/\/www.eldiario.net\/portal\/2026\/09\/01\/umsa-tiene-primer-centro-de-diagnostico-automotor\/\" \/>\n<meta property=\"og:site_name\" content=\"El Diario - Bolivia\" \/>\n<meta property=\"article:publisher\" content=\"https:\/\/www.facebook.com\/eldiario.bolivia\/\" \/>\n<meta property=\"article:published_time\" content=\"2026-09-01T10:38:23+00:00\" \/>\n<meta property=\"og:image\" content=\"https:\/\/www.eldiario.net\/portal\/wp-content\/uploads\/2026\/09\/CERTIFICACION-FOTO.webp\" \/>\n\t<meta property=\"og:image:width\" content=\"1600\" \/>\n\t<meta property=\"og:image:height\" content=\"900\" \/>\n\t<meta property=\"og:image:type\" content=\"image\/webp\" \/>\n<meta name=\"author\" content=\"Jeanette\" \/>\n<meta name=\"twitter:card\" content=\"summary_large_image\" \/>\n<meta name=\"twitter:creator\" content=\"@eldiario_net\" \/>\n<meta name=\"twitter:site\" content=\"@eldiario_net\" \/>\n<meta name=\"twitter:label1\" content=\"Escrito por\" \/>\n\t<meta name=\"twitter:data1\" content=\"Jeanette\" \/>\n\t<meta name=\"twitter:label2\" content=\"Tiempo de lectura\" \/>\n\t<meta name=\"twitter:data2\" content=\"2 minutos\" \/>\n<script type=\"application\/ld+json\" class=\"yoast-schema-graph\">{\"@context\":\"https:\\\/\\\/schema.org\",\"@graph\":[{\"@type\":\"Article\",\"@id\":\"https:\\\/\\\/www.eldiario.net\\\/portal\\\/2026\\\/09\\\/01\\\/umsa-tiene-primer-centro-de-diagnostico-automotor\\\/#article\",\"isPartOf\":{\"@id\":\"https:\\\/\\\/www.eldiario.net\\\/portal\\\/2026\\\/09\\\/01\\\/umsa-tiene-primer-centro-de-diagnostico-automotor\\\/\"},\"author\":{\"name\":\"Jeanette\",\"@id\":\"https:\\\/\\\/www.eldiario.net\\\/portal\\\/#\\\/schema\\\/person\\\/f46445640444750d7d753ccd04ae01b7\"},\"headline\":\"UMSA tiene primer centro de diagn\u00f3stico automotor\",\"datePublished\":\"2026-09-01T10:38:23+00:00\",\"mainEntityOfPage\":{\"@id\":\"https:\\\/\\\/www.eldiario.net\\\/portal\\\/2026\\\/09\\\/01\\\/umsa-tiene-primer-centro-de-diagnostico-automotor\\\/\"},\"wordCount\":318,\"publisher\":{\"@id\":\"https:\\\/\\\/www.eldiario.net\\\/portal\\\/#organization\"},\"image\":{\"@id\":\"https:\\\/\\\/www.eldiario.net\\\/portal\\\/2026\\\/09\\\/01\\\/umsa-tiene-primer-centro-de-diagnostico-automotor\\\/#primaryimage\"},\"thumbnailUrl\":\"https:\\\/\\\/www.eldiario.net\\\/portal\\\/wp-content\\\/uploads\\\/2026\\\/09\\\/CERTIFICACION-FOTO.webp\",\"articleSection\":[\"Nacional\"],\"inLanguage\":\"es\"},{\"@type\":\"WebPage\",\"@id\":\"https:\\\/\\\/www.eldiario.net\\\/portal\\\/2026\\\/09\\\/01\\\/umsa-tiene-primer-centro-de-diagnostico-automotor\\\/\",\"url\":\"https:\\\/\\\/www.eldiario.net\\\/portal\\\/2026\\\/09\\\/01\\\/umsa-tiene-primer-centro-de-diagnostico-automotor\\\/\",\"name\":\"UMSA tiene primer centro de diagn\u00f3stico automotor - El Diario - Bolivia\",\"isPartOf\":{\"@id\":\"https:\\\/\\\/www.eldiario.net\\\/portal\\\/#website\"},\"primaryImageOfPage\":{\"@id\":\"https:\\\/\\\/www.eldiario.net\\\/portal\\\/2026\\\/09\\\/01\\\/umsa-tiene-primer-centro-de-diagnostico-automotor\\\/#primaryimage\"},\"image\":{\"@id\":\"https:\\\/\\\/www.eldiario.net\\\/portal\\\/2026\\\/09\\\/01\\\/umsa-tiene-primer-centro-de-diagnostico-automotor\\\/#primaryimage\"},\"thumbnailUrl\":\"https:\\\/\\\/www.eldiario.net\\\/portal\\\/wp-content\\\/uploads\\\/2026\\\/09\\\/CERTIFICACION-FOTO.webp\",\"datePublished\":\"2026-09-01T10:38:23+00:00\",\"breadcrumb\":{\"@id\":\"https:\\\/\\\/www.eldiario.net\\\/portal\\\/2026\\\/09\\\/01\\\/umsa-tiene-primer-centro-de-diagnostico-automotor\\\/#breadcrumb\"},\"inLanguage\":\"es\",\"potentialAction\":[{\"@type\":\"ReadAction\",\"target\":[\"https:\\\/\\\/www.eldiario.net\\\/portal\\\/2026\\\/09\\\/01\\\/umsa-tiene-primer-centro-de-diagnostico-automotor\\\/\"]}]},{\"@type\":\"ImageObject\",\"inLanguage\":\"es\",\"@id\":\"https:\\\/\\\/www.eldiario.net\\\/portal\\\/2026\\\/09\\\/01\\\/umsa-tiene-primer-centro-de-diagnostico-automotor\\\/#primaryimage\",\"url\":\"https:\\\/\\\/www.eldiario.net\\\/portal\\\/wp-content\\\/uploads\\\/2026\\\/09\\\/CERTIFICACION-FOTO.webp\",\"contentUrl\":\"https:\\\/\\\/www.eldiario.net\\\/portal\\\/wp-content\\\/uploads\\\/2026\\\/09\\\/CERTIFICACION-FOTO.webp\",\"width\":1600,\"height\":900},{\"@type\":\"BreadcrumbList\",\"@id\":\"https:\\\/\\\/www.eldiario.net\\\/portal\\\/2026\\\/09\\\/01\\\/umsa-tiene-primer-centro-de-diagnostico-automotor\\\/#breadcrumb\",\"itemListElement\":[{\"@type\":\"ListItem\",\"position\":1,\"name\":\"Portada\",\"item\":\"https:\\\/\\\/www.eldiario.net\\\/portal\\\/\"},{\"@type\":\"ListItem\",\"position\":2,\"name\":\"UMSA tiene primer centro de diagn\u00f3stico automotor\"}]},{\"@type\":\"WebSite\",\"@id\":\"https:\\\/\\\/www.eldiario.net\\\/portal\\\/#website\",\"url\":\"https:\\\/\\\/www.eldiario.net\\\/portal\\\/\",\"name\":\"El Diario - Decano de la prensa nacional\",\"description\":\"El Diario - Decano de la prensa nacional\",\"publisher\":{\"@id\":\"https:\\\/\\\/www.eldiario.net\\\/portal\\\/#organization\"},\"potentialAction\":[{\"@type\":\"SearchAction\",\"target\":{\"@type\":\"EntryPoint\",\"urlTemplate\":\"https:\\\/\\\/www.eldiario.net\\\/portal\\\/?s={search_term_string}\"},\"query-input\":{\"@type\":\"PropertyValueSpecification\",\"valueRequired\":true,\"valueName\":\"search_term_string\"}}],\"inLanguage\":\"es\"},{\"@type\":\"Organization\",\"@id\":\"https:\\\/\\\/www.eldiario.net\\\/portal\\\/#organization\",\"name\":\"El Diario - Decano de la prensa nacional\",\"url\":\"https:\\\/\\\/www.eldiario.net\\\/portal\\\/\",\"logo\":{\"@type\":\"ImageObject\",\"inLanguage\":\"es\",\"@id\":\"https:\\\/\\\/www.eldiario.net\\\/portal\\\/#\\\/schema\\\/logo\\\/image\\\/\",\"url\":\"https:\\\/\\\/www.eldiario.net\\\/portal\\\/wp-content\\\/uploads\\\/2023\\\/07\\\/logo_ED.jpg\",\"contentUrl\":\"https:\\\/\\\/www.eldiario.net\\\/portal\\\/wp-content\\\/uploads\\\/2023\\\/07\\\/logo_ED.jpg\",\"width\":272,\"height\":52,\"caption\":\"El Diario - Decano de la prensa nacional\"},\"image\":{\"@id\":\"https:\\\/\\\/www.eldiario.net\\\/portal\\\/#\\\/schema\\\/logo\\\/image\\\/\"},\"sameAs\":[\"https:\\\/\\\/www.facebook.com\\\/eldiario.bolivia\\\/\",\"https:\\\/\\\/x.com\\\/eldiario_net\"]},{\"@type\":\"Person\",\"@id\":\"https:\\\/\\\/www.eldiario.net\\\/portal\\\/#\\\/schema\\\/person\\\/f46445640444750d7d753ccd04ae01b7\",\"name\":\"Jeanette\",\"image\":{\"@type\":\"ImageObject\",\"inLanguage\":\"es\",\"@id\":\"https:\\\/\\\/secure.gravatar.com\\\/avatar\\\/3ea2118a5f7dad2b7138b1187a6b7ee55f160b9968b66013c3a3ef39dd7e5798?s=96&d=mm&r=g\",\"url\":\"https:\\\/\\\/secure.gravatar.com\\\/avatar\\\/3ea2118a5f7dad2b7138b1187a6b7ee55f160b9968b66013c3a3ef39dd7e5798?s=96&d=mm&r=g\",\"contentUrl\":\"https:\\\/\\\/secure.gravatar.com\\\/avatar\\\/3ea2118a5f7dad2b7138b1187a6b7ee55f160b9968b66013c3a3ef39dd7e5798?s=96&d=mm&r=g\",\"caption\":\"Jeanette\"},\"sameAs\":[\"https:\\\/\\\/www.eldiario.net\\\/portal\"],\"url\":\"https:\\\/\\\/www.eldiario.net\\\/portal\\\/author\\\/jeanette\\\/\"}]}<\/script>\n<!-- \/ Yoast SEO plugin. -->","yoast_head_json":{"title":"UMSA tiene primer centro de diagn\u00f3stico automotor - El Diario - Bolivia","robots":{"index":"index","follow":"follow","max-snippet":"max-snippet:-1","max-image-preview":"max-image-preview:large","max-video-preview":"max-video-preview:-1"},"canonical":"https:\/\/www.eldiario.net\/portal\/2026\/09\/01\/umsa-tiene-primer-centro-de-diagnostico-automotor\/","og_locale":"es_ES","og_type":"article","og_title":"UMSA tiene primer centro de diagn\u00f3stico automotor - El Diario - Bolivia","og_description":"Por primera vez, Bolivia cuenta con un centro de diagn\u00f3stico automotor certificado internacionalmente por la calidad de sus procesos. Funciona en el Campus de Cota Cota de la Universidad Mayor de San Andr\u00e9s (UMSA) y presta servicios de diagn\u00f3stico para veh\u00edculos livianos de combusti\u00f3n interna. El reconocimiento ISO 9001:2015 fue otorgado por el Instituto Boliviano [&hellip;]","og_url":"https:\/\/www.eldiario.net\/portal\/2026\/09\/01\/umsa-tiene-primer-centro-de-diagnostico-automotor\/","og_site_name":"El Diario - Bolivia","article_publisher":"https:\/\/www.facebook.com\/eldiario.bolivia\/","article_published_time":"2026-09-01T10:38:23+00:00","og_image":[{"width":1600,"height":900,"url":"https:\/\/www.eldiario.net\/portal\/wp-content\/uploads\/2026\/09\/CERTIFICACION-FOTO.webp","type":"image\/webp"}],"author":"Jeanette","twitter_card":"summary_large_image","twitter_creator":"@eldiario_net","twitter_site":"@eldiario_net","twitter_misc":{"Escrito por":"Jeanette","Tiempo de lectura":"2 minutos"},"schema":{"@context":"https:\/\/schema.org","@graph":[{"@type":"Article","@id":"https:\/\/www.eldiario.net\/portal\/2026\/09\/01\/umsa-tiene-primer-centro-de-diagnostico-automotor\/#article","isPartOf":{"@id":"https:\/\/www.eldiario.net\/portal\/2026\/09\/01\/umsa-tiene-primer-centro-de-diagnostico-automotor\/"},"author":{"name":"Jeanette","@id":"https:\/\/www.eldiario.net\/portal\/#\/schema\/person\/f46445640444750d7d753ccd04ae01b7"},"headline":"UMSA tiene primer centro de diagn\u00f3stico automotor","datePublished":"2026-09-01T10:38:23+00:00","mainEntityOfPage":{"@id":"https:\/\/www.eldiario.net\/portal\/2026\/09\/01\/umsa-tiene-primer-centro-de-diagnostico-automotor\/"},"wordCount":318,"publisher":{"@id":"https:\/\/www.eldiario.net\/portal\/#organization"},"image":{"@id":"https:\/\/www.eldiario.net\/portal\/2026\/09\/01\/umsa-tiene-primer-centro-de-diagnostico-automotor\/#primaryimage"},"thumbnailUrl":"https:\/\/www.eldiario.net\/portal\/wp-content\/uploads\/2026\/09\/CERTIFICACION-FOTO.webp","articleSection":["Nacional"],"inLanguage":"es"},{"@type":"WebPage","@id":"https:\/\/www.eldiario.net\/portal\/2026\/09\/01\/umsa-tiene-primer-centro-de-diagnostico-automotor\/","url":"https:\/\/www.eldiario.net\/portal\/2026\/09\/01\/umsa-tiene-primer-centro-de-diagnostico-automotor\/","name":"UMSA tiene primer centro de diagn\u00f3stico automotor - El Diario - Bolivia","isPartOf":{"@id":"https:\/\/www.eldiario.net\/portal\/#website"},"primaryImageOfPage":{"@id":"https:\/\/www.eldiario.net\/portal\/2026\/09\/01\/umsa-tiene-primer-centro-de-diagnostico-automotor\/#primaryimage"},"image":{"@id":"https:\/\/www.eldiario.net\/portal\/2026\/09\/01\/umsa-tiene-primer-centro-de-diagnostico-automotor\/#primaryimage"},"thumbnailUrl":"https:\/\/www.eldiario.net\/portal\/wp-content\/uploads\/2026\/09\/CERTIFICACION-FOTO.webp","datePublished":"2026-09-01T10:38:23+00:00","breadcrumb":{"@id":"https:\/\/www.eldiario.net\/portal\/2026\/09\/01\/umsa-tiene-primer-centro-de-diagnostico-automotor\/#breadcrumb"},"inLanguage":"es","potentialAction":[{"@type":"ReadAction","target":["https:\/\/www.eldiario.net\/portal\/2026\/09\/01\/umsa-tiene-primer-centro-de-diagnostico-automotor\/"]}]},{"@type":"ImageObject","inLanguage":"es","@id":"https:\/\/www.eldiario.net\/portal\/2026\/09\/01\/umsa-tiene-primer-centro-de-diagnostico-automotor\/#primaryimage","url":"https:\/\/www.eldiario.net\/portal\/wp-content\/uploads\/2026\/09\/CERTIFICACION-FOTO.webp","contentUrl":"https:\/\/www.eldiario.net\/portal\/wp-content\/uploads\/2026\/09\/CERTIFICACION-FOTO.webp","width":1600,"height":900},{"@type":"BreadcrumbList","@id":"https:\/\/www.eldiario.net\/portal\/2026\/09\/01\/umsa-tiene-primer-centro-de-diagnostico-automotor\/#breadcrumb","itemListElement":[{"@type":"ListItem","position":1,"name":"Portada","item":"https:\/\/www.eldiario.net\/portal\/"},{"@type":"ListItem","position":2,"name":"UMSA tiene primer centro de diagn\u00f3stico automotor"}]},{"@type":"WebSite","@id":"https:\/\/www.eldiario.net\/portal\/#website","url":"https:\/\/www.eldiario.net\/portal\/","name":"El Diario - Decano de la prensa nacional","description":"El Diario - Decano de la prensa nacional","publisher":{"@id":"https:\/\/www.eldiario.net\/portal\/#organization"},"potentialAction":[{"@type":"SearchAction","target":{"@type":"EntryPoint","urlTemplate":"https:\/\/www.eldiario.net\/portal\/?s={search_term_string}"},"query-input":{"@type":"PropertyValueSpecification","valueRequired":true,"valueName":"search_term_string"}}],"inLanguage":"es"},{"@type":"Organization","@id":"https:\/\/www.eldiario.net\/portal\/#organization","name":"El Diario - Decano de la prensa nacional","url":"https:\/\/www.eldiario.net\/portal\/","logo":{"@type":"ImageObject","inLanguage":"es","@id":"https:\/\/www.eldiario.net\/portal\/#\/schema\/logo\/image\/","url":"https:\/\/www.eldiario.net\/portal\/wp-content\/uploads\/2023\/07\/logo_ED.jpg","contentUrl":"https:\/\/www.eldiario.net\/portal\/wp-content\/uploads\/2023\/07\/logo_ED.jpg","width":272,"height":52,"caption":"El Diario - Decano de la prensa nacional"},"image":{"@id":"https:\/\/www.eldiario.net\/portal\/#\/schema\/logo\/image\/"},"sameAs":["https:\/\/www.facebook.com\/eldiario.bolivia\/","https:\/\/x.com\/eldiario_net"]},{"@type":"Person","@id":"https:\/\/www.eldiario.net\/portal\/#\/schema\/person\/f46445640444750d7d753ccd04ae01b7","name":"Jeanette","image":{"@type":"ImageObject","inLanguage":"es","@id":"https:\/\/secure.gravatar.com\/avatar\/3ea2118a5f7dad2b7138b1187a6b7ee55f160b9968b66013c3a3ef39dd7e5798?s=96&d=mm&r=g","url":"https:\/\/secure.gravatar.com\/avatar\/3ea2118a5f7dad2b7138b1187a6b7ee55f160b9968b66013c3a3ef39dd7e5798?s=96&d=mm&r=g","contentUrl":"https:\/\/secure.gravatar.com\/avatar\/3ea2118a5f7dad2b7138b1187a6b7ee55f160b9968b66013c3a3ef39dd7e5798?s=96&d=mm&r=g","caption":"Jeanette"},"sameAs":["https:\/\/www.eldiario.net\/portal"],"url":"https:\/\/www.eldiario.net\/portal\/author\/jeanette\/"}]}},"_links":{"self":[{"href":"https:\/\/www.eldiario.net\/portal\/wp-json\/wp\/v2\/posts\/426647","targetHints":{"allow":["GET"]}}],"collection":[{"href":"https:\/\/www.eldiario.net\/portal\/wp-json\/wp\/v2\/posts"}],"about":[{"href":"https:\/\/www.eldiario.net\/portal\/wp-json\/wp\/v2\/types\/post"}],"author":[{"embeddable":true,"href":"https:\/\/www.eldiario.net\/portal\/wp-json\/wp\/v2\/users\/1"}],"replies":[{"embeddable":true,"href":"https:\/\/www.eldiario.net\/portal\/wp-json\/wp\/v2\/comments?post=426647"}],"version-history":[{"count":1,"href":"https:\/\/www.eldiario.net\/portal\/wp-json\/wp\/v2\/posts\/426647\/revisions"}],"predecessor-version":[{"id":426649,"href":"https:\/\/www.eldiario.net\/portal\/wp-json\/wp\/v2\/posts\/426647\/revisions\/426649"}],"wp:featuredmedia":[{"embeddable":true,"href":"https:\/\/www.eldiario.net\/portal\/wp-json\/wp\/v2\/media\/426648"}],"wp:attachment":[{"href":"https:\/\/www.eldiario.net\/portal\/wp-json\/wp\/v2\/media?parent=426647"}],"wp:term":[{"taxonomy":"category","embeddable":true,"href":"https:\/\/www.eldiario.net\/portal\/wp-json\/wp\/v2\/categories?post=426647"},{"taxonomy":"post_tag","embeddable":true,"href":"https:\/\/www.eldiario.net\/portal\/wp-json\/wp\/v2\/tags?post=426647"}],"curies":[{"name":"wp","href":"https:\/\/api.w.org\/{rel}","templated":true}]}}