{"id":426638,"date":"2026-09-01T06:36:27","date_gmt":"2026-09-01T10:36:27","guid":{"rendered":"https:\/\/www.eldiario.net\/portal\/?p=426638"},"modified":"2026-09-01T06:36:27","modified_gmt":"2026-09-01T10:36:27","slug":"obras-beneficiaran-a-51-unidades-educativas-crucenas-2","status":"publish","type":"post","link":"https:\/\/www.eldiario.net\/portal\/2026\/09\/01\/obras-beneficiaran-a-51-unidades-educativas-crucenas-2\/","title":{"rendered":"Obras beneficiar\u00e1n a 51  unidades educativas cruce\u00f1as"},"content":{"rendered":"<p>La ejecuci\u00f3n de nuevos proyectos de infraestructura permitir\u00e1 mejorar las condiciones de 51 unidades educativas de 19 municipios de Santa Cruz y generar m\u00e1s de 1.000 empleos directos durante el desarrollo de las obras.<\/p>\n<p>El presidente del Estado, Rodrigo Paz Pereira, suscribi\u00f3 convenios con la Asociaci\u00f3n de Municipios de Santa Cruz (Amdecruz) para viabilizar recursos de Fonplata destinados a financiar las intervenciones previstas en los establecimientos educativos beneficiados.<\/p>\n<p>Los acuerdos forman parte del Programa Nacional de Infraestructuras Complementarias para Espacios Deportivos en Unidades Educativas de Bolivia, orientado a fortalecer las condiciones f\u00edsicas de los centros de formaci\u00f3n.<\/p>\n<p>Durante el acto participaron los alcaldes de los municipios incluidos en el programa, el gobernador de Santa Cruz, Juan Pablo Velasco, adem\u00e1s de autoridades nacionales y departamentales.<\/p>\n<p>El alcalde de Porongo y presidente de Amdecruz, Neptaly Mendoza, destac\u00f3 que la participaci\u00f3n de los 19 gobiernos municipales permitir\u00e1 avanzar en proyectos que tendr\u00e1n un impacto directo en las comunidades educativas.<\/p>\n<p>Adem\u00e1s de ampliar y mejorar la infraestructura destinada a estudiantes, las obras tendr\u00e1n un efecto econ\u00f3mico mediante la creaci\u00f3n de m\u00e1s de 1.000 fuentes laborales directas durante su etapa de ejecuci\u00f3n.<\/p>\n<p>El financiamiento ser\u00e1 gestionado con recursos provenientes de Fonplata, de acuerdo con los mecanismos establecidos en los convenios firmados entre el Gobierno y los municipios beneficiarios. (Santa Cruz, agencias)<\/p>\n","protected":false},"excerpt":{"rendered":"<p>La ejecuci\u00f3n de nuevos proyectos de infraestructura permitir\u00e1 mejorar las condiciones de 51 unidades educativas de 19 municipios de Santa Cruz y generar m\u00e1s de 1.000 empleos directos durante el desarrollo de las obras. El presidente del Estado, Rodrigo Paz Pereira, suscribi\u00f3 convenios con la Asociaci\u00f3n de Municipios de Santa Cruz (Amdecruz) para viabilizar recursos [&hellip;]<\/p>\n","protected":false},"author":1,"featured_media":426639,"comment_status":"closed","ping_status":"open","sticky":false,"template":"","format":"standard","meta":{"_acf_changed":false,"footnotes":""},"categories":[12],"tags":[],"class_list":["post-426638","post","type-post","status-publish","format-standard","has-post-thumbnail","category-nacional"],"acf":{"antetitulo":""},"yoast_head":"<!-- This site is optimized with the Yoast SEO plugin v28.3 - https:\/\/yoast.com\/product\/yoast-seo-wordpress\/ -->\n<title>Obras beneficiar\u00e1n a 51 unidades educativas cruce\u00f1as - El Diario - Bolivia<\/title>\n<meta name=\"robots\" content=\"index, follow, max-snippet:-1, max-image-preview:large, max-video-preview:-1\" \/>\n<link rel=\"canonical\" href=\"https:\/\/www.eldiario.net\/portal\/2026\/09\/01\/obras-beneficiaran-a-51-unidades-educativas-crucenas-2\/\" \/>\n<meta property=\"og:locale\" content=\"es_ES\" \/>\n<meta property=\"og:type\" content=\"article\" \/>\n<meta property=\"og:title\" content=\"Obras beneficiar\u00e1n a 51 unidades educativas cruce\u00f1as - El Diario - Bolivia\" \/>\n<meta property=\"og:description\" content=\"La ejecuci\u00f3n de nuevos proyectos de infraestructura permitir\u00e1 mejorar las condiciones de 51 unidades educativas de 19 municipios de Santa Cruz y generar m\u00e1s de 1.000 empleos directos durante el desarrollo de las obras. El presidente del Estado, Rodrigo Paz Pereira, suscribi\u00f3 convenios con la Asociaci\u00f3n de Municipios de Santa Cruz (Amdecruz) para viabilizar recursos [&hellip;]\" \/>\n<meta property=\"og:url\" content=\"https:\/\/www.eldiario.net\/portal\/2026\/09\/01\/obras-beneficiaran-a-51-unidades-educativas-crucenas-2\/\" \/>\n<meta property=\"og:site_name\" content=\"El Diario - Bolivia\" \/>\n<meta property=\"article:publisher\" content=\"https:\/\/www.facebook.com\/eldiario.bolivia\/\" \/>\n<meta property=\"article:published_time\" content=\"2026-09-01T10:36:27+00:00\" \/>\n<meta property=\"og:image\" content=\"https:\/\/www.eldiario.net\/portal\/wp-content\/uploads\/2026\/09\/ACUERDO-FOTO.webp\" \/>\n\t<meta property=\"og:image:width\" content=\"800\" \/>\n\t<meta property=\"og:image:height\" content=\"450\" \/>\n\t<meta property=\"og:image:type\" content=\"image\/webp\" \/>\n<meta name=\"author\" content=\"Jeanette\" \/>\n<meta name=\"twitter:card\" content=\"summary_large_image\" \/>\n<meta name=\"twitter:creator\" content=\"@eldiario_net\" \/>\n<meta name=\"twitter:site\" content=\"@eldiario_net\" \/>\n<meta name=\"twitter:label1\" content=\"Escrito por\" \/>\n\t<meta name=\"twitter:data1\" content=\"Jeanette\" \/>\n\t<meta name=\"twitter:label2\" content=\"Tiempo de lectura\" \/>\n\t<meta name=\"twitter:data2\" content=\"2 minutos\" \/>\n<script type=\"application\/ld+json\" class=\"yoast-schema-graph\">{\"@context\":\"https:\\\/\\\/schema.org\",\"@graph\":[{\"@type\":\"Article\",\"@id\":\"https:\\\/\\\/www.eldiario.net\\\/portal\\\/2026\\\/09\\\/01\\\/obras-beneficiaran-a-51-unidades-educativas-crucenas-2\\\/#article\",\"isPartOf\":{\"@id\":\"https:\\\/\\\/www.eldiario.net\\\/portal\\\/2026\\\/09\\\/01\\\/obras-beneficiaran-a-51-unidades-educativas-crucenas-2\\\/\"},\"author\":{\"name\":\"Jeanette\",\"@id\":\"https:\\\/\\\/www.eldiario.net\\\/portal\\\/#\\\/schema\\\/person\\\/f46445640444750d7d753ccd04ae01b7\"},\"headline\":\"Obras beneficiar\u00e1n a 51 unidades educativas cruce\u00f1as\",\"datePublished\":\"2026-09-01T10:36:27+00:00\",\"mainEntityOfPage\":{\"@id\":\"https:\\\/\\\/www.eldiario.net\\\/portal\\\/2026\\\/09\\\/01\\\/obras-beneficiaran-a-51-unidades-educativas-crucenas-2\\\/\"},\"wordCount\":233,\"publisher\":{\"@id\":\"https:\\\/\\\/www.eldiario.net\\\/portal\\\/#organization\"},\"image\":{\"@id\":\"https:\\\/\\\/www.eldiario.net\\\/portal\\\/2026\\\/09\\\/01\\\/obras-beneficiaran-a-51-unidades-educativas-crucenas-2\\\/#primaryimage\"},\"thumbnailUrl\":\"https:\\\/\\\/www.eldiario.net\\\/portal\\\/wp-content\\\/uploads\\\/2026\\\/09\\\/ACUERDO-FOTO.webp\",\"articleSection\":[\"Nacional\"],\"inLanguage\":\"es\"},{\"@type\":\"WebPage\",\"@id\":\"https:\\\/\\\/www.eldiario.net\\\/portal\\\/2026\\\/09\\\/01\\\/obras-beneficiaran-a-51-unidades-educativas-crucenas-2\\\/\",\"url\":\"https:\\\/\\\/www.eldiario.net\\\/portal\\\/2026\\\/09\\\/01\\\/obras-beneficiaran-a-51-unidades-educativas-crucenas-2\\\/\",\"name\":\"Obras beneficiar\u00e1n a 51 unidades educativas cruce\u00f1as - El Diario - Bolivia\",\"isPartOf\":{\"@id\":\"https:\\\/\\\/www.eldiario.net\\\/portal\\\/#website\"},\"primaryImageOfPage\":{\"@id\":\"https:\\\/\\\/www.eldiario.net\\\/portal\\\/2026\\\/09\\\/01\\\/obras-beneficiaran-a-51-unidades-educativas-crucenas-2\\\/#primaryimage\"},\"image\":{\"@id\":\"https:\\\/\\\/www.eldiario.net\\\/portal\\\/2026\\\/09\\\/01\\\/obras-beneficiaran-a-51-unidades-educativas-crucenas-2\\\/#primaryimage\"},\"thumbnailUrl\":\"https:\\\/\\\/www.eldiario.net\\\/portal\\\/wp-content\\\/uploads\\\/2026\\\/09\\\/ACUERDO-FOTO.webp\",\"datePublished\":\"2026-09-01T10:36:27+00:00\",\"breadcrumb\":{\"@id\":\"https:\\\/\\\/www.eldiario.net\\\/portal\\\/2026\\\/09\\\/01\\\/obras-beneficiaran-a-51-unidades-educativas-crucenas-2\\\/#breadcrumb\"},\"inLanguage\":\"es\",\"potentialAction\":[{\"@type\":\"ReadAction\",\"target\":[\"https:\\\/\\\/www.eldiario.net\\\/portal\\\/2026\\\/09\\\/01\\\/obras-beneficiaran-a-51-unidades-educativas-crucenas-2\\\/\"]}]},{\"@type\":\"ImageObject\",\"inLanguage\":\"es\",\"@id\":\"https:\\\/\\\/www.eldiario.net\\\/portal\\\/2026\\\/09\\\/01\\\/obras-beneficiaran-a-51-unidades-educativas-crucenas-2\\\/#primaryimage\",\"url\":\"https:\\\/\\\/www.eldiario.net\\\/portal\\\/wp-content\\\/uploads\\\/2026\\\/09\\\/ACUERDO-FOTO.webp\",\"contentUrl\":\"https:\\\/\\\/www.eldiario.net\\\/portal\\\/wp-content\\\/uploads\\\/2026\\\/09\\\/ACUERDO-FOTO.webp\",\"width\":800,\"height\":450,\"caption\":\"El primer Mandatario, Rodrigo Paz Pereira, el gobernador de Santa Cruz, Juan Pablo Velasco y el titular de Amdecruz, Neptaly Mendoza. Foto: RRSS\"},{\"@type\":\"BreadcrumbList\",\"@id\":\"https:\\\/\\\/www.eldiario.net\\\/portal\\\/2026\\\/09\\\/01\\\/obras-beneficiaran-a-51-unidades-educativas-crucenas-2\\\/#breadcrumb\",\"itemListElement\":[{\"@type\":\"ListItem\",\"position\":1,\"name\":\"Portada\",\"item\":\"https:\\\/\\\/www.eldiario.net\\\/portal\\\/\"},{\"@type\":\"ListItem\",\"position\":2,\"name\":\"Obras beneficiar\u00e1n a 51 unidades educativas cruce\u00f1as\"}]},{\"@type\":\"WebSite\",\"@id\":\"https:\\\/\\\/www.eldiario.net\\\/portal\\\/#website\",\"url\":\"https:\\\/\\\/www.eldiario.net\\\/portal\\\/\",\"name\":\"El Diario - Decano de la prensa nacional\",\"description\":\"El Diario - Decano de la prensa nacional\",\"publisher\":{\"@id\":\"https:\\\/\\\/www.eldiario.net\\\/portal\\\/#organization\"},\"potentialAction\":[{\"@type\":\"SearchAction\",\"target\":{\"@type\":\"EntryPoint\",\"urlTemplate\":\"https:\\\/\\\/www.eldiario.net\\\/portal\\\/?s={search_term_string}\"},\"query-input\":{\"@type\":\"PropertyValueSpecification\",\"valueRequired\":true,\"valueName\":\"search_term_string\"}}],\"inLanguage\":\"es\"},{\"@type\":\"Organization\",\"@id\":\"https:\\\/\\\/www.eldiario.net\\\/portal\\\/#organization\",\"name\":\"El Diario - Decano de la prensa nacional\",\"url\":\"https:\\\/\\\/www.eldiario.net\\\/portal\\\/\",\"logo\":{\"@type\":\"ImageObject\",\"inLanguage\":\"es\",\"@id\":\"https:\\\/\\\/www.eldiario.net\\\/portal\\\/#\\\/schema\\\/logo\\\/image\\\/\",\"url\":\"https:\\\/\\\/www.eldiario.net\\\/portal\\\/wp-content\\\/uploads\\\/2023\\\/07\\\/logo_ED.jpg\",\"contentUrl\":\"https:\\\/\\\/www.eldiario.net\\\/portal\\\/wp-content\\\/uploads\\\/2023\\\/07\\\/logo_ED.jpg\",\"width\":272,\"height\":52,\"caption\":\"El Diario - Decano de la prensa nacional\"},\"image\":{\"@id\":\"https:\\\/\\\/www.eldiario.net\\\/portal\\\/#\\\/schema\\\/logo\\\/image\\\/\"},\"sameAs\":[\"https:\\\/\\\/www.facebook.com\\\/eldiario.bolivia\\\/\",\"https:\\\/\\\/x.com\\\/eldiario_net\"]},{\"@type\":\"Person\",\"@id\":\"https:\\\/\\\/www.eldiario.net\\\/portal\\\/#\\\/schema\\\/person\\\/f46445640444750d7d753ccd04ae01b7\",\"name\":\"Jeanette\",\"image\":{\"@type\":\"ImageObject\",\"inLanguage\":\"es\",\"@id\":\"https:\\\/\\\/secure.gravatar.com\\\/avatar\\\/3ea2118a5f7dad2b7138b1187a6b7ee55f160b9968b66013c3a3ef39dd7e5798?s=96&d=mm&r=g\",\"url\":\"https:\\\/\\\/secure.gravatar.com\\\/avatar\\\/3ea2118a5f7dad2b7138b1187a6b7ee55f160b9968b66013c3a3ef39dd7e5798?s=96&d=mm&r=g\",\"contentUrl\":\"https:\\\/\\\/secure.gravatar.com\\\/avatar\\\/3ea2118a5f7dad2b7138b1187a6b7ee55f160b9968b66013c3a3ef39dd7e5798?s=96&d=mm&r=g\",\"caption\":\"Jeanette\"},\"sameAs\":[\"https:\\\/\\\/www.eldiario.net\\\/portal\"],\"url\":\"https:\\\/\\\/www.eldiario.net\\\/portal\\\/author\\\/jeanette\\\/\"}]}<\/script>\n<!-- \/ Yoast SEO plugin. -->","yoast_head_json":{"title":"Obras beneficiar\u00e1n a 51 unidades educativas cruce\u00f1as - El Diario - Bolivia","robots":{"index":"index","follow":"follow","max-snippet":"max-snippet:-1","max-image-preview":"max-image-preview:large","max-video-preview":"max-video-preview:-1"},"canonical":"https:\/\/www.eldiario.net\/portal\/2026\/09\/01\/obras-beneficiaran-a-51-unidades-educativas-crucenas-2\/","og_locale":"es_ES","og_type":"article","og_title":"Obras beneficiar\u00e1n a 51 unidades educativas cruce\u00f1as - El Diario - Bolivia","og_description":"La ejecuci\u00f3n de nuevos proyectos de infraestructura permitir\u00e1 mejorar las condiciones de 51 unidades educativas de 19 municipios de Santa Cruz y generar m\u00e1s de 1.000 empleos directos durante el desarrollo de las obras. El presidente del Estado, Rodrigo Paz Pereira, suscribi\u00f3 convenios con la Asociaci\u00f3n de Municipios de Santa Cruz (Amdecruz) para viabilizar recursos [&hellip;]","og_url":"https:\/\/www.eldiario.net\/portal\/2026\/09\/01\/obras-beneficiaran-a-51-unidades-educativas-crucenas-2\/","og_site_name":"El Diario - Bolivia","article_publisher":"https:\/\/www.facebook.com\/eldiario.bolivia\/","article_published_time":"2026-09-01T10:36:27+00:00","og_image":[{"width":800,"height":450,"url":"https:\/\/www.eldiario.net\/portal\/wp-content\/uploads\/2026\/09\/ACUERDO-FOTO.webp","type":"image\/webp"}],"author":"Jeanette","twitter_card":"summary_large_image","twitter_creator":"@eldiario_net","twitter_site":"@eldiario_net","twitter_misc":{"Escrito por":"Jeanette","Tiempo de lectura":"2 minutos"},"schema":{"@context":"https:\/\/schema.org","@graph":[{"@type":"Article","@id":"https:\/\/www.eldiario.net\/portal\/2026\/09\/01\/obras-beneficiaran-a-51-unidades-educativas-crucenas-2\/#article","isPartOf":{"@id":"https:\/\/www.eldiario.net\/portal\/2026\/09\/01\/obras-beneficiaran-a-51-unidades-educativas-crucenas-2\/"},"author":{"name":"Jeanette","@id":"https:\/\/www.eldiario.net\/portal\/#\/schema\/person\/f46445640444750d7d753ccd04ae01b7"},"headline":"Obras beneficiar\u00e1n a 51 unidades educativas cruce\u00f1as","datePublished":"2026-09-01T10:36:27+00:00","mainEntityOfPage":{"@id":"https:\/\/www.eldiario.net\/portal\/2026\/09\/01\/obras-beneficiaran-a-51-unidades-educativas-crucenas-2\/"},"wordCount":233,"publisher":{"@id":"https:\/\/www.eldiario.net\/portal\/#organization"},"image":{"@id":"https:\/\/www.eldiario.net\/portal\/2026\/09\/01\/obras-beneficiaran-a-51-unidades-educativas-crucenas-2\/#primaryimage"},"thumbnailUrl":"https:\/\/www.eldiario.net\/portal\/wp-content\/uploads\/2026\/09\/ACUERDO-FOTO.webp","articleSection":["Nacional"],"inLanguage":"es"},{"@type":"WebPage","@id":"https:\/\/www.eldiario.net\/portal\/2026\/09\/01\/obras-beneficiaran-a-51-unidades-educativas-crucenas-2\/","url":"https:\/\/www.eldiario.net\/portal\/2026\/09\/01\/obras-beneficiaran-a-51-unidades-educativas-crucenas-2\/","name":"Obras beneficiar\u00e1n a 51 unidades educativas cruce\u00f1as - El Diario - Bolivia","isPartOf":{"@id":"https:\/\/www.eldiario.net\/portal\/#website"},"primaryImageOfPage":{"@id":"https:\/\/www.eldiario.net\/portal\/2026\/09\/01\/obras-beneficiaran-a-51-unidades-educativas-crucenas-2\/#primaryimage"},"image":{"@id":"https:\/\/www.eldiario.net\/portal\/2026\/09\/01\/obras-beneficiaran-a-51-unidades-educativas-crucenas-2\/#primaryimage"},"thumbnailUrl":"https:\/\/www.eldiario.net\/portal\/wp-content\/uploads\/2026\/09\/ACUERDO-FOTO.webp","datePublished":"2026-09-01T10:36:27+00:00","breadcrumb":{"@id":"https:\/\/www.eldiario.net\/portal\/2026\/09\/01\/obras-beneficiaran-a-51-unidades-educativas-crucenas-2\/#breadcrumb"},"inLanguage":"es","potentialAction":[{"@type":"ReadAction","target":["https:\/\/www.eldiario.net\/portal\/2026\/09\/01\/obras-beneficiaran-a-51-unidades-educativas-crucenas-2\/"]}]},{"@type":"ImageObject","inLanguage":"es","@id":"https:\/\/www.eldiario.net\/portal\/2026\/09\/01\/obras-beneficiaran-a-51-unidades-educativas-crucenas-2\/#primaryimage","url":"https:\/\/www.eldiario.net\/portal\/wp-content\/uploads\/2026\/09\/ACUERDO-FOTO.webp","contentUrl":"https:\/\/www.eldiario.net\/portal\/wp-content\/uploads\/2026\/09\/ACUERDO-FOTO.webp","width":800,"height":450,"caption":"El primer Mandatario, Rodrigo Paz Pereira, el gobernador de Santa Cruz, Juan Pablo Velasco y el titular de Amdecruz, Neptaly Mendoza. Foto: RRSS"},{"@type":"BreadcrumbList","@id":"https:\/\/www.eldiario.net\/portal\/2026\/09\/01\/obras-beneficiaran-a-51-unidades-educativas-crucenas-2\/#breadcrumb","itemListElement":[{"@type":"ListItem","position":1,"name":"Portada","item":"https:\/\/www.eldiario.net\/portal\/"},{"@type":"ListItem","position":2,"name":"Obras beneficiar\u00e1n a 51 unidades educativas cruce\u00f1as"}]},{"@type":"WebSite","@id":"https:\/\/www.eldiario.net\/portal\/#website","url":"https:\/\/www.eldiario.net\/portal\/","name":"El Diario - Decano de la prensa nacional","description":"El Diario - Decano de la prensa nacional","publisher":{"@id":"https:\/\/www.eldiario.net\/portal\/#organization"},"potentialAction":[{"@type":"SearchAction","target":{"@type":"EntryPoint","urlTemplate":"https:\/\/www.eldiario.net\/portal\/?s={search_term_string}"},"query-input":{"@type":"PropertyValueSpecification","valueRequired":true,"valueName":"search_term_string"}}],"inLanguage":"es"},{"@type":"Organization","@id":"https:\/\/www.eldiario.net\/portal\/#organization","name":"El Diario - Decano de la prensa nacional","url":"https:\/\/www.eldiario.net\/portal\/","logo":{"@type":"ImageObject","inLanguage":"es","@id":"https:\/\/www.eldiario.net\/portal\/#\/schema\/logo\/image\/","url":"https:\/\/www.eldiario.net\/portal\/wp-content\/uploads\/2023\/07\/logo_ED.jpg","contentUrl":"https:\/\/www.eldiario.net\/portal\/wp-content\/uploads\/2023\/07\/logo_ED.jpg","width":272,"height":52,"caption":"El Diario - Decano de la prensa nacional"},"image":{"@id":"https:\/\/www.eldiario.net\/portal\/#\/schema\/logo\/image\/"},"sameAs":["https:\/\/www.facebook.com\/eldiario.bolivia\/","https:\/\/x.com\/eldiario_net"]},{"@type":"Person","@id":"https:\/\/www.eldiario.net\/portal\/#\/schema\/person\/f46445640444750d7d753ccd04ae01b7","name":"Jeanette","image":{"@type":"ImageObject","inLanguage":"es","@id":"https:\/\/secure.gravatar.com\/avatar\/3ea2118a5f7dad2b7138b1187a6b7ee55f160b9968b66013c3a3ef39dd7e5798?s=96&d=mm&r=g","url":"https:\/\/secure.gravatar.com\/avatar\/3ea2118a5f7dad2b7138b1187a6b7ee55f160b9968b66013c3a3ef39dd7e5798?s=96&d=mm&r=g","contentUrl":"https:\/\/secure.gravatar.com\/avatar\/3ea2118a5f7dad2b7138b1187a6b7ee55f160b9968b66013c3a3ef39dd7e5798?s=96&d=mm&r=g","caption":"Jeanette"},"sameAs":["https:\/\/www.eldiario.net\/portal"],"url":"https:\/\/www.eldiario.net\/portal\/author\/jeanette\/"}]}},"_links":{"self":[{"href":"https:\/\/www.eldiario.net\/portal\/wp-json\/wp\/v2\/posts\/426638","targetHints":{"allow":["GET"]}}],"collection":[{"href":"https:\/\/www.eldiario.net\/portal\/wp-json\/wp\/v2\/posts"}],"about":[{"href":"https:\/\/www.eldiario.net\/portal\/wp-json\/wp\/v2\/types\/post"}],"author":[{"embeddable":true,"href":"https:\/\/www.eldiario.net\/portal\/wp-json\/wp\/v2\/users\/1"}],"replies":[{"embeddable":true,"href":"https:\/\/www.eldiario.net\/portal\/wp-json\/wp\/v2\/comments?post=426638"}],"version-history":[{"count":1,"href":"https:\/\/www.eldiario.net\/portal\/wp-json\/wp\/v2\/posts\/426638\/revisions"}],"predecessor-version":[{"id":426640,"href":"https:\/\/www.eldiario.net\/portal\/wp-json\/wp\/v2\/posts\/426638\/revisions\/426640"}],"wp:featuredmedia":[{"embeddable":true,"href":"https:\/\/www.eldiario.net\/portal\/wp-json\/wp\/v2\/media\/426639"}],"wp:attachment":[{"href":"https:\/\/www.eldiario.net\/portal\/wp-json\/wp\/v2\/media?parent=426638"}],"wp:term":[{"taxonomy":"category","embeddable":true,"href":"https:\/\/www.eldiario.net\/portal\/wp-json\/wp\/v2\/categories?post=426638"},{"taxonomy":"post_tag","embeddable":true,"href":"https:\/\/www.eldiario.net\/portal\/wp-json\/wp\/v2\/tags?post=426638"}],"curies":[{"name":"wp","href":"https:\/\/api.w.org\/{rel}","templated":true}]}}