{"id":426635,"date":"2026-09-01T06:36:00","date_gmt":"2026-09-01T10:36:00","guid":{"rendered":"https:\/\/www.eldiario.net\/portal\/?p=426635"},"modified":"2026-09-01T06:36:00","modified_gmt":"2026-09-01T10:36:00","slug":"las-21-plantas-productivas-de-chuquisaca-siguen-paralizadas","status":"publish","type":"post","link":"https:\/\/www.eldiario.net\/portal\/2026\/09\/01\/las-21-plantas-productivas-de-chuquisaca-siguen-paralizadas\/","title":{"rendered":"Las 21 plantas productivas de  Chuquisaca siguen paralizadas"},"content":{"rendered":"<p>La falta de capital de arranque, equipamiento y personal mantiene paralizadas las plantas transformadoras instaladas en municipios de Chuquisaca. la Asociaci\u00f3n de Gobiernos Municipales de Chuquisaca (Agamdech) se\u00f1ala que cerca del 90% ya fueron entregadas a los gobiernos municipales, pero ninguna ha ingresado todav\u00eda en producci\u00f3n.<\/p>\n<p>Las plantas productivas instaladas en Chuquisaca acumulan una inversi\u00f3n superior a Bs 820 millones, pero toda esta infraestructura permanece paralizada y ninguna de las plantas est\u00e1 produciendo.<\/p>\n<p>El director ejecutivo de la Asociaci\u00f3n de Gobiernos Municipales de Chuquisaca (Agamdech), Marco Antonio Soliz, explic\u00f3 que existen 21 plantas en 16 municipios y que aproximadamente el 90% ya cuenta con actas de entrega a los gobiernos municipales.<\/p>\n<p>\u00bfPOR QU\u00c9 EST\u00c1N PARALIZADAS?<\/p>\n<p>De acuerdo con Soliz, las plantas enfrentan principalmente problemas de equipamiento, recursos humanos y capital de arranque.<\/p>\n<p>En algunos casos todav\u00eda falta completar el equipamiento; en otros, incorporar personal. Pero el problema com\u00fan es la falta de recursos econ\u00f3micos para poner en marcha los procesos productivos.<\/p>\n<p>La situaci\u00f3n resulta m\u00e1s llamativa porque la mayor parte de las plantas s\u00ed cuenta con materia prima disponible en los propios municipios donde fueron construidas.<\/p>\n<p>Por ejemplo, Azurduy tiene producci\u00f3n de manzana, mientras que Villa Charcas cuenta con papa para alimentar sus procesos de transformaci\u00f3n.<\/p>\n<p>El monto necesario para arrancar no es uniforme. Soliz explic\u00f3 que cada planta tiene caracter\u00edsticas y presupuestos diferentes, por lo que corresponde a cada municipio determinar cu\u00e1nto requiere para iniciar sus operaciones.<\/p>\n<p>Agamdech ha solicitado reuniones con el Gobierno nacional y los ministerios correspondientes para definir una ruta que permita poner en funcionamiento estas industrias. Sin embargo, hasta ahora, seg\u00fan Soliz, no se ha establecido una alternativa que garantice su funcionamiento.<\/p>\n<p>El riesgo es que estas inversiones terminen convertidas en infraestructura sin producci\u00f3n, sin generar empleo, ingresos para los productores ni valor agregado para las materias primas de las regiones.<\/p>\n<p>LAS PLANTAS PRODUCTIVAS DE CHUQUISACA<\/p>\n<p>La cartera de proyectos se distribuye en distintos municipios del departamento:<\/p>\n<ul>\n<li>Villa Charcas: Planta de semillas de papa \u2013 Bs 2,9 millones.<\/li>\n<li>Incahuasi: Centro de transformaci\u00f3n de aj\u00ed \u2013 Bs 7,33 millones.<\/li>\n<li>Monteagudo: Planta de balanceado de ma\u00edz \u2013 Bs 17,43 millones.<\/li>\n<li>San Lucas: Planta de transformaci\u00f3n de durazno \u2013 Bs 14,2 millones.<\/li>\n<li>Azurduy: Centro de derivados de manzana \u2013 Bs 9 millones.<\/li>\n<li>Sopachuy: Procesadora de carne \u2013 Bs 4,6 millones.<\/li>\n<li>El Villar: Planta de alimentos balanceados \u2013 Bs 6,2 millones.<\/li>\n<li>Huacareta: Complejo de transformaci\u00f3n de c\u00edtricos \u2013 Bs 9,1 millones.<\/li>\n<li>Las Carreras: Procesadora de hortalizas \u2013 Bs 12,3 millones.<\/li>\n<li>Macharet\u00ed: Procesadora de productos c\u00e1rnicos \u2013 Bs 5,3 millones.<\/li>\n<li>Mojocoya: Centro de beneficiado de trigo \u2013 Bs 5,4 millones.<\/li>\n<li>Poroma: Planta de miel \u2013 Bs 4,2 millones.<\/li>\n<li>Presto: Planta de acopio y transformaci\u00f3n de chirimoya y durazno \u2013 Bs 9,4 millones.<\/li>\n<li>Culpina: Vivero frut\u00edcola \u2013 Bs 4,3 millones.<\/li>\n<li>Sucre: Planta de rendering para subproductos c\u00e1rnicos \u2013 Bs 20,7 millones.<\/li>\n<li>Yampar\u00e1ez: Transformaci\u00f3n de granos y cereales \u2013 Bs 15,1 millones.<\/li>\n<li>Planta procesadora de papa en Incahuasi: Bs 161,9 millones.<\/li>\n<li>Industria de Productos del Chaco en Monteagudo: Bs 141,1 millones.<\/li>\n<li>Planta de industrializaci\u00f3n de frutas de Los Cintis: Bs 77 millones.<\/li>\n<li>Ampliaci\u00f3n de la Planta de Envases de Vidrio en Zud\u00e1\u00f1ez: Bs 260,7 millones.<\/li>\n<li>Planta de alimentos balanceados para pollo, cerdo y pescado: Bs 11,06 millones.<\/li>\n<\/ul>\n<p>EL PROBLEMA NO TERMINA EN CHUQUISACA<\/p>\n<p>La situaci\u00f3n de las plantas productivas no es exclusiva de Chuquisaca.<\/p>\n<p>De acuerdo con la informaci\u00f3n consignada en el reporte, en Bolivia existen m\u00e1s de 170 plantas industriales y productivas distribuidas en los nueve departamentos, con una inversi\u00f3n proyectada superior a Bs 32.000 millones, equivalentes aproximadamente a $us 4.600 millones.<\/p>\n<p>El desaf\u00edo para el pa\u00eds es que esas inversiones pasen de las obras y la infraestructura a la producci\u00f3n efectiva.<\/p>\n<p>El caso de Chuquisaca muestra una de las dificultades centrales de este proceso: construir una planta no garantiza que una industria funcione. Para producir se necesita equipamiento completo, trabajadores, materia prima, mercado y capital de arranque.<\/p>\n<p>Mientras esos recursos no est\u00e9n garantizados, millones de bolivianos invertidos en infraestructura productiva permanecer\u00e1n paralizados, sin cumplir el objetivo de generar producci\u00f3n, empleo y valor agregado.(Erbol\/Periodismo que cuenta)<\/p>\n","protected":false},"excerpt":{"rendered":"<p>La falta de capital de arranque, equipamiento y personal mantiene paralizadas las plantas transformadoras instaladas en municipios de Chuquisaca. la Asociaci\u00f3n de Gobiernos Municipales de Chuquisaca (Agamdech) se\u00f1ala que cerca del 90% ya fueron entregadas a los gobiernos municipales, pero ninguna ha ingresado todav\u00eda en producci\u00f3n. Las plantas productivas instaladas en Chuquisaca acumulan una inversi\u00f3n [&hellip;]<\/p>\n","protected":false},"author":1,"featured_media":426636,"comment_status":"closed","ping_status":"open","sticky":false,"template":"","format":"standard","meta":{"_acf_changed":false,"footnotes":""},"categories":[12],"tags":[],"class_list":["post-426635","post","type-post","status-publish","format-standard","has-post-thumbnail","category-nacional"],"acf":{"antetitulo":""},"yoast_head":"<!-- This site is optimized with the Yoast SEO plugin v28.3 - https:\/\/yoast.com\/product\/yoast-seo-wordpress\/ -->\n<title>Las 21 plantas productivas de Chuquisaca siguen paralizadas - El Diario - Bolivia<\/title>\n<meta name=\"robots\" content=\"index, follow, max-snippet:-1, max-image-preview:large, max-video-preview:-1\" \/>\n<link rel=\"canonical\" href=\"https:\/\/www.eldiario.net\/portal\/2026\/09\/01\/las-21-plantas-productivas-de-chuquisaca-siguen-paralizadas\/\" \/>\n<meta property=\"og:locale\" content=\"es_ES\" \/>\n<meta property=\"og:type\" content=\"article\" \/>\n<meta property=\"og:title\" content=\"Las 21 plantas productivas de Chuquisaca siguen paralizadas - El Diario - Bolivia\" \/>\n<meta property=\"og:description\" content=\"La falta de capital de arranque, equipamiento y personal mantiene paralizadas las plantas transformadoras instaladas en municipios de Chuquisaca. la Asociaci\u00f3n de Gobiernos Municipales de Chuquisaca (Agamdech) se\u00f1ala que cerca del 90% ya fueron entregadas a los gobiernos municipales, pero ninguna ha ingresado todav\u00eda en producci\u00f3n. Las plantas productivas instaladas en Chuquisaca acumulan una inversi\u00f3n [&hellip;]\" \/>\n<meta property=\"og:url\" content=\"https:\/\/www.eldiario.net\/portal\/2026\/09\/01\/las-21-plantas-productivas-de-chuquisaca-siguen-paralizadas\/\" \/>\n<meta property=\"og:site_name\" content=\"El Diario - Bolivia\" \/>\n<meta property=\"article:publisher\" content=\"https:\/\/www.facebook.com\/eldiario.bolivia\/\" \/>\n<meta property=\"article:published_time\" content=\"2026-09-01T10:36:00+00:00\" \/>\n<meta property=\"og:image\" content=\"https:\/\/www.eldiario.net\/portal\/wp-content\/uploads\/2026\/09\/CHUQUI-FOTO.webp\" \/>\n\t<meta property=\"og:image:width\" content=\"983\" \/>\n\t<meta property=\"og:image:height\" content=\"522\" \/>\n\t<meta property=\"og:image:type\" content=\"image\/webp\" \/>\n<meta name=\"author\" content=\"Jeanette\" \/>\n<meta name=\"twitter:card\" content=\"summary_large_image\" \/>\n<meta name=\"twitter:creator\" content=\"@eldiario_net\" \/>\n<meta name=\"twitter:site\" content=\"@eldiario_net\" \/>\n<meta name=\"twitter:label1\" content=\"Escrito por\" \/>\n\t<meta name=\"twitter:data1\" content=\"Jeanette\" \/>\n\t<meta name=\"twitter:label2\" content=\"Tiempo de lectura\" \/>\n\t<meta name=\"twitter:data2\" content=\"4 minutos\" \/>\n<script type=\"application\/ld+json\" class=\"yoast-schema-graph\">{\"@context\":\"https:\\\/\\\/schema.org\",\"@graph\":[{\"@type\":\"Article\",\"@id\":\"https:\\\/\\\/www.eldiario.net\\\/portal\\\/2026\\\/09\\\/01\\\/las-21-plantas-productivas-de-chuquisaca-siguen-paralizadas\\\/#article\",\"isPartOf\":{\"@id\":\"https:\\\/\\\/www.eldiario.net\\\/portal\\\/2026\\\/09\\\/01\\\/las-21-plantas-productivas-de-chuquisaca-siguen-paralizadas\\\/\"},\"author\":{\"name\":\"Jeanette\",\"@id\":\"https:\\\/\\\/www.eldiario.net\\\/portal\\\/#\\\/schema\\\/person\\\/f46445640444750d7d753ccd04ae01b7\"},\"headline\":\"Las 21 plantas productivas de Chuquisaca siguen paralizadas\",\"datePublished\":\"2026-09-01T10:36:00+00:00\",\"mainEntityOfPage\":{\"@id\":\"https:\\\/\\\/www.eldiario.net\\\/portal\\\/2026\\\/09\\\/01\\\/las-21-plantas-productivas-de-chuquisaca-siguen-paralizadas\\\/\"},\"wordCount\":681,\"publisher\":{\"@id\":\"https:\\\/\\\/www.eldiario.net\\\/portal\\\/#organization\"},\"image\":{\"@id\":\"https:\\\/\\\/www.eldiario.net\\\/portal\\\/2026\\\/09\\\/01\\\/las-21-plantas-productivas-de-chuquisaca-siguen-paralizadas\\\/#primaryimage\"},\"thumbnailUrl\":\"https:\\\/\\\/www.eldiario.net\\\/portal\\\/wp-content\\\/uploads\\\/2026\\\/09\\\/CHUQUI-FOTO.webp\",\"articleSection\":[\"Nacional\"],\"inLanguage\":\"es\"},{\"@type\":\"WebPage\",\"@id\":\"https:\\\/\\\/www.eldiario.net\\\/portal\\\/2026\\\/09\\\/01\\\/las-21-plantas-productivas-de-chuquisaca-siguen-paralizadas\\\/\",\"url\":\"https:\\\/\\\/www.eldiario.net\\\/portal\\\/2026\\\/09\\\/01\\\/las-21-plantas-productivas-de-chuquisaca-siguen-paralizadas\\\/\",\"name\":\"Las 21 plantas productivas de Chuquisaca siguen paralizadas - El Diario - Bolivia\",\"isPartOf\":{\"@id\":\"https:\\\/\\\/www.eldiario.net\\\/portal\\\/#website\"},\"primaryImageOfPage\":{\"@id\":\"https:\\\/\\\/www.eldiario.net\\\/portal\\\/2026\\\/09\\\/01\\\/las-21-plantas-productivas-de-chuquisaca-siguen-paralizadas\\\/#primaryimage\"},\"image\":{\"@id\":\"https:\\\/\\\/www.eldiario.net\\\/portal\\\/2026\\\/09\\\/01\\\/las-21-plantas-productivas-de-chuquisaca-siguen-paralizadas\\\/#primaryimage\"},\"thumbnailUrl\":\"https:\\\/\\\/www.eldiario.net\\\/portal\\\/wp-content\\\/uploads\\\/2026\\\/09\\\/CHUQUI-FOTO.webp\",\"datePublished\":\"2026-09-01T10:36:00+00:00\",\"breadcrumb\":{\"@id\":\"https:\\\/\\\/www.eldiario.net\\\/portal\\\/2026\\\/09\\\/01\\\/las-21-plantas-productivas-de-chuquisaca-siguen-paralizadas\\\/#breadcrumb\"},\"inLanguage\":\"es\",\"potentialAction\":[{\"@type\":\"ReadAction\",\"target\":[\"https:\\\/\\\/www.eldiario.net\\\/portal\\\/2026\\\/09\\\/01\\\/las-21-plantas-productivas-de-chuquisaca-siguen-paralizadas\\\/\"]}]},{\"@type\":\"ImageObject\",\"inLanguage\":\"es\",\"@id\":\"https:\\\/\\\/www.eldiario.net\\\/portal\\\/2026\\\/09\\\/01\\\/las-21-plantas-productivas-de-chuquisaca-siguen-paralizadas\\\/#primaryimage\",\"url\":\"https:\\\/\\\/www.eldiario.net\\\/portal\\\/wp-content\\\/uploads\\\/2026\\\/09\\\/CHUQUI-FOTO.webp\",\"contentUrl\":\"https:\\\/\\\/www.eldiario.net\\\/portal\\\/wp-content\\\/uploads\\\/2026\\\/09\\\/CHUQUI-FOTO.webp\",\"width\":983,\"height\":522,\"caption\":\"Una planta inconclusa en Monteagudo. Foto: Monteagudo al D\u00eda.\"},{\"@type\":\"BreadcrumbList\",\"@id\":\"https:\\\/\\\/www.eldiario.net\\\/portal\\\/2026\\\/09\\\/01\\\/las-21-plantas-productivas-de-chuquisaca-siguen-paralizadas\\\/#breadcrumb\",\"itemListElement\":[{\"@type\":\"ListItem\",\"position\":1,\"name\":\"Portada\",\"item\":\"https:\\\/\\\/www.eldiario.net\\\/portal\\\/\"},{\"@type\":\"ListItem\",\"position\":2,\"name\":\"Las 21 plantas productivas de Chuquisaca siguen paralizadas\"}]},{\"@type\":\"WebSite\",\"@id\":\"https:\\\/\\\/www.eldiario.net\\\/portal\\\/#website\",\"url\":\"https:\\\/\\\/www.eldiario.net\\\/portal\\\/\",\"name\":\"El Diario - Decano de la prensa nacional\",\"description\":\"El Diario - Decano de la prensa nacional\",\"publisher\":{\"@id\":\"https:\\\/\\\/www.eldiario.net\\\/portal\\\/#organization\"},\"potentialAction\":[{\"@type\":\"SearchAction\",\"target\":{\"@type\":\"EntryPoint\",\"urlTemplate\":\"https:\\\/\\\/www.eldiario.net\\\/portal\\\/?s={search_term_string}\"},\"query-input\":{\"@type\":\"PropertyValueSpecification\",\"valueRequired\":true,\"valueName\":\"search_term_string\"}}],\"inLanguage\":\"es\"},{\"@type\":\"Organization\",\"@id\":\"https:\\\/\\\/www.eldiario.net\\\/portal\\\/#organization\",\"name\":\"El Diario - Decano de la prensa nacional\",\"url\":\"https:\\\/\\\/www.eldiario.net\\\/portal\\\/\",\"logo\":{\"@type\":\"ImageObject\",\"inLanguage\":\"es\",\"@id\":\"https:\\\/\\\/www.eldiario.net\\\/portal\\\/#\\\/schema\\\/logo\\\/image\\\/\",\"url\":\"https:\\\/\\\/www.eldiario.net\\\/portal\\\/wp-content\\\/uploads\\\/2023\\\/07\\\/logo_ED.jpg\",\"contentUrl\":\"https:\\\/\\\/www.eldiario.net\\\/portal\\\/wp-content\\\/uploads\\\/2023\\\/07\\\/logo_ED.jpg\",\"width\":272,\"height\":52,\"caption\":\"El Diario - Decano de la prensa nacional\"},\"image\":{\"@id\":\"https:\\\/\\\/www.eldiario.net\\\/portal\\\/#\\\/schema\\\/logo\\\/image\\\/\"},\"sameAs\":[\"https:\\\/\\\/www.facebook.com\\\/eldiario.bolivia\\\/\",\"https:\\\/\\\/x.com\\\/eldiario_net\"]},{\"@type\":\"Person\",\"@id\":\"https:\\\/\\\/www.eldiario.net\\\/portal\\\/#\\\/schema\\\/person\\\/f46445640444750d7d753ccd04ae01b7\",\"name\":\"Jeanette\",\"image\":{\"@type\":\"ImageObject\",\"inLanguage\":\"es\",\"@id\":\"https:\\\/\\\/secure.gravatar.com\\\/avatar\\\/3ea2118a5f7dad2b7138b1187a6b7ee55f160b9968b66013c3a3ef39dd7e5798?s=96&d=mm&r=g\",\"url\":\"https:\\\/\\\/secure.gravatar.com\\\/avatar\\\/3ea2118a5f7dad2b7138b1187a6b7ee55f160b9968b66013c3a3ef39dd7e5798?s=96&d=mm&r=g\",\"contentUrl\":\"https:\\\/\\\/secure.gravatar.com\\\/avatar\\\/3ea2118a5f7dad2b7138b1187a6b7ee55f160b9968b66013c3a3ef39dd7e5798?s=96&d=mm&r=g\",\"caption\":\"Jeanette\"},\"sameAs\":[\"https:\\\/\\\/www.eldiario.net\\\/portal\"],\"url\":\"https:\\\/\\\/www.eldiario.net\\\/portal\\\/author\\\/jeanette\\\/\"}]}<\/script>\n<!-- \/ Yoast SEO plugin. -->","yoast_head_json":{"title":"Las 21 plantas productivas de Chuquisaca siguen paralizadas - El Diario - Bolivia","robots":{"index":"index","follow":"follow","max-snippet":"max-snippet:-1","max-image-preview":"max-image-preview:large","max-video-preview":"max-video-preview:-1"},"canonical":"https:\/\/www.eldiario.net\/portal\/2026\/09\/01\/las-21-plantas-productivas-de-chuquisaca-siguen-paralizadas\/","og_locale":"es_ES","og_type":"article","og_title":"Las 21 plantas productivas de Chuquisaca siguen paralizadas - El Diario - Bolivia","og_description":"La falta de capital de arranque, equipamiento y personal mantiene paralizadas las plantas transformadoras instaladas en municipios de Chuquisaca. la Asociaci\u00f3n de Gobiernos Municipales de Chuquisaca (Agamdech) se\u00f1ala que cerca del 90% ya fueron entregadas a los gobiernos municipales, pero ninguna ha ingresado todav\u00eda en producci\u00f3n. Las plantas productivas instaladas en Chuquisaca acumulan una inversi\u00f3n [&hellip;]","og_url":"https:\/\/www.eldiario.net\/portal\/2026\/09\/01\/las-21-plantas-productivas-de-chuquisaca-siguen-paralizadas\/","og_site_name":"El Diario - Bolivia","article_publisher":"https:\/\/www.facebook.com\/eldiario.bolivia\/","article_published_time":"2026-09-01T10:36:00+00:00","og_image":[{"width":983,"height":522,"url":"https:\/\/www.eldiario.net\/portal\/wp-content\/uploads\/2026\/09\/CHUQUI-FOTO.webp","type":"image\/webp"}],"author":"Jeanette","twitter_card":"summary_large_image","twitter_creator":"@eldiario_net","twitter_site":"@eldiario_net","twitter_misc":{"Escrito por":"Jeanette","Tiempo de lectura":"4 minutos"},"schema":{"@context":"https:\/\/schema.org","@graph":[{"@type":"Article","@id":"https:\/\/www.eldiario.net\/portal\/2026\/09\/01\/las-21-plantas-productivas-de-chuquisaca-siguen-paralizadas\/#article","isPartOf":{"@id":"https:\/\/www.eldiario.net\/portal\/2026\/09\/01\/las-21-plantas-productivas-de-chuquisaca-siguen-paralizadas\/"},"author":{"name":"Jeanette","@id":"https:\/\/www.eldiario.net\/portal\/#\/schema\/person\/f46445640444750d7d753ccd04ae01b7"},"headline":"Las 21 plantas productivas de Chuquisaca siguen paralizadas","datePublished":"2026-09-01T10:36:00+00:00","mainEntityOfPage":{"@id":"https:\/\/www.eldiario.net\/portal\/2026\/09\/01\/las-21-plantas-productivas-de-chuquisaca-siguen-paralizadas\/"},"wordCount":681,"publisher":{"@id":"https:\/\/www.eldiario.net\/portal\/#organization"},"image":{"@id":"https:\/\/www.eldiario.net\/portal\/2026\/09\/01\/las-21-plantas-productivas-de-chuquisaca-siguen-paralizadas\/#primaryimage"},"thumbnailUrl":"https:\/\/www.eldiario.net\/portal\/wp-content\/uploads\/2026\/09\/CHUQUI-FOTO.webp","articleSection":["Nacional"],"inLanguage":"es"},{"@type":"WebPage","@id":"https:\/\/www.eldiario.net\/portal\/2026\/09\/01\/las-21-plantas-productivas-de-chuquisaca-siguen-paralizadas\/","url":"https:\/\/www.eldiario.net\/portal\/2026\/09\/01\/las-21-plantas-productivas-de-chuquisaca-siguen-paralizadas\/","name":"Las 21 plantas productivas de Chuquisaca siguen paralizadas - El Diario - Bolivia","isPartOf":{"@id":"https:\/\/www.eldiario.net\/portal\/#website"},"primaryImageOfPage":{"@id":"https:\/\/www.eldiario.net\/portal\/2026\/09\/01\/las-21-plantas-productivas-de-chuquisaca-siguen-paralizadas\/#primaryimage"},"image":{"@id":"https:\/\/www.eldiario.net\/portal\/2026\/09\/01\/las-21-plantas-productivas-de-chuquisaca-siguen-paralizadas\/#primaryimage"},"thumbnailUrl":"https:\/\/www.eldiario.net\/portal\/wp-content\/uploads\/2026\/09\/CHUQUI-FOTO.webp","datePublished":"2026-09-01T10:36:00+00:00","breadcrumb":{"@id":"https:\/\/www.eldiario.net\/portal\/2026\/09\/01\/las-21-plantas-productivas-de-chuquisaca-siguen-paralizadas\/#breadcrumb"},"inLanguage":"es","potentialAction":[{"@type":"ReadAction","target":["https:\/\/www.eldiario.net\/portal\/2026\/09\/01\/las-21-plantas-productivas-de-chuquisaca-siguen-paralizadas\/"]}]},{"@type":"ImageObject","inLanguage":"es","@id":"https:\/\/www.eldiario.net\/portal\/2026\/09\/01\/las-21-plantas-productivas-de-chuquisaca-siguen-paralizadas\/#primaryimage","url":"https:\/\/www.eldiario.net\/portal\/wp-content\/uploads\/2026\/09\/CHUQUI-FOTO.webp","contentUrl":"https:\/\/www.eldiario.net\/portal\/wp-content\/uploads\/2026\/09\/CHUQUI-FOTO.webp","width":983,"height":522,"caption":"Una planta inconclusa en Monteagudo. Foto: Monteagudo al D\u00eda."},{"@type":"BreadcrumbList","@id":"https:\/\/www.eldiario.net\/portal\/2026\/09\/01\/las-21-plantas-productivas-de-chuquisaca-siguen-paralizadas\/#breadcrumb","itemListElement":[{"@type":"ListItem","position":1,"name":"Portada","item":"https:\/\/www.eldiario.net\/portal\/"},{"@type":"ListItem","position":2,"name":"Las 21 plantas productivas de Chuquisaca siguen paralizadas"}]},{"@type":"WebSite","@id":"https:\/\/www.eldiario.net\/portal\/#website","url":"https:\/\/www.eldiario.net\/portal\/","name":"El Diario - Decano de la prensa nacional","description":"El Diario - Decano de la prensa nacional","publisher":{"@id":"https:\/\/www.eldiario.net\/portal\/#organization"},"potentialAction":[{"@type":"SearchAction","target":{"@type":"EntryPoint","urlTemplate":"https:\/\/www.eldiario.net\/portal\/?s={search_term_string}"},"query-input":{"@type":"PropertyValueSpecification","valueRequired":true,"valueName":"search_term_string"}}],"inLanguage":"es"},{"@type":"Organization","@id":"https:\/\/www.eldiario.net\/portal\/#organization","name":"El Diario - Decano de la prensa nacional","url":"https:\/\/www.eldiario.net\/portal\/","logo":{"@type":"ImageObject","inLanguage":"es","@id":"https:\/\/www.eldiario.net\/portal\/#\/schema\/logo\/image\/","url":"https:\/\/www.eldiario.net\/portal\/wp-content\/uploads\/2023\/07\/logo_ED.jpg","contentUrl":"https:\/\/www.eldiario.net\/portal\/wp-content\/uploads\/2023\/07\/logo_ED.jpg","width":272,"height":52,"caption":"El Diario - Decano de la prensa nacional"},"image":{"@id":"https:\/\/www.eldiario.net\/portal\/#\/schema\/logo\/image\/"},"sameAs":["https:\/\/www.facebook.com\/eldiario.bolivia\/","https:\/\/x.com\/eldiario_net"]},{"@type":"Person","@id":"https:\/\/www.eldiario.net\/portal\/#\/schema\/person\/f46445640444750d7d753ccd04ae01b7","name":"Jeanette","image":{"@type":"ImageObject","inLanguage":"es","@id":"https:\/\/secure.gravatar.com\/avatar\/3ea2118a5f7dad2b7138b1187a6b7ee55f160b9968b66013c3a3ef39dd7e5798?s=96&d=mm&r=g","url":"https:\/\/secure.gravatar.com\/avatar\/3ea2118a5f7dad2b7138b1187a6b7ee55f160b9968b66013c3a3ef39dd7e5798?s=96&d=mm&r=g","contentUrl":"https:\/\/secure.gravatar.com\/avatar\/3ea2118a5f7dad2b7138b1187a6b7ee55f160b9968b66013c3a3ef39dd7e5798?s=96&d=mm&r=g","caption":"Jeanette"},"sameAs":["https:\/\/www.eldiario.net\/portal"],"url":"https:\/\/www.eldiario.net\/portal\/author\/jeanette\/"}]}},"_links":{"self":[{"href":"https:\/\/www.eldiario.net\/portal\/wp-json\/wp\/v2\/posts\/426635","targetHints":{"allow":["GET"]}}],"collection":[{"href":"https:\/\/www.eldiario.net\/portal\/wp-json\/wp\/v2\/posts"}],"about":[{"href":"https:\/\/www.eldiario.net\/portal\/wp-json\/wp\/v2\/types\/post"}],"author":[{"embeddable":true,"href":"https:\/\/www.eldiario.net\/portal\/wp-json\/wp\/v2\/users\/1"}],"replies":[{"embeddable":true,"href":"https:\/\/www.eldiario.net\/portal\/wp-json\/wp\/v2\/comments?post=426635"}],"version-history":[{"count":1,"href":"https:\/\/www.eldiario.net\/portal\/wp-json\/wp\/v2\/posts\/426635\/revisions"}],"predecessor-version":[{"id":426637,"href":"https:\/\/www.eldiario.net\/portal\/wp-json\/wp\/v2\/posts\/426635\/revisions\/426637"}],"wp:featuredmedia":[{"embeddable":true,"href":"https:\/\/www.eldiario.net\/portal\/wp-json\/wp\/v2\/media\/426636"}],"wp:attachment":[{"href":"https:\/\/www.eldiario.net\/portal\/wp-json\/wp\/v2\/media?parent=426635"}],"wp:term":[{"taxonomy":"category","embeddable":true,"href":"https:\/\/www.eldiario.net\/portal\/wp-json\/wp\/v2\/categories?post=426635"},{"taxonomy":"post_tag","embeddable":true,"href":"https:\/\/www.eldiario.net\/portal\/wp-json\/wp\/v2\/tags?post=426635"}],"curies":[{"name":"wp","href":"https:\/\/api.w.org\/{rel}","templated":true}]}}