{"id":426632,"date":"2026-09-01T06:35:28","date_gmt":"2026-09-01T10:35:28","guid":{"rendered":"https:\/\/www.eldiario.net\/portal\/?p=426632"},"modified":"2026-09-01T06:35:28","modified_gmt":"2026-09-01T10:35:28","slug":"expocruz-2026-acelera-preparativos-para-su-apertura-2","status":"publish","type":"post","link":"https:\/\/www.eldiario.net\/portal\/2026\/09\/01\/expocruz-2026-acelera-preparativos-para-su-apertura-2\/","title":{"rendered":"Expocruz 2026 acelera  preparativos para su apertura"},"content":{"rendered":"<p>Santa Cruz ingres\u00f3 en la recta final de los preparativos para Expocruz 2026, cuya 50 versi\u00f3n internacional abrir\u00e1 sus puertas el 18 de septiembre y se extender\u00e1 hasta el 27 del mismo mes.<\/p>\n<p>A menos de tres semanas del inicio de la muestra, el movimiento en el campo ferial se intensifica con trabajos de adecuaci\u00f3n, montaje y reorganizaci\u00f3n de espacios destinados a recibir a expositores, empresas y visitantes.<\/p>\n<p>El gerente general de Expocruz, Ra\u00fal Strauss Justiniano, inform\u00f3 que la edici\u00f3n de este a\u00f1o incorporar\u00e1 nuevos ambientes y una redistribuci\u00f3n de los sectores de exposici\u00f3n, con el prop\u00f3sito de ofrecer una feria renovada y facilitar el recorrido del p\u00fablico.<\/p>\n<p>La organizaci\u00f3n prev\u00e9 la participaci\u00f3n de m\u00e1s de 2.300 marcas y calcula que durante los diez d\u00edas de feria podr\u00edan ingresar m\u00e1s de 500.000 personas.<\/p>\n<p>Expocruz volver\u00e1 a concentrar una amplia presencia empresarial y productiva, adem\u00e1s de convertirse en un escenario para la generaci\u00f3n de negocios, inversiones, empleos y acuerdos comerciales entre actores nacionales e internacionales.<\/p>\n<p>La feria tambi\u00e9n busca proyectar la capacidad productiva de Bolivia y fortalecer el contacto entre empresas, productores, inversionistas y delegaciones extranjeras que llegar\u00e1n a Santa Cruz durante el evento.<\/p>\n<p>Como incentivo para la jornada inaugural, los organizadores anunciaron una promoci\u00f3n de ingreso dos por uno, destinada a ampliar la participaci\u00f3n del p\u00fablico desde el primer d\u00eda.<\/p>\n<p>Con el inicio cada vez m\u00e1s pr\u00f3ximo, Santa Cruz se prepara para una nueva edici\u00f3n de su principal encuentro ferial, que nuevamente reunir\u00e1 actividad empresarial, comercial y productiva entre el 18 y el 27 de septiembre. (Santa Cruz, agencias)<\/p>\n","protected":false},"excerpt":{"rendered":"<p>Santa Cruz ingres\u00f3 en la recta final de los preparativos para Expocruz 2026, cuya 50 versi\u00f3n internacional abrir\u00e1 sus puertas el 18 de septiembre y se extender\u00e1 hasta el 27 del mismo mes. A menos de tres semanas del inicio de la muestra, el movimiento en el campo ferial se intensifica con trabajos de adecuaci\u00f3n, [&hellip;]<\/p>\n","protected":false},"author":1,"featured_media":426633,"comment_status":"closed","ping_status":"open","sticky":false,"template":"","format":"standard","meta":{"_acf_changed":false,"footnotes":""},"categories":[12],"tags":[],"class_list":["post-426632","post","type-post","status-publish","format-standard","has-post-thumbnail","category-nacional"],"acf":{"antetitulo":"Santa Cruz"},"yoast_head":"<!-- This site is optimized with the Yoast SEO plugin v28.3 - https:\/\/yoast.com\/product\/yoast-seo-wordpress\/ -->\n<title>Expocruz 2026 acelera preparativos para su apertura - El Diario - Bolivia<\/title>\n<meta name=\"robots\" content=\"index, follow, max-snippet:-1, max-image-preview:large, max-video-preview:-1\" \/>\n<link rel=\"canonical\" href=\"https:\/\/www.eldiario.net\/portal\/2026\/09\/01\/expocruz-2026-acelera-preparativos-para-su-apertura-2\/\" \/>\n<meta property=\"og:locale\" content=\"es_ES\" \/>\n<meta property=\"og:type\" content=\"article\" \/>\n<meta property=\"og:title\" content=\"Expocruz 2026 acelera preparativos para su apertura - El Diario - Bolivia\" \/>\n<meta property=\"og:description\" content=\"Santa Cruz ingres\u00f3 en la recta final de los preparativos para Expocruz 2026, cuya 50 versi\u00f3n internacional abrir\u00e1 sus puertas el 18 de septiembre y se extender\u00e1 hasta el 27 del mismo mes. A menos de tres semanas del inicio de la muestra, el movimiento en el campo ferial se intensifica con trabajos de adecuaci\u00f3n, [&hellip;]\" \/>\n<meta property=\"og:url\" content=\"https:\/\/www.eldiario.net\/portal\/2026\/09\/01\/expocruz-2026-acelera-preparativos-para-su-apertura-2\/\" \/>\n<meta property=\"og:site_name\" content=\"El Diario - Bolivia\" \/>\n<meta property=\"article:publisher\" content=\"https:\/\/www.facebook.com\/eldiario.bolivia\/\" \/>\n<meta property=\"article:published_time\" content=\"2026-09-01T10:35:28+00:00\" \/>\n<meta property=\"og:image\" content=\"https:\/\/www.eldiario.net\/portal\/wp-content\/uploads\/2026\/09\/EXPO-FOTO.webp\" \/>\n\t<meta property=\"og:image:width\" content=\"1280\" \/>\n\t<meta property=\"og:image:height\" content=\"545\" \/>\n\t<meta property=\"og:image:type\" content=\"image\/webp\" \/>\n<meta name=\"author\" content=\"Jeanette\" \/>\n<meta name=\"twitter:card\" content=\"summary_large_image\" \/>\n<meta name=\"twitter:creator\" content=\"@eldiario_net\" \/>\n<meta name=\"twitter:site\" content=\"@eldiario_net\" \/>\n<meta name=\"twitter:label1\" content=\"Escrito por\" \/>\n\t<meta name=\"twitter:data1\" content=\"Jeanette\" \/>\n\t<meta name=\"twitter:label2\" content=\"Tiempo de lectura\" \/>\n\t<meta name=\"twitter:data2\" content=\"2 minutos\" \/>\n<script type=\"application\/ld+json\" class=\"yoast-schema-graph\">{\"@context\":\"https:\\\/\\\/schema.org\",\"@graph\":[{\"@type\":\"Article\",\"@id\":\"https:\\\/\\\/www.eldiario.net\\\/portal\\\/2026\\\/09\\\/01\\\/expocruz-2026-acelera-preparativos-para-su-apertura-2\\\/#article\",\"isPartOf\":{\"@id\":\"https:\\\/\\\/www.eldiario.net\\\/portal\\\/2026\\\/09\\\/01\\\/expocruz-2026-acelera-preparativos-para-su-apertura-2\\\/\"},\"author\":{\"name\":\"Jeanette\",\"@id\":\"https:\\\/\\\/www.eldiario.net\\\/portal\\\/#\\\/schema\\\/person\\\/f46445640444750d7d753ccd04ae01b7\"},\"headline\":\"Expocruz 2026 acelera preparativos para su apertura\",\"datePublished\":\"2026-09-01T10:35:28+00:00\",\"mainEntityOfPage\":{\"@id\":\"https:\\\/\\\/www.eldiario.net\\\/portal\\\/2026\\\/09\\\/01\\\/expocruz-2026-acelera-preparativos-para-su-apertura-2\\\/\"},\"wordCount\":284,\"publisher\":{\"@id\":\"https:\\\/\\\/www.eldiario.net\\\/portal\\\/#organization\"},\"image\":{\"@id\":\"https:\\\/\\\/www.eldiario.net\\\/portal\\\/2026\\\/09\\\/01\\\/expocruz-2026-acelera-preparativos-para-su-apertura-2\\\/#primaryimage\"},\"thumbnailUrl\":\"https:\\\/\\\/www.eldiario.net\\\/portal\\\/wp-content\\\/uploads\\\/2026\\\/09\\\/EXPO-FOTO.webp\",\"articleSection\":[\"Nacional\"],\"inLanguage\":\"es\"},{\"@type\":\"WebPage\",\"@id\":\"https:\\\/\\\/www.eldiario.net\\\/portal\\\/2026\\\/09\\\/01\\\/expocruz-2026-acelera-preparativos-para-su-apertura-2\\\/\",\"url\":\"https:\\\/\\\/www.eldiario.net\\\/portal\\\/2026\\\/09\\\/01\\\/expocruz-2026-acelera-preparativos-para-su-apertura-2\\\/\",\"name\":\"Expocruz 2026 acelera preparativos para su apertura - El Diario - Bolivia\",\"isPartOf\":{\"@id\":\"https:\\\/\\\/www.eldiario.net\\\/portal\\\/#website\"},\"primaryImageOfPage\":{\"@id\":\"https:\\\/\\\/www.eldiario.net\\\/portal\\\/2026\\\/09\\\/01\\\/expocruz-2026-acelera-preparativos-para-su-apertura-2\\\/#primaryimage\"},\"image\":{\"@id\":\"https:\\\/\\\/www.eldiario.net\\\/portal\\\/2026\\\/09\\\/01\\\/expocruz-2026-acelera-preparativos-para-su-apertura-2\\\/#primaryimage\"},\"thumbnailUrl\":\"https:\\\/\\\/www.eldiario.net\\\/portal\\\/wp-content\\\/uploads\\\/2026\\\/09\\\/EXPO-FOTO.webp\",\"datePublished\":\"2026-09-01T10:35:28+00:00\",\"breadcrumb\":{\"@id\":\"https:\\\/\\\/www.eldiario.net\\\/portal\\\/2026\\\/09\\\/01\\\/expocruz-2026-acelera-preparativos-para-su-apertura-2\\\/#breadcrumb\"},\"inLanguage\":\"es\",\"potentialAction\":[{\"@type\":\"ReadAction\",\"target\":[\"https:\\\/\\\/www.eldiario.net\\\/portal\\\/2026\\\/09\\\/01\\\/expocruz-2026-acelera-preparativos-para-su-apertura-2\\\/\"]}]},{\"@type\":\"ImageObject\",\"inLanguage\":\"es\",\"@id\":\"https:\\\/\\\/www.eldiario.net\\\/portal\\\/2026\\\/09\\\/01\\\/expocruz-2026-acelera-preparativos-para-su-apertura-2\\\/#primaryimage\",\"url\":\"https:\\\/\\\/www.eldiario.net\\\/portal\\\/wp-content\\\/uploads\\\/2026\\\/09\\\/EXPO-FOTO.webp\",\"contentUrl\":\"https:\\\/\\\/www.eldiario.net\\\/portal\\\/wp-content\\\/uploads\\\/2026\\\/09\\\/EXPO-FOTO.webp\",\"width\":1280,\"height\":545,\"caption\":\"Una versi\u00f3n anterior de la Expocruz. Foto: RRSS\"},{\"@type\":\"BreadcrumbList\",\"@id\":\"https:\\\/\\\/www.eldiario.net\\\/portal\\\/2026\\\/09\\\/01\\\/expocruz-2026-acelera-preparativos-para-su-apertura-2\\\/#breadcrumb\",\"itemListElement\":[{\"@type\":\"ListItem\",\"position\":1,\"name\":\"Portada\",\"item\":\"https:\\\/\\\/www.eldiario.net\\\/portal\\\/\"},{\"@type\":\"ListItem\",\"position\":2,\"name\":\"Expocruz 2026 acelera preparativos para su apertura\"}]},{\"@type\":\"WebSite\",\"@id\":\"https:\\\/\\\/www.eldiario.net\\\/portal\\\/#website\",\"url\":\"https:\\\/\\\/www.eldiario.net\\\/portal\\\/\",\"name\":\"El Diario - Decano de la prensa nacional\",\"description\":\"El Diario - Decano de la prensa nacional\",\"publisher\":{\"@id\":\"https:\\\/\\\/www.eldiario.net\\\/portal\\\/#organization\"},\"potentialAction\":[{\"@type\":\"SearchAction\",\"target\":{\"@type\":\"EntryPoint\",\"urlTemplate\":\"https:\\\/\\\/www.eldiario.net\\\/portal\\\/?s={search_term_string}\"},\"query-input\":{\"@type\":\"PropertyValueSpecification\",\"valueRequired\":true,\"valueName\":\"search_term_string\"}}],\"inLanguage\":\"es\"},{\"@type\":\"Organization\",\"@id\":\"https:\\\/\\\/www.eldiario.net\\\/portal\\\/#organization\",\"name\":\"El Diario - Decano de la prensa nacional\",\"url\":\"https:\\\/\\\/www.eldiario.net\\\/portal\\\/\",\"logo\":{\"@type\":\"ImageObject\",\"inLanguage\":\"es\",\"@id\":\"https:\\\/\\\/www.eldiario.net\\\/portal\\\/#\\\/schema\\\/logo\\\/image\\\/\",\"url\":\"https:\\\/\\\/www.eldiario.net\\\/portal\\\/wp-content\\\/uploads\\\/2023\\\/07\\\/logo_ED.jpg\",\"contentUrl\":\"https:\\\/\\\/www.eldiario.net\\\/portal\\\/wp-content\\\/uploads\\\/2023\\\/07\\\/logo_ED.jpg\",\"width\":272,\"height\":52,\"caption\":\"El Diario - Decano de la prensa nacional\"},\"image\":{\"@id\":\"https:\\\/\\\/www.eldiario.net\\\/portal\\\/#\\\/schema\\\/logo\\\/image\\\/\"},\"sameAs\":[\"https:\\\/\\\/www.facebook.com\\\/eldiario.bolivia\\\/\",\"https:\\\/\\\/x.com\\\/eldiario_net\"]},{\"@type\":\"Person\",\"@id\":\"https:\\\/\\\/www.eldiario.net\\\/portal\\\/#\\\/schema\\\/person\\\/f46445640444750d7d753ccd04ae01b7\",\"name\":\"Jeanette\",\"image\":{\"@type\":\"ImageObject\",\"inLanguage\":\"es\",\"@id\":\"https:\\\/\\\/secure.gravatar.com\\\/avatar\\\/3ea2118a5f7dad2b7138b1187a6b7ee55f160b9968b66013c3a3ef39dd7e5798?s=96&d=mm&r=g\",\"url\":\"https:\\\/\\\/secure.gravatar.com\\\/avatar\\\/3ea2118a5f7dad2b7138b1187a6b7ee55f160b9968b66013c3a3ef39dd7e5798?s=96&d=mm&r=g\",\"contentUrl\":\"https:\\\/\\\/secure.gravatar.com\\\/avatar\\\/3ea2118a5f7dad2b7138b1187a6b7ee55f160b9968b66013c3a3ef39dd7e5798?s=96&d=mm&r=g\",\"caption\":\"Jeanette\"},\"sameAs\":[\"https:\\\/\\\/www.eldiario.net\\\/portal\"],\"url\":\"https:\\\/\\\/www.eldiario.net\\\/portal\\\/author\\\/jeanette\\\/\"}]}<\/script>\n<!-- \/ Yoast SEO plugin. -->","yoast_head_json":{"title":"Expocruz 2026 acelera preparativos para su apertura - El Diario - Bolivia","robots":{"index":"index","follow":"follow","max-snippet":"max-snippet:-1","max-image-preview":"max-image-preview:large","max-video-preview":"max-video-preview:-1"},"canonical":"https:\/\/www.eldiario.net\/portal\/2026\/09\/01\/expocruz-2026-acelera-preparativos-para-su-apertura-2\/","og_locale":"es_ES","og_type":"article","og_title":"Expocruz 2026 acelera preparativos para su apertura - El Diario - Bolivia","og_description":"Santa Cruz ingres\u00f3 en la recta final de los preparativos para Expocruz 2026, cuya 50 versi\u00f3n internacional abrir\u00e1 sus puertas el 18 de septiembre y se extender\u00e1 hasta el 27 del mismo mes. A menos de tres semanas del inicio de la muestra, el movimiento en el campo ferial se intensifica con trabajos de adecuaci\u00f3n, [&hellip;]","og_url":"https:\/\/www.eldiario.net\/portal\/2026\/09\/01\/expocruz-2026-acelera-preparativos-para-su-apertura-2\/","og_site_name":"El Diario - Bolivia","article_publisher":"https:\/\/www.facebook.com\/eldiario.bolivia\/","article_published_time":"2026-09-01T10:35:28+00:00","og_image":[{"width":1280,"height":545,"url":"https:\/\/www.eldiario.net\/portal\/wp-content\/uploads\/2026\/09\/EXPO-FOTO.webp","type":"image\/webp"}],"author":"Jeanette","twitter_card":"summary_large_image","twitter_creator":"@eldiario_net","twitter_site":"@eldiario_net","twitter_misc":{"Escrito por":"Jeanette","Tiempo de lectura":"2 minutos"},"schema":{"@context":"https:\/\/schema.org","@graph":[{"@type":"Article","@id":"https:\/\/www.eldiario.net\/portal\/2026\/09\/01\/expocruz-2026-acelera-preparativos-para-su-apertura-2\/#article","isPartOf":{"@id":"https:\/\/www.eldiario.net\/portal\/2026\/09\/01\/expocruz-2026-acelera-preparativos-para-su-apertura-2\/"},"author":{"name":"Jeanette","@id":"https:\/\/www.eldiario.net\/portal\/#\/schema\/person\/f46445640444750d7d753ccd04ae01b7"},"headline":"Expocruz 2026 acelera preparativos para su apertura","datePublished":"2026-09-01T10:35:28+00:00","mainEntityOfPage":{"@id":"https:\/\/www.eldiario.net\/portal\/2026\/09\/01\/expocruz-2026-acelera-preparativos-para-su-apertura-2\/"},"wordCount":284,"publisher":{"@id":"https:\/\/www.eldiario.net\/portal\/#organization"},"image":{"@id":"https:\/\/www.eldiario.net\/portal\/2026\/09\/01\/expocruz-2026-acelera-preparativos-para-su-apertura-2\/#primaryimage"},"thumbnailUrl":"https:\/\/www.eldiario.net\/portal\/wp-content\/uploads\/2026\/09\/EXPO-FOTO.webp","articleSection":["Nacional"],"inLanguage":"es"},{"@type":"WebPage","@id":"https:\/\/www.eldiario.net\/portal\/2026\/09\/01\/expocruz-2026-acelera-preparativos-para-su-apertura-2\/","url":"https:\/\/www.eldiario.net\/portal\/2026\/09\/01\/expocruz-2026-acelera-preparativos-para-su-apertura-2\/","name":"Expocruz 2026 acelera preparativos para su apertura - El Diario - Bolivia","isPartOf":{"@id":"https:\/\/www.eldiario.net\/portal\/#website"},"primaryImageOfPage":{"@id":"https:\/\/www.eldiario.net\/portal\/2026\/09\/01\/expocruz-2026-acelera-preparativos-para-su-apertura-2\/#primaryimage"},"image":{"@id":"https:\/\/www.eldiario.net\/portal\/2026\/09\/01\/expocruz-2026-acelera-preparativos-para-su-apertura-2\/#primaryimage"},"thumbnailUrl":"https:\/\/www.eldiario.net\/portal\/wp-content\/uploads\/2026\/09\/EXPO-FOTO.webp","datePublished":"2026-09-01T10:35:28+00:00","breadcrumb":{"@id":"https:\/\/www.eldiario.net\/portal\/2026\/09\/01\/expocruz-2026-acelera-preparativos-para-su-apertura-2\/#breadcrumb"},"inLanguage":"es","potentialAction":[{"@type":"ReadAction","target":["https:\/\/www.eldiario.net\/portal\/2026\/09\/01\/expocruz-2026-acelera-preparativos-para-su-apertura-2\/"]}]},{"@type":"ImageObject","inLanguage":"es","@id":"https:\/\/www.eldiario.net\/portal\/2026\/09\/01\/expocruz-2026-acelera-preparativos-para-su-apertura-2\/#primaryimage","url":"https:\/\/www.eldiario.net\/portal\/wp-content\/uploads\/2026\/09\/EXPO-FOTO.webp","contentUrl":"https:\/\/www.eldiario.net\/portal\/wp-content\/uploads\/2026\/09\/EXPO-FOTO.webp","width":1280,"height":545,"caption":"Una versi\u00f3n anterior de la Expocruz. Foto: RRSS"},{"@type":"BreadcrumbList","@id":"https:\/\/www.eldiario.net\/portal\/2026\/09\/01\/expocruz-2026-acelera-preparativos-para-su-apertura-2\/#breadcrumb","itemListElement":[{"@type":"ListItem","position":1,"name":"Portada","item":"https:\/\/www.eldiario.net\/portal\/"},{"@type":"ListItem","position":2,"name":"Expocruz 2026 acelera preparativos para su apertura"}]},{"@type":"WebSite","@id":"https:\/\/www.eldiario.net\/portal\/#website","url":"https:\/\/www.eldiario.net\/portal\/","name":"El Diario - Decano de la prensa nacional","description":"El Diario - Decano de la prensa nacional","publisher":{"@id":"https:\/\/www.eldiario.net\/portal\/#organization"},"potentialAction":[{"@type":"SearchAction","target":{"@type":"EntryPoint","urlTemplate":"https:\/\/www.eldiario.net\/portal\/?s={search_term_string}"},"query-input":{"@type":"PropertyValueSpecification","valueRequired":true,"valueName":"search_term_string"}}],"inLanguage":"es"},{"@type":"Organization","@id":"https:\/\/www.eldiario.net\/portal\/#organization","name":"El Diario - Decano de la prensa nacional","url":"https:\/\/www.eldiario.net\/portal\/","logo":{"@type":"ImageObject","inLanguage":"es","@id":"https:\/\/www.eldiario.net\/portal\/#\/schema\/logo\/image\/","url":"https:\/\/www.eldiario.net\/portal\/wp-content\/uploads\/2023\/07\/logo_ED.jpg","contentUrl":"https:\/\/www.eldiario.net\/portal\/wp-content\/uploads\/2023\/07\/logo_ED.jpg","width":272,"height":52,"caption":"El Diario - Decano de la prensa nacional"},"image":{"@id":"https:\/\/www.eldiario.net\/portal\/#\/schema\/logo\/image\/"},"sameAs":["https:\/\/www.facebook.com\/eldiario.bolivia\/","https:\/\/x.com\/eldiario_net"]},{"@type":"Person","@id":"https:\/\/www.eldiario.net\/portal\/#\/schema\/person\/f46445640444750d7d753ccd04ae01b7","name":"Jeanette","image":{"@type":"ImageObject","inLanguage":"es","@id":"https:\/\/secure.gravatar.com\/avatar\/3ea2118a5f7dad2b7138b1187a6b7ee55f160b9968b66013c3a3ef39dd7e5798?s=96&d=mm&r=g","url":"https:\/\/secure.gravatar.com\/avatar\/3ea2118a5f7dad2b7138b1187a6b7ee55f160b9968b66013c3a3ef39dd7e5798?s=96&d=mm&r=g","contentUrl":"https:\/\/secure.gravatar.com\/avatar\/3ea2118a5f7dad2b7138b1187a6b7ee55f160b9968b66013c3a3ef39dd7e5798?s=96&d=mm&r=g","caption":"Jeanette"},"sameAs":["https:\/\/www.eldiario.net\/portal"],"url":"https:\/\/www.eldiario.net\/portal\/author\/jeanette\/"}]}},"_links":{"self":[{"href":"https:\/\/www.eldiario.net\/portal\/wp-json\/wp\/v2\/posts\/426632","targetHints":{"allow":["GET"]}}],"collection":[{"href":"https:\/\/www.eldiario.net\/portal\/wp-json\/wp\/v2\/posts"}],"about":[{"href":"https:\/\/www.eldiario.net\/portal\/wp-json\/wp\/v2\/types\/post"}],"author":[{"embeddable":true,"href":"https:\/\/www.eldiario.net\/portal\/wp-json\/wp\/v2\/users\/1"}],"replies":[{"embeddable":true,"href":"https:\/\/www.eldiario.net\/portal\/wp-json\/wp\/v2\/comments?post=426632"}],"version-history":[{"count":1,"href":"https:\/\/www.eldiario.net\/portal\/wp-json\/wp\/v2\/posts\/426632\/revisions"}],"predecessor-version":[{"id":426634,"href":"https:\/\/www.eldiario.net\/portal\/wp-json\/wp\/v2\/posts\/426632\/revisions\/426634"}],"wp:featuredmedia":[{"embeddable":true,"href":"https:\/\/www.eldiario.net\/portal\/wp-json\/wp\/v2\/media\/426633"}],"wp:attachment":[{"href":"https:\/\/www.eldiario.net\/portal\/wp-json\/wp\/v2\/media?parent=426632"}],"wp:term":[{"taxonomy":"category","embeddable":true,"href":"https:\/\/www.eldiario.net\/portal\/wp-json\/wp\/v2\/categories?post=426632"},{"taxonomy":"post_tag","embeddable":true,"href":"https:\/\/www.eldiario.net\/portal\/wp-json\/wp\/v2\/tags?post=426632"}],"curies":[{"name":"wp","href":"https:\/\/api.w.org\/{rel}","templated":true}]}}