{"id":426620,"date":"2026-09-01T06:33:15","date_gmt":"2026-09-01T10:33:15","guid":{"rendered":"https:\/\/www.eldiario.net\/portal\/?p=426620"},"modified":"2026-09-01T06:33:15","modified_gmt":"2026-09-01T10:33:15","slug":"cochabamba-reforzara-controles-y-restringira-venta-de-alcohol","status":"publish","type":"post","link":"https:\/\/www.eldiario.net\/portal\/2026\/09\/01\/cochabamba-reforzara-controles-y-restringira-venta-de-alcohol\/","title":{"rendered":"Cochabamba reforzar\u00e1 controles  y restringir\u00e1 venta de alcohol"},"content":{"rendered":"<p>Cochabamba desplegar\u00e1 operativos de control durante el D\u00eda Nacional del Peat\u00f3n y del Ciclista, previsto para este domingo 6, jornada en la que estar\u00e1 restringida la circulaci\u00f3n vehicular y se fiscalizar\u00e1 el cumplimiento de las disposiciones municipales.<\/p>\n<p>El intendente municipal, Enrique Navia, inform\u00f3 que la restricci\u00f3n para los veh\u00edculos regir\u00e1 desde las 00:00 hasta las 18:00 del domingo, por lo que recomend\u00f3 a los responsables de actividades econ\u00f3micas adoptar previsiones con anticipaci\u00f3n.<\/p>\n<p>Seg\u00fan explic\u00f3, los establecimientos que funcionen durante esa jornada deber\u00e1n sujetarse a la normativa municipal y adecuar sus actividades a las limitaciones establecidas por la celebraci\u00f3n.<\/p>\n<p>Navia tambi\u00e9n record\u00f3 que estar\u00e1 prohibido el consumo de bebidas alcoh\u00f3licas durante el D\u00eda del Peat\u00f3n. Los controles municipales verificar\u00e1n el cumplimiento de esta disposici\u00f3n, adem\u00e1s de las condiciones de higiene en los negocios que permanezcan abiertos.<\/p>\n<p>\u201cEst\u00e1 prohibido el consumo de bebidas alcoh\u00f3licas, se tiene que controlar la higiene\u201d, se\u00f1al\u00f3 la autoridad.<\/p>\n<p>Los operativos se desarrollar\u00e1n en distintos sectores de la ciudad con el objetivo de garantizar una jornada segura y facilitar la participaci\u00f3n de las familias en las actividades programadas.<\/p>\n<p>De manera paralela, las subalcald\u00edas organizar\u00e1n juegos, espacios recreativos y otras iniciativas dirigidas a ni\u00f1os, j\u00f3venes y adultos.<\/p>\n<p>\u201cTodas las subalcald\u00edas de la ciudad van a hacer actividades y juegos para que la gente disfrute\u201d, indic\u00f3 Navia.<\/p>\n<p>La jornada tambi\u00e9n estar\u00e1 orientada a promover la actividad f\u00edsica, la convivencia familiar y el uso de los espacios p\u00fablicos, adem\u00e1s de reducir durante varias horas la contaminaci\u00f3n provocada por el tr\u00e1nsito vehicular.<\/p>\n<p>Se anunci\u00f3 adem\u00e1s el refuerzo de las tareas de limpieza ante la concentraci\u00f3n de personas prevista en diferentes puntos de Cochabamba. Para ello, la Empresa Municipal de Servicio de Aseo (EMSA) tendr\u00e1 una participaci\u00f3n activa durante la jornada. (Cochabamba, agencias)<\/p>\n","protected":false},"excerpt":{"rendered":"<p>Cochabamba desplegar\u00e1 operativos de control durante el D\u00eda Nacional del Peat\u00f3n y del Ciclista, previsto para este domingo 6, jornada en la que estar\u00e1 restringida la circulaci\u00f3n vehicular y se fiscalizar\u00e1 el cumplimiento de las disposiciones municipales. El intendente municipal, Enrique Navia, inform\u00f3 que la restricci\u00f3n para los veh\u00edculos regir\u00e1 desde las 00:00 hasta las [&hellip;]<\/p>\n","protected":false},"author":1,"featured_media":426621,"comment_status":"closed","ping_status":"open","sticky":false,"template":"","format":"standard","meta":{"_acf_changed":false,"footnotes":""},"categories":[12],"tags":[],"class_list":["post-426620","post","type-post","status-publish","format-standard","has-post-thumbnail","category-nacional"],"acf":{"antetitulo":"D\u00eda del Peat\u00f3n"},"yoast_head":"<!-- This site is optimized with the Yoast SEO plugin v28.3 - https:\/\/yoast.com\/product\/yoast-seo-wordpress\/ -->\n<title>Cochabamba reforzar\u00e1 controles y restringir\u00e1 venta de alcohol - El Diario - Bolivia<\/title>\n<meta name=\"robots\" content=\"index, follow, max-snippet:-1, max-image-preview:large, max-video-preview:-1\" \/>\n<link rel=\"canonical\" href=\"https:\/\/www.eldiario.net\/portal\/2026\/09\/01\/cochabamba-reforzara-controles-y-restringira-venta-de-alcohol\/\" \/>\n<meta property=\"og:locale\" content=\"es_ES\" \/>\n<meta property=\"og:type\" content=\"article\" \/>\n<meta property=\"og:title\" content=\"Cochabamba reforzar\u00e1 controles y restringir\u00e1 venta de alcohol - El Diario - Bolivia\" \/>\n<meta property=\"og:description\" content=\"Cochabamba desplegar\u00e1 operativos de control durante el D\u00eda Nacional del Peat\u00f3n y del Ciclista, previsto para este domingo 6, jornada en la que estar\u00e1 restringida la circulaci\u00f3n vehicular y se fiscalizar\u00e1 el cumplimiento de las disposiciones municipales. El intendente municipal, Enrique Navia, inform\u00f3 que la restricci\u00f3n para los veh\u00edculos regir\u00e1 desde las 00:00 hasta las [&hellip;]\" \/>\n<meta property=\"og:url\" content=\"https:\/\/www.eldiario.net\/portal\/2026\/09\/01\/cochabamba-reforzara-controles-y-restringira-venta-de-alcohol\/\" \/>\n<meta property=\"og:site_name\" content=\"El Diario - Bolivia\" \/>\n<meta property=\"article:publisher\" content=\"https:\/\/www.facebook.com\/eldiario.bolivia\/\" \/>\n<meta property=\"article:published_time\" content=\"2026-09-01T10:33:15+00:00\" \/>\n<meta property=\"og:image\" content=\"https:\/\/www.eldiario.net\/portal\/wp-content\/uploads\/2026\/09\/TON-FOTO.webp\" \/>\n\t<meta property=\"og:image:width\" content=\"800\" \/>\n\t<meta property=\"og:image:height\" content=\"450\" \/>\n\t<meta property=\"og:image:type\" content=\"image\/webp\" \/>\n<meta name=\"author\" content=\"Jeanette\" \/>\n<meta name=\"twitter:card\" content=\"summary_large_image\" \/>\n<meta name=\"twitter:creator\" content=\"@eldiario_net\" \/>\n<meta name=\"twitter:site\" content=\"@eldiario_net\" \/>\n<meta name=\"twitter:label1\" content=\"Escrito por\" \/>\n\t<meta name=\"twitter:data1\" content=\"Jeanette\" \/>\n\t<meta name=\"twitter:label2\" content=\"Tiempo de lectura\" \/>\n\t<meta name=\"twitter:data2\" content=\"2 minutos\" \/>\n<script type=\"application\/ld+json\" class=\"yoast-schema-graph\">{\"@context\":\"https:\\\/\\\/schema.org\",\"@graph\":[{\"@type\":\"Article\",\"@id\":\"https:\\\/\\\/www.eldiario.net\\\/portal\\\/2026\\\/09\\\/01\\\/cochabamba-reforzara-controles-y-restringira-venta-de-alcohol\\\/#article\",\"isPartOf\":{\"@id\":\"https:\\\/\\\/www.eldiario.net\\\/portal\\\/2026\\\/09\\\/01\\\/cochabamba-reforzara-controles-y-restringira-venta-de-alcohol\\\/\"},\"author\":{\"name\":\"Jeanette\",\"@id\":\"https:\\\/\\\/www.eldiario.net\\\/portal\\\/#\\\/schema\\\/person\\\/f46445640444750d7d753ccd04ae01b7\"},\"headline\":\"Cochabamba reforzar\u00e1 controles y restringir\u00e1 venta de alcohol\",\"datePublished\":\"2026-09-01T10:33:15+00:00\",\"mainEntityOfPage\":{\"@id\":\"https:\\\/\\\/www.eldiario.net\\\/portal\\\/2026\\\/09\\\/01\\\/cochabamba-reforzara-controles-y-restringira-venta-de-alcohol\\\/\"},\"wordCount\":330,\"publisher\":{\"@id\":\"https:\\\/\\\/www.eldiario.net\\\/portal\\\/#organization\"},\"image\":{\"@id\":\"https:\\\/\\\/www.eldiario.net\\\/portal\\\/2026\\\/09\\\/01\\\/cochabamba-reforzara-controles-y-restringira-venta-de-alcohol\\\/#primaryimage\"},\"thumbnailUrl\":\"https:\\\/\\\/www.eldiario.net\\\/portal\\\/wp-content\\\/uploads\\\/2026\\\/09\\\/TON-FOTO.webp\",\"articleSection\":[\"Nacional\"],\"inLanguage\":\"es\"},{\"@type\":\"WebPage\",\"@id\":\"https:\\\/\\\/www.eldiario.net\\\/portal\\\/2026\\\/09\\\/01\\\/cochabamba-reforzara-controles-y-restringira-venta-de-alcohol\\\/\",\"url\":\"https:\\\/\\\/www.eldiario.net\\\/portal\\\/2026\\\/09\\\/01\\\/cochabamba-reforzara-controles-y-restringira-venta-de-alcohol\\\/\",\"name\":\"Cochabamba reforzar\u00e1 controles y restringir\u00e1 venta de alcohol - El Diario - Bolivia\",\"isPartOf\":{\"@id\":\"https:\\\/\\\/www.eldiario.net\\\/portal\\\/#website\"},\"primaryImageOfPage\":{\"@id\":\"https:\\\/\\\/www.eldiario.net\\\/portal\\\/2026\\\/09\\\/01\\\/cochabamba-reforzara-controles-y-restringira-venta-de-alcohol\\\/#primaryimage\"},\"image\":{\"@id\":\"https:\\\/\\\/www.eldiario.net\\\/portal\\\/2026\\\/09\\\/01\\\/cochabamba-reforzara-controles-y-restringira-venta-de-alcohol\\\/#primaryimage\"},\"thumbnailUrl\":\"https:\\\/\\\/www.eldiario.net\\\/portal\\\/wp-content\\\/uploads\\\/2026\\\/09\\\/TON-FOTO.webp\",\"datePublished\":\"2026-09-01T10:33:15+00:00\",\"breadcrumb\":{\"@id\":\"https:\\\/\\\/www.eldiario.net\\\/portal\\\/2026\\\/09\\\/01\\\/cochabamba-reforzara-controles-y-restringira-venta-de-alcohol\\\/#breadcrumb\"},\"inLanguage\":\"es\",\"potentialAction\":[{\"@type\":\"ReadAction\",\"target\":[\"https:\\\/\\\/www.eldiario.net\\\/portal\\\/2026\\\/09\\\/01\\\/cochabamba-reforzara-controles-y-restringira-venta-de-alcohol\\\/\"]}]},{\"@type\":\"ImageObject\",\"inLanguage\":\"es\",\"@id\":\"https:\\\/\\\/www.eldiario.net\\\/portal\\\/2026\\\/09\\\/01\\\/cochabamba-reforzara-controles-y-restringira-venta-de-alcohol\\\/#primaryimage\",\"url\":\"https:\\\/\\\/www.eldiario.net\\\/portal\\\/wp-content\\\/uploads\\\/2026\\\/09\\\/TON-FOTO.webp\",\"contentUrl\":\"https:\\\/\\\/www.eldiario.net\\\/portal\\\/wp-content\\\/uploads\\\/2026\\\/09\\\/TON-FOTO.webp\",\"width\":800,\"height\":450,\"caption\":\"Cochabamba vivir\u00e1 este domingo una jornada diferente. Foto: RRSS\"},{\"@type\":\"BreadcrumbList\",\"@id\":\"https:\\\/\\\/www.eldiario.net\\\/portal\\\/2026\\\/09\\\/01\\\/cochabamba-reforzara-controles-y-restringira-venta-de-alcohol\\\/#breadcrumb\",\"itemListElement\":[{\"@type\":\"ListItem\",\"position\":1,\"name\":\"Portada\",\"item\":\"https:\\\/\\\/www.eldiario.net\\\/portal\\\/\"},{\"@type\":\"ListItem\",\"position\":2,\"name\":\"Cochabamba reforzar\u00e1 controles y restringir\u00e1 venta de alcohol\"}]},{\"@type\":\"WebSite\",\"@id\":\"https:\\\/\\\/www.eldiario.net\\\/portal\\\/#website\",\"url\":\"https:\\\/\\\/www.eldiario.net\\\/portal\\\/\",\"name\":\"El Diario - Decano de la prensa nacional\",\"description\":\"El Diario - Decano de la prensa nacional\",\"publisher\":{\"@id\":\"https:\\\/\\\/www.eldiario.net\\\/portal\\\/#organization\"},\"potentialAction\":[{\"@type\":\"SearchAction\",\"target\":{\"@type\":\"EntryPoint\",\"urlTemplate\":\"https:\\\/\\\/www.eldiario.net\\\/portal\\\/?s={search_term_string}\"},\"query-input\":{\"@type\":\"PropertyValueSpecification\",\"valueRequired\":true,\"valueName\":\"search_term_string\"}}],\"inLanguage\":\"es\"},{\"@type\":\"Organization\",\"@id\":\"https:\\\/\\\/www.eldiario.net\\\/portal\\\/#organization\",\"name\":\"El Diario - Decano de la prensa nacional\",\"url\":\"https:\\\/\\\/www.eldiario.net\\\/portal\\\/\",\"logo\":{\"@type\":\"ImageObject\",\"inLanguage\":\"es\",\"@id\":\"https:\\\/\\\/www.eldiario.net\\\/portal\\\/#\\\/schema\\\/logo\\\/image\\\/\",\"url\":\"https:\\\/\\\/www.eldiario.net\\\/portal\\\/wp-content\\\/uploads\\\/2023\\\/07\\\/logo_ED.jpg\",\"contentUrl\":\"https:\\\/\\\/www.eldiario.net\\\/portal\\\/wp-content\\\/uploads\\\/2023\\\/07\\\/logo_ED.jpg\",\"width\":272,\"height\":52,\"caption\":\"El Diario - Decano de la prensa nacional\"},\"image\":{\"@id\":\"https:\\\/\\\/www.eldiario.net\\\/portal\\\/#\\\/schema\\\/logo\\\/image\\\/\"},\"sameAs\":[\"https:\\\/\\\/www.facebook.com\\\/eldiario.bolivia\\\/\",\"https:\\\/\\\/x.com\\\/eldiario_net\"]},{\"@type\":\"Person\",\"@id\":\"https:\\\/\\\/www.eldiario.net\\\/portal\\\/#\\\/schema\\\/person\\\/f46445640444750d7d753ccd04ae01b7\",\"name\":\"Jeanette\",\"image\":{\"@type\":\"ImageObject\",\"inLanguage\":\"es\",\"@id\":\"https:\\\/\\\/secure.gravatar.com\\\/avatar\\\/3ea2118a5f7dad2b7138b1187a6b7ee55f160b9968b66013c3a3ef39dd7e5798?s=96&d=mm&r=g\",\"url\":\"https:\\\/\\\/secure.gravatar.com\\\/avatar\\\/3ea2118a5f7dad2b7138b1187a6b7ee55f160b9968b66013c3a3ef39dd7e5798?s=96&d=mm&r=g\",\"contentUrl\":\"https:\\\/\\\/secure.gravatar.com\\\/avatar\\\/3ea2118a5f7dad2b7138b1187a6b7ee55f160b9968b66013c3a3ef39dd7e5798?s=96&d=mm&r=g\",\"caption\":\"Jeanette\"},\"sameAs\":[\"https:\\\/\\\/www.eldiario.net\\\/portal\"],\"url\":\"https:\\\/\\\/www.eldiario.net\\\/portal\\\/author\\\/jeanette\\\/\"}]}<\/script>\n<!-- \/ Yoast SEO plugin. -->","yoast_head_json":{"title":"Cochabamba reforzar\u00e1 controles y restringir\u00e1 venta de alcohol - El Diario - Bolivia","robots":{"index":"index","follow":"follow","max-snippet":"max-snippet:-1","max-image-preview":"max-image-preview:large","max-video-preview":"max-video-preview:-1"},"canonical":"https:\/\/www.eldiario.net\/portal\/2026\/09\/01\/cochabamba-reforzara-controles-y-restringira-venta-de-alcohol\/","og_locale":"es_ES","og_type":"article","og_title":"Cochabamba reforzar\u00e1 controles y restringir\u00e1 venta de alcohol - El Diario - Bolivia","og_description":"Cochabamba desplegar\u00e1 operativos de control durante el D\u00eda Nacional del Peat\u00f3n y del Ciclista, previsto para este domingo 6, jornada en la que estar\u00e1 restringida la circulaci\u00f3n vehicular y se fiscalizar\u00e1 el cumplimiento de las disposiciones municipales. El intendente municipal, Enrique Navia, inform\u00f3 que la restricci\u00f3n para los veh\u00edculos regir\u00e1 desde las 00:00 hasta las [&hellip;]","og_url":"https:\/\/www.eldiario.net\/portal\/2026\/09\/01\/cochabamba-reforzara-controles-y-restringira-venta-de-alcohol\/","og_site_name":"El Diario - Bolivia","article_publisher":"https:\/\/www.facebook.com\/eldiario.bolivia\/","article_published_time":"2026-09-01T10:33:15+00:00","og_image":[{"width":800,"height":450,"url":"https:\/\/www.eldiario.net\/portal\/wp-content\/uploads\/2026\/09\/TON-FOTO.webp","type":"image\/webp"}],"author":"Jeanette","twitter_card":"summary_large_image","twitter_creator":"@eldiario_net","twitter_site":"@eldiario_net","twitter_misc":{"Escrito por":"Jeanette","Tiempo de lectura":"2 minutos"},"schema":{"@context":"https:\/\/schema.org","@graph":[{"@type":"Article","@id":"https:\/\/www.eldiario.net\/portal\/2026\/09\/01\/cochabamba-reforzara-controles-y-restringira-venta-de-alcohol\/#article","isPartOf":{"@id":"https:\/\/www.eldiario.net\/portal\/2026\/09\/01\/cochabamba-reforzara-controles-y-restringira-venta-de-alcohol\/"},"author":{"name":"Jeanette","@id":"https:\/\/www.eldiario.net\/portal\/#\/schema\/person\/f46445640444750d7d753ccd04ae01b7"},"headline":"Cochabamba reforzar\u00e1 controles y restringir\u00e1 venta de alcohol","datePublished":"2026-09-01T10:33:15+00:00","mainEntityOfPage":{"@id":"https:\/\/www.eldiario.net\/portal\/2026\/09\/01\/cochabamba-reforzara-controles-y-restringira-venta-de-alcohol\/"},"wordCount":330,"publisher":{"@id":"https:\/\/www.eldiario.net\/portal\/#organization"},"image":{"@id":"https:\/\/www.eldiario.net\/portal\/2026\/09\/01\/cochabamba-reforzara-controles-y-restringira-venta-de-alcohol\/#primaryimage"},"thumbnailUrl":"https:\/\/www.eldiario.net\/portal\/wp-content\/uploads\/2026\/09\/TON-FOTO.webp","articleSection":["Nacional"],"inLanguage":"es"},{"@type":"WebPage","@id":"https:\/\/www.eldiario.net\/portal\/2026\/09\/01\/cochabamba-reforzara-controles-y-restringira-venta-de-alcohol\/","url":"https:\/\/www.eldiario.net\/portal\/2026\/09\/01\/cochabamba-reforzara-controles-y-restringira-venta-de-alcohol\/","name":"Cochabamba reforzar\u00e1 controles y restringir\u00e1 venta de alcohol - El Diario - Bolivia","isPartOf":{"@id":"https:\/\/www.eldiario.net\/portal\/#website"},"primaryImageOfPage":{"@id":"https:\/\/www.eldiario.net\/portal\/2026\/09\/01\/cochabamba-reforzara-controles-y-restringira-venta-de-alcohol\/#primaryimage"},"image":{"@id":"https:\/\/www.eldiario.net\/portal\/2026\/09\/01\/cochabamba-reforzara-controles-y-restringira-venta-de-alcohol\/#primaryimage"},"thumbnailUrl":"https:\/\/www.eldiario.net\/portal\/wp-content\/uploads\/2026\/09\/TON-FOTO.webp","datePublished":"2026-09-01T10:33:15+00:00","breadcrumb":{"@id":"https:\/\/www.eldiario.net\/portal\/2026\/09\/01\/cochabamba-reforzara-controles-y-restringira-venta-de-alcohol\/#breadcrumb"},"inLanguage":"es","potentialAction":[{"@type":"ReadAction","target":["https:\/\/www.eldiario.net\/portal\/2026\/09\/01\/cochabamba-reforzara-controles-y-restringira-venta-de-alcohol\/"]}]},{"@type":"ImageObject","inLanguage":"es","@id":"https:\/\/www.eldiario.net\/portal\/2026\/09\/01\/cochabamba-reforzara-controles-y-restringira-venta-de-alcohol\/#primaryimage","url":"https:\/\/www.eldiario.net\/portal\/wp-content\/uploads\/2026\/09\/TON-FOTO.webp","contentUrl":"https:\/\/www.eldiario.net\/portal\/wp-content\/uploads\/2026\/09\/TON-FOTO.webp","width":800,"height":450,"caption":"Cochabamba vivir\u00e1 este domingo una jornada diferente. Foto: RRSS"},{"@type":"BreadcrumbList","@id":"https:\/\/www.eldiario.net\/portal\/2026\/09\/01\/cochabamba-reforzara-controles-y-restringira-venta-de-alcohol\/#breadcrumb","itemListElement":[{"@type":"ListItem","position":1,"name":"Portada","item":"https:\/\/www.eldiario.net\/portal\/"},{"@type":"ListItem","position":2,"name":"Cochabamba reforzar\u00e1 controles y restringir\u00e1 venta de alcohol"}]},{"@type":"WebSite","@id":"https:\/\/www.eldiario.net\/portal\/#website","url":"https:\/\/www.eldiario.net\/portal\/","name":"El Diario - Decano de la prensa nacional","description":"El Diario - Decano de la prensa nacional","publisher":{"@id":"https:\/\/www.eldiario.net\/portal\/#organization"},"potentialAction":[{"@type":"SearchAction","target":{"@type":"EntryPoint","urlTemplate":"https:\/\/www.eldiario.net\/portal\/?s={search_term_string}"},"query-input":{"@type":"PropertyValueSpecification","valueRequired":true,"valueName":"search_term_string"}}],"inLanguage":"es"},{"@type":"Organization","@id":"https:\/\/www.eldiario.net\/portal\/#organization","name":"El Diario - Decano de la prensa nacional","url":"https:\/\/www.eldiario.net\/portal\/","logo":{"@type":"ImageObject","inLanguage":"es","@id":"https:\/\/www.eldiario.net\/portal\/#\/schema\/logo\/image\/","url":"https:\/\/www.eldiario.net\/portal\/wp-content\/uploads\/2023\/07\/logo_ED.jpg","contentUrl":"https:\/\/www.eldiario.net\/portal\/wp-content\/uploads\/2023\/07\/logo_ED.jpg","width":272,"height":52,"caption":"El Diario - Decano de la prensa nacional"},"image":{"@id":"https:\/\/www.eldiario.net\/portal\/#\/schema\/logo\/image\/"},"sameAs":["https:\/\/www.facebook.com\/eldiario.bolivia\/","https:\/\/x.com\/eldiario_net"]},{"@type":"Person","@id":"https:\/\/www.eldiario.net\/portal\/#\/schema\/person\/f46445640444750d7d753ccd04ae01b7","name":"Jeanette","image":{"@type":"ImageObject","inLanguage":"es","@id":"https:\/\/secure.gravatar.com\/avatar\/3ea2118a5f7dad2b7138b1187a6b7ee55f160b9968b66013c3a3ef39dd7e5798?s=96&d=mm&r=g","url":"https:\/\/secure.gravatar.com\/avatar\/3ea2118a5f7dad2b7138b1187a6b7ee55f160b9968b66013c3a3ef39dd7e5798?s=96&d=mm&r=g","contentUrl":"https:\/\/secure.gravatar.com\/avatar\/3ea2118a5f7dad2b7138b1187a6b7ee55f160b9968b66013c3a3ef39dd7e5798?s=96&d=mm&r=g","caption":"Jeanette"},"sameAs":["https:\/\/www.eldiario.net\/portal"],"url":"https:\/\/www.eldiario.net\/portal\/author\/jeanette\/"}]}},"_links":{"self":[{"href":"https:\/\/www.eldiario.net\/portal\/wp-json\/wp\/v2\/posts\/426620","targetHints":{"allow":["GET"]}}],"collection":[{"href":"https:\/\/www.eldiario.net\/portal\/wp-json\/wp\/v2\/posts"}],"about":[{"href":"https:\/\/www.eldiario.net\/portal\/wp-json\/wp\/v2\/types\/post"}],"author":[{"embeddable":true,"href":"https:\/\/www.eldiario.net\/portal\/wp-json\/wp\/v2\/users\/1"}],"replies":[{"embeddable":true,"href":"https:\/\/www.eldiario.net\/portal\/wp-json\/wp\/v2\/comments?post=426620"}],"version-history":[{"count":1,"href":"https:\/\/www.eldiario.net\/portal\/wp-json\/wp\/v2\/posts\/426620\/revisions"}],"predecessor-version":[{"id":426622,"href":"https:\/\/www.eldiario.net\/portal\/wp-json\/wp\/v2\/posts\/426620\/revisions\/426622"}],"wp:featuredmedia":[{"embeddable":true,"href":"https:\/\/www.eldiario.net\/portal\/wp-json\/wp\/v2\/media\/426621"}],"wp:attachment":[{"href":"https:\/\/www.eldiario.net\/portal\/wp-json\/wp\/v2\/media?parent=426620"}],"wp:term":[{"taxonomy":"category","embeddable":true,"href":"https:\/\/www.eldiario.net\/portal\/wp-json\/wp\/v2\/categories?post=426620"},{"taxonomy":"post_tag","embeddable":true,"href":"https:\/\/www.eldiario.net\/portal\/wp-json\/wp\/v2\/tags?post=426620"}],"curies":[{"name":"wp","href":"https:\/\/api.w.org\/{rel}","templated":true}]}}