{"id":426614,"date":"2026-09-01T06:31:02","date_gmt":"2026-09-01T10:31:02","guid":{"rendered":"https:\/\/www.eldiario.net\/portal\/?p=426614"},"modified":"2026-09-01T06:31:02","modified_gmt":"2026-09-01T10:31:02","slug":"aparece-supuesto-sicario-del-caso-beller","status":"publish","type":"post","link":"https:\/\/www.eldiario.net\/portal\/2026\/09\/01\/aparece-supuesto-sicario-del-caso-beller\/","title":{"rendered":"Aparece supuesto  sicario del caso Beller"},"content":{"rendered":"<p>El hombre identificado como Aldo Silva Pe\u00f1a, alias \u2018el Juancho\u2019, se\u00f1alado por la Polic\u00eda como quien dispar\u00f3 contra Nadia Beller, apareci\u00f3 en un video en el que asegura que el atentado ten\u00eda otro objetivo.<\/p>\n<p>Seg\u00fan su versi\u00f3n, reflejada en un video difundido desde la clandestinidad, la orden no era matar a Beller, sino darle un \u201csusto\u201d, mientras que la persona que deb\u00eda ser asesinada era alguien de nacionalidad argentina.<\/p>\n<p>\u201cEl objetivo principal, desde que se empez\u00f3 esto, era no matar a esa se\u00f1ora, la choca, no hab\u00eda que matarla. A esa se\u00f1ora hab\u00eda la que pegarle un susto. El prop\u00f3sito era matar a otra persona, pero a ella no, a una persona extranjera, una persona de nacionalidad gaucha, argentina. Entonces, en ning\u00fan momento, desde que se plane\u00f3 todo esto, la intenci\u00f3n no fue matarla\u201d, se\u00f1al\u00f3.<\/p>\n<p>Silva Pe\u00f1a dijo que decidi\u00f3 difundir el video para desmentir las acusaciones en su contra y defender a otras personas que supuestamente est\u00e1n siendo vinculadas injustamente con el caso.<\/p>\n<p>Su relato tambi\u00e9n introdujo sobrenombres y lugares que, de acuerdo con su propia declaraci\u00f3n, estar\u00edan relacionados con la planificaci\u00f3n del hecho, apuntando que por encima suyo hab\u00eda tres personas que \u201cfueron los que pagaron y mandaron a hacer esto\u201d y que \u00e9l fue contactado telef\u00f3nicamente por un hombre al que identifica como \u2018To\u00f1o\u2019, quien, seg\u00fan dijo, trabaja en la Gobernaci\u00f3n de Cochabamba.<\/p>\n<p>El sujeto mencion\u00f3 a otra persona a la que identific\u00f3 como \u201cun tal Chino\u201d, a quien atribuye tareas de seguimiento e inteligencia sobre Beller, agregando que fue enviado en dos ocasiones a Bulo Bulo: la primera, para recibir tel\u00e9fonos e informaci\u00f3n relacionada con el caso y la segunda para recoger dinero y recibir nuevas instrucciones.<\/p>\n<p>Seg\u00fan el relato difundido, el plan respecto de Beller era intimidarla y no quitarle la vida ni quitarle los tel\u00e9fonos.<\/p>\n<p>Su versi\u00f3n tambi\u00e9n establece una estructura de participaci\u00f3n en la que \u00e9l se ubica en un nivel intermedio, ya que debajo suyo hab\u00eda cuatro personas, dos de nacionalidad colombiana y dos brasile\u00f1as y que por encima estaban las tres personas que, seg\u00fan su declaraci\u00f3n, hab\u00edan pagado y ordenado el atentado.<\/p>\n<p>No obstante, Silva Pe\u00f1a neg\u00f3 haber sido el autor material del ataque, alegando que no accion\u00f3 el arma ni condujo la motocicleta y que su participaci\u00f3n se limit\u00f3 a \u201ccierta log\u00edstica\u201d.<\/p>\n<p>El video termina con un pedido de garant\u00edas para una eventual entrega, apuntando que teme por su vida y sostuvo que quienes supuestamente lo contrataron podr\u00edan intentar silenciarlo y que son personas que \u201ctienen bastante poder, tienen bastante hilos pol\u00edticos\u201d. (Unitel)<\/p>\n","protected":false},"excerpt":{"rendered":"<p>El hombre identificado como Aldo Silva Pe\u00f1a, alias \u2018el Juancho\u2019, se\u00f1alado por la Polic\u00eda como quien dispar\u00f3 contra Nadia Beller, apareci\u00f3 en un video en el que asegura que el atentado ten\u00eda otro objetivo. Seg\u00fan su versi\u00f3n, reflejada en un video difundido desde la clandestinidad, la orden no era matar a Beller, sino darle un [&hellip;]<\/p>\n","protected":false},"author":1,"featured_media":426615,"comment_status":"closed","ping_status":"open","sticky":false,"template":"","format":"standard","meta":{"_acf_changed":false,"footnotes":""},"categories":[39],"tags":[],"class_list":["post-426614","post","type-post","status-publish","format-standard","has-post-thumbnail","category-sociedad"],"acf":{"antetitulo":""},"yoast_head":"<!-- This site is optimized with the Yoast SEO plugin v28.3 - https:\/\/yoast.com\/product\/yoast-seo-wordpress\/ -->\n<title>Aparece supuesto sicario del caso Beller - El Diario - Bolivia<\/title>\n<meta name=\"robots\" content=\"index, follow, max-snippet:-1, max-image-preview:large, max-video-preview:-1\" \/>\n<link rel=\"canonical\" href=\"https:\/\/www.eldiario.net\/portal\/2026\/09\/01\/aparece-supuesto-sicario-del-caso-beller\/\" \/>\n<meta property=\"og:locale\" content=\"es_ES\" \/>\n<meta property=\"og:type\" content=\"article\" \/>\n<meta property=\"og:title\" content=\"Aparece supuesto sicario del caso Beller - El Diario - Bolivia\" \/>\n<meta property=\"og:description\" content=\"El hombre identificado como Aldo Silva Pe\u00f1a, alias \u2018el Juancho\u2019, se\u00f1alado por la Polic\u00eda como quien dispar\u00f3 contra Nadia Beller, apareci\u00f3 en un video en el que asegura que el atentado ten\u00eda otro objetivo. Seg\u00fan su versi\u00f3n, reflejada en un video difundido desde la clandestinidad, la orden no era matar a Beller, sino darle un [&hellip;]\" \/>\n<meta property=\"og:url\" content=\"https:\/\/www.eldiario.net\/portal\/2026\/09\/01\/aparece-supuesto-sicario-del-caso-beller\/\" \/>\n<meta property=\"og:site_name\" content=\"El Diario - Bolivia\" \/>\n<meta property=\"article:publisher\" content=\"https:\/\/www.facebook.com\/eldiario.bolivia\/\" \/>\n<meta property=\"article:published_time\" content=\"2026-09-01T10:31:02+00:00\" \/>\n<meta property=\"og:image\" content=\"https:\/\/www.eldiario.net\/portal\/wp-content\/uploads\/2026\/09\/APARECE-FOTO.webp\" \/>\n\t<meta property=\"og:image:width\" content=\"1280\" \/>\n\t<meta property=\"og:image:height\" content=\"545\" \/>\n\t<meta property=\"og:image:type\" content=\"image\/webp\" \/>\n<meta name=\"author\" content=\"Jeanette\" \/>\n<meta name=\"twitter:card\" content=\"summary_large_image\" \/>\n<meta name=\"twitter:creator\" content=\"@eldiario_net\" \/>\n<meta name=\"twitter:site\" content=\"@eldiario_net\" \/>\n<meta name=\"twitter:label1\" content=\"Escrito por\" \/>\n\t<meta name=\"twitter:data1\" content=\"Jeanette\" \/>\n\t<meta name=\"twitter:label2\" content=\"Tiempo de lectura\" \/>\n\t<meta name=\"twitter:data2\" content=\"3 minutos\" \/>\n<script type=\"application\/ld+json\" class=\"yoast-schema-graph\">{\"@context\":\"https:\\\/\\\/schema.org\",\"@graph\":[{\"@type\":\"Article\",\"@id\":\"https:\\\/\\\/www.eldiario.net\\\/portal\\\/2026\\\/09\\\/01\\\/aparece-supuesto-sicario-del-caso-beller\\\/#article\",\"isPartOf\":{\"@id\":\"https:\\\/\\\/www.eldiario.net\\\/portal\\\/2026\\\/09\\\/01\\\/aparece-supuesto-sicario-del-caso-beller\\\/\"},\"author\":{\"name\":\"Jeanette\",\"@id\":\"https:\\\/\\\/www.eldiario.net\\\/portal\\\/#\\\/schema\\\/person\\\/f46445640444750d7d753ccd04ae01b7\"},\"headline\":\"Aparece supuesto sicario del caso Beller\",\"datePublished\":\"2026-09-01T10:31:02+00:00\",\"mainEntityOfPage\":{\"@id\":\"https:\\\/\\\/www.eldiario.net\\\/portal\\\/2026\\\/09\\\/01\\\/aparece-supuesto-sicario-del-caso-beller\\\/\"},\"wordCount\":473,\"publisher\":{\"@id\":\"https:\\\/\\\/www.eldiario.net\\\/portal\\\/#organization\"},\"image\":{\"@id\":\"https:\\\/\\\/www.eldiario.net\\\/portal\\\/2026\\\/09\\\/01\\\/aparece-supuesto-sicario-del-caso-beller\\\/#primaryimage\"},\"thumbnailUrl\":\"https:\\\/\\\/www.eldiario.net\\\/portal\\\/wp-content\\\/uploads\\\/2026\\\/09\\\/APARECE-FOTO.webp\",\"articleSection\":[\"Sociedad - Seguridad\"],\"inLanguage\":\"es\"},{\"@type\":\"WebPage\",\"@id\":\"https:\\\/\\\/www.eldiario.net\\\/portal\\\/2026\\\/09\\\/01\\\/aparece-supuesto-sicario-del-caso-beller\\\/\",\"url\":\"https:\\\/\\\/www.eldiario.net\\\/portal\\\/2026\\\/09\\\/01\\\/aparece-supuesto-sicario-del-caso-beller\\\/\",\"name\":\"Aparece supuesto sicario del caso Beller - El Diario - Bolivia\",\"isPartOf\":{\"@id\":\"https:\\\/\\\/www.eldiario.net\\\/portal\\\/#website\"},\"primaryImageOfPage\":{\"@id\":\"https:\\\/\\\/www.eldiario.net\\\/portal\\\/2026\\\/09\\\/01\\\/aparece-supuesto-sicario-del-caso-beller\\\/#primaryimage\"},\"image\":{\"@id\":\"https:\\\/\\\/www.eldiario.net\\\/portal\\\/2026\\\/09\\\/01\\\/aparece-supuesto-sicario-del-caso-beller\\\/#primaryimage\"},\"thumbnailUrl\":\"https:\\\/\\\/www.eldiario.net\\\/portal\\\/wp-content\\\/uploads\\\/2026\\\/09\\\/APARECE-FOTO.webp\",\"datePublished\":\"2026-09-01T10:31:02+00:00\",\"breadcrumb\":{\"@id\":\"https:\\\/\\\/www.eldiario.net\\\/portal\\\/2026\\\/09\\\/01\\\/aparece-supuesto-sicario-del-caso-beller\\\/#breadcrumb\"},\"inLanguage\":\"es\",\"potentialAction\":[{\"@type\":\"ReadAction\",\"target\":[\"https:\\\/\\\/www.eldiario.net\\\/portal\\\/2026\\\/09\\\/01\\\/aparece-supuesto-sicario-del-caso-beller\\\/\"]}]},{\"@type\":\"ImageObject\",\"inLanguage\":\"es\",\"@id\":\"https:\\\/\\\/www.eldiario.net\\\/portal\\\/2026\\\/09\\\/01\\\/aparece-supuesto-sicario-del-caso-beller\\\/#primaryimage\",\"url\":\"https:\\\/\\\/www.eldiario.net\\\/portal\\\/wp-content\\\/uploads\\\/2026\\\/09\\\/APARECE-FOTO.webp\",\"contentUrl\":\"https:\\\/\\\/www.eldiario.net\\\/portal\\\/wp-content\\\/uploads\\\/2026\\\/09\\\/APARECE-FOTO.webp\",\"width\":1280,\"height\":545,\"caption\":\"El supuesto sicario (izq), a la derecha la escena del atentado contra Nadia Beller. Foto: Unitel\"},{\"@type\":\"BreadcrumbList\",\"@id\":\"https:\\\/\\\/www.eldiario.net\\\/portal\\\/2026\\\/09\\\/01\\\/aparece-supuesto-sicario-del-caso-beller\\\/#breadcrumb\",\"itemListElement\":[{\"@type\":\"ListItem\",\"position\":1,\"name\":\"Portada\",\"item\":\"https:\\\/\\\/www.eldiario.net\\\/portal\\\/\"},{\"@type\":\"ListItem\",\"position\":2,\"name\":\"Aparece supuesto sicario del caso Beller\"}]},{\"@type\":\"WebSite\",\"@id\":\"https:\\\/\\\/www.eldiario.net\\\/portal\\\/#website\",\"url\":\"https:\\\/\\\/www.eldiario.net\\\/portal\\\/\",\"name\":\"El Diario - Decano de la prensa nacional\",\"description\":\"El Diario - Decano de la prensa nacional\",\"publisher\":{\"@id\":\"https:\\\/\\\/www.eldiario.net\\\/portal\\\/#organization\"},\"potentialAction\":[{\"@type\":\"SearchAction\",\"target\":{\"@type\":\"EntryPoint\",\"urlTemplate\":\"https:\\\/\\\/www.eldiario.net\\\/portal\\\/?s={search_term_string}\"},\"query-input\":{\"@type\":\"PropertyValueSpecification\",\"valueRequired\":true,\"valueName\":\"search_term_string\"}}],\"inLanguage\":\"es\"},{\"@type\":\"Organization\",\"@id\":\"https:\\\/\\\/www.eldiario.net\\\/portal\\\/#organization\",\"name\":\"El Diario - Decano de la prensa nacional\",\"url\":\"https:\\\/\\\/www.eldiario.net\\\/portal\\\/\",\"logo\":{\"@type\":\"ImageObject\",\"inLanguage\":\"es\",\"@id\":\"https:\\\/\\\/www.eldiario.net\\\/portal\\\/#\\\/schema\\\/logo\\\/image\\\/\",\"url\":\"https:\\\/\\\/www.eldiario.net\\\/portal\\\/wp-content\\\/uploads\\\/2023\\\/07\\\/logo_ED.jpg\",\"contentUrl\":\"https:\\\/\\\/www.eldiario.net\\\/portal\\\/wp-content\\\/uploads\\\/2023\\\/07\\\/logo_ED.jpg\",\"width\":272,\"height\":52,\"caption\":\"El Diario - Decano de la prensa nacional\"},\"image\":{\"@id\":\"https:\\\/\\\/www.eldiario.net\\\/portal\\\/#\\\/schema\\\/logo\\\/image\\\/\"},\"sameAs\":[\"https:\\\/\\\/www.facebook.com\\\/eldiario.bolivia\\\/\",\"https:\\\/\\\/x.com\\\/eldiario_net\"]},{\"@type\":\"Person\",\"@id\":\"https:\\\/\\\/www.eldiario.net\\\/portal\\\/#\\\/schema\\\/person\\\/f46445640444750d7d753ccd04ae01b7\",\"name\":\"Jeanette\",\"image\":{\"@type\":\"ImageObject\",\"inLanguage\":\"es\",\"@id\":\"https:\\\/\\\/secure.gravatar.com\\\/avatar\\\/3ea2118a5f7dad2b7138b1187a6b7ee55f160b9968b66013c3a3ef39dd7e5798?s=96&d=mm&r=g\",\"url\":\"https:\\\/\\\/secure.gravatar.com\\\/avatar\\\/3ea2118a5f7dad2b7138b1187a6b7ee55f160b9968b66013c3a3ef39dd7e5798?s=96&d=mm&r=g\",\"contentUrl\":\"https:\\\/\\\/secure.gravatar.com\\\/avatar\\\/3ea2118a5f7dad2b7138b1187a6b7ee55f160b9968b66013c3a3ef39dd7e5798?s=96&d=mm&r=g\",\"caption\":\"Jeanette\"},\"sameAs\":[\"https:\\\/\\\/www.eldiario.net\\\/portal\"],\"url\":\"https:\\\/\\\/www.eldiario.net\\\/portal\\\/author\\\/jeanette\\\/\"}]}<\/script>\n<!-- \/ Yoast SEO plugin. -->","yoast_head_json":{"title":"Aparece supuesto sicario del caso Beller - El Diario - Bolivia","robots":{"index":"index","follow":"follow","max-snippet":"max-snippet:-1","max-image-preview":"max-image-preview:large","max-video-preview":"max-video-preview:-1"},"canonical":"https:\/\/www.eldiario.net\/portal\/2026\/09\/01\/aparece-supuesto-sicario-del-caso-beller\/","og_locale":"es_ES","og_type":"article","og_title":"Aparece supuesto sicario del caso Beller - El Diario - Bolivia","og_description":"El hombre identificado como Aldo Silva Pe\u00f1a, alias \u2018el Juancho\u2019, se\u00f1alado por la Polic\u00eda como quien dispar\u00f3 contra Nadia Beller, apareci\u00f3 en un video en el que asegura que el atentado ten\u00eda otro objetivo. Seg\u00fan su versi\u00f3n, reflejada en un video difundido desde la clandestinidad, la orden no era matar a Beller, sino darle un [&hellip;]","og_url":"https:\/\/www.eldiario.net\/portal\/2026\/09\/01\/aparece-supuesto-sicario-del-caso-beller\/","og_site_name":"El Diario - Bolivia","article_publisher":"https:\/\/www.facebook.com\/eldiario.bolivia\/","article_published_time":"2026-09-01T10:31:02+00:00","og_image":[{"width":1280,"height":545,"url":"https:\/\/www.eldiario.net\/portal\/wp-content\/uploads\/2026\/09\/APARECE-FOTO.webp","type":"image\/webp"}],"author":"Jeanette","twitter_card":"summary_large_image","twitter_creator":"@eldiario_net","twitter_site":"@eldiario_net","twitter_misc":{"Escrito por":"Jeanette","Tiempo de lectura":"3 minutos"},"schema":{"@context":"https:\/\/schema.org","@graph":[{"@type":"Article","@id":"https:\/\/www.eldiario.net\/portal\/2026\/09\/01\/aparece-supuesto-sicario-del-caso-beller\/#article","isPartOf":{"@id":"https:\/\/www.eldiario.net\/portal\/2026\/09\/01\/aparece-supuesto-sicario-del-caso-beller\/"},"author":{"name":"Jeanette","@id":"https:\/\/www.eldiario.net\/portal\/#\/schema\/person\/f46445640444750d7d753ccd04ae01b7"},"headline":"Aparece supuesto sicario del caso Beller","datePublished":"2026-09-01T10:31:02+00:00","mainEntityOfPage":{"@id":"https:\/\/www.eldiario.net\/portal\/2026\/09\/01\/aparece-supuesto-sicario-del-caso-beller\/"},"wordCount":473,"publisher":{"@id":"https:\/\/www.eldiario.net\/portal\/#organization"},"image":{"@id":"https:\/\/www.eldiario.net\/portal\/2026\/09\/01\/aparece-supuesto-sicario-del-caso-beller\/#primaryimage"},"thumbnailUrl":"https:\/\/www.eldiario.net\/portal\/wp-content\/uploads\/2026\/09\/APARECE-FOTO.webp","articleSection":["Sociedad - Seguridad"],"inLanguage":"es"},{"@type":"WebPage","@id":"https:\/\/www.eldiario.net\/portal\/2026\/09\/01\/aparece-supuesto-sicario-del-caso-beller\/","url":"https:\/\/www.eldiario.net\/portal\/2026\/09\/01\/aparece-supuesto-sicario-del-caso-beller\/","name":"Aparece supuesto sicario del caso Beller - El Diario - Bolivia","isPartOf":{"@id":"https:\/\/www.eldiario.net\/portal\/#website"},"primaryImageOfPage":{"@id":"https:\/\/www.eldiario.net\/portal\/2026\/09\/01\/aparece-supuesto-sicario-del-caso-beller\/#primaryimage"},"image":{"@id":"https:\/\/www.eldiario.net\/portal\/2026\/09\/01\/aparece-supuesto-sicario-del-caso-beller\/#primaryimage"},"thumbnailUrl":"https:\/\/www.eldiario.net\/portal\/wp-content\/uploads\/2026\/09\/APARECE-FOTO.webp","datePublished":"2026-09-01T10:31:02+00:00","breadcrumb":{"@id":"https:\/\/www.eldiario.net\/portal\/2026\/09\/01\/aparece-supuesto-sicario-del-caso-beller\/#breadcrumb"},"inLanguage":"es","potentialAction":[{"@type":"ReadAction","target":["https:\/\/www.eldiario.net\/portal\/2026\/09\/01\/aparece-supuesto-sicario-del-caso-beller\/"]}]},{"@type":"ImageObject","inLanguage":"es","@id":"https:\/\/www.eldiario.net\/portal\/2026\/09\/01\/aparece-supuesto-sicario-del-caso-beller\/#primaryimage","url":"https:\/\/www.eldiario.net\/portal\/wp-content\/uploads\/2026\/09\/APARECE-FOTO.webp","contentUrl":"https:\/\/www.eldiario.net\/portal\/wp-content\/uploads\/2026\/09\/APARECE-FOTO.webp","width":1280,"height":545,"caption":"El supuesto sicario (izq), a la derecha la escena del atentado contra Nadia Beller. Foto: Unitel"},{"@type":"BreadcrumbList","@id":"https:\/\/www.eldiario.net\/portal\/2026\/09\/01\/aparece-supuesto-sicario-del-caso-beller\/#breadcrumb","itemListElement":[{"@type":"ListItem","position":1,"name":"Portada","item":"https:\/\/www.eldiario.net\/portal\/"},{"@type":"ListItem","position":2,"name":"Aparece supuesto sicario del caso Beller"}]},{"@type":"WebSite","@id":"https:\/\/www.eldiario.net\/portal\/#website","url":"https:\/\/www.eldiario.net\/portal\/","name":"El Diario - Decano de la prensa nacional","description":"El Diario - Decano de la prensa nacional","publisher":{"@id":"https:\/\/www.eldiario.net\/portal\/#organization"},"potentialAction":[{"@type":"SearchAction","target":{"@type":"EntryPoint","urlTemplate":"https:\/\/www.eldiario.net\/portal\/?s={search_term_string}"},"query-input":{"@type":"PropertyValueSpecification","valueRequired":true,"valueName":"search_term_string"}}],"inLanguage":"es"},{"@type":"Organization","@id":"https:\/\/www.eldiario.net\/portal\/#organization","name":"El Diario - Decano de la prensa nacional","url":"https:\/\/www.eldiario.net\/portal\/","logo":{"@type":"ImageObject","inLanguage":"es","@id":"https:\/\/www.eldiario.net\/portal\/#\/schema\/logo\/image\/","url":"https:\/\/www.eldiario.net\/portal\/wp-content\/uploads\/2023\/07\/logo_ED.jpg","contentUrl":"https:\/\/www.eldiario.net\/portal\/wp-content\/uploads\/2023\/07\/logo_ED.jpg","width":272,"height":52,"caption":"El Diario - Decano de la prensa nacional"},"image":{"@id":"https:\/\/www.eldiario.net\/portal\/#\/schema\/logo\/image\/"},"sameAs":["https:\/\/www.facebook.com\/eldiario.bolivia\/","https:\/\/x.com\/eldiario_net"]},{"@type":"Person","@id":"https:\/\/www.eldiario.net\/portal\/#\/schema\/person\/f46445640444750d7d753ccd04ae01b7","name":"Jeanette","image":{"@type":"ImageObject","inLanguage":"es","@id":"https:\/\/secure.gravatar.com\/avatar\/3ea2118a5f7dad2b7138b1187a6b7ee55f160b9968b66013c3a3ef39dd7e5798?s=96&d=mm&r=g","url":"https:\/\/secure.gravatar.com\/avatar\/3ea2118a5f7dad2b7138b1187a6b7ee55f160b9968b66013c3a3ef39dd7e5798?s=96&d=mm&r=g","contentUrl":"https:\/\/secure.gravatar.com\/avatar\/3ea2118a5f7dad2b7138b1187a6b7ee55f160b9968b66013c3a3ef39dd7e5798?s=96&d=mm&r=g","caption":"Jeanette"},"sameAs":["https:\/\/www.eldiario.net\/portal"],"url":"https:\/\/www.eldiario.net\/portal\/author\/jeanette\/"}]}},"_links":{"self":[{"href":"https:\/\/www.eldiario.net\/portal\/wp-json\/wp\/v2\/posts\/426614","targetHints":{"allow":["GET"]}}],"collection":[{"href":"https:\/\/www.eldiario.net\/portal\/wp-json\/wp\/v2\/posts"}],"about":[{"href":"https:\/\/www.eldiario.net\/portal\/wp-json\/wp\/v2\/types\/post"}],"author":[{"embeddable":true,"href":"https:\/\/www.eldiario.net\/portal\/wp-json\/wp\/v2\/users\/1"}],"replies":[{"embeddable":true,"href":"https:\/\/www.eldiario.net\/portal\/wp-json\/wp\/v2\/comments?post=426614"}],"version-history":[{"count":1,"href":"https:\/\/www.eldiario.net\/portal\/wp-json\/wp\/v2\/posts\/426614\/revisions"}],"predecessor-version":[{"id":426616,"href":"https:\/\/www.eldiario.net\/portal\/wp-json\/wp\/v2\/posts\/426614\/revisions\/426616"}],"wp:featuredmedia":[{"embeddable":true,"href":"https:\/\/www.eldiario.net\/portal\/wp-json\/wp\/v2\/media\/426615"}],"wp:attachment":[{"href":"https:\/\/www.eldiario.net\/portal\/wp-json\/wp\/v2\/media?parent=426614"}],"wp:term":[{"taxonomy":"category","embeddable":true,"href":"https:\/\/www.eldiario.net\/portal\/wp-json\/wp\/v2\/categories?post=426614"},{"taxonomy":"post_tag","embeddable":true,"href":"https:\/\/www.eldiario.net\/portal\/wp-json\/wp\/v2\/tags?post=426614"}],"curies":[{"name":"wp","href":"https:\/\/api.w.org\/{rel}","templated":true}]}}