{"id":426611,"date":"2026-09-01T06:30:29","date_gmt":"2026-09-01T10:30:29","guid":{"rendered":"https:\/\/www.eldiario.net\/portal\/?p=426611"},"modified":"2026-09-01T06:30:29","modified_gmt":"2026-09-01T10:30:29","slug":"fiscalia-ordena-aprehender-a-una-mujer-por-caso-beller-2","status":"publish","type":"post","link":"https:\/\/www.eldiario.net\/portal\/2026\/09\/01\/fiscalia-ordena-aprehender-a-una-mujer-por-caso-beller-2\/","title":{"rendered":"Fiscal\u00eda ordena aprehender a una mujer por caso Beller"},"content":{"rendered":"<p>La Fiscal\u00eda inform\u00f3 que emiti\u00f3 una orden de aprehensi\u00f3n contra una mujer de iniciales M. A. R. R., en el marco de la investigaci\u00f3n por el intento de feminicidio de Nadia Beller. La disposici\u00f3n forma parte de las actuaciones que se desarrollan dentro del proceso.<\/p>\n<p>La investigada es una exfuncionaria de la Aduana Nacional y figura como denunciada dentro del proceso por feminicidio en grado de tentativa. La orden de aprehensi\u00f3n, seg\u00fan la documentaci\u00f3n que circula sobre el caso, fue emitida el 27 de agosto.<\/p>\n<p>El abogado de Beller, Jerjes Justiniano, confirm\u00f3 la existencia de la orden y pidi\u00f3 que sea ejecutada para que la mujer sea puesta a disposici\u00f3n de las autoridades y pueda aportar informaci\u00f3n a la investigaci\u00f3n. El jurista tambi\u00e9n sostuvo que la investigada tendr\u00eda un presunto v\u00ednculo con los hombres se\u00f1alados como autores materiales del ataque.<\/p>\n<p>Justiniano afirm\u00f3 que, seg\u00fan los elementos que maneja la defensa, Mar\u00eda A. R. R. habr\u00eda financiado el atentado contra Beller. Esta versi\u00f3n forma parte de la hip\u00f3tesis planteada dentro del proceso y deber\u00e1 ser establecida por el Ministerio P\u00fablico a partir de los elementos incorporados al cuaderno de investigaci\u00f3n.<\/p>\n<p>La propia Beller se refiri\u00f3 a la investigada en redes sociales y afirm\u00f3 que existen transferencias de dinero y reuniones que habr\u00eda mantenido con personas se\u00f1aladas como sicarios en los d\u00edas previos al ataque. Seg\u00fan su versi\u00f3n, estos elementos fueron incorporados al cuaderno de investigaci\u00f3n.<\/p>\n<p>La exfuncionaria fue designada en mayo de esta gesti\u00f3n como administradora interina de la Aduana del Aeropuerto Internacional de Viru Viru. Su designaci\u00f3n fue posteriormente revocada luego de que se conociera informaci\u00f3n relacionada con una expulsi\u00f3n de Brasil por un caso vinculado al narcotr\u00e1fico.<\/p>\n<p>La investigaci\u00f3n se origina en el ataque ocurrido el 17 de agosto contra Beller, quien recibi\u00f3 tres disparos con arma de fuego cuando se encontraba en el ingreso de un hotel ubicado en la zona norte de Santa Cruz. De acuerdo con los antecedentes del caso, dos hombres que se movilizaban en una motocicleta y vest\u00edan ropa similar a la utilizada por repartidores participaron en el ataque y posteriormente huyeron.<\/p>\n<p>En el proceso tambi\u00e9n se investiga a Fernando Cerimedo, expareja de Beller, quien permanece con detenci\u00f3n preventiva en el penal de Palmasola por el caso de asesinato en grado de tentativa. Beller lo se\u00f1al\u00f3 p\u00fablicamente como la persona que habr\u00eda ordenado el atentado.<\/p>\n<p>Mientras avanzan las pesquisas, el abogado de Beller indic\u00f3 que solicitar\u00e1 a la Fiscal\u00eda una copia de todos los actos investigativos realizados dentro del proceso. La defensa tambi\u00e9n se refiri\u00f3 a una gesti\u00f3n impulsada por parlamentarios chilenos ante la Comisi\u00f3n Interamericana de Derechos Humanos (CIDH) para solicitar medidas de protecci\u00f3n para Beller, aunque Justiniano aclar\u00f3 que no tiene conocimiento de una solicitud de asilo pol\u00edtico. (Con informaci\u00f3n de agencias)<\/p>\n","protected":false},"excerpt":{"rendered":"<p>La Fiscal\u00eda inform\u00f3 que emiti\u00f3 una orden de aprehensi\u00f3n contra una mujer de iniciales M. A. R. R., en el marco de la investigaci\u00f3n por el intento de feminicidio de Nadia Beller. La disposici\u00f3n forma parte de las actuaciones que se desarrollan dentro del proceso. La investigada es una exfuncionaria de la Aduana Nacional y [&hellip;]<\/p>\n","protected":false},"author":1,"featured_media":426612,"comment_status":"closed","ping_status":"open","sticky":false,"template":"","format":"standard","meta":{"_acf_changed":false,"footnotes":""},"categories":[39],"tags":[],"class_list":["post-426611","post","type-post","status-publish","format-standard","has-post-thumbnail","category-sociedad"],"acf":{"antetitulo":""},"yoast_head":"<!-- This site is optimized with the Yoast SEO plugin v28.3 - https:\/\/yoast.com\/product\/yoast-seo-wordpress\/ -->\n<title>Fiscal\u00eda ordena aprehender a una mujer por caso Beller - El Diario - Bolivia<\/title>\n<meta name=\"robots\" content=\"index, follow, max-snippet:-1, max-image-preview:large, max-video-preview:-1\" \/>\n<link rel=\"canonical\" href=\"https:\/\/www.eldiario.net\/portal\/2026\/09\/01\/fiscalia-ordena-aprehender-a-una-mujer-por-caso-beller-2\/\" \/>\n<meta property=\"og:locale\" content=\"es_ES\" \/>\n<meta property=\"og:type\" content=\"article\" \/>\n<meta property=\"og:title\" content=\"Fiscal\u00eda ordena aprehender a una mujer por caso Beller - El Diario - Bolivia\" \/>\n<meta property=\"og:description\" content=\"La Fiscal\u00eda inform\u00f3 que emiti\u00f3 una orden de aprehensi\u00f3n contra una mujer de iniciales M. A. R. R., en el marco de la investigaci\u00f3n por el intento de feminicidio de Nadia Beller. La disposici\u00f3n forma parte de las actuaciones que se desarrollan dentro del proceso. La investigada es una exfuncionaria de la Aduana Nacional y [&hellip;]\" \/>\n<meta property=\"og:url\" content=\"https:\/\/www.eldiario.net\/portal\/2026\/09\/01\/fiscalia-ordena-aprehender-a-una-mujer-por-caso-beller-2\/\" \/>\n<meta property=\"og:site_name\" content=\"El Diario - Bolivia\" \/>\n<meta property=\"article:publisher\" content=\"https:\/\/www.facebook.com\/eldiario.bolivia\/\" \/>\n<meta property=\"article:published_time\" content=\"2026-09-01T10:30:29+00:00\" \/>\n<meta property=\"og:image\" content=\"https:\/\/www.eldiario.net\/portal\/wp-content\/uploads\/2026\/09\/APREHENSION-FOTO.webp\" \/>\n\t<meta property=\"og:image:width\" content=\"1560\" \/>\n\t<meta property=\"og:image:height\" content=\"1120\" \/>\n\t<meta property=\"og:image:type\" content=\"image\/webp\" \/>\n<meta name=\"author\" content=\"Jeanette\" \/>\n<meta name=\"twitter:card\" content=\"summary_large_image\" \/>\n<meta name=\"twitter:creator\" content=\"@eldiario_net\" \/>\n<meta name=\"twitter:site\" content=\"@eldiario_net\" \/>\n<meta name=\"twitter:label1\" content=\"Escrito por\" \/>\n\t<meta name=\"twitter:data1\" content=\"Jeanette\" \/>\n\t<meta name=\"twitter:label2\" content=\"Tiempo de lectura\" \/>\n\t<meta name=\"twitter:data2\" content=\"3 minutos\" \/>\n<script type=\"application\/ld+json\" class=\"yoast-schema-graph\">{\"@context\":\"https:\\\/\\\/schema.org\",\"@graph\":[{\"@type\":\"Article\",\"@id\":\"https:\\\/\\\/www.eldiario.net\\\/portal\\\/2026\\\/09\\\/01\\\/fiscalia-ordena-aprehender-a-una-mujer-por-caso-beller-2\\\/#article\",\"isPartOf\":{\"@id\":\"https:\\\/\\\/www.eldiario.net\\\/portal\\\/2026\\\/09\\\/01\\\/fiscalia-ordena-aprehender-a-una-mujer-por-caso-beller-2\\\/\"},\"author\":{\"name\":\"Jeanette\",\"@id\":\"https:\\\/\\\/www.eldiario.net\\\/portal\\\/#\\\/schema\\\/person\\\/f46445640444750d7d753ccd04ae01b7\"},\"headline\":\"Fiscal\u00eda ordena aprehender a una mujer por caso Beller\",\"datePublished\":\"2026-09-01T10:30:29+00:00\",\"mainEntityOfPage\":{\"@id\":\"https:\\\/\\\/www.eldiario.net\\\/portal\\\/2026\\\/09\\\/01\\\/fiscalia-ordena-aprehender-a-una-mujer-por-caso-beller-2\\\/\"},\"wordCount\":514,\"publisher\":{\"@id\":\"https:\\\/\\\/www.eldiario.net\\\/portal\\\/#organization\"},\"image\":{\"@id\":\"https:\\\/\\\/www.eldiario.net\\\/portal\\\/2026\\\/09\\\/01\\\/fiscalia-ordena-aprehender-a-una-mujer-por-caso-beller-2\\\/#primaryimage\"},\"thumbnailUrl\":\"https:\\\/\\\/www.eldiario.net\\\/portal\\\/wp-content\\\/uploads\\\/2026\\\/09\\\/APREHENSION-FOTO.webp\",\"articleSection\":[\"Sociedad - Seguridad\"],\"inLanguage\":\"es\"},{\"@type\":\"WebPage\",\"@id\":\"https:\\\/\\\/www.eldiario.net\\\/portal\\\/2026\\\/09\\\/01\\\/fiscalia-ordena-aprehender-a-una-mujer-por-caso-beller-2\\\/\",\"url\":\"https:\\\/\\\/www.eldiario.net\\\/portal\\\/2026\\\/09\\\/01\\\/fiscalia-ordena-aprehender-a-una-mujer-por-caso-beller-2\\\/\",\"name\":\"Fiscal\u00eda ordena aprehender a una mujer por caso Beller - El Diario - Bolivia\",\"isPartOf\":{\"@id\":\"https:\\\/\\\/www.eldiario.net\\\/portal\\\/#website\"},\"primaryImageOfPage\":{\"@id\":\"https:\\\/\\\/www.eldiario.net\\\/portal\\\/2026\\\/09\\\/01\\\/fiscalia-ordena-aprehender-a-una-mujer-por-caso-beller-2\\\/#primaryimage\"},\"image\":{\"@id\":\"https:\\\/\\\/www.eldiario.net\\\/portal\\\/2026\\\/09\\\/01\\\/fiscalia-ordena-aprehender-a-una-mujer-por-caso-beller-2\\\/#primaryimage\"},\"thumbnailUrl\":\"https:\\\/\\\/www.eldiario.net\\\/portal\\\/wp-content\\\/uploads\\\/2026\\\/09\\\/APREHENSION-FOTO.webp\",\"datePublished\":\"2026-09-01T10:30:29+00:00\",\"breadcrumb\":{\"@id\":\"https:\\\/\\\/www.eldiario.net\\\/portal\\\/2026\\\/09\\\/01\\\/fiscalia-ordena-aprehender-a-una-mujer-por-caso-beller-2\\\/#breadcrumb\"},\"inLanguage\":\"es\",\"potentialAction\":[{\"@type\":\"ReadAction\",\"target\":[\"https:\\\/\\\/www.eldiario.net\\\/portal\\\/2026\\\/09\\\/01\\\/fiscalia-ordena-aprehender-a-una-mujer-por-caso-beller-2\\\/\"]}]},{\"@type\":\"ImageObject\",\"inLanguage\":\"es\",\"@id\":\"https:\\\/\\\/www.eldiario.net\\\/portal\\\/2026\\\/09\\\/01\\\/fiscalia-ordena-aprehender-a-una-mujer-por-caso-beller-2\\\/#primaryimage\",\"url\":\"https:\\\/\\\/www.eldiario.net\\\/portal\\\/wp-content\\\/uploads\\\/2026\\\/09\\\/APREHENSION-FOTO.webp\",\"contentUrl\":\"https:\\\/\\\/www.eldiario.net\\\/portal\\\/wp-content\\\/uploads\\\/2026\\\/09\\\/APREHENSION-FOTO.webp\",\"width\":1560,\"height\":1120,\"caption\":\"Beller denunci\u00f3 que la exfuncionaria habr\u00eda mantenido reuniones con los dos sicarios que la atacaron. Cr\u00e9dito de foto: RRSS\"},{\"@type\":\"BreadcrumbList\",\"@id\":\"https:\\\/\\\/www.eldiario.net\\\/portal\\\/2026\\\/09\\\/01\\\/fiscalia-ordena-aprehender-a-una-mujer-por-caso-beller-2\\\/#breadcrumb\",\"itemListElement\":[{\"@type\":\"ListItem\",\"position\":1,\"name\":\"Portada\",\"item\":\"https:\\\/\\\/www.eldiario.net\\\/portal\\\/\"},{\"@type\":\"ListItem\",\"position\":2,\"name\":\"Fiscal\u00eda ordena aprehender a una mujer por caso Beller\"}]},{\"@type\":\"WebSite\",\"@id\":\"https:\\\/\\\/www.eldiario.net\\\/portal\\\/#website\",\"url\":\"https:\\\/\\\/www.eldiario.net\\\/portal\\\/\",\"name\":\"El Diario - Decano de la prensa nacional\",\"description\":\"El Diario - Decano de la prensa nacional\",\"publisher\":{\"@id\":\"https:\\\/\\\/www.eldiario.net\\\/portal\\\/#organization\"},\"potentialAction\":[{\"@type\":\"SearchAction\",\"target\":{\"@type\":\"EntryPoint\",\"urlTemplate\":\"https:\\\/\\\/www.eldiario.net\\\/portal\\\/?s={search_term_string}\"},\"query-input\":{\"@type\":\"PropertyValueSpecification\",\"valueRequired\":true,\"valueName\":\"search_term_string\"}}],\"inLanguage\":\"es\"},{\"@type\":\"Organization\",\"@id\":\"https:\\\/\\\/www.eldiario.net\\\/portal\\\/#organization\",\"name\":\"El Diario - Decano de la prensa nacional\",\"url\":\"https:\\\/\\\/www.eldiario.net\\\/portal\\\/\",\"logo\":{\"@type\":\"ImageObject\",\"inLanguage\":\"es\",\"@id\":\"https:\\\/\\\/www.eldiario.net\\\/portal\\\/#\\\/schema\\\/logo\\\/image\\\/\",\"url\":\"https:\\\/\\\/www.eldiario.net\\\/portal\\\/wp-content\\\/uploads\\\/2023\\\/07\\\/logo_ED.jpg\",\"contentUrl\":\"https:\\\/\\\/www.eldiario.net\\\/portal\\\/wp-content\\\/uploads\\\/2023\\\/07\\\/logo_ED.jpg\",\"width\":272,\"height\":52,\"caption\":\"El Diario - Decano de la prensa nacional\"},\"image\":{\"@id\":\"https:\\\/\\\/www.eldiario.net\\\/portal\\\/#\\\/schema\\\/logo\\\/image\\\/\"},\"sameAs\":[\"https:\\\/\\\/www.facebook.com\\\/eldiario.bolivia\\\/\",\"https:\\\/\\\/x.com\\\/eldiario_net\"]},{\"@type\":\"Person\",\"@id\":\"https:\\\/\\\/www.eldiario.net\\\/portal\\\/#\\\/schema\\\/person\\\/f46445640444750d7d753ccd04ae01b7\",\"name\":\"Jeanette\",\"image\":{\"@type\":\"ImageObject\",\"inLanguage\":\"es\",\"@id\":\"https:\\\/\\\/secure.gravatar.com\\\/avatar\\\/3ea2118a5f7dad2b7138b1187a6b7ee55f160b9968b66013c3a3ef39dd7e5798?s=96&d=mm&r=g\",\"url\":\"https:\\\/\\\/secure.gravatar.com\\\/avatar\\\/3ea2118a5f7dad2b7138b1187a6b7ee55f160b9968b66013c3a3ef39dd7e5798?s=96&d=mm&r=g\",\"contentUrl\":\"https:\\\/\\\/secure.gravatar.com\\\/avatar\\\/3ea2118a5f7dad2b7138b1187a6b7ee55f160b9968b66013c3a3ef39dd7e5798?s=96&d=mm&r=g\",\"caption\":\"Jeanette\"},\"sameAs\":[\"https:\\\/\\\/www.eldiario.net\\\/portal\"],\"url\":\"https:\\\/\\\/www.eldiario.net\\\/portal\\\/author\\\/jeanette\\\/\"}]}<\/script>\n<!-- \/ Yoast SEO plugin. -->","yoast_head_json":{"title":"Fiscal\u00eda ordena aprehender a una mujer por caso Beller - El Diario - Bolivia","robots":{"index":"index","follow":"follow","max-snippet":"max-snippet:-1","max-image-preview":"max-image-preview:large","max-video-preview":"max-video-preview:-1"},"canonical":"https:\/\/www.eldiario.net\/portal\/2026\/09\/01\/fiscalia-ordena-aprehender-a-una-mujer-por-caso-beller-2\/","og_locale":"es_ES","og_type":"article","og_title":"Fiscal\u00eda ordena aprehender a una mujer por caso Beller - El Diario - Bolivia","og_description":"La Fiscal\u00eda inform\u00f3 que emiti\u00f3 una orden de aprehensi\u00f3n contra una mujer de iniciales M. A. R. R., en el marco de la investigaci\u00f3n por el intento de feminicidio de Nadia Beller. La disposici\u00f3n forma parte de las actuaciones que se desarrollan dentro del proceso. La investigada es una exfuncionaria de la Aduana Nacional y [&hellip;]","og_url":"https:\/\/www.eldiario.net\/portal\/2026\/09\/01\/fiscalia-ordena-aprehender-a-una-mujer-por-caso-beller-2\/","og_site_name":"El Diario - Bolivia","article_publisher":"https:\/\/www.facebook.com\/eldiario.bolivia\/","article_published_time":"2026-09-01T10:30:29+00:00","og_image":[{"width":1560,"height":1120,"url":"https:\/\/www.eldiario.net\/portal\/wp-content\/uploads\/2026\/09\/APREHENSION-FOTO.webp","type":"image\/webp"}],"author":"Jeanette","twitter_card":"summary_large_image","twitter_creator":"@eldiario_net","twitter_site":"@eldiario_net","twitter_misc":{"Escrito por":"Jeanette","Tiempo de lectura":"3 minutos"},"schema":{"@context":"https:\/\/schema.org","@graph":[{"@type":"Article","@id":"https:\/\/www.eldiario.net\/portal\/2026\/09\/01\/fiscalia-ordena-aprehender-a-una-mujer-por-caso-beller-2\/#article","isPartOf":{"@id":"https:\/\/www.eldiario.net\/portal\/2026\/09\/01\/fiscalia-ordena-aprehender-a-una-mujer-por-caso-beller-2\/"},"author":{"name":"Jeanette","@id":"https:\/\/www.eldiario.net\/portal\/#\/schema\/person\/f46445640444750d7d753ccd04ae01b7"},"headline":"Fiscal\u00eda ordena aprehender a una mujer por caso Beller","datePublished":"2026-09-01T10:30:29+00:00","mainEntityOfPage":{"@id":"https:\/\/www.eldiario.net\/portal\/2026\/09\/01\/fiscalia-ordena-aprehender-a-una-mujer-por-caso-beller-2\/"},"wordCount":514,"publisher":{"@id":"https:\/\/www.eldiario.net\/portal\/#organization"},"image":{"@id":"https:\/\/www.eldiario.net\/portal\/2026\/09\/01\/fiscalia-ordena-aprehender-a-una-mujer-por-caso-beller-2\/#primaryimage"},"thumbnailUrl":"https:\/\/www.eldiario.net\/portal\/wp-content\/uploads\/2026\/09\/APREHENSION-FOTO.webp","articleSection":["Sociedad - Seguridad"],"inLanguage":"es"},{"@type":"WebPage","@id":"https:\/\/www.eldiario.net\/portal\/2026\/09\/01\/fiscalia-ordena-aprehender-a-una-mujer-por-caso-beller-2\/","url":"https:\/\/www.eldiario.net\/portal\/2026\/09\/01\/fiscalia-ordena-aprehender-a-una-mujer-por-caso-beller-2\/","name":"Fiscal\u00eda ordena aprehender a una mujer por caso Beller - El Diario - Bolivia","isPartOf":{"@id":"https:\/\/www.eldiario.net\/portal\/#website"},"primaryImageOfPage":{"@id":"https:\/\/www.eldiario.net\/portal\/2026\/09\/01\/fiscalia-ordena-aprehender-a-una-mujer-por-caso-beller-2\/#primaryimage"},"image":{"@id":"https:\/\/www.eldiario.net\/portal\/2026\/09\/01\/fiscalia-ordena-aprehender-a-una-mujer-por-caso-beller-2\/#primaryimage"},"thumbnailUrl":"https:\/\/www.eldiario.net\/portal\/wp-content\/uploads\/2026\/09\/APREHENSION-FOTO.webp","datePublished":"2026-09-01T10:30:29+00:00","breadcrumb":{"@id":"https:\/\/www.eldiario.net\/portal\/2026\/09\/01\/fiscalia-ordena-aprehender-a-una-mujer-por-caso-beller-2\/#breadcrumb"},"inLanguage":"es","potentialAction":[{"@type":"ReadAction","target":["https:\/\/www.eldiario.net\/portal\/2026\/09\/01\/fiscalia-ordena-aprehender-a-una-mujer-por-caso-beller-2\/"]}]},{"@type":"ImageObject","inLanguage":"es","@id":"https:\/\/www.eldiario.net\/portal\/2026\/09\/01\/fiscalia-ordena-aprehender-a-una-mujer-por-caso-beller-2\/#primaryimage","url":"https:\/\/www.eldiario.net\/portal\/wp-content\/uploads\/2026\/09\/APREHENSION-FOTO.webp","contentUrl":"https:\/\/www.eldiario.net\/portal\/wp-content\/uploads\/2026\/09\/APREHENSION-FOTO.webp","width":1560,"height":1120,"caption":"Beller denunci\u00f3 que la exfuncionaria habr\u00eda mantenido reuniones con los dos sicarios que la atacaron. Cr\u00e9dito de foto: RRSS"},{"@type":"BreadcrumbList","@id":"https:\/\/www.eldiario.net\/portal\/2026\/09\/01\/fiscalia-ordena-aprehender-a-una-mujer-por-caso-beller-2\/#breadcrumb","itemListElement":[{"@type":"ListItem","position":1,"name":"Portada","item":"https:\/\/www.eldiario.net\/portal\/"},{"@type":"ListItem","position":2,"name":"Fiscal\u00eda ordena aprehender a una mujer por caso Beller"}]},{"@type":"WebSite","@id":"https:\/\/www.eldiario.net\/portal\/#website","url":"https:\/\/www.eldiario.net\/portal\/","name":"El Diario - Decano de la prensa nacional","description":"El Diario - Decano de la prensa nacional","publisher":{"@id":"https:\/\/www.eldiario.net\/portal\/#organization"},"potentialAction":[{"@type":"SearchAction","target":{"@type":"EntryPoint","urlTemplate":"https:\/\/www.eldiario.net\/portal\/?s={search_term_string}"},"query-input":{"@type":"PropertyValueSpecification","valueRequired":true,"valueName":"search_term_string"}}],"inLanguage":"es"},{"@type":"Organization","@id":"https:\/\/www.eldiario.net\/portal\/#organization","name":"El Diario - Decano de la prensa nacional","url":"https:\/\/www.eldiario.net\/portal\/","logo":{"@type":"ImageObject","inLanguage":"es","@id":"https:\/\/www.eldiario.net\/portal\/#\/schema\/logo\/image\/","url":"https:\/\/www.eldiario.net\/portal\/wp-content\/uploads\/2023\/07\/logo_ED.jpg","contentUrl":"https:\/\/www.eldiario.net\/portal\/wp-content\/uploads\/2023\/07\/logo_ED.jpg","width":272,"height":52,"caption":"El Diario - Decano de la prensa nacional"},"image":{"@id":"https:\/\/www.eldiario.net\/portal\/#\/schema\/logo\/image\/"},"sameAs":["https:\/\/www.facebook.com\/eldiario.bolivia\/","https:\/\/x.com\/eldiario_net"]},{"@type":"Person","@id":"https:\/\/www.eldiario.net\/portal\/#\/schema\/person\/f46445640444750d7d753ccd04ae01b7","name":"Jeanette","image":{"@type":"ImageObject","inLanguage":"es","@id":"https:\/\/secure.gravatar.com\/avatar\/3ea2118a5f7dad2b7138b1187a6b7ee55f160b9968b66013c3a3ef39dd7e5798?s=96&d=mm&r=g","url":"https:\/\/secure.gravatar.com\/avatar\/3ea2118a5f7dad2b7138b1187a6b7ee55f160b9968b66013c3a3ef39dd7e5798?s=96&d=mm&r=g","contentUrl":"https:\/\/secure.gravatar.com\/avatar\/3ea2118a5f7dad2b7138b1187a6b7ee55f160b9968b66013c3a3ef39dd7e5798?s=96&d=mm&r=g","caption":"Jeanette"},"sameAs":["https:\/\/www.eldiario.net\/portal"],"url":"https:\/\/www.eldiario.net\/portal\/author\/jeanette\/"}]}},"_links":{"self":[{"href":"https:\/\/www.eldiario.net\/portal\/wp-json\/wp\/v2\/posts\/426611","targetHints":{"allow":["GET"]}}],"collection":[{"href":"https:\/\/www.eldiario.net\/portal\/wp-json\/wp\/v2\/posts"}],"about":[{"href":"https:\/\/www.eldiario.net\/portal\/wp-json\/wp\/v2\/types\/post"}],"author":[{"embeddable":true,"href":"https:\/\/www.eldiario.net\/portal\/wp-json\/wp\/v2\/users\/1"}],"replies":[{"embeddable":true,"href":"https:\/\/www.eldiario.net\/portal\/wp-json\/wp\/v2\/comments?post=426611"}],"version-history":[{"count":1,"href":"https:\/\/www.eldiario.net\/portal\/wp-json\/wp\/v2\/posts\/426611\/revisions"}],"predecessor-version":[{"id":426613,"href":"https:\/\/www.eldiario.net\/portal\/wp-json\/wp\/v2\/posts\/426611\/revisions\/426613"}],"wp:featuredmedia":[{"embeddable":true,"href":"https:\/\/www.eldiario.net\/portal\/wp-json\/wp\/v2\/media\/426612"}],"wp:attachment":[{"href":"https:\/\/www.eldiario.net\/portal\/wp-json\/wp\/v2\/media?parent=426611"}],"wp:term":[{"taxonomy":"category","embeddable":true,"href":"https:\/\/www.eldiario.net\/portal\/wp-json\/wp\/v2\/categories?post=426611"},{"taxonomy":"post_tag","embeddable":true,"href":"https:\/\/www.eldiario.net\/portal\/wp-json\/wp\/v2\/tags?post=426611"}],"curies":[{"name":"wp","href":"https:\/\/api.w.org\/{rel}","templated":true}]}}