{"id":426608,"date":"2026-09-01T06:29:53","date_gmt":"2026-09-01T10:29:53","guid":{"rendered":"https:\/\/www.eldiario.net\/portal\/?p=426608"},"modified":"2026-09-01T06:29:53","modified_gmt":"2026-09-01T10:29:53","slug":"dos-personas-fueron-asesinadas-en-santa-cruz-y-cochabamba","status":"publish","type":"post","link":"https:\/\/www.eldiario.net\/portal\/2026\/09\/01\/dos-personas-fueron-asesinadas-en-santa-cruz-y-cochabamba\/","title":{"rendered":"Dos personas fueron asesinadas en Santa Cruz y Cochabamba"},"content":{"rendered":"<p>Dos hechos distintos registrados el domingo dejaron como resultado el asesinato de un adolescente de 16 a\u00f1os en una licorer\u00eda de San Ignacio de Velasco, Santa Cruz, durante la noche, y la muerte de un hombre de 34 a\u00f1os tras recibir 26 disparos en R\u00edo Blanco, cerca de Bulo Bulo en Cochabamba, durante la madrugada.<\/p>\n<p>En San Ignacio de Velasco, el ataque ocurri\u00f3 alrededor de las 21:22 en una licorer\u00eda donde el adolescente se encontraba trabajando y atendiendo a dos clientes. Las c\u00e1maras de seguridad del establecimiento registraron el momento en que dos motocicletas llegaron hasta el lugar y cuatro hombres descendieron de los motorizados.<\/p>\n<p>Dos de los sujetos, ambos encapuchados, se dirigieron hacia el negocio y sacaron armas de fuego para disparar contra el joven. Despu\u00e9s del ataque, uno de ellos pate\u00f3 el cuerpo de la v\u00edctima y posteriormente ambos huyeron en las motocicletas en las que hab\u00edan llegado.<\/p>\n<p>El comandante departamental de la Polic\u00eda de Santa Cruz, David G\u00f3mez, confirm\u00f3 que la v\u00edctima ten\u00eda 16 a\u00f1os y se\u00f1al\u00f3 que los atacantes utilizaron armas de fuego. Tras el hecho, los investigadores realizaron el levantamiento legal del cad\u00e1ver y comenzaron las pesquisas para identificar a los responsables.<\/p>\n<p>En el lugar fueron encontradas 17 vainas de proyectiles calibre 9 mil\u00edmetros. De manera preliminar, la Polic\u00eda estableci\u00f3 que el adolescente recibi\u00f3 alrededor de 20 impactos de bala.<\/p>\n<p>Fuentes oficiales se\u00f1alaron que el joven no estudiaba y que trabajaba en la licorer\u00eda donde fue asesinado. La Polic\u00eda anunci\u00f3 adem\u00e1s que prepara allanamientos como parte de las investigaciones para esclarecer el crimen y dar con los responsables.<\/p>\n<p>HOMBRE RECIBI\u00d3 26 DISPAROS<\/p>\n<p>Horas antes, durante la madrugada del mismo domingo, otro ataque armado se registr\u00f3 en una licorer\u00eda de R\u00edo Blanco, en inmediaciones de Bulo Bulo, en el tr\u00f3pico de Cochabamba. La v\u00edctima fue Daniel Quiroga Monta\u00f1o, de 34 a\u00f1os, quien ten\u00eda antecedentes por narcotr\u00e1fico y cuyo asesinato es investigado bajo la hip\u00f3tesis de un posible ajuste de cuentas.<\/p>\n<p>Quiroga hab\u00eda llegado al establecimiento acompa\u00f1ado de su esposa despu\u00e9s de asistir a una fiesta. Como la licorer\u00eda estaba cerrada, golpe\u00f3 la puerta para que la propietaria los atendiera. Una vez que ingres\u00f3, permaneci\u00f3 en el lugar mientras esperaba que le entregaran un paquete de cerveza para llevar a su domicilio.<\/p>\n<p>Dos hombres llegaron posteriormente en una motocicleta, descendieron y comenzaron a dispararle. La esposa de Quiroga, que tambi\u00e9n estaba dentro del negocio, se refugi\u00f3 detr\u00e1s de un refrigerador al escuchar los disparos.<\/p>\n<p>Los atacantes adem\u00e1s amenazaron a la propietaria de la licorer\u00eda y se llevaron las im\u00e1genes de las c\u00e1maras de seguridad antes de escapar. Las mujeres solicitaron una ambulancia para auxiliar a Quiroga, pero ante la demora decidieron trasladarlo en un veh\u00edculo particular hasta el hospital de Entre R\u00edos.<\/p>\n<p>El hombre lleg\u00f3 al centro m\u00e9dico sin signos vitales. La autopsia estableci\u00f3 que recibi\u00f3 26 impactos de arma de fuego, con orificios de entrada y salida principalmente en el t\u00f3rax. Inicialmente, la Polic\u00eda hab\u00eda contabilizado 23 impactos, pero el examen forense determin\u00f3 posteriormente la cifra de 26.<\/p>\n<p>La causa de la muerte fue un shock hipovol\u00e9mico provocado por una hemorragia interna. En la escena, personal de la Fuerza Especial de Lucha Contra el Crimen (Felcc) colect\u00f3 14 casquillos y cinco ojivas calibre 9 mil\u00edmetros.<\/p>\n<p>La Polic\u00eda confirm\u00f3 los antecedentes de Quiroga vinculados al narcotr\u00e1fico y considera ese elemento dentro de las l\u00edneas de investigaci\u00f3n sobre el m\u00f3vil del crimen. La hip\u00f3tesis de un posible ajuste de cuentas es analizada mientras contin\u00faan las pesquisas para identificar a los dos atacantes y establecer su paradero. (Con informaci\u00f3n de Unitel)<\/p>\n","protected":false},"excerpt":{"rendered":"<p>Dos hechos distintos registrados el domingo dejaron como resultado el asesinato de un adolescente de 16 a\u00f1os en una licorer\u00eda de San Ignacio de Velasco, Santa Cruz, durante la noche, y la muerte de un hombre de 34 a\u00f1os tras recibir 26 disparos en R\u00edo Blanco, cerca de Bulo Bulo en Cochabamba, durante la madrugada. [&hellip;]<\/p>\n","protected":false},"author":1,"featured_media":426609,"comment_status":"closed","ping_status":"open","sticky":false,"template":"","format":"standard","meta":{"_acf_changed":false,"footnotes":""},"categories":[39],"tags":[],"class_list":["post-426608","post","type-post","status-publish","format-standard","has-post-thumbnail","category-sociedad"],"acf":{"antetitulo":""},"yoast_head":"<!-- This site is optimized with the Yoast SEO plugin v28.3 - https:\/\/yoast.com\/product\/yoast-seo-wordpress\/ -->\n<title>Dos personas fueron asesinadas en Santa Cruz y Cochabamba - El Diario - Bolivia<\/title>\n<meta name=\"robots\" content=\"index, follow, max-snippet:-1, max-image-preview:large, max-video-preview:-1\" \/>\n<link rel=\"canonical\" href=\"https:\/\/www.eldiario.net\/portal\/2026\/09\/01\/dos-personas-fueron-asesinadas-en-santa-cruz-y-cochabamba\/\" \/>\n<meta property=\"og:locale\" content=\"es_ES\" \/>\n<meta property=\"og:type\" content=\"article\" \/>\n<meta property=\"og:title\" content=\"Dos personas fueron asesinadas en Santa Cruz y Cochabamba - El Diario - Bolivia\" \/>\n<meta property=\"og:description\" content=\"Dos hechos distintos registrados el domingo dejaron como resultado el asesinato de un adolescente de 16 a\u00f1os en una licorer\u00eda de San Ignacio de Velasco, Santa Cruz, durante la noche, y la muerte de un hombre de 34 a\u00f1os tras recibir 26 disparos en R\u00edo Blanco, cerca de Bulo Bulo en Cochabamba, durante la madrugada. [&hellip;]\" \/>\n<meta property=\"og:url\" content=\"https:\/\/www.eldiario.net\/portal\/2026\/09\/01\/dos-personas-fueron-asesinadas-en-santa-cruz-y-cochabamba\/\" \/>\n<meta property=\"og:site_name\" content=\"El Diario - Bolivia\" \/>\n<meta property=\"article:publisher\" content=\"https:\/\/www.facebook.com\/eldiario.bolivia\/\" \/>\n<meta property=\"article:published_time\" content=\"2026-09-01T10:29:53+00:00\" \/>\n<meta property=\"og:image\" content=\"https:\/\/www.eldiario.net\/portal\/wp-content\/uploads\/2026\/09\/ASESINATO-FOTO.webp\" \/>\n\t<meta property=\"og:image:width\" content=\"420\" \/>\n\t<meta property=\"og:image:height\" content=\"280\" \/>\n\t<meta property=\"og:image:type\" content=\"image\/webp\" \/>\n<meta name=\"author\" content=\"Jeanette\" \/>\n<meta name=\"twitter:card\" content=\"summary_large_image\" \/>\n<meta name=\"twitter:creator\" content=\"@eldiario_net\" \/>\n<meta name=\"twitter:site\" content=\"@eldiario_net\" \/>\n<meta name=\"twitter:label1\" content=\"Escrito por\" \/>\n\t<meta name=\"twitter:data1\" content=\"Jeanette\" \/>\n\t<meta name=\"twitter:label2\" content=\"Tiempo de lectura\" \/>\n\t<meta name=\"twitter:data2\" content=\"3 minutos\" \/>\n<script type=\"application\/ld+json\" class=\"yoast-schema-graph\">{\"@context\":\"https:\\\/\\\/schema.org\",\"@graph\":[{\"@type\":\"Article\",\"@id\":\"https:\\\/\\\/www.eldiario.net\\\/portal\\\/2026\\\/09\\\/01\\\/dos-personas-fueron-asesinadas-en-santa-cruz-y-cochabamba\\\/#article\",\"isPartOf\":{\"@id\":\"https:\\\/\\\/www.eldiario.net\\\/portal\\\/2026\\\/09\\\/01\\\/dos-personas-fueron-asesinadas-en-santa-cruz-y-cochabamba\\\/\"},\"author\":{\"name\":\"Jeanette\",\"@id\":\"https:\\\/\\\/www.eldiario.net\\\/portal\\\/#\\\/schema\\\/person\\\/f46445640444750d7d753ccd04ae01b7\"},\"headline\":\"Dos personas fueron asesinadas en Santa Cruz y Cochabamba\",\"datePublished\":\"2026-09-01T10:29:53+00:00\",\"mainEntityOfPage\":{\"@id\":\"https:\\\/\\\/www.eldiario.net\\\/portal\\\/2026\\\/09\\\/01\\\/dos-personas-fueron-asesinadas-en-santa-cruz-y-cochabamba\\\/\"},\"wordCount\":643,\"publisher\":{\"@id\":\"https:\\\/\\\/www.eldiario.net\\\/portal\\\/#organization\"},\"image\":{\"@id\":\"https:\\\/\\\/www.eldiario.net\\\/portal\\\/2026\\\/09\\\/01\\\/dos-personas-fueron-asesinadas-en-santa-cruz-y-cochabamba\\\/#primaryimage\"},\"thumbnailUrl\":\"https:\\\/\\\/www.eldiario.net\\\/portal\\\/wp-content\\\/uploads\\\/2026\\\/09\\\/ASESINATO-FOTO.webp\",\"articleSection\":[\"Sociedad - Seguridad\"],\"inLanguage\":\"es\"},{\"@type\":\"WebPage\",\"@id\":\"https:\\\/\\\/www.eldiario.net\\\/portal\\\/2026\\\/09\\\/01\\\/dos-personas-fueron-asesinadas-en-santa-cruz-y-cochabamba\\\/\",\"url\":\"https:\\\/\\\/www.eldiario.net\\\/portal\\\/2026\\\/09\\\/01\\\/dos-personas-fueron-asesinadas-en-santa-cruz-y-cochabamba\\\/\",\"name\":\"Dos personas fueron asesinadas en Santa Cruz y Cochabamba - El Diario - Bolivia\",\"isPartOf\":{\"@id\":\"https:\\\/\\\/www.eldiario.net\\\/portal\\\/#website\"},\"primaryImageOfPage\":{\"@id\":\"https:\\\/\\\/www.eldiario.net\\\/portal\\\/2026\\\/09\\\/01\\\/dos-personas-fueron-asesinadas-en-santa-cruz-y-cochabamba\\\/#primaryimage\"},\"image\":{\"@id\":\"https:\\\/\\\/www.eldiario.net\\\/portal\\\/2026\\\/09\\\/01\\\/dos-personas-fueron-asesinadas-en-santa-cruz-y-cochabamba\\\/#primaryimage\"},\"thumbnailUrl\":\"https:\\\/\\\/www.eldiario.net\\\/portal\\\/wp-content\\\/uploads\\\/2026\\\/09\\\/ASESINATO-FOTO.webp\",\"datePublished\":\"2026-09-01T10:29:53+00:00\",\"breadcrumb\":{\"@id\":\"https:\\\/\\\/www.eldiario.net\\\/portal\\\/2026\\\/09\\\/01\\\/dos-personas-fueron-asesinadas-en-santa-cruz-y-cochabamba\\\/#breadcrumb\"},\"inLanguage\":\"es\",\"potentialAction\":[{\"@type\":\"ReadAction\",\"target\":[\"https:\\\/\\\/www.eldiario.net\\\/portal\\\/2026\\\/09\\\/01\\\/dos-personas-fueron-asesinadas-en-santa-cruz-y-cochabamba\\\/\"]}]},{\"@type\":\"ImageObject\",\"inLanguage\":\"es\",\"@id\":\"https:\\\/\\\/www.eldiario.net\\\/portal\\\/2026\\\/09\\\/01\\\/dos-personas-fueron-asesinadas-en-santa-cruz-y-cochabamba\\\/#primaryimage\",\"url\":\"https:\\\/\\\/www.eldiario.net\\\/portal\\\/wp-content\\\/uploads\\\/2026\\\/09\\\/ASESINATO-FOTO.webp\",\"contentUrl\":\"https:\\\/\\\/www.eldiario.net\\\/portal\\\/wp-content\\\/uploads\\\/2026\\\/09\\\/ASESINATO-FOTO.webp\",\"width\":420,\"height\":280,\"caption\":\"C\u00e1maras de seguridad registraron momentos previos al asesinato de un adolescente de 16 a\u00f1os. Cr\u00e9dito de foto: Captura video.\"},{\"@type\":\"BreadcrumbList\",\"@id\":\"https:\\\/\\\/www.eldiario.net\\\/portal\\\/2026\\\/09\\\/01\\\/dos-personas-fueron-asesinadas-en-santa-cruz-y-cochabamba\\\/#breadcrumb\",\"itemListElement\":[{\"@type\":\"ListItem\",\"position\":1,\"name\":\"Portada\",\"item\":\"https:\\\/\\\/www.eldiario.net\\\/portal\\\/\"},{\"@type\":\"ListItem\",\"position\":2,\"name\":\"Dos personas fueron asesinadas en Santa Cruz y Cochabamba\"}]},{\"@type\":\"WebSite\",\"@id\":\"https:\\\/\\\/www.eldiario.net\\\/portal\\\/#website\",\"url\":\"https:\\\/\\\/www.eldiario.net\\\/portal\\\/\",\"name\":\"El Diario - Decano de la prensa nacional\",\"description\":\"El Diario - Decano de la prensa nacional\",\"publisher\":{\"@id\":\"https:\\\/\\\/www.eldiario.net\\\/portal\\\/#organization\"},\"potentialAction\":[{\"@type\":\"SearchAction\",\"target\":{\"@type\":\"EntryPoint\",\"urlTemplate\":\"https:\\\/\\\/www.eldiario.net\\\/portal\\\/?s={search_term_string}\"},\"query-input\":{\"@type\":\"PropertyValueSpecification\",\"valueRequired\":true,\"valueName\":\"search_term_string\"}}],\"inLanguage\":\"es\"},{\"@type\":\"Organization\",\"@id\":\"https:\\\/\\\/www.eldiario.net\\\/portal\\\/#organization\",\"name\":\"El Diario - Decano de la prensa nacional\",\"url\":\"https:\\\/\\\/www.eldiario.net\\\/portal\\\/\",\"logo\":{\"@type\":\"ImageObject\",\"inLanguage\":\"es\",\"@id\":\"https:\\\/\\\/www.eldiario.net\\\/portal\\\/#\\\/schema\\\/logo\\\/image\\\/\",\"url\":\"https:\\\/\\\/www.eldiario.net\\\/portal\\\/wp-content\\\/uploads\\\/2023\\\/07\\\/logo_ED.jpg\",\"contentUrl\":\"https:\\\/\\\/www.eldiario.net\\\/portal\\\/wp-content\\\/uploads\\\/2023\\\/07\\\/logo_ED.jpg\",\"width\":272,\"height\":52,\"caption\":\"El Diario - Decano de la prensa nacional\"},\"image\":{\"@id\":\"https:\\\/\\\/www.eldiario.net\\\/portal\\\/#\\\/schema\\\/logo\\\/image\\\/\"},\"sameAs\":[\"https:\\\/\\\/www.facebook.com\\\/eldiario.bolivia\\\/\",\"https:\\\/\\\/x.com\\\/eldiario_net\"]},{\"@type\":\"Person\",\"@id\":\"https:\\\/\\\/www.eldiario.net\\\/portal\\\/#\\\/schema\\\/person\\\/f46445640444750d7d753ccd04ae01b7\",\"name\":\"Jeanette\",\"image\":{\"@type\":\"ImageObject\",\"inLanguage\":\"es\",\"@id\":\"https:\\\/\\\/secure.gravatar.com\\\/avatar\\\/3ea2118a5f7dad2b7138b1187a6b7ee55f160b9968b66013c3a3ef39dd7e5798?s=96&d=mm&r=g\",\"url\":\"https:\\\/\\\/secure.gravatar.com\\\/avatar\\\/3ea2118a5f7dad2b7138b1187a6b7ee55f160b9968b66013c3a3ef39dd7e5798?s=96&d=mm&r=g\",\"contentUrl\":\"https:\\\/\\\/secure.gravatar.com\\\/avatar\\\/3ea2118a5f7dad2b7138b1187a6b7ee55f160b9968b66013c3a3ef39dd7e5798?s=96&d=mm&r=g\",\"caption\":\"Jeanette\"},\"sameAs\":[\"https:\\\/\\\/www.eldiario.net\\\/portal\"],\"url\":\"https:\\\/\\\/www.eldiario.net\\\/portal\\\/author\\\/jeanette\\\/\"}]}<\/script>\n<!-- \/ Yoast SEO plugin. -->","yoast_head_json":{"title":"Dos personas fueron asesinadas en Santa Cruz y Cochabamba - El Diario - Bolivia","robots":{"index":"index","follow":"follow","max-snippet":"max-snippet:-1","max-image-preview":"max-image-preview:large","max-video-preview":"max-video-preview:-1"},"canonical":"https:\/\/www.eldiario.net\/portal\/2026\/09\/01\/dos-personas-fueron-asesinadas-en-santa-cruz-y-cochabamba\/","og_locale":"es_ES","og_type":"article","og_title":"Dos personas fueron asesinadas en Santa Cruz y Cochabamba - El Diario - Bolivia","og_description":"Dos hechos distintos registrados el domingo dejaron como resultado el asesinato de un adolescente de 16 a\u00f1os en una licorer\u00eda de San Ignacio de Velasco, Santa Cruz, durante la noche, y la muerte de un hombre de 34 a\u00f1os tras recibir 26 disparos en R\u00edo Blanco, cerca de Bulo Bulo en Cochabamba, durante la madrugada. [&hellip;]","og_url":"https:\/\/www.eldiario.net\/portal\/2026\/09\/01\/dos-personas-fueron-asesinadas-en-santa-cruz-y-cochabamba\/","og_site_name":"El Diario - Bolivia","article_publisher":"https:\/\/www.facebook.com\/eldiario.bolivia\/","article_published_time":"2026-09-01T10:29:53+00:00","og_image":[{"width":420,"height":280,"url":"https:\/\/www.eldiario.net\/portal\/wp-content\/uploads\/2026\/09\/ASESINATO-FOTO.webp","type":"image\/webp"}],"author":"Jeanette","twitter_card":"summary_large_image","twitter_creator":"@eldiario_net","twitter_site":"@eldiario_net","twitter_misc":{"Escrito por":"Jeanette","Tiempo de lectura":"3 minutos"},"schema":{"@context":"https:\/\/schema.org","@graph":[{"@type":"Article","@id":"https:\/\/www.eldiario.net\/portal\/2026\/09\/01\/dos-personas-fueron-asesinadas-en-santa-cruz-y-cochabamba\/#article","isPartOf":{"@id":"https:\/\/www.eldiario.net\/portal\/2026\/09\/01\/dos-personas-fueron-asesinadas-en-santa-cruz-y-cochabamba\/"},"author":{"name":"Jeanette","@id":"https:\/\/www.eldiario.net\/portal\/#\/schema\/person\/f46445640444750d7d753ccd04ae01b7"},"headline":"Dos personas fueron asesinadas en Santa Cruz y Cochabamba","datePublished":"2026-09-01T10:29:53+00:00","mainEntityOfPage":{"@id":"https:\/\/www.eldiario.net\/portal\/2026\/09\/01\/dos-personas-fueron-asesinadas-en-santa-cruz-y-cochabamba\/"},"wordCount":643,"publisher":{"@id":"https:\/\/www.eldiario.net\/portal\/#organization"},"image":{"@id":"https:\/\/www.eldiario.net\/portal\/2026\/09\/01\/dos-personas-fueron-asesinadas-en-santa-cruz-y-cochabamba\/#primaryimage"},"thumbnailUrl":"https:\/\/www.eldiario.net\/portal\/wp-content\/uploads\/2026\/09\/ASESINATO-FOTO.webp","articleSection":["Sociedad - Seguridad"],"inLanguage":"es"},{"@type":"WebPage","@id":"https:\/\/www.eldiario.net\/portal\/2026\/09\/01\/dos-personas-fueron-asesinadas-en-santa-cruz-y-cochabamba\/","url":"https:\/\/www.eldiario.net\/portal\/2026\/09\/01\/dos-personas-fueron-asesinadas-en-santa-cruz-y-cochabamba\/","name":"Dos personas fueron asesinadas en Santa Cruz y Cochabamba - El Diario - Bolivia","isPartOf":{"@id":"https:\/\/www.eldiario.net\/portal\/#website"},"primaryImageOfPage":{"@id":"https:\/\/www.eldiario.net\/portal\/2026\/09\/01\/dos-personas-fueron-asesinadas-en-santa-cruz-y-cochabamba\/#primaryimage"},"image":{"@id":"https:\/\/www.eldiario.net\/portal\/2026\/09\/01\/dos-personas-fueron-asesinadas-en-santa-cruz-y-cochabamba\/#primaryimage"},"thumbnailUrl":"https:\/\/www.eldiario.net\/portal\/wp-content\/uploads\/2026\/09\/ASESINATO-FOTO.webp","datePublished":"2026-09-01T10:29:53+00:00","breadcrumb":{"@id":"https:\/\/www.eldiario.net\/portal\/2026\/09\/01\/dos-personas-fueron-asesinadas-en-santa-cruz-y-cochabamba\/#breadcrumb"},"inLanguage":"es","potentialAction":[{"@type":"ReadAction","target":["https:\/\/www.eldiario.net\/portal\/2026\/09\/01\/dos-personas-fueron-asesinadas-en-santa-cruz-y-cochabamba\/"]}]},{"@type":"ImageObject","inLanguage":"es","@id":"https:\/\/www.eldiario.net\/portal\/2026\/09\/01\/dos-personas-fueron-asesinadas-en-santa-cruz-y-cochabamba\/#primaryimage","url":"https:\/\/www.eldiario.net\/portal\/wp-content\/uploads\/2026\/09\/ASESINATO-FOTO.webp","contentUrl":"https:\/\/www.eldiario.net\/portal\/wp-content\/uploads\/2026\/09\/ASESINATO-FOTO.webp","width":420,"height":280,"caption":"C\u00e1maras de seguridad registraron momentos previos al asesinato de un adolescente de 16 a\u00f1os. Cr\u00e9dito de foto: Captura video."},{"@type":"BreadcrumbList","@id":"https:\/\/www.eldiario.net\/portal\/2026\/09\/01\/dos-personas-fueron-asesinadas-en-santa-cruz-y-cochabamba\/#breadcrumb","itemListElement":[{"@type":"ListItem","position":1,"name":"Portada","item":"https:\/\/www.eldiario.net\/portal\/"},{"@type":"ListItem","position":2,"name":"Dos personas fueron asesinadas en Santa Cruz y Cochabamba"}]},{"@type":"WebSite","@id":"https:\/\/www.eldiario.net\/portal\/#website","url":"https:\/\/www.eldiario.net\/portal\/","name":"El Diario - Decano de la prensa nacional","description":"El Diario - Decano de la prensa nacional","publisher":{"@id":"https:\/\/www.eldiario.net\/portal\/#organization"},"potentialAction":[{"@type":"SearchAction","target":{"@type":"EntryPoint","urlTemplate":"https:\/\/www.eldiario.net\/portal\/?s={search_term_string}"},"query-input":{"@type":"PropertyValueSpecification","valueRequired":true,"valueName":"search_term_string"}}],"inLanguage":"es"},{"@type":"Organization","@id":"https:\/\/www.eldiario.net\/portal\/#organization","name":"El Diario - Decano de la prensa nacional","url":"https:\/\/www.eldiario.net\/portal\/","logo":{"@type":"ImageObject","inLanguage":"es","@id":"https:\/\/www.eldiario.net\/portal\/#\/schema\/logo\/image\/","url":"https:\/\/www.eldiario.net\/portal\/wp-content\/uploads\/2023\/07\/logo_ED.jpg","contentUrl":"https:\/\/www.eldiario.net\/portal\/wp-content\/uploads\/2023\/07\/logo_ED.jpg","width":272,"height":52,"caption":"El Diario - Decano de la prensa nacional"},"image":{"@id":"https:\/\/www.eldiario.net\/portal\/#\/schema\/logo\/image\/"},"sameAs":["https:\/\/www.facebook.com\/eldiario.bolivia\/","https:\/\/x.com\/eldiario_net"]},{"@type":"Person","@id":"https:\/\/www.eldiario.net\/portal\/#\/schema\/person\/f46445640444750d7d753ccd04ae01b7","name":"Jeanette","image":{"@type":"ImageObject","inLanguage":"es","@id":"https:\/\/secure.gravatar.com\/avatar\/3ea2118a5f7dad2b7138b1187a6b7ee55f160b9968b66013c3a3ef39dd7e5798?s=96&d=mm&r=g","url":"https:\/\/secure.gravatar.com\/avatar\/3ea2118a5f7dad2b7138b1187a6b7ee55f160b9968b66013c3a3ef39dd7e5798?s=96&d=mm&r=g","contentUrl":"https:\/\/secure.gravatar.com\/avatar\/3ea2118a5f7dad2b7138b1187a6b7ee55f160b9968b66013c3a3ef39dd7e5798?s=96&d=mm&r=g","caption":"Jeanette"},"sameAs":["https:\/\/www.eldiario.net\/portal"],"url":"https:\/\/www.eldiario.net\/portal\/author\/jeanette\/"}]}},"_links":{"self":[{"href":"https:\/\/www.eldiario.net\/portal\/wp-json\/wp\/v2\/posts\/426608","targetHints":{"allow":["GET"]}}],"collection":[{"href":"https:\/\/www.eldiario.net\/portal\/wp-json\/wp\/v2\/posts"}],"about":[{"href":"https:\/\/www.eldiario.net\/portal\/wp-json\/wp\/v2\/types\/post"}],"author":[{"embeddable":true,"href":"https:\/\/www.eldiario.net\/portal\/wp-json\/wp\/v2\/users\/1"}],"replies":[{"embeddable":true,"href":"https:\/\/www.eldiario.net\/portal\/wp-json\/wp\/v2\/comments?post=426608"}],"version-history":[{"count":1,"href":"https:\/\/www.eldiario.net\/portal\/wp-json\/wp\/v2\/posts\/426608\/revisions"}],"predecessor-version":[{"id":426610,"href":"https:\/\/www.eldiario.net\/portal\/wp-json\/wp\/v2\/posts\/426608\/revisions\/426610"}],"wp:featuredmedia":[{"embeddable":true,"href":"https:\/\/www.eldiario.net\/portal\/wp-json\/wp\/v2\/media\/426609"}],"wp:attachment":[{"href":"https:\/\/www.eldiario.net\/portal\/wp-json\/wp\/v2\/media?parent=426608"}],"wp:term":[{"taxonomy":"category","embeddable":true,"href":"https:\/\/www.eldiario.net\/portal\/wp-json\/wp\/v2\/categories?post=426608"},{"taxonomy":"post_tag","embeddable":true,"href":"https:\/\/www.eldiario.net\/portal\/wp-json\/wp\/v2\/tags?post=426608"}],"curies":[{"name":"wp","href":"https:\/\/api.w.org\/{rel}","templated":true}]}}