{"id":426599,"date":"2026-09-01T06:28:13","date_gmt":"2026-09-01T10:28:13","guid":{"rendered":"https:\/\/www.eldiario.net\/portal\/?p=426599"},"modified":"2026-09-01T06:28:13","modified_gmt":"2026-09-01T10:28:13","slug":"robo-en-optica-deja-un-dano-de-bs-40-mil","status":"publish","type":"post","link":"https:\/\/www.eldiario.net\/portal\/2026\/09\/01\/robo-en-optica-deja-un-dano-de-bs-40-mil\/","title":{"rendered":"Robo en \u00f3ptica deja un da\u00f1o de Bs 40 mil"},"content":{"rendered":"<p>Delincuentes ingresaron durante la madrugada de ayer a una \u00f3ptica de la calle Espa\u00f1a, en Santa Cruz de la Sierra, y se llevaron tablets, monturas, gafas y otros art\u00edculos que en conjunto est\u00e1n valuados en aproximadamente Bs 40 mil.<\/p>\n<p>El robo se registr\u00f3 cerca de las 5:00, cuando la alarma del establecimiento detect\u00f3 movimiento y envi\u00f3 una notificaci\u00f3n al tel\u00e9fono de la propietaria. La alerta, sin embargo, no fue advertida en ese momento porque la mujer se encontraba durmiendo.<\/p>\n<p>Una persona que estaba en un restaurante ubicado frente al negocio fue quien dio la alerta sobre lo sucedido. Tras recibir el aviso, los propietarios se trasladaron hasta la \u00f3ptica y comprobaron que hab\u00edan ingresado por la puerta principal.<\/p>\n<p>Para acceder al establecimiento, los delincuentes rompieron el candado de la entrada. Tambi\u00e9n cortaron los cables de las c\u00e1maras de seguridad, por lo que el sistema de vigilancia fue intervenido durante el robo.<\/p>\n<p>La mercader\u00eda sustra\u00edda comprende tablets, monturas de reconocidas marcas, gafas y otros objetos. La propietaria calcul\u00f3 que el valor de todo lo retirado del negocio llega aproximadamente a Bs 40 mil.<\/p>\n<p>Los afectados tambi\u00e9n se\u00f1alaron que, despu\u00e9s de ingresar a esta \u00f3ptica, los delincuentes habr\u00edan entrado a otro establecimiento del mismo rubro ubicado sobre la calle Espa\u00f1a.<\/p>\n<p>La propietaria present\u00f3 una denuncia ante la Polic\u00eda y entreg\u00f3 el reporte correspondiente. No obstante, cuestion\u00f3 la atenci\u00f3n recibida despu\u00e9s de comunicar el hecho y afirm\u00f3 que los efectivos le indicaron que deb\u00eda encontrarse una persona en el lugar.<\/p>\n<p>Seg\u00fan la afectada, hasta el momento no habr\u00eda recibido una respuesta efectiva pese a haber formalizado la denuncia y proporcionado el reporte a las autoridades. (Con informaci\u00f3n de Red Uno)<\/p>\n","protected":false},"excerpt":{"rendered":"<p>Delincuentes ingresaron durante la madrugada de ayer a una \u00f3ptica de la calle Espa\u00f1a, en Santa Cruz de la Sierra, y se llevaron tablets, monturas, gafas y otros art\u00edculos que en conjunto est\u00e1n valuados en aproximadamente Bs 40 mil. El robo se registr\u00f3 cerca de las 5:00, cuando la alarma del establecimiento detect\u00f3 movimiento y [&hellip;]<\/p>\n","protected":false},"author":1,"featured_media":426600,"comment_status":"closed","ping_status":"open","sticky":false,"template":"","format":"standard","meta":{"_acf_changed":false,"footnotes":""},"categories":[39],"tags":[],"class_list":["post-426599","post","type-post","status-publish","format-standard","has-post-thumbnail","category-sociedad"],"acf":{"antetitulo":"Santa Cruz"},"yoast_head":"<!-- This site is optimized with the Yoast SEO plugin v28.3 - https:\/\/yoast.com\/product\/yoast-seo-wordpress\/ -->\n<title>Robo en \u00f3ptica deja un da\u00f1o de Bs 40 mil - El Diario - Bolivia<\/title>\n<meta name=\"robots\" content=\"index, follow, max-snippet:-1, max-image-preview:large, max-video-preview:-1\" \/>\n<link rel=\"canonical\" href=\"https:\/\/www.eldiario.net\/portal\/2026\/09\/01\/robo-en-optica-deja-un-dano-de-bs-40-mil\/\" \/>\n<meta property=\"og:locale\" content=\"es_ES\" \/>\n<meta property=\"og:type\" content=\"article\" \/>\n<meta property=\"og:title\" content=\"Robo en \u00f3ptica deja un da\u00f1o de Bs 40 mil - El Diario - Bolivia\" \/>\n<meta property=\"og:description\" content=\"Delincuentes ingresaron durante la madrugada de ayer a una \u00f3ptica de la calle Espa\u00f1a, en Santa Cruz de la Sierra, y se llevaron tablets, monturas, gafas y otros art\u00edculos que en conjunto est\u00e1n valuados en aproximadamente Bs 40 mil. El robo se registr\u00f3 cerca de las 5:00, cuando la alarma del establecimiento detect\u00f3 movimiento y [&hellip;]\" \/>\n<meta property=\"og:url\" content=\"https:\/\/www.eldiario.net\/portal\/2026\/09\/01\/robo-en-optica-deja-un-dano-de-bs-40-mil\/\" \/>\n<meta property=\"og:site_name\" content=\"El Diario - Bolivia\" \/>\n<meta property=\"article:publisher\" content=\"https:\/\/www.facebook.com\/eldiario.bolivia\/\" \/>\n<meta property=\"article:published_time\" content=\"2026-09-01T10:28:13+00:00\" \/>\n<meta property=\"og:image\" content=\"https:\/\/www.eldiario.net\/portal\/wp-content\/uploads\/2026\/09\/ROBO-FOTO-scaled.webp\" \/>\n\t<meta property=\"og:image:width\" content=\"2560\" \/>\n\t<meta property=\"og:image:height\" content=\"1469\" \/>\n\t<meta property=\"og:image:type\" content=\"image\/webp\" \/>\n<meta name=\"author\" content=\"Jeanette\" \/>\n<meta name=\"twitter:card\" content=\"summary_large_image\" \/>\n<meta name=\"twitter:creator\" content=\"@eldiario_net\" \/>\n<meta name=\"twitter:site\" content=\"@eldiario_net\" \/>\n<meta name=\"twitter:label1\" content=\"Escrito por\" \/>\n\t<meta name=\"twitter:data1\" content=\"Jeanette\" \/>\n\t<meta name=\"twitter:label2\" content=\"Tiempo de lectura\" \/>\n\t<meta name=\"twitter:data2\" content=\"2 minutos\" \/>\n<script type=\"application\/ld+json\" class=\"yoast-schema-graph\">{\"@context\":\"https:\\\/\\\/schema.org\",\"@graph\":[{\"@type\":\"Article\",\"@id\":\"https:\\\/\\\/www.eldiario.net\\\/portal\\\/2026\\\/09\\\/01\\\/robo-en-optica-deja-un-dano-de-bs-40-mil\\\/#article\",\"isPartOf\":{\"@id\":\"https:\\\/\\\/www.eldiario.net\\\/portal\\\/2026\\\/09\\\/01\\\/robo-en-optica-deja-un-dano-de-bs-40-mil\\\/\"},\"author\":{\"name\":\"Jeanette\",\"@id\":\"https:\\\/\\\/www.eldiario.net\\\/portal\\\/#\\\/schema\\\/person\\\/f46445640444750d7d753ccd04ae01b7\"},\"headline\":\"Robo en \u00f3ptica deja un da\u00f1o de Bs 40 mil\",\"datePublished\":\"2026-09-01T10:28:13+00:00\",\"mainEntityOfPage\":{\"@id\":\"https:\\\/\\\/www.eldiario.net\\\/portal\\\/2026\\\/09\\\/01\\\/robo-en-optica-deja-un-dano-de-bs-40-mil\\\/\"},\"wordCount\":306,\"publisher\":{\"@id\":\"https:\\\/\\\/www.eldiario.net\\\/portal\\\/#organization\"},\"image\":{\"@id\":\"https:\\\/\\\/www.eldiario.net\\\/portal\\\/2026\\\/09\\\/01\\\/robo-en-optica-deja-un-dano-de-bs-40-mil\\\/#primaryimage\"},\"thumbnailUrl\":\"https:\\\/\\\/www.eldiario.net\\\/portal\\\/wp-content\\\/uploads\\\/2026\\\/09\\\/ROBO-FOTO-scaled.webp\",\"articleSection\":[\"Sociedad - Seguridad\"],\"inLanguage\":\"es\"},{\"@type\":\"WebPage\",\"@id\":\"https:\\\/\\\/www.eldiario.net\\\/portal\\\/2026\\\/09\\\/01\\\/robo-en-optica-deja-un-dano-de-bs-40-mil\\\/\",\"url\":\"https:\\\/\\\/www.eldiario.net\\\/portal\\\/2026\\\/09\\\/01\\\/robo-en-optica-deja-un-dano-de-bs-40-mil\\\/\",\"name\":\"Robo en \u00f3ptica deja un da\u00f1o de Bs 40 mil - El Diario - Bolivia\",\"isPartOf\":{\"@id\":\"https:\\\/\\\/www.eldiario.net\\\/portal\\\/#website\"},\"primaryImageOfPage\":{\"@id\":\"https:\\\/\\\/www.eldiario.net\\\/portal\\\/2026\\\/09\\\/01\\\/robo-en-optica-deja-un-dano-de-bs-40-mil\\\/#primaryimage\"},\"image\":{\"@id\":\"https:\\\/\\\/www.eldiario.net\\\/portal\\\/2026\\\/09\\\/01\\\/robo-en-optica-deja-un-dano-de-bs-40-mil\\\/#primaryimage\"},\"thumbnailUrl\":\"https:\\\/\\\/www.eldiario.net\\\/portal\\\/wp-content\\\/uploads\\\/2026\\\/09\\\/ROBO-FOTO-scaled.webp\",\"datePublished\":\"2026-09-01T10:28:13+00:00\",\"breadcrumb\":{\"@id\":\"https:\\\/\\\/www.eldiario.net\\\/portal\\\/2026\\\/09\\\/01\\\/robo-en-optica-deja-un-dano-de-bs-40-mil\\\/#breadcrumb\"},\"inLanguage\":\"es\",\"potentialAction\":[{\"@type\":\"ReadAction\",\"target\":[\"https:\\\/\\\/www.eldiario.net\\\/portal\\\/2026\\\/09\\\/01\\\/robo-en-optica-deja-un-dano-de-bs-40-mil\\\/\"]}]},{\"@type\":\"ImageObject\",\"inLanguage\":\"es\",\"@id\":\"https:\\\/\\\/www.eldiario.net\\\/portal\\\/2026\\\/09\\\/01\\\/robo-en-optica-deja-un-dano-de-bs-40-mil\\\/#primaryimage\",\"url\":\"https:\\\/\\\/www.eldiario.net\\\/portal\\\/wp-content\\\/uploads\\\/2026\\\/09\\\/ROBO-FOTO-scaled.webp\",\"contentUrl\":\"https:\\\/\\\/www.eldiario.net\\\/portal\\\/wp-content\\\/uploads\\\/2026\\\/09\\\/ROBO-FOTO-scaled.webp\",\"width\":2560,\"height\":1469,\"caption\":\"C\u00e1maras de seguridad registraron a un sujeto sustrayendo objetos del negocio. Cr\u00e9dito de foto: Captura video\"},{\"@type\":\"BreadcrumbList\",\"@id\":\"https:\\\/\\\/www.eldiario.net\\\/portal\\\/2026\\\/09\\\/01\\\/robo-en-optica-deja-un-dano-de-bs-40-mil\\\/#breadcrumb\",\"itemListElement\":[{\"@type\":\"ListItem\",\"position\":1,\"name\":\"Portada\",\"item\":\"https:\\\/\\\/www.eldiario.net\\\/portal\\\/\"},{\"@type\":\"ListItem\",\"position\":2,\"name\":\"Robo en \u00f3ptica deja un da\u00f1o de Bs 40 mil\"}]},{\"@type\":\"WebSite\",\"@id\":\"https:\\\/\\\/www.eldiario.net\\\/portal\\\/#website\",\"url\":\"https:\\\/\\\/www.eldiario.net\\\/portal\\\/\",\"name\":\"El Diario - Decano de la prensa nacional\",\"description\":\"El Diario - Decano de la prensa nacional\",\"publisher\":{\"@id\":\"https:\\\/\\\/www.eldiario.net\\\/portal\\\/#organization\"},\"potentialAction\":[{\"@type\":\"SearchAction\",\"target\":{\"@type\":\"EntryPoint\",\"urlTemplate\":\"https:\\\/\\\/www.eldiario.net\\\/portal\\\/?s={search_term_string}\"},\"query-input\":{\"@type\":\"PropertyValueSpecification\",\"valueRequired\":true,\"valueName\":\"search_term_string\"}}],\"inLanguage\":\"es\"},{\"@type\":\"Organization\",\"@id\":\"https:\\\/\\\/www.eldiario.net\\\/portal\\\/#organization\",\"name\":\"El Diario - Decano de la prensa nacional\",\"url\":\"https:\\\/\\\/www.eldiario.net\\\/portal\\\/\",\"logo\":{\"@type\":\"ImageObject\",\"inLanguage\":\"es\",\"@id\":\"https:\\\/\\\/www.eldiario.net\\\/portal\\\/#\\\/schema\\\/logo\\\/image\\\/\",\"url\":\"https:\\\/\\\/www.eldiario.net\\\/portal\\\/wp-content\\\/uploads\\\/2023\\\/07\\\/logo_ED.jpg\",\"contentUrl\":\"https:\\\/\\\/www.eldiario.net\\\/portal\\\/wp-content\\\/uploads\\\/2023\\\/07\\\/logo_ED.jpg\",\"width\":272,\"height\":52,\"caption\":\"El Diario - Decano de la prensa nacional\"},\"image\":{\"@id\":\"https:\\\/\\\/www.eldiario.net\\\/portal\\\/#\\\/schema\\\/logo\\\/image\\\/\"},\"sameAs\":[\"https:\\\/\\\/www.facebook.com\\\/eldiario.bolivia\\\/\",\"https:\\\/\\\/x.com\\\/eldiario_net\"]},{\"@type\":\"Person\",\"@id\":\"https:\\\/\\\/www.eldiario.net\\\/portal\\\/#\\\/schema\\\/person\\\/f46445640444750d7d753ccd04ae01b7\",\"name\":\"Jeanette\",\"image\":{\"@type\":\"ImageObject\",\"inLanguage\":\"es\",\"@id\":\"https:\\\/\\\/secure.gravatar.com\\\/avatar\\\/3ea2118a5f7dad2b7138b1187a6b7ee55f160b9968b66013c3a3ef39dd7e5798?s=96&d=mm&r=g\",\"url\":\"https:\\\/\\\/secure.gravatar.com\\\/avatar\\\/3ea2118a5f7dad2b7138b1187a6b7ee55f160b9968b66013c3a3ef39dd7e5798?s=96&d=mm&r=g\",\"contentUrl\":\"https:\\\/\\\/secure.gravatar.com\\\/avatar\\\/3ea2118a5f7dad2b7138b1187a6b7ee55f160b9968b66013c3a3ef39dd7e5798?s=96&d=mm&r=g\",\"caption\":\"Jeanette\"},\"sameAs\":[\"https:\\\/\\\/www.eldiario.net\\\/portal\"],\"url\":\"https:\\\/\\\/www.eldiario.net\\\/portal\\\/author\\\/jeanette\\\/\"}]}<\/script>\n<!-- \/ Yoast SEO plugin. -->","yoast_head_json":{"title":"Robo en \u00f3ptica deja un da\u00f1o de Bs 40 mil - El Diario - Bolivia","robots":{"index":"index","follow":"follow","max-snippet":"max-snippet:-1","max-image-preview":"max-image-preview:large","max-video-preview":"max-video-preview:-1"},"canonical":"https:\/\/www.eldiario.net\/portal\/2026\/09\/01\/robo-en-optica-deja-un-dano-de-bs-40-mil\/","og_locale":"es_ES","og_type":"article","og_title":"Robo en \u00f3ptica deja un da\u00f1o de Bs 40 mil - El Diario - Bolivia","og_description":"Delincuentes ingresaron durante la madrugada de ayer a una \u00f3ptica de la calle Espa\u00f1a, en Santa Cruz de la Sierra, y se llevaron tablets, monturas, gafas y otros art\u00edculos que en conjunto est\u00e1n valuados en aproximadamente Bs 40 mil. El robo se registr\u00f3 cerca de las 5:00, cuando la alarma del establecimiento detect\u00f3 movimiento y [&hellip;]","og_url":"https:\/\/www.eldiario.net\/portal\/2026\/09\/01\/robo-en-optica-deja-un-dano-de-bs-40-mil\/","og_site_name":"El Diario - Bolivia","article_publisher":"https:\/\/www.facebook.com\/eldiario.bolivia\/","article_published_time":"2026-09-01T10:28:13+00:00","og_image":[{"width":2560,"height":1469,"url":"https:\/\/www.eldiario.net\/portal\/wp-content\/uploads\/2026\/09\/ROBO-FOTO-scaled.webp","type":"image\/webp"}],"author":"Jeanette","twitter_card":"summary_large_image","twitter_creator":"@eldiario_net","twitter_site":"@eldiario_net","twitter_misc":{"Escrito por":"Jeanette","Tiempo de lectura":"2 minutos"},"schema":{"@context":"https:\/\/schema.org","@graph":[{"@type":"Article","@id":"https:\/\/www.eldiario.net\/portal\/2026\/09\/01\/robo-en-optica-deja-un-dano-de-bs-40-mil\/#article","isPartOf":{"@id":"https:\/\/www.eldiario.net\/portal\/2026\/09\/01\/robo-en-optica-deja-un-dano-de-bs-40-mil\/"},"author":{"name":"Jeanette","@id":"https:\/\/www.eldiario.net\/portal\/#\/schema\/person\/f46445640444750d7d753ccd04ae01b7"},"headline":"Robo en \u00f3ptica deja un da\u00f1o de Bs 40 mil","datePublished":"2026-09-01T10:28:13+00:00","mainEntityOfPage":{"@id":"https:\/\/www.eldiario.net\/portal\/2026\/09\/01\/robo-en-optica-deja-un-dano-de-bs-40-mil\/"},"wordCount":306,"publisher":{"@id":"https:\/\/www.eldiario.net\/portal\/#organization"},"image":{"@id":"https:\/\/www.eldiario.net\/portal\/2026\/09\/01\/robo-en-optica-deja-un-dano-de-bs-40-mil\/#primaryimage"},"thumbnailUrl":"https:\/\/www.eldiario.net\/portal\/wp-content\/uploads\/2026\/09\/ROBO-FOTO-scaled.webp","articleSection":["Sociedad - Seguridad"],"inLanguage":"es"},{"@type":"WebPage","@id":"https:\/\/www.eldiario.net\/portal\/2026\/09\/01\/robo-en-optica-deja-un-dano-de-bs-40-mil\/","url":"https:\/\/www.eldiario.net\/portal\/2026\/09\/01\/robo-en-optica-deja-un-dano-de-bs-40-mil\/","name":"Robo en \u00f3ptica deja un da\u00f1o de Bs 40 mil - El Diario - Bolivia","isPartOf":{"@id":"https:\/\/www.eldiario.net\/portal\/#website"},"primaryImageOfPage":{"@id":"https:\/\/www.eldiario.net\/portal\/2026\/09\/01\/robo-en-optica-deja-un-dano-de-bs-40-mil\/#primaryimage"},"image":{"@id":"https:\/\/www.eldiario.net\/portal\/2026\/09\/01\/robo-en-optica-deja-un-dano-de-bs-40-mil\/#primaryimage"},"thumbnailUrl":"https:\/\/www.eldiario.net\/portal\/wp-content\/uploads\/2026\/09\/ROBO-FOTO-scaled.webp","datePublished":"2026-09-01T10:28:13+00:00","breadcrumb":{"@id":"https:\/\/www.eldiario.net\/portal\/2026\/09\/01\/robo-en-optica-deja-un-dano-de-bs-40-mil\/#breadcrumb"},"inLanguage":"es","potentialAction":[{"@type":"ReadAction","target":["https:\/\/www.eldiario.net\/portal\/2026\/09\/01\/robo-en-optica-deja-un-dano-de-bs-40-mil\/"]}]},{"@type":"ImageObject","inLanguage":"es","@id":"https:\/\/www.eldiario.net\/portal\/2026\/09\/01\/robo-en-optica-deja-un-dano-de-bs-40-mil\/#primaryimage","url":"https:\/\/www.eldiario.net\/portal\/wp-content\/uploads\/2026\/09\/ROBO-FOTO-scaled.webp","contentUrl":"https:\/\/www.eldiario.net\/portal\/wp-content\/uploads\/2026\/09\/ROBO-FOTO-scaled.webp","width":2560,"height":1469,"caption":"C\u00e1maras de seguridad registraron a un sujeto sustrayendo objetos del negocio. Cr\u00e9dito de foto: Captura video"},{"@type":"BreadcrumbList","@id":"https:\/\/www.eldiario.net\/portal\/2026\/09\/01\/robo-en-optica-deja-un-dano-de-bs-40-mil\/#breadcrumb","itemListElement":[{"@type":"ListItem","position":1,"name":"Portada","item":"https:\/\/www.eldiario.net\/portal\/"},{"@type":"ListItem","position":2,"name":"Robo en \u00f3ptica deja un da\u00f1o de Bs 40 mil"}]},{"@type":"WebSite","@id":"https:\/\/www.eldiario.net\/portal\/#website","url":"https:\/\/www.eldiario.net\/portal\/","name":"El Diario - Decano de la prensa nacional","description":"El Diario - Decano de la prensa nacional","publisher":{"@id":"https:\/\/www.eldiario.net\/portal\/#organization"},"potentialAction":[{"@type":"SearchAction","target":{"@type":"EntryPoint","urlTemplate":"https:\/\/www.eldiario.net\/portal\/?s={search_term_string}"},"query-input":{"@type":"PropertyValueSpecification","valueRequired":true,"valueName":"search_term_string"}}],"inLanguage":"es"},{"@type":"Organization","@id":"https:\/\/www.eldiario.net\/portal\/#organization","name":"El Diario - Decano de la prensa nacional","url":"https:\/\/www.eldiario.net\/portal\/","logo":{"@type":"ImageObject","inLanguage":"es","@id":"https:\/\/www.eldiario.net\/portal\/#\/schema\/logo\/image\/","url":"https:\/\/www.eldiario.net\/portal\/wp-content\/uploads\/2023\/07\/logo_ED.jpg","contentUrl":"https:\/\/www.eldiario.net\/portal\/wp-content\/uploads\/2023\/07\/logo_ED.jpg","width":272,"height":52,"caption":"El Diario - Decano de la prensa nacional"},"image":{"@id":"https:\/\/www.eldiario.net\/portal\/#\/schema\/logo\/image\/"},"sameAs":["https:\/\/www.facebook.com\/eldiario.bolivia\/","https:\/\/x.com\/eldiario_net"]},{"@type":"Person","@id":"https:\/\/www.eldiario.net\/portal\/#\/schema\/person\/f46445640444750d7d753ccd04ae01b7","name":"Jeanette","image":{"@type":"ImageObject","inLanguage":"es","@id":"https:\/\/secure.gravatar.com\/avatar\/3ea2118a5f7dad2b7138b1187a6b7ee55f160b9968b66013c3a3ef39dd7e5798?s=96&d=mm&r=g","url":"https:\/\/secure.gravatar.com\/avatar\/3ea2118a5f7dad2b7138b1187a6b7ee55f160b9968b66013c3a3ef39dd7e5798?s=96&d=mm&r=g","contentUrl":"https:\/\/secure.gravatar.com\/avatar\/3ea2118a5f7dad2b7138b1187a6b7ee55f160b9968b66013c3a3ef39dd7e5798?s=96&d=mm&r=g","caption":"Jeanette"},"sameAs":["https:\/\/www.eldiario.net\/portal"],"url":"https:\/\/www.eldiario.net\/portal\/author\/jeanette\/"}]}},"_links":{"self":[{"href":"https:\/\/www.eldiario.net\/portal\/wp-json\/wp\/v2\/posts\/426599","targetHints":{"allow":["GET"]}}],"collection":[{"href":"https:\/\/www.eldiario.net\/portal\/wp-json\/wp\/v2\/posts"}],"about":[{"href":"https:\/\/www.eldiario.net\/portal\/wp-json\/wp\/v2\/types\/post"}],"author":[{"embeddable":true,"href":"https:\/\/www.eldiario.net\/portal\/wp-json\/wp\/v2\/users\/1"}],"replies":[{"embeddable":true,"href":"https:\/\/www.eldiario.net\/portal\/wp-json\/wp\/v2\/comments?post=426599"}],"version-history":[{"count":1,"href":"https:\/\/www.eldiario.net\/portal\/wp-json\/wp\/v2\/posts\/426599\/revisions"}],"predecessor-version":[{"id":426601,"href":"https:\/\/www.eldiario.net\/portal\/wp-json\/wp\/v2\/posts\/426599\/revisions\/426601"}],"wp:featuredmedia":[{"embeddable":true,"href":"https:\/\/www.eldiario.net\/portal\/wp-json\/wp\/v2\/media\/426600"}],"wp:attachment":[{"href":"https:\/\/www.eldiario.net\/portal\/wp-json\/wp\/v2\/media?parent=426599"}],"wp:term":[{"taxonomy":"category","embeddable":true,"href":"https:\/\/www.eldiario.net\/portal\/wp-json\/wp\/v2\/categories?post=426599"},{"taxonomy":"post_tag","embeddable":true,"href":"https:\/\/www.eldiario.net\/portal\/wp-json\/wp\/v2\/tags?post=426599"}],"curies":[{"name":"wp","href":"https:\/\/api.w.org\/{rel}","templated":true}]}}